{"id":31128,"date":"2023-12-20T17:34:11","date_gmt":"2023-12-20T20:34:11","guid":{"rendered":"https:\/\/cvinoticias.com\/v3\/?p=31128"},"modified":"2023-12-20T17:34:11","modified_gmt":"2023-12-20T20:34:11","slug":"milei-monitorea-la-marcha-piquetera-desde-el-departamento-de-policia","status":"publish","type":"post","link":"https:\/\/cvinoticias.com\/v3\/milei-monitorea-la-marcha-piquetera-desde-el-departamento-de-policia\/","title":{"rendered":"Milei monitorea la marcha piquetera desde el Departamento de Polic\u00eda"},"content":{"rendered":"\n<p><strong><em>A minutos de iniciado el grueso de la movilizaci\u00f3n que despliega este mi\u00e9rcoles Unidad Piquetera, el Presidente Javier Milei se traslad\u00f3 esta tarde al Departamento Central de Polic\u00eda para monitorear el operativo antipiquete.<\/em><\/strong><\/p>\n\n\n\n<p>Antes hab\u00edan ingresado a la central policial la ministra de Seguridad, Patricia Bullrich y la titular de Capital Humano, Sandra Pettovello. El inicio de la manifestaci\u00f3n fue de mucha tensi\u00f3n, porque la polic\u00eda intent\u00f3 disuadir.<\/p>\n\n\n\n<p>El jefe de Estado lleg\u00f3 al edificio junto a su hermana y secretaria general de la Presidencia, Karina Milei.<\/p>\n\n\n\n<figure class=\"wp-block-image size-full is-resized\"><a href=\"https:\/\/cvinoticias.com\/wp-content\/uploads\/2023\/12\/f608x342-494393_524116_0.jpeg\"><img decoding=\"async\" width=\"608\" height=\"342\" data-src=\"https:\/\/cvinoticias.com\/wp-content\/uploads\/2023\/12\/f608x342-494393_524116_0.jpeg\" alt=\"\" class=\"wp-image-31129 lazyload\" style=\"--smush-placeholder-width: 608px; --smush-placeholder-aspect-ratio: 608\/342;width:692px;height:auto\" data-srcset=\"https:\/\/cvinoticias.com\/wp-content\/uploads\/2023\/12\/f608x342-494393_524116_0.jpeg 608w, https:\/\/cvinoticias.com\/wp-content\/uploads\/2023\/12\/f608x342-494393_524116_0-300x169.jpeg 300w\" data-sizes=\"(max-width: 608px) 100vw, 608px\" src=\"data:image\/svg+xml;base64,PHN2ZyB3aWR0aD0iMSIgaGVpZ2h0PSIxIiB4bWxucz0iaHR0cDovL3d3dy53My5vcmcvMjAwMC9zdmciPjwvc3ZnPg==\" \/><\/a><\/figure>\n\n\n\n<p>\u201cEl balance es positivo porque no se cort\u00f3 la 9 de julio, ni el Metrob\u00fas\u201d, asegur\u00f3 el secretario de Seguridad porte\u00f1o, Diego Kravetz, qui\u00e9n a\u00f1adi\u00f3, que hasta el momento no hay ning\u00fan detenido.<\/p>\n\n\n\n<p>Minutos despu\u00e9s, la situaci\u00f3n alcanz\u00f3 un pico de m\u00e1xima tensi\u00f3n en Diagonal Norte, donde manifestantes se enfrentaron a golpes con la polic\u00eda al cortar por completo la calle. Tras el episodio, los efectivos se retiraron y la columna piquetera avanz\u00f3 hacia Plaza de Mayo.<\/p>\n\n\n\n<p>\u201cEstamos moviliz\u00e1ndonos contra el plan motosierra de Milei\u201d, asegur\u00f3 la dirigenta del Partido Obrero, Romina del Pl\u00e1. \u201cYa intentaron este tipo de ajuste otros gobiernos y se fueron en helic\u00f3ptero\u201d, remarc\u00f3 Cele Fierro.<\/p>\n\n\n\n<figure class=\"wp-block-image size-full is-resized\"><a href=\"https:\/\/cvinoticias.com\/wp-content\/uploads\/2023\/12\/f608x342-494392_524115_15.jpeg\"><img decoding=\"async\" width=\"608\" height=\"342\" data-src=\"https:\/\/cvinoticias.com\/wp-content\/uploads\/2023\/12\/f608x342-494392_524115_15.jpeg\" alt=\"\" class=\"wp-image-31130 lazyload\" style=\"--smush-placeholder-width: 608px; --smush-placeholder-aspect-ratio: 608\/342;width:686px;height:auto\" data-srcset=\"https:\/\/cvinoticias.com\/wp-content\/uploads\/2023\/12\/f608x342-494392_524115_15.jpeg 608w, https:\/\/cvinoticias.com\/wp-content\/uploads\/2023\/12\/f608x342-494392_524115_15-300x169.jpeg 300w\" data-sizes=\"(max-width: 608px) 100vw, 608px\" src=\"data:image\/svg+xml;base64,PHN2ZyB3aWR0aD0iMSIgaGVpZ2h0PSIxIiB4bWxucz0iaHR0cDovL3d3dy53My5vcmcvMjAwMC9zdmciPjwvc3ZnPg==\" \/><\/a><\/figure>\n\n\n\n<p>Por su parte, el l\u00edder del Polo Obrero, Eduardo Belliboni, manifest\u00f3 que habl\u00f3 con Kravetz para que los dejen marchar a Plaza de Mayo. La Polic\u00eda les permite un acceso restringido. Se acercaba Gendarmer\u00eda a reforzar el control y avanzaban con los escudos.<\/p>\n\n\n\n<p>El Presidente ten\u00eda previsto para este mediod\u00eda una cadena nacional para explicar los puntos centrales de las reformas legislativas que impulsar\u00e1, sumando a los nuevos decretos.<\/p>\n\n\n\n<p>Sin embargo, desde la Casa Rosada anunciaron que ese mensaje se dar\u00e1 esta noche a las 21 horas.<\/p>\n","protected":false},"excerpt":{"rendered":"<p>A minutos de iniciado el grueso de la movilizaci\u00f3n que despliega este mi\u00e9rcoles Unidad Piquetera, el Presidente Javier Milei se traslad\u00f3 esta tarde al Departamento Central de Polic\u00eda para monitorear el operativo antipiquete. Antes hab\u00edan ingresado a la central policial la ministra de Seguridad, Patricia Bullrich y la titular de Capital Humano, Sandra Pettovello. El [&hellip;]<\/p>\n","protected":false},"author":2,"featured_media":31131,"comment_status":"open","ping_status":"open","sticky":false,"template":"","format":"standard","meta":{"footnotes":""},"categories":[39],"tags":[],"class_list":["post-31128","post","type-post","status-publish","format-standard","has-post-thumbnail","hentry","category-nacionales"],"yoast_head":"<!-- This site is optimized with the Yoast SEO plugin v27.5 - https:\/\/yoast.com\/product\/yoast-seo-wordpress\/ -->\n<title>Milei monitorea la marcha piquetera desde el Departamento de Polic\u00eda | CVI NOTICIAS<\/title>\n<meta name=\"robots\" content=\"index, follow, max-snippet:-1, max-image-preview:large, max-video-preview:-1\" \/>\n<link rel=\"canonical\" href=\"https:\/\/cvinoticias.com\/v3\/milei-monitorea-la-marcha-piquetera-desde-el-departamento-de-policia\/\" \/>\n<meta property=\"og:locale\" content=\"es_ES\" \/>\n<meta property=\"og:type\" content=\"article\" \/>\n<meta property=\"og:title\" content=\"Milei monitorea la marcha piquetera desde el Departamento de Polic\u00eda | CVI NOTICIAS\" \/>\n<meta property=\"og:description\" content=\"A minutos de iniciado el grueso de la movilizaci\u00f3n que despliega este mi\u00e9rcoles Unidad Piquetera, el Presidente Javier Milei se traslad\u00f3 esta tarde al Departamento Central de Polic\u00eda para monitorear el operativo antipiquete. Antes hab\u00edan ingresado a la central policial la ministra de Seguridad, Patricia Bullrich y la titular de Capital Humano, Sandra Pettovello. El [&hellip;]\" \/>\n<meta property=\"og:url\" content=\"https:\/\/cvinoticias.com\/v3\/milei-monitorea-la-marcha-piquetera-desde-el-departamento-de-policia\/\" \/>\n<meta property=\"og:site_name\" content=\"CVI NOTICIAS\" \/>\n<meta property=\"article:publisher\" content=\"https:\/\/www.facebook.com\/cvinoticias\" \/>\n<meta property=\"article:published_time\" content=\"2023-12-20T20:34:11+00:00\" \/>\n<meta property=\"og:image\" content=\"https:\/\/cvinoticias.com\/wp-content\/uploads\/2023\/12\/360-12-3.jpg\" \/>\n\t<meta property=\"og:image:width\" content=\"480\" \/>\n\t<meta property=\"og:image:height\" content=\"360\" \/>\n\t<meta property=\"og:image:type\" content=\"image\/jpeg\" \/>\n<meta name=\"author\" content=\"f1000024\" \/>\n<meta name=\"twitter:card\" content=\"summary_large_image\" \/>\n<meta name=\"twitter:label1\" content=\"Escrito por\" \/>\n\t<meta name=\"twitter:data1\" content=\"f1000024\" \/>\n\t<meta name=\"twitter:label2\" content=\"Tiempo de lectura\" \/>\n\t<meta name=\"twitter:data2\" content=\"2 minutos\" \/>\n<script type=\"application\/ld+json\" class=\"yoast-schema-graph\">{\"@context\":\"https:\\\/\\\/schema.org\",\"@graph\":[{\"@type\":\"Article\",\"@id\":\"https:\\\/\\\/cvinoticias.com\\\/v3\\\/milei-monitorea-la-marcha-piquetera-desde-el-departamento-de-policia\\\/#article\",\"isPartOf\":{\"@id\":\"https:\\\/\\\/cvinoticias.com\\\/v3\\\/milei-monitorea-la-marcha-piquetera-desde-el-departamento-de-policia\\\/\"},\"author\":{\"name\":\"f1000024\",\"@id\":\"https:\\\/\\\/cvinoticias.com\\\/v3\\\/#\\\/schema\\\/person\\\/2db77e3c6bc03c538495d7b2b8be9b66\"},\"headline\":\"Milei monitorea la marcha piquetera desde el Departamento de Polic\u00eda\",\"datePublished\":\"2023-12-20T20:34:11+00:00\",\"mainEntityOfPage\":{\"@id\":\"https:\\\/\\\/cvinoticias.com\\\/v3\\\/milei-monitorea-la-marcha-piquetera-desde-el-departamento-de-policia\\\/\"},\"wordCount\":317,\"commentCount\":0,\"publisher\":{\"@id\":\"https:\\\/\\\/cvinoticias.com\\\/v3\\\/#organization\"},\"image\":{\"@id\":\"https:\\\/\\\/cvinoticias.com\\\/v3\\\/milei-monitorea-la-marcha-piquetera-desde-el-departamento-de-policia\\\/#primaryimage\"},\"thumbnailUrl\":\"https:\\\/\\\/cvinoticias.com\\\/wp-content\\\/uploads\\\/2023\\\/12\\\/360-12-3.jpg\",\"articleSection\":[\"Nacionales\"],\"inLanguage\":\"es\",\"potentialAction\":[{\"@type\":\"CommentAction\",\"name\":\"Comment\",\"target\":[\"https:\\\/\\\/cvinoticias.com\\\/v3\\\/milei-monitorea-la-marcha-piquetera-desde-el-departamento-de-policia\\\/#respond\"]}]},{\"@type\":\"WebPage\",\"@id\":\"https:\\\/\\\/cvinoticias.com\\\/v3\\\/milei-monitorea-la-marcha-piquetera-desde-el-departamento-de-policia\\\/\",\"url\":\"https:\\\/\\\/cvinoticias.com\\\/v3\\\/milei-monitorea-la-marcha-piquetera-desde-el-departamento-de-policia\\\/\",\"name\":\"Milei monitorea la marcha piquetera desde el Departamento de Polic\u00eda | CVI NOTICIAS\",\"isPartOf\":{\"@id\":\"https:\\\/\\\/cvinoticias.com\\\/v3\\\/#website\"},\"primaryImageOfPage\":{\"@id\":\"https:\\\/\\\/cvinoticias.com\\\/v3\\\/milei-monitorea-la-marcha-piquetera-desde-el-departamento-de-policia\\\/#primaryimage\"},\"image\":{\"@id\":\"https:\\\/\\\/cvinoticias.com\\\/v3\\\/milei-monitorea-la-marcha-piquetera-desde-el-departamento-de-policia\\\/#primaryimage\"},\"thumbnailUrl\":\"https:\\\/\\\/cvinoticias.com\\\/wp-content\\\/uploads\\\/2023\\\/12\\\/360-12-3.jpg\",\"datePublished\":\"2023-12-20T20:34:11+00:00\",\"breadcrumb\":{\"@id\":\"https:\\\/\\\/cvinoticias.com\\\/v3\\\/milei-monitorea-la-marcha-piquetera-desde-el-departamento-de-policia\\\/#breadcrumb\"},\"inLanguage\":\"es\",\"potentialAction\":[{\"@type\":\"ReadAction\",\"target\":[\"https:\\\/\\\/cvinoticias.com\\\/v3\\\/milei-monitorea-la-marcha-piquetera-desde-el-departamento-de-policia\\\/\"]}]},{\"@type\":\"ImageObject\",\"inLanguage\":\"es\",\"@id\":\"https:\\\/\\\/cvinoticias.com\\\/v3\\\/milei-monitorea-la-marcha-piquetera-desde-el-departamento-de-policia\\\/#primaryimage\",\"url\":\"https:\\\/\\\/cvinoticias.com\\\/wp-content\\\/uploads\\\/2023\\\/12\\\/360-12-3.jpg\",\"contentUrl\":\"https:\\\/\\\/cvinoticias.com\\\/wp-content\\\/uploads\\\/2023\\\/12\\\/360-12-3.jpg\",\"width\":480,\"height\":360},{\"@type\":\"BreadcrumbList\",\"@id\":\"https:\\\/\\\/cvinoticias.com\\\/v3\\\/milei-monitorea-la-marcha-piquetera-desde-el-departamento-de-policia\\\/#breadcrumb\",\"itemListElement\":[{\"@type\":\"ListItem\",\"position\":1,\"name\":\"Portada\",\"item\":\"https:\\\/\\\/cvinoticias.com\\\/v3\\\/\"},{\"@type\":\"ListItem\",\"position\":2,\"name\":\"Milei monitorea la marcha piquetera desde el Departamento de Polic\u00eda\"}]},{\"@type\":\"WebSite\",\"@id\":\"https:\\\/\\\/cvinoticias.com\\\/v3\\\/#website\",\"url\":\"https:\\\/\\\/cvinoticias.com\\\/v3\\\/\",\"name\":\"CVI NOTICIAS\",\"description\":\"\",\"publisher\":{\"@id\":\"https:\\\/\\\/cvinoticias.com\\\/v3\\\/#organization\"},\"alternateName\":\"CVI\",\"potentialAction\":[{\"@type\":\"SearchAction\",\"target\":{\"@type\":\"EntryPoint\",\"urlTemplate\":\"https:\\\/\\\/cvinoticias.com\\\/v3\\\/?s={search_term_string}\"},\"query-input\":{\"@type\":\"PropertyValueSpecification\",\"valueRequired\":true,\"valueName\":\"search_term_string\"}}],\"inLanguage\":\"es\"},{\"@type\":\"Organization\",\"@id\":\"https:\\\/\\\/cvinoticias.com\\\/v3\\\/#organization\",\"name\":\"CVI NOTICIAS\",\"url\":\"https:\\\/\\\/cvinoticias.com\\\/v3\\\/\",\"logo\":{\"@type\":\"ImageObject\",\"inLanguage\":\"es\",\"@id\":\"https:\\\/\\\/cvinoticias.com\\\/v3\\\/#\\\/schema\\\/logo\\\/image\\\/\",\"url\":\"https:\\\/\\\/cvinoticias.com\\\/wp-content\\\/uploads\\\/2023\\\/04\\\/cropped-cropped-cropped-cropped-cropped-3-1.png\",\"contentUrl\":\"https:\\\/\\\/cvinoticias.com\\\/wp-content\\\/uploads\\\/2023\\\/04\\\/cropped-cropped-cropped-cropped-cropped-3-1.png\",\"width\":95,\"height\":122,\"caption\":\"CVI NOTICIAS\"},\"image\":{\"@id\":\"https:\\\/\\\/cvinoticias.com\\\/v3\\\/#\\\/schema\\\/logo\\\/image\\\/\"},\"sameAs\":[\"https:\\\/\\\/www.facebook.com\\\/cvinoticias\",\"https:\\\/\\\/www.instagram.com\\\/cvinoticias\\\/\",\"https:\\\/\\\/www.youtube.com\\\/@CVINOTICIAS\"]},{\"@type\":\"Person\",\"@id\":\"https:\\\/\\\/cvinoticias.com\\\/v3\\\/#\\\/schema\\\/person\\\/2db77e3c6bc03c538495d7b2b8be9b66\",\"name\":\"f1000024\",\"image\":{\"@type\":\"ImageObject\",\"inLanguage\":\"es\",\"@id\":\"https:\\\/\\\/secure.gravatar.com\\\/avatar\\\/d4fe7459cfc51ff5129ce1a732bbef5928568b8092d412ef95611616376bbeed?s=96&d=mm&r=g\",\"url\":\"https:\\\/\\\/secure.gravatar.com\\\/avatar\\\/d4fe7459cfc51ff5129ce1a732bbef5928568b8092d412ef95611616376bbeed?s=96&d=mm&r=g\",\"contentUrl\":\"https:\\\/\\\/secure.gravatar.com\\\/avatar\\\/d4fe7459cfc51ff5129ce1a732bbef5928568b8092d412ef95611616376bbeed?s=96&d=mm&r=g\",\"caption\":\"f1000024\"},\"url\":\"https:\\\/\\\/cvinoticias.com\\\/v3\\\/author\\\/f1000024\\\/\"}]}<\/script>\n<!-- \/ Yoast SEO plugin. -->","yoast_head_json":{"title":"Milei monitorea la marcha piquetera desde el Departamento de Polic\u00eda | CVI NOTICIAS","robots":{"index":"index","follow":"follow","max-snippet":"max-snippet:-1","max-image-preview":"max-image-preview:large","max-video-preview":"max-video-preview:-1"},"canonical":"https:\/\/cvinoticias.com\/v3\/milei-monitorea-la-marcha-piquetera-desde-el-departamento-de-policia\/","og_locale":"es_ES","og_type":"article","og_title":"Milei monitorea la marcha piquetera desde el Departamento de Polic\u00eda | CVI NOTICIAS","og_description":"A minutos de iniciado el grueso de la movilizaci\u00f3n que despliega este mi\u00e9rcoles Unidad Piquetera, el Presidente Javier Milei se traslad\u00f3 esta tarde al Departamento Central de Polic\u00eda para monitorear el operativo antipiquete. Antes hab\u00edan ingresado a la central policial la ministra de Seguridad, Patricia Bullrich y la titular de Capital Humano, Sandra Pettovello. El [&hellip;]","og_url":"https:\/\/cvinoticias.com\/v3\/milei-monitorea-la-marcha-piquetera-desde-el-departamento-de-policia\/","og_site_name":"CVI NOTICIAS","article_publisher":"https:\/\/www.facebook.com\/cvinoticias","article_published_time":"2023-12-20T20:34:11+00:00","og_image":[{"width":480,"height":360,"url":"https:\/\/cvinoticias.com\/wp-content\/uploads\/2023\/12\/360-12-3.jpg","type":"image\/jpeg"}],"author":"f1000024","twitter_card":"summary_large_image","twitter_misc":{"Escrito por":"f1000024","Tiempo de lectura":"2 minutos"},"schema":{"@context":"https:\/\/schema.org","@graph":[{"@type":"Article","@id":"https:\/\/cvinoticias.com\/v3\/milei-monitorea-la-marcha-piquetera-desde-el-departamento-de-policia\/#article","isPartOf":{"@id":"https:\/\/cvinoticias.com\/v3\/milei-monitorea-la-marcha-piquetera-desde-el-departamento-de-policia\/"},"author":{"name":"f1000024","@id":"https:\/\/cvinoticias.com\/v3\/#\/schema\/person\/2db77e3c6bc03c538495d7b2b8be9b66"},"headline":"Milei monitorea la marcha piquetera desde el Departamento de Polic\u00eda","datePublished":"2023-12-20T20:34:11+00:00","mainEntityOfPage":{"@id":"https:\/\/cvinoticias.com\/v3\/milei-monitorea-la-marcha-piquetera-desde-el-departamento-de-policia\/"},"wordCount":317,"commentCount":0,"publisher":{"@id":"https:\/\/cvinoticias.com\/v3\/#organization"},"image":{"@id":"https:\/\/cvinoticias.com\/v3\/milei-monitorea-la-marcha-piquetera-desde-el-departamento-de-policia\/#primaryimage"},"thumbnailUrl":"https:\/\/cvinoticias.com\/wp-content\/uploads\/2023\/12\/360-12-3.jpg","articleSection":["Nacionales"],"inLanguage":"es","potentialAction":[{"@type":"CommentAction","name":"Comment","target":["https:\/\/cvinoticias.com\/v3\/milei-monitorea-la-marcha-piquetera-desde-el-departamento-de-policia\/#respond"]}]},{"@type":"WebPage","@id":"https:\/\/cvinoticias.com\/v3\/milei-monitorea-la-marcha-piquetera-desde-el-departamento-de-policia\/","url":"https:\/\/cvinoticias.com\/v3\/milei-monitorea-la-marcha-piquetera-desde-el-departamento-de-policia\/","name":"Milei monitorea la marcha piquetera desde el Departamento de Polic\u00eda | CVI NOTICIAS","isPartOf":{"@id":"https:\/\/cvinoticias.com\/v3\/#website"},"primaryImageOfPage":{"@id":"https:\/\/cvinoticias.com\/v3\/milei-monitorea-la-marcha-piquetera-desde-el-departamento-de-policia\/#primaryimage"},"image":{"@id":"https:\/\/cvinoticias.com\/v3\/milei-monitorea-la-marcha-piquetera-desde-el-departamento-de-policia\/#primaryimage"},"thumbnailUrl":"https:\/\/cvinoticias.com\/wp-content\/uploads\/2023\/12\/360-12-3.jpg","datePublished":"2023-12-20T20:34:11+00:00","breadcrumb":{"@id":"https:\/\/cvinoticias.com\/v3\/milei-monitorea-la-marcha-piquetera-desde-el-departamento-de-policia\/#breadcrumb"},"inLanguage":"es","potentialAction":[{"@type":"ReadAction","target":["https:\/\/cvinoticias.com\/v3\/milei-monitorea-la-marcha-piquetera-desde-el-departamento-de-policia\/"]}]},{"@type":"ImageObject","inLanguage":"es","@id":"https:\/\/cvinoticias.com\/v3\/milei-monitorea-la-marcha-piquetera-desde-el-departamento-de-policia\/#primaryimage","url":"https:\/\/cvinoticias.com\/wp-content\/uploads\/2023\/12\/360-12-3.jpg","contentUrl":"https:\/\/cvinoticias.com\/wp-content\/uploads\/2023\/12\/360-12-3.jpg","width":480,"height":360},{"@type":"BreadcrumbList","@id":"https:\/\/cvinoticias.com\/v3\/milei-monitorea-la-marcha-piquetera-desde-el-departamento-de-policia\/#breadcrumb","itemListElement":[{"@type":"ListItem","position":1,"name":"Portada","item":"https:\/\/cvinoticias.com\/v3\/"},{"@type":"ListItem","position":2,"name":"Milei monitorea la marcha piquetera desde el Departamento de Polic\u00eda"}]},{"@type":"WebSite","@id":"https:\/\/cvinoticias.com\/v3\/#website","url":"https:\/\/cvinoticias.com\/v3\/","name":"CVI NOTICIAS","description":"","publisher":{"@id":"https:\/\/cvinoticias.com\/v3\/#organization"},"alternateName":"CVI","potentialAction":[{"@type":"SearchAction","target":{"@type":"EntryPoint","urlTemplate":"https:\/\/cvinoticias.com\/v3\/?s={search_term_string}"},"query-input":{"@type":"PropertyValueSpecification","valueRequired":true,"valueName":"search_term_string"}}],"inLanguage":"es"},{"@type":"Organization","@id":"https:\/\/cvinoticias.com\/v3\/#organization","name":"CVI NOTICIAS","url":"https:\/\/cvinoticias.com\/v3\/","logo":{"@type":"ImageObject","inLanguage":"es","@id":"https:\/\/cvinoticias.com\/v3\/#\/schema\/logo\/image\/","url":"https:\/\/cvinoticias.com\/wp-content\/uploads\/2023\/04\/cropped-cropped-cropped-cropped-cropped-3-1.png","contentUrl":"https:\/\/cvinoticias.com\/wp-content\/uploads\/2023\/04\/cropped-cropped-cropped-cropped-cropped-3-1.png","width":95,"height":122,"caption":"CVI NOTICIAS"},"image":{"@id":"https:\/\/cvinoticias.com\/v3\/#\/schema\/logo\/image\/"},"sameAs":["https:\/\/www.facebook.com\/cvinoticias","https:\/\/www.instagram.com\/cvinoticias\/","https:\/\/www.youtube.com\/@CVINOTICIAS"]},{"@type":"Person","@id":"https:\/\/cvinoticias.com\/v3\/#\/schema\/person\/2db77e3c6bc03c538495d7b2b8be9b66","name":"f1000024","image":{"@type":"ImageObject","inLanguage":"es","@id":"https:\/\/secure.gravatar.com\/avatar\/d4fe7459cfc51ff5129ce1a732bbef5928568b8092d412ef95611616376bbeed?s=96&d=mm&r=g","url":"https:\/\/secure.gravatar.com\/avatar\/d4fe7459cfc51ff5129ce1a732bbef5928568b8092d412ef95611616376bbeed?s=96&d=mm&r=g","contentUrl":"https:\/\/secure.gravatar.com\/avatar\/d4fe7459cfc51ff5129ce1a732bbef5928568b8092d412ef95611616376bbeed?s=96&d=mm&r=g","caption":"f1000024"},"url":"https:\/\/cvinoticias.com\/v3\/author\/f1000024\/"}]}},"_links":{"self":[{"href":"https:\/\/cvinoticias.com\/v3\/wp-json\/wp\/v2\/posts\/31128","targetHints":{"allow":["GET"]}}],"collection":[{"href":"https:\/\/cvinoticias.com\/v3\/wp-json\/wp\/v2\/posts"}],"about":[{"href":"https:\/\/cvinoticias.com\/v3\/wp-json\/wp\/v2\/types\/post"}],"author":[{"embeddable":true,"href":"https:\/\/cvinoticias.com\/v3\/wp-json\/wp\/v2\/users\/2"}],"replies":[{"embeddable":true,"href":"https:\/\/cvinoticias.com\/v3\/wp-json\/wp\/v2\/comments?post=31128"}],"version-history":[{"count":1,"href":"https:\/\/cvinoticias.com\/v3\/wp-json\/wp\/v2\/posts\/31128\/revisions"}],"predecessor-version":[{"id":31132,"href":"https:\/\/cvinoticias.com\/v3\/wp-json\/wp\/v2\/posts\/31128\/revisions\/31132"}],"wp:featuredmedia":[{"embeddable":true,"href":"https:\/\/cvinoticias.com\/v3\/wp-json\/wp\/v2\/media\/31131"}],"wp:attachment":[{"href":"https:\/\/cvinoticias.com\/v3\/wp-json\/wp\/v2\/media?parent=31128"}],"wp:term":[{"taxonomy":"category","embeddable":true,"href":"https:\/\/cvinoticias.com\/v3\/wp-json\/wp\/v2\/categories?post=31128"},{"taxonomy":"post_tag","embeddable":true,"href":"https:\/\/cvinoticias.com\/v3\/wp-json\/wp\/v2\/tags?post=31128"}],"curies":[{"name":"wp","href":"https:\/\/api.w.org\/{rel}","templated":true}]}}