{"id":31125,"date":"2023-12-20T16:29:32","date_gmt":"2023-12-20T19:29:32","guid":{"rendered":"https:\/\/cvinoticias.com\/v3\/?p=31125"},"modified":"2023-12-20T16:29:32","modified_gmt":"2023-12-20T19:29:32","slug":"los-piqueteros-empiezan-a-concentrarse-y-milei-llego-al-departamento-de-policia-para-apoyar-a-bullrich","status":"publish","type":"post","link":"https:\/\/cvinoticias.com\/v3\/los-piqueteros-empiezan-a-concentrarse-y-milei-llego-al-departamento-de-policia-para-apoyar-a-bullrich\/","title":{"rendered":"Los piqueteros empiezan a concentrarse y Milei lleg\u00f3 al departamento de Polic\u00eda para apoyar a Bullrich"},"content":{"rendered":"\n<p><strong><em>Organizaciones sociales comenzaron a concentrarse para marchar los alrededores de Casa Rosada. El Ministerio de Seguridad anticip\u00f3 que no permitir\u00e1 piquetes.<\/em><\/strong><\/p>\n\n\n\n<p>Mientras los manifestantes intentan desplazarse hacia Plaza de Mayo ocupando las calles, generando empujones y tensi\u00f3n con efectivos policiales, el presidente de la Naci\u00f3n, Javier Milei, lleg\u00f3 al departamento de polic\u00eda ubicado en el barrio porte\u00f1o de Monserrat. All\u00ed se reuni\u00f3 con la ministra de Seguridad, Patricia Bullrich, responsable m\u00e1xima del operativo que las fuerzas federales despliegan en la jornada.<\/p>\n\n\n\n<p>El presidente lleg\u00f3 a las 15:43 a la sede policial. Bullrich lo esper\u00f3 en el ingreso y ambos se dieron un abrazo, en un claro gesto de apoyo del jefe de Estado hacia la funcionaria, en la primera marcha de magnitud que enfrenta el gobierno nacional, a 10 d\u00edas de haber asumido.<\/p>\n\n\n\n<p>Los grupos piqueteros alteraron el recorrido previsto para poder lograr el objetivo de llegar a Plaza de Mayo. Para eso, evitaron dirigirse hace la avenida 9 de Julio, punto de encuentro tradicional, y se desplazaron desde Avenida Belgrano por Diagonal Sur. La polic\u00eda se dirigi\u00f3 a ese nuevo punto de encuentro, buscando imponer el criterio anunciado: que las personas caminen por la vereda, sin interrumpir el tr\u00e1nsito.<\/p>\n\n\n\n<p>Esto gener\u00f3 algunos disturbios menores, con insultos de parte de la gente a los uniformados. Durante esta marcha, no fueron cortados los puentes ni se cortaron, hasta el momento, las v\u00edas de circulaci\u00f3n.<\/p>\n","protected":false},"excerpt":{"rendered":"<p>Organizaciones sociales comenzaron a concentrarse para marchar los alrededores de Casa Rosada. El Ministerio de Seguridad anticip\u00f3 que no permitir\u00e1 piquetes. Mientras los manifestantes intentan desplazarse hacia Plaza de Mayo ocupando las calles, generando empujones y tensi\u00f3n con efectivos policiales, el presidente de la Naci\u00f3n, Javier Milei, lleg\u00f3 al departamento de polic\u00eda ubicado en el [&hellip;]<\/p>\n","protected":false},"author":2,"featured_media":31126,"comment_status":"open","ping_status":"open","sticky":false,"template":"","format":"standard","meta":{"footnotes":""},"categories":[39],"tags":[],"class_list":["post-31125","post","type-post","status-publish","format-standard","has-post-thumbnail","hentry","category-nacionales"],"yoast_head":"<!-- This site is optimized with the Yoast SEO plugin v27.5 - https:\/\/yoast.com\/product\/yoast-seo-wordpress\/ -->\n<title>Los piqueteros empiezan a concentrarse y Milei lleg\u00f3 al departamento de Polic\u00eda para apoyar a Bullrich | CVI NOTICIAS<\/title>\n<meta name=\"robots\" content=\"index, follow, max-snippet:-1, max-image-preview:large, max-video-preview:-1\" \/>\n<link rel=\"canonical\" href=\"https:\/\/cvinoticias.com\/v3\/los-piqueteros-empiezan-a-concentrarse-y-milei-llego-al-departamento-de-policia-para-apoyar-a-bullrich\/\" \/>\n<meta property=\"og:locale\" content=\"es_ES\" \/>\n<meta property=\"og:type\" content=\"article\" \/>\n<meta property=\"og:title\" content=\"Los piqueteros empiezan a concentrarse y Milei lleg\u00f3 al departamento de Polic\u00eda para apoyar a Bullrich | CVI NOTICIAS\" \/>\n<meta property=\"og:description\" content=\"Organizaciones sociales comenzaron a concentrarse para marchar los alrededores de Casa Rosada. El Ministerio de Seguridad anticip\u00f3 que no permitir\u00e1 piquetes. Mientras los manifestantes intentan desplazarse hacia Plaza de Mayo ocupando las calles, generando empujones y tensi\u00f3n con efectivos policiales, el presidente de la Naci\u00f3n, Javier Milei, lleg\u00f3 al departamento de polic\u00eda ubicado en el [&hellip;]\" \/>\n<meta property=\"og:url\" content=\"https:\/\/cvinoticias.com\/v3\/los-piqueteros-empiezan-a-concentrarse-y-milei-llego-al-departamento-de-policia-para-apoyar-a-bullrich\/\" \/>\n<meta property=\"og:site_name\" content=\"CVI NOTICIAS\" \/>\n<meta property=\"article:publisher\" content=\"https:\/\/www.facebook.com\/cvinoticias\" \/>\n<meta property=\"article:published_time\" content=\"2023-12-20T19:29:32+00:00\" \/>\n<meta property=\"og:image\" content=\"https:\/\/cvinoticias.com\/wp-content\/uploads\/2023\/12\/f608x342-494389_524112_0.jpeg\" \/>\n\t<meta property=\"og:image:width\" content=\"608\" \/>\n\t<meta property=\"og:image:height\" content=\"342\" \/>\n\t<meta property=\"og:image:type\" content=\"image\/jpeg\" \/>\n<meta name=\"author\" content=\"f1000024\" \/>\n<meta name=\"twitter:card\" content=\"summary_large_image\" \/>\n<meta name=\"twitter:label1\" content=\"Escrito por\" \/>\n\t<meta name=\"twitter:data1\" content=\"f1000024\" \/>\n\t<meta name=\"twitter:label2\" content=\"Tiempo de lectura\" \/>\n\t<meta name=\"twitter:data2\" content=\"1 minuto\" \/>\n<script type=\"application\/ld+json\" class=\"yoast-schema-graph\">{\"@context\":\"https:\\\/\\\/schema.org\",\"@graph\":[{\"@type\":\"Article\",\"@id\":\"https:\\\/\\\/cvinoticias.com\\\/v3\\\/los-piqueteros-empiezan-a-concentrarse-y-milei-llego-al-departamento-de-policia-para-apoyar-a-bullrich\\\/#article\",\"isPartOf\":{\"@id\":\"https:\\\/\\\/cvinoticias.com\\\/v3\\\/los-piqueteros-empiezan-a-concentrarse-y-milei-llego-al-departamento-de-policia-para-apoyar-a-bullrich\\\/\"},\"author\":{\"name\":\"f1000024\",\"@id\":\"https:\\\/\\\/cvinoticias.com\\\/v3\\\/#\\\/schema\\\/person\\\/2db77e3c6bc03c538495d7b2b8be9b66\"},\"headline\":\"Los piqueteros empiezan a concentrarse y Milei lleg\u00f3 al departamento de Polic\u00eda para apoyar a Bullrich\",\"datePublished\":\"2023-12-20T19:29:32+00:00\",\"mainEntityOfPage\":{\"@id\":\"https:\\\/\\\/cvinoticias.com\\\/v3\\\/los-piqueteros-empiezan-a-concentrarse-y-milei-llego-al-departamento-de-policia-para-apoyar-a-bullrich\\\/\"},\"wordCount\":257,\"commentCount\":0,\"publisher\":{\"@id\":\"https:\\\/\\\/cvinoticias.com\\\/v3\\\/#organization\"},\"image\":{\"@id\":\"https:\\\/\\\/cvinoticias.com\\\/v3\\\/los-piqueteros-empiezan-a-concentrarse-y-milei-llego-al-departamento-de-policia-para-apoyar-a-bullrich\\\/#primaryimage\"},\"thumbnailUrl\":\"https:\\\/\\\/cvinoticias.com\\\/wp-content\\\/uploads\\\/2023\\\/12\\\/f608x342-494389_524112_0.jpeg\",\"articleSection\":[\"Nacionales\"],\"inLanguage\":\"es\",\"potentialAction\":[{\"@type\":\"CommentAction\",\"name\":\"Comment\",\"target\":[\"https:\\\/\\\/cvinoticias.com\\\/v3\\\/los-piqueteros-empiezan-a-concentrarse-y-milei-llego-al-departamento-de-policia-para-apoyar-a-bullrich\\\/#respond\"]}]},{\"@type\":\"WebPage\",\"@id\":\"https:\\\/\\\/cvinoticias.com\\\/v3\\\/los-piqueteros-empiezan-a-concentrarse-y-milei-llego-al-departamento-de-policia-para-apoyar-a-bullrich\\\/\",\"url\":\"https:\\\/\\\/cvinoticias.com\\\/v3\\\/los-piqueteros-empiezan-a-concentrarse-y-milei-llego-al-departamento-de-policia-para-apoyar-a-bullrich\\\/\",\"name\":\"Los piqueteros empiezan a concentrarse y Milei lleg\u00f3 al departamento de Polic\u00eda para apoyar a Bullrich | CVI NOTICIAS\",\"isPartOf\":{\"@id\":\"https:\\\/\\\/cvinoticias.com\\\/v3\\\/#website\"},\"primaryImageOfPage\":{\"@id\":\"https:\\\/\\\/cvinoticias.com\\\/v3\\\/los-piqueteros-empiezan-a-concentrarse-y-milei-llego-al-departamento-de-policia-para-apoyar-a-bullrich\\\/#primaryimage\"},\"image\":{\"@id\":\"https:\\\/\\\/cvinoticias.com\\\/v3\\\/los-piqueteros-empiezan-a-concentrarse-y-milei-llego-al-departamento-de-policia-para-apoyar-a-bullrich\\\/#primaryimage\"},\"thumbnailUrl\":\"https:\\\/\\\/cvinoticias.com\\\/wp-content\\\/uploads\\\/2023\\\/12\\\/f608x342-494389_524112_0.jpeg\",\"datePublished\":\"2023-12-20T19:29:32+00:00\",\"breadcrumb\":{\"@id\":\"https:\\\/\\\/cvinoticias.com\\\/v3\\\/los-piqueteros-empiezan-a-concentrarse-y-milei-llego-al-departamento-de-policia-para-apoyar-a-bullrich\\\/#breadcrumb\"},\"inLanguage\":\"es\",\"potentialAction\":[{\"@type\":\"ReadAction\",\"target\":[\"https:\\\/\\\/cvinoticias.com\\\/v3\\\/los-piqueteros-empiezan-a-concentrarse-y-milei-llego-al-departamento-de-policia-para-apoyar-a-bullrich\\\/\"]}]},{\"@type\":\"ImageObject\",\"inLanguage\":\"es\",\"@id\":\"https:\\\/\\\/cvinoticias.com\\\/v3\\\/los-piqueteros-empiezan-a-concentrarse-y-milei-llego-al-departamento-de-policia-para-apoyar-a-bullrich\\\/#primaryimage\",\"url\":\"https:\\\/\\\/cvinoticias.com\\\/wp-content\\\/uploads\\\/2023\\\/12\\\/f608x342-494389_524112_0.jpeg\",\"contentUrl\":\"https:\\\/\\\/cvinoticias.com\\\/wp-content\\\/uploads\\\/2023\\\/12\\\/f608x342-494389_524112_0.jpeg\",\"width\":608,\"height\":342},{\"@type\":\"BreadcrumbList\",\"@id\":\"https:\\\/\\\/cvinoticias.com\\\/v3\\\/los-piqueteros-empiezan-a-concentrarse-y-milei-llego-al-departamento-de-policia-para-apoyar-a-bullrich\\\/#breadcrumb\",\"itemListElement\":[{\"@type\":\"ListItem\",\"position\":1,\"name\":\"Portada\",\"item\":\"https:\\\/\\\/cvinoticias.com\\\/v3\\\/\"},{\"@type\":\"ListItem\",\"position\":2,\"name\":\"Los piqueteros empiezan a concentrarse y Milei lleg\u00f3 al departamento de Polic\u00eda para apoyar a Bullrich\"}]},{\"@type\":\"WebSite\",\"@id\":\"https:\\\/\\\/cvinoticias.com\\\/v3\\\/#website\",\"url\":\"https:\\\/\\\/cvinoticias.com\\\/v3\\\/\",\"name\":\"CVI NOTICIAS\",\"description\":\"\",\"publisher\":{\"@id\":\"https:\\\/\\\/cvinoticias.com\\\/v3\\\/#organization\"},\"alternateName\":\"CVI\",\"potentialAction\":[{\"@type\":\"SearchAction\",\"target\":{\"@type\":\"EntryPoint\",\"urlTemplate\":\"https:\\\/\\\/cvinoticias.com\\\/v3\\\/?s={search_term_string}\"},\"query-input\":{\"@type\":\"PropertyValueSpecification\",\"valueRequired\":true,\"valueName\":\"search_term_string\"}}],\"inLanguage\":\"es\"},{\"@type\":\"Organization\",\"@id\":\"https:\\\/\\\/cvinoticias.com\\\/v3\\\/#organization\",\"name\":\"CVI NOTICIAS\",\"url\":\"https:\\\/\\\/cvinoticias.com\\\/v3\\\/\",\"logo\":{\"@type\":\"ImageObject\",\"inLanguage\":\"es\",\"@id\":\"https:\\\/\\\/cvinoticias.com\\\/v3\\\/#\\\/schema\\\/logo\\\/image\\\/\",\"url\":\"https:\\\/\\\/cvinoticias.com\\\/wp-content\\\/uploads\\\/2023\\\/04\\\/cropped-cropped-cropped-cropped-cropped-3-1.png\",\"contentUrl\":\"https:\\\/\\\/cvinoticias.com\\\/wp-content\\\/uploads\\\/2023\\\/04\\\/cropped-cropped-cropped-cropped-cropped-3-1.png\",\"width\":95,\"height\":122,\"caption\":\"CVI NOTICIAS\"},\"image\":{\"@id\":\"https:\\\/\\\/cvinoticias.com\\\/v3\\\/#\\\/schema\\\/logo\\\/image\\\/\"},\"sameAs\":[\"https:\\\/\\\/www.facebook.com\\\/cvinoticias\",\"https:\\\/\\\/www.instagram.com\\\/cvinoticias\\\/\",\"https:\\\/\\\/www.youtube.com\\\/@CVINOTICIAS\"]},{\"@type\":\"Person\",\"@id\":\"https:\\\/\\\/cvinoticias.com\\\/v3\\\/#\\\/schema\\\/person\\\/2db77e3c6bc03c538495d7b2b8be9b66\",\"name\":\"f1000024\",\"image\":{\"@type\":\"ImageObject\",\"inLanguage\":\"es\",\"@id\":\"https:\\\/\\\/secure.gravatar.com\\\/avatar\\\/d4fe7459cfc51ff5129ce1a732bbef5928568b8092d412ef95611616376bbeed?s=96&d=mm&r=g\",\"url\":\"https:\\\/\\\/secure.gravatar.com\\\/avatar\\\/d4fe7459cfc51ff5129ce1a732bbef5928568b8092d412ef95611616376bbeed?s=96&d=mm&r=g\",\"contentUrl\":\"https:\\\/\\\/secure.gravatar.com\\\/avatar\\\/d4fe7459cfc51ff5129ce1a732bbef5928568b8092d412ef95611616376bbeed?s=96&d=mm&r=g\",\"caption\":\"f1000024\"},\"url\":\"https:\\\/\\\/cvinoticias.com\\\/v3\\\/author\\\/f1000024\\\/\"}]}<\/script>\n<!-- \/ Yoast SEO plugin. -->","yoast_head_json":{"title":"Los piqueteros empiezan a concentrarse y Milei lleg\u00f3 al departamento de Polic\u00eda para apoyar a Bullrich | CVI NOTICIAS","robots":{"index":"index","follow":"follow","max-snippet":"max-snippet:-1","max-image-preview":"max-image-preview:large","max-video-preview":"max-video-preview:-1"},"canonical":"https:\/\/cvinoticias.com\/v3\/los-piqueteros-empiezan-a-concentrarse-y-milei-llego-al-departamento-de-policia-para-apoyar-a-bullrich\/","og_locale":"es_ES","og_type":"article","og_title":"Los piqueteros empiezan a concentrarse y Milei lleg\u00f3 al departamento de Polic\u00eda para apoyar a Bullrich | CVI NOTICIAS","og_description":"Organizaciones sociales comenzaron a concentrarse para marchar los alrededores de Casa Rosada. El Ministerio de Seguridad anticip\u00f3 que no permitir\u00e1 piquetes. Mientras los manifestantes intentan desplazarse hacia Plaza de Mayo ocupando las calles, generando empujones y tensi\u00f3n con efectivos policiales, el presidente de la Naci\u00f3n, Javier Milei, lleg\u00f3 al departamento de polic\u00eda ubicado en el [&hellip;]","og_url":"https:\/\/cvinoticias.com\/v3\/los-piqueteros-empiezan-a-concentrarse-y-milei-llego-al-departamento-de-policia-para-apoyar-a-bullrich\/","og_site_name":"CVI NOTICIAS","article_publisher":"https:\/\/www.facebook.com\/cvinoticias","article_published_time":"2023-12-20T19:29:32+00:00","og_image":[{"width":608,"height":342,"url":"https:\/\/cvinoticias.com\/wp-content\/uploads\/2023\/12\/f608x342-494389_524112_0.jpeg","type":"image\/jpeg"}],"author":"f1000024","twitter_card":"summary_large_image","twitter_misc":{"Escrito por":"f1000024","Tiempo de lectura":"1 minuto"},"schema":{"@context":"https:\/\/schema.org","@graph":[{"@type":"Article","@id":"https:\/\/cvinoticias.com\/v3\/los-piqueteros-empiezan-a-concentrarse-y-milei-llego-al-departamento-de-policia-para-apoyar-a-bullrich\/#article","isPartOf":{"@id":"https:\/\/cvinoticias.com\/v3\/los-piqueteros-empiezan-a-concentrarse-y-milei-llego-al-departamento-de-policia-para-apoyar-a-bullrich\/"},"author":{"name":"f1000024","@id":"https:\/\/cvinoticias.com\/v3\/#\/schema\/person\/2db77e3c6bc03c538495d7b2b8be9b66"},"headline":"Los piqueteros empiezan a concentrarse y Milei lleg\u00f3 al departamento de Polic\u00eda para apoyar a Bullrich","datePublished":"2023-12-20T19:29:32+00:00","mainEntityOfPage":{"@id":"https:\/\/cvinoticias.com\/v3\/los-piqueteros-empiezan-a-concentrarse-y-milei-llego-al-departamento-de-policia-para-apoyar-a-bullrich\/"},"wordCount":257,"commentCount":0,"publisher":{"@id":"https:\/\/cvinoticias.com\/v3\/#organization"},"image":{"@id":"https:\/\/cvinoticias.com\/v3\/los-piqueteros-empiezan-a-concentrarse-y-milei-llego-al-departamento-de-policia-para-apoyar-a-bullrich\/#primaryimage"},"thumbnailUrl":"https:\/\/cvinoticias.com\/wp-content\/uploads\/2023\/12\/f608x342-494389_524112_0.jpeg","articleSection":["Nacionales"],"inLanguage":"es","potentialAction":[{"@type":"CommentAction","name":"Comment","target":["https:\/\/cvinoticias.com\/v3\/los-piqueteros-empiezan-a-concentrarse-y-milei-llego-al-departamento-de-policia-para-apoyar-a-bullrich\/#respond"]}]},{"@type":"WebPage","@id":"https:\/\/cvinoticias.com\/v3\/los-piqueteros-empiezan-a-concentrarse-y-milei-llego-al-departamento-de-policia-para-apoyar-a-bullrich\/","url":"https:\/\/cvinoticias.com\/v3\/los-piqueteros-empiezan-a-concentrarse-y-milei-llego-al-departamento-de-policia-para-apoyar-a-bullrich\/","name":"Los piqueteros empiezan a concentrarse y Milei lleg\u00f3 al departamento de Polic\u00eda para apoyar a Bullrich | CVI NOTICIAS","isPartOf":{"@id":"https:\/\/cvinoticias.com\/v3\/#website"},"primaryImageOfPage":{"@id":"https:\/\/cvinoticias.com\/v3\/los-piqueteros-empiezan-a-concentrarse-y-milei-llego-al-departamento-de-policia-para-apoyar-a-bullrich\/#primaryimage"},"image":{"@id":"https:\/\/cvinoticias.com\/v3\/los-piqueteros-empiezan-a-concentrarse-y-milei-llego-al-departamento-de-policia-para-apoyar-a-bullrich\/#primaryimage"},"thumbnailUrl":"https:\/\/cvinoticias.com\/wp-content\/uploads\/2023\/12\/f608x342-494389_524112_0.jpeg","datePublished":"2023-12-20T19:29:32+00:00","breadcrumb":{"@id":"https:\/\/cvinoticias.com\/v3\/los-piqueteros-empiezan-a-concentrarse-y-milei-llego-al-departamento-de-policia-para-apoyar-a-bullrich\/#breadcrumb"},"inLanguage":"es","potentialAction":[{"@type":"ReadAction","target":["https:\/\/cvinoticias.com\/v3\/los-piqueteros-empiezan-a-concentrarse-y-milei-llego-al-departamento-de-policia-para-apoyar-a-bullrich\/"]}]},{"@type":"ImageObject","inLanguage":"es","@id":"https:\/\/cvinoticias.com\/v3\/los-piqueteros-empiezan-a-concentrarse-y-milei-llego-al-departamento-de-policia-para-apoyar-a-bullrich\/#primaryimage","url":"https:\/\/cvinoticias.com\/wp-content\/uploads\/2023\/12\/f608x342-494389_524112_0.jpeg","contentUrl":"https:\/\/cvinoticias.com\/wp-content\/uploads\/2023\/12\/f608x342-494389_524112_0.jpeg","width":608,"height":342},{"@type":"BreadcrumbList","@id":"https:\/\/cvinoticias.com\/v3\/los-piqueteros-empiezan-a-concentrarse-y-milei-llego-al-departamento-de-policia-para-apoyar-a-bullrich\/#breadcrumb","itemListElement":[{"@type":"ListItem","position":1,"name":"Portada","item":"https:\/\/cvinoticias.com\/v3\/"},{"@type":"ListItem","position":2,"name":"Los piqueteros empiezan a concentrarse y Milei lleg\u00f3 al departamento de Polic\u00eda para apoyar a Bullrich"}]},{"@type":"WebSite","@id":"https:\/\/cvinoticias.com\/v3\/#website","url":"https:\/\/cvinoticias.com\/v3\/","name":"CVI NOTICIAS","description":"","publisher":{"@id":"https:\/\/cvinoticias.com\/v3\/#organization"},"alternateName":"CVI","potentialAction":[{"@type":"SearchAction","target":{"@type":"EntryPoint","urlTemplate":"https:\/\/cvinoticias.com\/v3\/?s={search_term_string}"},"query-input":{"@type":"PropertyValueSpecification","valueRequired":true,"valueName":"search_term_string"}}],"inLanguage":"es"},{"@type":"Organization","@id":"https:\/\/cvinoticias.com\/v3\/#organization","name":"CVI NOTICIAS","url":"https:\/\/cvinoticias.com\/v3\/","logo":{"@type":"ImageObject","inLanguage":"es","@id":"https:\/\/cvinoticias.com\/v3\/#\/schema\/logo\/image\/","url":"https:\/\/cvinoticias.com\/wp-content\/uploads\/2023\/04\/cropped-cropped-cropped-cropped-cropped-3-1.png","contentUrl":"https:\/\/cvinoticias.com\/wp-content\/uploads\/2023\/04\/cropped-cropped-cropped-cropped-cropped-3-1.png","width":95,"height":122,"caption":"CVI NOTICIAS"},"image":{"@id":"https:\/\/cvinoticias.com\/v3\/#\/schema\/logo\/image\/"},"sameAs":["https:\/\/www.facebook.com\/cvinoticias","https:\/\/www.instagram.com\/cvinoticias\/","https:\/\/www.youtube.com\/@CVINOTICIAS"]},{"@type":"Person","@id":"https:\/\/cvinoticias.com\/v3\/#\/schema\/person\/2db77e3c6bc03c538495d7b2b8be9b66","name":"f1000024","image":{"@type":"ImageObject","inLanguage":"es","@id":"https:\/\/secure.gravatar.com\/avatar\/d4fe7459cfc51ff5129ce1a732bbef5928568b8092d412ef95611616376bbeed?s=96&d=mm&r=g","url":"https:\/\/secure.gravatar.com\/avatar\/d4fe7459cfc51ff5129ce1a732bbef5928568b8092d412ef95611616376bbeed?s=96&d=mm&r=g","contentUrl":"https:\/\/secure.gravatar.com\/avatar\/d4fe7459cfc51ff5129ce1a732bbef5928568b8092d412ef95611616376bbeed?s=96&d=mm&r=g","caption":"f1000024"},"url":"https:\/\/cvinoticias.com\/v3\/author\/f1000024\/"}]}},"_links":{"self":[{"href":"https:\/\/cvinoticias.com\/v3\/wp-json\/wp\/v2\/posts\/31125","targetHints":{"allow":["GET"]}}],"collection":[{"href":"https:\/\/cvinoticias.com\/v3\/wp-json\/wp\/v2\/posts"}],"about":[{"href":"https:\/\/cvinoticias.com\/v3\/wp-json\/wp\/v2\/types\/post"}],"author":[{"embeddable":true,"href":"https:\/\/cvinoticias.com\/v3\/wp-json\/wp\/v2\/users\/2"}],"replies":[{"embeddable":true,"href":"https:\/\/cvinoticias.com\/v3\/wp-json\/wp\/v2\/comments?post=31125"}],"version-history":[{"count":1,"href":"https:\/\/cvinoticias.com\/v3\/wp-json\/wp\/v2\/posts\/31125\/revisions"}],"predecessor-version":[{"id":31127,"href":"https:\/\/cvinoticias.com\/v3\/wp-json\/wp\/v2\/posts\/31125\/revisions\/31127"}],"wp:featuredmedia":[{"embeddable":true,"href":"https:\/\/cvinoticias.com\/v3\/wp-json\/wp\/v2\/media\/31126"}],"wp:attachment":[{"href":"https:\/\/cvinoticias.com\/v3\/wp-json\/wp\/v2\/media?parent=31125"}],"wp:term":[{"taxonomy":"category","embeddable":true,"href":"https:\/\/cvinoticias.com\/v3\/wp-json\/wp\/v2\/categories?post=31125"},{"taxonomy":"post_tag","embeddable":true,"href":"https:\/\/cvinoticias.com\/v3\/wp-json\/wp\/v2\/tags?post=31125"}],"curies":[{"name":"wp","href":"https:\/\/api.w.org\/{rel}","templated":true}]}}