{"id":3112,"date":"2021-03-02T20:35:28","date_gmt":"2021-03-02T20:35:28","guid":{"rendered":"https:\/\/cvinoticias.com\/v3\/?p=3112"},"modified":"2021-03-02T20:35:28","modified_gmt":"2021-03-02T20:35:28","slug":"nuevamente-decomisaron-mercaderias-sin-aval-aduanero-en-puerto-rico","status":"publish","type":"post","link":"https:\/\/cvinoticias.com\/v3\/nuevamente-decomisaron-mercaderias-sin-aval-aduanero-en-puerto-rico\/","title":{"rendered":"Nuevamente decomisaron mercader\u00edas sin aval aduanero en Puerto Rico"},"content":{"rendered":"\n<p><strong><em>Sucedio este mediod\u00eda en un sitio conocido como Port\u00f3n Blanco, donde efectivos de las divisiones Comando Radioel\u00e9ctrico de Puerto Rico y Drogas Peligrosas de la Unidad Regional IV, decomisaron mercader\u00edas sin aval aduanero, valuadas aproximadamente en 46.600 pesos.<\/em><\/strong><\/p>\n\n\n\n<p>Los polic\u00edas realizaban operativos preventivos por la zona, y observaron a dos personas que transportaban dos bultos de color negro quienes al percatarse de la presencia policial, los arrojaron y se dieron a la fuga.<\/p>\n\n\n\n<p>Por ello, procedieron a requisar los abultajes y hallaron en ellos mercader\u00edas que no ten\u00edan el correspondiente aval que tras consultas con la delegaci\u00f3n Aduana de Posadas, dispuso el secuestro de la mercader\u00eda para seguir con los tr\u00e1mites de rigor.<\/p>\n\n\n\n<p>Cabe destacar que este \u00faltimo domingo, efectivos de las mismas dependencias realizaron un procedimiento similar en el mismo lugar donde tambi\u00e9n incautaron art\u00edculos que infring\u00edan la Ley de Aduanas.<\/p>\n","protected":false},"excerpt":{"rendered":"<p>Sucedio este mediod\u00eda en un sitio conocido como Port\u00f3n Blanco, donde efectivos de las divisiones Comando Radioel\u00e9ctrico de Puerto Rico y Drogas Peligrosas de la Unidad Regional IV, decomisaron mercader\u00edas sin aval aduanero, valuadas aproximadamente en 46.600 pesos. Los polic\u00edas realizaban operativos preventivos por la zona, y observaron a dos personas que transportaban dos bultos [&hellip;]<\/p>\n","protected":false},"author":2,"featured_media":3114,"comment_status":"open","ping_status":"open","sticky":false,"template":"","format":"standard","meta":{"footnotes":""},"categories":[41],"tags":[],"class_list":["post-3112","post","type-post","status-publish","format-standard","has-post-thumbnail","hentry","category-policiales"],"yoast_head":"<!-- This site is optimized with the Yoast SEO plugin v27.5 - https:\/\/yoast.com\/product\/yoast-seo-wordpress\/ -->\n<title>Nuevamente decomisaron mercader\u00edas sin aval aduanero en Puerto Rico | CVI NOTICIAS<\/title>\n<meta name=\"robots\" content=\"index, follow, max-snippet:-1, max-image-preview:large, max-video-preview:-1\" \/>\n<link rel=\"canonical\" href=\"https:\/\/cvinoticias.com\/v3\/nuevamente-decomisaron-mercaderias-sin-aval-aduanero-en-puerto-rico\/\" \/>\n<meta property=\"og:locale\" content=\"es_ES\" \/>\n<meta property=\"og:type\" content=\"article\" \/>\n<meta property=\"og:title\" content=\"Nuevamente decomisaron mercader\u00edas sin aval aduanero en Puerto Rico | CVI NOTICIAS\" \/>\n<meta property=\"og:description\" content=\"Sucedio este mediod\u00eda en un sitio conocido como Port\u00f3n Blanco, donde efectivos de las divisiones Comando Radioel\u00e9ctrico de Puerto Rico y Drogas Peligrosas de la Unidad Regional IV, decomisaron mercader\u00edas sin aval aduanero, valuadas aproximadamente en 46.600 pesos. Los polic\u00edas realizaban operativos preventivos por la zona, y observaron a dos personas que transportaban dos bultos [&hellip;]\" \/>\n<meta property=\"og:url\" content=\"https:\/\/cvinoticias.com\/v3\/nuevamente-decomisaron-mercaderias-sin-aval-aduanero-en-puerto-rico\/\" \/>\n<meta property=\"og:site_name\" content=\"CVI NOTICIAS\" \/>\n<meta property=\"article:publisher\" content=\"https:\/\/www.facebook.com\/cvinoticias\" \/>\n<meta property=\"article:published_time\" content=\"2021-03-02T20:35:28+00:00\" \/>\n<meta property=\"og:image\" content=\"https:\/\/cvinoticias.com\/wp-content\/uploads\/2021\/03\/FB_IMG_1614717055161.jpg\" \/>\n\t<meta property=\"og:image:width\" content=\"1040\" \/>\n\t<meta property=\"og:image:height\" content=\"780\" \/>\n\t<meta property=\"og:image:type\" content=\"image\/jpeg\" \/>\n<meta name=\"author\" content=\"f1000024\" \/>\n<meta name=\"twitter:card\" content=\"summary_large_image\" \/>\n<meta name=\"twitter:label1\" content=\"Escrito por\" \/>\n\t<meta name=\"twitter:data1\" content=\"f1000024\" \/>\n\t<meta name=\"twitter:label2\" content=\"Tiempo de lectura\" \/>\n\t<meta name=\"twitter:data2\" content=\"1 minuto\" \/>\n<script type=\"application\/ld+json\" class=\"yoast-schema-graph\">{\"@context\":\"https:\\\/\\\/schema.org\",\"@graph\":[{\"@type\":\"Article\",\"@id\":\"https:\\\/\\\/cvinoticias.com\\\/v3\\\/nuevamente-decomisaron-mercaderias-sin-aval-aduanero-en-puerto-rico\\\/#article\",\"isPartOf\":{\"@id\":\"https:\\\/\\\/cvinoticias.com\\\/v3\\\/nuevamente-decomisaron-mercaderias-sin-aval-aduanero-en-puerto-rico\\\/\"},\"author\":{\"name\":\"f1000024\",\"@id\":\"https:\\\/\\\/cvinoticias.com\\\/v3\\\/#\\\/schema\\\/person\\\/2db77e3c6bc03c538495d7b2b8be9b66\"},\"headline\":\"Nuevamente decomisaron mercader\u00edas sin aval aduanero en Puerto Rico\",\"datePublished\":\"2021-03-02T20:35:28+00:00\",\"mainEntityOfPage\":{\"@id\":\"https:\\\/\\\/cvinoticias.com\\\/v3\\\/nuevamente-decomisaron-mercaderias-sin-aval-aduanero-en-puerto-rico\\\/\"},\"wordCount\":164,\"commentCount\":0,\"publisher\":{\"@id\":\"https:\\\/\\\/cvinoticias.com\\\/v3\\\/#organization\"},\"image\":{\"@id\":\"https:\\\/\\\/cvinoticias.com\\\/v3\\\/nuevamente-decomisaron-mercaderias-sin-aval-aduanero-en-puerto-rico\\\/#primaryimage\"},\"thumbnailUrl\":\"https:\\\/\\\/cvinoticias.com\\\/wp-content\\\/uploads\\\/2021\\\/03\\\/FB_IMG_1614717055161.jpg\",\"articleSection\":[\"Policiales\"],\"inLanguage\":\"es\",\"potentialAction\":[{\"@type\":\"CommentAction\",\"name\":\"Comment\",\"target\":[\"https:\\\/\\\/cvinoticias.com\\\/v3\\\/nuevamente-decomisaron-mercaderias-sin-aval-aduanero-en-puerto-rico\\\/#respond\"]}]},{\"@type\":\"WebPage\",\"@id\":\"https:\\\/\\\/cvinoticias.com\\\/v3\\\/nuevamente-decomisaron-mercaderias-sin-aval-aduanero-en-puerto-rico\\\/\",\"url\":\"https:\\\/\\\/cvinoticias.com\\\/v3\\\/nuevamente-decomisaron-mercaderias-sin-aval-aduanero-en-puerto-rico\\\/\",\"name\":\"Nuevamente decomisaron mercader\u00edas sin aval aduanero en Puerto Rico | CVI NOTICIAS\",\"isPartOf\":{\"@id\":\"https:\\\/\\\/cvinoticias.com\\\/v3\\\/#website\"},\"primaryImageOfPage\":{\"@id\":\"https:\\\/\\\/cvinoticias.com\\\/v3\\\/nuevamente-decomisaron-mercaderias-sin-aval-aduanero-en-puerto-rico\\\/#primaryimage\"},\"image\":{\"@id\":\"https:\\\/\\\/cvinoticias.com\\\/v3\\\/nuevamente-decomisaron-mercaderias-sin-aval-aduanero-en-puerto-rico\\\/#primaryimage\"},\"thumbnailUrl\":\"https:\\\/\\\/cvinoticias.com\\\/wp-content\\\/uploads\\\/2021\\\/03\\\/FB_IMG_1614717055161.jpg\",\"datePublished\":\"2021-03-02T20:35:28+00:00\",\"breadcrumb\":{\"@id\":\"https:\\\/\\\/cvinoticias.com\\\/v3\\\/nuevamente-decomisaron-mercaderias-sin-aval-aduanero-en-puerto-rico\\\/#breadcrumb\"},\"inLanguage\":\"es\",\"potentialAction\":[{\"@type\":\"ReadAction\",\"target\":[\"https:\\\/\\\/cvinoticias.com\\\/v3\\\/nuevamente-decomisaron-mercaderias-sin-aval-aduanero-en-puerto-rico\\\/\"]}]},{\"@type\":\"ImageObject\",\"inLanguage\":\"es\",\"@id\":\"https:\\\/\\\/cvinoticias.com\\\/v3\\\/nuevamente-decomisaron-mercaderias-sin-aval-aduanero-en-puerto-rico\\\/#primaryimage\",\"url\":\"https:\\\/\\\/cvinoticias.com\\\/wp-content\\\/uploads\\\/2021\\\/03\\\/FB_IMG_1614717055161.jpg\",\"contentUrl\":\"https:\\\/\\\/cvinoticias.com\\\/wp-content\\\/uploads\\\/2021\\\/03\\\/FB_IMG_1614717055161.jpg\",\"width\":1040,\"height\":780},{\"@type\":\"BreadcrumbList\",\"@id\":\"https:\\\/\\\/cvinoticias.com\\\/v3\\\/nuevamente-decomisaron-mercaderias-sin-aval-aduanero-en-puerto-rico\\\/#breadcrumb\",\"itemListElement\":[{\"@type\":\"ListItem\",\"position\":1,\"name\":\"Portada\",\"item\":\"https:\\\/\\\/cvinoticias.com\\\/v3\\\/\"},{\"@type\":\"ListItem\",\"position\":2,\"name\":\"Nuevamente decomisaron mercader\u00edas sin aval aduanero en Puerto Rico\"}]},{\"@type\":\"WebSite\",\"@id\":\"https:\\\/\\\/cvinoticias.com\\\/v3\\\/#website\",\"url\":\"https:\\\/\\\/cvinoticias.com\\\/v3\\\/\",\"name\":\"CVI NOTICIAS\",\"description\":\"\",\"publisher\":{\"@id\":\"https:\\\/\\\/cvinoticias.com\\\/v3\\\/#organization\"},\"alternateName\":\"CVI\",\"potentialAction\":[{\"@type\":\"SearchAction\",\"target\":{\"@type\":\"EntryPoint\",\"urlTemplate\":\"https:\\\/\\\/cvinoticias.com\\\/v3\\\/?s={search_term_string}\"},\"query-input\":{\"@type\":\"PropertyValueSpecification\",\"valueRequired\":true,\"valueName\":\"search_term_string\"}}],\"inLanguage\":\"es\"},{\"@type\":\"Organization\",\"@id\":\"https:\\\/\\\/cvinoticias.com\\\/v3\\\/#organization\",\"name\":\"CVI NOTICIAS\",\"url\":\"https:\\\/\\\/cvinoticias.com\\\/v3\\\/\",\"logo\":{\"@type\":\"ImageObject\",\"inLanguage\":\"es\",\"@id\":\"https:\\\/\\\/cvinoticias.com\\\/v3\\\/#\\\/schema\\\/logo\\\/image\\\/\",\"url\":\"https:\\\/\\\/cvinoticias.com\\\/wp-content\\\/uploads\\\/2023\\\/04\\\/cropped-cropped-cropped-cropped-cropped-3-1.png\",\"contentUrl\":\"https:\\\/\\\/cvinoticias.com\\\/wp-content\\\/uploads\\\/2023\\\/04\\\/cropped-cropped-cropped-cropped-cropped-3-1.png\",\"width\":95,\"height\":122,\"caption\":\"CVI NOTICIAS\"},\"image\":{\"@id\":\"https:\\\/\\\/cvinoticias.com\\\/v3\\\/#\\\/schema\\\/logo\\\/image\\\/\"},\"sameAs\":[\"https:\\\/\\\/www.facebook.com\\\/cvinoticias\",\"https:\\\/\\\/www.instagram.com\\\/cvinoticias\\\/\",\"https:\\\/\\\/www.youtube.com\\\/@CVINOTICIAS\"]},{\"@type\":\"Person\",\"@id\":\"https:\\\/\\\/cvinoticias.com\\\/v3\\\/#\\\/schema\\\/person\\\/2db77e3c6bc03c538495d7b2b8be9b66\",\"name\":\"f1000024\",\"image\":{\"@type\":\"ImageObject\",\"inLanguage\":\"es\",\"@id\":\"https:\\\/\\\/secure.gravatar.com\\\/avatar\\\/d4fe7459cfc51ff5129ce1a732bbef5928568b8092d412ef95611616376bbeed?s=96&d=mm&r=g\",\"url\":\"https:\\\/\\\/secure.gravatar.com\\\/avatar\\\/d4fe7459cfc51ff5129ce1a732bbef5928568b8092d412ef95611616376bbeed?s=96&d=mm&r=g\",\"contentUrl\":\"https:\\\/\\\/secure.gravatar.com\\\/avatar\\\/d4fe7459cfc51ff5129ce1a732bbef5928568b8092d412ef95611616376bbeed?s=96&d=mm&r=g\",\"caption\":\"f1000024\"},\"url\":\"https:\\\/\\\/cvinoticias.com\\\/v3\\\/author\\\/f1000024\\\/\"}]}<\/script>\n<!-- \/ Yoast SEO plugin. -->","yoast_head_json":{"title":"Nuevamente decomisaron mercader\u00edas sin aval aduanero en Puerto Rico | CVI NOTICIAS","robots":{"index":"index","follow":"follow","max-snippet":"max-snippet:-1","max-image-preview":"max-image-preview:large","max-video-preview":"max-video-preview:-1"},"canonical":"https:\/\/cvinoticias.com\/v3\/nuevamente-decomisaron-mercaderias-sin-aval-aduanero-en-puerto-rico\/","og_locale":"es_ES","og_type":"article","og_title":"Nuevamente decomisaron mercader\u00edas sin aval aduanero en Puerto Rico | CVI NOTICIAS","og_description":"Sucedio este mediod\u00eda en un sitio conocido como Port\u00f3n Blanco, donde efectivos de las divisiones Comando Radioel\u00e9ctrico de Puerto Rico y Drogas Peligrosas de la Unidad Regional IV, decomisaron mercader\u00edas sin aval aduanero, valuadas aproximadamente en 46.600 pesos. Los polic\u00edas realizaban operativos preventivos por la zona, y observaron a dos personas que transportaban dos bultos [&hellip;]","og_url":"https:\/\/cvinoticias.com\/v3\/nuevamente-decomisaron-mercaderias-sin-aval-aduanero-en-puerto-rico\/","og_site_name":"CVI NOTICIAS","article_publisher":"https:\/\/www.facebook.com\/cvinoticias","article_published_time":"2021-03-02T20:35:28+00:00","og_image":[{"width":1040,"height":780,"url":"https:\/\/cvinoticias.com\/wp-content\/uploads\/2021\/03\/FB_IMG_1614717055161.jpg","type":"image\/jpeg"}],"author":"f1000024","twitter_card":"summary_large_image","twitter_misc":{"Escrito por":"f1000024","Tiempo de lectura":"1 minuto"},"schema":{"@context":"https:\/\/schema.org","@graph":[{"@type":"Article","@id":"https:\/\/cvinoticias.com\/v3\/nuevamente-decomisaron-mercaderias-sin-aval-aduanero-en-puerto-rico\/#article","isPartOf":{"@id":"https:\/\/cvinoticias.com\/v3\/nuevamente-decomisaron-mercaderias-sin-aval-aduanero-en-puerto-rico\/"},"author":{"name":"f1000024","@id":"https:\/\/cvinoticias.com\/v3\/#\/schema\/person\/2db77e3c6bc03c538495d7b2b8be9b66"},"headline":"Nuevamente decomisaron mercader\u00edas sin aval aduanero en Puerto Rico","datePublished":"2021-03-02T20:35:28+00:00","mainEntityOfPage":{"@id":"https:\/\/cvinoticias.com\/v3\/nuevamente-decomisaron-mercaderias-sin-aval-aduanero-en-puerto-rico\/"},"wordCount":164,"commentCount":0,"publisher":{"@id":"https:\/\/cvinoticias.com\/v3\/#organization"},"image":{"@id":"https:\/\/cvinoticias.com\/v3\/nuevamente-decomisaron-mercaderias-sin-aval-aduanero-en-puerto-rico\/#primaryimage"},"thumbnailUrl":"https:\/\/cvinoticias.com\/wp-content\/uploads\/2021\/03\/FB_IMG_1614717055161.jpg","articleSection":["Policiales"],"inLanguage":"es","potentialAction":[{"@type":"CommentAction","name":"Comment","target":["https:\/\/cvinoticias.com\/v3\/nuevamente-decomisaron-mercaderias-sin-aval-aduanero-en-puerto-rico\/#respond"]}]},{"@type":"WebPage","@id":"https:\/\/cvinoticias.com\/v3\/nuevamente-decomisaron-mercaderias-sin-aval-aduanero-en-puerto-rico\/","url":"https:\/\/cvinoticias.com\/v3\/nuevamente-decomisaron-mercaderias-sin-aval-aduanero-en-puerto-rico\/","name":"Nuevamente decomisaron mercader\u00edas sin aval aduanero en Puerto Rico | CVI NOTICIAS","isPartOf":{"@id":"https:\/\/cvinoticias.com\/v3\/#website"},"primaryImageOfPage":{"@id":"https:\/\/cvinoticias.com\/v3\/nuevamente-decomisaron-mercaderias-sin-aval-aduanero-en-puerto-rico\/#primaryimage"},"image":{"@id":"https:\/\/cvinoticias.com\/v3\/nuevamente-decomisaron-mercaderias-sin-aval-aduanero-en-puerto-rico\/#primaryimage"},"thumbnailUrl":"https:\/\/cvinoticias.com\/wp-content\/uploads\/2021\/03\/FB_IMG_1614717055161.jpg","datePublished":"2021-03-02T20:35:28+00:00","breadcrumb":{"@id":"https:\/\/cvinoticias.com\/v3\/nuevamente-decomisaron-mercaderias-sin-aval-aduanero-en-puerto-rico\/#breadcrumb"},"inLanguage":"es","potentialAction":[{"@type":"ReadAction","target":["https:\/\/cvinoticias.com\/v3\/nuevamente-decomisaron-mercaderias-sin-aval-aduanero-en-puerto-rico\/"]}]},{"@type":"ImageObject","inLanguage":"es","@id":"https:\/\/cvinoticias.com\/v3\/nuevamente-decomisaron-mercaderias-sin-aval-aduanero-en-puerto-rico\/#primaryimage","url":"https:\/\/cvinoticias.com\/wp-content\/uploads\/2021\/03\/FB_IMG_1614717055161.jpg","contentUrl":"https:\/\/cvinoticias.com\/wp-content\/uploads\/2021\/03\/FB_IMG_1614717055161.jpg","width":1040,"height":780},{"@type":"BreadcrumbList","@id":"https:\/\/cvinoticias.com\/v3\/nuevamente-decomisaron-mercaderias-sin-aval-aduanero-en-puerto-rico\/#breadcrumb","itemListElement":[{"@type":"ListItem","position":1,"name":"Portada","item":"https:\/\/cvinoticias.com\/v3\/"},{"@type":"ListItem","position":2,"name":"Nuevamente decomisaron mercader\u00edas sin aval aduanero en Puerto Rico"}]},{"@type":"WebSite","@id":"https:\/\/cvinoticias.com\/v3\/#website","url":"https:\/\/cvinoticias.com\/v3\/","name":"CVI NOTICIAS","description":"","publisher":{"@id":"https:\/\/cvinoticias.com\/v3\/#organization"},"alternateName":"CVI","potentialAction":[{"@type":"SearchAction","target":{"@type":"EntryPoint","urlTemplate":"https:\/\/cvinoticias.com\/v3\/?s={search_term_string}"},"query-input":{"@type":"PropertyValueSpecification","valueRequired":true,"valueName":"search_term_string"}}],"inLanguage":"es"},{"@type":"Organization","@id":"https:\/\/cvinoticias.com\/v3\/#organization","name":"CVI NOTICIAS","url":"https:\/\/cvinoticias.com\/v3\/","logo":{"@type":"ImageObject","inLanguage":"es","@id":"https:\/\/cvinoticias.com\/v3\/#\/schema\/logo\/image\/","url":"https:\/\/cvinoticias.com\/wp-content\/uploads\/2023\/04\/cropped-cropped-cropped-cropped-cropped-3-1.png","contentUrl":"https:\/\/cvinoticias.com\/wp-content\/uploads\/2023\/04\/cropped-cropped-cropped-cropped-cropped-3-1.png","width":95,"height":122,"caption":"CVI NOTICIAS"},"image":{"@id":"https:\/\/cvinoticias.com\/v3\/#\/schema\/logo\/image\/"},"sameAs":["https:\/\/www.facebook.com\/cvinoticias","https:\/\/www.instagram.com\/cvinoticias\/","https:\/\/www.youtube.com\/@CVINOTICIAS"]},{"@type":"Person","@id":"https:\/\/cvinoticias.com\/v3\/#\/schema\/person\/2db77e3c6bc03c538495d7b2b8be9b66","name":"f1000024","image":{"@type":"ImageObject","inLanguage":"es","@id":"https:\/\/secure.gravatar.com\/avatar\/d4fe7459cfc51ff5129ce1a732bbef5928568b8092d412ef95611616376bbeed?s=96&d=mm&r=g","url":"https:\/\/secure.gravatar.com\/avatar\/d4fe7459cfc51ff5129ce1a732bbef5928568b8092d412ef95611616376bbeed?s=96&d=mm&r=g","contentUrl":"https:\/\/secure.gravatar.com\/avatar\/d4fe7459cfc51ff5129ce1a732bbef5928568b8092d412ef95611616376bbeed?s=96&d=mm&r=g","caption":"f1000024"},"url":"https:\/\/cvinoticias.com\/v3\/author\/f1000024\/"}]}},"_links":{"self":[{"href":"https:\/\/cvinoticias.com\/v3\/wp-json\/wp\/v2\/posts\/3112","targetHints":{"allow":["GET"]}}],"collection":[{"href":"https:\/\/cvinoticias.com\/v3\/wp-json\/wp\/v2\/posts"}],"about":[{"href":"https:\/\/cvinoticias.com\/v3\/wp-json\/wp\/v2\/types\/post"}],"author":[{"embeddable":true,"href":"https:\/\/cvinoticias.com\/v3\/wp-json\/wp\/v2\/users\/2"}],"replies":[{"embeddable":true,"href":"https:\/\/cvinoticias.com\/v3\/wp-json\/wp\/v2\/comments?post=3112"}],"version-history":[{"count":1,"href":"https:\/\/cvinoticias.com\/v3\/wp-json\/wp\/v2\/posts\/3112\/revisions"}],"predecessor-version":[{"id":3115,"href":"https:\/\/cvinoticias.com\/v3\/wp-json\/wp\/v2\/posts\/3112\/revisions\/3115"}],"wp:featuredmedia":[{"embeddable":true,"href":"https:\/\/cvinoticias.com\/v3\/wp-json\/wp\/v2\/media\/3114"}],"wp:attachment":[{"href":"https:\/\/cvinoticias.com\/v3\/wp-json\/wp\/v2\/media?parent=3112"}],"wp:term":[{"taxonomy":"category","embeddable":true,"href":"https:\/\/cvinoticias.com\/v3\/wp-json\/wp\/v2\/categories?post=3112"},{"taxonomy":"post_tag","embeddable":true,"href":"https:\/\/cvinoticias.com\/v3\/wp-json\/wp\/v2\/tags?post=3112"}],"curies":[{"name":"wp","href":"https:\/\/api.w.org\/{rel}","templated":true}]}}