{"id":31115,"date":"2023-12-20T09:43:05","date_gmt":"2023-12-20T12:43:05","guid":{"rendered":"https:\/\/cvinoticias.com\/v3\/?p=31115"},"modified":"2023-12-20T09:43:05","modified_gmt":"2023-12-20T12:43:05","slug":"mas-de-4-mil-denuncias-de-beneficiarios-de-planes-sociales","status":"publish","type":"post","link":"https:\/\/cvinoticias.com\/v3\/mas-de-4-mil-denuncias-de-beneficiarios-de-planes-sociales\/","title":{"rendered":"M\u00e1s de 4 mil denuncias de beneficiarios de planes sociales"},"content":{"rendered":"\n<p><strong><em>El Gobierno Nacional dispuso una l\u00ednea telef\u00f3nica para que beneficiarios puedan denunciar por si se sienten amenazados con participar de la marcha de este mi\u00e9rcoles.<\/em><\/strong><\/p>\n\n\n\n<p>Con motivo de la movilizaci\u00f3n piquetera que habr\u00e1 este mi\u00e9rcoles, el Gobierno Nacional dispuso una l\u00ednea de llamada para que beneficiarios de planes sociales denuncien en caso de que se vean obligados a participar de la marcha. Seg\u00fan lo informado por el vocero presidencial, Manuel Adorni, ayer por la tarde se registrabran \u00ab300 denuncias por hora\u00bb en la l\u00ednea telef\u00f3nica 134.<\/p>\n\n\n\n<p>\u00abHemos recibido hasta este momento 4.310 denuncias, y estamos recibiendo a raz\u00f3n de 300 denuncias por hora en la l\u00ednea 134\u00bb, afirm\u00f3 Adorni en un video publicado en la cuenta oficial de la Vocer\u00eda Presidencial en la red social X.<\/p>\n\n\n\n<p>Adorni coment\u00f3 que registraron casos de \u00abgente que es amenazada con tener que hacer trabajos extras y hasta pagar multas de 7 mil pesos si no van a las marchas como les dicen los referentes sociales\u00bb. Vale hacer menci\u00f3n que el Gobierno Nacional dispuso eliminar los intermediarios a la hora de recibir los planes. Esto tendr\u00e1 posiblemente un fuerte impacto en la marcha de hoy ya que esta medida podr\u00eda generar una no presencia de los beneficiarios.<\/p>\n\n\n\n<p>\u00abHay denuncias que indican que obligan a llevar a ni\u00f1os a la marcha, que si no llevan ni\u00f1os tambi\u00e9n van a perder el beneficio y tambi\u00e9n hay denuncias en relaci\u00f3n a p\u00e9rdida de parte del beneficio y parte de lo que reciben en virtud del Plan Potenciar Trabajo\u00bb, agreg\u00f3.<\/p>\n","protected":false},"excerpt":{"rendered":"<p>El Gobierno Nacional dispuso una l\u00ednea telef\u00f3nica para que beneficiarios puedan denunciar por si se sienten amenazados con participar de la marcha de este mi\u00e9rcoles. Con motivo de la movilizaci\u00f3n piquetera que habr\u00e1 este mi\u00e9rcoles, el Gobierno Nacional dispuso una l\u00ednea de llamada para que beneficiarios de planes sociales denuncien en caso de que se [&hellip;]<\/p>\n","protected":false},"author":2,"featured_media":31116,"comment_status":"open","ping_status":"open","sticky":false,"template":"","format":"standard","meta":{"footnotes":""},"categories":[35],"tags":[],"class_list":["post-31115","post","type-post","status-publish","format-standard","has-post-thumbnail","hentry","category-informacion-general"],"yoast_head":"<!-- This site is optimized with the Yoast SEO plugin v27.5 - https:\/\/yoast.com\/product\/yoast-seo-wordpress\/ -->\n<title>M\u00e1s de 4 mil denuncias de beneficiarios de planes sociales | CVI NOTICIAS<\/title>\n<meta name=\"robots\" content=\"index, follow, max-snippet:-1, max-image-preview:large, max-video-preview:-1\" \/>\n<link rel=\"canonical\" href=\"https:\/\/cvinoticias.com\/v3\/mas-de-4-mil-denuncias-de-beneficiarios-de-planes-sociales\/\" \/>\n<meta property=\"og:locale\" content=\"es_ES\" \/>\n<meta property=\"og:type\" content=\"article\" \/>\n<meta property=\"og:title\" content=\"M\u00e1s de 4 mil denuncias de beneficiarios de planes sociales | CVI NOTICIAS\" \/>\n<meta property=\"og:description\" content=\"El Gobierno Nacional dispuso una l\u00ednea telef\u00f3nica para que beneficiarios puedan denunciar por si se sienten amenazados con participar de la marcha de este mi\u00e9rcoles. Con motivo de la movilizaci\u00f3n piquetera que habr\u00e1 este mi\u00e9rcoles, el Gobierno Nacional dispuso una l\u00ednea de llamada para que beneficiarios de planes sociales denuncien en caso de que se [&hellip;]\" \/>\n<meta property=\"og:url\" content=\"https:\/\/cvinoticias.com\/v3\/mas-de-4-mil-denuncias-de-beneficiarios-de-planes-sociales\/\" \/>\n<meta property=\"og:site_name\" content=\"CVI NOTICIAS\" \/>\n<meta property=\"article:publisher\" content=\"https:\/\/www.facebook.com\/cvinoticias\" \/>\n<meta property=\"article:published_time\" content=\"2023-12-20T12:43:05+00:00\" \/>\n<meta property=\"og:image\" content=\"https:\/\/cvinoticias.com\/wp-content\/uploads\/2023\/12\/f608x342-494328_524051_6.jpg\" \/>\n\t<meta property=\"og:image:width\" content=\"608\" \/>\n\t<meta property=\"og:image:height\" content=\"342\" \/>\n\t<meta property=\"og:image:type\" content=\"image\/jpeg\" \/>\n<meta name=\"author\" content=\"f1000024\" \/>\n<meta name=\"twitter:card\" content=\"summary_large_image\" \/>\n<meta name=\"twitter:label1\" content=\"Escrito por\" \/>\n\t<meta name=\"twitter:data1\" content=\"f1000024\" \/>\n\t<meta name=\"twitter:label2\" content=\"Tiempo de lectura\" \/>\n\t<meta name=\"twitter:data2\" content=\"1 minuto\" \/>\n<script type=\"application\/ld+json\" class=\"yoast-schema-graph\">{\"@context\":\"https:\\\/\\\/schema.org\",\"@graph\":[{\"@type\":\"Article\",\"@id\":\"https:\\\/\\\/cvinoticias.com\\\/v3\\\/mas-de-4-mil-denuncias-de-beneficiarios-de-planes-sociales\\\/#article\",\"isPartOf\":{\"@id\":\"https:\\\/\\\/cvinoticias.com\\\/v3\\\/mas-de-4-mil-denuncias-de-beneficiarios-de-planes-sociales\\\/\"},\"author\":{\"name\":\"f1000024\",\"@id\":\"https:\\\/\\\/cvinoticias.com\\\/v3\\\/#\\\/schema\\\/person\\\/2db77e3c6bc03c538495d7b2b8be9b66\"},\"headline\":\"M\u00e1s de 4 mil denuncias de beneficiarios de planes sociales\",\"datePublished\":\"2023-12-20T12:43:05+00:00\",\"mainEntityOfPage\":{\"@id\":\"https:\\\/\\\/cvinoticias.com\\\/v3\\\/mas-de-4-mil-denuncias-de-beneficiarios-de-planes-sociales\\\/\"},\"wordCount\":276,\"commentCount\":0,\"publisher\":{\"@id\":\"https:\\\/\\\/cvinoticias.com\\\/v3\\\/#organization\"},\"image\":{\"@id\":\"https:\\\/\\\/cvinoticias.com\\\/v3\\\/mas-de-4-mil-denuncias-de-beneficiarios-de-planes-sociales\\\/#primaryimage\"},\"thumbnailUrl\":\"https:\\\/\\\/cvinoticias.com\\\/wp-content\\\/uploads\\\/2023\\\/12\\\/f608x342-494328_524051_6.jpg\",\"articleSection\":[\"Informaci\u00f3n General\"],\"inLanguage\":\"es\",\"potentialAction\":[{\"@type\":\"CommentAction\",\"name\":\"Comment\",\"target\":[\"https:\\\/\\\/cvinoticias.com\\\/v3\\\/mas-de-4-mil-denuncias-de-beneficiarios-de-planes-sociales\\\/#respond\"]}]},{\"@type\":\"WebPage\",\"@id\":\"https:\\\/\\\/cvinoticias.com\\\/v3\\\/mas-de-4-mil-denuncias-de-beneficiarios-de-planes-sociales\\\/\",\"url\":\"https:\\\/\\\/cvinoticias.com\\\/v3\\\/mas-de-4-mil-denuncias-de-beneficiarios-de-planes-sociales\\\/\",\"name\":\"M\u00e1s de 4 mil denuncias de beneficiarios de planes sociales | CVI NOTICIAS\",\"isPartOf\":{\"@id\":\"https:\\\/\\\/cvinoticias.com\\\/v3\\\/#website\"},\"primaryImageOfPage\":{\"@id\":\"https:\\\/\\\/cvinoticias.com\\\/v3\\\/mas-de-4-mil-denuncias-de-beneficiarios-de-planes-sociales\\\/#primaryimage\"},\"image\":{\"@id\":\"https:\\\/\\\/cvinoticias.com\\\/v3\\\/mas-de-4-mil-denuncias-de-beneficiarios-de-planes-sociales\\\/#primaryimage\"},\"thumbnailUrl\":\"https:\\\/\\\/cvinoticias.com\\\/wp-content\\\/uploads\\\/2023\\\/12\\\/f608x342-494328_524051_6.jpg\",\"datePublished\":\"2023-12-20T12:43:05+00:00\",\"breadcrumb\":{\"@id\":\"https:\\\/\\\/cvinoticias.com\\\/v3\\\/mas-de-4-mil-denuncias-de-beneficiarios-de-planes-sociales\\\/#breadcrumb\"},\"inLanguage\":\"es\",\"potentialAction\":[{\"@type\":\"ReadAction\",\"target\":[\"https:\\\/\\\/cvinoticias.com\\\/v3\\\/mas-de-4-mil-denuncias-de-beneficiarios-de-planes-sociales\\\/\"]}]},{\"@type\":\"ImageObject\",\"inLanguage\":\"es\",\"@id\":\"https:\\\/\\\/cvinoticias.com\\\/v3\\\/mas-de-4-mil-denuncias-de-beneficiarios-de-planes-sociales\\\/#primaryimage\",\"url\":\"https:\\\/\\\/cvinoticias.com\\\/wp-content\\\/uploads\\\/2023\\\/12\\\/f608x342-494328_524051_6.jpg\",\"contentUrl\":\"https:\\\/\\\/cvinoticias.com\\\/wp-content\\\/uploads\\\/2023\\\/12\\\/f608x342-494328_524051_6.jpg\",\"width\":608,\"height\":342},{\"@type\":\"BreadcrumbList\",\"@id\":\"https:\\\/\\\/cvinoticias.com\\\/v3\\\/mas-de-4-mil-denuncias-de-beneficiarios-de-planes-sociales\\\/#breadcrumb\",\"itemListElement\":[{\"@type\":\"ListItem\",\"position\":1,\"name\":\"Portada\",\"item\":\"https:\\\/\\\/cvinoticias.com\\\/v3\\\/\"},{\"@type\":\"ListItem\",\"position\":2,\"name\":\"M\u00e1s de 4 mil denuncias de beneficiarios de planes sociales\"}]},{\"@type\":\"WebSite\",\"@id\":\"https:\\\/\\\/cvinoticias.com\\\/v3\\\/#website\",\"url\":\"https:\\\/\\\/cvinoticias.com\\\/v3\\\/\",\"name\":\"CVI NOTICIAS\",\"description\":\"\",\"publisher\":{\"@id\":\"https:\\\/\\\/cvinoticias.com\\\/v3\\\/#organization\"},\"alternateName\":\"CVI\",\"potentialAction\":[{\"@type\":\"SearchAction\",\"target\":{\"@type\":\"EntryPoint\",\"urlTemplate\":\"https:\\\/\\\/cvinoticias.com\\\/v3\\\/?s={search_term_string}\"},\"query-input\":{\"@type\":\"PropertyValueSpecification\",\"valueRequired\":true,\"valueName\":\"search_term_string\"}}],\"inLanguage\":\"es\"},{\"@type\":\"Organization\",\"@id\":\"https:\\\/\\\/cvinoticias.com\\\/v3\\\/#organization\",\"name\":\"CVI NOTICIAS\",\"url\":\"https:\\\/\\\/cvinoticias.com\\\/v3\\\/\",\"logo\":{\"@type\":\"ImageObject\",\"inLanguage\":\"es\",\"@id\":\"https:\\\/\\\/cvinoticias.com\\\/v3\\\/#\\\/schema\\\/logo\\\/image\\\/\",\"url\":\"https:\\\/\\\/cvinoticias.com\\\/wp-content\\\/uploads\\\/2023\\\/04\\\/cropped-cropped-cropped-cropped-cropped-3-1.png\",\"contentUrl\":\"https:\\\/\\\/cvinoticias.com\\\/wp-content\\\/uploads\\\/2023\\\/04\\\/cropped-cropped-cropped-cropped-cropped-3-1.png\",\"width\":95,\"height\":122,\"caption\":\"CVI NOTICIAS\"},\"image\":{\"@id\":\"https:\\\/\\\/cvinoticias.com\\\/v3\\\/#\\\/schema\\\/logo\\\/image\\\/\"},\"sameAs\":[\"https:\\\/\\\/www.facebook.com\\\/cvinoticias\",\"https:\\\/\\\/www.instagram.com\\\/cvinoticias\\\/\",\"https:\\\/\\\/www.youtube.com\\\/@CVINOTICIAS\"]},{\"@type\":\"Person\",\"@id\":\"https:\\\/\\\/cvinoticias.com\\\/v3\\\/#\\\/schema\\\/person\\\/2db77e3c6bc03c538495d7b2b8be9b66\",\"name\":\"f1000024\",\"image\":{\"@type\":\"ImageObject\",\"inLanguage\":\"es\",\"@id\":\"https:\\\/\\\/secure.gravatar.com\\\/avatar\\\/d4fe7459cfc51ff5129ce1a732bbef5928568b8092d412ef95611616376bbeed?s=96&d=mm&r=g\",\"url\":\"https:\\\/\\\/secure.gravatar.com\\\/avatar\\\/d4fe7459cfc51ff5129ce1a732bbef5928568b8092d412ef95611616376bbeed?s=96&d=mm&r=g\",\"contentUrl\":\"https:\\\/\\\/secure.gravatar.com\\\/avatar\\\/d4fe7459cfc51ff5129ce1a732bbef5928568b8092d412ef95611616376bbeed?s=96&d=mm&r=g\",\"caption\":\"f1000024\"},\"url\":\"https:\\\/\\\/cvinoticias.com\\\/v3\\\/author\\\/f1000024\\\/\"}]}<\/script>\n<!-- \/ Yoast SEO plugin. -->","yoast_head_json":{"title":"M\u00e1s de 4 mil denuncias de beneficiarios de planes sociales | CVI NOTICIAS","robots":{"index":"index","follow":"follow","max-snippet":"max-snippet:-1","max-image-preview":"max-image-preview:large","max-video-preview":"max-video-preview:-1"},"canonical":"https:\/\/cvinoticias.com\/v3\/mas-de-4-mil-denuncias-de-beneficiarios-de-planes-sociales\/","og_locale":"es_ES","og_type":"article","og_title":"M\u00e1s de 4 mil denuncias de beneficiarios de planes sociales | CVI NOTICIAS","og_description":"El Gobierno Nacional dispuso una l\u00ednea telef\u00f3nica para que beneficiarios puedan denunciar por si se sienten amenazados con participar de la marcha de este mi\u00e9rcoles. Con motivo de la movilizaci\u00f3n piquetera que habr\u00e1 este mi\u00e9rcoles, el Gobierno Nacional dispuso una l\u00ednea de llamada para que beneficiarios de planes sociales denuncien en caso de que se [&hellip;]","og_url":"https:\/\/cvinoticias.com\/v3\/mas-de-4-mil-denuncias-de-beneficiarios-de-planes-sociales\/","og_site_name":"CVI NOTICIAS","article_publisher":"https:\/\/www.facebook.com\/cvinoticias","article_published_time":"2023-12-20T12:43:05+00:00","og_image":[{"width":608,"height":342,"url":"https:\/\/cvinoticias.com\/wp-content\/uploads\/2023\/12\/f608x342-494328_524051_6.jpg","type":"image\/jpeg"}],"author":"f1000024","twitter_card":"summary_large_image","twitter_misc":{"Escrito por":"f1000024","Tiempo de lectura":"1 minuto"},"schema":{"@context":"https:\/\/schema.org","@graph":[{"@type":"Article","@id":"https:\/\/cvinoticias.com\/v3\/mas-de-4-mil-denuncias-de-beneficiarios-de-planes-sociales\/#article","isPartOf":{"@id":"https:\/\/cvinoticias.com\/v3\/mas-de-4-mil-denuncias-de-beneficiarios-de-planes-sociales\/"},"author":{"name":"f1000024","@id":"https:\/\/cvinoticias.com\/v3\/#\/schema\/person\/2db77e3c6bc03c538495d7b2b8be9b66"},"headline":"M\u00e1s de 4 mil denuncias de beneficiarios de planes sociales","datePublished":"2023-12-20T12:43:05+00:00","mainEntityOfPage":{"@id":"https:\/\/cvinoticias.com\/v3\/mas-de-4-mil-denuncias-de-beneficiarios-de-planes-sociales\/"},"wordCount":276,"commentCount":0,"publisher":{"@id":"https:\/\/cvinoticias.com\/v3\/#organization"},"image":{"@id":"https:\/\/cvinoticias.com\/v3\/mas-de-4-mil-denuncias-de-beneficiarios-de-planes-sociales\/#primaryimage"},"thumbnailUrl":"https:\/\/cvinoticias.com\/wp-content\/uploads\/2023\/12\/f608x342-494328_524051_6.jpg","articleSection":["Informaci\u00f3n General"],"inLanguage":"es","potentialAction":[{"@type":"CommentAction","name":"Comment","target":["https:\/\/cvinoticias.com\/v3\/mas-de-4-mil-denuncias-de-beneficiarios-de-planes-sociales\/#respond"]}]},{"@type":"WebPage","@id":"https:\/\/cvinoticias.com\/v3\/mas-de-4-mil-denuncias-de-beneficiarios-de-planes-sociales\/","url":"https:\/\/cvinoticias.com\/v3\/mas-de-4-mil-denuncias-de-beneficiarios-de-planes-sociales\/","name":"M\u00e1s de 4 mil denuncias de beneficiarios de planes sociales | CVI NOTICIAS","isPartOf":{"@id":"https:\/\/cvinoticias.com\/v3\/#website"},"primaryImageOfPage":{"@id":"https:\/\/cvinoticias.com\/v3\/mas-de-4-mil-denuncias-de-beneficiarios-de-planes-sociales\/#primaryimage"},"image":{"@id":"https:\/\/cvinoticias.com\/v3\/mas-de-4-mil-denuncias-de-beneficiarios-de-planes-sociales\/#primaryimage"},"thumbnailUrl":"https:\/\/cvinoticias.com\/wp-content\/uploads\/2023\/12\/f608x342-494328_524051_6.jpg","datePublished":"2023-12-20T12:43:05+00:00","breadcrumb":{"@id":"https:\/\/cvinoticias.com\/v3\/mas-de-4-mil-denuncias-de-beneficiarios-de-planes-sociales\/#breadcrumb"},"inLanguage":"es","potentialAction":[{"@type":"ReadAction","target":["https:\/\/cvinoticias.com\/v3\/mas-de-4-mil-denuncias-de-beneficiarios-de-planes-sociales\/"]}]},{"@type":"ImageObject","inLanguage":"es","@id":"https:\/\/cvinoticias.com\/v3\/mas-de-4-mil-denuncias-de-beneficiarios-de-planes-sociales\/#primaryimage","url":"https:\/\/cvinoticias.com\/wp-content\/uploads\/2023\/12\/f608x342-494328_524051_6.jpg","contentUrl":"https:\/\/cvinoticias.com\/wp-content\/uploads\/2023\/12\/f608x342-494328_524051_6.jpg","width":608,"height":342},{"@type":"BreadcrumbList","@id":"https:\/\/cvinoticias.com\/v3\/mas-de-4-mil-denuncias-de-beneficiarios-de-planes-sociales\/#breadcrumb","itemListElement":[{"@type":"ListItem","position":1,"name":"Portada","item":"https:\/\/cvinoticias.com\/v3\/"},{"@type":"ListItem","position":2,"name":"M\u00e1s de 4 mil denuncias de beneficiarios de planes sociales"}]},{"@type":"WebSite","@id":"https:\/\/cvinoticias.com\/v3\/#website","url":"https:\/\/cvinoticias.com\/v3\/","name":"CVI NOTICIAS","description":"","publisher":{"@id":"https:\/\/cvinoticias.com\/v3\/#organization"},"alternateName":"CVI","potentialAction":[{"@type":"SearchAction","target":{"@type":"EntryPoint","urlTemplate":"https:\/\/cvinoticias.com\/v3\/?s={search_term_string}"},"query-input":{"@type":"PropertyValueSpecification","valueRequired":true,"valueName":"search_term_string"}}],"inLanguage":"es"},{"@type":"Organization","@id":"https:\/\/cvinoticias.com\/v3\/#organization","name":"CVI NOTICIAS","url":"https:\/\/cvinoticias.com\/v3\/","logo":{"@type":"ImageObject","inLanguage":"es","@id":"https:\/\/cvinoticias.com\/v3\/#\/schema\/logo\/image\/","url":"https:\/\/cvinoticias.com\/wp-content\/uploads\/2023\/04\/cropped-cropped-cropped-cropped-cropped-3-1.png","contentUrl":"https:\/\/cvinoticias.com\/wp-content\/uploads\/2023\/04\/cropped-cropped-cropped-cropped-cropped-3-1.png","width":95,"height":122,"caption":"CVI NOTICIAS"},"image":{"@id":"https:\/\/cvinoticias.com\/v3\/#\/schema\/logo\/image\/"},"sameAs":["https:\/\/www.facebook.com\/cvinoticias","https:\/\/www.instagram.com\/cvinoticias\/","https:\/\/www.youtube.com\/@CVINOTICIAS"]},{"@type":"Person","@id":"https:\/\/cvinoticias.com\/v3\/#\/schema\/person\/2db77e3c6bc03c538495d7b2b8be9b66","name":"f1000024","image":{"@type":"ImageObject","inLanguage":"es","@id":"https:\/\/secure.gravatar.com\/avatar\/d4fe7459cfc51ff5129ce1a732bbef5928568b8092d412ef95611616376bbeed?s=96&d=mm&r=g","url":"https:\/\/secure.gravatar.com\/avatar\/d4fe7459cfc51ff5129ce1a732bbef5928568b8092d412ef95611616376bbeed?s=96&d=mm&r=g","contentUrl":"https:\/\/secure.gravatar.com\/avatar\/d4fe7459cfc51ff5129ce1a732bbef5928568b8092d412ef95611616376bbeed?s=96&d=mm&r=g","caption":"f1000024"},"url":"https:\/\/cvinoticias.com\/v3\/author\/f1000024\/"}]}},"_links":{"self":[{"href":"https:\/\/cvinoticias.com\/v3\/wp-json\/wp\/v2\/posts\/31115","targetHints":{"allow":["GET"]}}],"collection":[{"href":"https:\/\/cvinoticias.com\/v3\/wp-json\/wp\/v2\/posts"}],"about":[{"href":"https:\/\/cvinoticias.com\/v3\/wp-json\/wp\/v2\/types\/post"}],"author":[{"embeddable":true,"href":"https:\/\/cvinoticias.com\/v3\/wp-json\/wp\/v2\/users\/2"}],"replies":[{"embeddable":true,"href":"https:\/\/cvinoticias.com\/v3\/wp-json\/wp\/v2\/comments?post=31115"}],"version-history":[{"count":1,"href":"https:\/\/cvinoticias.com\/v3\/wp-json\/wp\/v2\/posts\/31115\/revisions"}],"predecessor-version":[{"id":31117,"href":"https:\/\/cvinoticias.com\/v3\/wp-json\/wp\/v2\/posts\/31115\/revisions\/31117"}],"wp:featuredmedia":[{"embeddable":true,"href":"https:\/\/cvinoticias.com\/v3\/wp-json\/wp\/v2\/media\/31116"}],"wp:attachment":[{"href":"https:\/\/cvinoticias.com\/v3\/wp-json\/wp\/v2\/media?parent=31115"}],"wp:term":[{"taxonomy":"category","embeddable":true,"href":"https:\/\/cvinoticias.com\/v3\/wp-json\/wp\/v2\/categories?post=31115"},{"taxonomy":"post_tag","embeddable":true,"href":"https:\/\/cvinoticias.com\/v3\/wp-json\/wp\/v2\/tags?post=31115"}],"curies":[{"name":"wp","href":"https:\/\/api.w.org\/{rel}","templated":true}]}}