{"id":31110,"date":"2023-12-20T09:33:33","date_gmt":"2023-12-20T12:33:33","guid":{"rendered":"https:\/\/cvinoticias.com\/v3\/?p=31110"},"modified":"2023-12-20T09:33:33","modified_gmt":"2023-12-20T12:33:33","slug":"reunion-de-coordinacion-de-trabajos-entre-los-funcionarios-representantes-de-distintos-sectores","status":"publish","type":"post","link":"https:\/\/cvinoticias.com\/v3\/reunion-de-coordinacion-de-trabajos-entre-los-funcionarios-representantes-de-distintos-sectores\/","title":{"rendered":"Reuni\u00f3n de Coordinaci\u00f3n de trabajos entre los funcionarios representantes de distintos sectores"},"content":{"rendered":"\n<p><strong><em>Se llev\u00f3 a cabo un significativo encuentro laboral entre los funcionarios representantes de distintos sectores de la instituci\u00f3n municipal. La reuni\u00f3n, encabezada por la Secretar\u00eda de Gobierno Marcela Gonz\u00e1lez con la participaci\u00f3n de la se\u00f1ora Viviana Villar a cargo de la Secretaria de Coordinaci\u00f3n Municipal, tuvo como objetivo principal diagramar acciones conjuntas que potencien el trabajo integral de la municipalidad.<\/em><\/strong><\/p>\n\n\n\n<p>Durante el encuentro, se abordaron y definieron aspectos fundamentales relacionados con la modalidad, criterios y estrategias que ser\u00e1n implementados para trabajar de manera integrada desde diversas \u00e1reas. La meta es optimizar la eficiencia y obtener resultados m\u00e1s efectivos en beneficio de nuestra comunidad.<\/p>\n\n\n\n<figure class=\"wp-block-image size-large\"><a href=\"https:\/\/cvinoticias.com\/wp-content\/uploads\/2023\/12\/IMG-20231219-WA0095.jpg\"><img decoding=\"async\" width=\"1024\" height=\"461\" data-src=\"https:\/\/cvinoticias.com\/wp-content\/uploads\/2023\/12\/IMG-20231219-WA0095-1024x461.jpg\" alt=\"\" class=\"wp-image-31111 lazyload\" data-srcset=\"https:\/\/cvinoticias.com\/wp-content\/uploads\/2023\/12\/IMG-20231219-WA0095-1024x461.jpg 1024w, https:\/\/cvinoticias.com\/wp-content\/uploads\/2023\/12\/IMG-20231219-WA0095-300x135.jpg 300w, https:\/\/cvinoticias.com\/wp-content\/uploads\/2023\/12\/IMG-20231219-WA0095-768x346.jpg 768w, https:\/\/cvinoticias.com\/wp-content\/uploads\/2023\/12\/IMG-20231219-WA0095.jpg 1280w\" data-sizes=\"(max-width: 1024px) 100vw, 1024px\" src=\"data:image\/svg+xml;base64,PHN2ZyB3aWR0aD0iMSIgaGVpZ2h0PSIxIiB4bWxucz0iaHR0cDovL3d3dy53My5vcmcvMjAwMC9zdmciPjwvc3ZnPg==\" style=\"--smush-placeholder-width: 1024px; --smush-placeholder-aspect-ratio: 1024\/461;\" \/><\/a><\/figure>\n\n\n\n<p>En una primera instancia, la coordinaci\u00f3n se enfocar\u00e1 en organizar de manera m\u00e1s eficiente los operativos de prevenci\u00f3n y control que actualmente llevan adelante sectores cruciales como Asuntos Guaran\u00edes, Bromatolog\u00eda, Tr\u00e1nsito y Seguridad Ciudadana. Esta iniciativa busca una mayor sinergia entre las \u00e1reas, asegurando una actuaci\u00f3n coordinada y efectiva.<\/p>\n\n\n\n<figure class=\"wp-block-image size-large\"><a href=\"https:\/\/cvinoticias.com\/wp-content\/uploads\/2023\/12\/IMG-20231219-WA0093.jpg\"><img decoding=\"async\" width=\"1024\" height=\"461\" data-src=\"https:\/\/cvinoticias.com\/wp-content\/uploads\/2023\/12\/IMG-20231219-WA0093-1024x461.jpg\" alt=\"\" class=\"wp-image-31112 lazyload\" data-srcset=\"https:\/\/cvinoticias.com\/wp-content\/uploads\/2023\/12\/IMG-20231219-WA0093-1024x461.jpg 1024w, https:\/\/cvinoticias.com\/wp-content\/uploads\/2023\/12\/IMG-20231219-WA0093-300x135.jpg 300w, https:\/\/cvinoticias.com\/wp-content\/uploads\/2023\/12\/IMG-20231219-WA0093-768x346.jpg 768w, https:\/\/cvinoticias.com\/wp-content\/uploads\/2023\/12\/IMG-20231219-WA0093.jpg 1280w\" data-sizes=\"(max-width: 1024px) 100vw, 1024px\" src=\"data:image\/svg+xml;base64,PHN2ZyB3aWR0aD0iMSIgaGVpZ2h0PSIxIiB4bWxucz0iaHR0cDovL3d3dy53My5vcmcvMjAwMC9zdmciPjwvc3ZnPg==\" style=\"--smush-placeholder-width: 1024px; --smush-placeholder-aspect-ratio: 1024\/461;\" \/><\/a><\/figure>\n\n\n\n<p>Esta acci\u00f3n conjunta refleja el compromiso continuo de la municipalidad en mejorar la calidad de vida de todos los vecinos, promoviendo una convivencia armoniosa en una ciudad en constante crecimiento. Agradecemos la colaboraci\u00f3n y comprensi\u00f3n de la comunidad mientras trabajamos para lograr una gesti\u00f3n m\u00e1s eficiente y orientada a satisfacer las necesidades de todos.<\/p>\n","protected":false},"excerpt":{"rendered":"<p>Se llev\u00f3 a cabo un significativo encuentro laboral entre los funcionarios representantes de distintos sectores de la instituci\u00f3n municipal. La reuni\u00f3n, encabezada por la Secretar\u00eda de Gobierno Marcela Gonz\u00e1lez con la participaci\u00f3n de la se\u00f1ora Viviana Villar a cargo de la Secretaria de Coordinaci\u00f3n Municipal, tuvo como objetivo principal diagramar acciones conjuntas que potencien el [&hellip;]<\/p>\n","protected":false},"author":2,"featured_media":31113,"comment_status":"open","ping_status":"open","sticky":false,"template":"","format":"standard","meta":{"footnotes":""},"categories":[29],"tags":[],"class_list":["post-31110","post","type-post","status-publish","format-standard","has-post-thumbnail","hentry","category-locales"],"yoast_head":"<!-- This site is optimized with the Yoast SEO plugin v27.5 - https:\/\/yoast.com\/product\/yoast-seo-wordpress\/ -->\n<title>Reuni\u00f3n de Coordinaci\u00f3n de trabajos entre los funcionarios representantes de distintos sectores | CVI NOTICIAS<\/title>\n<meta name=\"robots\" content=\"index, follow, max-snippet:-1, max-image-preview:large, max-video-preview:-1\" \/>\n<link rel=\"canonical\" href=\"https:\/\/cvinoticias.com\/v3\/reunion-de-coordinacion-de-trabajos-entre-los-funcionarios-representantes-de-distintos-sectores\/\" \/>\n<meta property=\"og:locale\" content=\"es_ES\" \/>\n<meta property=\"og:type\" content=\"article\" \/>\n<meta property=\"og:title\" content=\"Reuni\u00f3n de Coordinaci\u00f3n de trabajos entre los funcionarios representantes de distintos sectores | CVI NOTICIAS\" \/>\n<meta property=\"og:description\" content=\"Se llev\u00f3 a cabo un significativo encuentro laboral entre los funcionarios representantes de distintos sectores de la instituci\u00f3n municipal. La reuni\u00f3n, encabezada por la Secretar\u00eda de Gobierno Marcela Gonz\u00e1lez con la participaci\u00f3n de la se\u00f1ora Viviana Villar a cargo de la Secretaria de Coordinaci\u00f3n Municipal, tuvo como objetivo principal diagramar acciones conjuntas que potencien el [&hellip;]\" \/>\n<meta property=\"og:url\" content=\"https:\/\/cvinoticias.com\/v3\/reunion-de-coordinacion-de-trabajos-entre-los-funcionarios-representantes-de-distintos-sectores\/\" \/>\n<meta property=\"og:site_name\" content=\"CVI NOTICIAS\" \/>\n<meta property=\"article:publisher\" content=\"https:\/\/www.facebook.com\/cvinoticias\" \/>\n<meta property=\"article:published_time\" content=\"2023-12-20T12:33:33+00:00\" \/>\n<meta property=\"og:image\" content=\"https:\/\/cvinoticias.com\/wp-content\/uploads\/2023\/12\/IMG-20231219-WA0094.jpg\" \/>\n\t<meta property=\"og:image:width\" content=\"1280\" \/>\n\t<meta property=\"og:image:height\" content=\"576\" \/>\n\t<meta property=\"og:image:type\" content=\"image\/jpeg\" \/>\n<meta name=\"author\" content=\"f1000024\" \/>\n<meta name=\"twitter:card\" content=\"summary_large_image\" \/>\n<meta name=\"twitter:label1\" content=\"Escrito por\" \/>\n\t<meta name=\"twitter:data1\" content=\"f1000024\" \/>\n\t<meta name=\"twitter:label2\" content=\"Tiempo de lectura\" \/>\n\t<meta name=\"twitter:data2\" content=\"1 minuto\" \/>\n<script type=\"application\/ld+json\" class=\"yoast-schema-graph\">{\"@context\":\"https:\\\/\\\/schema.org\",\"@graph\":[{\"@type\":\"Article\",\"@id\":\"https:\\\/\\\/cvinoticias.com\\\/v3\\\/reunion-de-coordinacion-de-trabajos-entre-los-funcionarios-representantes-de-distintos-sectores\\\/#article\",\"isPartOf\":{\"@id\":\"https:\\\/\\\/cvinoticias.com\\\/v3\\\/reunion-de-coordinacion-de-trabajos-entre-los-funcionarios-representantes-de-distintos-sectores\\\/\"},\"author\":{\"name\":\"f1000024\",\"@id\":\"https:\\\/\\\/cvinoticias.com\\\/v3\\\/#\\\/schema\\\/person\\\/2db77e3c6bc03c538495d7b2b8be9b66\"},\"headline\":\"Reuni\u00f3n de Coordinaci\u00f3n de trabajos entre los funcionarios representantes de distintos sectores\",\"datePublished\":\"2023-12-20T12:33:33+00:00\",\"mainEntityOfPage\":{\"@id\":\"https:\\\/\\\/cvinoticias.com\\\/v3\\\/reunion-de-coordinacion-de-trabajos-entre-los-funcionarios-representantes-de-distintos-sectores\\\/\"},\"wordCount\":241,\"commentCount\":0,\"publisher\":{\"@id\":\"https:\\\/\\\/cvinoticias.com\\\/v3\\\/#organization\"},\"image\":{\"@id\":\"https:\\\/\\\/cvinoticias.com\\\/v3\\\/reunion-de-coordinacion-de-trabajos-entre-los-funcionarios-representantes-de-distintos-sectores\\\/#primaryimage\"},\"thumbnailUrl\":\"https:\\\/\\\/cvinoticias.com\\\/wp-content\\\/uploads\\\/2023\\\/12\\\/IMG-20231219-WA0094.jpg\",\"articleSection\":[\"Locales\"],\"inLanguage\":\"es\",\"potentialAction\":[{\"@type\":\"CommentAction\",\"name\":\"Comment\",\"target\":[\"https:\\\/\\\/cvinoticias.com\\\/v3\\\/reunion-de-coordinacion-de-trabajos-entre-los-funcionarios-representantes-de-distintos-sectores\\\/#respond\"]}]},{\"@type\":\"WebPage\",\"@id\":\"https:\\\/\\\/cvinoticias.com\\\/v3\\\/reunion-de-coordinacion-de-trabajos-entre-los-funcionarios-representantes-de-distintos-sectores\\\/\",\"url\":\"https:\\\/\\\/cvinoticias.com\\\/v3\\\/reunion-de-coordinacion-de-trabajos-entre-los-funcionarios-representantes-de-distintos-sectores\\\/\",\"name\":\"Reuni\u00f3n de Coordinaci\u00f3n de trabajos entre los funcionarios representantes de distintos sectores | CVI NOTICIAS\",\"isPartOf\":{\"@id\":\"https:\\\/\\\/cvinoticias.com\\\/v3\\\/#website\"},\"primaryImageOfPage\":{\"@id\":\"https:\\\/\\\/cvinoticias.com\\\/v3\\\/reunion-de-coordinacion-de-trabajos-entre-los-funcionarios-representantes-de-distintos-sectores\\\/#primaryimage\"},\"image\":{\"@id\":\"https:\\\/\\\/cvinoticias.com\\\/v3\\\/reunion-de-coordinacion-de-trabajos-entre-los-funcionarios-representantes-de-distintos-sectores\\\/#primaryimage\"},\"thumbnailUrl\":\"https:\\\/\\\/cvinoticias.com\\\/wp-content\\\/uploads\\\/2023\\\/12\\\/IMG-20231219-WA0094.jpg\",\"datePublished\":\"2023-12-20T12:33:33+00:00\",\"breadcrumb\":{\"@id\":\"https:\\\/\\\/cvinoticias.com\\\/v3\\\/reunion-de-coordinacion-de-trabajos-entre-los-funcionarios-representantes-de-distintos-sectores\\\/#breadcrumb\"},\"inLanguage\":\"es\",\"potentialAction\":[{\"@type\":\"ReadAction\",\"target\":[\"https:\\\/\\\/cvinoticias.com\\\/v3\\\/reunion-de-coordinacion-de-trabajos-entre-los-funcionarios-representantes-de-distintos-sectores\\\/\"]}]},{\"@type\":\"ImageObject\",\"inLanguage\":\"es\",\"@id\":\"https:\\\/\\\/cvinoticias.com\\\/v3\\\/reunion-de-coordinacion-de-trabajos-entre-los-funcionarios-representantes-de-distintos-sectores\\\/#primaryimage\",\"url\":\"https:\\\/\\\/cvinoticias.com\\\/wp-content\\\/uploads\\\/2023\\\/12\\\/IMG-20231219-WA0094.jpg\",\"contentUrl\":\"https:\\\/\\\/cvinoticias.com\\\/wp-content\\\/uploads\\\/2023\\\/12\\\/IMG-20231219-WA0094.jpg\",\"width\":1280,\"height\":576},{\"@type\":\"BreadcrumbList\",\"@id\":\"https:\\\/\\\/cvinoticias.com\\\/v3\\\/reunion-de-coordinacion-de-trabajos-entre-los-funcionarios-representantes-de-distintos-sectores\\\/#breadcrumb\",\"itemListElement\":[{\"@type\":\"ListItem\",\"position\":1,\"name\":\"Portada\",\"item\":\"https:\\\/\\\/cvinoticias.com\\\/v3\\\/\"},{\"@type\":\"ListItem\",\"position\":2,\"name\":\"Reuni\u00f3n de Coordinaci\u00f3n de trabajos entre los funcionarios representantes de distintos sectores\"}]},{\"@type\":\"WebSite\",\"@id\":\"https:\\\/\\\/cvinoticias.com\\\/v3\\\/#website\",\"url\":\"https:\\\/\\\/cvinoticias.com\\\/v3\\\/\",\"name\":\"CVI NOTICIAS\",\"description\":\"\",\"publisher\":{\"@id\":\"https:\\\/\\\/cvinoticias.com\\\/v3\\\/#organization\"},\"alternateName\":\"CVI\",\"potentialAction\":[{\"@type\":\"SearchAction\",\"target\":{\"@type\":\"EntryPoint\",\"urlTemplate\":\"https:\\\/\\\/cvinoticias.com\\\/v3\\\/?s={search_term_string}\"},\"query-input\":{\"@type\":\"PropertyValueSpecification\",\"valueRequired\":true,\"valueName\":\"search_term_string\"}}],\"inLanguage\":\"es\"},{\"@type\":\"Organization\",\"@id\":\"https:\\\/\\\/cvinoticias.com\\\/v3\\\/#organization\",\"name\":\"CVI NOTICIAS\",\"url\":\"https:\\\/\\\/cvinoticias.com\\\/v3\\\/\",\"logo\":{\"@type\":\"ImageObject\",\"inLanguage\":\"es\",\"@id\":\"https:\\\/\\\/cvinoticias.com\\\/v3\\\/#\\\/schema\\\/logo\\\/image\\\/\",\"url\":\"https:\\\/\\\/cvinoticias.com\\\/wp-content\\\/uploads\\\/2023\\\/04\\\/cropped-cropped-cropped-cropped-cropped-3-1.png\",\"contentUrl\":\"https:\\\/\\\/cvinoticias.com\\\/wp-content\\\/uploads\\\/2023\\\/04\\\/cropped-cropped-cropped-cropped-cropped-3-1.png\",\"width\":95,\"height\":122,\"caption\":\"CVI NOTICIAS\"},\"image\":{\"@id\":\"https:\\\/\\\/cvinoticias.com\\\/v3\\\/#\\\/schema\\\/logo\\\/image\\\/\"},\"sameAs\":[\"https:\\\/\\\/www.facebook.com\\\/cvinoticias\",\"https:\\\/\\\/www.instagram.com\\\/cvinoticias\\\/\",\"https:\\\/\\\/www.youtube.com\\\/@CVINOTICIAS\"]},{\"@type\":\"Person\",\"@id\":\"https:\\\/\\\/cvinoticias.com\\\/v3\\\/#\\\/schema\\\/person\\\/2db77e3c6bc03c538495d7b2b8be9b66\",\"name\":\"f1000024\",\"image\":{\"@type\":\"ImageObject\",\"inLanguage\":\"es\",\"@id\":\"https:\\\/\\\/secure.gravatar.com\\\/avatar\\\/d4fe7459cfc51ff5129ce1a732bbef5928568b8092d412ef95611616376bbeed?s=96&d=mm&r=g\",\"url\":\"https:\\\/\\\/secure.gravatar.com\\\/avatar\\\/d4fe7459cfc51ff5129ce1a732bbef5928568b8092d412ef95611616376bbeed?s=96&d=mm&r=g\",\"contentUrl\":\"https:\\\/\\\/secure.gravatar.com\\\/avatar\\\/d4fe7459cfc51ff5129ce1a732bbef5928568b8092d412ef95611616376bbeed?s=96&d=mm&r=g\",\"caption\":\"f1000024\"},\"url\":\"https:\\\/\\\/cvinoticias.com\\\/v3\\\/author\\\/f1000024\\\/\"}]}<\/script>\n<!-- \/ Yoast SEO plugin. -->","yoast_head_json":{"title":"Reuni\u00f3n de Coordinaci\u00f3n de trabajos entre los funcionarios representantes de distintos sectores | CVI NOTICIAS","robots":{"index":"index","follow":"follow","max-snippet":"max-snippet:-1","max-image-preview":"max-image-preview:large","max-video-preview":"max-video-preview:-1"},"canonical":"https:\/\/cvinoticias.com\/v3\/reunion-de-coordinacion-de-trabajos-entre-los-funcionarios-representantes-de-distintos-sectores\/","og_locale":"es_ES","og_type":"article","og_title":"Reuni\u00f3n de Coordinaci\u00f3n de trabajos entre los funcionarios representantes de distintos sectores | CVI NOTICIAS","og_description":"Se llev\u00f3 a cabo un significativo encuentro laboral entre los funcionarios representantes de distintos sectores de la instituci\u00f3n municipal. La reuni\u00f3n, encabezada por la Secretar\u00eda de Gobierno Marcela Gonz\u00e1lez con la participaci\u00f3n de la se\u00f1ora Viviana Villar a cargo de la Secretaria de Coordinaci\u00f3n Municipal, tuvo como objetivo principal diagramar acciones conjuntas que potencien el [&hellip;]","og_url":"https:\/\/cvinoticias.com\/v3\/reunion-de-coordinacion-de-trabajos-entre-los-funcionarios-representantes-de-distintos-sectores\/","og_site_name":"CVI NOTICIAS","article_publisher":"https:\/\/www.facebook.com\/cvinoticias","article_published_time":"2023-12-20T12:33:33+00:00","og_image":[{"width":1280,"height":576,"url":"https:\/\/cvinoticias.com\/wp-content\/uploads\/2023\/12\/IMG-20231219-WA0094.jpg","type":"image\/jpeg"}],"author":"f1000024","twitter_card":"summary_large_image","twitter_misc":{"Escrito por":"f1000024","Tiempo de lectura":"1 minuto"},"schema":{"@context":"https:\/\/schema.org","@graph":[{"@type":"Article","@id":"https:\/\/cvinoticias.com\/v3\/reunion-de-coordinacion-de-trabajos-entre-los-funcionarios-representantes-de-distintos-sectores\/#article","isPartOf":{"@id":"https:\/\/cvinoticias.com\/v3\/reunion-de-coordinacion-de-trabajos-entre-los-funcionarios-representantes-de-distintos-sectores\/"},"author":{"name":"f1000024","@id":"https:\/\/cvinoticias.com\/v3\/#\/schema\/person\/2db77e3c6bc03c538495d7b2b8be9b66"},"headline":"Reuni\u00f3n de Coordinaci\u00f3n de trabajos entre los funcionarios representantes de distintos sectores","datePublished":"2023-12-20T12:33:33+00:00","mainEntityOfPage":{"@id":"https:\/\/cvinoticias.com\/v3\/reunion-de-coordinacion-de-trabajos-entre-los-funcionarios-representantes-de-distintos-sectores\/"},"wordCount":241,"commentCount":0,"publisher":{"@id":"https:\/\/cvinoticias.com\/v3\/#organization"},"image":{"@id":"https:\/\/cvinoticias.com\/v3\/reunion-de-coordinacion-de-trabajos-entre-los-funcionarios-representantes-de-distintos-sectores\/#primaryimage"},"thumbnailUrl":"https:\/\/cvinoticias.com\/wp-content\/uploads\/2023\/12\/IMG-20231219-WA0094.jpg","articleSection":["Locales"],"inLanguage":"es","potentialAction":[{"@type":"CommentAction","name":"Comment","target":["https:\/\/cvinoticias.com\/v3\/reunion-de-coordinacion-de-trabajos-entre-los-funcionarios-representantes-de-distintos-sectores\/#respond"]}]},{"@type":"WebPage","@id":"https:\/\/cvinoticias.com\/v3\/reunion-de-coordinacion-de-trabajos-entre-los-funcionarios-representantes-de-distintos-sectores\/","url":"https:\/\/cvinoticias.com\/v3\/reunion-de-coordinacion-de-trabajos-entre-los-funcionarios-representantes-de-distintos-sectores\/","name":"Reuni\u00f3n de Coordinaci\u00f3n de trabajos entre los funcionarios representantes de distintos sectores | CVI NOTICIAS","isPartOf":{"@id":"https:\/\/cvinoticias.com\/v3\/#website"},"primaryImageOfPage":{"@id":"https:\/\/cvinoticias.com\/v3\/reunion-de-coordinacion-de-trabajos-entre-los-funcionarios-representantes-de-distintos-sectores\/#primaryimage"},"image":{"@id":"https:\/\/cvinoticias.com\/v3\/reunion-de-coordinacion-de-trabajos-entre-los-funcionarios-representantes-de-distintos-sectores\/#primaryimage"},"thumbnailUrl":"https:\/\/cvinoticias.com\/wp-content\/uploads\/2023\/12\/IMG-20231219-WA0094.jpg","datePublished":"2023-12-20T12:33:33+00:00","breadcrumb":{"@id":"https:\/\/cvinoticias.com\/v3\/reunion-de-coordinacion-de-trabajos-entre-los-funcionarios-representantes-de-distintos-sectores\/#breadcrumb"},"inLanguage":"es","potentialAction":[{"@type":"ReadAction","target":["https:\/\/cvinoticias.com\/v3\/reunion-de-coordinacion-de-trabajos-entre-los-funcionarios-representantes-de-distintos-sectores\/"]}]},{"@type":"ImageObject","inLanguage":"es","@id":"https:\/\/cvinoticias.com\/v3\/reunion-de-coordinacion-de-trabajos-entre-los-funcionarios-representantes-de-distintos-sectores\/#primaryimage","url":"https:\/\/cvinoticias.com\/wp-content\/uploads\/2023\/12\/IMG-20231219-WA0094.jpg","contentUrl":"https:\/\/cvinoticias.com\/wp-content\/uploads\/2023\/12\/IMG-20231219-WA0094.jpg","width":1280,"height":576},{"@type":"BreadcrumbList","@id":"https:\/\/cvinoticias.com\/v3\/reunion-de-coordinacion-de-trabajos-entre-los-funcionarios-representantes-de-distintos-sectores\/#breadcrumb","itemListElement":[{"@type":"ListItem","position":1,"name":"Portada","item":"https:\/\/cvinoticias.com\/v3\/"},{"@type":"ListItem","position":2,"name":"Reuni\u00f3n de Coordinaci\u00f3n de trabajos entre los funcionarios representantes de distintos sectores"}]},{"@type":"WebSite","@id":"https:\/\/cvinoticias.com\/v3\/#website","url":"https:\/\/cvinoticias.com\/v3\/","name":"CVI NOTICIAS","description":"","publisher":{"@id":"https:\/\/cvinoticias.com\/v3\/#organization"},"alternateName":"CVI","potentialAction":[{"@type":"SearchAction","target":{"@type":"EntryPoint","urlTemplate":"https:\/\/cvinoticias.com\/v3\/?s={search_term_string}"},"query-input":{"@type":"PropertyValueSpecification","valueRequired":true,"valueName":"search_term_string"}}],"inLanguage":"es"},{"@type":"Organization","@id":"https:\/\/cvinoticias.com\/v3\/#organization","name":"CVI NOTICIAS","url":"https:\/\/cvinoticias.com\/v3\/","logo":{"@type":"ImageObject","inLanguage":"es","@id":"https:\/\/cvinoticias.com\/v3\/#\/schema\/logo\/image\/","url":"https:\/\/cvinoticias.com\/wp-content\/uploads\/2023\/04\/cropped-cropped-cropped-cropped-cropped-3-1.png","contentUrl":"https:\/\/cvinoticias.com\/wp-content\/uploads\/2023\/04\/cropped-cropped-cropped-cropped-cropped-3-1.png","width":95,"height":122,"caption":"CVI NOTICIAS"},"image":{"@id":"https:\/\/cvinoticias.com\/v3\/#\/schema\/logo\/image\/"},"sameAs":["https:\/\/www.facebook.com\/cvinoticias","https:\/\/www.instagram.com\/cvinoticias\/","https:\/\/www.youtube.com\/@CVINOTICIAS"]},{"@type":"Person","@id":"https:\/\/cvinoticias.com\/v3\/#\/schema\/person\/2db77e3c6bc03c538495d7b2b8be9b66","name":"f1000024","image":{"@type":"ImageObject","inLanguage":"es","@id":"https:\/\/secure.gravatar.com\/avatar\/d4fe7459cfc51ff5129ce1a732bbef5928568b8092d412ef95611616376bbeed?s=96&d=mm&r=g","url":"https:\/\/secure.gravatar.com\/avatar\/d4fe7459cfc51ff5129ce1a732bbef5928568b8092d412ef95611616376bbeed?s=96&d=mm&r=g","contentUrl":"https:\/\/secure.gravatar.com\/avatar\/d4fe7459cfc51ff5129ce1a732bbef5928568b8092d412ef95611616376bbeed?s=96&d=mm&r=g","caption":"f1000024"},"url":"https:\/\/cvinoticias.com\/v3\/author\/f1000024\/"}]}},"_links":{"self":[{"href":"https:\/\/cvinoticias.com\/v3\/wp-json\/wp\/v2\/posts\/31110","targetHints":{"allow":["GET"]}}],"collection":[{"href":"https:\/\/cvinoticias.com\/v3\/wp-json\/wp\/v2\/posts"}],"about":[{"href":"https:\/\/cvinoticias.com\/v3\/wp-json\/wp\/v2\/types\/post"}],"author":[{"embeddable":true,"href":"https:\/\/cvinoticias.com\/v3\/wp-json\/wp\/v2\/users\/2"}],"replies":[{"embeddable":true,"href":"https:\/\/cvinoticias.com\/v3\/wp-json\/wp\/v2\/comments?post=31110"}],"version-history":[{"count":1,"href":"https:\/\/cvinoticias.com\/v3\/wp-json\/wp\/v2\/posts\/31110\/revisions"}],"predecessor-version":[{"id":31114,"href":"https:\/\/cvinoticias.com\/v3\/wp-json\/wp\/v2\/posts\/31110\/revisions\/31114"}],"wp:featuredmedia":[{"embeddable":true,"href":"https:\/\/cvinoticias.com\/v3\/wp-json\/wp\/v2\/media\/31113"}],"wp:attachment":[{"href":"https:\/\/cvinoticias.com\/v3\/wp-json\/wp\/v2\/media?parent=31110"}],"wp:term":[{"taxonomy":"category","embeddable":true,"href":"https:\/\/cvinoticias.com\/v3\/wp-json\/wp\/v2\/categories?post=31110"},{"taxonomy":"post_tag","embeddable":true,"href":"https:\/\/cvinoticias.com\/v3\/wp-json\/wp\/v2\/tags?post=31110"}],"curies":[{"name":"wp","href":"https:\/\/api.w.org\/{rel}","templated":true}]}}