{"id":31090,"date":"2023-12-20T08:13:39","date_gmt":"2023-12-20T11:13:39","guid":{"rendered":"https:\/\/cvinoticias.com\/v3\/?p=31090"},"modified":"2023-12-20T08:13:39","modified_gmt":"2023-12-20T11:13:39","slug":"piqueteros-marcharan-hoy-contra-el-gobierno","status":"publish","type":"post","link":"https:\/\/cvinoticias.com\/v3\/piqueteros-marcharan-hoy-contra-el-gobierno\/","title":{"rendered":"Piqueteros marchar\u00e1n hoy contra el Gobierno"},"content":{"rendered":"\n<p><strong><em>La movilizaci\u00f3n fue convocada para las 16 horas y llamaron a sumarse a todas las organizaciones que quieran \u00abluchar contra el ajuste y contra la represi\u00f3n\u00bb.<\/em><\/strong><\/p>\n\n\n\n<p>Organizaciones sociales y pol\u00edticas nucleadas a la Unidad Piquetera (UP) marchar\u00e1n a Plaza de Mayo hoy en contra de las medidas de ajuste anunciadas por el Gobierno de Javier Milei, y en rechazo del protocolo antipiquetes que anunci\u00f3 la ministra de Seguridad, Patricia Bullrich.<\/p>\n\n\n\n<p>La movilizaci\u00f3n, desde el Congreso a Plaza de Mayo, se realizar\u00e1 a partir de las 16:00 y se dar\u00e1 en el marco del aniversario del estallido social de diciembre de 2001.<\/p>\n\n\n\n<p>La protesta se enmarca en un clima de tensi\u00f3n, ya que el Gobierno anticip\u00f3 que habr\u00e1 efectivos de las fuerzas de seguridad dispuestos para liberar las calles en caso de ser cortadas.<\/p>\n\n\n\n<p>Las organizaciones sociales confirmaron este martes que se movilizar\u00e1n a pesar de la implementaci\u00f3n del protocolo antipiquetes dispuesto por la ministra de Seguridad y las advertencias de la titular de la cartera de Capital Humano, Sandra Pettovello, quien anunci\u00f3 que le quitar\u00e1 los planes sociales a las personas que asistan a las marchas y corten las calles.<\/p>\n","protected":false},"excerpt":{"rendered":"<p>La movilizaci\u00f3n fue convocada para las 16 horas y llamaron a sumarse a todas las organizaciones que quieran \u00abluchar contra el ajuste y contra la represi\u00f3n\u00bb. Organizaciones sociales y pol\u00edticas nucleadas a la Unidad Piquetera (UP) marchar\u00e1n a Plaza de Mayo hoy en contra de las medidas de ajuste anunciadas por el Gobierno de Javier [&hellip;]<\/p>\n","protected":false},"author":2,"featured_media":31091,"comment_status":"open","ping_status":"open","sticky":false,"template":"","format":"standard","meta":{"footnotes":""},"categories":[35],"tags":[],"class_list":["post-31090","post","type-post","status-publish","format-standard","has-post-thumbnail","hentry","category-informacion-general"],"yoast_head":"<!-- This site is optimized with the Yoast SEO plugin v27.5 - https:\/\/yoast.com\/product\/yoast-seo-wordpress\/ -->\n<title>Piqueteros marchar\u00e1n hoy contra el Gobierno | CVI NOTICIAS<\/title>\n<meta name=\"robots\" content=\"index, follow, max-snippet:-1, max-image-preview:large, max-video-preview:-1\" \/>\n<link rel=\"canonical\" href=\"https:\/\/cvinoticias.com\/v3\/piqueteros-marcharan-hoy-contra-el-gobierno\/\" \/>\n<meta property=\"og:locale\" content=\"es_ES\" \/>\n<meta property=\"og:type\" content=\"article\" \/>\n<meta property=\"og:title\" content=\"Piqueteros marchar\u00e1n hoy contra el Gobierno | CVI NOTICIAS\" \/>\n<meta property=\"og:description\" content=\"La movilizaci\u00f3n fue convocada para las 16 horas y llamaron a sumarse a todas las organizaciones que quieran \u00abluchar contra el ajuste y contra la represi\u00f3n\u00bb. Organizaciones sociales y pol\u00edticas nucleadas a la Unidad Piquetera (UP) marchar\u00e1n a Plaza de Mayo hoy en contra de las medidas de ajuste anunciadas por el Gobierno de Javier [&hellip;]\" \/>\n<meta property=\"og:url\" content=\"https:\/\/cvinoticias.com\/v3\/piqueteros-marcharan-hoy-contra-el-gobierno\/\" \/>\n<meta property=\"og:site_name\" content=\"CVI NOTICIAS\" \/>\n<meta property=\"article:publisher\" content=\"https:\/\/www.facebook.com\/cvinoticias\" \/>\n<meta property=\"article:published_time\" content=\"2023-12-20T11:13:39+00:00\" \/>\n<meta property=\"og:image\" content=\"https:\/\/cvinoticias.com\/wp-content\/uploads\/2023\/12\/f608x342-494324_524047_15.jpg\" \/>\n\t<meta property=\"og:image:width\" content=\"608\" \/>\n\t<meta property=\"og:image:height\" content=\"342\" \/>\n\t<meta property=\"og:image:type\" content=\"image\/jpeg\" \/>\n<meta name=\"author\" content=\"f1000024\" \/>\n<meta name=\"twitter:card\" content=\"summary_large_image\" \/>\n<meta name=\"twitter:label1\" content=\"Escrito por\" \/>\n\t<meta name=\"twitter:data1\" content=\"f1000024\" \/>\n\t<meta name=\"twitter:label2\" content=\"Tiempo de lectura\" \/>\n\t<meta name=\"twitter:data2\" content=\"1 minuto\" \/>\n<script type=\"application\/ld+json\" class=\"yoast-schema-graph\">{\"@context\":\"https:\\\/\\\/schema.org\",\"@graph\":[{\"@type\":\"Article\",\"@id\":\"https:\\\/\\\/cvinoticias.com\\\/v3\\\/piqueteros-marcharan-hoy-contra-el-gobierno\\\/#article\",\"isPartOf\":{\"@id\":\"https:\\\/\\\/cvinoticias.com\\\/v3\\\/piqueteros-marcharan-hoy-contra-el-gobierno\\\/\"},\"author\":{\"name\":\"f1000024\",\"@id\":\"https:\\\/\\\/cvinoticias.com\\\/v3\\\/#\\\/schema\\\/person\\\/2db77e3c6bc03c538495d7b2b8be9b66\"},\"headline\":\"Piqueteros marchar\u00e1n hoy contra el Gobierno\",\"datePublished\":\"2023-12-20T11:13:39+00:00\",\"mainEntityOfPage\":{\"@id\":\"https:\\\/\\\/cvinoticias.com\\\/v3\\\/piqueteros-marcharan-hoy-contra-el-gobierno\\\/\"},\"wordCount\":202,\"commentCount\":0,\"publisher\":{\"@id\":\"https:\\\/\\\/cvinoticias.com\\\/v3\\\/#organization\"},\"image\":{\"@id\":\"https:\\\/\\\/cvinoticias.com\\\/v3\\\/piqueteros-marcharan-hoy-contra-el-gobierno\\\/#primaryimage\"},\"thumbnailUrl\":\"https:\\\/\\\/cvinoticias.com\\\/wp-content\\\/uploads\\\/2023\\\/12\\\/f608x342-494324_524047_15.jpg\",\"articleSection\":[\"Informaci\u00f3n General\"],\"inLanguage\":\"es\",\"potentialAction\":[{\"@type\":\"CommentAction\",\"name\":\"Comment\",\"target\":[\"https:\\\/\\\/cvinoticias.com\\\/v3\\\/piqueteros-marcharan-hoy-contra-el-gobierno\\\/#respond\"]}]},{\"@type\":\"WebPage\",\"@id\":\"https:\\\/\\\/cvinoticias.com\\\/v3\\\/piqueteros-marcharan-hoy-contra-el-gobierno\\\/\",\"url\":\"https:\\\/\\\/cvinoticias.com\\\/v3\\\/piqueteros-marcharan-hoy-contra-el-gobierno\\\/\",\"name\":\"Piqueteros marchar\u00e1n hoy contra el Gobierno | CVI NOTICIAS\",\"isPartOf\":{\"@id\":\"https:\\\/\\\/cvinoticias.com\\\/v3\\\/#website\"},\"primaryImageOfPage\":{\"@id\":\"https:\\\/\\\/cvinoticias.com\\\/v3\\\/piqueteros-marcharan-hoy-contra-el-gobierno\\\/#primaryimage\"},\"image\":{\"@id\":\"https:\\\/\\\/cvinoticias.com\\\/v3\\\/piqueteros-marcharan-hoy-contra-el-gobierno\\\/#primaryimage\"},\"thumbnailUrl\":\"https:\\\/\\\/cvinoticias.com\\\/wp-content\\\/uploads\\\/2023\\\/12\\\/f608x342-494324_524047_15.jpg\",\"datePublished\":\"2023-12-20T11:13:39+00:00\",\"breadcrumb\":{\"@id\":\"https:\\\/\\\/cvinoticias.com\\\/v3\\\/piqueteros-marcharan-hoy-contra-el-gobierno\\\/#breadcrumb\"},\"inLanguage\":\"es\",\"potentialAction\":[{\"@type\":\"ReadAction\",\"target\":[\"https:\\\/\\\/cvinoticias.com\\\/v3\\\/piqueteros-marcharan-hoy-contra-el-gobierno\\\/\"]}]},{\"@type\":\"ImageObject\",\"inLanguage\":\"es\",\"@id\":\"https:\\\/\\\/cvinoticias.com\\\/v3\\\/piqueteros-marcharan-hoy-contra-el-gobierno\\\/#primaryimage\",\"url\":\"https:\\\/\\\/cvinoticias.com\\\/wp-content\\\/uploads\\\/2023\\\/12\\\/f608x342-494324_524047_15.jpg\",\"contentUrl\":\"https:\\\/\\\/cvinoticias.com\\\/wp-content\\\/uploads\\\/2023\\\/12\\\/f608x342-494324_524047_15.jpg\",\"width\":608,\"height\":342},{\"@type\":\"BreadcrumbList\",\"@id\":\"https:\\\/\\\/cvinoticias.com\\\/v3\\\/piqueteros-marcharan-hoy-contra-el-gobierno\\\/#breadcrumb\",\"itemListElement\":[{\"@type\":\"ListItem\",\"position\":1,\"name\":\"Portada\",\"item\":\"https:\\\/\\\/cvinoticias.com\\\/v3\\\/\"},{\"@type\":\"ListItem\",\"position\":2,\"name\":\"Piqueteros marchar\u00e1n hoy contra el Gobierno\"}]},{\"@type\":\"WebSite\",\"@id\":\"https:\\\/\\\/cvinoticias.com\\\/v3\\\/#website\",\"url\":\"https:\\\/\\\/cvinoticias.com\\\/v3\\\/\",\"name\":\"CVI NOTICIAS\",\"description\":\"\",\"publisher\":{\"@id\":\"https:\\\/\\\/cvinoticias.com\\\/v3\\\/#organization\"},\"alternateName\":\"CVI\",\"potentialAction\":[{\"@type\":\"SearchAction\",\"target\":{\"@type\":\"EntryPoint\",\"urlTemplate\":\"https:\\\/\\\/cvinoticias.com\\\/v3\\\/?s={search_term_string}\"},\"query-input\":{\"@type\":\"PropertyValueSpecification\",\"valueRequired\":true,\"valueName\":\"search_term_string\"}}],\"inLanguage\":\"es\"},{\"@type\":\"Organization\",\"@id\":\"https:\\\/\\\/cvinoticias.com\\\/v3\\\/#organization\",\"name\":\"CVI NOTICIAS\",\"url\":\"https:\\\/\\\/cvinoticias.com\\\/v3\\\/\",\"logo\":{\"@type\":\"ImageObject\",\"inLanguage\":\"es\",\"@id\":\"https:\\\/\\\/cvinoticias.com\\\/v3\\\/#\\\/schema\\\/logo\\\/image\\\/\",\"url\":\"https:\\\/\\\/cvinoticias.com\\\/wp-content\\\/uploads\\\/2023\\\/04\\\/cropped-cropped-cropped-cropped-cropped-3-1.png\",\"contentUrl\":\"https:\\\/\\\/cvinoticias.com\\\/wp-content\\\/uploads\\\/2023\\\/04\\\/cropped-cropped-cropped-cropped-cropped-3-1.png\",\"width\":95,\"height\":122,\"caption\":\"CVI NOTICIAS\"},\"image\":{\"@id\":\"https:\\\/\\\/cvinoticias.com\\\/v3\\\/#\\\/schema\\\/logo\\\/image\\\/\"},\"sameAs\":[\"https:\\\/\\\/www.facebook.com\\\/cvinoticias\",\"https:\\\/\\\/www.instagram.com\\\/cvinoticias\\\/\",\"https:\\\/\\\/www.youtube.com\\\/@CVINOTICIAS\"]},{\"@type\":\"Person\",\"@id\":\"https:\\\/\\\/cvinoticias.com\\\/v3\\\/#\\\/schema\\\/person\\\/2db77e3c6bc03c538495d7b2b8be9b66\",\"name\":\"f1000024\",\"image\":{\"@type\":\"ImageObject\",\"inLanguage\":\"es\",\"@id\":\"https:\\\/\\\/secure.gravatar.com\\\/avatar\\\/d4fe7459cfc51ff5129ce1a732bbef5928568b8092d412ef95611616376bbeed?s=96&d=mm&r=g\",\"url\":\"https:\\\/\\\/secure.gravatar.com\\\/avatar\\\/d4fe7459cfc51ff5129ce1a732bbef5928568b8092d412ef95611616376bbeed?s=96&d=mm&r=g\",\"contentUrl\":\"https:\\\/\\\/secure.gravatar.com\\\/avatar\\\/d4fe7459cfc51ff5129ce1a732bbef5928568b8092d412ef95611616376bbeed?s=96&d=mm&r=g\",\"caption\":\"f1000024\"},\"url\":\"https:\\\/\\\/cvinoticias.com\\\/v3\\\/author\\\/f1000024\\\/\"}]}<\/script>\n<!-- \/ Yoast SEO plugin. -->","yoast_head_json":{"title":"Piqueteros marchar\u00e1n hoy contra el Gobierno | CVI NOTICIAS","robots":{"index":"index","follow":"follow","max-snippet":"max-snippet:-1","max-image-preview":"max-image-preview:large","max-video-preview":"max-video-preview:-1"},"canonical":"https:\/\/cvinoticias.com\/v3\/piqueteros-marcharan-hoy-contra-el-gobierno\/","og_locale":"es_ES","og_type":"article","og_title":"Piqueteros marchar\u00e1n hoy contra el Gobierno | CVI NOTICIAS","og_description":"La movilizaci\u00f3n fue convocada para las 16 horas y llamaron a sumarse a todas las organizaciones que quieran \u00abluchar contra el ajuste y contra la represi\u00f3n\u00bb. Organizaciones sociales y pol\u00edticas nucleadas a la Unidad Piquetera (UP) marchar\u00e1n a Plaza de Mayo hoy en contra de las medidas de ajuste anunciadas por el Gobierno de Javier [&hellip;]","og_url":"https:\/\/cvinoticias.com\/v3\/piqueteros-marcharan-hoy-contra-el-gobierno\/","og_site_name":"CVI NOTICIAS","article_publisher":"https:\/\/www.facebook.com\/cvinoticias","article_published_time":"2023-12-20T11:13:39+00:00","og_image":[{"width":608,"height":342,"url":"https:\/\/cvinoticias.com\/wp-content\/uploads\/2023\/12\/f608x342-494324_524047_15.jpg","type":"image\/jpeg"}],"author":"f1000024","twitter_card":"summary_large_image","twitter_misc":{"Escrito por":"f1000024","Tiempo de lectura":"1 minuto"},"schema":{"@context":"https:\/\/schema.org","@graph":[{"@type":"Article","@id":"https:\/\/cvinoticias.com\/v3\/piqueteros-marcharan-hoy-contra-el-gobierno\/#article","isPartOf":{"@id":"https:\/\/cvinoticias.com\/v3\/piqueteros-marcharan-hoy-contra-el-gobierno\/"},"author":{"name":"f1000024","@id":"https:\/\/cvinoticias.com\/v3\/#\/schema\/person\/2db77e3c6bc03c538495d7b2b8be9b66"},"headline":"Piqueteros marchar\u00e1n hoy contra el Gobierno","datePublished":"2023-12-20T11:13:39+00:00","mainEntityOfPage":{"@id":"https:\/\/cvinoticias.com\/v3\/piqueteros-marcharan-hoy-contra-el-gobierno\/"},"wordCount":202,"commentCount":0,"publisher":{"@id":"https:\/\/cvinoticias.com\/v3\/#organization"},"image":{"@id":"https:\/\/cvinoticias.com\/v3\/piqueteros-marcharan-hoy-contra-el-gobierno\/#primaryimage"},"thumbnailUrl":"https:\/\/cvinoticias.com\/wp-content\/uploads\/2023\/12\/f608x342-494324_524047_15.jpg","articleSection":["Informaci\u00f3n General"],"inLanguage":"es","potentialAction":[{"@type":"CommentAction","name":"Comment","target":["https:\/\/cvinoticias.com\/v3\/piqueteros-marcharan-hoy-contra-el-gobierno\/#respond"]}]},{"@type":"WebPage","@id":"https:\/\/cvinoticias.com\/v3\/piqueteros-marcharan-hoy-contra-el-gobierno\/","url":"https:\/\/cvinoticias.com\/v3\/piqueteros-marcharan-hoy-contra-el-gobierno\/","name":"Piqueteros marchar\u00e1n hoy contra el Gobierno | CVI NOTICIAS","isPartOf":{"@id":"https:\/\/cvinoticias.com\/v3\/#website"},"primaryImageOfPage":{"@id":"https:\/\/cvinoticias.com\/v3\/piqueteros-marcharan-hoy-contra-el-gobierno\/#primaryimage"},"image":{"@id":"https:\/\/cvinoticias.com\/v3\/piqueteros-marcharan-hoy-contra-el-gobierno\/#primaryimage"},"thumbnailUrl":"https:\/\/cvinoticias.com\/wp-content\/uploads\/2023\/12\/f608x342-494324_524047_15.jpg","datePublished":"2023-12-20T11:13:39+00:00","breadcrumb":{"@id":"https:\/\/cvinoticias.com\/v3\/piqueteros-marcharan-hoy-contra-el-gobierno\/#breadcrumb"},"inLanguage":"es","potentialAction":[{"@type":"ReadAction","target":["https:\/\/cvinoticias.com\/v3\/piqueteros-marcharan-hoy-contra-el-gobierno\/"]}]},{"@type":"ImageObject","inLanguage":"es","@id":"https:\/\/cvinoticias.com\/v3\/piqueteros-marcharan-hoy-contra-el-gobierno\/#primaryimage","url":"https:\/\/cvinoticias.com\/wp-content\/uploads\/2023\/12\/f608x342-494324_524047_15.jpg","contentUrl":"https:\/\/cvinoticias.com\/wp-content\/uploads\/2023\/12\/f608x342-494324_524047_15.jpg","width":608,"height":342},{"@type":"BreadcrumbList","@id":"https:\/\/cvinoticias.com\/v3\/piqueteros-marcharan-hoy-contra-el-gobierno\/#breadcrumb","itemListElement":[{"@type":"ListItem","position":1,"name":"Portada","item":"https:\/\/cvinoticias.com\/v3\/"},{"@type":"ListItem","position":2,"name":"Piqueteros marchar\u00e1n hoy contra el Gobierno"}]},{"@type":"WebSite","@id":"https:\/\/cvinoticias.com\/v3\/#website","url":"https:\/\/cvinoticias.com\/v3\/","name":"CVI NOTICIAS","description":"","publisher":{"@id":"https:\/\/cvinoticias.com\/v3\/#organization"},"alternateName":"CVI","potentialAction":[{"@type":"SearchAction","target":{"@type":"EntryPoint","urlTemplate":"https:\/\/cvinoticias.com\/v3\/?s={search_term_string}"},"query-input":{"@type":"PropertyValueSpecification","valueRequired":true,"valueName":"search_term_string"}}],"inLanguage":"es"},{"@type":"Organization","@id":"https:\/\/cvinoticias.com\/v3\/#organization","name":"CVI NOTICIAS","url":"https:\/\/cvinoticias.com\/v3\/","logo":{"@type":"ImageObject","inLanguage":"es","@id":"https:\/\/cvinoticias.com\/v3\/#\/schema\/logo\/image\/","url":"https:\/\/cvinoticias.com\/wp-content\/uploads\/2023\/04\/cropped-cropped-cropped-cropped-cropped-3-1.png","contentUrl":"https:\/\/cvinoticias.com\/wp-content\/uploads\/2023\/04\/cropped-cropped-cropped-cropped-cropped-3-1.png","width":95,"height":122,"caption":"CVI NOTICIAS"},"image":{"@id":"https:\/\/cvinoticias.com\/v3\/#\/schema\/logo\/image\/"},"sameAs":["https:\/\/www.facebook.com\/cvinoticias","https:\/\/www.instagram.com\/cvinoticias\/","https:\/\/www.youtube.com\/@CVINOTICIAS"]},{"@type":"Person","@id":"https:\/\/cvinoticias.com\/v3\/#\/schema\/person\/2db77e3c6bc03c538495d7b2b8be9b66","name":"f1000024","image":{"@type":"ImageObject","inLanguage":"es","@id":"https:\/\/secure.gravatar.com\/avatar\/d4fe7459cfc51ff5129ce1a732bbef5928568b8092d412ef95611616376bbeed?s=96&d=mm&r=g","url":"https:\/\/secure.gravatar.com\/avatar\/d4fe7459cfc51ff5129ce1a732bbef5928568b8092d412ef95611616376bbeed?s=96&d=mm&r=g","contentUrl":"https:\/\/secure.gravatar.com\/avatar\/d4fe7459cfc51ff5129ce1a732bbef5928568b8092d412ef95611616376bbeed?s=96&d=mm&r=g","caption":"f1000024"},"url":"https:\/\/cvinoticias.com\/v3\/author\/f1000024\/"}]}},"_links":{"self":[{"href":"https:\/\/cvinoticias.com\/v3\/wp-json\/wp\/v2\/posts\/31090","targetHints":{"allow":["GET"]}}],"collection":[{"href":"https:\/\/cvinoticias.com\/v3\/wp-json\/wp\/v2\/posts"}],"about":[{"href":"https:\/\/cvinoticias.com\/v3\/wp-json\/wp\/v2\/types\/post"}],"author":[{"embeddable":true,"href":"https:\/\/cvinoticias.com\/v3\/wp-json\/wp\/v2\/users\/2"}],"replies":[{"embeddable":true,"href":"https:\/\/cvinoticias.com\/v3\/wp-json\/wp\/v2\/comments?post=31090"}],"version-history":[{"count":1,"href":"https:\/\/cvinoticias.com\/v3\/wp-json\/wp\/v2\/posts\/31090\/revisions"}],"predecessor-version":[{"id":31092,"href":"https:\/\/cvinoticias.com\/v3\/wp-json\/wp\/v2\/posts\/31090\/revisions\/31092"}],"wp:featuredmedia":[{"embeddable":true,"href":"https:\/\/cvinoticias.com\/v3\/wp-json\/wp\/v2\/media\/31091"}],"wp:attachment":[{"href":"https:\/\/cvinoticias.com\/v3\/wp-json\/wp\/v2\/media?parent=31090"}],"wp:term":[{"taxonomy":"category","embeddable":true,"href":"https:\/\/cvinoticias.com\/v3\/wp-json\/wp\/v2\/categories?post=31090"},{"taxonomy":"post_tag","embeddable":true,"href":"https:\/\/cvinoticias.com\/v3\/wp-json\/wp\/v2\/tags?post=31090"}],"curies":[{"name":"wp","href":"https:\/\/api.w.org\/{rel}","templated":true}]}}