{"id":31086,"date":"2023-12-19T08:53:46","date_gmt":"2023-12-19T11:53:46","guid":{"rendered":"https:\/\/cvinoticias.com\/v3\/?p=31086"},"modified":"2023-12-19T08:53:46","modified_gmt":"2023-12-19T11:53:46","slug":"mejoramiento-infraestructura-vial-en-avenida-nestor-kirchner","status":"publish","type":"post","link":"https:\/\/cvinoticias.com\/v3\/mejoramiento-infraestructura-vial-en-avenida-nestor-kirchner\/","title":{"rendered":"Mejoramiento infraestructura vial en Avenida N\u00e9stor Kirchner"},"content":{"rendered":"\n<p><strong><em>En el af\u00e1n de mejorar la infraestructura vial y garantizar la seguridad de todos los vecinos, el equipo de la Secretar\u00eda Municipal de Obras y Servicios P\u00fablicos llev\u00f3 a cabo, durante el d\u00eda de ayer, una jornada intensiva de trabajos de bacheo en la Avenida N\u00e9stor Kirchner.<\/em><\/strong><\/p>\n\n\n\n<p>La iniciativa responde al compromiso constante de la municipalidad de mantener nuestras calles en buenas condiciones, ofreciendo una transitabilidad segura y c\u00f3moda para todos los residentes. Con un enfoque espec\u00edfico entre las calles Salto Tres Mosqueteros y Rene Favaloro, y la rotonda de N\u00e9stor Kirchner, el equipo abord\u00f3 las zonas m\u00e1s cr\u00edticas que requer\u00edan atenci\u00f3n inmediata.<\/p>\n\n\n\n<p>En este proceso de mejoramiento vial, se emple\u00f3 pavimento asf\u00e1ltico reciclado (RAP) mezclado con asfalto en fr\u00edo y la ayuda de material ligante.<\/p>\n\n\n\n<figure class=\"wp-block-image size-large\"><a href=\"https:\/\/cvinoticias.com\/wp-content\/uploads\/2023\/12\/IMG-20231219-WA0006.jpg\"><img decoding=\"async\" width=\"1024\" height=\"576\" data-src=\"https:\/\/cvinoticias.com\/wp-content\/uploads\/2023\/12\/IMG-20231219-WA0006-1024x576.jpg\" alt=\"\" class=\"wp-image-31088 lazyload\" data-srcset=\"https:\/\/cvinoticias.com\/wp-content\/uploads\/2023\/12\/IMG-20231219-WA0006-1024x576.jpg 1024w, https:\/\/cvinoticias.com\/wp-content\/uploads\/2023\/12\/IMG-20231219-WA0006-300x169.jpg 300w, https:\/\/cvinoticias.com\/wp-content\/uploads\/2023\/12\/IMG-20231219-WA0006-768x432.jpg 768w, https:\/\/cvinoticias.com\/wp-content\/uploads\/2023\/12\/IMG-20231219-WA0006-1536x864.jpg 1536w, https:\/\/cvinoticias.com\/wp-content\/uploads\/2023\/12\/IMG-20231219-WA0006.jpg 1600w\" data-sizes=\"(max-width: 1024px) 100vw, 1024px\" src=\"data:image\/svg+xml;base64,PHN2ZyB3aWR0aD0iMSIgaGVpZ2h0PSIxIiB4bWxucz0iaHR0cDovL3d3dy53My5vcmcvMjAwMC9zdmciPjwvc3ZnPg==\" style=\"--smush-placeholder-width: 1024px; --smush-placeholder-aspect-ratio: 1024\/576;\" \/><\/a><\/figure>\n\n\n\n<p><br>Los trabajos no se detendr\u00e1n, y en la ma\u00f1ana de hoy, el equipo continuar\u00e1 en la intersecci\u00f3n de N\u00e9stor Kirchner y Papa Francisco, focaliz\u00e1ndose en las \u00e1reas que requieran atenci\u00f3n para optimizar la circulaci\u00f3n vehicular en esa zona.<\/p>\n\n\n\n<p>Se agradece la comprensi\u00f3n y paciencia de la comunidad durante la ejecuci\u00f3n de estas tareas, ya que desde el Municipio reconocen que las mejoras en la vialidad son esenciales para el bienestar de todos. Se continuar\u00e1 con el compromiso en la construcci\u00f3n de una ciudad m\u00e1s segura y funcional para cada uno de iguazuenses.<\/p>\n","protected":false},"excerpt":{"rendered":"<p>En el af\u00e1n de mejorar la infraestructura vial y garantizar la seguridad de todos los vecinos, el equipo de la Secretar\u00eda Municipal de Obras y Servicios P\u00fablicos llev\u00f3 a cabo, durante el d\u00eda de ayer, una jornada intensiva de trabajos de bacheo en la Avenida N\u00e9stor Kirchner. La iniciativa responde al compromiso constante de la [&hellip;]<\/p>\n","protected":false},"author":2,"featured_media":31087,"comment_status":"open","ping_status":"open","sticky":false,"template":"","format":"standard","meta":{"footnotes":""},"categories":[29],"tags":[],"class_list":["post-31086","post","type-post","status-publish","format-standard","has-post-thumbnail","hentry","category-locales"],"yoast_head":"<!-- This site is optimized with the Yoast SEO plugin v27.5 - https:\/\/yoast.com\/product\/yoast-seo-wordpress\/ -->\n<title>Mejoramiento infraestructura vial en Avenida N\u00e9stor Kirchner | CVI NOTICIAS<\/title>\n<meta name=\"robots\" content=\"index, follow, max-snippet:-1, max-image-preview:large, max-video-preview:-1\" \/>\n<link rel=\"canonical\" href=\"https:\/\/cvinoticias.com\/v3\/mejoramiento-infraestructura-vial-en-avenida-nestor-kirchner\/\" \/>\n<meta property=\"og:locale\" content=\"es_ES\" \/>\n<meta property=\"og:type\" content=\"article\" \/>\n<meta property=\"og:title\" content=\"Mejoramiento infraestructura vial en Avenida N\u00e9stor Kirchner | CVI NOTICIAS\" \/>\n<meta property=\"og:description\" content=\"En el af\u00e1n de mejorar la infraestructura vial y garantizar la seguridad de todos los vecinos, el equipo de la Secretar\u00eda Municipal de Obras y Servicios P\u00fablicos llev\u00f3 a cabo, durante el d\u00eda de ayer, una jornada intensiva de trabajos de bacheo en la Avenida N\u00e9stor Kirchner. La iniciativa responde al compromiso constante de la [&hellip;]\" \/>\n<meta property=\"og:url\" content=\"https:\/\/cvinoticias.com\/v3\/mejoramiento-infraestructura-vial-en-avenida-nestor-kirchner\/\" \/>\n<meta property=\"og:site_name\" content=\"CVI NOTICIAS\" \/>\n<meta property=\"article:publisher\" content=\"https:\/\/www.facebook.com\/cvinoticias\" \/>\n<meta property=\"article:published_time\" content=\"2023-12-19T11:53:46+00:00\" \/>\n<meta property=\"og:image\" content=\"https:\/\/cvinoticias.com\/wp-content\/uploads\/2023\/12\/IMG-20231219-WA0007.jpg\" \/>\n\t<meta property=\"og:image:width\" content=\"900\" \/>\n\t<meta property=\"og:image:height\" content=\"900\" \/>\n\t<meta property=\"og:image:type\" content=\"image\/jpeg\" \/>\n<meta name=\"author\" content=\"f1000024\" \/>\n<meta name=\"twitter:card\" content=\"summary_large_image\" \/>\n<meta name=\"twitter:label1\" content=\"Escrito por\" \/>\n\t<meta name=\"twitter:data1\" content=\"f1000024\" \/>\n\t<meta name=\"twitter:label2\" content=\"Tiempo de lectura\" \/>\n\t<meta name=\"twitter:data2\" content=\"1 minuto\" \/>\n<script type=\"application\/ld+json\" class=\"yoast-schema-graph\">{\"@context\":\"https:\\\/\\\/schema.org\",\"@graph\":[{\"@type\":\"Article\",\"@id\":\"https:\\\/\\\/cvinoticias.com\\\/v3\\\/mejoramiento-infraestructura-vial-en-avenida-nestor-kirchner\\\/#article\",\"isPartOf\":{\"@id\":\"https:\\\/\\\/cvinoticias.com\\\/v3\\\/mejoramiento-infraestructura-vial-en-avenida-nestor-kirchner\\\/\"},\"author\":{\"name\":\"f1000024\",\"@id\":\"https:\\\/\\\/cvinoticias.com\\\/v3\\\/#\\\/schema\\\/person\\\/2db77e3c6bc03c538495d7b2b8be9b66\"},\"headline\":\"Mejoramiento infraestructura vial en Avenida N\u00e9stor Kirchner\",\"datePublished\":\"2023-12-19T11:53:46+00:00\",\"mainEntityOfPage\":{\"@id\":\"https:\\\/\\\/cvinoticias.com\\\/v3\\\/mejoramiento-infraestructura-vial-en-avenida-nestor-kirchner\\\/\"},\"wordCount\":251,\"commentCount\":0,\"publisher\":{\"@id\":\"https:\\\/\\\/cvinoticias.com\\\/v3\\\/#organization\"},\"image\":{\"@id\":\"https:\\\/\\\/cvinoticias.com\\\/v3\\\/mejoramiento-infraestructura-vial-en-avenida-nestor-kirchner\\\/#primaryimage\"},\"thumbnailUrl\":\"https:\\\/\\\/cvinoticias.com\\\/wp-content\\\/uploads\\\/2023\\\/12\\\/IMG-20231219-WA0007.jpg\",\"articleSection\":[\"Locales\"],\"inLanguage\":\"es\",\"potentialAction\":[{\"@type\":\"CommentAction\",\"name\":\"Comment\",\"target\":[\"https:\\\/\\\/cvinoticias.com\\\/v3\\\/mejoramiento-infraestructura-vial-en-avenida-nestor-kirchner\\\/#respond\"]}]},{\"@type\":\"WebPage\",\"@id\":\"https:\\\/\\\/cvinoticias.com\\\/v3\\\/mejoramiento-infraestructura-vial-en-avenida-nestor-kirchner\\\/\",\"url\":\"https:\\\/\\\/cvinoticias.com\\\/v3\\\/mejoramiento-infraestructura-vial-en-avenida-nestor-kirchner\\\/\",\"name\":\"Mejoramiento infraestructura vial en Avenida N\u00e9stor Kirchner | CVI NOTICIAS\",\"isPartOf\":{\"@id\":\"https:\\\/\\\/cvinoticias.com\\\/v3\\\/#website\"},\"primaryImageOfPage\":{\"@id\":\"https:\\\/\\\/cvinoticias.com\\\/v3\\\/mejoramiento-infraestructura-vial-en-avenida-nestor-kirchner\\\/#primaryimage\"},\"image\":{\"@id\":\"https:\\\/\\\/cvinoticias.com\\\/v3\\\/mejoramiento-infraestructura-vial-en-avenida-nestor-kirchner\\\/#primaryimage\"},\"thumbnailUrl\":\"https:\\\/\\\/cvinoticias.com\\\/wp-content\\\/uploads\\\/2023\\\/12\\\/IMG-20231219-WA0007.jpg\",\"datePublished\":\"2023-12-19T11:53:46+00:00\",\"breadcrumb\":{\"@id\":\"https:\\\/\\\/cvinoticias.com\\\/v3\\\/mejoramiento-infraestructura-vial-en-avenida-nestor-kirchner\\\/#breadcrumb\"},\"inLanguage\":\"es\",\"potentialAction\":[{\"@type\":\"ReadAction\",\"target\":[\"https:\\\/\\\/cvinoticias.com\\\/v3\\\/mejoramiento-infraestructura-vial-en-avenida-nestor-kirchner\\\/\"]}]},{\"@type\":\"ImageObject\",\"inLanguage\":\"es\",\"@id\":\"https:\\\/\\\/cvinoticias.com\\\/v3\\\/mejoramiento-infraestructura-vial-en-avenida-nestor-kirchner\\\/#primaryimage\",\"url\":\"https:\\\/\\\/cvinoticias.com\\\/wp-content\\\/uploads\\\/2023\\\/12\\\/IMG-20231219-WA0007.jpg\",\"contentUrl\":\"https:\\\/\\\/cvinoticias.com\\\/wp-content\\\/uploads\\\/2023\\\/12\\\/IMG-20231219-WA0007.jpg\",\"width\":900,\"height\":900},{\"@type\":\"BreadcrumbList\",\"@id\":\"https:\\\/\\\/cvinoticias.com\\\/v3\\\/mejoramiento-infraestructura-vial-en-avenida-nestor-kirchner\\\/#breadcrumb\",\"itemListElement\":[{\"@type\":\"ListItem\",\"position\":1,\"name\":\"Portada\",\"item\":\"https:\\\/\\\/cvinoticias.com\\\/v3\\\/\"},{\"@type\":\"ListItem\",\"position\":2,\"name\":\"Mejoramiento infraestructura vial en Avenida N\u00e9stor Kirchner\"}]},{\"@type\":\"WebSite\",\"@id\":\"https:\\\/\\\/cvinoticias.com\\\/v3\\\/#website\",\"url\":\"https:\\\/\\\/cvinoticias.com\\\/v3\\\/\",\"name\":\"CVI NOTICIAS\",\"description\":\"\",\"publisher\":{\"@id\":\"https:\\\/\\\/cvinoticias.com\\\/v3\\\/#organization\"},\"alternateName\":\"CVI\",\"potentialAction\":[{\"@type\":\"SearchAction\",\"target\":{\"@type\":\"EntryPoint\",\"urlTemplate\":\"https:\\\/\\\/cvinoticias.com\\\/v3\\\/?s={search_term_string}\"},\"query-input\":{\"@type\":\"PropertyValueSpecification\",\"valueRequired\":true,\"valueName\":\"search_term_string\"}}],\"inLanguage\":\"es\"},{\"@type\":\"Organization\",\"@id\":\"https:\\\/\\\/cvinoticias.com\\\/v3\\\/#organization\",\"name\":\"CVI NOTICIAS\",\"url\":\"https:\\\/\\\/cvinoticias.com\\\/v3\\\/\",\"logo\":{\"@type\":\"ImageObject\",\"inLanguage\":\"es\",\"@id\":\"https:\\\/\\\/cvinoticias.com\\\/v3\\\/#\\\/schema\\\/logo\\\/image\\\/\",\"url\":\"https:\\\/\\\/cvinoticias.com\\\/wp-content\\\/uploads\\\/2023\\\/04\\\/cropped-cropped-cropped-cropped-cropped-3-1.png\",\"contentUrl\":\"https:\\\/\\\/cvinoticias.com\\\/wp-content\\\/uploads\\\/2023\\\/04\\\/cropped-cropped-cropped-cropped-cropped-3-1.png\",\"width\":95,\"height\":122,\"caption\":\"CVI NOTICIAS\"},\"image\":{\"@id\":\"https:\\\/\\\/cvinoticias.com\\\/v3\\\/#\\\/schema\\\/logo\\\/image\\\/\"},\"sameAs\":[\"https:\\\/\\\/www.facebook.com\\\/cvinoticias\",\"https:\\\/\\\/www.instagram.com\\\/cvinoticias\\\/\",\"https:\\\/\\\/www.youtube.com\\\/@CVINOTICIAS\"]},{\"@type\":\"Person\",\"@id\":\"https:\\\/\\\/cvinoticias.com\\\/v3\\\/#\\\/schema\\\/person\\\/2db77e3c6bc03c538495d7b2b8be9b66\",\"name\":\"f1000024\",\"image\":{\"@type\":\"ImageObject\",\"inLanguage\":\"es\",\"@id\":\"https:\\\/\\\/secure.gravatar.com\\\/avatar\\\/d4fe7459cfc51ff5129ce1a732bbef5928568b8092d412ef95611616376bbeed?s=96&d=mm&r=g\",\"url\":\"https:\\\/\\\/secure.gravatar.com\\\/avatar\\\/d4fe7459cfc51ff5129ce1a732bbef5928568b8092d412ef95611616376bbeed?s=96&d=mm&r=g\",\"contentUrl\":\"https:\\\/\\\/secure.gravatar.com\\\/avatar\\\/d4fe7459cfc51ff5129ce1a732bbef5928568b8092d412ef95611616376bbeed?s=96&d=mm&r=g\",\"caption\":\"f1000024\"},\"url\":\"https:\\\/\\\/cvinoticias.com\\\/v3\\\/author\\\/f1000024\\\/\"}]}<\/script>\n<!-- \/ Yoast SEO plugin. -->","yoast_head_json":{"title":"Mejoramiento infraestructura vial en Avenida N\u00e9stor Kirchner | CVI NOTICIAS","robots":{"index":"index","follow":"follow","max-snippet":"max-snippet:-1","max-image-preview":"max-image-preview:large","max-video-preview":"max-video-preview:-1"},"canonical":"https:\/\/cvinoticias.com\/v3\/mejoramiento-infraestructura-vial-en-avenida-nestor-kirchner\/","og_locale":"es_ES","og_type":"article","og_title":"Mejoramiento infraestructura vial en Avenida N\u00e9stor Kirchner | CVI NOTICIAS","og_description":"En el af\u00e1n de mejorar la infraestructura vial y garantizar la seguridad de todos los vecinos, el equipo de la Secretar\u00eda Municipal de Obras y Servicios P\u00fablicos llev\u00f3 a cabo, durante el d\u00eda de ayer, una jornada intensiva de trabajos de bacheo en la Avenida N\u00e9stor Kirchner. La iniciativa responde al compromiso constante de la [&hellip;]","og_url":"https:\/\/cvinoticias.com\/v3\/mejoramiento-infraestructura-vial-en-avenida-nestor-kirchner\/","og_site_name":"CVI NOTICIAS","article_publisher":"https:\/\/www.facebook.com\/cvinoticias","article_published_time":"2023-12-19T11:53:46+00:00","og_image":[{"width":900,"height":900,"url":"https:\/\/cvinoticias.com\/wp-content\/uploads\/2023\/12\/IMG-20231219-WA0007.jpg","type":"image\/jpeg"}],"author":"f1000024","twitter_card":"summary_large_image","twitter_misc":{"Escrito por":"f1000024","Tiempo de lectura":"1 minuto"},"schema":{"@context":"https:\/\/schema.org","@graph":[{"@type":"Article","@id":"https:\/\/cvinoticias.com\/v3\/mejoramiento-infraestructura-vial-en-avenida-nestor-kirchner\/#article","isPartOf":{"@id":"https:\/\/cvinoticias.com\/v3\/mejoramiento-infraestructura-vial-en-avenida-nestor-kirchner\/"},"author":{"name":"f1000024","@id":"https:\/\/cvinoticias.com\/v3\/#\/schema\/person\/2db77e3c6bc03c538495d7b2b8be9b66"},"headline":"Mejoramiento infraestructura vial en Avenida N\u00e9stor Kirchner","datePublished":"2023-12-19T11:53:46+00:00","mainEntityOfPage":{"@id":"https:\/\/cvinoticias.com\/v3\/mejoramiento-infraestructura-vial-en-avenida-nestor-kirchner\/"},"wordCount":251,"commentCount":0,"publisher":{"@id":"https:\/\/cvinoticias.com\/v3\/#organization"},"image":{"@id":"https:\/\/cvinoticias.com\/v3\/mejoramiento-infraestructura-vial-en-avenida-nestor-kirchner\/#primaryimage"},"thumbnailUrl":"https:\/\/cvinoticias.com\/wp-content\/uploads\/2023\/12\/IMG-20231219-WA0007.jpg","articleSection":["Locales"],"inLanguage":"es","potentialAction":[{"@type":"CommentAction","name":"Comment","target":["https:\/\/cvinoticias.com\/v3\/mejoramiento-infraestructura-vial-en-avenida-nestor-kirchner\/#respond"]}]},{"@type":"WebPage","@id":"https:\/\/cvinoticias.com\/v3\/mejoramiento-infraestructura-vial-en-avenida-nestor-kirchner\/","url":"https:\/\/cvinoticias.com\/v3\/mejoramiento-infraestructura-vial-en-avenida-nestor-kirchner\/","name":"Mejoramiento infraestructura vial en Avenida N\u00e9stor Kirchner | CVI NOTICIAS","isPartOf":{"@id":"https:\/\/cvinoticias.com\/v3\/#website"},"primaryImageOfPage":{"@id":"https:\/\/cvinoticias.com\/v3\/mejoramiento-infraestructura-vial-en-avenida-nestor-kirchner\/#primaryimage"},"image":{"@id":"https:\/\/cvinoticias.com\/v3\/mejoramiento-infraestructura-vial-en-avenida-nestor-kirchner\/#primaryimage"},"thumbnailUrl":"https:\/\/cvinoticias.com\/wp-content\/uploads\/2023\/12\/IMG-20231219-WA0007.jpg","datePublished":"2023-12-19T11:53:46+00:00","breadcrumb":{"@id":"https:\/\/cvinoticias.com\/v3\/mejoramiento-infraestructura-vial-en-avenida-nestor-kirchner\/#breadcrumb"},"inLanguage":"es","potentialAction":[{"@type":"ReadAction","target":["https:\/\/cvinoticias.com\/v3\/mejoramiento-infraestructura-vial-en-avenida-nestor-kirchner\/"]}]},{"@type":"ImageObject","inLanguage":"es","@id":"https:\/\/cvinoticias.com\/v3\/mejoramiento-infraestructura-vial-en-avenida-nestor-kirchner\/#primaryimage","url":"https:\/\/cvinoticias.com\/wp-content\/uploads\/2023\/12\/IMG-20231219-WA0007.jpg","contentUrl":"https:\/\/cvinoticias.com\/wp-content\/uploads\/2023\/12\/IMG-20231219-WA0007.jpg","width":900,"height":900},{"@type":"BreadcrumbList","@id":"https:\/\/cvinoticias.com\/v3\/mejoramiento-infraestructura-vial-en-avenida-nestor-kirchner\/#breadcrumb","itemListElement":[{"@type":"ListItem","position":1,"name":"Portada","item":"https:\/\/cvinoticias.com\/v3\/"},{"@type":"ListItem","position":2,"name":"Mejoramiento infraestructura vial en Avenida N\u00e9stor Kirchner"}]},{"@type":"WebSite","@id":"https:\/\/cvinoticias.com\/v3\/#website","url":"https:\/\/cvinoticias.com\/v3\/","name":"CVI NOTICIAS","description":"","publisher":{"@id":"https:\/\/cvinoticias.com\/v3\/#organization"},"alternateName":"CVI","potentialAction":[{"@type":"SearchAction","target":{"@type":"EntryPoint","urlTemplate":"https:\/\/cvinoticias.com\/v3\/?s={search_term_string}"},"query-input":{"@type":"PropertyValueSpecification","valueRequired":true,"valueName":"search_term_string"}}],"inLanguage":"es"},{"@type":"Organization","@id":"https:\/\/cvinoticias.com\/v3\/#organization","name":"CVI NOTICIAS","url":"https:\/\/cvinoticias.com\/v3\/","logo":{"@type":"ImageObject","inLanguage":"es","@id":"https:\/\/cvinoticias.com\/v3\/#\/schema\/logo\/image\/","url":"https:\/\/cvinoticias.com\/wp-content\/uploads\/2023\/04\/cropped-cropped-cropped-cropped-cropped-3-1.png","contentUrl":"https:\/\/cvinoticias.com\/wp-content\/uploads\/2023\/04\/cropped-cropped-cropped-cropped-cropped-3-1.png","width":95,"height":122,"caption":"CVI NOTICIAS"},"image":{"@id":"https:\/\/cvinoticias.com\/v3\/#\/schema\/logo\/image\/"},"sameAs":["https:\/\/www.facebook.com\/cvinoticias","https:\/\/www.instagram.com\/cvinoticias\/","https:\/\/www.youtube.com\/@CVINOTICIAS"]},{"@type":"Person","@id":"https:\/\/cvinoticias.com\/v3\/#\/schema\/person\/2db77e3c6bc03c538495d7b2b8be9b66","name":"f1000024","image":{"@type":"ImageObject","inLanguage":"es","@id":"https:\/\/secure.gravatar.com\/avatar\/d4fe7459cfc51ff5129ce1a732bbef5928568b8092d412ef95611616376bbeed?s=96&d=mm&r=g","url":"https:\/\/secure.gravatar.com\/avatar\/d4fe7459cfc51ff5129ce1a732bbef5928568b8092d412ef95611616376bbeed?s=96&d=mm&r=g","contentUrl":"https:\/\/secure.gravatar.com\/avatar\/d4fe7459cfc51ff5129ce1a732bbef5928568b8092d412ef95611616376bbeed?s=96&d=mm&r=g","caption":"f1000024"},"url":"https:\/\/cvinoticias.com\/v3\/author\/f1000024\/"}]}},"_links":{"self":[{"href":"https:\/\/cvinoticias.com\/v3\/wp-json\/wp\/v2\/posts\/31086","targetHints":{"allow":["GET"]}}],"collection":[{"href":"https:\/\/cvinoticias.com\/v3\/wp-json\/wp\/v2\/posts"}],"about":[{"href":"https:\/\/cvinoticias.com\/v3\/wp-json\/wp\/v2\/types\/post"}],"author":[{"embeddable":true,"href":"https:\/\/cvinoticias.com\/v3\/wp-json\/wp\/v2\/users\/2"}],"replies":[{"embeddable":true,"href":"https:\/\/cvinoticias.com\/v3\/wp-json\/wp\/v2\/comments?post=31086"}],"version-history":[{"count":1,"href":"https:\/\/cvinoticias.com\/v3\/wp-json\/wp\/v2\/posts\/31086\/revisions"}],"predecessor-version":[{"id":31089,"href":"https:\/\/cvinoticias.com\/v3\/wp-json\/wp\/v2\/posts\/31086\/revisions\/31089"}],"wp:featuredmedia":[{"embeddable":true,"href":"https:\/\/cvinoticias.com\/v3\/wp-json\/wp\/v2\/media\/31087"}],"wp:attachment":[{"href":"https:\/\/cvinoticias.com\/v3\/wp-json\/wp\/v2\/media?parent=31086"}],"wp:term":[{"taxonomy":"category","embeddable":true,"href":"https:\/\/cvinoticias.com\/v3\/wp-json\/wp\/v2\/categories?post=31086"},{"taxonomy":"post_tag","embeddable":true,"href":"https:\/\/cvinoticias.com\/v3\/wp-json\/wp\/v2\/tags?post=31086"}],"curies":[{"name":"wp","href":"https:\/\/api.w.org\/{rel}","templated":true}]}}