{"id":31068,"date":"2023-12-18T18:14:59","date_gmt":"2023-12-18T21:14:59","guid":{"rendered":"https:\/\/cvinoticias.com\/v3\/?p=31068"},"modified":"2023-12-18T18:14:59","modified_gmt":"2023-12-18T21:14:59","slug":"se-inauguro-la-muestra-cataratas-del-iguazu-una-historia-de-produccion-turismo-y-conservacion-en-el-viejo-hotel-cataratas","status":"publish","type":"post","link":"https:\/\/cvinoticias.com\/v3\/se-inauguro-la-muestra-cataratas-del-iguazu-una-historia-de-produccion-turismo-y-conservacion-en-el-viejo-hotel-cataratas\/","title":{"rendered":"Se inaugur\u00f3 la muestra \u201cCataratas del Iguaz\u00fa, una historia de producci\u00f3n, turismo y conservaci\u00f3n\u201d en el Viejo Hotel Cataratas"},"content":{"rendered":"\n<p><strong><em>Esta ma\u00f1ana en el Viejo Hotel Cataratas- edificio hist\u00f3rico que se encuentra en el Parque Nacional Iguaz\u00fa, se inaugur\u00f3 la muestra \u201cCataratas del Iguaz\u00fa, una historia de producci\u00f3n, turismo y conservaci\u00f3n\u201d.<\/em><\/strong><\/p>\n\n\n\n<p>La muestra nos invita a realizar un recorrido por los principales hitos en la historia reciente de las Cataratas, con aportes nuevos acerca de algunos de sus protagonistas, enriqueciendo el patrimonio hist\u00f3rico-cultural del Parque y de la ciudad de Puerto Iguaz\u00fa.<\/p>\n\n\n\n<p>La exhibici\u00f3n, que nos cuenta la historia de las Cataratas haciendo foco en el per\u00edodo que comienza en 1880 y llega hasta nuestros d\u00edas, fue organizada por el depto. de Educaci\u00f3n Ambiental del Parque Nacional Iguaz\u00fa, a trav\u00e9s del rescate de piezas hist\u00f3ricas, fotos y relatos que reconstruyen el pasado reciente de estas tierras, y la contribuci\u00f3n de vecinos y familias de la ciudad de Puerto Iguaz\u00fa.<\/p>\n\n\n\n<figure class=\"wp-block-image size-large\"><a href=\"https:\/\/cvinoticias.com\/wp-content\/uploads\/2023\/12\/IMG-20231218-WA0427.jpg\"><img decoding=\"async\" width=\"1024\" height=\"768\" data-src=\"https:\/\/cvinoticias.com\/wp-content\/uploads\/2023\/12\/IMG-20231218-WA0427-1024x768.jpg\" alt=\"\" class=\"wp-image-31069 lazyload\" data-srcset=\"https:\/\/cvinoticias.com\/wp-content\/uploads\/2023\/12\/IMG-20231218-WA0427-1024x768.jpg 1024w, https:\/\/cvinoticias.com\/wp-content\/uploads\/2023\/12\/IMG-20231218-WA0427-300x225.jpg 300w, https:\/\/cvinoticias.com\/wp-content\/uploads\/2023\/12\/IMG-20231218-WA0427-768x576.jpg 768w, https:\/\/cvinoticias.com\/wp-content\/uploads\/2023\/12\/IMG-20231218-WA0427-1536x1152.jpg 1536w, https:\/\/cvinoticias.com\/wp-content\/uploads\/2023\/12\/IMG-20231218-WA0427.jpg 1600w\" data-sizes=\"(max-width: 1024px) 100vw, 1024px\" src=\"data:image\/svg+xml;base64,PHN2ZyB3aWR0aD0iMSIgaGVpZ2h0PSIxIiB4bWxucz0iaHR0cDovL3d3dy53My5vcmcvMjAwMC9zdmciPjwvc3ZnPg==\" style=\"--smush-placeholder-width: 1024px; --smush-placeholder-aspect-ratio: 1024\/768;\" \/><\/a><\/figure>\n\n\n\n<p>Adem\u00e1s, la muestra fue realizada con la colaboraci\u00f3n de la Sra. Mar\u00eda L. Novas y el valioso aporte de la Dra. Paula Bruno, quien nos acerc\u00f3 a la historia poco conocida de una figura de gran importancia en los inicios de esta \u00e1rea como sitio tur\u00edstico de relevancia: la Sra. Victoria Aguirre.<\/p>\n\n\n\n<figure class=\"wp-block-image size-large is-resized\"><a href=\"https:\/\/cvinoticias.com\/wp-content\/uploads\/2023\/12\/IMG-20231218-WA0429.jpg\"><img decoding=\"async\" width=\"1024\" height=\"768\" data-src=\"https:\/\/cvinoticias.com\/wp-content\/uploads\/2023\/12\/IMG-20231218-WA0429-1024x768.jpg\" alt=\"\" class=\"wp-image-31070 lazyload\" style=\"--smush-placeholder-width: 1024px; --smush-placeholder-aspect-ratio: 1024\/768;width:635px;height:auto\" data-srcset=\"https:\/\/cvinoticias.com\/wp-content\/uploads\/2023\/12\/IMG-20231218-WA0429-1024x768.jpg 1024w, https:\/\/cvinoticias.com\/wp-content\/uploads\/2023\/12\/IMG-20231218-WA0429-300x225.jpg 300w, https:\/\/cvinoticias.com\/wp-content\/uploads\/2023\/12\/IMG-20231218-WA0429-768x576.jpg 768w, https:\/\/cvinoticias.com\/wp-content\/uploads\/2023\/12\/IMG-20231218-WA0429-1536x1152.jpg 1536w, https:\/\/cvinoticias.com\/wp-content\/uploads\/2023\/12\/IMG-20231218-WA0429.jpg 1600w\" data-sizes=\"(max-width: 1024px) 100vw, 1024px\" src=\"data:image\/svg+xml;base64,PHN2ZyB3aWR0aD0iMSIgaGVpZ2h0PSIxIiB4bWxucz0iaHR0cDovL3d3dy53My5vcmcvMjAwMC9zdmciPjwvc3ZnPg==\" \/><\/a><\/figure>\n\n\n\n<p>Los visitantes del Parque Nacional Iguaz\u00fa, adem\u00e1s de recorrer sus atractivos naturales, podr\u00e1n acercarse al Viejo Hotel Cataratas para realizar un breve recorrido por la historia, para conocer un poco m\u00e1s sobre los or\u00edgenes y la rica cultura de este Sitio Patrimonio Mundial.<\/p>\n\n\n\n<figure class=\"wp-block-image size-large\"><a href=\"https:\/\/cvinoticias.com\/wp-content\/uploads\/2023\/12\/IMG-20231218-WA0421.jpg\"><img decoding=\"async\" width=\"1024\" height=\"768\" data-src=\"https:\/\/cvinoticias.com\/wp-content\/uploads\/2023\/12\/IMG-20231218-WA0421-1024x768.jpg\" alt=\"\" class=\"wp-image-31072 lazyload\" data-srcset=\"https:\/\/cvinoticias.com\/wp-content\/uploads\/2023\/12\/IMG-20231218-WA0421-1024x768.jpg 1024w, https:\/\/cvinoticias.com\/wp-content\/uploads\/2023\/12\/IMG-20231218-WA0421-300x225.jpg 300w, https:\/\/cvinoticias.com\/wp-content\/uploads\/2023\/12\/IMG-20231218-WA0421-768x576.jpg 768w, https:\/\/cvinoticias.com\/wp-content\/uploads\/2023\/12\/IMG-20231218-WA0421-1536x1152.jpg 1536w, https:\/\/cvinoticias.com\/wp-content\/uploads\/2023\/12\/IMG-20231218-WA0421.jpg 1600w\" data-sizes=\"(max-width: 1024px) 100vw, 1024px\" src=\"data:image\/svg+xml;base64,PHN2ZyB3aWR0aD0iMSIgaGVpZ2h0PSIxIiB4bWxucz0iaHR0cDovL3d3dy53My5vcmcvMjAwMC9zdmciPjwvc3ZnPg==\" style=\"--smush-placeholder-width: 1024px; --smush-placeholder-aspect-ratio: 1024\/768;\" \/><\/a><\/figure>\n","protected":false},"excerpt":{"rendered":"<p>Esta ma\u00f1ana en el Viejo Hotel Cataratas- edificio hist\u00f3rico que se encuentra en el Parque Nacional Iguaz\u00fa, se inaugur\u00f3 la muestra \u201cCataratas del Iguaz\u00fa, una historia de producci\u00f3n, turismo y conservaci\u00f3n\u201d. La muestra nos invita a realizar un recorrido por los principales hitos en la historia reciente de las Cataratas, con aportes nuevos acerca de [&hellip;]<\/p>\n","protected":false},"author":2,"featured_media":31071,"comment_status":"open","ping_status":"open","sticky":false,"template":"","format":"standard","meta":{"footnotes":""},"categories":[29],"tags":[],"class_list":["post-31068","post","type-post","status-publish","format-standard","has-post-thumbnail","hentry","category-locales"],"yoast_head":"<!-- This site is optimized with the Yoast SEO plugin v27.5 - https:\/\/yoast.com\/product\/yoast-seo-wordpress\/ -->\n<title>Se inaugur\u00f3 la muestra \u201cCataratas del Iguaz\u00fa, una historia de producci\u00f3n, turismo y conservaci\u00f3n\u201d en el Viejo Hotel Cataratas | CVI NOTICIAS<\/title>\n<meta name=\"robots\" content=\"index, follow, max-snippet:-1, max-image-preview:large, max-video-preview:-1\" \/>\n<link rel=\"canonical\" href=\"https:\/\/cvinoticias.com\/v3\/se-inauguro-la-muestra-cataratas-del-iguazu-una-historia-de-produccion-turismo-y-conservacion-en-el-viejo-hotel-cataratas\/\" \/>\n<meta property=\"og:locale\" content=\"es_ES\" \/>\n<meta property=\"og:type\" content=\"article\" \/>\n<meta property=\"og:title\" content=\"Se inaugur\u00f3 la muestra \u201cCataratas del Iguaz\u00fa, una historia de producci\u00f3n, turismo y conservaci\u00f3n\u201d en el Viejo Hotel Cataratas | CVI NOTICIAS\" \/>\n<meta property=\"og:description\" content=\"Esta ma\u00f1ana en el Viejo Hotel Cataratas- edificio hist\u00f3rico que se encuentra en el Parque Nacional Iguaz\u00fa, se inaugur\u00f3 la muestra \u201cCataratas del Iguaz\u00fa, una historia de producci\u00f3n, turismo y conservaci\u00f3n\u201d. La muestra nos invita a realizar un recorrido por los principales hitos en la historia reciente de las Cataratas, con aportes nuevos acerca de [&hellip;]\" \/>\n<meta property=\"og:url\" content=\"https:\/\/cvinoticias.com\/v3\/se-inauguro-la-muestra-cataratas-del-iguazu-una-historia-de-produccion-turismo-y-conservacion-en-el-viejo-hotel-cataratas\/\" \/>\n<meta property=\"og:site_name\" content=\"CVI NOTICIAS\" \/>\n<meta property=\"article:publisher\" content=\"https:\/\/www.facebook.com\/cvinoticias\" \/>\n<meta property=\"article:published_time\" content=\"2023-12-18T21:14:59+00:00\" \/>\n<meta property=\"og:image\" content=\"https:\/\/cvinoticias.com\/wp-content\/uploads\/2023\/12\/IMG-20231218-WA0422.jpg\" \/>\n\t<meta property=\"og:image:width\" content=\"1600\" \/>\n\t<meta property=\"og:image:height\" content=\"1200\" \/>\n\t<meta property=\"og:image:type\" content=\"image\/jpeg\" \/>\n<meta name=\"author\" content=\"f1000024\" \/>\n<meta name=\"twitter:card\" content=\"summary_large_image\" \/>\n<meta name=\"twitter:label1\" content=\"Escrito por\" \/>\n\t<meta name=\"twitter:data1\" content=\"f1000024\" \/>\n\t<meta name=\"twitter:label2\" content=\"Tiempo de lectura\" \/>\n\t<meta name=\"twitter:data2\" content=\"1 minuto\" \/>\n<script type=\"application\/ld+json\" class=\"yoast-schema-graph\">{\"@context\":\"https:\\\/\\\/schema.org\",\"@graph\":[{\"@type\":\"Article\",\"@id\":\"https:\\\/\\\/cvinoticias.com\\\/v3\\\/se-inauguro-la-muestra-cataratas-del-iguazu-una-historia-de-produccion-turismo-y-conservacion-en-el-viejo-hotel-cataratas\\\/#article\",\"isPartOf\":{\"@id\":\"https:\\\/\\\/cvinoticias.com\\\/v3\\\/se-inauguro-la-muestra-cataratas-del-iguazu-una-historia-de-produccion-turismo-y-conservacion-en-el-viejo-hotel-cataratas\\\/\"},\"author\":{\"name\":\"f1000024\",\"@id\":\"https:\\\/\\\/cvinoticias.com\\\/v3\\\/#\\\/schema\\\/person\\\/2db77e3c6bc03c538495d7b2b8be9b66\"},\"headline\":\"Se inaugur\u00f3 la muestra \u201cCataratas del Iguaz\u00fa, una historia de producci\u00f3n, turismo y conservaci\u00f3n\u201d en el Viejo Hotel Cataratas\",\"datePublished\":\"2023-12-18T21:14:59+00:00\",\"mainEntityOfPage\":{\"@id\":\"https:\\\/\\\/cvinoticias.com\\\/v3\\\/se-inauguro-la-muestra-cataratas-del-iguazu-una-historia-de-produccion-turismo-y-conservacion-en-el-viejo-hotel-cataratas\\\/\"},\"wordCount\":274,\"commentCount\":0,\"publisher\":{\"@id\":\"https:\\\/\\\/cvinoticias.com\\\/v3\\\/#organization\"},\"image\":{\"@id\":\"https:\\\/\\\/cvinoticias.com\\\/v3\\\/se-inauguro-la-muestra-cataratas-del-iguazu-una-historia-de-produccion-turismo-y-conservacion-en-el-viejo-hotel-cataratas\\\/#primaryimage\"},\"thumbnailUrl\":\"https:\\\/\\\/cvinoticias.com\\\/wp-content\\\/uploads\\\/2023\\\/12\\\/IMG-20231218-WA0422.jpg\",\"articleSection\":[\"Locales\"],\"inLanguage\":\"es\",\"potentialAction\":[{\"@type\":\"CommentAction\",\"name\":\"Comment\",\"target\":[\"https:\\\/\\\/cvinoticias.com\\\/v3\\\/se-inauguro-la-muestra-cataratas-del-iguazu-una-historia-de-produccion-turismo-y-conservacion-en-el-viejo-hotel-cataratas\\\/#respond\"]}]},{\"@type\":\"WebPage\",\"@id\":\"https:\\\/\\\/cvinoticias.com\\\/v3\\\/se-inauguro-la-muestra-cataratas-del-iguazu-una-historia-de-produccion-turismo-y-conservacion-en-el-viejo-hotel-cataratas\\\/\",\"url\":\"https:\\\/\\\/cvinoticias.com\\\/v3\\\/se-inauguro-la-muestra-cataratas-del-iguazu-una-historia-de-produccion-turismo-y-conservacion-en-el-viejo-hotel-cataratas\\\/\",\"name\":\"Se inaugur\u00f3 la muestra \u201cCataratas del Iguaz\u00fa, una historia de producci\u00f3n, turismo y conservaci\u00f3n\u201d en el Viejo Hotel Cataratas | CVI NOTICIAS\",\"isPartOf\":{\"@id\":\"https:\\\/\\\/cvinoticias.com\\\/v3\\\/#website\"},\"primaryImageOfPage\":{\"@id\":\"https:\\\/\\\/cvinoticias.com\\\/v3\\\/se-inauguro-la-muestra-cataratas-del-iguazu-una-historia-de-produccion-turismo-y-conservacion-en-el-viejo-hotel-cataratas\\\/#primaryimage\"},\"image\":{\"@id\":\"https:\\\/\\\/cvinoticias.com\\\/v3\\\/se-inauguro-la-muestra-cataratas-del-iguazu-una-historia-de-produccion-turismo-y-conservacion-en-el-viejo-hotel-cataratas\\\/#primaryimage\"},\"thumbnailUrl\":\"https:\\\/\\\/cvinoticias.com\\\/wp-content\\\/uploads\\\/2023\\\/12\\\/IMG-20231218-WA0422.jpg\",\"datePublished\":\"2023-12-18T21:14:59+00:00\",\"breadcrumb\":{\"@id\":\"https:\\\/\\\/cvinoticias.com\\\/v3\\\/se-inauguro-la-muestra-cataratas-del-iguazu-una-historia-de-produccion-turismo-y-conservacion-en-el-viejo-hotel-cataratas\\\/#breadcrumb\"},\"inLanguage\":\"es\",\"potentialAction\":[{\"@type\":\"ReadAction\",\"target\":[\"https:\\\/\\\/cvinoticias.com\\\/v3\\\/se-inauguro-la-muestra-cataratas-del-iguazu-una-historia-de-produccion-turismo-y-conservacion-en-el-viejo-hotel-cataratas\\\/\"]}]},{\"@type\":\"ImageObject\",\"inLanguage\":\"es\",\"@id\":\"https:\\\/\\\/cvinoticias.com\\\/v3\\\/se-inauguro-la-muestra-cataratas-del-iguazu-una-historia-de-produccion-turismo-y-conservacion-en-el-viejo-hotel-cataratas\\\/#primaryimage\",\"url\":\"https:\\\/\\\/cvinoticias.com\\\/wp-content\\\/uploads\\\/2023\\\/12\\\/IMG-20231218-WA0422.jpg\",\"contentUrl\":\"https:\\\/\\\/cvinoticias.com\\\/wp-content\\\/uploads\\\/2023\\\/12\\\/IMG-20231218-WA0422.jpg\",\"width\":1600,\"height\":1200},{\"@type\":\"BreadcrumbList\",\"@id\":\"https:\\\/\\\/cvinoticias.com\\\/v3\\\/se-inauguro-la-muestra-cataratas-del-iguazu-una-historia-de-produccion-turismo-y-conservacion-en-el-viejo-hotel-cataratas\\\/#breadcrumb\",\"itemListElement\":[{\"@type\":\"ListItem\",\"position\":1,\"name\":\"Portada\",\"item\":\"https:\\\/\\\/cvinoticias.com\\\/v3\\\/\"},{\"@type\":\"ListItem\",\"position\":2,\"name\":\"Se inaugur\u00f3 la muestra \u201cCataratas del Iguaz\u00fa, una historia de producci\u00f3n, turismo y conservaci\u00f3n\u201d en el Viejo Hotel Cataratas\"}]},{\"@type\":\"WebSite\",\"@id\":\"https:\\\/\\\/cvinoticias.com\\\/v3\\\/#website\",\"url\":\"https:\\\/\\\/cvinoticias.com\\\/v3\\\/\",\"name\":\"CVI NOTICIAS\",\"description\":\"\",\"publisher\":{\"@id\":\"https:\\\/\\\/cvinoticias.com\\\/v3\\\/#organization\"},\"alternateName\":\"CVI\",\"potentialAction\":[{\"@type\":\"SearchAction\",\"target\":{\"@type\":\"EntryPoint\",\"urlTemplate\":\"https:\\\/\\\/cvinoticias.com\\\/v3\\\/?s={search_term_string}\"},\"query-input\":{\"@type\":\"PropertyValueSpecification\",\"valueRequired\":true,\"valueName\":\"search_term_string\"}}],\"inLanguage\":\"es\"},{\"@type\":\"Organization\",\"@id\":\"https:\\\/\\\/cvinoticias.com\\\/v3\\\/#organization\",\"name\":\"CVI NOTICIAS\",\"url\":\"https:\\\/\\\/cvinoticias.com\\\/v3\\\/\",\"logo\":{\"@type\":\"ImageObject\",\"inLanguage\":\"es\",\"@id\":\"https:\\\/\\\/cvinoticias.com\\\/v3\\\/#\\\/schema\\\/logo\\\/image\\\/\",\"url\":\"https:\\\/\\\/cvinoticias.com\\\/wp-content\\\/uploads\\\/2023\\\/04\\\/cropped-cropped-cropped-cropped-cropped-3-1.png\",\"contentUrl\":\"https:\\\/\\\/cvinoticias.com\\\/wp-content\\\/uploads\\\/2023\\\/04\\\/cropped-cropped-cropped-cropped-cropped-3-1.png\",\"width\":95,\"height\":122,\"caption\":\"CVI NOTICIAS\"},\"image\":{\"@id\":\"https:\\\/\\\/cvinoticias.com\\\/v3\\\/#\\\/schema\\\/logo\\\/image\\\/\"},\"sameAs\":[\"https:\\\/\\\/www.facebook.com\\\/cvinoticias\",\"https:\\\/\\\/www.instagram.com\\\/cvinoticias\\\/\",\"https:\\\/\\\/www.youtube.com\\\/@CVINOTICIAS\"]},{\"@type\":\"Person\",\"@id\":\"https:\\\/\\\/cvinoticias.com\\\/v3\\\/#\\\/schema\\\/person\\\/2db77e3c6bc03c538495d7b2b8be9b66\",\"name\":\"f1000024\",\"image\":{\"@type\":\"ImageObject\",\"inLanguage\":\"es\",\"@id\":\"https:\\\/\\\/secure.gravatar.com\\\/avatar\\\/d4fe7459cfc51ff5129ce1a732bbef5928568b8092d412ef95611616376bbeed?s=96&d=mm&r=g\",\"url\":\"https:\\\/\\\/secure.gravatar.com\\\/avatar\\\/d4fe7459cfc51ff5129ce1a732bbef5928568b8092d412ef95611616376bbeed?s=96&d=mm&r=g\",\"contentUrl\":\"https:\\\/\\\/secure.gravatar.com\\\/avatar\\\/d4fe7459cfc51ff5129ce1a732bbef5928568b8092d412ef95611616376bbeed?s=96&d=mm&r=g\",\"caption\":\"f1000024\"},\"url\":\"https:\\\/\\\/cvinoticias.com\\\/v3\\\/author\\\/f1000024\\\/\"}]}<\/script>\n<!-- \/ Yoast SEO plugin. -->","yoast_head_json":{"title":"Se inaugur\u00f3 la muestra \u201cCataratas del Iguaz\u00fa, una historia de producci\u00f3n, turismo y conservaci\u00f3n\u201d en el Viejo Hotel Cataratas | CVI NOTICIAS","robots":{"index":"index","follow":"follow","max-snippet":"max-snippet:-1","max-image-preview":"max-image-preview:large","max-video-preview":"max-video-preview:-1"},"canonical":"https:\/\/cvinoticias.com\/v3\/se-inauguro-la-muestra-cataratas-del-iguazu-una-historia-de-produccion-turismo-y-conservacion-en-el-viejo-hotel-cataratas\/","og_locale":"es_ES","og_type":"article","og_title":"Se inaugur\u00f3 la muestra \u201cCataratas del Iguaz\u00fa, una historia de producci\u00f3n, turismo y conservaci\u00f3n\u201d en el Viejo Hotel Cataratas | CVI NOTICIAS","og_description":"Esta ma\u00f1ana en el Viejo Hotel Cataratas- edificio hist\u00f3rico que se encuentra en el Parque Nacional Iguaz\u00fa, se inaugur\u00f3 la muestra \u201cCataratas del Iguaz\u00fa, una historia de producci\u00f3n, turismo y conservaci\u00f3n\u201d. La muestra nos invita a realizar un recorrido por los principales hitos en la historia reciente de las Cataratas, con aportes nuevos acerca de [&hellip;]","og_url":"https:\/\/cvinoticias.com\/v3\/se-inauguro-la-muestra-cataratas-del-iguazu-una-historia-de-produccion-turismo-y-conservacion-en-el-viejo-hotel-cataratas\/","og_site_name":"CVI NOTICIAS","article_publisher":"https:\/\/www.facebook.com\/cvinoticias","article_published_time":"2023-12-18T21:14:59+00:00","og_image":[{"width":1600,"height":1200,"url":"https:\/\/cvinoticias.com\/wp-content\/uploads\/2023\/12\/IMG-20231218-WA0422.jpg","type":"image\/jpeg"}],"author":"f1000024","twitter_card":"summary_large_image","twitter_misc":{"Escrito por":"f1000024","Tiempo de lectura":"1 minuto"},"schema":{"@context":"https:\/\/schema.org","@graph":[{"@type":"Article","@id":"https:\/\/cvinoticias.com\/v3\/se-inauguro-la-muestra-cataratas-del-iguazu-una-historia-de-produccion-turismo-y-conservacion-en-el-viejo-hotel-cataratas\/#article","isPartOf":{"@id":"https:\/\/cvinoticias.com\/v3\/se-inauguro-la-muestra-cataratas-del-iguazu-una-historia-de-produccion-turismo-y-conservacion-en-el-viejo-hotel-cataratas\/"},"author":{"name":"f1000024","@id":"https:\/\/cvinoticias.com\/v3\/#\/schema\/person\/2db77e3c6bc03c538495d7b2b8be9b66"},"headline":"Se inaugur\u00f3 la muestra \u201cCataratas del Iguaz\u00fa, una historia de producci\u00f3n, turismo y conservaci\u00f3n\u201d en el Viejo Hotel Cataratas","datePublished":"2023-12-18T21:14:59+00:00","mainEntityOfPage":{"@id":"https:\/\/cvinoticias.com\/v3\/se-inauguro-la-muestra-cataratas-del-iguazu-una-historia-de-produccion-turismo-y-conservacion-en-el-viejo-hotel-cataratas\/"},"wordCount":274,"commentCount":0,"publisher":{"@id":"https:\/\/cvinoticias.com\/v3\/#organization"},"image":{"@id":"https:\/\/cvinoticias.com\/v3\/se-inauguro-la-muestra-cataratas-del-iguazu-una-historia-de-produccion-turismo-y-conservacion-en-el-viejo-hotel-cataratas\/#primaryimage"},"thumbnailUrl":"https:\/\/cvinoticias.com\/wp-content\/uploads\/2023\/12\/IMG-20231218-WA0422.jpg","articleSection":["Locales"],"inLanguage":"es","potentialAction":[{"@type":"CommentAction","name":"Comment","target":["https:\/\/cvinoticias.com\/v3\/se-inauguro-la-muestra-cataratas-del-iguazu-una-historia-de-produccion-turismo-y-conservacion-en-el-viejo-hotel-cataratas\/#respond"]}]},{"@type":"WebPage","@id":"https:\/\/cvinoticias.com\/v3\/se-inauguro-la-muestra-cataratas-del-iguazu-una-historia-de-produccion-turismo-y-conservacion-en-el-viejo-hotel-cataratas\/","url":"https:\/\/cvinoticias.com\/v3\/se-inauguro-la-muestra-cataratas-del-iguazu-una-historia-de-produccion-turismo-y-conservacion-en-el-viejo-hotel-cataratas\/","name":"Se inaugur\u00f3 la muestra \u201cCataratas del Iguaz\u00fa, una historia de producci\u00f3n, turismo y conservaci\u00f3n\u201d en el Viejo Hotel Cataratas | CVI NOTICIAS","isPartOf":{"@id":"https:\/\/cvinoticias.com\/v3\/#website"},"primaryImageOfPage":{"@id":"https:\/\/cvinoticias.com\/v3\/se-inauguro-la-muestra-cataratas-del-iguazu-una-historia-de-produccion-turismo-y-conservacion-en-el-viejo-hotel-cataratas\/#primaryimage"},"image":{"@id":"https:\/\/cvinoticias.com\/v3\/se-inauguro-la-muestra-cataratas-del-iguazu-una-historia-de-produccion-turismo-y-conservacion-en-el-viejo-hotel-cataratas\/#primaryimage"},"thumbnailUrl":"https:\/\/cvinoticias.com\/wp-content\/uploads\/2023\/12\/IMG-20231218-WA0422.jpg","datePublished":"2023-12-18T21:14:59+00:00","breadcrumb":{"@id":"https:\/\/cvinoticias.com\/v3\/se-inauguro-la-muestra-cataratas-del-iguazu-una-historia-de-produccion-turismo-y-conservacion-en-el-viejo-hotel-cataratas\/#breadcrumb"},"inLanguage":"es","potentialAction":[{"@type":"ReadAction","target":["https:\/\/cvinoticias.com\/v3\/se-inauguro-la-muestra-cataratas-del-iguazu-una-historia-de-produccion-turismo-y-conservacion-en-el-viejo-hotel-cataratas\/"]}]},{"@type":"ImageObject","inLanguage":"es","@id":"https:\/\/cvinoticias.com\/v3\/se-inauguro-la-muestra-cataratas-del-iguazu-una-historia-de-produccion-turismo-y-conservacion-en-el-viejo-hotel-cataratas\/#primaryimage","url":"https:\/\/cvinoticias.com\/wp-content\/uploads\/2023\/12\/IMG-20231218-WA0422.jpg","contentUrl":"https:\/\/cvinoticias.com\/wp-content\/uploads\/2023\/12\/IMG-20231218-WA0422.jpg","width":1600,"height":1200},{"@type":"BreadcrumbList","@id":"https:\/\/cvinoticias.com\/v3\/se-inauguro-la-muestra-cataratas-del-iguazu-una-historia-de-produccion-turismo-y-conservacion-en-el-viejo-hotel-cataratas\/#breadcrumb","itemListElement":[{"@type":"ListItem","position":1,"name":"Portada","item":"https:\/\/cvinoticias.com\/v3\/"},{"@type":"ListItem","position":2,"name":"Se inaugur\u00f3 la muestra \u201cCataratas del Iguaz\u00fa, una historia de producci\u00f3n, turismo y conservaci\u00f3n\u201d en el Viejo Hotel Cataratas"}]},{"@type":"WebSite","@id":"https:\/\/cvinoticias.com\/v3\/#website","url":"https:\/\/cvinoticias.com\/v3\/","name":"CVI NOTICIAS","description":"","publisher":{"@id":"https:\/\/cvinoticias.com\/v3\/#organization"},"alternateName":"CVI","potentialAction":[{"@type":"SearchAction","target":{"@type":"EntryPoint","urlTemplate":"https:\/\/cvinoticias.com\/v3\/?s={search_term_string}"},"query-input":{"@type":"PropertyValueSpecification","valueRequired":true,"valueName":"search_term_string"}}],"inLanguage":"es"},{"@type":"Organization","@id":"https:\/\/cvinoticias.com\/v3\/#organization","name":"CVI NOTICIAS","url":"https:\/\/cvinoticias.com\/v3\/","logo":{"@type":"ImageObject","inLanguage":"es","@id":"https:\/\/cvinoticias.com\/v3\/#\/schema\/logo\/image\/","url":"https:\/\/cvinoticias.com\/wp-content\/uploads\/2023\/04\/cropped-cropped-cropped-cropped-cropped-3-1.png","contentUrl":"https:\/\/cvinoticias.com\/wp-content\/uploads\/2023\/04\/cropped-cropped-cropped-cropped-cropped-3-1.png","width":95,"height":122,"caption":"CVI NOTICIAS"},"image":{"@id":"https:\/\/cvinoticias.com\/v3\/#\/schema\/logo\/image\/"},"sameAs":["https:\/\/www.facebook.com\/cvinoticias","https:\/\/www.instagram.com\/cvinoticias\/","https:\/\/www.youtube.com\/@CVINOTICIAS"]},{"@type":"Person","@id":"https:\/\/cvinoticias.com\/v3\/#\/schema\/person\/2db77e3c6bc03c538495d7b2b8be9b66","name":"f1000024","image":{"@type":"ImageObject","inLanguage":"es","@id":"https:\/\/secure.gravatar.com\/avatar\/d4fe7459cfc51ff5129ce1a732bbef5928568b8092d412ef95611616376bbeed?s=96&d=mm&r=g","url":"https:\/\/secure.gravatar.com\/avatar\/d4fe7459cfc51ff5129ce1a732bbef5928568b8092d412ef95611616376bbeed?s=96&d=mm&r=g","contentUrl":"https:\/\/secure.gravatar.com\/avatar\/d4fe7459cfc51ff5129ce1a732bbef5928568b8092d412ef95611616376bbeed?s=96&d=mm&r=g","caption":"f1000024"},"url":"https:\/\/cvinoticias.com\/v3\/author\/f1000024\/"}]}},"_links":{"self":[{"href":"https:\/\/cvinoticias.com\/v3\/wp-json\/wp\/v2\/posts\/31068","targetHints":{"allow":["GET"]}}],"collection":[{"href":"https:\/\/cvinoticias.com\/v3\/wp-json\/wp\/v2\/posts"}],"about":[{"href":"https:\/\/cvinoticias.com\/v3\/wp-json\/wp\/v2\/types\/post"}],"author":[{"embeddable":true,"href":"https:\/\/cvinoticias.com\/v3\/wp-json\/wp\/v2\/users\/2"}],"replies":[{"embeddable":true,"href":"https:\/\/cvinoticias.com\/v3\/wp-json\/wp\/v2\/comments?post=31068"}],"version-history":[{"count":1,"href":"https:\/\/cvinoticias.com\/v3\/wp-json\/wp\/v2\/posts\/31068\/revisions"}],"predecessor-version":[{"id":31073,"href":"https:\/\/cvinoticias.com\/v3\/wp-json\/wp\/v2\/posts\/31068\/revisions\/31073"}],"wp:featuredmedia":[{"embeddable":true,"href":"https:\/\/cvinoticias.com\/v3\/wp-json\/wp\/v2\/media\/31071"}],"wp:attachment":[{"href":"https:\/\/cvinoticias.com\/v3\/wp-json\/wp\/v2\/media?parent=31068"}],"wp:term":[{"taxonomy":"category","embeddable":true,"href":"https:\/\/cvinoticias.com\/v3\/wp-json\/wp\/v2\/categories?post=31068"},{"taxonomy":"post_tag","embeddable":true,"href":"https:\/\/cvinoticias.com\/v3\/wp-json\/wp\/v2\/tags?post=31068"}],"curies":[{"name":"wp","href":"https:\/\/api.w.org\/{rel}","templated":true}]}}