{"id":31065,"date":"2023-12-18T18:05:41","date_gmt":"2023-12-18T21:05:41","guid":{"rendered":"https:\/\/cvinoticias.com\/v3\/?p=31065"},"modified":"2023-12-18T18:05:41","modified_gmt":"2023-12-18T21:05:41","slug":"pettovello-anuncio-que-las-personas-que-realicen-cortes-de-calles-dejaran-de-percibir-planes-sociales","status":"publish","type":"post","link":"https:\/\/cvinoticias.com\/v3\/pettovello-anuncio-que-las-personas-que-realicen-cortes-de-calles-dejaran-de-percibir-planes-sociales\/","title":{"rendered":"Pettovello anunci\u00f3 que las personas que realicen cortes de calles dejar\u00e1n de percibir planes sociales"},"content":{"rendered":"\n<p><strong><em>Adem\u00e1s, se inform\u00f3 que van a \u00abauditar todos los planes sociales\u00bb y que suspender\u00e1n \u00ablos certificados de presencialidad de los movimientos sociales\u00bb.<\/em><\/strong><\/p>\n\n\n\n<p>La ministra de Capital Humano de la Naci\u00f3n, Sandra Pettovello, anunci\u00f3 esta tarde la nueva pol\u00edtica social que pondr\u00e1 en marcha el gobierno de Javier Milei y que fue en tono con lo anunciado por el presidente en su discurso del 10 de diciembre. Concretamente, Pettovello confirm\u00f3 que el gobierno cortar\u00e1 el dialogo con las organizaciones piqueteras que \u201cque hayan promovido, instigado, organizado o participado de los cortes\u201d, y que adem\u00e1s \u201csuspenderemos el control de los certificados de presencialidad que dan las organizaciones sociales\u201d.<\/p>\n\n\n\n<p>Bajo la consigna de que \u201cel que corta no cobra\u201d, la ministra expres\u00f3 que \u201csi bien es un derecho manifestarse, tambi\u00e9n lo es respetar el derecho de las personas a circular libremente para dirigirse a su trabajo\u201d. El objetivo del gobierno es eliminar a los \u201cintermediarios\u201d que administran los paquetes de planes sociales. Para ello, anunci\u00f3 que \u201ccomenzaremos a auditar a todas las organizaciones que entreguen planes sociales e iniciaremos un proceso para la eliminaci\u00f3n de la intermediaci\u00f3n\u201d. \u201cPor otra parte, -continu\u00f3 Pettovello- creemos imprescindible darles tranquilidad a los beneficiarios de los planes. Deben saber que nadie puede obligarlos a ir a una marcha con la amenaza de dar de baja el plan. Por esta raz\u00f3n suspenderemos el control de los certificados de presencialidad que dan las organizaciones sociales. Reiteramos que ya no van a poder dar de baja tu plan\u201d.<\/p>\n\n\n\n<p>Con esta medida, el gobierno quiere asestar un golpe en la l\u00ednea de flotaci\u00f3n de las organizaciones sociales y movimientos piqueteros. Es que las certificaciones de la contraprestaci\u00f3n de los planes son el instrumento mediante el cual las organizaciones sociales manejan y tienden a utilizar para movilizar a personas a las marchas. \u201cNos preocupan especialmente las madres que concurren con sus hijos a las marchas; es innecesario exponerlos al calor y a la violencia de las manifestaciones. Esta situaci\u00f3n en la nueva Argentina tiene que terminar\u201d, sentenci\u00f3 la ministra y subray\u00f3: \u201cPara ser bien claros, los \u00fanicos que no van a cobrar el plan son los que vayan a la marcha y corten la calle. Ya lo dijo el presidente el que corta no cobra\u201d.<\/p>\n\n\n\n<p>Asimismo, adelant\u00f3 -aunque sin precisar desde cu\u00e1ndo- que se duplicar\u00e1n los montos que se pagan por Asignaci\u00f3n Universal por Hijo (AUH) y se aumentar\u00e1 un 50% la Tarjeta Alimentario. \u201cEstamos trabajando para que todos los ciudadanos podamos recuperar la dignidad del trabajo, la autonom\u00eda y por ende, la libertad. Deseamos a todos los argentinos que tengan una Navidad y un fin de a\u00f1o en paz\u201d, concluy\u00f3.<\/p>\n","protected":false},"excerpt":{"rendered":"<p>Adem\u00e1s, se inform\u00f3 que van a \u00abauditar todos los planes sociales\u00bb y que suspender\u00e1n \u00ablos certificados de presencialidad de los movimientos sociales\u00bb. La ministra de Capital Humano de la Naci\u00f3n, Sandra Pettovello, anunci\u00f3 esta tarde la nueva pol\u00edtica social que pondr\u00e1 en marcha el gobierno de Javier Milei y que fue en tono con lo [&hellip;]<\/p>\n","protected":false},"author":2,"featured_media":31066,"comment_status":"open","ping_status":"open","sticky":false,"template":"","format":"standard","meta":{"footnotes":""},"categories":[39],"tags":[],"class_list":["post-31065","post","type-post","status-publish","format-standard","has-post-thumbnail","hentry","category-nacionales"],"yoast_head":"<!-- This site is optimized with the Yoast SEO plugin v27.5 - https:\/\/yoast.com\/product\/yoast-seo-wordpress\/ -->\n<title>Pettovello anunci\u00f3 que las personas que realicen cortes de calles dejar\u00e1n de percibir planes sociales | CVI NOTICIAS<\/title>\n<meta name=\"robots\" content=\"index, follow, max-snippet:-1, max-image-preview:large, max-video-preview:-1\" \/>\n<link rel=\"canonical\" href=\"https:\/\/cvinoticias.com\/v3\/pettovello-anuncio-que-las-personas-que-realicen-cortes-de-calles-dejaran-de-percibir-planes-sociales\/\" \/>\n<meta property=\"og:locale\" content=\"es_ES\" \/>\n<meta property=\"og:type\" content=\"article\" \/>\n<meta property=\"og:title\" content=\"Pettovello anunci\u00f3 que las personas que realicen cortes de calles dejar\u00e1n de percibir planes sociales | CVI NOTICIAS\" \/>\n<meta property=\"og:description\" content=\"Adem\u00e1s, se inform\u00f3 que van a \u00abauditar todos los planes sociales\u00bb y que suspender\u00e1n \u00ablos certificados de presencialidad de los movimientos sociales\u00bb. La ministra de Capital Humano de la Naci\u00f3n, Sandra Pettovello, anunci\u00f3 esta tarde la nueva pol\u00edtica social que pondr\u00e1 en marcha el gobierno de Javier Milei y que fue en tono con lo [&hellip;]\" \/>\n<meta property=\"og:url\" content=\"https:\/\/cvinoticias.com\/v3\/pettovello-anuncio-que-las-personas-que-realicen-cortes-de-calles-dejaran-de-percibir-planes-sociales\/\" \/>\n<meta property=\"og:site_name\" content=\"CVI NOTICIAS\" \/>\n<meta property=\"article:publisher\" content=\"https:\/\/www.facebook.com\/cvinoticias\" \/>\n<meta property=\"article:published_time\" content=\"2023-12-18T21:05:41+00:00\" \/>\n<meta property=\"og:image\" content=\"https:\/\/cvinoticias.com\/wp-content\/uploads\/2023\/12\/f608x342-494138_523861_0.jpg\" \/>\n\t<meta property=\"og:image:width\" content=\"528\" \/>\n\t<meta property=\"og:image:height\" content=\"309\" \/>\n\t<meta property=\"og:image:type\" content=\"image\/jpeg\" \/>\n<meta name=\"author\" content=\"f1000024\" \/>\n<meta name=\"twitter:card\" content=\"summary_large_image\" \/>\n<meta name=\"twitter:label1\" content=\"Escrito por\" \/>\n\t<meta name=\"twitter:data1\" content=\"f1000024\" \/>\n\t<meta name=\"twitter:label2\" content=\"Tiempo de lectura\" \/>\n\t<meta name=\"twitter:data2\" content=\"2 minutos\" \/>\n<script type=\"application\/ld+json\" class=\"yoast-schema-graph\">{\"@context\":\"https:\\\/\\\/schema.org\",\"@graph\":[{\"@type\":\"Article\",\"@id\":\"https:\\\/\\\/cvinoticias.com\\\/v3\\\/pettovello-anuncio-que-las-personas-que-realicen-cortes-de-calles-dejaran-de-percibir-planes-sociales\\\/#article\",\"isPartOf\":{\"@id\":\"https:\\\/\\\/cvinoticias.com\\\/v3\\\/pettovello-anuncio-que-las-personas-que-realicen-cortes-de-calles-dejaran-de-percibir-planes-sociales\\\/\"},\"author\":{\"name\":\"f1000024\",\"@id\":\"https:\\\/\\\/cvinoticias.com\\\/v3\\\/#\\\/schema\\\/person\\\/2db77e3c6bc03c538495d7b2b8be9b66\"},\"headline\":\"Pettovello anunci\u00f3 que las personas que realicen cortes de calles dejar\u00e1n de percibir planes sociales\",\"datePublished\":\"2023-12-18T21:05:41+00:00\",\"mainEntityOfPage\":{\"@id\":\"https:\\\/\\\/cvinoticias.com\\\/v3\\\/pettovello-anuncio-que-las-personas-que-realicen-cortes-de-calles-dejaran-de-percibir-planes-sociales\\\/\"},\"wordCount\":470,\"commentCount\":0,\"publisher\":{\"@id\":\"https:\\\/\\\/cvinoticias.com\\\/v3\\\/#organization\"},\"image\":{\"@id\":\"https:\\\/\\\/cvinoticias.com\\\/v3\\\/pettovello-anuncio-que-las-personas-que-realicen-cortes-de-calles-dejaran-de-percibir-planes-sociales\\\/#primaryimage\"},\"thumbnailUrl\":\"https:\\\/\\\/cvinoticias.com\\\/wp-content\\\/uploads\\\/2023\\\/12\\\/f608x342-494138_523861_0.jpg\",\"articleSection\":[\"Nacionales\"],\"inLanguage\":\"es\",\"potentialAction\":[{\"@type\":\"CommentAction\",\"name\":\"Comment\",\"target\":[\"https:\\\/\\\/cvinoticias.com\\\/v3\\\/pettovello-anuncio-que-las-personas-que-realicen-cortes-de-calles-dejaran-de-percibir-planes-sociales\\\/#respond\"]}]},{\"@type\":\"WebPage\",\"@id\":\"https:\\\/\\\/cvinoticias.com\\\/v3\\\/pettovello-anuncio-que-las-personas-que-realicen-cortes-de-calles-dejaran-de-percibir-planes-sociales\\\/\",\"url\":\"https:\\\/\\\/cvinoticias.com\\\/v3\\\/pettovello-anuncio-que-las-personas-que-realicen-cortes-de-calles-dejaran-de-percibir-planes-sociales\\\/\",\"name\":\"Pettovello anunci\u00f3 que las personas que realicen cortes de calles dejar\u00e1n de percibir planes sociales | CVI NOTICIAS\",\"isPartOf\":{\"@id\":\"https:\\\/\\\/cvinoticias.com\\\/v3\\\/#website\"},\"primaryImageOfPage\":{\"@id\":\"https:\\\/\\\/cvinoticias.com\\\/v3\\\/pettovello-anuncio-que-las-personas-que-realicen-cortes-de-calles-dejaran-de-percibir-planes-sociales\\\/#primaryimage\"},\"image\":{\"@id\":\"https:\\\/\\\/cvinoticias.com\\\/v3\\\/pettovello-anuncio-que-las-personas-que-realicen-cortes-de-calles-dejaran-de-percibir-planes-sociales\\\/#primaryimage\"},\"thumbnailUrl\":\"https:\\\/\\\/cvinoticias.com\\\/wp-content\\\/uploads\\\/2023\\\/12\\\/f608x342-494138_523861_0.jpg\",\"datePublished\":\"2023-12-18T21:05:41+00:00\",\"breadcrumb\":{\"@id\":\"https:\\\/\\\/cvinoticias.com\\\/v3\\\/pettovello-anuncio-que-las-personas-que-realicen-cortes-de-calles-dejaran-de-percibir-planes-sociales\\\/#breadcrumb\"},\"inLanguage\":\"es\",\"potentialAction\":[{\"@type\":\"ReadAction\",\"target\":[\"https:\\\/\\\/cvinoticias.com\\\/v3\\\/pettovello-anuncio-que-las-personas-que-realicen-cortes-de-calles-dejaran-de-percibir-planes-sociales\\\/\"]}]},{\"@type\":\"ImageObject\",\"inLanguage\":\"es\",\"@id\":\"https:\\\/\\\/cvinoticias.com\\\/v3\\\/pettovello-anuncio-que-las-personas-que-realicen-cortes-de-calles-dejaran-de-percibir-planes-sociales\\\/#primaryimage\",\"url\":\"https:\\\/\\\/cvinoticias.com\\\/wp-content\\\/uploads\\\/2023\\\/12\\\/f608x342-494138_523861_0.jpg\",\"contentUrl\":\"https:\\\/\\\/cvinoticias.com\\\/wp-content\\\/uploads\\\/2023\\\/12\\\/f608x342-494138_523861_0.jpg\",\"width\":528,\"height\":309},{\"@type\":\"BreadcrumbList\",\"@id\":\"https:\\\/\\\/cvinoticias.com\\\/v3\\\/pettovello-anuncio-que-las-personas-que-realicen-cortes-de-calles-dejaran-de-percibir-planes-sociales\\\/#breadcrumb\",\"itemListElement\":[{\"@type\":\"ListItem\",\"position\":1,\"name\":\"Portada\",\"item\":\"https:\\\/\\\/cvinoticias.com\\\/v3\\\/\"},{\"@type\":\"ListItem\",\"position\":2,\"name\":\"Pettovello anunci\u00f3 que las personas que realicen cortes de calles dejar\u00e1n de percibir planes sociales\"}]},{\"@type\":\"WebSite\",\"@id\":\"https:\\\/\\\/cvinoticias.com\\\/v3\\\/#website\",\"url\":\"https:\\\/\\\/cvinoticias.com\\\/v3\\\/\",\"name\":\"CVI NOTICIAS\",\"description\":\"\",\"publisher\":{\"@id\":\"https:\\\/\\\/cvinoticias.com\\\/v3\\\/#organization\"},\"alternateName\":\"CVI\",\"potentialAction\":[{\"@type\":\"SearchAction\",\"target\":{\"@type\":\"EntryPoint\",\"urlTemplate\":\"https:\\\/\\\/cvinoticias.com\\\/v3\\\/?s={search_term_string}\"},\"query-input\":{\"@type\":\"PropertyValueSpecification\",\"valueRequired\":true,\"valueName\":\"search_term_string\"}}],\"inLanguage\":\"es\"},{\"@type\":\"Organization\",\"@id\":\"https:\\\/\\\/cvinoticias.com\\\/v3\\\/#organization\",\"name\":\"CVI NOTICIAS\",\"url\":\"https:\\\/\\\/cvinoticias.com\\\/v3\\\/\",\"logo\":{\"@type\":\"ImageObject\",\"inLanguage\":\"es\",\"@id\":\"https:\\\/\\\/cvinoticias.com\\\/v3\\\/#\\\/schema\\\/logo\\\/image\\\/\",\"url\":\"https:\\\/\\\/cvinoticias.com\\\/wp-content\\\/uploads\\\/2023\\\/04\\\/cropped-cropped-cropped-cropped-cropped-3-1.png\",\"contentUrl\":\"https:\\\/\\\/cvinoticias.com\\\/wp-content\\\/uploads\\\/2023\\\/04\\\/cropped-cropped-cropped-cropped-cropped-3-1.png\",\"width\":95,\"height\":122,\"caption\":\"CVI NOTICIAS\"},\"image\":{\"@id\":\"https:\\\/\\\/cvinoticias.com\\\/v3\\\/#\\\/schema\\\/logo\\\/image\\\/\"},\"sameAs\":[\"https:\\\/\\\/www.facebook.com\\\/cvinoticias\",\"https:\\\/\\\/www.instagram.com\\\/cvinoticias\\\/\",\"https:\\\/\\\/www.youtube.com\\\/@CVINOTICIAS\"]},{\"@type\":\"Person\",\"@id\":\"https:\\\/\\\/cvinoticias.com\\\/v3\\\/#\\\/schema\\\/person\\\/2db77e3c6bc03c538495d7b2b8be9b66\",\"name\":\"f1000024\",\"image\":{\"@type\":\"ImageObject\",\"inLanguage\":\"es\",\"@id\":\"https:\\\/\\\/secure.gravatar.com\\\/avatar\\\/d4fe7459cfc51ff5129ce1a732bbef5928568b8092d412ef95611616376bbeed?s=96&d=mm&r=g\",\"url\":\"https:\\\/\\\/secure.gravatar.com\\\/avatar\\\/d4fe7459cfc51ff5129ce1a732bbef5928568b8092d412ef95611616376bbeed?s=96&d=mm&r=g\",\"contentUrl\":\"https:\\\/\\\/secure.gravatar.com\\\/avatar\\\/d4fe7459cfc51ff5129ce1a732bbef5928568b8092d412ef95611616376bbeed?s=96&d=mm&r=g\",\"caption\":\"f1000024\"},\"url\":\"https:\\\/\\\/cvinoticias.com\\\/v3\\\/author\\\/f1000024\\\/\"}]}<\/script>\n<!-- \/ Yoast SEO plugin. -->","yoast_head_json":{"title":"Pettovello anunci\u00f3 que las personas que realicen cortes de calles dejar\u00e1n de percibir planes sociales | CVI NOTICIAS","robots":{"index":"index","follow":"follow","max-snippet":"max-snippet:-1","max-image-preview":"max-image-preview:large","max-video-preview":"max-video-preview:-1"},"canonical":"https:\/\/cvinoticias.com\/v3\/pettovello-anuncio-que-las-personas-que-realicen-cortes-de-calles-dejaran-de-percibir-planes-sociales\/","og_locale":"es_ES","og_type":"article","og_title":"Pettovello anunci\u00f3 que las personas que realicen cortes de calles dejar\u00e1n de percibir planes sociales | CVI NOTICIAS","og_description":"Adem\u00e1s, se inform\u00f3 que van a \u00abauditar todos los planes sociales\u00bb y que suspender\u00e1n \u00ablos certificados de presencialidad de los movimientos sociales\u00bb. La ministra de Capital Humano de la Naci\u00f3n, Sandra Pettovello, anunci\u00f3 esta tarde la nueva pol\u00edtica social que pondr\u00e1 en marcha el gobierno de Javier Milei y que fue en tono con lo [&hellip;]","og_url":"https:\/\/cvinoticias.com\/v3\/pettovello-anuncio-que-las-personas-que-realicen-cortes-de-calles-dejaran-de-percibir-planes-sociales\/","og_site_name":"CVI NOTICIAS","article_publisher":"https:\/\/www.facebook.com\/cvinoticias","article_published_time":"2023-12-18T21:05:41+00:00","og_image":[{"width":528,"height":309,"url":"https:\/\/cvinoticias.com\/wp-content\/uploads\/2023\/12\/f608x342-494138_523861_0.jpg","type":"image\/jpeg"}],"author":"f1000024","twitter_card":"summary_large_image","twitter_misc":{"Escrito por":"f1000024","Tiempo de lectura":"2 minutos"},"schema":{"@context":"https:\/\/schema.org","@graph":[{"@type":"Article","@id":"https:\/\/cvinoticias.com\/v3\/pettovello-anuncio-que-las-personas-que-realicen-cortes-de-calles-dejaran-de-percibir-planes-sociales\/#article","isPartOf":{"@id":"https:\/\/cvinoticias.com\/v3\/pettovello-anuncio-que-las-personas-que-realicen-cortes-de-calles-dejaran-de-percibir-planes-sociales\/"},"author":{"name":"f1000024","@id":"https:\/\/cvinoticias.com\/v3\/#\/schema\/person\/2db77e3c6bc03c538495d7b2b8be9b66"},"headline":"Pettovello anunci\u00f3 que las personas que realicen cortes de calles dejar\u00e1n de percibir planes sociales","datePublished":"2023-12-18T21:05:41+00:00","mainEntityOfPage":{"@id":"https:\/\/cvinoticias.com\/v3\/pettovello-anuncio-que-las-personas-que-realicen-cortes-de-calles-dejaran-de-percibir-planes-sociales\/"},"wordCount":470,"commentCount":0,"publisher":{"@id":"https:\/\/cvinoticias.com\/v3\/#organization"},"image":{"@id":"https:\/\/cvinoticias.com\/v3\/pettovello-anuncio-que-las-personas-que-realicen-cortes-de-calles-dejaran-de-percibir-planes-sociales\/#primaryimage"},"thumbnailUrl":"https:\/\/cvinoticias.com\/wp-content\/uploads\/2023\/12\/f608x342-494138_523861_0.jpg","articleSection":["Nacionales"],"inLanguage":"es","potentialAction":[{"@type":"CommentAction","name":"Comment","target":["https:\/\/cvinoticias.com\/v3\/pettovello-anuncio-que-las-personas-que-realicen-cortes-de-calles-dejaran-de-percibir-planes-sociales\/#respond"]}]},{"@type":"WebPage","@id":"https:\/\/cvinoticias.com\/v3\/pettovello-anuncio-que-las-personas-que-realicen-cortes-de-calles-dejaran-de-percibir-planes-sociales\/","url":"https:\/\/cvinoticias.com\/v3\/pettovello-anuncio-que-las-personas-que-realicen-cortes-de-calles-dejaran-de-percibir-planes-sociales\/","name":"Pettovello anunci\u00f3 que las personas que realicen cortes de calles dejar\u00e1n de percibir planes sociales | CVI NOTICIAS","isPartOf":{"@id":"https:\/\/cvinoticias.com\/v3\/#website"},"primaryImageOfPage":{"@id":"https:\/\/cvinoticias.com\/v3\/pettovello-anuncio-que-las-personas-que-realicen-cortes-de-calles-dejaran-de-percibir-planes-sociales\/#primaryimage"},"image":{"@id":"https:\/\/cvinoticias.com\/v3\/pettovello-anuncio-que-las-personas-que-realicen-cortes-de-calles-dejaran-de-percibir-planes-sociales\/#primaryimage"},"thumbnailUrl":"https:\/\/cvinoticias.com\/wp-content\/uploads\/2023\/12\/f608x342-494138_523861_0.jpg","datePublished":"2023-12-18T21:05:41+00:00","breadcrumb":{"@id":"https:\/\/cvinoticias.com\/v3\/pettovello-anuncio-que-las-personas-que-realicen-cortes-de-calles-dejaran-de-percibir-planes-sociales\/#breadcrumb"},"inLanguage":"es","potentialAction":[{"@type":"ReadAction","target":["https:\/\/cvinoticias.com\/v3\/pettovello-anuncio-que-las-personas-que-realicen-cortes-de-calles-dejaran-de-percibir-planes-sociales\/"]}]},{"@type":"ImageObject","inLanguage":"es","@id":"https:\/\/cvinoticias.com\/v3\/pettovello-anuncio-que-las-personas-que-realicen-cortes-de-calles-dejaran-de-percibir-planes-sociales\/#primaryimage","url":"https:\/\/cvinoticias.com\/wp-content\/uploads\/2023\/12\/f608x342-494138_523861_0.jpg","contentUrl":"https:\/\/cvinoticias.com\/wp-content\/uploads\/2023\/12\/f608x342-494138_523861_0.jpg","width":528,"height":309},{"@type":"BreadcrumbList","@id":"https:\/\/cvinoticias.com\/v3\/pettovello-anuncio-que-las-personas-que-realicen-cortes-de-calles-dejaran-de-percibir-planes-sociales\/#breadcrumb","itemListElement":[{"@type":"ListItem","position":1,"name":"Portada","item":"https:\/\/cvinoticias.com\/v3\/"},{"@type":"ListItem","position":2,"name":"Pettovello anunci\u00f3 que las personas que realicen cortes de calles dejar\u00e1n de percibir planes sociales"}]},{"@type":"WebSite","@id":"https:\/\/cvinoticias.com\/v3\/#website","url":"https:\/\/cvinoticias.com\/v3\/","name":"CVI NOTICIAS","description":"","publisher":{"@id":"https:\/\/cvinoticias.com\/v3\/#organization"},"alternateName":"CVI","potentialAction":[{"@type":"SearchAction","target":{"@type":"EntryPoint","urlTemplate":"https:\/\/cvinoticias.com\/v3\/?s={search_term_string}"},"query-input":{"@type":"PropertyValueSpecification","valueRequired":true,"valueName":"search_term_string"}}],"inLanguage":"es"},{"@type":"Organization","@id":"https:\/\/cvinoticias.com\/v3\/#organization","name":"CVI NOTICIAS","url":"https:\/\/cvinoticias.com\/v3\/","logo":{"@type":"ImageObject","inLanguage":"es","@id":"https:\/\/cvinoticias.com\/v3\/#\/schema\/logo\/image\/","url":"https:\/\/cvinoticias.com\/wp-content\/uploads\/2023\/04\/cropped-cropped-cropped-cropped-cropped-3-1.png","contentUrl":"https:\/\/cvinoticias.com\/wp-content\/uploads\/2023\/04\/cropped-cropped-cropped-cropped-cropped-3-1.png","width":95,"height":122,"caption":"CVI NOTICIAS"},"image":{"@id":"https:\/\/cvinoticias.com\/v3\/#\/schema\/logo\/image\/"},"sameAs":["https:\/\/www.facebook.com\/cvinoticias","https:\/\/www.instagram.com\/cvinoticias\/","https:\/\/www.youtube.com\/@CVINOTICIAS"]},{"@type":"Person","@id":"https:\/\/cvinoticias.com\/v3\/#\/schema\/person\/2db77e3c6bc03c538495d7b2b8be9b66","name":"f1000024","image":{"@type":"ImageObject","inLanguage":"es","@id":"https:\/\/secure.gravatar.com\/avatar\/d4fe7459cfc51ff5129ce1a732bbef5928568b8092d412ef95611616376bbeed?s=96&d=mm&r=g","url":"https:\/\/secure.gravatar.com\/avatar\/d4fe7459cfc51ff5129ce1a732bbef5928568b8092d412ef95611616376bbeed?s=96&d=mm&r=g","contentUrl":"https:\/\/secure.gravatar.com\/avatar\/d4fe7459cfc51ff5129ce1a732bbef5928568b8092d412ef95611616376bbeed?s=96&d=mm&r=g","caption":"f1000024"},"url":"https:\/\/cvinoticias.com\/v3\/author\/f1000024\/"}]}},"_links":{"self":[{"href":"https:\/\/cvinoticias.com\/v3\/wp-json\/wp\/v2\/posts\/31065","targetHints":{"allow":["GET"]}}],"collection":[{"href":"https:\/\/cvinoticias.com\/v3\/wp-json\/wp\/v2\/posts"}],"about":[{"href":"https:\/\/cvinoticias.com\/v3\/wp-json\/wp\/v2\/types\/post"}],"author":[{"embeddable":true,"href":"https:\/\/cvinoticias.com\/v3\/wp-json\/wp\/v2\/users\/2"}],"replies":[{"embeddable":true,"href":"https:\/\/cvinoticias.com\/v3\/wp-json\/wp\/v2\/comments?post=31065"}],"version-history":[{"count":1,"href":"https:\/\/cvinoticias.com\/v3\/wp-json\/wp\/v2\/posts\/31065\/revisions"}],"predecessor-version":[{"id":31067,"href":"https:\/\/cvinoticias.com\/v3\/wp-json\/wp\/v2\/posts\/31065\/revisions\/31067"}],"wp:featuredmedia":[{"embeddable":true,"href":"https:\/\/cvinoticias.com\/v3\/wp-json\/wp\/v2\/media\/31066"}],"wp:attachment":[{"href":"https:\/\/cvinoticias.com\/v3\/wp-json\/wp\/v2\/media?parent=31065"}],"wp:term":[{"taxonomy":"category","embeddable":true,"href":"https:\/\/cvinoticias.com\/v3\/wp-json\/wp\/v2\/categories?post=31065"},{"taxonomy":"post_tag","embeddable":true,"href":"https:\/\/cvinoticias.com\/v3\/wp-json\/wp\/v2\/tags?post=31065"}],"curies":[{"name":"wp","href":"https:\/\/api.w.org\/{rel}","templated":true}]}}