{"id":31062,"date":"2023-12-18T17:55:46","date_gmt":"2023-12-18T20:55:46","guid":{"rendered":"https:\/\/cvinoticias.com\/v3\/?p=31062"},"modified":"2023-12-18T17:55:46","modified_gmt":"2023-12-18T20:55:46","slug":"el-banco-central-bajo-de-133-a-110-la-tasa-de-interes-de-los-plazos-fijos","status":"publish","type":"post","link":"https:\/\/cvinoticias.com\/v3\/el-banco-central-bajo-de-133-a-110-la-tasa-de-interes-de-los-plazos-fijos\/","title":{"rendered":"El Banco Central baj\u00f3 de 133% a 110% la tasa de inter\u00e9s de los plazos fijos"},"content":{"rendered":"\n<p><strong><em>Tras la fuerte devaluaci\u00f3n de la semana pasada, la entidad dispuso varias medidas para \u201csimplificar su se\u00f1al de pol\u00edtica monetaria\u201d<\/em><\/strong><\/p>\n\n\n\n<p>El Directorio del Banco Central de la Rep\u00fablica Argentina (BCRA) baj\u00f3 a 110% la tasa de inter\u00e9s de los plazos fijos, que anteriormente estaba en 133%. Lo hizo \u201ccon el prop\u00f3sito de clarificar y simplificar la se\u00f1al de tasa de pol\u00edtica monetaria\u201d.<\/p>\n\n\n\n<p>\u201cEn el contexto de un excedente significativo de liquidez y de elevada inflaci\u00f3n, el Directorio consider\u00f3 prudente mantener una tasa de inter\u00e9s m\u00ednima para los dep\u00f3sitos a plazo fijo, que decidi\u00f3 establecer en 110% nominal anual\u201d, dijo la entidad comandada por Santiago Bausili.<\/p>\n\n\n\n<p>De acuerdo a la informaci\u00f3n oficial, a partir de ma\u00f1ana, la tasa de inter\u00e9s de pol\u00edtica monetaria pasar\u00e1 a ser la tasa de los pases pasivos a un d\u00eda de plazo, tasa que desde el 13 de diciembre fue establecida en 100%.<\/p>\n\n\n\n<p>\u201cCon el fin de racionalizar su esquema de gesti\u00f3n de liquidez, el Directorio decidi\u00f3 dejar de realizar licitaciones de LELIQ a futuro, pasando a ser las operaciones de pases pasivos su principal instrumento de absorci\u00f3n de excedentes monetarios\u201d, inform\u00f3 oficialmente.<\/p>\n\n\n\n<p>\u201cAl centralizar sus operaciones en un solo instrumento, y al ser su tasa de pol\u00edtica la \u00fanica tasa de inter\u00e9s de referencia, se busca hacer m\u00e1s clara la se\u00f1al de pol\u00edtica monetaria y fortalecer su transmisi\u00f3n al resto de las tasas de inter\u00e9s de la econom\u00eda\u201d, detall\u00f3 el BCRA.<\/p>\n\n\n\n<p>Asimismo, el directorio consider\u00f3 que es necesario que el sistema bancario contin\u00fae ofreciendo al p\u00fablico dep\u00f3sitos a plazo fijo ajustables por UVA.<\/p>\n","protected":false},"excerpt":{"rendered":"<p>Tras la fuerte devaluaci\u00f3n de la semana pasada, la entidad dispuso varias medidas para \u201csimplificar su se\u00f1al de pol\u00edtica monetaria\u201d El Directorio del Banco Central de la Rep\u00fablica Argentina (BCRA) baj\u00f3 a 110% la tasa de inter\u00e9s de los plazos fijos, que anteriormente estaba en 133%. Lo hizo \u201ccon el prop\u00f3sito de clarificar y simplificar [&hellip;]<\/p>\n","protected":false},"author":2,"featured_media":31063,"comment_status":"open","ping_status":"open","sticky":false,"template":"","format":"standard","meta":{"footnotes":""},"categories":[32],"tags":[],"class_list":["post-31062","post","type-post","status-publish","format-standard","has-post-thumbnail","hentry","category-economia"],"yoast_head":"<!-- This site is optimized with the Yoast SEO plugin v27.5 - https:\/\/yoast.com\/product\/yoast-seo-wordpress\/ -->\n<title>El Banco Central baj\u00f3 de 133% a 110% la tasa de inter\u00e9s de los plazos fijos | CVI NOTICIAS<\/title>\n<meta name=\"robots\" content=\"index, follow, max-snippet:-1, max-image-preview:large, max-video-preview:-1\" \/>\n<link rel=\"canonical\" href=\"https:\/\/cvinoticias.com\/v3\/el-banco-central-bajo-de-133-a-110-la-tasa-de-interes-de-los-plazos-fijos\/\" \/>\n<meta property=\"og:locale\" content=\"es_ES\" \/>\n<meta property=\"og:type\" content=\"article\" \/>\n<meta property=\"og:title\" content=\"El Banco Central baj\u00f3 de 133% a 110% la tasa de inter\u00e9s de los plazos fijos | CVI NOTICIAS\" \/>\n<meta property=\"og:description\" content=\"Tras la fuerte devaluaci\u00f3n de la semana pasada, la entidad dispuso varias medidas para \u201csimplificar su se\u00f1al de pol\u00edtica monetaria\u201d El Directorio del Banco Central de la Rep\u00fablica Argentina (BCRA) baj\u00f3 a 110% la tasa de inter\u00e9s de los plazos fijos, que anteriormente estaba en 133%. Lo hizo \u201ccon el prop\u00f3sito de clarificar y simplificar [&hellip;]\" \/>\n<meta property=\"og:url\" content=\"https:\/\/cvinoticias.com\/v3\/el-banco-central-bajo-de-133-a-110-la-tasa-de-interes-de-los-plazos-fijos\/\" \/>\n<meta property=\"og:site_name\" content=\"CVI NOTICIAS\" \/>\n<meta property=\"article:publisher\" content=\"https:\/\/www.facebook.com\/cvinoticias\" \/>\n<meta property=\"article:published_time\" content=\"2023-12-18T20:55:46+00:00\" \/>\n<meta property=\"og:image\" content=\"https:\/\/cvinoticias.com\/wp-content\/uploads\/2023\/12\/f608x342-494151_523874_14.jpg\" \/>\n\t<meta property=\"og:image:width\" content=\"608\" \/>\n\t<meta property=\"og:image:height\" content=\"342\" \/>\n\t<meta property=\"og:image:type\" content=\"image\/jpeg\" \/>\n<meta name=\"author\" content=\"f1000024\" \/>\n<meta name=\"twitter:card\" content=\"summary_large_image\" \/>\n<meta name=\"twitter:label1\" content=\"Escrito por\" \/>\n\t<meta name=\"twitter:data1\" content=\"f1000024\" \/>\n\t<meta name=\"twitter:label2\" content=\"Tiempo de lectura\" \/>\n\t<meta name=\"twitter:data2\" content=\"1 minuto\" \/>\n<script type=\"application\/ld+json\" class=\"yoast-schema-graph\">{\"@context\":\"https:\\\/\\\/schema.org\",\"@graph\":[{\"@type\":\"Article\",\"@id\":\"https:\\\/\\\/cvinoticias.com\\\/v3\\\/el-banco-central-bajo-de-133-a-110-la-tasa-de-interes-de-los-plazos-fijos\\\/#article\",\"isPartOf\":{\"@id\":\"https:\\\/\\\/cvinoticias.com\\\/v3\\\/el-banco-central-bajo-de-133-a-110-la-tasa-de-interes-de-los-plazos-fijos\\\/\"},\"author\":{\"name\":\"f1000024\",\"@id\":\"https:\\\/\\\/cvinoticias.com\\\/v3\\\/#\\\/schema\\\/person\\\/2db77e3c6bc03c538495d7b2b8be9b66\"},\"headline\":\"El Banco Central baj\u00f3 de 133% a 110% la tasa de inter\u00e9s de los plazos fijos\",\"datePublished\":\"2023-12-18T20:55:46+00:00\",\"mainEntityOfPage\":{\"@id\":\"https:\\\/\\\/cvinoticias.com\\\/v3\\\/el-banco-central-bajo-de-133-a-110-la-tasa-de-interes-de-los-plazos-fijos\\\/\"},\"wordCount\":298,\"commentCount\":0,\"publisher\":{\"@id\":\"https:\\\/\\\/cvinoticias.com\\\/v3\\\/#organization\"},\"image\":{\"@id\":\"https:\\\/\\\/cvinoticias.com\\\/v3\\\/el-banco-central-bajo-de-133-a-110-la-tasa-de-interes-de-los-plazos-fijos\\\/#primaryimage\"},\"thumbnailUrl\":\"https:\\\/\\\/cvinoticias.com\\\/wp-content\\\/uploads\\\/2023\\\/12\\\/f608x342-494151_523874_14.jpg\",\"articleSection\":[\"Econom\u00eda\"],\"inLanguage\":\"es\",\"potentialAction\":[{\"@type\":\"CommentAction\",\"name\":\"Comment\",\"target\":[\"https:\\\/\\\/cvinoticias.com\\\/v3\\\/el-banco-central-bajo-de-133-a-110-la-tasa-de-interes-de-los-plazos-fijos\\\/#respond\"]}]},{\"@type\":\"WebPage\",\"@id\":\"https:\\\/\\\/cvinoticias.com\\\/v3\\\/el-banco-central-bajo-de-133-a-110-la-tasa-de-interes-de-los-plazos-fijos\\\/\",\"url\":\"https:\\\/\\\/cvinoticias.com\\\/v3\\\/el-banco-central-bajo-de-133-a-110-la-tasa-de-interes-de-los-plazos-fijos\\\/\",\"name\":\"El Banco Central baj\u00f3 de 133% a 110% la tasa de inter\u00e9s de los plazos fijos | CVI NOTICIAS\",\"isPartOf\":{\"@id\":\"https:\\\/\\\/cvinoticias.com\\\/v3\\\/#website\"},\"primaryImageOfPage\":{\"@id\":\"https:\\\/\\\/cvinoticias.com\\\/v3\\\/el-banco-central-bajo-de-133-a-110-la-tasa-de-interes-de-los-plazos-fijos\\\/#primaryimage\"},\"image\":{\"@id\":\"https:\\\/\\\/cvinoticias.com\\\/v3\\\/el-banco-central-bajo-de-133-a-110-la-tasa-de-interes-de-los-plazos-fijos\\\/#primaryimage\"},\"thumbnailUrl\":\"https:\\\/\\\/cvinoticias.com\\\/wp-content\\\/uploads\\\/2023\\\/12\\\/f608x342-494151_523874_14.jpg\",\"datePublished\":\"2023-12-18T20:55:46+00:00\",\"breadcrumb\":{\"@id\":\"https:\\\/\\\/cvinoticias.com\\\/v3\\\/el-banco-central-bajo-de-133-a-110-la-tasa-de-interes-de-los-plazos-fijos\\\/#breadcrumb\"},\"inLanguage\":\"es\",\"potentialAction\":[{\"@type\":\"ReadAction\",\"target\":[\"https:\\\/\\\/cvinoticias.com\\\/v3\\\/el-banco-central-bajo-de-133-a-110-la-tasa-de-interes-de-los-plazos-fijos\\\/\"]}]},{\"@type\":\"ImageObject\",\"inLanguage\":\"es\",\"@id\":\"https:\\\/\\\/cvinoticias.com\\\/v3\\\/el-banco-central-bajo-de-133-a-110-la-tasa-de-interes-de-los-plazos-fijos\\\/#primaryimage\",\"url\":\"https:\\\/\\\/cvinoticias.com\\\/wp-content\\\/uploads\\\/2023\\\/12\\\/f608x342-494151_523874_14.jpg\",\"contentUrl\":\"https:\\\/\\\/cvinoticias.com\\\/wp-content\\\/uploads\\\/2023\\\/12\\\/f608x342-494151_523874_14.jpg\",\"width\":608,\"height\":342},{\"@type\":\"BreadcrumbList\",\"@id\":\"https:\\\/\\\/cvinoticias.com\\\/v3\\\/el-banco-central-bajo-de-133-a-110-la-tasa-de-interes-de-los-plazos-fijos\\\/#breadcrumb\",\"itemListElement\":[{\"@type\":\"ListItem\",\"position\":1,\"name\":\"Portada\",\"item\":\"https:\\\/\\\/cvinoticias.com\\\/v3\\\/\"},{\"@type\":\"ListItem\",\"position\":2,\"name\":\"El Banco Central baj\u00f3 de 133% a 110% la tasa de inter\u00e9s de los plazos fijos\"}]},{\"@type\":\"WebSite\",\"@id\":\"https:\\\/\\\/cvinoticias.com\\\/v3\\\/#website\",\"url\":\"https:\\\/\\\/cvinoticias.com\\\/v3\\\/\",\"name\":\"CVI NOTICIAS\",\"description\":\"\",\"publisher\":{\"@id\":\"https:\\\/\\\/cvinoticias.com\\\/v3\\\/#organization\"},\"alternateName\":\"CVI\",\"potentialAction\":[{\"@type\":\"SearchAction\",\"target\":{\"@type\":\"EntryPoint\",\"urlTemplate\":\"https:\\\/\\\/cvinoticias.com\\\/v3\\\/?s={search_term_string}\"},\"query-input\":{\"@type\":\"PropertyValueSpecification\",\"valueRequired\":true,\"valueName\":\"search_term_string\"}}],\"inLanguage\":\"es\"},{\"@type\":\"Organization\",\"@id\":\"https:\\\/\\\/cvinoticias.com\\\/v3\\\/#organization\",\"name\":\"CVI NOTICIAS\",\"url\":\"https:\\\/\\\/cvinoticias.com\\\/v3\\\/\",\"logo\":{\"@type\":\"ImageObject\",\"inLanguage\":\"es\",\"@id\":\"https:\\\/\\\/cvinoticias.com\\\/v3\\\/#\\\/schema\\\/logo\\\/image\\\/\",\"url\":\"https:\\\/\\\/cvinoticias.com\\\/wp-content\\\/uploads\\\/2023\\\/04\\\/cropped-cropped-cropped-cropped-cropped-3-1.png\",\"contentUrl\":\"https:\\\/\\\/cvinoticias.com\\\/wp-content\\\/uploads\\\/2023\\\/04\\\/cropped-cropped-cropped-cropped-cropped-3-1.png\",\"width\":95,\"height\":122,\"caption\":\"CVI NOTICIAS\"},\"image\":{\"@id\":\"https:\\\/\\\/cvinoticias.com\\\/v3\\\/#\\\/schema\\\/logo\\\/image\\\/\"},\"sameAs\":[\"https:\\\/\\\/www.facebook.com\\\/cvinoticias\",\"https:\\\/\\\/www.instagram.com\\\/cvinoticias\\\/\",\"https:\\\/\\\/www.youtube.com\\\/@CVINOTICIAS\"]},{\"@type\":\"Person\",\"@id\":\"https:\\\/\\\/cvinoticias.com\\\/v3\\\/#\\\/schema\\\/person\\\/2db77e3c6bc03c538495d7b2b8be9b66\",\"name\":\"f1000024\",\"image\":{\"@type\":\"ImageObject\",\"inLanguage\":\"es\",\"@id\":\"https:\\\/\\\/secure.gravatar.com\\\/avatar\\\/d4fe7459cfc51ff5129ce1a732bbef5928568b8092d412ef95611616376bbeed?s=96&d=mm&r=g\",\"url\":\"https:\\\/\\\/secure.gravatar.com\\\/avatar\\\/d4fe7459cfc51ff5129ce1a732bbef5928568b8092d412ef95611616376bbeed?s=96&d=mm&r=g\",\"contentUrl\":\"https:\\\/\\\/secure.gravatar.com\\\/avatar\\\/d4fe7459cfc51ff5129ce1a732bbef5928568b8092d412ef95611616376bbeed?s=96&d=mm&r=g\",\"caption\":\"f1000024\"},\"url\":\"https:\\\/\\\/cvinoticias.com\\\/v3\\\/author\\\/f1000024\\\/\"}]}<\/script>\n<!-- \/ Yoast SEO plugin. -->","yoast_head_json":{"title":"El Banco Central baj\u00f3 de 133% a 110% la tasa de inter\u00e9s de los plazos fijos | CVI NOTICIAS","robots":{"index":"index","follow":"follow","max-snippet":"max-snippet:-1","max-image-preview":"max-image-preview:large","max-video-preview":"max-video-preview:-1"},"canonical":"https:\/\/cvinoticias.com\/v3\/el-banco-central-bajo-de-133-a-110-la-tasa-de-interes-de-los-plazos-fijos\/","og_locale":"es_ES","og_type":"article","og_title":"El Banco Central baj\u00f3 de 133% a 110% la tasa de inter\u00e9s de los plazos fijos | CVI NOTICIAS","og_description":"Tras la fuerte devaluaci\u00f3n de la semana pasada, la entidad dispuso varias medidas para \u201csimplificar su se\u00f1al de pol\u00edtica monetaria\u201d El Directorio del Banco Central de la Rep\u00fablica Argentina (BCRA) baj\u00f3 a 110% la tasa de inter\u00e9s de los plazos fijos, que anteriormente estaba en 133%. Lo hizo \u201ccon el prop\u00f3sito de clarificar y simplificar [&hellip;]","og_url":"https:\/\/cvinoticias.com\/v3\/el-banco-central-bajo-de-133-a-110-la-tasa-de-interes-de-los-plazos-fijos\/","og_site_name":"CVI NOTICIAS","article_publisher":"https:\/\/www.facebook.com\/cvinoticias","article_published_time":"2023-12-18T20:55:46+00:00","og_image":[{"width":608,"height":342,"url":"https:\/\/cvinoticias.com\/wp-content\/uploads\/2023\/12\/f608x342-494151_523874_14.jpg","type":"image\/jpeg"}],"author":"f1000024","twitter_card":"summary_large_image","twitter_misc":{"Escrito por":"f1000024","Tiempo de lectura":"1 minuto"},"schema":{"@context":"https:\/\/schema.org","@graph":[{"@type":"Article","@id":"https:\/\/cvinoticias.com\/v3\/el-banco-central-bajo-de-133-a-110-la-tasa-de-interes-de-los-plazos-fijos\/#article","isPartOf":{"@id":"https:\/\/cvinoticias.com\/v3\/el-banco-central-bajo-de-133-a-110-la-tasa-de-interes-de-los-plazos-fijos\/"},"author":{"name":"f1000024","@id":"https:\/\/cvinoticias.com\/v3\/#\/schema\/person\/2db77e3c6bc03c538495d7b2b8be9b66"},"headline":"El Banco Central baj\u00f3 de 133% a 110% la tasa de inter\u00e9s de los plazos fijos","datePublished":"2023-12-18T20:55:46+00:00","mainEntityOfPage":{"@id":"https:\/\/cvinoticias.com\/v3\/el-banco-central-bajo-de-133-a-110-la-tasa-de-interes-de-los-plazos-fijos\/"},"wordCount":298,"commentCount":0,"publisher":{"@id":"https:\/\/cvinoticias.com\/v3\/#organization"},"image":{"@id":"https:\/\/cvinoticias.com\/v3\/el-banco-central-bajo-de-133-a-110-la-tasa-de-interes-de-los-plazos-fijos\/#primaryimage"},"thumbnailUrl":"https:\/\/cvinoticias.com\/wp-content\/uploads\/2023\/12\/f608x342-494151_523874_14.jpg","articleSection":["Econom\u00eda"],"inLanguage":"es","potentialAction":[{"@type":"CommentAction","name":"Comment","target":["https:\/\/cvinoticias.com\/v3\/el-banco-central-bajo-de-133-a-110-la-tasa-de-interes-de-los-plazos-fijos\/#respond"]}]},{"@type":"WebPage","@id":"https:\/\/cvinoticias.com\/v3\/el-banco-central-bajo-de-133-a-110-la-tasa-de-interes-de-los-plazos-fijos\/","url":"https:\/\/cvinoticias.com\/v3\/el-banco-central-bajo-de-133-a-110-la-tasa-de-interes-de-los-plazos-fijos\/","name":"El Banco Central baj\u00f3 de 133% a 110% la tasa de inter\u00e9s de los plazos fijos | CVI NOTICIAS","isPartOf":{"@id":"https:\/\/cvinoticias.com\/v3\/#website"},"primaryImageOfPage":{"@id":"https:\/\/cvinoticias.com\/v3\/el-banco-central-bajo-de-133-a-110-la-tasa-de-interes-de-los-plazos-fijos\/#primaryimage"},"image":{"@id":"https:\/\/cvinoticias.com\/v3\/el-banco-central-bajo-de-133-a-110-la-tasa-de-interes-de-los-plazos-fijos\/#primaryimage"},"thumbnailUrl":"https:\/\/cvinoticias.com\/wp-content\/uploads\/2023\/12\/f608x342-494151_523874_14.jpg","datePublished":"2023-12-18T20:55:46+00:00","breadcrumb":{"@id":"https:\/\/cvinoticias.com\/v3\/el-banco-central-bajo-de-133-a-110-la-tasa-de-interes-de-los-plazos-fijos\/#breadcrumb"},"inLanguage":"es","potentialAction":[{"@type":"ReadAction","target":["https:\/\/cvinoticias.com\/v3\/el-banco-central-bajo-de-133-a-110-la-tasa-de-interes-de-los-plazos-fijos\/"]}]},{"@type":"ImageObject","inLanguage":"es","@id":"https:\/\/cvinoticias.com\/v3\/el-banco-central-bajo-de-133-a-110-la-tasa-de-interes-de-los-plazos-fijos\/#primaryimage","url":"https:\/\/cvinoticias.com\/wp-content\/uploads\/2023\/12\/f608x342-494151_523874_14.jpg","contentUrl":"https:\/\/cvinoticias.com\/wp-content\/uploads\/2023\/12\/f608x342-494151_523874_14.jpg","width":608,"height":342},{"@type":"BreadcrumbList","@id":"https:\/\/cvinoticias.com\/v3\/el-banco-central-bajo-de-133-a-110-la-tasa-de-interes-de-los-plazos-fijos\/#breadcrumb","itemListElement":[{"@type":"ListItem","position":1,"name":"Portada","item":"https:\/\/cvinoticias.com\/v3\/"},{"@type":"ListItem","position":2,"name":"El Banco Central baj\u00f3 de 133% a 110% la tasa de inter\u00e9s de los plazos fijos"}]},{"@type":"WebSite","@id":"https:\/\/cvinoticias.com\/v3\/#website","url":"https:\/\/cvinoticias.com\/v3\/","name":"CVI NOTICIAS","description":"","publisher":{"@id":"https:\/\/cvinoticias.com\/v3\/#organization"},"alternateName":"CVI","potentialAction":[{"@type":"SearchAction","target":{"@type":"EntryPoint","urlTemplate":"https:\/\/cvinoticias.com\/v3\/?s={search_term_string}"},"query-input":{"@type":"PropertyValueSpecification","valueRequired":true,"valueName":"search_term_string"}}],"inLanguage":"es"},{"@type":"Organization","@id":"https:\/\/cvinoticias.com\/v3\/#organization","name":"CVI NOTICIAS","url":"https:\/\/cvinoticias.com\/v3\/","logo":{"@type":"ImageObject","inLanguage":"es","@id":"https:\/\/cvinoticias.com\/v3\/#\/schema\/logo\/image\/","url":"https:\/\/cvinoticias.com\/wp-content\/uploads\/2023\/04\/cropped-cropped-cropped-cropped-cropped-3-1.png","contentUrl":"https:\/\/cvinoticias.com\/wp-content\/uploads\/2023\/04\/cropped-cropped-cropped-cropped-cropped-3-1.png","width":95,"height":122,"caption":"CVI NOTICIAS"},"image":{"@id":"https:\/\/cvinoticias.com\/v3\/#\/schema\/logo\/image\/"},"sameAs":["https:\/\/www.facebook.com\/cvinoticias","https:\/\/www.instagram.com\/cvinoticias\/","https:\/\/www.youtube.com\/@CVINOTICIAS"]},{"@type":"Person","@id":"https:\/\/cvinoticias.com\/v3\/#\/schema\/person\/2db77e3c6bc03c538495d7b2b8be9b66","name":"f1000024","image":{"@type":"ImageObject","inLanguage":"es","@id":"https:\/\/secure.gravatar.com\/avatar\/d4fe7459cfc51ff5129ce1a732bbef5928568b8092d412ef95611616376bbeed?s=96&d=mm&r=g","url":"https:\/\/secure.gravatar.com\/avatar\/d4fe7459cfc51ff5129ce1a732bbef5928568b8092d412ef95611616376bbeed?s=96&d=mm&r=g","contentUrl":"https:\/\/secure.gravatar.com\/avatar\/d4fe7459cfc51ff5129ce1a732bbef5928568b8092d412ef95611616376bbeed?s=96&d=mm&r=g","caption":"f1000024"},"url":"https:\/\/cvinoticias.com\/v3\/author\/f1000024\/"}]}},"_links":{"self":[{"href":"https:\/\/cvinoticias.com\/v3\/wp-json\/wp\/v2\/posts\/31062","targetHints":{"allow":["GET"]}}],"collection":[{"href":"https:\/\/cvinoticias.com\/v3\/wp-json\/wp\/v2\/posts"}],"about":[{"href":"https:\/\/cvinoticias.com\/v3\/wp-json\/wp\/v2\/types\/post"}],"author":[{"embeddable":true,"href":"https:\/\/cvinoticias.com\/v3\/wp-json\/wp\/v2\/users\/2"}],"replies":[{"embeddable":true,"href":"https:\/\/cvinoticias.com\/v3\/wp-json\/wp\/v2\/comments?post=31062"}],"version-history":[{"count":1,"href":"https:\/\/cvinoticias.com\/v3\/wp-json\/wp\/v2\/posts\/31062\/revisions"}],"predecessor-version":[{"id":31064,"href":"https:\/\/cvinoticias.com\/v3\/wp-json\/wp\/v2\/posts\/31062\/revisions\/31064"}],"wp:featuredmedia":[{"embeddable":true,"href":"https:\/\/cvinoticias.com\/v3\/wp-json\/wp\/v2\/media\/31063"}],"wp:attachment":[{"href":"https:\/\/cvinoticias.com\/v3\/wp-json\/wp\/v2\/media?parent=31062"}],"wp:term":[{"taxonomy":"category","embeddable":true,"href":"https:\/\/cvinoticias.com\/v3\/wp-json\/wp\/v2\/categories?post=31062"},{"taxonomy":"post_tag","embeddable":true,"href":"https:\/\/cvinoticias.com\/v3\/wp-json\/wp\/v2\/tags?post=31062"}],"curies":[{"name":"wp","href":"https:\/\/api.w.org\/{rel}","templated":true}]}}