{"id":31056,"date":"2023-12-18T17:32:58","date_gmt":"2023-12-18T20:32:58","guid":{"rendered":"https:\/\/cvinoticias.com\/v3\/?p=31056"},"modified":"2023-12-18T17:32:58","modified_gmt":"2023-12-18T20:32:58","slug":"quienes-volveran-a-pagar-ganancias-si-se-aprueba-el-proyecto-de-ley-del-gobierno","status":"publish","type":"post","link":"https:\/\/cvinoticias.com\/v3\/quienes-volveran-a-pagar-ganancias-si-se-aprueba-el-proyecto-de-ley-del-gobierno\/","title":{"rendered":"Qui\u00e9nes volver\u00e1n a pagar Ganancias si se aprueba el proyecto de ley del Gobierno"},"content":{"rendered":"\n<p><em><strong>El gobierno de Javier Milei busca restablecer el esquema que reg\u00eda en el Impuesto a las Ganancias hasta el 30 de septiembre pasado. Al menos unos 800 mil trabajadores volver\u00edan a pagar pero advierten que podr\u00edan llegar a ser 1 mill\u00f3n.<\/strong><\/em><\/p>\n\n\n\n<p>El presidente Javier Milei planea reintroducir el Impuesto a las Ganancias para cientos de miles de trabajadores. Esta medida busca revertir el esquema que reg\u00eda hasta septiembre pasado y afectar\u00eda aproximadamente a 800.000 empleados, aunque se advierte que la cifra podr\u00eda llegar a ser de 1 mill\u00f3n.<\/p>\n\n\n\n<p>Aunque Milei hab\u00eda abogado por una disminuci\u00f3n del impuesto durante su campa\u00f1a, cabe destacar que \u00e9l mismo vot\u00f3 a favor de un importante aumento en el m\u00ednimo no imponible propuesto por el entonces ministro de Econom\u00eda, Sergio Massa.<\/p>\n\n\n\n<p>Con la aprobaci\u00f3n de un proyecto de ley enviado al Congreso por el gobierno anterior y respaldado por La Libertad Avanza, el m\u00ednimo no imponible se elev\u00f3 a 15 salarios m\u00ednimos, vitales y m\u00f3viles. Esto eximi\u00f3 del impuesto a alrededor de 800,000 asalariados que, anteriormente, estaban sujetos al mismo. Ahora, Milei busca revertir este cambio, volver al sistema anterior y que estos trabajadores vuelvan a ser afectados por Ganancias.<\/p>\n\n\n\n<p>En caso de lograrlo, los empleados que anteriormente no pagaban el impuesto deber\u00e1n hacerlo nuevamente, siempre que se encuentren dentro de los l\u00edmites del nuevo m\u00ednimo no imponible. Aunque es posible que la base ya no sea de 700,875 pesos, podr\u00eda establecerse en un monto mayor, pero el Estado determinar\u00e1 el umbral a partir del cual los trabajadores deben comenzar a tributar.<\/p>\n\n\n\n<p>El objetivo de revertir la cuasi eliminaci\u00f3n del impuesto a las Ganancias es aumentar la recaudaci\u00f3n a partir del pr\u00f3ximo a\u00f1o. Seg\u00fan datos oficiales, la reforma implementada implicaba una p\u00e9rdida de 1 bill\u00f3n de pesos para el Estado Nacional y una cantidad similar para las provincias, ya que se trata de un impuesto coparticipable.<\/p>\n\n\n\n<p>Manuel Adorni, vocero presidencial, abord\u00f3 el cambio de postura de Milei sobre el Impuesto a las Ganancias en una conferencia de prensa. Destac\u00f3 que, en su calidad de diputado anteriormente, Milei vot\u00f3 por la rebaja o modificaci\u00f3n del impuesto, pero siempre insisti\u00f3 en que deb\u00eda ir acompa\u00f1ado de una reducci\u00f3n del gasto ejecutada por el Estado nacional.<\/p>\n\n\n\n<p>Adorni se\u00f1al\u00f3 que cualquier ajuste al alza en los impuestos, como en este caso de Ganancias, ser\u00e1 de corto plazo y que siempre ser\u00e1n transparentes al respecto, corrigiendo cualquier aumento en el impuesto y volviendo al estado anterior en el corto plazo.<\/p>\n","protected":false},"excerpt":{"rendered":"<p>El gobierno de Javier Milei busca restablecer el esquema que reg\u00eda en el Impuesto a las Ganancias hasta el 30 de septiembre pasado. Al menos unos 800 mil trabajadores volver\u00edan a pagar pero advierten que podr\u00edan llegar a ser 1 mill\u00f3n. El presidente Javier Milei planea reintroducir el Impuesto a las Ganancias para cientos de [&hellip;]<\/p>\n","protected":false},"author":2,"featured_media":31057,"comment_status":"open","ping_status":"open","sticky":false,"template":"","format":"standard","meta":{"footnotes":""},"categories":[35],"tags":[],"class_list":["post-31056","post","type-post","status-publish","format-standard","has-post-thumbnail","hentry","category-informacion-general"],"yoast_head":"<!-- This site is optimized with the Yoast SEO plugin v27.5 - https:\/\/yoast.com\/product\/yoast-seo-wordpress\/ -->\n<title>Qui\u00e9nes volver\u00e1n a pagar Ganancias si se aprueba el proyecto de ley del Gobierno | CVI NOTICIAS<\/title>\n<meta name=\"robots\" content=\"index, follow, max-snippet:-1, max-image-preview:large, max-video-preview:-1\" \/>\n<link rel=\"canonical\" href=\"https:\/\/cvinoticias.com\/v3\/quienes-volveran-a-pagar-ganancias-si-se-aprueba-el-proyecto-de-ley-del-gobierno\/\" \/>\n<meta property=\"og:locale\" content=\"es_ES\" \/>\n<meta property=\"og:type\" content=\"article\" \/>\n<meta property=\"og:title\" content=\"Qui\u00e9nes volver\u00e1n a pagar Ganancias si se aprueba el proyecto de ley del Gobierno | CVI NOTICIAS\" \/>\n<meta property=\"og:description\" content=\"El gobierno de Javier Milei busca restablecer el esquema que reg\u00eda en el Impuesto a las Ganancias hasta el 30 de septiembre pasado. Al menos unos 800 mil trabajadores volver\u00edan a pagar pero advierten que podr\u00edan llegar a ser 1 mill\u00f3n. El presidente Javier Milei planea reintroducir el Impuesto a las Ganancias para cientos de [&hellip;]\" \/>\n<meta property=\"og:url\" content=\"https:\/\/cvinoticias.com\/v3\/quienes-volveran-a-pagar-ganancias-si-se-aprueba-el-proyecto-de-ley-del-gobierno\/\" \/>\n<meta property=\"og:site_name\" content=\"CVI NOTICIAS\" \/>\n<meta property=\"article:publisher\" content=\"https:\/\/www.facebook.com\/cvinoticias\" \/>\n<meta property=\"article:published_time\" content=\"2023-12-18T20:32:58+00:00\" \/>\n<meta property=\"og:image\" content=\"https:\/\/cvinoticias.com\/wp-content\/uploads\/2023\/12\/63425ebd89670__400x300.jpg\" \/>\n\t<meta property=\"og:image:width\" content=\"400\" \/>\n\t<meta property=\"og:image:height\" content=\"300\" \/>\n\t<meta property=\"og:image:type\" content=\"image\/jpeg\" \/>\n<meta name=\"author\" content=\"f1000024\" \/>\n<meta name=\"twitter:card\" content=\"summary_large_image\" \/>\n<meta name=\"twitter:label1\" content=\"Escrito por\" \/>\n\t<meta name=\"twitter:data1\" content=\"f1000024\" \/>\n\t<meta name=\"twitter:label2\" content=\"Tiempo de lectura\" \/>\n\t<meta name=\"twitter:data2\" content=\"2 minutos\" \/>\n<script type=\"application\/ld+json\" class=\"yoast-schema-graph\">{\"@context\":\"https:\\\/\\\/schema.org\",\"@graph\":[{\"@type\":\"Article\",\"@id\":\"https:\\\/\\\/cvinoticias.com\\\/v3\\\/quienes-volveran-a-pagar-ganancias-si-se-aprueba-el-proyecto-de-ley-del-gobierno\\\/#article\",\"isPartOf\":{\"@id\":\"https:\\\/\\\/cvinoticias.com\\\/v3\\\/quienes-volveran-a-pagar-ganancias-si-se-aprueba-el-proyecto-de-ley-del-gobierno\\\/\"},\"author\":{\"name\":\"f1000024\",\"@id\":\"https:\\\/\\\/cvinoticias.com\\\/v3\\\/#\\\/schema\\\/person\\\/2db77e3c6bc03c538495d7b2b8be9b66\"},\"headline\":\"Qui\u00e9nes volver\u00e1n a pagar Ganancias si se aprueba el proyecto de ley del Gobierno\",\"datePublished\":\"2023-12-18T20:32:58+00:00\",\"mainEntityOfPage\":{\"@id\":\"https:\\\/\\\/cvinoticias.com\\\/v3\\\/quienes-volveran-a-pagar-ganancias-si-se-aprueba-el-proyecto-de-ley-del-gobierno\\\/\"},\"wordCount\":451,\"commentCount\":0,\"publisher\":{\"@id\":\"https:\\\/\\\/cvinoticias.com\\\/v3\\\/#organization\"},\"image\":{\"@id\":\"https:\\\/\\\/cvinoticias.com\\\/v3\\\/quienes-volveran-a-pagar-ganancias-si-se-aprueba-el-proyecto-de-ley-del-gobierno\\\/#primaryimage\"},\"thumbnailUrl\":\"https:\\\/\\\/cvinoticias.com\\\/wp-content\\\/uploads\\\/2023\\\/12\\\/63425ebd89670__400x300.jpg\",\"articleSection\":[\"Informaci\u00f3n General\"],\"inLanguage\":\"es\",\"potentialAction\":[{\"@type\":\"CommentAction\",\"name\":\"Comment\",\"target\":[\"https:\\\/\\\/cvinoticias.com\\\/v3\\\/quienes-volveran-a-pagar-ganancias-si-se-aprueba-el-proyecto-de-ley-del-gobierno\\\/#respond\"]}]},{\"@type\":\"WebPage\",\"@id\":\"https:\\\/\\\/cvinoticias.com\\\/v3\\\/quienes-volveran-a-pagar-ganancias-si-se-aprueba-el-proyecto-de-ley-del-gobierno\\\/\",\"url\":\"https:\\\/\\\/cvinoticias.com\\\/v3\\\/quienes-volveran-a-pagar-ganancias-si-se-aprueba-el-proyecto-de-ley-del-gobierno\\\/\",\"name\":\"Qui\u00e9nes volver\u00e1n a pagar Ganancias si se aprueba el proyecto de ley del Gobierno | CVI NOTICIAS\",\"isPartOf\":{\"@id\":\"https:\\\/\\\/cvinoticias.com\\\/v3\\\/#website\"},\"primaryImageOfPage\":{\"@id\":\"https:\\\/\\\/cvinoticias.com\\\/v3\\\/quienes-volveran-a-pagar-ganancias-si-se-aprueba-el-proyecto-de-ley-del-gobierno\\\/#primaryimage\"},\"image\":{\"@id\":\"https:\\\/\\\/cvinoticias.com\\\/v3\\\/quienes-volveran-a-pagar-ganancias-si-se-aprueba-el-proyecto-de-ley-del-gobierno\\\/#primaryimage\"},\"thumbnailUrl\":\"https:\\\/\\\/cvinoticias.com\\\/wp-content\\\/uploads\\\/2023\\\/12\\\/63425ebd89670__400x300.jpg\",\"datePublished\":\"2023-12-18T20:32:58+00:00\",\"breadcrumb\":{\"@id\":\"https:\\\/\\\/cvinoticias.com\\\/v3\\\/quienes-volveran-a-pagar-ganancias-si-se-aprueba-el-proyecto-de-ley-del-gobierno\\\/#breadcrumb\"},\"inLanguage\":\"es\",\"potentialAction\":[{\"@type\":\"ReadAction\",\"target\":[\"https:\\\/\\\/cvinoticias.com\\\/v3\\\/quienes-volveran-a-pagar-ganancias-si-se-aprueba-el-proyecto-de-ley-del-gobierno\\\/\"]}]},{\"@type\":\"ImageObject\",\"inLanguage\":\"es\",\"@id\":\"https:\\\/\\\/cvinoticias.com\\\/v3\\\/quienes-volveran-a-pagar-ganancias-si-se-aprueba-el-proyecto-de-ley-del-gobierno\\\/#primaryimage\",\"url\":\"https:\\\/\\\/cvinoticias.com\\\/wp-content\\\/uploads\\\/2023\\\/12\\\/63425ebd89670__400x300.jpg\",\"contentUrl\":\"https:\\\/\\\/cvinoticias.com\\\/wp-content\\\/uploads\\\/2023\\\/12\\\/63425ebd89670__400x300.jpg\",\"width\":400,\"height\":300},{\"@type\":\"BreadcrumbList\",\"@id\":\"https:\\\/\\\/cvinoticias.com\\\/v3\\\/quienes-volveran-a-pagar-ganancias-si-se-aprueba-el-proyecto-de-ley-del-gobierno\\\/#breadcrumb\",\"itemListElement\":[{\"@type\":\"ListItem\",\"position\":1,\"name\":\"Portada\",\"item\":\"https:\\\/\\\/cvinoticias.com\\\/v3\\\/\"},{\"@type\":\"ListItem\",\"position\":2,\"name\":\"Qui\u00e9nes volver\u00e1n a pagar Ganancias si se aprueba el proyecto de ley del Gobierno\"}]},{\"@type\":\"WebSite\",\"@id\":\"https:\\\/\\\/cvinoticias.com\\\/v3\\\/#website\",\"url\":\"https:\\\/\\\/cvinoticias.com\\\/v3\\\/\",\"name\":\"CVI NOTICIAS\",\"description\":\"\",\"publisher\":{\"@id\":\"https:\\\/\\\/cvinoticias.com\\\/v3\\\/#organization\"},\"alternateName\":\"CVI\",\"potentialAction\":[{\"@type\":\"SearchAction\",\"target\":{\"@type\":\"EntryPoint\",\"urlTemplate\":\"https:\\\/\\\/cvinoticias.com\\\/v3\\\/?s={search_term_string}\"},\"query-input\":{\"@type\":\"PropertyValueSpecification\",\"valueRequired\":true,\"valueName\":\"search_term_string\"}}],\"inLanguage\":\"es\"},{\"@type\":\"Organization\",\"@id\":\"https:\\\/\\\/cvinoticias.com\\\/v3\\\/#organization\",\"name\":\"CVI NOTICIAS\",\"url\":\"https:\\\/\\\/cvinoticias.com\\\/v3\\\/\",\"logo\":{\"@type\":\"ImageObject\",\"inLanguage\":\"es\",\"@id\":\"https:\\\/\\\/cvinoticias.com\\\/v3\\\/#\\\/schema\\\/logo\\\/image\\\/\",\"url\":\"https:\\\/\\\/cvinoticias.com\\\/wp-content\\\/uploads\\\/2023\\\/04\\\/cropped-cropped-cropped-cropped-cropped-3-1.png\",\"contentUrl\":\"https:\\\/\\\/cvinoticias.com\\\/wp-content\\\/uploads\\\/2023\\\/04\\\/cropped-cropped-cropped-cropped-cropped-3-1.png\",\"width\":95,\"height\":122,\"caption\":\"CVI NOTICIAS\"},\"image\":{\"@id\":\"https:\\\/\\\/cvinoticias.com\\\/v3\\\/#\\\/schema\\\/logo\\\/image\\\/\"},\"sameAs\":[\"https:\\\/\\\/www.facebook.com\\\/cvinoticias\",\"https:\\\/\\\/www.instagram.com\\\/cvinoticias\\\/\",\"https:\\\/\\\/www.youtube.com\\\/@CVINOTICIAS\"]},{\"@type\":\"Person\",\"@id\":\"https:\\\/\\\/cvinoticias.com\\\/v3\\\/#\\\/schema\\\/person\\\/2db77e3c6bc03c538495d7b2b8be9b66\",\"name\":\"f1000024\",\"image\":{\"@type\":\"ImageObject\",\"inLanguage\":\"es\",\"@id\":\"https:\\\/\\\/secure.gravatar.com\\\/avatar\\\/d4fe7459cfc51ff5129ce1a732bbef5928568b8092d412ef95611616376bbeed?s=96&d=mm&r=g\",\"url\":\"https:\\\/\\\/secure.gravatar.com\\\/avatar\\\/d4fe7459cfc51ff5129ce1a732bbef5928568b8092d412ef95611616376bbeed?s=96&d=mm&r=g\",\"contentUrl\":\"https:\\\/\\\/secure.gravatar.com\\\/avatar\\\/d4fe7459cfc51ff5129ce1a732bbef5928568b8092d412ef95611616376bbeed?s=96&d=mm&r=g\",\"caption\":\"f1000024\"},\"url\":\"https:\\\/\\\/cvinoticias.com\\\/v3\\\/author\\\/f1000024\\\/\"}]}<\/script>\n<!-- \/ Yoast SEO plugin. -->","yoast_head_json":{"title":"Qui\u00e9nes volver\u00e1n a pagar Ganancias si se aprueba el proyecto de ley del Gobierno | CVI NOTICIAS","robots":{"index":"index","follow":"follow","max-snippet":"max-snippet:-1","max-image-preview":"max-image-preview:large","max-video-preview":"max-video-preview:-1"},"canonical":"https:\/\/cvinoticias.com\/v3\/quienes-volveran-a-pagar-ganancias-si-se-aprueba-el-proyecto-de-ley-del-gobierno\/","og_locale":"es_ES","og_type":"article","og_title":"Qui\u00e9nes volver\u00e1n a pagar Ganancias si se aprueba el proyecto de ley del Gobierno | CVI NOTICIAS","og_description":"El gobierno de Javier Milei busca restablecer el esquema que reg\u00eda en el Impuesto a las Ganancias hasta el 30 de septiembre pasado. Al menos unos 800 mil trabajadores volver\u00edan a pagar pero advierten que podr\u00edan llegar a ser 1 mill\u00f3n. El presidente Javier Milei planea reintroducir el Impuesto a las Ganancias para cientos de [&hellip;]","og_url":"https:\/\/cvinoticias.com\/v3\/quienes-volveran-a-pagar-ganancias-si-se-aprueba-el-proyecto-de-ley-del-gobierno\/","og_site_name":"CVI NOTICIAS","article_publisher":"https:\/\/www.facebook.com\/cvinoticias","article_published_time":"2023-12-18T20:32:58+00:00","og_image":[{"width":400,"height":300,"url":"https:\/\/cvinoticias.com\/wp-content\/uploads\/2023\/12\/63425ebd89670__400x300.jpg","type":"image\/jpeg"}],"author":"f1000024","twitter_card":"summary_large_image","twitter_misc":{"Escrito por":"f1000024","Tiempo de lectura":"2 minutos"},"schema":{"@context":"https:\/\/schema.org","@graph":[{"@type":"Article","@id":"https:\/\/cvinoticias.com\/v3\/quienes-volveran-a-pagar-ganancias-si-se-aprueba-el-proyecto-de-ley-del-gobierno\/#article","isPartOf":{"@id":"https:\/\/cvinoticias.com\/v3\/quienes-volveran-a-pagar-ganancias-si-se-aprueba-el-proyecto-de-ley-del-gobierno\/"},"author":{"name":"f1000024","@id":"https:\/\/cvinoticias.com\/v3\/#\/schema\/person\/2db77e3c6bc03c538495d7b2b8be9b66"},"headline":"Qui\u00e9nes volver\u00e1n a pagar Ganancias si se aprueba el proyecto de ley del Gobierno","datePublished":"2023-12-18T20:32:58+00:00","mainEntityOfPage":{"@id":"https:\/\/cvinoticias.com\/v3\/quienes-volveran-a-pagar-ganancias-si-se-aprueba-el-proyecto-de-ley-del-gobierno\/"},"wordCount":451,"commentCount":0,"publisher":{"@id":"https:\/\/cvinoticias.com\/v3\/#organization"},"image":{"@id":"https:\/\/cvinoticias.com\/v3\/quienes-volveran-a-pagar-ganancias-si-se-aprueba-el-proyecto-de-ley-del-gobierno\/#primaryimage"},"thumbnailUrl":"https:\/\/cvinoticias.com\/wp-content\/uploads\/2023\/12\/63425ebd89670__400x300.jpg","articleSection":["Informaci\u00f3n General"],"inLanguage":"es","potentialAction":[{"@type":"CommentAction","name":"Comment","target":["https:\/\/cvinoticias.com\/v3\/quienes-volveran-a-pagar-ganancias-si-se-aprueba-el-proyecto-de-ley-del-gobierno\/#respond"]}]},{"@type":"WebPage","@id":"https:\/\/cvinoticias.com\/v3\/quienes-volveran-a-pagar-ganancias-si-se-aprueba-el-proyecto-de-ley-del-gobierno\/","url":"https:\/\/cvinoticias.com\/v3\/quienes-volveran-a-pagar-ganancias-si-se-aprueba-el-proyecto-de-ley-del-gobierno\/","name":"Qui\u00e9nes volver\u00e1n a pagar Ganancias si se aprueba el proyecto de ley del Gobierno | CVI NOTICIAS","isPartOf":{"@id":"https:\/\/cvinoticias.com\/v3\/#website"},"primaryImageOfPage":{"@id":"https:\/\/cvinoticias.com\/v3\/quienes-volveran-a-pagar-ganancias-si-se-aprueba-el-proyecto-de-ley-del-gobierno\/#primaryimage"},"image":{"@id":"https:\/\/cvinoticias.com\/v3\/quienes-volveran-a-pagar-ganancias-si-se-aprueba-el-proyecto-de-ley-del-gobierno\/#primaryimage"},"thumbnailUrl":"https:\/\/cvinoticias.com\/wp-content\/uploads\/2023\/12\/63425ebd89670__400x300.jpg","datePublished":"2023-12-18T20:32:58+00:00","breadcrumb":{"@id":"https:\/\/cvinoticias.com\/v3\/quienes-volveran-a-pagar-ganancias-si-se-aprueba-el-proyecto-de-ley-del-gobierno\/#breadcrumb"},"inLanguage":"es","potentialAction":[{"@type":"ReadAction","target":["https:\/\/cvinoticias.com\/v3\/quienes-volveran-a-pagar-ganancias-si-se-aprueba-el-proyecto-de-ley-del-gobierno\/"]}]},{"@type":"ImageObject","inLanguage":"es","@id":"https:\/\/cvinoticias.com\/v3\/quienes-volveran-a-pagar-ganancias-si-se-aprueba-el-proyecto-de-ley-del-gobierno\/#primaryimage","url":"https:\/\/cvinoticias.com\/wp-content\/uploads\/2023\/12\/63425ebd89670__400x300.jpg","contentUrl":"https:\/\/cvinoticias.com\/wp-content\/uploads\/2023\/12\/63425ebd89670__400x300.jpg","width":400,"height":300},{"@type":"BreadcrumbList","@id":"https:\/\/cvinoticias.com\/v3\/quienes-volveran-a-pagar-ganancias-si-se-aprueba-el-proyecto-de-ley-del-gobierno\/#breadcrumb","itemListElement":[{"@type":"ListItem","position":1,"name":"Portada","item":"https:\/\/cvinoticias.com\/v3\/"},{"@type":"ListItem","position":2,"name":"Qui\u00e9nes volver\u00e1n a pagar Ganancias si se aprueba el proyecto de ley del Gobierno"}]},{"@type":"WebSite","@id":"https:\/\/cvinoticias.com\/v3\/#website","url":"https:\/\/cvinoticias.com\/v3\/","name":"CVI NOTICIAS","description":"","publisher":{"@id":"https:\/\/cvinoticias.com\/v3\/#organization"},"alternateName":"CVI","potentialAction":[{"@type":"SearchAction","target":{"@type":"EntryPoint","urlTemplate":"https:\/\/cvinoticias.com\/v3\/?s={search_term_string}"},"query-input":{"@type":"PropertyValueSpecification","valueRequired":true,"valueName":"search_term_string"}}],"inLanguage":"es"},{"@type":"Organization","@id":"https:\/\/cvinoticias.com\/v3\/#organization","name":"CVI NOTICIAS","url":"https:\/\/cvinoticias.com\/v3\/","logo":{"@type":"ImageObject","inLanguage":"es","@id":"https:\/\/cvinoticias.com\/v3\/#\/schema\/logo\/image\/","url":"https:\/\/cvinoticias.com\/wp-content\/uploads\/2023\/04\/cropped-cropped-cropped-cropped-cropped-3-1.png","contentUrl":"https:\/\/cvinoticias.com\/wp-content\/uploads\/2023\/04\/cropped-cropped-cropped-cropped-cropped-3-1.png","width":95,"height":122,"caption":"CVI NOTICIAS"},"image":{"@id":"https:\/\/cvinoticias.com\/v3\/#\/schema\/logo\/image\/"},"sameAs":["https:\/\/www.facebook.com\/cvinoticias","https:\/\/www.instagram.com\/cvinoticias\/","https:\/\/www.youtube.com\/@CVINOTICIAS"]},{"@type":"Person","@id":"https:\/\/cvinoticias.com\/v3\/#\/schema\/person\/2db77e3c6bc03c538495d7b2b8be9b66","name":"f1000024","image":{"@type":"ImageObject","inLanguage":"es","@id":"https:\/\/secure.gravatar.com\/avatar\/d4fe7459cfc51ff5129ce1a732bbef5928568b8092d412ef95611616376bbeed?s=96&d=mm&r=g","url":"https:\/\/secure.gravatar.com\/avatar\/d4fe7459cfc51ff5129ce1a732bbef5928568b8092d412ef95611616376bbeed?s=96&d=mm&r=g","contentUrl":"https:\/\/secure.gravatar.com\/avatar\/d4fe7459cfc51ff5129ce1a732bbef5928568b8092d412ef95611616376bbeed?s=96&d=mm&r=g","caption":"f1000024"},"url":"https:\/\/cvinoticias.com\/v3\/author\/f1000024\/"}]}},"_links":{"self":[{"href":"https:\/\/cvinoticias.com\/v3\/wp-json\/wp\/v2\/posts\/31056","targetHints":{"allow":["GET"]}}],"collection":[{"href":"https:\/\/cvinoticias.com\/v3\/wp-json\/wp\/v2\/posts"}],"about":[{"href":"https:\/\/cvinoticias.com\/v3\/wp-json\/wp\/v2\/types\/post"}],"author":[{"embeddable":true,"href":"https:\/\/cvinoticias.com\/v3\/wp-json\/wp\/v2\/users\/2"}],"replies":[{"embeddable":true,"href":"https:\/\/cvinoticias.com\/v3\/wp-json\/wp\/v2\/comments?post=31056"}],"version-history":[{"count":1,"href":"https:\/\/cvinoticias.com\/v3\/wp-json\/wp\/v2\/posts\/31056\/revisions"}],"predecessor-version":[{"id":31058,"href":"https:\/\/cvinoticias.com\/v3\/wp-json\/wp\/v2\/posts\/31056\/revisions\/31058"}],"wp:featuredmedia":[{"embeddable":true,"href":"https:\/\/cvinoticias.com\/v3\/wp-json\/wp\/v2\/media\/31057"}],"wp:attachment":[{"href":"https:\/\/cvinoticias.com\/v3\/wp-json\/wp\/v2\/media?parent=31056"}],"wp:term":[{"taxonomy":"category","embeddable":true,"href":"https:\/\/cvinoticias.com\/v3\/wp-json\/wp\/v2\/categories?post=31056"},{"taxonomy":"post_tag","embeddable":true,"href":"https:\/\/cvinoticias.com\/v3\/wp-json\/wp\/v2\/tags?post=31056"}],"curies":[{"name":"wp","href":"https:\/\/api.w.org\/{rel}","templated":true}]}}