{"id":31044,"date":"2023-12-18T08:38:44","date_gmt":"2023-12-18T11:38:44","guid":{"rendered":"https:\/\/cvinoticias.com\/v3\/?p=31044"},"modified":"2023-12-18T08:38:44","modified_gmt":"2023-12-18T11:38:44","slug":"prorrogan-la-emergencia-energetica-hasta-el-31-de-diciembre","status":"publish","type":"post","link":"https:\/\/cvinoticias.com\/v3\/prorrogan-la-emergencia-energetica-hasta-el-31-de-diciembre\/","title":{"rendered":"Prorrogan la emergencia energ\u00e9tica hasta el 31 de diciembre"},"content":{"rendered":"\n<p><strong><em>A trav\u00e9s de un DNU, el Gobierno nacional prorrog\u00f3 la vigencia de la emergencia energ\u00e9tica en la Argentina y dispuso la intervenci\u00f3n del ENRE y Enargas.<\/em><\/strong><\/p>\n\n\n\n<p>El Gobierno mantendr\u00e1 la emergencia energ\u00e9tica en la Argentina en lo que respecta a los segmentos de generaci\u00f3n, transporte y distribuci\u00f3n de energ\u00eda el\u00e9ctrica bajo jurisdicci\u00f3n federal y de transporte y distribuci\u00f3n de gas natural hasta el 31 de diciembre de 2024, a trav\u00e9s de un decreto de necesidad y urgencia (DNU) que se public\u00f3 este lunes en el Bolet\u00edn Oficial, de acuerdo con fuentes del Ministerio de Econom\u00eda.<\/p>\n\n\n\n<p>Seg\u00fan el texto del DNU, que est\u00e1 fechado el s\u00e1bado 16 de diciembre, la actual emergencia, que prorroga el decreto que reg\u00eda hasta el 31 de diciembre pr\u00f3ximo, se fundamenta en \u201cla ausencia de un esquema tarifario que brinde se\u00f1ales para un consumo eficiente y racional de energ\u00eda para los distintos segmentos y tipos de usuario\u201d y en que \u201cla prestaci\u00f3n de los servicios p\u00fablicos de transporte y distribuci\u00f3n de gas y energ\u00eda el\u00e9ctrica bajo jurisdicci\u00f3n federal exhibe una situaci\u00f3n caracterizada por la creciente obsolescencia de los activos de las empresas prestadoras, la insuficiente adecuaci\u00f3n a las necesidades de la demanda actual y futura y la profundizaci\u00f3n de los inconvenientes derivados de la falta de renovaci\u00f3n de las redes y su ampliaci\u00f3n\u201d.<\/p>\n\n\n\n<p>De acuerdo con esto, en el art\u00edculo 2 se instruye a la Secretar\u00eda de Energ\u00eda del Ministerio de Econom\u00eda para que elabore, ponga en vigencia e implemente un programa de acciones necesarias e indispensables con relaci\u00f3n a los segmentos comprendidos en la emergencia, con el fin de establecer los mecanismos para la sanci\u00f3n de precios en condiciones de competencia y libre acceso, mantener en t\u00e9rminos reales los niveles de ingresos y cubrir las necesidades de inversi\u00f3n, para garantizar la prestaci\u00f3n continua de los servicios p\u00fablicos de transporte y distribuci\u00f3n de energ\u00eda el\u00e9ctrica y gas natural en condiciones t\u00e9cnicas y econ\u00f3micas adecuadas para los prestadores y los usuarios de todas las categor\u00edas.<\/p>\n\n\n\n<p><strong>Emergencia energ\u00e9tica: dispusieron las intervenciones del ENRE y Enargas<\/strong><\/p>\n\n\n\n<p>En tanto, el art\u00edculo 4 dispone la intervenci\u00f3n en el Ente Nacional Regulador de la Electricidad (ENRE) y del Ente Nacional Regulador del Gas (Enargas) -organismos que se encontraban intervenidos hasta el 31 de diciembre de este a\u00f1o- a partir del 1\u00b0 de enero de 2024.<\/p>\n\n\n\n<p>Los interventores ser\u00e1n designados por la Secretar\u00eda de Energ\u00eda, que tambi\u00e9n deber\u00e1, en un plazo de 180 d\u00edas, iniciar el proceso de selecci\u00f3n de los miembros del directorio del Enargas y revisar y\/o reconducir y\/o confirmar y\/o anular, seg\u00fan corresponda, el proceso de selecci\u00f3n de los miembros del directorio del ENRE, actualmente en tr\u00e1mite en el marco de lo dispuesto en la resoluci\u00f3n de la Secretar\u00eda de Energ\u00eda N\u00b0607\/23.<\/p>\n\n\n\n<p>Fuentes de la Secretar\u00eda de Energ\u00eda dijeron que la publicaci\u00f3n del DNU tiene que ver con que la intervenci\u00f3n del ENRE y el Enargas venc\u00eda el pr\u00f3ximo 31 de diciembre y, si bien muchos lo relacionan con la tormenta que a\u00fan tiene a m\u00e1s de medio mill\u00f3n de usuarios sin luz, se relaciona con la matriz energ\u00e9tica del pa\u00eds y la voluntad del Gobierno entrante de normalizar las tarifas. En cuanto a los nombres de los interventores, dijeron que probablemente se conozcan en el transcurso de esta semana.<\/p>\n\n\n\n<p>Fuentes del sector, en tanto, sumaron que las audiencias p\u00fablicas por las tarifas del gas previstas para el 8 de enero pr\u00f3ximo no se pod\u00edan realizar sin la intervenci\u00f3n y que en los pr\u00f3ximos d\u00edas tendr\u00eda que salir la designaci\u00f3n de los interventores que antes eran nombrados por el Presidente y el ministro de Econom\u00eda y ahora lo ser\u00e1n por el secretario de Energ\u00eda, Eduardo Rodr\u00edguez Chirillo, public\u00f3 La Naci\u00f3n.<\/p>\n","protected":false},"excerpt":{"rendered":"<p>A trav\u00e9s de un DNU, el Gobierno nacional prorrog\u00f3 la vigencia de la emergencia energ\u00e9tica en la Argentina y dispuso la intervenci\u00f3n del ENRE y Enargas. El Gobierno mantendr\u00e1 la emergencia energ\u00e9tica en la Argentina en lo que respecta a los segmentos de generaci\u00f3n, transporte y distribuci\u00f3n de energ\u00eda el\u00e9ctrica bajo jurisdicci\u00f3n federal y de [&hellip;]<\/p>\n","protected":false},"author":2,"featured_media":31045,"comment_status":"open","ping_status":"open","sticky":false,"template":"","format":"standard","meta":{"footnotes":""},"categories":[39],"tags":[],"class_list":["post-31044","post","type-post","status-publish","format-standard","has-post-thumbnail","hentry","category-nacionales"],"yoast_head":"<!-- This site is optimized with the Yoast SEO plugin v27.5 - https:\/\/yoast.com\/product\/yoast-seo-wordpress\/ -->\n<title>Prorrogan la emergencia energ\u00e9tica hasta el 31 de diciembre | CVI NOTICIAS<\/title>\n<meta name=\"robots\" content=\"index, follow, max-snippet:-1, max-image-preview:large, max-video-preview:-1\" \/>\n<link rel=\"canonical\" href=\"https:\/\/cvinoticias.com\/v3\/prorrogan-la-emergencia-energetica-hasta-el-31-de-diciembre\/\" \/>\n<meta property=\"og:locale\" content=\"es_ES\" \/>\n<meta property=\"og:type\" content=\"article\" \/>\n<meta property=\"og:title\" content=\"Prorrogan la emergencia energ\u00e9tica hasta el 31 de diciembre | CVI NOTICIAS\" \/>\n<meta property=\"og:description\" content=\"A trav\u00e9s de un DNU, el Gobierno nacional prorrog\u00f3 la vigencia de la emergencia energ\u00e9tica en la Argentina y dispuso la intervenci\u00f3n del ENRE y Enargas. El Gobierno mantendr\u00e1 la emergencia energ\u00e9tica en la Argentina en lo que respecta a los segmentos de generaci\u00f3n, transporte y distribuci\u00f3n de energ\u00eda el\u00e9ctrica bajo jurisdicci\u00f3n federal y de [&hellip;]\" \/>\n<meta property=\"og:url\" content=\"https:\/\/cvinoticias.com\/v3\/prorrogan-la-emergencia-energetica-hasta-el-31-de-diciembre\/\" \/>\n<meta property=\"og:site_name\" content=\"CVI NOTICIAS\" \/>\n<meta property=\"article:publisher\" content=\"https:\/\/www.facebook.com\/cvinoticias\" \/>\n<meta property=\"article:published_time\" content=\"2023-12-18T11:38:44+00:00\" \/>\n<meta property=\"og:image\" content=\"https:\/\/cvinoticias.com\/wp-content\/uploads\/2023\/12\/cortes-luz-enerza-electricidad-energia-electricajpg.jpg\" \/>\n\t<meta property=\"og:image:width\" content=\"790\" \/>\n\t<meta property=\"og:image:height\" content=\"526\" \/>\n\t<meta property=\"og:image:type\" content=\"image\/jpeg\" \/>\n<meta name=\"author\" content=\"f1000024\" \/>\n<meta name=\"twitter:card\" content=\"summary_large_image\" \/>\n<meta name=\"twitter:label1\" content=\"Escrito por\" \/>\n\t<meta name=\"twitter:data1\" content=\"f1000024\" \/>\n\t<meta name=\"twitter:label2\" content=\"Tiempo de lectura\" \/>\n\t<meta name=\"twitter:data2\" content=\"3 minutos\" \/>\n<script type=\"application\/ld+json\" class=\"yoast-schema-graph\">{\"@context\":\"https:\\\/\\\/schema.org\",\"@graph\":[{\"@type\":\"Article\",\"@id\":\"https:\\\/\\\/cvinoticias.com\\\/v3\\\/prorrogan-la-emergencia-energetica-hasta-el-31-de-diciembre\\\/#article\",\"isPartOf\":{\"@id\":\"https:\\\/\\\/cvinoticias.com\\\/v3\\\/prorrogan-la-emergencia-energetica-hasta-el-31-de-diciembre\\\/\"},\"author\":{\"name\":\"f1000024\",\"@id\":\"https:\\\/\\\/cvinoticias.com\\\/v3\\\/#\\\/schema\\\/person\\\/2db77e3c6bc03c538495d7b2b8be9b66\"},\"headline\":\"Prorrogan la emergencia energ\u00e9tica hasta el 31 de diciembre\",\"datePublished\":\"2023-12-18T11:38:44+00:00\",\"mainEntityOfPage\":{\"@id\":\"https:\\\/\\\/cvinoticias.com\\\/v3\\\/prorrogan-la-emergencia-energetica-hasta-el-31-de-diciembre\\\/\"},\"wordCount\":696,\"commentCount\":0,\"publisher\":{\"@id\":\"https:\\\/\\\/cvinoticias.com\\\/v3\\\/#organization\"},\"image\":{\"@id\":\"https:\\\/\\\/cvinoticias.com\\\/v3\\\/prorrogan-la-emergencia-energetica-hasta-el-31-de-diciembre\\\/#primaryimage\"},\"thumbnailUrl\":\"https:\\\/\\\/cvinoticias.com\\\/wp-content\\\/uploads\\\/2023\\\/12\\\/cortes-luz-enerza-electricidad-energia-electricajpg.jpg\",\"articleSection\":[\"Nacionales\"],\"inLanguage\":\"es\",\"potentialAction\":[{\"@type\":\"CommentAction\",\"name\":\"Comment\",\"target\":[\"https:\\\/\\\/cvinoticias.com\\\/v3\\\/prorrogan-la-emergencia-energetica-hasta-el-31-de-diciembre\\\/#respond\"]}]},{\"@type\":\"WebPage\",\"@id\":\"https:\\\/\\\/cvinoticias.com\\\/v3\\\/prorrogan-la-emergencia-energetica-hasta-el-31-de-diciembre\\\/\",\"url\":\"https:\\\/\\\/cvinoticias.com\\\/v3\\\/prorrogan-la-emergencia-energetica-hasta-el-31-de-diciembre\\\/\",\"name\":\"Prorrogan la emergencia energ\u00e9tica hasta el 31 de diciembre | CVI NOTICIAS\",\"isPartOf\":{\"@id\":\"https:\\\/\\\/cvinoticias.com\\\/v3\\\/#website\"},\"primaryImageOfPage\":{\"@id\":\"https:\\\/\\\/cvinoticias.com\\\/v3\\\/prorrogan-la-emergencia-energetica-hasta-el-31-de-diciembre\\\/#primaryimage\"},\"image\":{\"@id\":\"https:\\\/\\\/cvinoticias.com\\\/v3\\\/prorrogan-la-emergencia-energetica-hasta-el-31-de-diciembre\\\/#primaryimage\"},\"thumbnailUrl\":\"https:\\\/\\\/cvinoticias.com\\\/wp-content\\\/uploads\\\/2023\\\/12\\\/cortes-luz-enerza-electricidad-energia-electricajpg.jpg\",\"datePublished\":\"2023-12-18T11:38:44+00:00\",\"breadcrumb\":{\"@id\":\"https:\\\/\\\/cvinoticias.com\\\/v3\\\/prorrogan-la-emergencia-energetica-hasta-el-31-de-diciembre\\\/#breadcrumb\"},\"inLanguage\":\"es\",\"potentialAction\":[{\"@type\":\"ReadAction\",\"target\":[\"https:\\\/\\\/cvinoticias.com\\\/v3\\\/prorrogan-la-emergencia-energetica-hasta-el-31-de-diciembre\\\/\"]}]},{\"@type\":\"ImageObject\",\"inLanguage\":\"es\",\"@id\":\"https:\\\/\\\/cvinoticias.com\\\/v3\\\/prorrogan-la-emergencia-energetica-hasta-el-31-de-diciembre\\\/#primaryimage\",\"url\":\"https:\\\/\\\/cvinoticias.com\\\/wp-content\\\/uploads\\\/2023\\\/12\\\/cortes-luz-enerza-electricidad-energia-electricajpg.jpg\",\"contentUrl\":\"https:\\\/\\\/cvinoticias.com\\\/wp-content\\\/uploads\\\/2023\\\/12\\\/cortes-luz-enerza-electricidad-energia-electricajpg.jpg\",\"width\":790,\"height\":526},{\"@type\":\"BreadcrumbList\",\"@id\":\"https:\\\/\\\/cvinoticias.com\\\/v3\\\/prorrogan-la-emergencia-energetica-hasta-el-31-de-diciembre\\\/#breadcrumb\",\"itemListElement\":[{\"@type\":\"ListItem\",\"position\":1,\"name\":\"Portada\",\"item\":\"https:\\\/\\\/cvinoticias.com\\\/v3\\\/\"},{\"@type\":\"ListItem\",\"position\":2,\"name\":\"Prorrogan la emergencia energ\u00e9tica hasta el 31 de diciembre\"}]},{\"@type\":\"WebSite\",\"@id\":\"https:\\\/\\\/cvinoticias.com\\\/v3\\\/#website\",\"url\":\"https:\\\/\\\/cvinoticias.com\\\/v3\\\/\",\"name\":\"CVI NOTICIAS\",\"description\":\"\",\"publisher\":{\"@id\":\"https:\\\/\\\/cvinoticias.com\\\/v3\\\/#organization\"},\"alternateName\":\"CVI\",\"potentialAction\":[{\"@type\":\"SearchAction\",\"target\":{\"@type\":\"EntryPoint\",\"urlTemplate\":\"https:\\\/\\\/cvinoticias.com\\\/v3\\\/?s={search_term_string}\"},\"query-input\":{\"@type\":\"PropertyValueSpecification\",\"valueRequired\":true,\"valueName\":\"search_term_string\"}}],\"inLanguage\":\"es\"},{\"@type\":\"Organization\",\"@id\":\"https:\\\/\\\/cvinoticias.com\\\/v3\\\/#organization\",\"name\":\"CVI NOTICIAS\",\"url\":\"https:\\\/\\\/cvinoticias.com\\\/v3\\\/\",\"logo\":{\"@type\":\"ImageObject\",\"inLanguage\":\"es\",\"@id\":\"https:\\\/\\\/cvinoticias.com\\\/v3\\\/#\\\/schema\\\/logo\\\/image\\\/\",\"url\":\"https:\\\/\\\/cvinoticias.com\\\/wp-content\\\/uploads\\\/2023\\\/04\\\/cropped-cropped-cropped-cropped-cropped-3-1.png\",\"contentUrl\":\"https:\\\/\\\/cvinoticias.com\\\/wp-content\\\/uploads\\\/2023\\\/04\\\/cropped-cropped-cropped-cropped-cropped-3-1.png\",\"width\":95,\"height\":122,\"caption\":\"CVI NOTICIAS\"},\"image\":{\"@id\":\"https:\\\/\\\/cvinoticias.com\\\/v3\\\/#\\\/schema\\\/logo\\\/image\\\/\"},\"sameAs\":[\"https:\\\/\\\/www.facebook.com\\\/cvinoticias\",\"https:\\\/\\\/www.instagram.com\\\/cvinoticias\\\/\",\"https:\\\/\\\/www.youtube.com\\\/@CVINOTICIAS\"]},{\"@type\":\"Person\",\"@id\":\"https:\\\/\\\/cvinoticias.com\\\/v3\\\/#\\\/schema\\\/person\\\/2db77e3c6bc03c538495d7b2b8be9b66\",\"name\":\"f1000024\",\"image\":{\"@type\":\"ImageObject\",\"inLanguage\":\"es\",\"@id\":\"https:\\\/\\\/secure.gravatar.com\\\/avatar\\\/d4fe7459cfc51ff5129ce1a732bbef5928568b8092d412ef95611616376bbeed?s=96&d=mm&r=g\",\"url\":\"https:\\\/\\\/secure.gravatar.com\\\/avatar\\\/d4fe7459cfc51ff5129ce1a732bbef5928568b8092d412ef95611616376bbeed?s=96&d=mm&r=g\",\"contentUrl\":\"https:\\\/\\\/secure.gravatar.com\\\/avatar\\\/d4fe7459cfc51ff5129ce1a732bbef5928568b8092d412ef95611616376bbeed?s=96&d=mm&r=g\",\"caption\":\"f1000024\"},\"url\":\"https:\\\/\\\/cvinoticias.com\\\/v3\\\/author\\\/f1000024\\\/\"}]}<\/script>\n<!-- \/ Yoast SEO plugin. -->","yoast_head_json":{"title":"Prorrogan la emergencia energ\u00e9tica hasta el 31 de diciembre | CVI NOTICIAS","robots":{"index":"index","follow":"follow","max-snippet":"max-snippet:-1","max-image-preview":"max-image-preview:large","max-video-preview":"max-video-preview:-1"},"canonical":"https:\/\/cvinoticias.com\/v3\/prorrogan-la-emergencia-energetica-hasta-el-31-de-diciembre\/","og_locale":"es_ES","og_type":"article","og_title":"Prorrogan la emergencia energ\u00e9tica hasta el 31 de diciembre | CVI NOTICIAS","og_description":"A trav\u00e9s de un DNU, el Gobierno nacional prorrog\u00f3 la vigencia de la emergencia energ\u00e9tica en la Argentina y dispuso la intervenci\u00f3n del ENRE y Enargas. El Gobierno mantendr\u00e1 la emergencia energ\u00e9tica en la Argentina en lo que respecta a los segmentos de generaci\u00f3n, transporte y distribuci\u00f3n de energ\u00eda el\u00e9ctrica bajo jurisdicci\u00f3n federal y de [&hellip;]","og_url":"https:\/\/cvinoticias.com\/v3\/prorrogan-la-emergencia-energetica-hasta-el-31-de-diciembre\/","og_site_name":"CVI NOTICIAS","article_publisher":"https:\/\/www.facebook.com\/cvinoticias","article_published_time":"2023-12-18T11:38:44+00:00","og_image":[{"width":790,"height":526,"url":"https:\/\/cvinoticias.com\/wp-content\/uploads\/2023\/12\/cortes-luz-enerza-electricidad-energia-electricajpg.jpg","type":"image\/jpeg"}],"author":"f1000024","twitter_card":"summary_large_image","twitter_misc":{"Escrito por":"f1000024","Tiempo de lectura":"3 minutos"},"schema":{"@context":"https:\/\/schema.org","@graph":[{"@type":"Article","@id":"https:\/\/cvinoticias.com\/v3\/prorrogan-la-emergencia-energetica-hasta-el-31-de-diciembre\/#article","isPartOf":{"@id":"https:\/\/cvinoticias.com\/v3\/prorrogan-la-emergencia-energetica-hasta-el-31-de-diciembre\/"},"author":{"name":"f1000024","@id":"https:\/\/cvinoticias.com\/v3\/#\/schema\/person\/2db77e3c6bc03c538495d7b2b8be9b66"},"headline":"Prorrogan la emergencia energ\u00e9tica hasta el 31 de diciembre","datePublished":"2023-12-18T11:38:44+00:00","mainEntityOfPage":{"@id":"https:\/\/cvinoticias.com\/v3\/prorrogan-la-emergencia-energetica-hasta-el-31-de-diciembre\/"},"wordCount":696,"commentCount":0,"publisher":{"@id":"https:\/\/cvinoticias.com\/v3\/#organization"},"image":{"@id":"https:\/\/cvinoticias.com\/v3\/prorrogan-la-emergencia-energetica-hasta-el-31-de-diciembre\/#primaryimage"},"thumbnailUrl":"https:\/\/cvinoticias.com\/wp-content\/uploads\/2023\/12\/cortes-luz-enerza-electricidad-energia-electricajpg.jpg","articleSection":["Nacionales"],"inLanguage":"es","potentialAction":[{"@type":"CommentAction","name":"Comment","target":["https:\/\/cvinoticias.com\/v3\/prorrogan-la-emergencia-energetica-hasta-el-31-de-diciembre\/#respond"]}]},{"@type":"WebPage","@id":"https:\/\/cvinoticias.com\/v3\/prorrogan-la-emergencia-energetica-hasta-el-31-de-diciembre\/","url":"https:\/\/cvinoticias.com\/v3\/prorrogan-la-emergencia-energetica-hasta-el-31-de-diciembre\/","name":"Prorrogan la emergencia energ\u00e9tica hasta el 31 de diciembre | CVI NOTICIAS","isPartOf":{"@id":"https:\/\/cvinoticias.com\/v3\/#website"},"primaryImageOfPage":{"@id":"https:\/\/cvinoticias.com\/v3\/prorrogan-la-emergencia-energetica-hasta-el-31-de-diciembre\/#primaryimage"},"image":{"@id":"https:\/\/cvinoticias.com\/v3\/prorrogan-la-emergencia-energetica-hasta-el-31-de-diciembre\/#primaryimage"},"thumbnailUrl":"https:\/\/cvinoticias.com\/wp-content\/uploads\/2023\/12\/cortes-luz-enerza-electricidad-energia-electricajpg.jpg","datePublished":"2023-12-18T11:38:44+00:00","breadcrumb":{"@id":"https:\/\/cvinoticias.com\/v3\/prorrogan-la-emergencia-energetica-hasta-el-31-de-diciembre\/#breadcrumb"},"inLanguage":"es","potentialAction":[{"@type":"ReadAction","target":["https:\/\/cvinoticias.com\/v3\/prorrogan-la-emergencia-energetica-hasta-el-31-de-diciembre\/"]}]},{"@type":"ImageObject","inLanguage":"es","@id":"https:\/\/cvinoticias.com\/v3\/prorrogan-la-emergencia-energetica-hasta-el-31-de-diciembre\/#primaryimage","url":"https:\/\/cvinoticias.com\/wp-content\/uploads\/2023\/12\/cortes-luz-enerza-electricidad-energia-electricajpg.jpg","contentUrl":"https:\/\/cvinoticias.com\/wp-content\/uploads\/2023\/12\/cortes-luz-enerza-electricidad-energia-electricajpg.jpg","width":790,"height":526},{"@type":"BreadcrumbList","@id":"https:\/\/cvinoticias.com\/v3\/prorrogan-la-emergencia-energetica-hasta-el-31-de-diciembre\/#breadcrumb","itemListElement":[{"@type":"ListItem","position":1,"name":"Portada","item":"https:\/\/cvinoticias.com\/v3\/"},{"@type":"ListItem","position":2,"name":"Prorrogan la emergencia energ\u00e9tica hasta el 31 de diciembre"}]},{"@type":"WebSite","@id":"https:\/\/cvinoticias.com\/v3\/#website","url":"https:\/\/cvinoticias.com\/v3\/","name":"CVI NOTICIAS","description":"","publisher":{"@id":"https:\/\/cvinoticias.com\/v3\/#organization"},"alternateName":"CVI","potentialAction":[{"@type":"SearchAction","target":{"@type":"EntryPoint","urlTemplate":"https:\/\/cvinoticias.com\/v3\/?s={search_term_string}"},"query-input":{"@type":"PropertyValueSpecification","valueRequired":true,"valueName":"search_term_string"}}],"inLanguage":"es"},{"@type":"Organization","@id":"https:\/\/cvinoticias.com\/v3\/#organization","name":"CVI NOTICIAS","url":"https:\/\/cvinoticias.com\/v3\/","logo":{"@type":"ImageObject","inLanguage":"es","@id":"https:\/\/cvinoticias.com\/v3\/#\/schema\/logo\/image\/","url":"https:\/\/cvinoticias.com\/wp-content\/uploads\/2023\/04\/cropped-cropped-cropped-cropped-cropped-3-1.png","contentUrl":"https:\/\/cvinoticias.com\/wp-content\/uploads\/2023\/04\/cropped-cropped-cropped-cropped-cropped-3-1.png","width":95,"height":122,"caption":"CVI NOTICIAS"},"image":{"@id":"https:\/\/cvinoticias.com\/v3\/#\/schema\/logo\/image\/"},"sameAs":["https:\/\/www.facebook.com\/cvinoticias","https:\/\/www.instagram.com\/cvinoticias\/","https:\/\/www.youtube.com\/@CVINOTICIAS"]},{"@type":"Person","@id":"https:\/\/cvinoticias.com\/v3\/#\/schema\/person\/2db77e3c6bc03c538495d7b2b8be9b66","name":"f1000024","image":{"@type":"ImageObject","inLanguage":"es","@id":"https:\/\/secure.gravatar.com\/avatar\/d4fe7459cfc51ff5129ce1a732bbef5928568b8092d412ef95611616376bbeed?s=96&d=mm&r=g","url":"https:\/\/secure.gravatar.com\/avatar\/d4fe7459cfc51ff5129ce1a732bbef5928568b8092d412ef95611616376bbeed?s=96&d=mm&r=g","contentUrl":"https:\/\/secure.gravatar.com\/avatar\/d4fe7459cfc51ff5129ce1a732bbef5928568b8092d412ef95611616376bbeed?s=96&d=mm&r=g","caption":"f1000024"},"url":"https:\/\/cvinoticias.com\/v3\/author\/f1000024\/"}]}},"_links":{"self":[{"href":"https:\/\/cvinoticias.com\/v3\/wp-json\/wp\/v2\/posts\/31044","targetHints":{"allow":["GET"]}}],"collection":[{"href":"https:\/\/cvinoticias.com\/v3\/wp-json\/wp\/v2\/posts"}],"about":[{"href":"https:\/\/cvinoticias.com\/v3\/wp-json\/wp\/v2\/types\/post"}],"author":[{"embeddable":true,"href":"https:\/\/cvinoticias.com\/v3\/wp-json\/wp\/v2\/users\/2"}],"replies":[{"embeddable":true,"href":"https:\/\/cvinoticias.com\/v3\/wp-json\/wp\/v2\/comments?post=31044"}],"version-history":[{"count":1,"href":"https:\/\/cvinoticias.com\/v3\/wp-json\/wp\/v2\/posts\/31044\/revisions"}],"predecessor-version":[{"id":31046,"href":"https:\/\/cvinoticias.com\/v3\/wp-json\/wp\/v2\/posts\/31044\/revisions\/31046"}],"wp:featuredmedia":[{"embeddable":true,"href":"https:\/\/cvinoticias.com\/v3\/wp-json\/wp\/v2\/media\/31045"}],"wp:attachment":[{"href":"https:\/\/cvinoticias.com\/v3\/wp-json\/wp\/v2\/media?parent=31044"}],"wp:term":[{"taxonomy":"category","embeddable":true,"href":"https:\/\/cvinoticias.com\/v3\/wp-json\/wp\/v2\/categories?post=31044"},{"taxonomy":"post_tag","embeddable":true,"href":"https:\/\/cvinoticias.com\/v3\/wp-json\/wp\/v2\/tags?post=31044"}],"curies":[{"name":"wp","href":"https:\/\/api.w.org\/{rel}","templated":true}]}}