{"id":31031,"date":"2023-12-17T11:43:53","date_gmt":"2023-12-17T14:43:53","guid":{"rendered":"https:\/\/cvinoticias.com\/v3\/?p=31031"},"modified":"2023-12-17T11:43:53","modified_gmt":"2023-12-17T14:43:53","slug":"arrestaron-a-un-hombre-y-recuperaron-cuatro-motocicletas-robadas-en-puerto-iguazu","status":"publish","type":"post","link":"https:\/\/cvinoticias.com\/v3\/arrestaron-a-un-hombre-y-recuperaron-cuatro-motocicletas-robadas-en-puerto-iguazu\/","title":{"rendered":"Arrestaron a un hombre y recuperaron cuatro motocicletas robadas en Puerto Iguaz\u00fa"},"content":{"rendered":"\n<p><strong><em>En una destacada y exitosa operaci\u00f3n encubierta llevada a cabo en las \u00faltimas horas, la Divisi\u00f3n Investigaciones URV puso bajo arresto al principal sospechoso, Emanuel V. de 30 a\u00f1os quien fue detenido en la noche de este s\u00e1bado sobre la avenida Rep\u00fablica Argentina de esta ciudad.<\/em><\/strong><\/p>\n\n\n\n<p>El arduo trabajo basados en la municiosa investigaci\u00f3n que llevaban adelante personal encubierto, registros f\u00edlmicos, declaraciones testimoniales fueron contundentes para lograr la identificaci\u00f3n del sospechoso, adem\u00e1s permiti\u00f3 la recuperaci\u00f3n de cuatro motocicletas de 110 c.c. robadas en los \u00faltimos d\u00edas.<\/p>\n\n\n\n<figure class=\"wp-block-image size-full\"><a href=\"https:\/\/cvinoticias.com\/wp-content\/uploads\/2023\/12\/FB_IMG_1702823895924.jpg\"><img decoding=\"async\" width=\"664\" height=\"775\" data-src=\"https:\/\/cvinoticias.com\/wp-content\/uploads\/2023\/12\/FB_IMG_1702823895924.jpg\" alt=\"\" class=\"wp-image-31033 lazyload\" data-srcset=\"https:\/\/cvinoticias.com\/wp-content\/uploads\/2023\/12\/FB_IMG_1702823895924.jpg 664w, https:\/\/cvinoticias.com\/wp-content\/uploads\/2023\/12\/FB_IMG_1702823895924-257x300.jpg 257w\" data-sizes=\"(max-width: 664px) 100vw, 664px\" src=\"data:image\/svg+xml;base64,PHN2ZyB3aWR0aD0iMSIgaGVpZ2h0PSIxIiB4bWxucz0iaHR0cDovL3d3dy53My5vcmcvMjAwMC9zdmciPjwvc3ZnPg==\" style=\"--smush-placeholder-width: 664px; --smush-placeholder-aspect-ratio: 664\/775;\" \/><\/a><\/figure>\n\n\n\n<p>Fue as\u00ed que siguiendo la l\u00ednea investigativa la polic\u00eda se traslad\u00f3 a distintos barrios de la ciudad, donde fueron recuperadas en primer t\u00e9rmino dos motocicletas marca Guerrero de 110 cc sustra\u00edda en jurisdicci\u00f3n de la comisar\u00eda 2da. el pasado 13 y 15 del corriente en perjuicio de Cecilia de 40 a\u00f1os y de Liliana de 50 a\u00f1os respectivamente, otra motocicleta marca Zanella 110 cc ZB roja sustra\u00edda el pasado 13 del corriente en perjuicio de Juan de 56 a\u00f1os y finalmente una motocicleta marca Honda modelo Wave sustra\u00eddo en las \u00faltimas horas en perjuicio de Antonella de 30 a\u00f1os, resultando involucrado en todos los hechos el mismo sospechoso.<\/p>\n\n\n\n<figure class=\"wp-block-image size-large\"><a href=\"https:\/\/cvinoticias.com\/wp-content\/uploads\/2023\/12\/FB_IMG_1702823899079.jpg\"><img decoding=\"async\" width=\"1024\" height=\"444\" data-src=\"https:\/\/cvinoticias.com\/wp-content\/uploads\/2023\/12\/FB_IMG_1702823899079-1024x444.jpg\" alt=\"\" class=\"wp-image-31034 lazyload\" data-srcset=\"https:\/\/cvinoticias.com\/wp-content\/uploads\/2023\/12\/FB_IMG_1702823899079-1024x444.jpg 1024w, https:\/\/cvinoticias.com\/wp-content\/uploads\/2023\/12\/FB_IMG_1702823899079-300x130.jpg 300w, https:\/\/cvinoticias.com\/wp-content\/uploads\/2023\/12\/FB_IMG_1702823899079-768x333.jpg 768w, https:\/\/cvinoticias.com\/wp-content\/uploads\/2023\/12\/FB_IMG_1702823899079.jpg 1080w\" data-sizes=\"(max-width: 1024px) 100vw, 1024px\" src=\"data:image\/svg+xml;base64,PHN2ZyB3aWR0aD0iMSIgaGVpZ2h0PSIxIiB4bWxucz0iaHR0cDovL3d3dy53My5vcmcvMjAwMC9zdmciPjwvc3ZnPg==\" style=\"--smush-placeholder-width: 1024px; --smush-placeholder-aspect-ratio: 1024\/444;\" \/><\/a><\/figure>\n\n\n\n<p>Cabe aclarar que todos los rodados ya hab\u00edan sido comercializados y se hallaban en poder de terceros que los hab\u00edan adquirido a un precio irrisorio y por estas horas son investigados por el delito de \u00abRECEPTACI\u00d3N\u00bb quienes adem\u00e1s ser\u00e1n puestos a disposici\u00f3n de la justicia.<\/p>\n\n\n\n<figure class=\"wp-block-image size-full\"><a href=\"https:\/\/cvinoticias.com\/wp-content\/uploads\/2023\/12\/FB_IMG_1702823902871.jpg\"><img decoding=\"async\" width=\"961\" height=\"909\" data-src=\"https:\/\/cvinoticias.com\/wp-content\/uploads\/2023\/12\/FB_IMG_1702823902871.jpg\" alt=\"\" class=\"wp-image-31035 lazyload\" data-srcset=\"https:\/\/cvinoticias.com\/wp-content\/uploads\/2023\/12\/FB_IMG_1702823902871.jpg 961w, https:\/\/cvinoticias.com\/wp-content\/uploads\/2023\/12\/FB_IMG_1702823902871-300x284.jpg 300w, https:\/\/cvinoticias.com\/wp-content\/uploads\/2023\/12\/FB_IMG_1702823902871-768x726.jpg 768w\" data-sizes=\"(max-width: 961px) 100vw, 961px\" src=\"data:image\/svg+xml;base64,PHN2ZyB3aWR0aD0iMSIgaGVpZ2h0PSIxIiB4bWxucz0iaHR0cDovL3d3dy53My5vcmcvMjAwMC9zdmciPjwvc3ZnPg==\" style=\"--smush-placeholder-width: 961px; --smush-placeholder-aspect-ratio: 961\/909;\" \/><\/a><\/figure>\n\n\n\n<p>Finalmente, el detenido junto a las motocicletas recuperadas ser\u00e1n trasladas a sede policial a disposici\u00f3n de la Justicia.<\/p>\n","protected":false},"excerpt":{"rendered":"<p>En una destacada y exitosa operaci\u00f3n encubierta llevada a cabo en las \u00faltimas horas, la Divisi\u00f3n Investigaciones URV puso bajo arresto al principal sospechoso, Emanuel V. de 30 a\u00f1os quien fue detenido en la noche de este s\u00e1bado sobre la avenida Rep\u00fablica Argentina de esta ciudad. El arduo trabajo basados en la municiosa investigaci\u00f3n que [&hellip;]<\/p>\n","protected":false},"author":2,"featured_media":31032,"comment_status":"open","ping_status":"open","sticky":false,"template":"","format":"standard","meta":{"footnotes":""},"categories":[29,41],"tags":[],"class_list":["post-31031","post","type-post","status-publish","format-standard","has-post-thumbnail","hentry","category-locales","category-policiales"],"yoast_head":"<!-- This site is optimized with the Yoast SEO plugin v27.5 - https:\/\/yoast.com\/product\/yoast-seo-wordpress\/ -->\n<title>Arrestaron a un hombre y recuperaron cuatro motocicletas robadas en Puerto Iguaz\u00fa | CVI NOTICIAS<\/title>\n<meta name=\"robots\" content=\"index, follow, max-snippet:-1, max-image-preview:large, max-video-preview:-1\" \/>\n<link rel=\"canonical\" href=\"https:\/\/cvinoticias.com\/v3\/arrestaron-a-un-hombre-y-recuperaron-cuatro-motocicletas-robadas-en-puerto-iguazu\/\" \/>\n<meta property=\"og:locale\" content=\"es_ES\" \/>\n<meta property=\"og:type\" content=\"article\" \/>\n<meta property=\"og:title\" content=\"Arrestaron a un hombre y recuperaron cuatro motocicletas robadas en Puerto Iguaz\u00fa | CVI NOTICIAS\" \/>\n<meta property=\"og:description\" content=\"En una destacada y exitosa operaci\u00f3n encubierta llevada a cabo en las \u00faltimas horas, la Divisi\u00f3n Investigaciones URV puso bajo arresto al principal sospechoso, Emanuel V. de 30 a\u00f1os quien fue detenido en la noche de este s\u00e1bado sobre la avenida Rep\u00fablica Argentina de esta ciudad. El arduo trabajo basados en la municiosa investigaci\u00f3n que [&hellip;]\" \/>\n<meta property=\"og:url\" content=\"https:\/\/cvinoticias.com\/v3\/arrestaron-a-un-hombre-y-recuperaron-cuatro-motocicletas-robadas-en-puerto-iguazu\/\" \/>\n<meta property=\"og:site_name\" content=\"CVI NOTICIAS\" \/>\n<meta property=\"article:publisher\" content=\"https:\/\/www.facebook.com\/cvinoticias\" \/>\n<meta property=\"article:published_time\" content=\"2023-12-17T14:43:53+00:00\" \/>\n<meta property=\"og:image\" content=\"https:\/\/cvinoticias.com\/wp-content\/uploads\/2023\/12\/FB_IMG_1702823893212.jpg\" \/>\n\t<meta property=\"og:image:width\" content=\"1024\" \/>\n\t<meta property=\"og:image:height\" content=\"979\" \/>\n\t<meta property=\"og:image:type\" content=\"image\/jpeg\" \/>\n<meta name=\"author\" content=\"f1000024\" \/>\n<meta name=\"twitter:card\" content=\"summary_large_image\" \/>\n<meta name=\"twitter:label1\" content=\"Escrito por\" \/>\n\t<meta name=\"twitter:data1\" content=\"f1000024\" \/>\n\t<meta name=\"twitter:label2\" content=\"Tiempo de lectura\" \/>\n\t<meta name=\"twitter:data2\" content=\"1 minuto\" \/>\n<script type=\"application\/ld+json\" class=\"yoast-schema-graph\">{\"@context\":\"https:\\\/\\\/schema.org\",\"@graph\":[{\"@type\":\"Article\",\"@id\":\"https:\\\/\\\/cvinoticias.com\\\/v3\\\/arrestaron-a-un-hombre-y-recuperaron-cuatro-motocicletas-robadas-en-puerto-iguazu\\\/#article\",\"isPartOf\":{\"@id\":\"https:\\\/\\\/cvinoticias.com\\\/v3\\\/arrestaron-a-un-hombre-y-recuperaron-cuatro-motocicletas-robadas-en-puerto-iguazu\\\/\"},\"author\":{\"name\":\"f1000024\",\"@id\":\"https:\\\/\\\/cvinoticias.com\\\/v3\\\/#\\\/schema\\\/person\\\/2db77e3c6bc03c538495d7b2b8be9b66\"},\"headline\":\"Arrestaron a un hombre y recuperaron cuatro motocicletas robadas en Puerto Iguaz\u00fa\",\"datePublished\":\"2023-12-17T14:43:53+00:00\",\"mainEntityOfPage\":{\"@id\":\"https:\\\/\\\/cvinoticias.com\\\/v3\\\/arrestaron-a-un-hombre-y-recuperaron-cuatro-motocicletas-robadas-en-puerto-iguazu\\\/\"},\"wordCount\":290,\"commentCount\":0,\"publisher\":{\"@id\":\"https:\\\/\\\/cvinoticias.com\\\/v3\\\/#organization\"},\"image\":{\"@id\":\"https:\\\/\\\/cvinoticias.com\\\/v3\\\/arrestaron-a-un-hombre-y-recuperaron-cuatro-motocicletas-robadas-en-puerto-iguazu\\\/#primaryimage\"},\"thumbnailUrl\":\"https:\\\/\\\/cvinoticias.com\\\/wp-content\\\/uploads\\\/2023\\\/12\\\/FB_IMG_1702823893212.jpg\",\"articleSection\":[\"Locales\",\"Policiales\"],\"inLanguage\":\"es\",\"potentialAction\":[{\"@type\":\"CommentAction\",\"name\":\"Comment\",\"target\":[\"https:\\\/\\\/cvinoticias.com\\\/v3\\\/arrestaron-a-un-hombre-y-recuperaron-cuatro-motocicletas-robadas-en-puerto-iguazu\\\/#respond\"]}]},{\"@type\":\"WebPage\",\"@id\":\"https:\\\/\\\/cvinoticias.com\\\/v3\\\/arrestaron-a-un-hombre-y-recuperaron-cuatro-motocicletas-robadas-en-puerto-iguazu\\\/\",\"url\":\"https:\\\/\\\/cvinoticias.com\\\/v3\\\/arrestaron-a-un-hombre-y-recuperaron-cuatro-motocicletas-robadas-en-puerto-iguazu\\\/\",\"name\":\"Arrestaron a un hombre y recuperaron cuatro motocicletas robadas en Puerto Iguaz\u00fa | CVI NOTICIAS\",\"isPartOf\":{\"@id\":\"https:\\\/\\\/cvinoticias.com\\\/v3\\\/#website\"},\"primaryImageOfPage\":{\"@id\":\"https:\\\/\\\/cvinoticias.com\\\/v3\\\/arrestaron-a-un-hombre-y-recuperaron-cuatro-motocicletas-robadas-en-puerto-iguazu\\\/#primaryimage\"},\"image\":{\"@id\":\"https:\\\/\\\/cvinoticias.com\\\/v3\\\/arrestaron-a-un-hombre-y-recuperaron-cuatro-motocicletas-robadas-en-puerto-iguazu\\\/#primaryimage\"},\"thumbnailUrl\":\"https:\\\/\\\/cvinoticias.com\\\/wp-content\\\/uploads\\\/2023\\\/12\\\/FB_IMG_1702823893212.jpg\",\"datePublished\":\"2023-12-17T14:43:53+00:00\",\"breadcrumb\":{\"@id\":\"https:\\\/\\\/cvinoticias.com\\\/v3\\\/arrestaron-a-un-hombre-y-recuperaron-cuatro-motocicletas-robadas-en-puerto-iguazu\\\/#breadcrumb\"},\"inLanguage\":\"es\",\"potentialAction\":[{\"@type\":\"ReadAction\",\"target\":[\"https:\\\/\\\/cvinoticias.com\\\/v3\\\/arrestaron-a-un-hombre-y-recuperaron-cuatro-motocicletas-robadas-en-puerto-iguazu\\\/\"]}]},{\"@type\":\"ImageObject\",\"inLanguage\":\"es\",\"@id\":\"https:\\\/\\\/cvinoticias.com\\\/v3\\\/arrestaron-a-un-hombre-y-recuperaron-cuatro-motocicletas-robadas-en-puerto-iguazu\\\/#primaryimage\",\"url\":\"https:\\\/\\\/cvinoticias.com\\\/wp-content\\\/uploads\\\/2023\\\/12\\\/FB_IMG_1702823893212.jpg\",\"contentUrl\":\"https:\\\/\\\/cvinoticias.com\\\/wp-content\\\/uploads\\\/2023\\\/12\\\/FB_IMG_1702823893212.jpg\",\"width\":1024,\"height\":979},{\"@type\":\"BreadcrumbList\",\"@id\":\"https:\\\/\\\/cvinoticias.com\\\/v3\\\/arrestaron-a-un-hombre-y-recuperaron-cuatro-motocicletas-robadas-en-puerto-iguazu\\\/#breadcrumb\",\"itemListElement\":[{\"@type\":\"ListItem\",\"position\":1,\"name\":\"Portada\",\"item\":\"https:\\\/\\\/cvinoticias.com\\\/v3\\\/\"},{\"@type\":\"ListItem\",\"position\":2,\"name\":\"Arrestaron a un hombre y recuperaron cuatro motocicletas robadas en Puerto Iguaz\u00fa\"}]},{\"@type\":\"WebSite\",\"@id\":\"https:\\\/\\\/cvinoticias.com\\\/v3\\\/#website\",\"url\":\"https:\\\/\\\/cvinoticias.com\\\/v3\\\/\",\"name\":\"CVI NOTICIAS\",\"description\":\"\",\"publisher\":{\"@id\":\"https:\\\/\\\/cvinoticias.com\\\/v3\\\/#organization\"},\"alternateName\":\"CVI\",\"potentialAction\":[{\"@type\":\"SearchAction\",\"target\":{\"@type\":\"EntryPoint\",\"urlTemplate\":\"https:\\\/\\\/cvinoticias.com\\\/v3\\\/?s={search_term_string}\"},\"query-input\":{\"@type\":\"PropertyValueSpecification\",\"valueRequired\":true,\"valueName\":\"search_term_string\"}}],\"inLanguage\":\"es\"},{\"@type\":\"Organization\",\"@id\":\"https:\\\/\\\/cvinoticias.com\\\/v3\\\/#organization\",\"name\":\"CVI NOTICIAS\",\"url\":\"https:\\\/\\\/cvinoticias.com\\\/v3\\\/\",\"logo\":{\"@type\":\"ImageObject\",\"inLanguage\":\"es\",\"@id\":\"https:\\\/\\\/cvinoticias.com\\\/v3\\\/#\\\/schema\\\/logo\\\/image\\\/\",\"url\":\"https:\\\/\\\/cvinoticias.com\\\/wp-content\\\/uploads\\\/2023\\\/04\\\/cropped-cropped-cropped-cropped-cropped-3-1.png\",\"contentUrl\":\"https:\\\/\\\/cvinoticias.com\\\/wp-content\\\/uploads\\\/2023\\\/04\\\/cropped-cropped-cropped-cropped-cropped-3-1.png\",\"width\":95,\"height\":122,\"caption\":\"CVI NOTICIAS\"},\"image\":{\"@id\":\"https:\\\/\\\/cvinoticias.com\\\/v3\\\/#\\\/schema\\\/logo\\\/image\\\/\"},\"sameAs\":[\"https:\\\/\\\/www.facebook.com\\\/cvinoticias\",\"https:\\\/\\\/www.instagram.com\\\/cvinoticias\\\/\",\"https:\\\/\\\/www.youtube.com\\\/@CVINOTICIAS\"]},{\"@type\":\"Person\",\"@id\":\"https:\\\/\\\/cvinoticias.com\\\/v3\\\/#\\\/schema\\\/person\\\/2db77e3c6bc03c538495d7b2b8be9b66\",\"name\":\"f1000024\",\"image\":{\"@type\":\"ImageObject\",\"inLanguage\":\"es\",\"@id\":\"https:\\\/\\\/secure.gravatar.com\\\/avatar\\\/d4fe7459cfc51ff5129ce1a732bbef5928568b8092d412ef95611616376bbeed?s=96&d=mm&r=g\",\"url\":\"https:\\\/\\\/secure.gravatar.com\\\/avatar\\\/d4fe7459cfc51ff5129ce1a732bbef5928568b8092d412ef95611616376bbeed?s=96&d=mm&r=g\",\"contentUrl\":\"https:\\\/\\\/secure.gravatar.com\\\/avatar\\\/d4fe7459cfc51ff5129ce1a732bbef5928568b8092d412ef95611616376bbeed?s=96&d=mm&r=g\",\"caption\":\"f1000024\"},\"url\":\"https:\\\/\\\/cvinoticias.com\\\/v3\\\/author\\\/f1000024\\\/\"}]}<\/script>\n<!-- \/ Yoast SEO plugin. -->","yoast_head_json":{"title":"Arrestaron a un hombre y recuperaron cuatro motocicletas robadas en Puerto Iguaz\u00fa | CVI NOTICIAS","robots":{"index":"index","follow":"follow","max-snippet":"max-snippet:-1","max-image-preview":"max-image-preview:large","max-video-preview":"max-video-preview:-1"},"canonical":"https:\/\/cvinoticias.com\/v3\/arrestaron-a-un-hombre-y-recuperaron-cuatro-motocicletas-robadas-en-puerto-iguazu\/","og_locale":"es_ES","og_type":"article","og_title":"Arrestaron a un hombre y recuperaron cuatro motocicletas robadas en Puerto Iguaz\u00fa | CVI NOTICIAS","og_description":"En una destacada y exitosa operaci\u00f3n encubierta llevada a cabo en las \u00faltimas horas, la Divisi\u00f3n Investigaciones URV puso bajo arresto al principal sospechoso, Emanuel V. de 30 a\u00f1os quien fue detenido en la noche de este s\u00e1bado sobre la avenida Rep\u00fablica Argentina de esta ciudad. El arduo trabajo basados en la municiosa investigaci\u00f3n que [&hellip;]","og_url":"https:\/\/cvinoticias.com\/v3\/arrestaron-a-un-hombre-y-recuperaron-cuatro-motocicletas-robadas-en-puerto-iguazu\/","og_site_name":"CVI NOTICIAS","article_publisher":"https:\/\/www.facebook.com\/cvinoticias","article_published_time":"2023-12-17T14:43:53+00:00","og_image":[{"width":1024,"height":979,"url":"https:\/\/cvinoticias.com\/wp-content\/uploads\/2023\/12\/FB_IMG_1702823893212.jpg","type":"image\/jpeg"}],"author":"f1000024","twitter_card":"summary_large_image","twitter_misc":{"Escrito por":"f1000024","Tiempo de lectura":"1 minuto"},"schema":{"@context":"https:\/\/schema.org","@graph":[{"@type":"Article","@id":"https:\/\/cvinoticias.com\/v3\/arrestaron-a-un-hombre-y-recuperaron-cuatro-motocicletas-robadas-en-puerto-iguazu\/#article","isPartOf":{"@id":"https:\/\/cvinoticias.com\/v3\/arrestaron-a-un-hombre-y-recuperaron-cuatro-motocicletas-robadas-en-puerto-iguazu\/"},"author":{"name":"f1000024","@id":"https:\/\/cvinoticias.com\/v3\/#\/schema\/person\/2db77e3c6bc03c538495d7b2b8be9b66"},"headline":"Arrestaron a un hombre y recuperaron cuatro motocicletas robadas en Puerto Iguaz\u00fa","datePublished":"2023-12-17T14:43:53+00:00","mainEntityOfPage":{"@id":"https:\/\/cvinoticias.com\/v3\/arrestaron-a-un-hombre-y-recuperaron-cuatro-motocicletas-robadas-en-puerto-iguazu\/"},"wordCount":290,"commentCount":0,"publisher":{"@id":"https:\/\/cvinoticias.com\/v3\/#organization"},"image":{"@id":"https:\/\/cvinoticias.com\/v3\/arrestaron-a-un-hombre-y-recuperaron-cuatro-motocicletas-robadas-en-puerto-iguazu\/#primaryimage"},"thumbnailUrl":"https:\/\/cvinoticias.com\/wp-content\/uploads\/2023\/12\/FB_IMG_1702823893212.jpg","articleSection":["Locales","Policiales"],"inLanguage":"es","potentialAction":[{"@type":"CommentAction","name":"Comment","target":["https:\/\/cvinoticias.com\/v3\/arrestaron-a-un-hombre-y-recuperaron-cuatro-motocicletas-robadas-en-puerto-iguazu\/#respond"]}]},{"@type":"WebPage","@id":"https:\/\/cvinoticias.com\/v3\/arrestaron-a-un-hombre-y-recuperaron-cuatro-motocicletas-robadas-en-puerto-iguazu\/","url":"https:\/\/cvinoticias.com\/v3\/arrestaron-a-un-hombre-y-recuperaron-cuatro-motocicletas-robadas-en-puerto-iguazu\/","name":"Arrestaron a un hombre y recuperaron cuatro motocicletas robadas en Puerto Iguaz\u00fa | CVI NOTICIAS","isPartOf":{"@id":"https:\/\/cvinoticias.com\/v3\/#website"},"primaryImageOfPage":{"@id":"https:\/\/cvinoticias.com\/v3\/arrestaron-a-un-hombre-y-recuperaron-cuatro-motocicletas-robadas-en-puerto-iguazu\/#primaryimage"},"image":{"@id":"https:\/\/cvinoticias.com\/v3\/arrestaron-a-un-hombre-y-recuperaron-cuatro-motocicletas-robadas-en-puerto-iguazu\/#primaryimage"},"thumbnailUrl":"https:\/\/cvinoticias.com\/wp-content\/uploads\/2023\/12\/FB_IMG_1702823893212.jpg","datePublished":"2023-12-17T14:43:53+00:00","breadcrumb":{"@id":"https:\/\/cvinoticias.com\/v3\/arrestaron-a-un-hombre-y-recuperaron-cuatro-motocicletas-robadas-en-puerto-iguazu\/#breadcrumb"},"inLanguage":"es","potentialAction":[{"@type":"ReadAction","target":["https:\/\/cvinoticias.com\/v3\/arrestaron-a-un-hombre-y-recuperaron-cuatro-motocicletas-robadas-en-puerto-iguazu\/"]}]},{"@type":"ImageObject","inLanguage":"es","@id":"https:\/\/cvinoticias.com\/v3\/arrestaron-a-un-hombre-y-recuperaron-cuatro-motocicletas-robadas-en-puerto-iguazu\/#primaryimage","url":"https:\/\/cvinoticias.com\/wp-content\/uploads\/2023\/12\/FB_IMG_1702823893212.jpg","contentUrl":"https:\/\/cvinoticias.com\/wp-content\/uploads\/2023\/12\/FB_IMG_1702823893212.jpg","width":1024,"height":979},{"@type":"BreadcrumbList","@id":"https:\/\/cvinoticias.com\/v3\/arrestaron-a-un-hombre-y-recuperaron-cuatro-motocicletas-robadas-en-puerto-iguazu\/#breadcrumb","itemListElement":[{"@type":"ListItem","position":1,"name":"Portada","item":"https:\/\/cvinoticias.com\/v3\/"},{"@type":"ListItem","position":2,"name":"Arrestaron a un hombre y recuperaron cuatro motocicletas robadas en Puerto Iguaz\u00fa"}]},{"@type":"WebSite","@id":"https:\/\/cvinoticias.com\/v3\/#website","url":"https:\/\/cvinoticias.com\/v3\/","name":"CVI NOTICIAS","description":"","publisher":{"@id":"https:\/\/cvinoticias.com\/v3\/#organization"},"alternateName":"CVI","potentialAction":[{"@type":"SearchAction","target":{"@type":"EntryPoint","urlTemplate":"https:\/\/cvinoticias.com\/v3\/?s={search_term_string}"},"query-input":{"@type":"PropertyValueSpecification","valueRequired":true,"valueName":"search_term_string"}}],"inLanguage":"es"},{"@type":"Organization","@id":"https:\/\/cvinoticias.com\/v3\/#organization","name":"CVI NOTICIAS","url":"https:\/\/cvinoticias.com\/v3\/","logo":{"@type":"ImageObject","inLanguage":"es","@id":"https:\/\/cvinoticias.com\/v3\/#\/schema\/logo\/image\/","url":"https:\/\/cvinoticias.com\/wp-content\/uploads\/2023\/04\/cropped-cropped-cropped-cropped-cropped-3-1.png","contentUrl":"https:\/\/cvinoticias.com\/wp-content\/uploads\/2023\/04\/cropped-cropped-cropped-cropped-cropped-3-1.png","width":95,"height":122,"caption":"CVI NOTICIAS"},"image":{"@id":"https:\/\/cvinoticias.com\/v3\/#\/schema\/logo\/image\/"},"sameAs":["https:\/\/www.facebook.com\/cvinoticias","https:\/\/www.instagram.com\/cvinoticias\/","https:\/\/www.youtube.com\/@CVINOTICIAS"]},{"@type":"Person","@id":"https:\/\/cvinoticias.com\/v3\/#\/schema\/person\/2db77e3c6bc03c538495d7b2b8be9b66","name":"f1000024","image":{"@type":"ImageObject","inLanguage":"es","@id":"https:\/\/secure.gravatar.com\/avatar\/d4fe7459cfc51ff5129ce1a732bbef5928568b8092d412ef95611616376bbeed?s=96&d=mm&r=g","url":"https:\/\/secure.gravatar.com\/avatar\/d4fe7459cfc51ff5129ce1a732bbef5928568b8092d412ef95611616376bbeed?s=96&d=mm&r=g","contentUrl":"https:\/\/secure.gravatar.com\/avatar\/d4fe7459cfc51ff5129ce1a732bbef5928568b8092d412ef95611616376bbeed?s=96&d=mm&r=g","caption":"f1000024"},"url":"https:\/\/cvinoticias.com\/v3\/author\/f1000024\/"}]}},"_links":{"self":[{"href":"https:\/\/cvinoticias.com\/v3\/wp-json\/wp\/v2\/posts\/31031","targetHints":{"allow":["GET"]}}],"collection":[{"href":"https:\/\/cvinoticias.com\/v3\/wp-json\/wp\/v2\/posts"}],"about":[{"href":"https:\/\/cvinoticias.com\/v3\/wp-json\/wp\/v2\/types\/post"}],"author":[{"embeddable":true,"href":"https:\/\/cvinoticias.com\/v3\/wp-json\/wp\/v2\/users\/2"}],"replies":[{"embeddable":true,"href":"https:\/\/cvinoticias.com\/v3\/wp-json\/wp\/v2\/comments?post=31031"}],"version-history":[{"count":1,"href":"https:\/\/cvinoticias.com\/v3\/wp-json\/wp\/v2\/posts\/31031\/revisions"}],"predecessor-version":[{"id":31036,"href":"https:\/\/cvinoticias.com\/v3\/wp-json\/wp\/v2\/posts\/31031\/revisions\/31036"}],"wp:featuredmedia":[{"embeddable":true,"href":"https:\/\/cvinoticias.com\/v3\/wp-json\/wp\/v2\/media\/31032"}],"wp:attachment":[{"href":"https:\/\/cvinoticias.com\/v3\/wp-json\/wp\/v2\/media?parent=31031"}],"wp:term":[{"taxonomy":"category","embeddable":true,"href":"https:\/\/cvinoticias.com\/v3\/wp-json\/wp\/v2\/categories?post=31031"},{"taxonomy":"post_tag","embeddable":true,"href":"https:\/\/cvinoticias.com\/v3\/wp-json\/wp\/v2\/tags?post=31031"}],"curies":[{"name":"wp","href":"https:\/\/api.w.org\/{rel}","templated":true}]}}