{"id":31003,"date":"2023-12-16T08:42:06","date_gmt":"2023-12-16T11:42:06","guid":{"rendered":"https:\/\/cvinoticias.com\/v3\/?p=31003"},"modified":"2023-12-16T08:42:06","modified_gmt":"2023-12-16T11:42:06","slug":"se-presento-en-el-congreso-un-proyecto-para-eliminar-el-registro-de-la-propiedad-automotor","status":"publish","type":"post","link":"https:\/\/cvinoticias.com\/v3\/se-presento-en-el-congreso-un-proyecto-para-eliminar-el-registro-de-la-propiedad-automotor\/","title":{"rendered":"Se presento en el Congreso un proyecto para eliminar el Registro de la Propiedad Automotor"},"content":{"rendered":"\n<p><strong><em>El objetivo de este proyecto es simplificar los tr\u00e1mites para los due\u00f1os de veh\u00edculos.<\/em><\/strong><\/p>\n\n\n\n<p>La diputada nacional Patricia V\u00e1zquez de Juntos por el Cambio, present\u00f3 en el Congreso de la Naci\u00f3n un proyecto de ley que propone eliminar los registros automotores y crear un Registro Nacional \u00danico totalmente digital, con una patente \u00fanica por persona para toda la vida.<\/p>\n\n\n\n<p>La propuesta tiene como finalidad lograr la unificaci\u00f3n de los registros automotores, un organismo que, dividido en diferentes jurisdicciones, centraliza el patentamiento y las transferencias de todos los veh\u00edculos que se registran en el pa\u00eds.<\/p>\n\n\n\n<p>Adem\u00e1s de considerar que este paso por los registros es \u00abburocr\u00e1tico e innecesario\u00bb, V\u00e1zquez tambi\u00e9n considera que impone un gasto excesivo al usuario, que se suma a un mont\u00f3n de impuestos que pesan sobre los autos.<\/p>\n\n\n\n<p>Principales objetivos del proyecto<\/p>\n\n\n\n<ul class=\"wp-block-list\">\n<li>Evitar la burocracia que se produce para realizar este tr\u00e1mite.<\/li>\n\n\n\n<li>Achicar costos.<\/li>\n\n\n\n<li>Unificar los registros automotores, que est\u00e1 divido por jurisdicciones.<\/li>\n\n\n\n<li>Centralizar las transferencias de veh\u00edculos que se realizan en todo el pa\u00eds.<\/li>\n\n\n\n<li>Registrar en una sola oportunidad el patentamiento de un veh\u00edculo.<\/li>\n<\/ul>\n","protected":false},"excerpt":{"rendered":"<p>El objetivo de este proyecto es simplificar los tr\u00e1mites para los due\u00f1os de veh\u00edculos. La diputada nacional Patricia V\u00e1zquez de Juntos por el Cambio, present\u00f3 en el Congreso de la Naci\u00f3n un proyecto de ley que propone eliminar los registros automotores y crear un Registro Nacional \u00danico totalmente digital, con una patente \u00fanica por persona [&hellip;]<\/p>\n","protected":false},"author":2,"featured_media":31004,"comment_status":"open","ping_status":"open","sticky":false,"template":"","format":"standard","meta":{"footnotes":""},"categories":[35],"tags":[],"class_list":["post-31003","post","type-post","status-publish","format-standard","has-post-thumbnail","hentry","category-informacion-general"],"yoast_head":"<!-- This site is optimized with the Yoast SEO plugin v27.5 - https:\/\/yoast.com\/product\/yoast-seo-wordpress\/ -->\n<title>Se presento en el Congreso un proyecto para eliminar el Registro de la Propiedad Automotor | CVI NOTICIAS<\/title>\n<meta name=\"robots\" content=\"index, follow, max-snippet:-1, max-image-preview:large, max-video-preview:-1\" \/>\n<link rel=\"canonical\" href=\"https:\/\/cvinoticias.com\/v3\/se-presento-en-el-congreso-un-proyecto-para-eliminar-el-registro-de-la-propiedad-automotor\/\" \/>\n<meta property=\"og:locale\" content=\"es_ES\" \/>\n<meta property=\"og:type\" content=\"article\" \/>\n<meta property=\"og:title\" content=\"Se presento en el Congreso un proyecto para eliminar el Registro de la Propiedad Automotor | CVI NOTICIAS\" \/>\n<meta property=\"og:description\" content=\"El objetivo de este proyecto es simplificar los tr\u00e1mites para los due\u00f1os de veh\u00edculos. La diputada nacional Patricia V\u00e1zquez de Juntos por el Cambio, present\u00f3 en el Congreso de la Naci\u00f3n un proyecto de ley que propone eliminar los registros automotores y crear un Registro Nacional \u00danico totalmente digital, con una patente \u00fanica por persona [&hellip;]\" \/>\n<meta property=\"og:url\" content=\"https:\/\/cvinoticias.com\/v3\/se-presento-en-el-congreso-un-proyecto-para-eliminar-el-registro-de-la-propiedad-automotor\/\" \/>\n<meta property=\"og:site_name\" content=\"CVI NOTICIAS\" \/>\n<meta property=\"article:publisher\" content=\"https:\/\/www.facebook.com\/cvinoticias\" \/>\n<meta property=\"article:published_time\" content=\"2023-12-16T11:42:06+00:00\" \/>\n<meta property=\"og:image\" content=\"https:\/\/cvinoticias.com\/wp-content\/uploads\/2023\/12\/f608x342-493839_523562_0.jpg\" \/>\n\t<meta property=\"og:image:width\" content=\"608\" \/>\n\t<meta property=\"og:image:height\" content=\"342\" \/>\n\t<meta property=\"og:image:type\" content=\"image\/jpeg\" \/>\n<meta name=\"author\" content=\"f1000024\" \/>\n<meta name=\"twitter:card\" content=\"summary_large_image\" \/>\n<meta name=\"twitter:label1\" content=\"Escrito por\" \/>\n\t<meta name=\"twitter:data1\" content=\"f1000024\" \/>\n\t<meta name=\"twitter:label2\" content=\"Tiempo de lectura\" \/>\n\t<meta name=\"twitter:data2\" content=\"1 minuto\" \/>\n<script type=\"application\/ld+json\" class=\"yoast-schema-graph\">{\"@context\":\"https:\\\/\\\/schema.org\",\"@graph\":[{\"@type\":\"Article\",\"@id\":\"https:\\\/\\\/cvinoticias.com\\\/v3\\\/se-presento-en-el-congreso-un-proyecto-para-eliminar-el-registro-de-la-propiedad-automotor\\\/#article\",\"isPartOf\":{\"@id\":\"https:\\\/\\\/cvinoticias.com\\\/v3\\\/se-presento-en-el-congreso-un-proyecto-para-eliminar-el-registro-de-la-propiedad-automotor\\\/\"},\"author\":{\"name\":\"f1000024\",\"@id\":\"https:\\\/\\\/cvinoticias.com\\\/v3\\\/#\\\/schema\\\/person\\\/2db77e3c6bc03c538495d7b2b8be9b66\"},\"headline\":\"Se presento en el Congreso un proyecto para eliminar el Registro de la Propiedad Automotor\",\"datePublished\":\"2023-12-16T11:42:06+00:00\",\"mainEntityOfPage\":{\"@id\":\"https:\\\/\\\/cvinoticias.com\\\/v3\\\/se-presento-en-el-congreso-un-proyecto-para-eliminar-el-registro-de-la-propiedad-automotor\\\/\"},\"wordCount\":209,\"commentCount\":0,\"publisher\":{\"@id\":\"https:\\\/\\\/cvinoticias.com\\\/v3\\\/#organization\"},\"image\":{\"@id\":\"https:\\\/\\\/cvinoticias.com\\\/v3\\\/se-presento-en-el-congreso-un-proyecto-para-eliminar-el-registro-de-la-propiedad-automotor\\\/#primaryimage\"},\"thumbnailUrl\":\"https:\\\/\\\/cvinoticias.com\\\/wp-content\\\/uploads\\\/2023\\\/12\\\/f608x342-493839_523562_0.jpg\",\"articleSection\":[\"Informaci\u00f3n General\"],\"inLanguage\":\"es\",\"potentialAction\":[{\"@type\":\"CommentAction\",\"name\":\"Comment\",\"target\":[\"https:\\\/\\\/cvinoticias.com\\\/v3\\\/se-presento-en-el-congreso-un-proyecto-para-eliminar-el-registro-de-la-propiedad-automotor\\\/#respond\"]}]},{\"@type\":\"WebPage\",\"@id\":\"https:\\\/\\\/cvinoticias.com\\\/v3\\\/se-presento-en-el-congreso-un-proyecto-para-eliminar-el-registro-de-la-propiedad-automotor\\\/\",\"url\":\"https:\\\/\\\/cvinoticias.com\\\/v3\\\/se-presento-en-el-congreso-un-proyecto-para-eliminar-el-registro-de-la-propiedad-automotor\\\/\",\"name\":\"Se presento en el Congreso un proyecto para eliminar el Registro de la Propiedad Automotor | CVI NOTICIAS\",\"isPartOf\":{\"@id\":\"https:\\\/\\\/cvinoticias.com\\\/v3\\\/#website\"},\"primaryImageOfPage\":{\"@id\":\"https:\\\/\\\/cvinoticias.com\\\/v3\\\/se-presento-en-el-congreso-un-proyecto-para-eliminar-el-registro-de-la-propiedad-automotor\\\/#primaryimage\"},\"image\":{\"@id\":\"https:\\\/\\\/cvinoticias.com\\\/v3\\\/se-presento-en-el-congreso-un-proyecto-para-eliminar-el-registro-de-la-propiedad-automotor\\\/#primaryimage\"},\"thumbnailUrl\":\"https:\\\/\\\/cvinoticias.com\\\/wp-content\\\/uploads\\\/2023\\\/12\\\/f608x342-493839_523562_0.jpg\",\"datePublished\":\"2023-12-16T11:42:06+00:00\",\"breadcrumb\":{\"@id\":\"https:\\\/\\\/cvinoticias.com\\\/v3\\\/se-presento-en-el-congreso-un-proyecto-para-eliminar-el-registro-de-la-propiedad-automotor\\\/#breadcrumb\"},\"inLanguage\":\"es\",\"potentialAction\":[{\"@type\":\"ReadAction\",\"target\":[\"https:\\\/\\\/cvinoticias.com\\\/v3\\\/se-presento-en-el-congreso-un-proyecto-para-eliminar-el-registro-de-la-propiedad-automotor\\\/\"]}]},{\"@type\":\"ImageObject\",\"inLanguage\":\"es\",\"@id\":\"https:\\\/\\\/cvinoticias.com\\\/v3\\\/se-presento-en-el-congreso-un-proyecto-para-eliminar-el-registro-de-la-propiedad-automotor\\\/#primaryimage\",\"url\":\"https:\\\/\\\/cvinoticias.com\\\/wp-content\\\/uploads\\\/2023\\\/12\\\/f608x342-493839_523562_0.jpg\",\"contentUrl\":\"https:\\\/\\\/cvinoticias.com\\\/wp-content\\\/uploads\\\/2023\\\/12\\\/f608x342-493839_523562_0.jpg\",\"width\":608,\"height\":342},{\"@type\":\"BreadcrumbList\",\"@id\":\"https:\\\/\\\/cvinoticias.com\\\/v3\\\/se-presento-en-el-congreso-un-proyecto-para-eliminar-el-registro-de-la-propiedad-automotor\\\/#breadcrumb\",\"itemListElement\":[{\"@type\":\"ListItem\",\"position\":1,\"name\":\"Portada\",\"item\":\"https:\\\/\\\/cvinoticias.com\\\/v3\\\/\"},{\"@type\":\"ListItem\",\"position\":2,\"name\":\"Se presento en el Congreso un proyecto para eliminar el Registro de la Propiedad Automotor\"}]},{\"@type\":\"WebSite\",\"@id\":\"https:\\\/\\\/cvinoticias.com\\\/v3\\\/#website\",\"url\":\"https:\\\/\\\/cvinoticias.com\\\/v3\\\/\",\"name\":\"CVI NOTICIAS\",\"description\":\"\",\"publisher\":{\"@id\":\"https:\\\/\\\/cvinoticias.com\\\/v3\\\/#organization\"},\"alternateName\":\"CVI\",\"potentialAction\":[{\"@type\":\"SearchAction\",\"target\":{\"@type\":\"EntryPoint\",\"urlTemplate\":\"https:\\\/\\\/cvinoticias.com\\\/v3\\\/?s={search_term_string}\"},\"query-input\":{\"@type\":\"PropertyValueSpecification\",\"valueRequired\":true,\"valueName\":\"search_term_string\"}}],\"inLanguage\":\"es\"},{\"@type\":\"Organization\",\"@id\":\"https:\\\/\\\/cvinoticias.com\\\/v3\\\/#organization\",\"name\":\"CVI NOTICIAS\",\"url\":\"https:\\\/\\\/cvinoticias.com\\\/v3\\\/\",\"logo\":{\"@type\":\"ImageObject\",\"inLanguage\":\"es\",\"@id\":\"https:\\\/\\\/cvinoticias.com\\\/v3\\\/#\\\/schema\\\/logo\\\/image\\\/\",\"url\":\"https:\\\/\\\/cvinoticias.com\\\/wp-content\\\/uploads\\\/2023\\\/04\\\/cropped-cropped-cropped-cropped-cropped-3-1.png\",\"contentUrl\":\"https:\\\/\\\/cvinoticias.com\\\/wp-content\\\/uploads\\\/2023\\\/04\\\/cropped-cropped-cropped-cropped-cropped-3-1.png\",\"width\":95,\"height\":122,\"caption\":\"CVI NOTICIAS\"},\"image\":{\"@id\":\"https:\\\/\\\/cvinoticias.com\\\/v3\\\/#\\\/schema\\\/logo\\\/image\\\/\"},\"sameAs\":[\"https:\\\/\\\/www.facebook.com\\\/cvinoticias\",\"https:\\\/\\\/www.instagram.com\\\/cvinoticias\\\/\",\"https:\\\/\\\/www.youtube.com\\\/@CVINOTICIAS\"]},{\"@type\":\"Person\",\"@id\":\"https:\\\/\\\/cvinoticias.com\\\/v3\\\/#\\\/schema\\\/person\\\/2db77e3c6bc03c538495d7b2b8be9b66\",\"name\":\"f1000024\",\"image\":{\"@type\":\"ImageObject\",\"inLanguage\":\"es\",\"@id\":\"https:\\\/\\\/secure.gravatar.com\\\/avatar\\\/d4fe7459cfc51ff5129ce1a732bbef5928568b8092d412ef95611616376bbeed?s=96&d=mm&r=g\",\"url\":\"https:\\\/\\\/secure.gravatar.com\\\/avatar\\\/d4fe7459cfc51ff5129ce1a732bbef5928568b8092d412ef95611616376bbeed?s=96&d=mm&r=g\",\"contentUrl\":\"https:\\\/\\\/secure.gravatar.com\\\/avatar\\\/d4fe7459cfc51ff5129ce1a732bbef5928568b8092d412ef95611616376bbeed?s=96&d=mm&r=g\",\"caption\":\"f1000024\"},\"url\":\"https:\\\/\\\/cvinoticias.com\\\/v3\\\/author\\\/f1000024\\\/\"}]}<\/script>\n<!-- \/ Yoast SEO plugin. -->","yoast_head_json":{"title":"Se presento en el Congreso un proyecto para eliminar el Registro de la Propiedad Automotor | CVI NOTICIAS","robots":{"index":"index","follow":"follow","max-snippet":"max-snippet:-1","max-image-preview":"max-image-preview:large","max-video-preview":"max-video-preview:-1"},"canonical":"https:\/\/cvinoticias.com\/v3\/se-presento-en-el-congreso-un-proyecto-para-eliminar-el-registro-de-la-propiedad-automotor\/","og_locale":"es_ES","og_type":"article","og_title":"Se presento en el Congreso un proyecto para eliminar el Registro de la Propiedad Automotor | CVI NOTICIAS","og_description":"El objetivo de este proyecto es simplificar los tr\u00e1mites para los due\u00f1os de veh\u00edculos. La diputada nacional Patricia V\u00e1zquez de Juntos por el Cambio, present\u00f3 en el Congreso de la Naci\u00f3n un proyecto de ley que propone eliminar los registros automotores y crear un Registro Nacional \u00danico totalmente digital, con una patente \u00fanica por persona [&hellip;]","og_url":"https:\/\/cvinoticias.com\/v3\/se-presento-en-el-congreso-un-proyecto-para-eliminar-el-registro-de-la-propiedad-automotor\/","og_site_name":"CVI NOTICIAS","article_publisher":"https:\/\/www.facebook.com\/cvinoticias","article_published_time":"2023-12-16T11:42:06+00:00","og_image":[{"width":608,"height":342,"url":"https:\/\/cvinoticias.com\/wp-content\/uploads\/2023\/12\/f608x342-493839_523562_0.jpg","type":"image\/jpeg"}],"author":"f1000024","twitter_card":"summary_large_image","twitter_misc":{"Escrito por":"f1000024","Tiempo de lectura":"1 minuto"},"schema":{"@context":"https:\/\/schema.org","@graph":[{"@type":"Article","@id":"https:\/\/cvinoticias.com\/v3\/se-presento-en-el-congreso-un-proyecto-para-eliminar-el-registro-de-la-propiedad-automotor\/#article","isPartOf":{"@id":"https:\/\/cvinoticias.com\/v3\/se-presento-en-el-congreso-un-proyecto-para-eliminar-el-registro-de-la-propiedad-automotor\/"},"author":{"name":"f1000024","@id":"https:\/\/cvinoticias.com\/v3\/#\/schema\/person\/2db77e3c6bc03c538495d7b2b8be9b66"},"headline":"Se presento en el Congreso un proyecto para eliminar el Registro de la Propiedad Automotor","datePublished":"2023-12-16T11:42:06+00:00","mainEntityOfPage":{"@id":"https:\/\/cvinoticias.com\/v3\/se-presento-en-el-congreso-un-proyecto-para-eliminar-el-registro-de-la-propiedad-automotor\/"},"wordCount":209,"commentCount":0,"publisher":{"@id":"https:\/\/cvinoticias.com\/v3\/#organization"},"image":{"@id":"https:\/\/cvinoticias.com\/v3\/se-presento-en-el-congreso-un-proyecto-para-eliminar-el-registro-de-la-propiedad-automotor\/#primaryimage"},"thumbnailUrl":"https:\/\/cvinoticias.com\/wp-content\/uploads\/2023\/12\/f608x342-493839_523562_0.jpg","articleSection":["Informaci\u00f3n General"],"inLanguage":"es","potentialAction":[{"@type":"CommentAction","name":"Comment","target":["https:\/\/cvinoticias.com\/v3\/se-presento-en-el-congreso-un-proyecto-para-eliminar-el-registro-de-la-propiedad-automotor\/#respond"]}]},{"@type":"WebPage","@id":"https:\/\/cvinoticias.com\/v3\/se-presento-en-el-congreso-un-proyecto-para-eliminar-el-registro-de-la-propiedad-automotor\/","url":"https:\/\/cvinoticias.com\/v3\/se-presento-en-el-congreso-un-proyecto-para-eliminar-el-registro-de-la-propiedad-automotor\/","name":"Se presento en el Congreso un proyecto para eliminar el Registro de la Propiedad Automotor | CVI NOTICIAS","isPartOf":{"@id":"https:\/\/cvinoticias.com\/v3\/#website"},"primaryImageOfPage":{"@id":"https:\/\/cvinoticias.com\/v3\/se-presento-en-el-congreso-un-proyecto-para-eliminar-el-registro-de-la-propiedad-automotor\/#primaryimage"},"image":{"@id":"https:\/\/cvinoticias.com\/v3\/se-presento-en-el-congreso-un-proyecto-para-eliminar-el-registro-de-la-propiedad-automotor\/#primaryimage"},"thumbnailUrl":"https:\/\/cvinoticias.com\/wp-content\/uploads\/2023\/12\/f608x342-493839_523562_0.jpg","datePublished":"2023-12-16T11:42:06+00:00","breadcrumb":{"@id":"https:\/\/cvinoticias.com\/v3\/se-presento-en-el-congreso-un-proyecto-para-eliminar-el-registro-de-la-propiedad-automotor\/#breadcrumb"},"inLanguage":"es","potentialAction":[{"@type":"ReadAction","target":["https:\/\/cvinoticias.com\/v3\/se-presento-en-el-congreso-un-proyecto-para-eliminar-el-registro-de-la-propiedad-automotor\/"]}]},{"@type":"ImageObject","inLanguage":"es","@id":"https:\/\/cvinoticias.com\/v3\/se-presento-en-el-congreso-un-proyecto-para-eliminar-el-registro-de-la-propiedad-automotor\/#primaryimage","url":"https:\/\/cvinoticias.com\/wp-content\/uploads\/2023\/12\/f608x342-493839_523562_0.jpg","contentUrl":"https:\/\/cvinoticias.com\/wp-content\/uploads\/2023\/12\/f608x342-493839_523562_0.jpg","width":608,"height":342},{"@type":"BreadcrumbList","@id":"https:\/\/cvinoticias.com\/v3\/se-presento-en-el-congreso-un-proyecto-para-eliminar-el-registro-de-la-propiedad-automotor\/#breadcrumb","itemListElement":[{"@type":"ListItem","position":1,"name":"Portada","item":"https:\/\/cvinoticias.com\/v3\/"},{"@type":"ListItem","position":2,"name":"Se presento en el Congreso un proyecto para eliminar el Registro de la Propiedad Automotor"}]},{"@type":"WebSite","@id":"https:\/\/cvinoticias.com\/v3\/#website","url":"https:\/\/cvinoticias.com\/v3\/","name":"CVI NOTICIAS","description":"","publisher":{"@id":"https:\/\/cvinoticias.com\/v3\/#organization"},"alternateName":"CVI","potentialAction":[{"@type":"SearchAction","target":{"@type":"EntryPoint","urlTemplate":"https:\/\/cvinoticias.com\/v3\/?s={search_term_string}"},"query-input":{"@type":"PropertyValueSpecification","valueRequired":true,"valueName":"search_term_string"}}],"inLanguage":"es"},{"@type":"Organization","@id":"https:\/\/cvinoticias.com\/v3\/#organization","name":"CVI NOTICIAS","url":"https:\/\/cvinoticias.com\/v3\/","logo":{"@type":"ImageObject","inLanguage":"es","@id":"https:\/\/cvinoticias.com\/v3\/#\/schema\/logo\/image\/","url":"https:\/\/cvinoticias.com\/wp-content\/uploads\/2023\/04\/cropped-cropped-cropped-cropped-cropped-3-1.png","contentUrl":"https:\/\/cvinoticias.com\/wp-content\/uploads\/2023\/04\/cropped-cropped-cropped-cropped-cropped-3-1.png","width":95,"height":122,"caption":"CVI NOTICIAS"},"image":{"@id":"https:\/\/cvinoticias.com\/v3\/#\/schema\/logo\/image\/"},"sameAs":["https:\/\/www.facebook.com\/cvinoticias","https:\/\/www.instagram.com\/cvinoticias\/","https:\/\/www.youtube.com\/@CVINOTICIAS"]},{"@type":"Person","@id":"https:\/\/cvinoticias.com\/v3\/#\/schema\/person\/2db77e3c6bc03c538495d7b2b8be9b66","name":"f1000024","image":{"@type":"ImageObject","inLanguage":"es","@id":"https:\/\/secure.gravatar.com\/avatar\/d4fe7459cfc51ff5129ce1a732bbef5928568b8092d412ef95611616376bbeed?s=96&d=mm&r=g","url":"https:\/\/secure.gravatar.com\/avatar\/d4fe7459cfc51ff5129ce1a732bbef5928568b8092d412ef95611616376bbeed?s=96&d=mm&r=g","contentUrl":"https:\/\/secure.gravatar.com\/avatar\/d4fe7459cfc51ff5129ce1a732bbef5928568b8092d412ef95611616376bbeed?s=96&d=mm&r=g","caption":"f1000024"},"url":"https:\/\/cvinoticias.com\/v3\/author\/f1000024\/"}]}},"_links":{"self":[{"href":"https:\/\/cvinoticias.com\/v3\/wp-json\/wp\/v2\/posts\/31003","targetHints":{"allow":["GET"]}}],"collection":[{"href":"https:\/\/cvinoticias.com\/v3\/wp-json\/wp\/v2\/posts"}],"about":[{"href":"https:\/\/cvinoticias.com\/v3\/wp-json\/wp\/v2\/types\/post"}],"author":[{"embeddable":true,"href":"https:\/\/cvinoticias.com\/v3\/wp-json\/wp\/v2\/users\/2"}],"replies":[{"embeddable":true,"href":"https:\/\/cvinoticias.com\/v3\/wp-json\/wp\/v2\/comments?post=31003"}],"version-history":[{"count":1,"href":"https:\/\/cvinoticias.com\/v3\/wp-json\/wp\/v2\/posts\/31003\/revisions"}],"predecessor-version":[{"id":31005,"href":"https:\/\/cvinoticias.com\/v3\/wp-json\/wp\/v2\/posts\/31003\/revisions\/31005"}],"wp:featuredmedia":[{"embeddable":true,"href":"https:\/\/cvinoticias.com\/v3\/wp-json\/wp\/v2\/media\/31004"}],"wp:attachment":[{"href":"https:\/\/cvinoticias.com\/v3\/wp-json\/wp\/v2\/media?parent=31003"}],"wp:term":[{"taxonomy":"category","embeddable":true,"href":"https:\/\/cvinoticias.com\/v3\/wp-json\/wp\/v2\/categories?post=31003"},{"taxonomy":"post_tag","embeddable":true,"href":"https:\/\/cvinoticias.com\/v3\/wp-json\/wp\/v2\/tags?post=31003"}],"curies":[{"name":"wp","href":"https:\/\/api.w.org\/{rel}","templated":true}]}}