{"id":30994,"date":"2023-12-15T18:48:50","date_gmt":"2023-12-15T21:48:50","guid":{"rendered":"https:\/\/cvinoticias.com\/v3\/?p=30994"},"modified":"2023-12-15T18:48:50","modified_gmt":"2023-12-15T21:48:50","slug":"varias-provincias-se-declaran-en-emergencia-economica-y-el-gobierno-las-convoca-para-el-martes","status":"publish","type":"post","link":"https:\/\/cvinoticias.com\/v3\/varias-provincias-se-declaran-en-emergencia-economica-y-el-gobierno-las-convoca-para-el-martes\/","title":{"rendered":"Varias provincias se declaran en \u201cemergencia econ\u00f3mica\u201d y el Gobierno las convoca para el martes"},"content":{"rendered":"\n<p><strong><em>La reuni\u00f3n con los mandatarios provinciales en la Casa Rosada es impulsada desde el Ministerio del Interior y a\u00fan no fue confirmada la presencia del presidente Milei. Cu\u00e1les fueron las medidas de ajuste que comenzaron a implementarse en todo el pa\u00eds. El caso de San Luis y el pago de salarios en cuotas.<\/em><\/strong><\/p>\n\n\n\n<p>Gobernadores de diferentes espacios pol\u00edticos anunciaron esta semana un plan de recorte del gasto p\u00fablico al reconocer que existe \u201cuna emergencia econ\u00f3mica\u201d a nivel nacional y en cada uno de sus distritos, en sinton\u00eda con las medidas anunciadas por el ministro de Econom\u00eda, Luis Caputo, mientras el Gobierno nacional activ\u00f3 una convocatoria a los mandatarios provinciales para el pr\u00f3ximo martes.<\/p>\n\n\n\n<p>Con distintos enfoques y particularidades debido a la situaci\u00f3n financiera de cada provincia, los gobernadores que anunciaron planes de control y reducci\u00f3n del gasto p\u00fablico fueron hasta ahora Gerardo Zamora (Santiago del Estero), Claudio Poggi (San Luis), Martin Llaryora (C\u00f3rdoba), Osvaldo Jaldo (Tucum\u00e1n), Maximiliano Pullaro (Santa Fe), Ra\u00fal Jalil (Catamarca), Gustavo Melella (Tierra del Fuego), Ignacio Torres (Chubut), Marcelo Orrego (San Juan), Rolando Figueroa (Neuqu\u00e9n) y Rogelio Frigerio (Entre R\u00edos).<\/p>\n\n\n\n<p>A nivel provincial, estas iniciativas fueron adoptadas por mandatarios peronistas, aliados en el frente Uni\u00f3n por la Patria (UxP), radicales y del PRO en el espacio de Juntos por el Cambio (JxC) y fuerzas provinciales.<\/p>\n\n\n\n<p>En paralelo, en las oficinas del ministro del Interior, Guillermo Francos, comenz\u00f3 a organizarse una convocatoria a los 23 gobernadores y el jefe de Gobierno porte\u00f1o, Jorge Macri, para congregarlos en una reuni\u00f3n el martes 19 en la Casa Rosada, que podr\u00eda encabezar el propio Milei.<\/p>\n\n\n\n<p>Desde la provincia de Buenos Aires, conducida por Axel Kicillof (UxP), algunos de sus ministros advirtieron que \u201cse mantiene en alerta\u201d por las medidas econ\u00f3micas anunciadas por la administraci\u00f3n Milei, que consta, entre otras cosas, de la limitaci\u00f3n de los giros por fuera del sistema de distribuci\u00f3n de recursos federales que establece la ley de Coparticipaci\u00f3n.<\/p>\n\n\n\n<p><strong>En Misiones, el gobernador Hugo Passaluaqcua (Frente Renovador Misionero) evit\u00f3 lanzar un plan de ajuste pero advirti\u00f3 a los funcionarios sobre la \u201cnecesidad de seguir siendo muy responsables con el manejo de los recursos de los misioneros y continuar con una provincia con cuentas ordenadas\u201d.<\/strong><\/p>\n\n\n\n<p>Por su parte, el santiague\u00f1o Zamora declar\u00f3 el estado de \u201cemergencia econ\u00f3mica\u201d en la provincia y la aplicaci\u00f3n de \u201cmedidas restrictivas y de control del gasto p\u00fablico\u201d por los pr\u00f3ximos seis meses.<\/p>\n\n\n\n<p>\u201cLos anuncios realizados (a nivel nacional), si bien no conocemos los alcances, nos obliga a tomar medidas preventivas, de precauci\u00f3n y de mucho cuidado en la administraci\u00f3n de los recursos y por eso estoy enviado esta pr\u00f3xima semana un Decreto de Necesidad y Urgencia para declarar la emergencia econ\u00f3mica, medidas restrictivas y de control del gasto p\u00fablico\u201d, indic\u00f3 Zamora esta ma\u00f1ana a trav\u00e9s de un mensaje publicado en sus redes sociales.<\/p>\n\n\n\n<p>Al igual que Naci\u00f3n, Zamora decidi\u00f3 que por 6 meses \u201cse congelar\u00e1n las partidas presupuestarias de la administraci\u00f3n p\u00fablica para gastos de promoci\u00f3n o difusi\u00f3n oficial\u201d.<\/p>\n\n\n\n<p>Bajo otro signo pol\u00edtico, el gobernador sanluise\u00f1o Poggi (Juntos por el Cambio) present\u00f3 anoche el estado financiero de la provincia que dej\u00f3 la gesti\u00f3n de Alberto Rodr\u00edguez Sa\u00e1, que muestra un d\u00e9ficit de \u201cm\u00e1s de 125 mil millones de pesos\u201d y anunci\u00f3 una pol\u00edtica de ajuste, que incluye que los sueldos de diciembre y enero de estatales se pagar\u00e1n en dos cuotas.<\/p>\n\n\n\n<p>En un mensaje que fue trasmitido por los medios oficiales de la provincia, Poggi inform\u00f3 que la situaci\u00f3n de la provincia es \u201ccr\u00edtica\u201d con los n\u00fameros en \u201crojo\u201d y anunci\u00f3 que los sueldos de la administraci\u00f3n p\u00fablica se har\u00e1n en dos veces para los meses de diciembre y enero, y pidi\u00f3 que sea extensiva para los dem\u00e1s poderes del Estado.<\/p>\n\n\n\n<p>Uno de los primeros en lanzar un ajuste fue el gobernador de Tucum\u00e1n, Osvaldo Jaldo (UxP), quien anunci\u00f3 un plan de reducci\u00f3n que ahorrar\u00e1 219.000 millones de pesos a la Legislatura y una reestructuraci\u00f3n del Ejecutivo, que incluy\u00f3 la eliminaci\u00f3n de 40 organismos gubernamentales y de la Unidad de Reconversi\u00f3n Laboral.<\/p>\n\n\n\n<p>En tanto, el gobernador cordob\u00e9s Mart\u00edn Llaryora (PJ) modific\u00f3 su organigrama inicial que preve\u00eda unos 32 ministerios y agencias p\u00fablico-privadas, y ahora son 14.<\/p>\n\n\n\n<p>En Santa Fe, el mandatario Maximiliano Pullaro (JxC), manifest\u00f3 que en la provincia hay \u201c13.000 empleados p\u00fablicos m\u00e1s que los que hab\u00eda en 2019?, entre los que se cuentan \u201cfuncionarios pol\u00edticos o familiares de pol\u00edticos de primera y segunda l\u00ednea del gobierno\u201d del peronista Omar Perotti, su antecesor, por lo que se revisar\u00e1n los decretos de esos nombramientos.<\/p>\n\n\n\n<p>Pullaro confirm\u00f3 que participar\u00e1 de la reuni\u00f3n de gobernadores convocada por la Casa Rosada y adelant\u00f3 que llevar\u00e1 al encuentro su \u201cmirada\u201d sobre las medidas econ\u00f3micas en la coincidencia en que \u201chay que ordenar las cuentas del estado Nacional\u201d pero con la advertencia de que \u201cese ajuste no lo pueden pagar los sectores m\u00e1s vulnerables\u201d.<\/p>\n\n\n\n<p>\u201cTengo entendido que vamos a reunirnos la semana que viene los 23 (gobernadores) y el jefe de Gobierno de la ciudad. Daremos nuestra mirada sobre las medidas, coincidiendo que hay que ordenar cuentas del Estado nacional y emisi\u00f3n, pero que ese ajuste no lo pueden pagar los sectores m\u00e1s vulnerables\u201d, dijo Pullaro a la prensa al ingresar al comit\u00e9 nacional del radicalismo para participar de un plenario de delegados.<\/p>\n\n\n\n<p>En Chaco, Leandro Zdero (JxC) suspendi\u00f3 las recategorizaciones aprobadas hace tres meses por su antecesor, el peronista Jorge Capitanich, mientras que en Neuqu\u00e9n, el gobernador Rolando Figueroa (Comunidad) anunci\u00f3 la derogaci\u00f3n del r\u00e9gimen de jubilaciones de privilegio, la eliminaci\u00f3n del alquiler de autos y camionetas para funcionarios, la reducci\u00f3n del 50 por ciento de los cargos de planta pol\u00edtica en el Ejecutivo provincial y la revisi\u00f3n de los pases a planta del \u00faltimo a\u00f1o.<\/p>\n\n\n\n<p>En Catamarca, el gobernador peronista Ra\u00fal Jalil, adelant\u00f3 que en la segunda gesti\u00f3n que inici\u00f3 en la provincia se realizar\u00e1 una reducci\u00f3n de la planta pol\u00edtica del Poder Ejecutivo local en un 20 por ciento.<\/p>\n\n\n\n<p>El gobernador fueguino Gustavo Melella, quien reasumir\u00e1 el domingo 17 para iniciar una nueva gesti\u00f3n, reformar\u00e1 la estructura pol\u00edtica de su gobierno aunque mantendr\u00e1 la misma cantidad de ministerios y de secretar\u00edas de Estado de cara a su segundo mandato al frente del Poder Ejecutivo fueguino que comenzar\u00e1 el pr\u00f3ximo domingo, confirmaron hoy fuentes oficiales.<\/p>\n\n\n\n<p>A su turno, el gobernador de Chubut, Ignacio Torres (JxC), firm\u00f3 un decreto mediante el cual \u201cse dan de baja las designaciones irregulares realizadas en el Ejecutivo provincial en los \u00faltimos seis meses y se revisar\u00e1n las del \u00faltimo a\u00f1o\u201d.<\/p>\n\n\n\n<p>Tambi\u00e9n el gobernador sanjuanino Marcelo Orrego (JxC) anul\u00f3 los nombramientos recientes de empleados p\u00fablicos y suspendi\u00f3 la renovaci\u00f3n de contratos realizados por el gobierno anterior, medida que puede afectar a unas 6.000 personas, en tanto que una comisi\u00f3n evaluadora analizar\u00e1 \u201ccasos puntuales\u201d.<\/p>\n\n\n\n<p>En la misma sinton\u00eda, el mandatario entrerriano Rogelio Frigerio (Entre R\u00edos) ratific\u00f3 que \u201cno hay plata\u201d en la provincia y confirm\u00f3 reducci\u00f3n \u201ca la mitad\u201d los cargos pol\u00edticos del organigrama provincial, porque \u201cno significan una mejor calidad de vida ni mejores bienes y servicios p\u00fablicos\u201d.<\/p>\n","protected":false},"excerpt":{"rendered":"<p>La reuni\u00f3n con los mandatarios provinciales en la Casa Rosada es impulsada desde el Ministerio del Interior y a\u00fan no fue confirmada la presencia del presidente Milei. Cu\u00e1les fueron las medidas de ajuste que comenzaron a implementarse en todo el pa\u00eds. El caso de San Luis y el pago de salarios en cuotas. Gobernadores de [&hellip;]<\/p>\n","protected":false},"author":2,"featured_media":30995,"comment_status":"open","ping_status":"open","sticky":false,"template":"","format":"standard","meta":{"footnotes":""},"categories":[39],"tags":[],"class_list":["post-30994","post","type-post","status-publish","format-standard","has-post-thumbnail","hentry","category-nacionales"],"yoast_head":"<!-- This site is optimized with the Yoast SEO plugin v27.5 - https:\/\/yoast.com\/product\/yoast-seo-wordpress\/ -->\n<title>Varias provincias se declaran en \u201cemergencia econ\u00f3mica\u201d y el Gobierno las convoca para el martes | CVI NOTICIAS<\/title>\n<meta name=\"robots\" content=\"index, follow, max-snippet:-1, max-image-preview:large, max-video-preview:-1\" \/>\n<link rel=\"canonical\" href=\"https:\/\/cvinoticias.com\/v3\/varias-provincias-se-declaran-en-emergencia-economica-y-el-gobierno-las-convoca-para-el-martes\/\" \/>\n<meta property=\"og:locale\" content=\"es_ES\" \/>\n<meta property=\"og:type\" content=\"article\" \/>\n<meta property=\"og:title\" content=\"Varias provincias se declaran en \u201cemergencia econ\u00f3mica\u201d y el Gobierno las convoca para el martes | CVI NOTICIAS\" \/>\n<meta property=\"og:description\" content=\"La reuni\u00f3n con los mandatarios provinciales en la Casa Rosada es impulsada desde el Ministerio del Interior y a\u00fan no fue confirmada la presencia del presidente Milei. Cu\u00e1les fueron las medidas de ajuste que comenzaron a implementarse en todo el pa\u00eds. El caso de San Luis y el pago de salarios en cuotas. Gobernadores de [&hellip;]\" \/>\n<meta property=\"og:url\" content=\"https:\/\/cvinoticias.com\/v3\/varias-provincias-se-declaran-en-emergencia-economica-y-el-gobierno-las-convoca-para-el-martes\/\" \/>\n<meta property=\"og:site_name\" content=\"CVI NOTICIAS\" \/>\n<meta property=\"article:publisher\" content=\"https:\/\/www.facebook.com\/cvinoticias\" \/>\n<meta property=\"article:published_time\" content=\"2023-12-15T21:48:50+00:00\" \/>\n<meta property=\"og:image\" content=\"https:\/\/cvinoticias.com\/wp-content\/uploads\/2023\/12\/359852_crop_16121_md.jpg\" \/>\n\t<meta property=\"og:image:width\" content=\"600\" \/>\n\t<meta property=\"og:image:height\" content=\"338\" \/>\n\t<meta property=\"og:image:type\" content=\"image\/jpeg\" \/>\n<meta name=\"author\" content=\"f1000024\" \/>\n<meta name=\"twitter:card\" content=\"summary_large_image\" \/>\n<meta name=\"twitter:label1\" content=\"Escrito por\" \/>\n\t<meta name=\"twitter:data1\" content=\"f1000024\" \/>\n\t<meta name=\"twitter:label2\" content=\"Tiempo de lectura\" \/>\n\t<meta name=\"twitter:data2\" content=\"6 minutos\" \/>\n<script type=\"application\/ld+json\" class=\"yoast-schema-graph\">{\"@context\":\"https:\\\/\\\/schema.org\",\"@graph\":[{\"@type\":\"Article\",\"@id\":\"https:\\\/\\\/cvinoticias.com\\\/v3\\\/varias-provincias-se-declaran-en-emergencia-economica-y-el-gobierno-las-convoca-para-el-martes\\\/#article\",\"isPartOf\":{\"@id\":\"https:\\\/\\\/cvinoticias.com\\\/v3\\\/varias-provincias-se-declaran-en-emergencia-economica-y-el-gobierno-las-convoca-para-el-martes\\\/\"},\"author\":{\"name\":\"f1000024\",\"@id\":\"https:\\\/\\\/cvinoticias.com\\\/v3\\\/#\\\/schema\\\/person\\\/2db77e3c6bc03c538495d7b2b8be9b66\"},\"headline\":\"Varias provincias se declaran en \u201cemergencia econ\u00f3mica\u201d y el Gobierno las convoca para el martes\",\"datePublished\":\"2023-12-15T21:48:50+00:00\",\"mainEntityOfPage\":{\"@id\":\"https:\\\/\\\/cvinoticias.com\\\/v3\\\/varias-provincias-se-declaran-en-emergencia-economica-y-el-gobierno-las-convoca-para-el-martes\\\/\"},\"wordCount\":1273,\"commentCount\":0,\"publisher\":{\"@id\":\"https:\\\/\\\/cvinoticias.com\\\/v3\\\/#organization\"},\"image\":{\"@id\":\"https:\\\/\\\/cvinoticias.com\\\/v3\\\/varias-provincias-se-declaran-en-emergencia-economica-y-el-gobierno-las-convoca-para-el-martes\\\/#primaryimage\"},\"thumbnailUrl\":\"https:\\\/\\\/cvinoticias.com\\\/wp-content\\\/uploads\\\/2023\\\/12\\\/359852_crop_16121_md.jpg\",\"articleSection\":[\"Nacionales\"],\"inLanguage\":\"es\",\"potentialAction\":[{\"@type\":\"CommentAction\",\"name\":\"Comment\",\"target\":[\"https:\\\/\\\/cvinoticias.com\\\/v3\\\/varias-provincias-se-declaran-en-emergencia-economica-y-el-gobierno-las-convoca-para-el-martes\\\/#respond\"]}]},{\"@type\":\"WebPage\",\"@id\":\"https:\\\/\\\/cvinoticias.com\\\/v3\\\/varias-provincias-se-declaran-en-emergencia-economica-y-el-gobierno-las-convoca-para-el-martes\\\/\",\"url\":\"https:\\\/\\\/cvinoticias.com\\\/v3\\\/varias-provincias-se-declaran-en-emergencia-economica-y-el-gobierno-las-convoca-para-el-martes\\\/\",\"name\":\"Varias provincias se declaran en \u201cemergencia econ\u00f3mica\u201d y el Gobierno las convoca para el martes | CVI NOTICIAS\",\"isPartOf\":{\"@id\":\"https:\\\/\\\/cvinoticias.com\\\/v3\\\/#website\"},\"primaryImageOfPage\":{\"@id\":\"https:\\\/\\\/cvinoticias.com\\\/v3\\\/varias-provincias-se-declaran-en-emergencia-economica-y-el-gobierno-las-convoca-para-el-martes\\\/#primaryimage\"},\"image\":{\"@id\":\"https:\\\/\\\/cvinoticias.com\\\/v3\\\/varias-provincias-se-declaran-en-emergencia-economica-y-el-gobierno-las-convoca-para-el-martes\\\/#primaryimage\"},\"thumbnailUrl\":\"https:\\\/\\\/cvinoticias.com\\\/wp-content\\\/uploads\\\/2023\\\/12\\\/359852_crop_16121_md.jpg\",\"datePublished\":\"2023-12-15T21:48:50+00:00\",\"breadcrumb\":{\"@id\":\"https:\\\/\\\/cvinoticias.com\\\/v3\\\/varias-provincias-se-declaran-en-emergencia-economica-y-el-gobierno-las-convoca-para-el-martes\\\/#breadcrumb\"},\"inLanguage\":\"es\",\"potentialAction\":[{\"@type\":\"ReadAction\",\"target\":[\"https:\\\/\\\/cvinoticias.com\\\/v3\\\/varias-provincias-se-declaran-en-emergencia-economica-y-el-gobierno-las-convoca-para-el-martes\\\/\"]}]},{\"@type\":\"ImageObject\",\"inLanguage\":\"es\",\"@id\":\"https:\\\/\\\/cvinoticias.com\\\/v3\\\/varias-provincias-se-declaran-en-emergencia-economica-y-el-gobierno-las-convoca-para-el-martes\\\/#primaryimage\",\"url\":\"https:\\\/\\\/cvinoticias.com\\\/wp-content\\\/uploads\\\/2023\\\/12\\\/359852_crop_16121_md.jpg\",\"contentUrl\":\"https:\\\/\\\/cvinoticias.com\\\/wp-content\\\/uploads\\\/2023\\\/12\\\/359852_crop_16121_md.jpg\",\"width\":600,\"height\":338},{\"@type\":\"BreadcrumbList\",\"@id\":\"https:\\\/\\\/cvinoticias.com\\\/v3\\\/varias-provincias-se-declaran-en-emergencia-economica-y-el-gobierno-las-convoca-para-el-martes\\\/#breadcrumb\",\"itemListElement\":[{\"@type\":\"ListItem\",\"position\":1,\"name\":\"Portada\",\"item\":\"https:\\\/\\\/cvinoticias.com\\\/v3\\\/\"},{\"@type\":\"ListItem\",\"position\":2,\"name\":\"Varias provincias se declaran en \u201cemergencia econ\u00f3mica\u201d y el Gobierno las convoca para el martes\"}]},{\"@type\":\"WebSite\",\"@id\":\"https:\\\/\\\/cvinoticias.com\\\/v3\\\/#website\",\"url\":\"https:\\\/\\\/cvinoticias.com\\\/v3\\\/\",\"name\":\"CVI NOTICIAS\",\"description\":\"\",\"publisher\":{\"@id\":\"https:\\\/\\\/cvinoticias.com\\\/v3\\\/#organization\"},\"alternateName\":\"CVI\",\"potentialAction\":[{\"@type\":\"SearchAction\",\"target\":{\"@type\":\"EntryPoint\",\"urlTemplate\":\"https:\\\/\\\/cvinoticias.com\\\/v3\\\/?s={search_term_string}\"},\"query-input\":{\"@type\":\"PropertyValueSpecification\",\"valueRequired\":true,\"valueName\":\"search_term_string\"}}],\"inLanguage\":\"es\"},{\"@type\":\"Organization\",\"@id\":\"https:\\\/\\\/cvinoticias.com\\\/v3\\\/#organization\",\"name\":\"CVI NOTICIAS\",\"url\":\"https:\\\/\\\/cvinoticias.com\\\/v3\\\/\",\"logo\":{\"@type\":\"ImageObject\",\"inLanguage\":\"es\",\"@id\":\"https:\\\/\\\/cvinoticias.com\\\/v3\\\/#\\\/schema\\\/logo\\\/image\\\/\",\"url\":\"https:\\\/\\\/cvinoticias.com\\\/wp-content\\\/uploads\\\/2023\\\/04\\\/cropped-cropped-cropped-cropped-cropped-3-1.png\",\"contentUrl\":\"https:\\\/\\\/cvinoticias.com\\\/wp-content\\\/uploads\\\/2023\\\/04\\\/cropped-cropped-cropped-cropped-cropped-3-1.png\",\"width\":95,\"height\":122,\"caption\":\"CVI NOTICIAS\"},\"image\":{\"@id\":\"https:\\\/\\\/cvinoticias.com\\\/v3\\\/#\\\/schema\\\/logo\\\/image\\\/\"},\"sameAs\":[\"https:\\\/\\\/www.facebook.com\\\/cvinoticias\",\"https:\\\/\\\/www.instagram.com\\\/cvinoticias\\\/\",\"https:\\\/\\\/www.youtube.com\\\/@CVINOTICIAS\"]},{\"@type\":\"Person\",\"@id\":\"https:\\\/\\\/cvinoticias.com\\\/v3\\\/#\\\/schema\\\/person\\\/2db77e3c6bc03c538495d7b2b8be9b66\",\"name\":\"f1000024\",\"image\":{\"@type\":\"ImageObject\",\"inLanguage\":\"es\",\"@id\":\"https:\\\/\\\/secure.gravatar.com\\\/avatar\\\/d4fe7459cfc51ff5129ce1a732bbef5928568b8092d412ef95611616376bbeed?s=96&d=mm&r=g\",\"url\":\"https:\\\/\\\/secure.gravatar.com\\\/avatar\\\/d4fe7459cfc51ff5129ce1a732bbef5928568b8092d412ef95611616376bbeed?s=96&d=mm&r=g\",\"contentUrl\":\"https:\\\/\\\/secure.gravatar.com\\\/avatar\\\/d4fe7459cfc51ff5129ce1a732bbef5928568b8092d412ef95611616376bbeed?s=96&d=mm&r=g\",\"caption\":\"f1000024\"},\"url\":\"https:\\\/\\\/cvinoticias.com\\\/v3\\\/author\\\/f1000024\\\/\"}]}<\/script>\n<!-- \/ Yoast SEO plugin. -->","yoast_head_json":{"title":"Varias provincias se declaran en \u201cemergencia econ\u00f3mica\u201d y el Gobierno las convoca para el martes | CVI NOTICIAS","robots":{"index":"index","follow":"follow","max-snippet":"max-snippet:-1","max-image-preview":"max-image-preview:large","max-video-preview":"max-video-preview:-1"},"canonical":"https:\/\/cvinoticias.com\/v3\/varias-provincias-se-declaran-en-emergencia-economica-y-el-gobierno-las-convoca-para-el-martes\/","og_locale":"es_ES","og_type":"article","og_title":"Varias provincias se declaran en \u201cemergencia econ\u00f3mica\u201d y el Gobierno las convoca para el martes | CVI NOTICIAS","og_description":"La reuni\u00f3n con los mandatarios provinciales en la Casa Rosada es impulsada desde el Ministerio del Interior y a\u00fan no fue confirmada la presencia del presidente Milei. Cu\u00e1les fueron las medidas de ajuste que comenzaron a implementarse en todo el pa\u00eds. El caso de San Luis y el pago de salarios en cuotas. Gobernadores de [&hellip;]","og_url":"https:\/\/cvinoticias.com\/v3\/varias-provincias-se-declaran-en-emergencia-economica-y-el-gobierno-las-convoca-para-el-martes\/","og_site_name":"CVI NOTICIAS","article_publisher":"https:\/\/www.facebook.com\/cvinoticias","article_published_time":"2023-12-15T21:48:50+00:00","og_image":[{"width":600,"height":338,"url":"https:\/\/cvinoticias.com\/wp-content\/uploads\/2023\/12\/359852_crop_16121_md.jpg","type":"image\/jpeg"}],"author":"f1000024","twitter_card":"summary_large_image","twitter_misc":{"Escrito por":"f1000024","Tiempo de lectura":"6 minutos"},"schema":{"@context":"https:\/\/schema.org","@graph":[{"@type":"Article","@id":"https:\/\/cvinoticias.com\/v3\/varias-provincias-se-declaran-en-emergencia-economica-y-el-gobierno-las-convoca-para-el-martes\/#article","isPartOf":{"@id":"https:\/\/cvinoticias.com\/v3\/varias-provincias-se-declaran-en-emergencia-economica-y-el-gobierno-las-convoca-para-el-martes\/"},"author":{"name":"f1000024","@id":"https:\/\/cvinoticias.com\/v3\/#\/schema\/person\/2db77e3c6bc03c538495d7b2b8be9b66"},"headline":"Varias provincias se declaran en \u201cemergencia econ\u00f3mica\u201d y el Gobierno las convoca para el martes","datePublished":"2023-12-15T21:48:50+00:00","mainEntityOfPage":{"@id":"https:\/\/cvinoticias.com\/v3\/varias-provincias-se-declaran-en-emergencia-economica-y-el-gobierno-las-convoca-para-el-martes\/"},"wordCount":1273,"commentCount":0,"publisher":{"@id":"https:\/\/cvinoticias.com\/v3\/#organization"},"image":{"@id":"https:\/\/cvinoticias.com\/v3\/varias-provincias-se-declaran-en-emergencia-economica-y-el-gobierno-las-convoca-para-el-martes\/#primaryimage"},"thumbnailUrl":"https:\/\/cvinoticias.com\/wp-content\/uploads\/2023\/12\/359852_crop_16121_md.jpg","articleSection":["Nacionales"],"inLanguage":"es","potentialAction":[{"@type":"CommentAction","name":"Comment","target":["https:\/\/cvinoticias.com\/v3\/varias-provincias-se-declaran-en-emergencia-economica-y-el-gobierno-las-convoca-para-el-martes\/#respond"]}]},{"@type":"WebPage","@id":"https:\/\/cvinoticias.com\/v3\/varias-provincias-se-declaran-en-emergencia-economica-y-el-gobierno-las-convoca-para-el-martes\/","url":"https:\/\/cvinoticias.com\/v3\/varias-provincias-se-declaran-en-emergencia-economica-y-el-gobierno-las-convoca-para-el-martes\/","name":"Varias provincias se declaran en \u201cemergencia econ\u00f3mica\u201d y el Gobierno las convoca para el martes | CVI NOTICIAS","isPartOf":{"@id":"https:\/\/cvinoticias.com\/v3\/#website"},"primaryImageOfPage":{"@id":"https:\/\/cvinoticias.com\/v3\/varias-provincias-se-declaran-en-emergencia-economica-y-el-gobierno-las-convoca-para-el-martes\/#primaryimage"},"image":{"@id":"https:\/\/cvinoticias.com\/v3\/varias-provincias-se-declaran-en-emergencia-economica-y-el-gobierno-las-convoca-para-el-martes\/#primaryimage"},"thumbnailUrl":"https:\/\/cvinoticias.com\/wp-content\/uploads\/2023\/12\/359852_crop_16121_md.jpg","datePublished":"2023-12-15T21:48:50+00:00","breadcrumb":{"@id":"https:\/\/cvinoticias.com\/v3\/varias-provincias-se-declaran-en-emergencia-economica-y-el-gobierno-las-convoca-para-el-martes\/#breadcrumb"},"inLanguage":"es","potentialAction":[{"@type":"ReadAction","target":["https:\/\/cvinoticias.com\/v3\/varias-provincias-se-declaran-en-emergencia-economica-y-el-gobierno-las-convoca-para-el-martes\/"]}]},{"@type":"ImageObject","inLanguage":"es","@id":"https:\/\/cvinoticias.com\/v3\/varias-provincias-se-declaran-en-emergencia-economica-y-el-gobierno-las-convoca-para-el-martes\/#primaryimage","url":"https:\/\/cvinoticias.com\/wp-content\/uploads\/2023\/12\/359852_crop_16121_md.jpg","contentUrl":"https:\/\/cvinoticias.com\/wp-content\/uploads\/2023\/12\/359852_crop_16121_md.jpg","width":600,"height":338},{"@type":"BreadcrumbList","@id":"https:\/\/cvinoticias.com\/v3\/varias-provincias-se-declaran-en-emergencia-economica-y-el-gobierno-las-convoca-para-el-martes\/#breadcrumb","itemListElement":[{"@type":"ListItem","position":1,"name":"Portada","item":"https:\/\/cvinoticias.com\/v3\/"},{"@type":"ListItem","position":2,"name":"Varias provincias se declaran en \u201cemergencia econ\u00f3mica\u201d y el Gobierno las convoca para el martes"}]},{"@type":"WebSite","@id":"https:\/\/cvinoticias.com\/v3\/#website","url":"https:\/\/cvinoticias.com\/v3\/","name":"CVI NOTICIAS","description":"","publisher":{"@id":"https:\/\/cvinoticias.com\/v3\/#organization"},"alternateName":"CVI","potentialAction":[{"@type":"SearchAction","target":{"@type":"EntryPoint","urlTemplate":"https:\/\/cvinoticias.com\/v3\/?s={search_term_string}"},"query-input":{"@type":"PropertyValueSpecification","valueRequired":true,"valueName":"search_term_string"}}],"inLanguage":"es"},{"@type":"Organization","@id":"https:\/\/cvinoticias.com\/v3\/#organization","name":"CVI NOTICIAS","url":"https:\/\/cvinoticias.com\/v3\/","logo":{"@type":"ImageObject","inLanguage":"es","@id":"https:\/\/cvinoticias.com\/v3\/#\/schema\/logo\/image\/","url":"https:\/\/cvinoticias.com\/wp-content\/uploads\/2023\/04\/cropped-cropped-cropped-cropped-cropped-3-1.png","contentUrl":"https:\/\/cvinoticias.com\/wp-content\/uploads\/2023\/04\/cropped-cropped-cropped-cropped-cropped-3-1.png","width":95,"height":122,"caption":"CVI NOTICIAS"},"image":{"@id":"https:\/\/cvinoticias.com\/v3\/#\/schema\/logo\/image\/"},"sameAs":["https:\/\/www.facebook.com\/cvinoticias","https:\/\/www.instagram.com\/cvinoticias\/","https:\/\/www.youtube.com\/@CVINOTICIAS"]},{"@type":"Person","@id":"https:\/\/cvinoticias.com\/v3\/#\/schema\/person\/2db77e3c6bc03c538495d7b2b8be9b66","name":"f1000024","image":{"@type":"ImageObject","inLanguage":"es","@id":"https:\/\/secure.gravatar.com\/avatar\/d4fe7459cfc51ff5129ce1a732bbef5928568b8092d412ef95611616376bbeed?s=96&d=mm&r=g","url":"https:\/\/secure.gravatar.com\/avatar\/d4fe7459cfc51ff5129ce1a732bbef5928568b8092d412ef95611616376bbeed?s=96&d=mm&r=g","contentUrl":"https:\/\/secure.gravatar.com\/avatar\/d4fe7459cfc51ff5129ce1a732bbef5928568b8092d412ef95611616376bbeed?s=96&d=mm&r=g","caption":"f1000024"},"url":"https:\/\/cvinoticias.com\/v3\/author\/f1000024\/"}]}},"_links":{"self":[{"href":"https:\/\/cvinoticias.com\/v3\/wp-json\/wp\/v2\/posts\/30994","targetHints":{"allow":["GET"]}}],"collection":[{"href":"https:\/\/cvinoticias.com\/v3\/wp-json\/wp\/v2\/posts"}],"about":[{"href":"https:\/\/cvinoticias.com\/v3\/wp-json\/wp\/v2\/types\/post"}],"author":[{"embeddable":true,"href":"https:\/\/cvinoticias.com\/v3\/wp-json\/wp\/v2\/users\/2"}],"replies":[{"embeddable":true,"href":"https:\/\/cvinoticias.com\/v3\/wp-json\/wp\/v2\/comments?post=30994"}],"version-history":[{"count":1,"href":"https:\/\/cvinoticias.com\/v3\/wp-json\/wp\/v2\/posts\/30994\/revisions"}],"predecessor-version":[{"id":30996,"href":"https:\/\/cvinoticias.com\/v3\/wp-json\/wp\/v2\/posts\/30994\/revisions\/30996"}],"wp:featuredmedia":[{"embeddable":true,"href":"https:\/\/cvinoticias.com\/v3\/wp-json\/wp\/v2\/media\/30995"}],"wp:attachment":[{"href":"https:\/\/cvinoticias.com\/v3\/wp-json\/wp\/v2\/media?parent=30994"}],"wp:term":[{"taxonomy":"category","embeddable":true,"href":"https:\/\/cvinoticias.com\/v3\/wp-json\/wp\/v2\/categories?post=30994"},{"taxonomy":"post_tag","embeddable":true,"href":"https:\/\/cvinoticias.com\/v3\/wp-json\/wp\/v2\/tags?post=30994"}],"curies":[{"name":"wp","href":"https:\/\/api.w.org\/{rel}","templated":true}]}}