{"id":30982,"date":"2023-12-15T15:19:16","date_gmt":"2023-12-15T18:19:16","guid":{"rendered":"https:\/\/cvinoticias.com\/v3\/?p=30982"},"modified":"2023-12-15T15:19:16","modified_gmt":"2023-12-15T18:19:16","slug":"milei-ordena-vender-los-aviones-de-ypf-incluido-el-que-usaba-cfk","status":"publish","type":"post","link":"https:\/\/cvinoticias.com\/v3\/milei-ordena-vender-los-aviones-de-ypf-incluido-el-que-usaba-cfk\/","title":{"rendered":"Milei ordena vender los aviones de YPF, incluido el que usaba CFK"},"content":{"rendered":"\n<p><strong><em>Las aeronaves son un Embraer Praetor matr\u00edcula LV-KGJ y otro LearJet, ambos utilizados habitualmente por Cristina Fern\u00e1ndez de Kirchner.<\/em><\/strong><\/p>\n\n\n\n<p>El vocero presidencial, Manuel Adorni, inform\u00f3 hoy que el presidente Javier Milei orden\u00f3 la venta de los dos aviones que figuran entre los activos de la petrolera estatal YPF.<\/p>\n\n\n\n<p>Uno de los aviones, un Embraer Praetor matr\u00edcula LV-KGJ, era utilizado habitualmente por Cristina Fern\u00e1ndez de Kirchner para sus traslados desde Buenos Aires hasta El Calafate durante su mandato como vicepresidente.<\/p>\n\n\n\n<p>\u00abTomamos la decisi\u00f3n de concretar la venta de dos aviones de la empresa YPF haciendo ejercicio de nuestra posici\u00f3n en el directorio de dos aviones que eran utilizados casi con exclusividad por la pol\u00edtica\u2026por los privilegiados que no queremos que est\u00e9n m\u00e1s por supuesto\u00bb, explic\u00f3 Adorni en conferencia de prensa.<\/p>\n\n\n\n<p>La medida se enmarca dentro del plan de austeridad y reducci\u00f3n del gasto p\u00fablico impulsado por la gesti\u00f3n de Milei, que asumi\u00f3 la presidencia el pasado 10 de diciembre.<\/p>\n\n\n\n<p><strong>Detalles del Embraer Praetor<\/strong><\/p>\n\n\n\n<p>El Embraer Praetor es una serie de jets de negocios desarrollada por la compa\u00f1\u00eda brasile\u00f1a Embraer. La serie incluye dos modelos, el Praetor 500 y el Praetor 600, ambos conocidos por su rendimiento excepcional y caracter\u00edsticas de lujo.<\/p>\n\n\n\n<p>Praetor 500: Este modelo es una versi\u00f3n mejorada del Legacy 450. Tiene una capacidad m\u00e1xima de 9 pasajeros y est\u00e1 equipado con motores Honeywell HTF7500E. El Praetor 500 tiene un alcance de aproximadamente 3,250 millas n\u00e1uticas (6,019 km) con cuatro pasajeros.<\/p>\n\n\n\n<p>Praetor 600: Basado en el Legacy 500, el Praetor 600 es ligeramente m\u00e1s grande y ofrece un mayor alcance, capaz de volar hasta 4,018 millas n\u00e1uticas (7,441 km) con cuatro pasajeros. Puede acomodar hasta 12 pasajeros y tambi\u00e9n est\u00e1 equipado con motores Honeywell HTF7500E.<\/p>\n\n\n\n<p>Ambos modelos destacan por sus cabinas espaciosas y lujosas, con comodidades modernas como conectividad Wi-Fi de alta velocidad, sistemas de entretenimiento de \u00faltima generaci\u00f3n y un ambiente de cabina tranquilo.<\/p>\n\n\n\n<p>Adem\u00e1s, ofrecen capacidades avanzadas de avi\u00f3nica y un rendimiento de vuelo impresionante, con una capacidad excepcional para operar en pistas cortas y en condiciones clim\u00e1ticas adversas.<\/p>\n\n\n\n<p>En t\u00e9rminos de dise\u00f1o, los Praetor presentan una est\u00e9tica moderna y elegante, con interiores personalizables para satisfacer las necesidades y gustos de los clientes. Estos jets son una opci\u00f3n popular entre los viajeros de negocios y particulares que buscan eficiencia, confort y lujo en sus viajes a\u00e9reos.<\/p>\n\n\n\n<p><strong>Detalles del Learjet 60XR<\/strong><\/p>\n\n\n\n<p>El Learjet 60XR es un jet privado de negocios desarrollado por Bombardier Aerospace, una evoluci\u00f3n del modelo Learjet 60 original. Este avi\u00f3n es conocido por su combinaci\u00f3n de rendimiento, comodidad y eficiencia. Aqu\u00ed est\u00e1n sus caracter\u00edsticas principales.<\/p>\n\n\n\n<p>Rendimiento y alcance: El Learjet 60XR puede alcanzar una velocidad de crucero de aproximadamente 522 mph (839 km\/h) y tiene un alcance de alrededor de 2,405 millas n\u00e1uticas (4,454 km). Su capacidad para realizar vuelos de medio alcance lo hace adecuado para viajes continentales.<\/p>\n\n\n\n<p>Motores: Est\u00e1 impulsado por dos motores Pratt &amp; Whitney Canada PW305A, que le proporcionan una excelente capacidad de ascenso y una operaci\u00f3n eficiente en t\u00e9rminos de combustible.<\/p>\n\n\n\n<p>Capacidad de pasajeros: Puede acomodar t\u00edpicamente hasta 7-8 pasajeros, aunque la configuraci\u00f3n puede variar. La cabina es espaciosa y dise\u00f1ada para ofrecer comodidad, con asientos de cuero, espacio para las piernas y una configuraci\u00f3n que favorece tanto el trabajo como la relajaci\u00f3n.<\/p>\n\n\n\n<p>Dise\u00f1o de la cabina: El interior del Learjet 60XR es lujoso y funcional. Cuenta con una cabina silenciosa, lo que es una caracter\u00edstica apreciada para los viajes de negocios o de placer. Adem\u00e1s, ofrece facilidades como un peque\u00f1o galley y un ba\u00f1o.<\/p>\n\n\n\n<p>El Learjet 60XR es popular entre los clientes de jets privados por su fiabilidad, comodidad y rendimiento s\u00f3lido, siendo una opci\u00f3n com\u00fan para viajes de negocios y vuelos privados.<\/p>\n","protected":false},"excerpt":{"rendered":"<p>Las aeronaves son un Embraer Praetor matr\u00edcula LV-KGJ y otro LearJet, ambos utilizados habitualmente por Cristina Fern\u00e1ndez de Kirchner. El vocero presidencial, Manuel Adorni, inform\u00f3 hoy que el presidente Javier Milei orden\u00f3 la venta de los dos aviones que figuran entre los activos de la petrolera estatal YPF. Uno de los aviones, un Embraer Praetor [&hellip;]<\/p>\n","protected":false},"author":2,"featured_media":30983,"comment_status":"open","ping_status":"open","sticky":false,"template":"","format":"standard","meta":{"footnotes":""},"categories":[35],"tags":[],"class_list":["post-30982","post","type-post","status-publish","format-standard","has-post-thumbnail","hentry","category-informacion-general"],"yoast_head":"<!-- This site is optimized with the Yoast SEO plugin v27.5 - https:\/\/yoast.com\/product\/yoast-seo-wordpress\/ -->\n<title>Milei ordena vender los aviones de YPF, incluido el que usaba CFK | CVI NOTICIAS<\/title>\n<meta name=\"robots\" content=\"index, follow, max-snippet:-1, max-image-preview:large, max-video-preview:-1\" \/>\n<link rel=\"canonical\" href=\"https:\/\/cvinoticias.com\/v3\/milei-ordena-vender-los-aviones-de-ypf-incluido-el-que-usaba-cfk\/\" \/>\n<meta property=\"og:locale\" content=\"es_ES\" \/>\n<meta property=\"og:type\" content=\"article\" \/>\n<meta property=\"og:title\" content=\"Milei ordena vender los aviones de YPF, incluido el que usaba CFK | CVI NOTICIAS\" \/>\n<meta property=\"og:description\" content=\"Las aeronaves son un Embraer Praetor matr\u00edcula LV-KGJ y otro LearJet, ambos utilizados habitualmente por Cristina Fern\u00e1ndez de Kirchner. El vocero presidencial, Manuel Adorni, inform\u00f3 hoy que el presidente Javier Milei orden\u00f3 la venta de los dos aviones que figuran entre los activos de la petrolera estatal YPF. Uno de los aviones, un Embraer Praetor [&hellip;]\" \/>\n<meta property=\"og:url\" content=\"https:\/\/cvinoticias.com\/v3\/milei-ordena-vender-los-aviones-de-ypf-incluido-el-que-usaba-cfk\/\" \/>\n<meta property=\"og:site_name\" content=\"CVI NOTICIAS\" \/>\n<meta property=\"article:publisher\" content=\"https:\/\/www.facebook.com\/cvinoticias\" \/>\n<meta property=\"article:published_time\" content=\"2023-12-15T18:19:16+00:00\" \/>\n<meta property=\"og:image\" content=\"https:\/\/cvinoticias.com\/wp-content\/uploads\/2023\/12\/360-11-2.jpg\" \/>\n\t<meta property=\"og:image:width\" content=\"640\" \/>\n\t<meta property=\"og:image:height\" content=\"240\" \/>\n\t<meta property=\"og:image:type\" content=\"image\/jpeg\" \/>\n<meta name=\"author\" content=\"f1000024\" \/>\n<meta name=\"twitter:card\" content=\"summary_large_image\" \/>\n<meta name=\"twitter:label1\" content=\"Escrito por\" \/>\n\t<meta name=\"twitter:data1\" content=\"f1000024\" \/>\n\t<meta name=\"twitter:label2\" content=\"Tiempo de lectura\" \/>\n\t<meta name=\"twitter:data2\" content=\"3 minutos\" \/>\n<script type=\"application\/ld+json\" class=\"yoast-schema-graph\">{\"@context\":\"https:\\\/\\\/schema.org\",\"@graph\":[{\"@type\":\"Article\",\"@id\":\"https:\\\/\\\/cvinoticias.com\\\/v3\\\/milei-ordena-vender-los-aviones-de-ypf-incluido-el-que-usaba-cfk\\\/#article\",\"isPartOf\":{\"@id\":\"https:\\\/\\\/cvinoticias.com\\\/v3\\\/milei-ordena-vender-los-aviones-de-ypf-incluido-el-que-usaba-cfk\\\/\"},\"author\":{\"name\":\"f1000024\",\"@id\":\"https:\\\/\\\/cvinoticias.com\\\/v3\\\/#\\\/schema\\\/person\\\/2db77e3c6bc03c538495d7b2b8be9b66\"},\"headline\":\"Milei ordena vender los aviones de YPF, incluido el que usaba CFK\",\"datePublished\":\"2023-12-15T18:19:16+00:00\",\"mainEntityOfPage\":{\"@id\":\"https:\\\/\\\/cvinoticias.com\\\/v3\\\/milei-ordena-vender-los-aviones-de-ypf-incluido-el-que-usaba-cfk\\\/\"},\"wordCount\":661,\"commentCount\":0,\"publisher\":{\"@id\":\"https:\\\/\\\/cvinoticias.com\\\/v3\\\/#organization\"},\"image\":{\"@id\":\"https:\\\/\\\/cvinoticias.com\\\/v3\\\/milei-ordena-vender-los-aviones-de-ypf-incluido-el-que-usaba-cfk\\\/#primaryimage\"},\"thumbnailUrl\":\"https:\\\/\\\/cvinoticias.com\\\/wp-content\\\/uploads\\\/2023\\\/12\\\/360-11-2.jpg\",\"articleSection\":[\"Informaci\u00f3n General\"],\"inLanguage\":\"es\",\"potentialAction\":[{\"@type\":\"CommentAction\",\"name\":\"Comment\",\"target\":[\"https:\\\/\\\/cvinoticias.com\\\/v3\\\/milei-ordena-vender-los-aviones-de-ypf-incluido-el-que-usaba-cfk\\\/#respond\"]}]},{\"@type\":\"WebPage\",\"@id\":\"https:\\\/\\\/cvinoticias.com\\\/v3\\\/milei-ordena-vender-los-aviones-de-ypf-incluido-el-que-usaba-cfk\\\/\",\"url\":\"https:\\\/\\\/cvinoticias.com\\\/v3\\\/milei-ordena-vender-los-aviones-de-ypf-incluido-el-que-usaba-cfk\\\/\",\"name\":\"Milei ordena vender los aviones de YPF, incluido el que usaba CFK | CVI NOTICIAS\",\"isPartOf\":{\"@id\":\"https:\\\/\\\/cvinoticias.com\\\/v3\\\/#website\"},\"primaryImageOfPage\":{\"@id\":\"https:\\\/\\\/cvinoticias.com\\\/v3\\\/milei-ordena-vender-los-aviones-de-ypf-incluido-el-que-usaba-cfk\\\/#primaryimage\"},\"image\":{\"@id\":\"https:\\\/\\\/cvinoticias.com\\\/v3\\\/milei-ordena-vender-los-aviones-de-ypf-incluido-el-que-usaba-cfk\\\/#primaryimage\"},\"thumbnailUrl\":\"https:\\\/\\\/cvinoticias.com\\\/wp-content\\\/uploads\\\/2023\\\/12\\\/360-11-2.jpg\",\"datePublished\":\"2023-12-15T18:19:16+00:00\",\"breadcrumb\":{\"@id\":\"https:\\\/\\\/cvinoticias.com\\\/v3\\\/milei-ordena-vender-los-aviones-de-ypf-incluido-el-que-usaba-cfk\\\/#breadcrumb\"},\"inLanguage\":\"es\",\"potentialAction\":[{\"@type\":\"ReadAction\",\"target\":[\"https:\\\/\\\/cvinoticias.com\\\/v3\\\/milei-ordena-vender-los-aviones-de-ypf-incluido-el-que-usaba-cfk\\\/\"]}]},{\"@type\":\"ImageObject\",\"inLanguage\":\"es\",\"@id\":\"https:\\\/\\\/cvinoticias.com\\\/v3\\\/milei-ordena-vender-los-aviones-de-ypf-incluido-el-que-usaba-cfk\\\/#primaryimage\",\"url\":\"https:\\\/\\\/cvinoticias.com\\\/wp-content\\\/uploads\\\/2023\\\/12\\\/360-11-2.jpg\",\"contentUrl\":\"https:\\\/\\\/cvinoticias.com\\\/wp-content\\\/uploads\\\/2023\\\/12\\\/360-11-2.jpg\",\"width\":640,\"height\":240},{\"@type\":\"BreadcrumbList\",\"@id\":\"https:\\\/\\\/cvinoticias.com\\\/v3\\\/milei-ordena-vender-los-aviones-de-ypf-incluido-el-que-usaba-cfk\\\/#breadcrumb\",\"itemListElement\":[{\"@type\":\"ListItem\",\"position\":1,\"name\":\"Portada\",\"item\":\"https:\\\/\\\/cvinoticias.com\\\/v3\\\/\"},{\"@type\":\"ListItem\",\"position\":2,\"name\":\"Milei ordena vender los aviones de YPF, incluido el que usaba CFK\"}]},{\"@type\":\"WebSite\",\"@id\":\"https:\\\/\\\/cvinoticias.com\\\/v3\\\/#website\",\"url\":\"https:\\\/\\\/cvinoticias.com\\\/v3\\\/\",\"name\":\"CVI NOTICIAS\",\"description\":\"\",\"publisher\":{\"@id\":\"https:\\\/\\\/cvinoticias.com\\\/v3\\\/#organization\"},\"alternateName\":\"CVI\",\"potentialAction\":[{\"@type\":\"SearchAction\",\"target\":{\"@type\":\"EntryPoint\",\"urlTemplate\":\"https:\\\/\\\/cvinoticias.com\\\/v3\\\/?s={search_term_string}\"},\"query-input\":{\"@type\":\"PropertyValueSpecification\",\"valueRequired\":true,\"valueName\":\"search_term_string\"}}],\"inLanguage\":\"es\"},{\"@type\":\"Organization\",\"@id\":\"https:\\\/\\\/cvinoticias.com\\\/v3\\\/#organization\",\"name\":\"CVI NOTICIAS\",\"url\":\"https:\\\/\\\/cvinoticias.com\\\/v3\\\/\",\"logo\":{\"@type\":\"ImageObject\",\"inLanguage\":\"es\",\"@id\":\"https:\\\/\\\/cvinoticias.com\\\/v3\\\/#\\\/schema\\\/logo\\\/image\\\/\",\"url\":\"https:\\\/\\\/cvinoticias.com\\\/wp-content\\\/uploads\\\/2023\\\/04\\\/cropped-cropped-cropped-cropped-cropped-3-1.png\",\"contentUrl\":\"https:\\\/\\\/cvinoticias.com\\\/wp-content\\\/uploads\\\/2023\\\/04\\\/cropped-cropped-cropped-cropped-cropped-3-1.png\",\"width\":95,\"height\":122,\"caption\":\"CVI NOTICIAS\"},\"image\":{\"@id\":\"https:\\\/\\\/cvinoticias.com\\\/v3\\\/#\\\/schema\\\/logo\\\/image\\\/\"},\"sameAs\":[\"https:\\\/\\\/www.facebook.com\\\/cvinoticias\",\"https:\\\/\\\/www.instagram.com\\\/cvinoticias\\\/\",\"https:\\\/\\\/www.youtube.com\\\/@CVINOTICIAS\"]},{\"@type\":\"Person\",\"@id\":\"https:\\\/\\\/cvinoticias.com\\\/v3\\\/#\\\/schema\\\/person\\\/2db77e3c6bc03c538495d7b2b8be9b66\",\"name\":\"f1000024\",\"image\":{\"@type\":\"ImageObject\",\"inLanguage\":\"es\",\"@id\":\"https:\\\/\\\/secure.gravatar.com\\\/avatar\\\/d4fe7459cfc51ff5129ce1a732bbef5928568b8092d412ef95611616376bbeed?s=96&d=mm&r=g\",\"url\":\"https:\\\/\\\/secure.gravatar.com\\\/avatar\\\/d4fe7459cfc51ff5129ce1a732bbef5928568b8092d412ef95611616376bbeed?s=96&d=mm&r=g\",\"contentUrl\":\"https:\\\/\\\/secure.gravatar.com\\\/avatar\\\/d4fe7459cfc51ff5129ce1a732bbef5928568b8092d412ef95611616376bbeed?s=96&d=mm&r=g\",\"caption\":\"f1000024\"},\"url\":\"https:\\\/\\\/cvinoticias.com\\\/v3\\\/author\\\/f1000024\\\/\"}]}<\/script>\n<!-- \/ Yoast SEO plugin. -->","yoast_head_json":{"title":"Milei ordena vender los aviones de YPF, incluido el que usaba CFK | CVI NOTICIAS","robots":{"index":"index","follow":"follow","max-snippet":"max-snippet:-1","max-image-preview":"max-image-preview:large","max-video-preview":"max-video-preview:-1"},"canonical":"https:\/\/cvinoticias.com\/v3\/milei-ordena-vender-los-aviones-de-ypf-incluido-el-que-usaba-cfk\/","og_locale":"es_ES","og_type":"article","og_title":"Milei ordena vender los aviones de YPF, incluido el que usaba CFK | CVI NOTICIAS","og_description":"Las aeronaves son un Embraer Praetor matr\u00edcula LV-KGJ y otro LearJet, ambos utilizados habitualmente por Cristina Fern\u00e1ndez de Kirchner. El vocero presidencial, Manuel Adorni, inform\u00f3 hoy que el presidente Javier Milei orden\u00f3 la venta de los dos aviones que figuran entre los activos de la petrolera estatal YPF. Uno de los aviones, un Embraer Praetor [&hellip;]","og_url":"https:\/\/cvinoticias.com\/v3\/milei-ordena-vender-los-aviones-de-ypf-incluido-el-que-usaba-cfk\/","og_site_name":"CVI NOTICIAS","article_publisher":"https:\/\/www.facebook.com\/cvinoticias","article_published_time":"2023-12-15T18:19:16+00:00","og_image":[{"width":640,"height":240,"url":"https:\/\/cvinoticias.com\/wp-content\/uploads\/2023\/12\/360-11-2.jpg","type":"image\/jpeg"}],"author":"f1000024","twitter_card":"summary_large_image","twitter_misc":{"Escrito por":"f1000024","Tiempo de lectura":"3 minutos"},"schema":{"@context":"https:\/\/schema.org","@graph":[{"@type":"Article","@id":"https:\/\/cvinoticias.com\/v3\/milei-ordena-vender-los-aviones-de-ypf-incluido-el-que-usaba-cfk\/#article","isPartOf":{"@id":"https:\/\/cvinoticias.com\/v3\/milei-ordena-vender-los-aviones-de-ypf-incluido-el-que-usaba-cfk\/"},"author":{"name":"f1000024","@id":"https:\/\/cvinoticias.com\/v3\/#\/schema\/person\/2db77e3c6bc03c538495d7b2b8be9b66"},"headline":"Milei ordena vender los aviones de YPF, incluido el que usaba CFK","datePublished":"2023-12-15T18:19:16+00:00","mainEntityOfPage":{"@id":"https:\/\/cvinoticias.com\/v3\/milei-ordena-vender-los-aviones-de-ypf-incluido-el-que-usaba-cfk\/"},"wordCount":661,"commentCount":0,"publisher":{"@id":"https:\/\/cvinoticias.com\/v3\/#organization"},"image":{"@id":"https:\/\/cvinoticias.com\/v3\/milei-ordena-vender-los-aviones-de-ypf-incluido-el-que-usaba-cfk\/#primaryimage"},"thumbnailUrl":"https:\/\/cvinoticias.com\/wp-content\/uploads\/2023\/12\/360-11-2.jpg","articleSection":["Informaci\u00f3n General"],"inLanguage":"es","potentialAction":[{"@type":"CommentAction","name":"Comment","target":["https:\/\/cvinoticias.com\/v3\/milei-ordena-vender-los-aviones-de-ypf-incluido-el-que-usaba-cfk\/#respond"]}]},{"@type":"WebPage","@id":"https:\/\/cvinoticias.com\/v3\/milei-ordena-vender-los-aviones-de-ypf-incluido-el-que-usaba-cfk\/","url":"https:\/\/cvinoticias.com\/v3\/milei-ordena-vender-los-aviones-de-ypf-incluido-el-que-usaba-cfk\/","name":"Milei ordena vender los aviones de YPF, incluido el que usaba CFK | CVI NOTICIAS","isPartOf":{"@id":"https:\/\/cvinoticias.com\/v3\/#website"},"primaryImageOfPage":{"@id":"https:\/\/cvinoticias.com\/v3\/milei-ordena-vender-los-aviones-de-ypf-incluido-el-que-usaba-cfk\/#primaryimage"},"image":{"@id":"https:\/\/cvinoticias.com\/v3\/milei-ordena-vender-los-aviones-de-ypf-incluido-el-que-usaba-cfk\/#primaryimage"},"thumbnailUrl":"https:\/\/cvinoticias.com\/wp-content\/uploads\/2023\/12\/360-11-2.jpg","datePublished":"2023-12-15T18:19:16+00:00","breadcrumb":{"@id":"https:\/\/cvinoticias.com\/v3\/milei-ordena-vender-los-aviones-de-ypf-incluido-el-que-usaba-cfk\/#breadcrumb"},"inLanguage":"es","potentialAction":[{"@type":"ReadAction","target":["https:\/\/cvinoticias.com\/v3\/milei-ordena-vender-los-aviones-de-ypf-incluido-el-que-usaba-cfk\/"]}]},{"@type":"ImageObject","inLanguage":"es","@id":"https:\/\/cvinoticias.com\/v3\/milei-ordena-vender-los-aviones-de-ypf-incluido-el-que-usaba-cfk\/#primaryimage","url":"https:\/\/cvinoticias.com\/wp-content\/uploads\/2023\/12\/360-11-2.jpg","contentUrl":"https:\/\/cvinoticias.com\/wp-content\/uploads\/2023\/12\/360-11-2.jpg","width":640,"height":240},{"@type":"BreadcrumbList","@id":"https:\/\/cvinoticias.com\/v3\/milei-ordena-vender-los-aviones-de-ypf-incluido-el-que-usaba-cfk\/#breadcrumb","itemListElement":[{"@type":"ListItem","position":1,"name":"Portada","item":"https:\/\/cvinoticias.com\/v3\/"},{"@type":"ListItem","position":2,"name":"Milei ordena vender los aviones de YPF, incluido el que usaba CFK"}]},{"@type":"WebSite","@id":"https:\/\/cvinoticias.com\/v3\/#website","url":"https:\/\/cvinoticias.com\/v3\/","name":"CVI NOTICIAS","description":"","publisher":{"@id":"https:\/\/cvinoticias.com\/v3\/#organization"},"alternateName":"CVI","potentialAction":[{"@type":"SearchAction","target":{"@type":"EntryPoint","urlTemplate":"https:\/\/cvinoticias.com\/v3\/?s={search_term_string}"},"query-input":{"@type":"PropertyValueSpecification","valueRequired":true,"valueName":"search_term_string"}}],"inLanguage":"es"},{"@type":"Organization","@id":"https:\/\/cvinoticias.com\/v3\/#organization","name":"CVI NOTICIAS","url":"https:\/\/cvinoticias.com\/v3\/","logo":{"@type":"ImageObject","inLanguage":"es","@id":"https:\/\/cvinoticias.com\/v3\/#\/schema\/logo\/image\/","url":"https:\/\/cvinoticias.com\/wp-content\/uploads\/2023\/04\/cropped-cropped-cropped-cropped-cropped-3-1.png","contentUrl":"https:\/\/cvinoticias.com\/wp-content\/uploads\/2023\/04\/cropped-cropped-cropped-cropped-cropped-3-1.png","width":95,"height":122,"caption":"CVI NOTICIAS"},"image":{"@id":"https:\/\/cvinoticias.com\/v3\/#\/schema\/logo\/image\/"},"sameAs":["https:\/\/www.facebook.com\/cvinoticias","https:\/\/www.instagram.com\/cvinoticias\/","https:\/\/www.youtube.com\/@CVINOTICIAS"]},{"@type":"Person","@id":"https:\/\/cvinoticias.com\/v3\/#\/schema\/person\/2db77e3c6bc03c538495d7b2b8be9b66","name":"f1000024","image":{"@type":"ImageObject","inLanguage":"es","@id":"https:\/\/secure.gravatar.com\/avatar\/d4fe7459cfc51ff5129ce1a732bbef5928568b8092d412ef95611616376bbeed?s=96&d=mm&r=g","url":"https:\/\/secure.gravatar.com\/avatar\/d4fe7459cfc51ff5129ce1a732bbef5928568b8092d412ef95611616376bbeed?s=96&d=mm&r=g","contentUrl":"https:\/\/secure.gravatar.com\/avatar\/d4fe7459cfc51ff5129ce1a732bbef5928568b8092d412ef95611616376bbeed?s=96&d=mm&r=g","caption":"f1000024"},"url":"https:\/\/cvinoticias.com\/v3\/author\/f1000024\/"}]}},"_links":{"self":[{"href":"https:\/\/cvinoticias.com\/v3\/wp-json\/wp\/v2\/posts\/30982","targetHints":{"allow":["GET"]}}],"collection":[{"href":"https:\/\/cvinoticias.com\/v3\/wp-json\/wp\/v2\/posts"}],"about":[{"href":"https:\/\/cvinoticias.com\/v3\/wp-json\/wp\/v2\/types\/post"}],"author":[{"embeddable":true,"href":"https:\/\/cvinoticias.com\/v3\/wp-json\/wp\/v2\/users\/2"}],"replies":[{"embeddable":true,"href":"https:\/\/cvinoticias.com\/v3\/wp-json\/wp\/v2\/comments?post=30982"}],"version-history":[{"count":1,"href":"https:\/\/cvinoticias.com\/v3\/wp-json\/wp\/v2\/posts\/30982\/revisions"}],"predecessor-version":[{"id":30984,"href":"https:\/\/cvinoticias.com\/v3\/wp-json\/wp\/v2\/posts\/30982\/revisions\/30984"}],"wp:featuredmedia":[{"embeddable":true,"href":"https:\/\/cvinoticias.com\/v3\/wp-json\/wp\/v2\/media\/30983"}],"wp:attachment":[{"href":"https:\/\/cvinoticias.com\/v3\/wp-json\/wp\/v2\/media?parent=30982"}],"wp:term":[{"taxonomy":"category","embeddable":true,"href":"https:\/\/cvinoticias.com\/v3\/wp-json\/wp\/v2\/categories?post=30982"},{"taxonomy":"post_tag","embeddable":true,"href":"https:\/\/cvinoticias.com\/v3\/wp-json\/wp\/v2\/tags?post=30982"}],"curies":[{"name":"wp","href":"https:\/\/api.w.org\/{rel}","templated":true}]}}