{"id":30963,"date":"2023-12-15T02:43:37","date_gmt":"2023-12-15T05:43:37","guid":{"rendered":"https:\/\/cvinoticias.com\/v3\/?p=30963"},"modified":"2023-12-15T02:43:37","modified_gmt":"2023-12-15T05:43:37","slug":"organizaciones-de-izquierda-desafiaron-a-bullrich-y-anunciaron-marcha-a-plaza-de-mayo-con-50-mil-personas-en-la-calle","status":"publish","type":"post","link":"https:\/\/cvinoticias.com\/v3\/organizaciones-de-izquierda-desafiaron-a-bullrich-y-anunciaron-marcha-a-plaza-de-mayo-con-50-mil-personas-en-la-calle\/","title":{"rendered":"Organizaciones de izquierda desafiaron a Bullrich y anunciaron marcha a Plaza de Mayo con \u00ab50 mil personas en la calle\u00bb"},"content":{"rendered":"\n<p><strong><em>Dirigentes del Partido Obrero y del movimiento social Polo Obrero calificaron de \u00abamenaza\u00bb al protocolo contra el corte de v\u00edas de circulaci\u00f3n que anunci\u00f3 la ministra de Seguridad. Confirmaron la movilizaci\u00f3n del 20 de diciembre y expresaron: \u00ab\u00bf50 mil personas pueden marchar por la vereda?\u00bb<\/em><\/strong><\/p>\n\n\n\n<p>Dirigentes del Partido Obrero y del movimiento social Polo Obrero calificaron de \u00abamenaza\u00bb al protocolo contra el corte de v\u00edas de circulaci\u00f3n que anunci\u00f3 la ministra de Seguridad, Patricia Bullrich, y advirtieron que \u00abcuando hay semejante nivel de agresi\u00f3n\u00bb contra los sectores populares \u00abinevitablemente se producen protestas sociales\u00bb.<\/p>\n\n\n\n<p>En una conferencia de prensa convocada para responder los planteos de Bullrich, los referentes del Partido Obrero, Vanina Biasi y Gabriel Solano, y el dirigente del Polo Obrero, Eduardo Belliboni, reivindicaron el \u00abderecho a la protesta\u00bb y se\u00f1alaron que la ministra de Seguridad \u00abno tiene facultad legal\u00bb para impedirlo.<\/p>\n\n\n\n<p>\u00abNosotros consideramos realmente una provocaci\u00f3n los anuncios que ha hecho la ministra Patricia Bullrich\u00bb, reproch\u00f3 Solano en el local porte\u00f1o del Polo Obrero, donde fue convocada la prensa.<\/p>\n\n\n\n<p>M\u00e1s temprano, la ministra de Seguridad hab\u00eda advertido que \u00absi se toma la calle va a haber consecuencias\u00bb durante la presentaci\u00f3n de un \u00abprotocolo para el mantenimiento del orden p\u00fablico\u00bb, que incluir\u00e1 la identificaci\u00f3n de quienes corten arterias, la aplicaci\u00f3n de las leyes que contemplan hasta penas de prisi\u00f3n y el cobro de los gastos por intervenci\u00f3n de las fuerzas de seguridad a las organizaciones que violen la normativa.<\/p>\n\n\n\n<p>En respuesta, Solano se\u00f1al\u00f3 que el ministro de Econom\u00eda , Nicol\u00e1s Caputo, primero anunci\u00f3 \u00abun plan de guerra contra el pueblo\u00bb el martes pasado que, dijo, incluy\u00f3 \u00abdevaluaci\u00f3n significativa, aumento de la nafta del 80%, despidos de empleados p\u00fablicos y amenaza nueva de quitar la movilidad jubilatoria\u00bb.<\/p>\n\n\n\n<p>Y consider\u00f3 a las medidas de Bullrich como un \u00abcomplemento\u00bb de los anuncios de Caputo y una \u00abamenaza\u00bb para los sectores populares.<\/p>\n\n\n\n<p>\u00abNosotros consideramos ilegal (el anuncio de Bullrich). En Argentina existe un derecho a la protesta que est\u00e1 amparado por la Constituci\u00f3n Nacional. Si la ministra quiere suspender las garant\u00edas constitucionales que existen tiene una v\u00eda: mandar (la solicitud) al Congreso para que se declare el Estado de sitio\u00bb, rechaz\u00f3 Solano.<\/p>\n\n\n\n<p>Y ampli\u00f3 que \u00absi no se puede movilizar en la calle, no se puede cortar una v\u00eda, el derecho a la manifestaci\u00f3n queda directamente abolido\u00bb y cuestion\u00f3 que para definir una medida de esa magnitud \u00abBullrich no ha pasado por el Congreso. Por lo tanto, ha atropellado la legislaci\u00f3n vigente, violando la Constituci\u00f3n Nacional\u00bb.<\/p>\n\n\n\n<p>En sinton\u00eda con ese planteo, Belliboni argument\u00f3 que el art\u00edculo 194 del C\u00f3digo Penal, al que hizo referencia Bullrich durante su conferencia de prensa, \u00absolamente lo puede aplicar un juez\u00bb.<\/p>\n\n\n\n<p>Ese art\u00edculo establece que \u00abel que, sin crear una situaci\u00f3n de peligro com\u00fan, impidiere, estorbare o entorpeciere el normal funcionamiento de los transportes por tierra, agua o aire o los servicios p\u00fablicos de comunicaci\u00f3n, de provisi\u00f3n de agua, de electricidad o de sustancias energ\u00e9ticas, ser\u00e1 reprimido con prisi\u00f3n de tres meses a dos a\u00f1os\u00bb.<\/p>\n\n\n\n<p>Los dirigentes reiteraron que el 20 de diciembre habr\u00e1 una manifestaci\u00f3n hacia Plaza de Mayo con \u00abm\u00e1s de 50 organizaciones convocadas\u00bb y que la convocatoria se terminar\u00e1 de definir ma\u00f1ana en una reuni\u00f3n en la sede de la Asociaci\u00f3n Gremial Docente (AGD) de la UBA.<\/p>\n\n\n\n<p>Sobre esa protesta, Belliboni adelant\u00f3 que \u00abprobablemente haya 50 mil personas en la calle\u00bb e ironiz\u00f3 sobre las propuestas de Bullrich: \u00ab\u00bf50 mil personas pueden marchar por la vereda?\u00bb.<\/p>\n\n\n\n<p>Adem\u00e1s, Biasi insisti\u00f3 que los anuncios de Bullrich se realizaron \u00aba los dos d\u00edas\u00bb de las medidas econ\u00f3micas de Caputo y consider\u00f3 que entonces \u00abse est\u00e1 intentando amedrentar al pueblo que tiene que salir a luchar\u00bb.<\/p>\n\n\n\n<p>La Pol\u00edtica Obrera, otro sector dentro de la Izquierda, que lideran Jorge Altamira y Marcelo Ramal, coincidi\u00f3 en que los anuncios de Bullrich se encuentran \u00abpor fuera de la legislaci\u00f3n vigente en relaci\u00f3n a las libertades y al derecho de reuni\u00f3n\u00bb.<\/p>\n\n\n\n<p>\u00abLos anuncios habilitan, no ya al desalojo de manifestaciones o piquetes, sino tambi\u00e9n a impedir el agrupamiento o la llegada de manifestantes a las concentraciones\u00bb, agregaron y criticaron que \u00abla posibilidad de que las fuerzas federales intervengan en la seguridad provincial, como insinu\u00f3 la ministra, la pone fuera de la ley y del orden constitucional\u00bb.<\/p>\n","protected":false},"excerpt":{"rendered":"<p>Dirigentes del Partido Obrero y del movimiento social Polo Obrero calificaron de \u00abamenaza\u00bb al protocolo contra el corte de v\u00edas de circulaci\u00f3n que anunci\u00f3 la ministra de Seguridad. Confirmaron la movilizaci\u00f3n del 20 de diciembre y expresaron: \u00ab\u00bf50 mil personas pueden marchar por la vereda?\u00bb Dirigentes del Partido Obrero y del movimiento social Polo Obrero [&hellip;]<\/p>\n","protected":false},"author":2,"featured_media":30964,"comment_status":"open","ping_status":"open","sticky":false,"template":"","format":"standard","meta":{"footnotes":""},"categories":[35],"tags":[],"class_list":["post-30963","post","type-post","status-publish","format-standard","has-post-thumbnail","hentry","category-informacion-general"],"yoast_head":"<!-- This site is optimized with the Yoast SEO plugin v27.5 - https:\/\/yoast.com\/product\/yoast-seo-wordpress\/ -->\n<title>Organizaciones de izquierda desafiaron a Bullrich y anunciaron marcha a Plaza de Mayo con &quot;50 mil personas en la calle&quot; | CVI NOTICIAS<\/title>\n<meta name=\"robots\" content=\"index, follow, max-snippet:-1, max-image-preview:large, max-video-preview:-1\" \/>\n<link rel=\"canonical\" href=\"https:\/\/cvinoticias.com\/v3\/organizaciones-de-izquierda-desafiaron-a-bullrich-y-anunciaron-marcha-a-plaza-de-mayo-con-50-mil-personas-en-la-calle\/\" \/>\n<meta property=\"og:locale\" content=\"es_ES\" \/>\n<meta property=\"og:type\" content=\"article\" \/>\n<meta property=\"og:title\" content=\"Organizaciones de izquierda desafiaron a Bullrich y anunciaron marcha a Plaza de Mayo con &quot;50 mil personas en la calle&quot; | CVI NOTICIAS\" \/>\n<meta property=\"og:description\" content=\"Dirigentes del Partido Obrero y del movimiento social Polo Obrero calificaron de \u00abamenaza\u00bb al protocolo contra el corte de v\u00edas de circulaci\u00f3n que anunci\u00f3 la ministra de Seguridad. Confirmaron la movilizaci\u00f3n del 20 de diciembre y expresaron: \u00ab\u00bf50 mil personas pueden marchar por la vereda?\u00bb Dirigentes del Partido Obrero y del movimiento social Polo Obrero [&hellip;]\" \/>\n<meta property=\"og:url\" content=\"https:\/\/cvinoticias.com\/v3\/organizaciones-de-izquierda-desafiaron-a-bullrich-y-anunciaron-marcha-a-plaza-de-mayo-con-50-mil-personas-en-la-calle\/\" \/>\n<meta property=\"og:site_name\" content=\"CVI NOTICIAS\" \/>\n<meta property=\"article:publisher\" content=\"https:\/\/www.facebook.com\/cvinoticias\" \/>\n<meta property=\"article:published_time\" content=\"2023-12-15T05:43:37+00:00\" \/>\n<meta property=\"og:image\" content=\"https:\/\/cvinoticias.com\/wp-content\/uploads\/2023\/12\/pox.jpg_529145118.jpg\" \/>\n\t<meta property=\"og:image:width\" content=\"368\" \/>\n\t<meta property=\"og:image:height\" content=\"206\" \/>\n\t<meta property=\"og:image:type\" content=\"image\/jpeg\" \/>\n<meta name=\"author\" content=\"f1000024\" \/>\n<meta name=\"twitter:card\" content=\"summary_large_image\" \/>\n<meta name=\"twitter:label1\" content=\"Escrito por\" \/>\n\t<meta name=\"twitter:data1\" content=\"f1000024\" \/>\n\t<meta name=\"twitter:label2\" content=\"Tiempo de lectura\" \/>\n\t<meta name=\"twitter:data2\" content=\"4 minutos\" \/>\n<script type=\"application\/ld+json\" class=\"yoast-schema-graph\">{\"@context\":\"https:\\\/\\\/schema.org\",\"@graph\":[{\"@type\":\"Article\",\"@id\":\"https:\\\/\\\/cvinoticias.com\\\/v3\\\/organizaciones-de-izquierda-desafiaron-a-bullrich-y-anunciaron-marcha-a-plaza-de-mayo-con-50-mil-personas-en-la-calle\\\/#article\",\"isPartOf\":{\"@id\":\"https:\\\/\\\/cvinoticias.com\\\/v3\\\/organizaciones-de-izquierda-desafiaron-a-bullrich-y-anunciaron-marcha-a-plaza-de-mayo-con-50-mil-personas-en-la-calle\\\/\"},\"author\":{\"name\":\"f1000024\",\"@id\":\"https:\\\/\\\/cvinoticias.com\\\/v3\\\/#\\\/schema\\\/person\\\/2db77e3c6bc03c538495d7b2b8be9b66\"},\"headline\":\"Organizaciones de izquierda desafiaron a Bullrich y anunciaron marcha a Plaza de Mayo con \u00ab50 mil personas en la calle\u00bb\",\"datePublished\":\"2023-12-15T05:43:37+00:00\",\"mainEntityOfPage\":{\"@id\":\"https:\\\/\\\/cvinoticias.com\\\/v3\\\/organizaciones-de-izquierda-desafiaron-a-bullrich-y-anunciaron-marcha-a-plaza-de-mayo-con-50-mil-personas-en-la-calle\\\/\"},\"wordCount\":766,\"commentCount\":0,\"publisher\":{\"@id\":\"https:\\\/\\\/cvinoticias.com\\\/v3\\\/#organization\"},\"image\":{\"@id\":\"https:\\\/\\\/cvinoticias.com\\\/v3\\\/organizaciones-de-izquierda-desafiaron-a-bullrich-y-anunciaron-marcha-a-plaza-de-mayo-con-50-mil-personas-en-la-calle\\\/#primaryimage\"},\"thumbnailUrl\":\"https:\\\/\\\/cvinoticias.com\\\/wp-content\\\/uploads\\\/2023\\\/12\\\/pox.jpg_529145118.jpg\",\"articleSection\":[\"Informaci\u00f3n General\"],\"inLanguage\":\"es\",\"potentialAction\":[{\"@type\":\"CommentAction\",\"name\":\"Comment\",\"target\":[\"https:\\\/\\\/cvinoticias.com\\\/v3\\\/organizaciones-de-izquierda-desafiaron-a-bullrich-y-anunciaron-marcha-a-plaza-de-mayo-con-50-mil-personas-en-la-calle\\\/#respond\"]}]},{\"@type\":\"WebPage\",\"@id\":\"https:\\\/\\\/cvinoticias.com\\\/v3\\\/organizaciones-de-izquierda-desafiaron-a-bullrich-y-anunciaron-marcha-a-plaza-de-mayo-con-50-mil-personas-en-la-calle\\\/\",\"url\":\"https:\\\/\\\/cvinoticias.com\\\/v3\\\/organizaciones-de-izquierda-desafiaron-a-bullrich-y-anunciaron-marcha-a-plaza-de-mayo-con-50-mil-personas-en-la-calle\\\/\",\"name\":\"Organizaciones de izquierda desafiaron a Bullrich y anunciaron marcha a Plaza de Mayo con \\\"50 mil personas en la calle\\\" | CVI NOTICIAS\",\"isPartOf\":{\"@id\":\"https:\\\/\\\/cvinoticias.com\\\/v3\\\/#website\"},\"primaryImageOfPage\":{\"@id\":\"https:\\\/\\\/cvinoticias.com\\\/v3\\\/organizaciones-de-izquierda-desafiaron-a-bullrich-y-anunciaron-marcha-a-plaza-de-mayo-con-50-mil-personas-en-la-calle\\\/#primaryimage\"},\"image\":{\"@id\":\"https:\\\/\\\/cvinoticias.com\\\/v3\\\/organizaciones-de-izquierda-desafiaron-a-bullrich-y-anunciaron-marcha-a-plaza-de-mayo-con-50-mil-personas-en-la-calle\\\/#primaryimage\"},\"thumbnailUrl\":\"https:\\\/\\\/cvinoticias.com\\\/wp-content\\\/uploads\\\/2023\\\/12\\\/pox.jpg_529145118.jpg\",\"datePublished\":\"2023-12-15T05:43:37+00:00\",\"breadcrumb\":{\"@id\":\"https:\\\/\\\/cvinoticias.com\\\/v3\\\/organizaciones-de-izquierda-desafiaron-a-bullrich-y-anunciaron-marcha-a-plaza-de-mayo-con-50-mil-personas-en-la-calle\\\/#breadcrumb\"},\"inLanguage\":\"es\",\"potentialAction\":[{\"@type\":\"ReadAction\",\"target\":[\"https:\\\/\\\/cvinoticias.com\\\/v3\\\/organizaciones-de-izquierda-desafiaron-a-bullrich-y-anunciaron-marcha-a-plaza-de-mayo-con-50-mil-personas-en-la-calle\\\/\"]}]},{\"@type\":\"ImageObject\",\"inLanguage\":\"es\",\"@id\":\"https:\\\/\\\/cvinoticias.com\\\/v3\\\/organizaciones-de-izquierda-desafiaron-a-bullrich-y-anunciaron-marcha-a-plaza-de-mayo-con-50-mil-personas-en-la-calle\\\/#primaryimage\",\"url\":\"https:\\\/\\\/cvinoticias.com\\\/wp-content\\\/uploads\\\/2023\\\/12\\\/pox.jpg_529145118.jpg\",\"contentUrl\":\"https:\\\/\\\/cvinoticias.com\\\/wp-content\\\/uploads\\\/2023\\\/12\\\/pox.jpg_529145118.jpg\",\"width\":368,\"height\":206},{\"@type\":\"BreadcrumbList\",\"@id\":\"https:\\\/\\\/cvinoticias.com\\\/v3\\\/organizaciones-de-izquierda-desafiaron-a-bullrich-y-anunciaron-marcha-a-plaza-de-mayo-con-50-mil-personas-en-la-calle\\\/#breadcrumb\",\"itemListElement\":[{\"@type\":\"ListItem\",\"position\":1,\"name\":\"Portada\",\"item\":\"https:\\\/\\\/cvinoticias.com\\\/v3\\\/\"},{\"@type\":\"ListItem\",\"position\":2,\"name\":\"Organizaciones de izquierda desafiaron a Bullrich y anunciaron marcha a Plaza de Mayo con \u00ab50 mil personas en la calle\u00bb\"}]},{\"@type\":\"WebSite\",\"@id\":\"https:\\\/\\\/cvinoticias.com\\\/v3\\\/#website\",\"url\":\"https:\\\/\\\/cvinoticias.com\\\/v3\\\/\",\"name\":\"CVI NOTICIAS\",\"description\":\"\",\"publisher\":{\"@id\":\"https:\\\/\\\/cvinoticias.com\\\/v3\\\/#organization\"},\"alternateName\":\"CVI\",\"potentialAction\":[{\"@type\":\"SearchAction\",\"target\":{\"@type\":\"EntryPoint\",\"urlTemplate\":\"https:\\\/\\\/cvinoticias.com\\\/v3\\\/?s={search_term_string}\"},\"query-input\":{\"@type\":\"PropertyValueSpecification\",\"valueRequired\":true,\"valueName\":\"search_term_string\"}}],\"inLanguage\":\"es\"},{\"@type\":\"Organization\",\"@id\":\"https:\\\/\\\/cvinoticias.com\\\/v3\\\/#organization\",\"name\":\"CVI NOTICIAS\",\"url\":\"https:\\\/\\\/cvinoticias.com\\\/v3\\\/\",\"logo\":{\"@type\":\"ImageObject\",\"inLanguage\":\"es\",\"@id\":\"https:\\\/\\\/cvinoticias.com\\\/v3\\\/#\\\/schema\\\/logo\\\/image\\\/\",\"url\":\"https:\\\/\\\/cvinoticias.com\\\/wp-content\\\/uploads\\\/2023\\\/04\\\/cropped-cropped-cropped-cropped-cropped-3-1.png\",\"contentUrl\":\"https:\\\/\\\/cvinoticias.com\\\/wp-content\\\/uploads\\\/2023\\\/04\\\/cropped-cropped-cropped-cropped-cropped-3-1.png\",\"width\":95,\"height\":122,\"caption\":\"CVI NOTICIAS\"},\"image\":{\"@id\":\"https:\\\/\\\/cvinoticias.com\\\/v3\\\/#\\\/schema\\\/logo\\\/image\\\/\"},\"sameAs\":[\"https:\\\/\\\/www.facebook.com\\\/cvinoticias\",\"https:\\\/\\\/www.instagram.com\\\/cvinoticias\\\/\",\"https:\\\/\\\/www.youtube.com\\\/@CVINOTICIAS\"]},{\"@type\":\"Person\",\"@id\":\"https:\\\/\\\/cvinoticias.com\\\/v3\\\/#\\\/schema\\\/person\\\/2db77e3c6bc03c538495d7b2b8be9b66\",\"name\":\"f1000024\",\"image\":{\"@type\":\"ImageObject\",\"inLanguage\":\"es\",\"@id\":\"https:\\\/\\\/secure.gravatar.com\\\/avatar\\\/d4fe7459cfc51ff5129ce1a732bbef5928568b8092d412ef95611616376bbeed?s=96&d=mm&r=g\",\"url\":\"https:\\\/\\\/secure.gravatar.com\\\/avatar\\\/d4fe7459cfc51ff5129ce1a732bbef5928568b8092d412ef95611616376bbeed?s=96&d=mm&r=g\",\"contentUrl\":\"https:\\\/\\\/secure.gravatar.com\\\/avatar\\\/d4fe7459cfc51ff5129ce1a732bbef5928568b8092d412ef95611616376bbeed?s=96&d=mm&r=g\",\"caption\":\"f1000024\"},\"url\":\"https:\\\/\\\/cvinoticias.com\\\/v3\\\/author\\\/f1000024\\\/\"}]}<\/script>\n<!-- \/ Yoast SEO plugin. -->","yoast_head_json":{"title":"Organizaciones de izquierda desafiaron a Bullrich y anunciaron marcha a Plaza de Mayo con \"50 mil personas en la calle\" | CVI NOTICIAS","robots":{"index":"index","follow":"follow","max-snippet":"max-snippet:-1","max-image-preview":"max-image-preview:large","max-video-preview":"max-video-preview:-1"},"canonical":"https:\/\/cvinoticias.com\/v3\/organizaciones-de-izquierda-desafiaron-a-bullrich-y-anunciaron-marcha-a-plaza-de-mayo-con-50-mil-personas-en-la-calle\/","og_locale":"es_ES","og_type":"article","og_title":"Organizaciones de izquierda desafiaron a Bullrich y anunciaron marcha a Plaza de Mayo con \"50 mil personas en la calle\" | CVI NOTICIAS","og_description":"Dirigentes del Partido Obrero y del movimiento social Polo Obrero calificaron de \u00abamenaza\u00bb al protocolo contra el corte de v\u00edas de circulaci\u00f3n que anunci\u00f3 la ministra de Seguridad. Confirmaron la movilizaci\u00f3n del 20 de diciembre y expresaron: \u00ab\u00bf50 mil personas pueden marchar por la vereda?\u00bb Dirigentes del Partido Obrero y del movimiento social Polo Obrero [&hellip;]","og_url":"https:\/\/cvinoticias.com\/v3\/organizaciones-de-izquierda-desafiaron-a-bullrich-y-anunciaron-marcha-a-plaza-de-mayo-con-50-mil-personas-en-la-calle\/","og_site_name":"CVI NOTICIAS","article_publisher":"https:\/\/www.facebook.com\/cvinoticias","article_published_time":"2023-12-15T05:43:37+00:00","og_image":[{"width":368,"height":206,"url":"https:\/\/cvinoticias.com\/wp-content\/uploads\/2023\/12\/pox.jpg_529145118.jpg","type":"image\/jpeg"}],"author":"f1000024","twitter_card":"summary_large_image","twitter_misc":{"Escrito por":"f1000024","Tiempo de lectura":"4 minutos"},"schema":{"@context":"https:\/\/schema.org","@graph":[{"@type":"Article","@id":"https:\/\/cvinoticias.com\/v3\/organizaciones-de-izquierda-desafiaron-a-bullrich-y-anunciaron-marcha-a-plaza-de-mayo-con-50-mil-personas-en-la-calle\/#article","isPartOf":{"@id":"https:\/\/cvinoticias.com\/v3\/organizaciones-de-izquierda-desafiaron-a-bullrich-y-anunciaron-marcha-a-plaza-de-mayo-con-50-mil-personas-en-la-calle\/"},"author":{"name":"f1000024","@id":"https:\/\/cvinoticias.com\/v3\/#\/schema\/person\/2db77e3c6bc03c538495d7b2b8be9b66"},"headline":"Organizaciones de izquierda desafiaron a Bullrich y anunciaron marcha a Plaza de Mayo con \u00ab50 mil personas en la calle\u00bb","datePublished":"2023-12-15T05:43:37+00:00","mainEntityOfPage":{"@id":"https:\/\/cvinoticias.com\/v3\/organizaciones-de-izquierda-desafiaron-a-bullrich-y-anunciaron-marcha-a-plaza-de-mayo-con-50-mil-personas-en-la-calle\/"},"wordCount":766,"commentCount":0,"publisher":{"@id":"https:\/\/cvinoticias.com\/v3\/#organization"},"image":{"@id":"https:\/\/cvinoticias.com\/v3\/organizaciones-de-izquierda-desafiaron-a-bullrich-y-anunciaron-marcha-a-plaza-de-mayo-con-50-mil-personas-en-la-calle\/#primaryimage"},"thumbnailUrl":"https:\/\/cvinoticias.com\/wp-content\/uploads\/2023\/12\/pox.jpg_529145118.jpg","articleSection":["Informaci\u00f3n General"],"inLanguage":"es","potentialAction":[{"@type":"CommentAction","name":"Comment","target":["https:\/\/cvinoticias.com\/v3\/organizaciones-de-izquierda-desafiaron-a-bullrich-y-anunciaron-marcha-a-plaza-de-mayo-con-50-mil-personas-en-la-calle\/#respond"]}]},{"@type":"WebPage","@id":"https:\/\/cvinoticias.com\/v3\/organizaciones-de-izquierda-desafiaron-a-bullrich-y-anunciaron-marcha-a-plaza-de-mayo-con-50-mil-personas-en-la-calle\/","url":"https:\/\/cvinoticias.com\/v3\/organizaciones-de-izquierda-desafiaron-a-bullrich-y-anunciaron-marcha-a-plaza-de-mayo-con-50-mil-personas-en-la-calle\/","name":"Organizaciones de izquierda desafiaron a Bullrich y anunciaron marcha a Plaza de Mayo con \"50 mil personas en la calle\" | CVI NOTICIAS","isPartOf":{"@id":"https:\/\/cvinoticias.com\/v3\/#website"},"primaryImageOfPage":{"@id":"https:\/\/cvinoticias.com\/v3\/organizaciones-de-izquierda-desafiaron-a-bullrich-y-anunciaron-marcha-a-plaza-de-mayo-con-50-mil-personas-en-la-calle\/#primaryimage"},"image":{"@id":"https:\/\/cvinoticias.com\/v3\/organizaciones-de-izquierda-desafiaron-a-bullrich-y-anunciaron-marcha-a-plaza-de-mayo-con-50-mil-personas-en-la-calle\/#primaryimage"},"thumbnailUrl":"https:\/\/cvinoticias.com\/wp-content\/uploads\/2023\/12\/pox.jpg_529145118.jpg","datePublished":"2023-12-15T05:43:37+00:00","breadcrumb":{"@id":"https:\/\/cvinoticias.com\/v3\/organizaciones-de-izquierda-desafiaron-a-bullrich-y-anunciaron-marcha-a-plaza-de-mayo-con-50-mil-personas-en-la-calle\/#breadcrumb"},"inLanguage":"es","potentialAction":[{"@type":"ReadAction","target":["https:\/\/cvinoticias.com\/v3\/organizaciones-de-izquierda-desafiaron-a-bullrich-y-anunciaron-marcha-a-plaza-de-mayo-con-50-mil-personas-en-la-calle\/"]}]},{"@type":"ImageObject","inLanguage":"es","@id":"https:\/\/cvinoticias.com\/v3\/organizaciones-de-izquierda-desafiaron-a-bullrich-y-anunciaron-marcha-a-plaza-de-mayo-con-50-mil-personas-en-la-calle\/#primaryimage","url":"https:\/\/cvinoticias.com\/wp-content\/uploads\/2023\/12\/pox.jpg_529145118.jpg","contentUrl":"https:\/\/cvinoticias.com\/wp-content\/uploads\/2023\/12\/pox.jpg_529145118.jpg","width":368,"height":206},{"@type":"BreadcrumbList","@id":"https:\/\/cvinoticias.com\/v3\/organizaciones-de-izquierda-desafiaron-a-bullrich-y-anunciaron-marcha-a-plaza-de-mayo-con-50-mil-personas-en-la-calle\/#breadcrumb","itemListElement":[{"@type":"ListItem","position":1,"name":"Portada","item":"https:\/\/cvinoticias.com\/v3\/"},{"@type":"ListItem","position":2,"name":"Organizaciones de izquierda desafiaron a Bullrich y anunciaron marcha a Plaza de Mayo con \u00ab50 mil personas en la calle\u00bb"}]},{"@type":"WebSite","@id":"https:\/\/cvinoticias.com\/v3\/#website","url":"https:\/\/cvinoticias.com\/v3\/","name":"CVI NOTICIAS","description":"","publisher":{"@id":"https:\/\/cvinoticias.com\/v3\/#organization"},"alternateName":"CVI","potentialAction":[{"@type":"SearchAction","target":{"@type":"EntryPoint","urlTemplate":"https:\/\/cvinoticias.com\/v3\/?s={search_term_string}"},"query-input":{"@type":"PropertyValueSpecification","valueRequired":true,"valueName":"search_term_string"}}],"inLanguage":"es"},{"@type":"Organization","@id":"https:\/\/cvinoticias.com\/v3\/#organization","name":"CVI NOTICIAS","url":"https:\/\/cvinoticias.com\/v3\/","logo":{"@type":"ImageObject","inLanguage":"es","@id":"https:\/\/cvinoticias.com\/v3\/#\/schema\/logo\/image\/","url":"https:\/\/cvinoticias.com\/wp-content\/uploads\/2023\/04\/cropped-cropped-cropped-cropped-cropped-3-1.png","contentUrl":"https:\/\/cvinoticias.com\/wp-content\/uploads\/2023\/04\/cropped-cropped-cropped-cropped-cropped-3-1.png","width":95,"height":122,"caption":"CVI NOTICIAS"},"image":{"@id":"https:\/\/cvinoticias.com\/v3\/#\/schema\/logo\/image\/"},"sameAs":["https:\/\/www.facebook.com\/cvinoticias","https:\/\/www.instagram.com\/cvinoticias\/","https:\/\/www.youtube.com\/@CVINOTICIAS"]},{"@type":"Person","@id":"https:\/\/cvinoticias.com\/v3\/#\/schema\/person\/2db77e3c6bc03c538495d7b2b8be9b66","name":"f1000024","image":{"@type":"ImageObject","inLanguage":"es","@id":"https:\/\/secure.gravatar.com\/avatar\/d4fe7459cfc51ff5129ce1a732bbef5928568b8092d412ef95611616376bbeed?s=96&d=mm&r=g","url":"https:\/\/secure.gravatar.com\/avatar\/d4fe7459cfc51ff5129ce1a732bbef5928568b8092d412ef95611616376bbeed?s=96&d=mm&r=g","contentUrl":"https:\/\/secure.gravatar.com\/avatar\/d4fe7459cfc51ff5129ce1a732bbef5928568b8092d412ef95611616376bbeed?s=96&d=mm&r=g","caption":"f1000024"},"url":"https:\/\/cvinoticias.com\/v3\/author\/f1000024\/"}]}},"_links":{"self":[{"href":"https:\/\/cvinoticias.com\/v3\/wp-json\/wp\/v2\/posts\/30963","targetHints":{"allow":["GET"]}}],"collection":[{"href":"https:\/\/cvinoticias.com\/v3\/wp-json\/wp\/v2\/posts"}],"about":[{"href":"https:\/\/cvinoticias.com\/v3\/wp-json\/wp\/v2\/types\/post"}],"author":[{"embeddable":true,"href":"https:\/\/cvinoticias.com\/v3\/wp-json\/wp\/v2\/users\/2"}],"replies":[{"embeddable":true,"href":"https:\/\/cvinoticias.com\/v3\/wp-json\/wp\/v2\/comments?post=30963"}],"version-history":[{"count":1,"href":"https:\/\/cvinoticias.com\/v3\/wp-json\/wp\/v2\/posts\/30963\/revisions"}],"predecessor-version":[{"id":30965,"href":"https:\/\/cvinoticias.com\/v3\/wp-json\/wp\/v2\/posts\/30963\/revisions\/30965"}],"wp:featuredmedia":[{"embeddable":true,"href":"https:\/\/cvinoticias.com\/v3\/wp-json\/wp\/v2\/media\/30964"}],"wp:attachment":[{"href":"https:\/\/cvinoticias.com\/v3\/wp-json\/wp\/v2\/media?parent=30963"}],"wp:term":[{"taxonomy":"category","embeddable":true,"href":"https:\/\/cvinoticias.com\/v3\/wp-json\/wp\/v2\/categories?post=30963"},{"taxonomy":"post_tag","embeddable":true,"href":"https:\/\/cvinoticias.com\/v3\/wp-json\/wp\/v2\/tags?post=30963"}],"curies":[{"name":"wp","href":"https:\/\/api.w.org\/{rel}","templated":true}]}}