{"id":30960,"date":"2023-12-15T02:30:42","date_gmt":"2023-12-15T05:30:42","guid":{"rendered":"https:\/\/cvinoticias.com\/v3\/?p=30960"},"modified":"2023-12-15T02:30:42","modified_gmt":"2023-12-15T05:30:42","slug":"se-oficializo-el-cierre-del-ministerio-de-las-mujeres-generos-y-diversidad","status":"publish","type":"post","link":"https:\/\/cvinoticias.com\/v3\/se-oficializo-el-cierre-del-ministerio-de-las-mujeres-generos-y-diversidad\/","title":{"rendered":"Se oficializ\u00f3 el cierre del Ministerio de las Mujeres, G\u00e9neros y Diversidad"},"content":{"rendered":"\n<p><strong><em>Finalmente, el presidente Javier Milei firm\u00f3 el pase de esa dependencia nacional a la \u00f3rbita del Ministerio de Capital Humano, que acaba de crear para su Gobierno.<\/em><\/strong><\/p>\n\n\n\n<p>Cuatro a\u00f1os despu\u00e9s de su creaci\u00f3n, el nuevo presidente Javier Milei cerr\u00f3 el Ministerio de las Mujeres, Diversidad y G\u00e9nero, como parte del nuevo diagrama de Gobierno nacional. El mandatario firm\u00f3 la resoluci\u00f3n que luego fue publicada en el Bolet\u00edn Oficial, donde consta que ahora es parte de la cartera de Capital Humano, a cargo de Sandra Viviana Pettovello.<\/p>\n\n\n\n<p>La jura del Gabinete de ministros de Milei se hizo a puertas cerradas pero este lunes sali\u00f3 a la luz por canales oficiales c\u00f3mo qued\u00f3 conformado el Gobierno del libertario. Entre las novedades est\u00e1 la desaparici\u00f3n del Ministerio de las Mujeres, G\u00e9neros y Diversidad que hab\u00eda creado Alberto Fern\u00e1ndez en 2019.<\/p>\n\n\n\n<p>Desde el lunes 11 figura en el sitio oficial de la cartera que se est\u00e1n \u00abactualizando los contenidos del sitio en el marco de la implementaci\u00f3n del Decreto 8\/2023\u00bb, en el cual consta que hay s\u00f3lo nueve ministerios, incluido el de Capital Humano.<\/p>\n\n\n\n<p>Lo que es m\u00e1s, el Ministerio de Capital Humano absorbi\u00f3 tambi\u00e9n las carteras de Educaci\u00f3n, Cultura, Trabajo y Desarrollo Social.<\/p>\n\n\n\n<p>As\u00ed consta en el art\u00edculo 10 de la nueva Ley de Ministerios, en el que se lee que \u00ablos compromisos y obligaciones asumidos por el Ministerio de Educaci\u00f3n, por el Ministerio de Cultura, por el Ministerio de Trabajo, Empleo y Seguridad Social, por el Ministerio de Desarrollo Social y por el Ministerio de las Mujeres, G\u00e9neros y Diversidad estar\u00e1n a cargo del Ministerio de Capital Humano, consider\u00e1ndose transferidos los cr\u00e9ditos presupuestarios, unidades organizativas, bienes, personal con sus cargos y dotaciones vigentes a la fecha, hasta tanto se aprueben las estructuras correspondientes\u00bb.<\/p>\n\n\n\n<p>El Gobierno de Javier Milei comenz\u00f3 con un total de nueve ministerios, que podr\u00edan o no multiplicarse a lo largo de su mandato. Sin embargo, la desaparici\u00f3n del Ministerio de las Mujeres, G\u00e9neros y Diversidad es irreversible porque el flamante mandatario anunci\u00f3 en campa\u00f1a que su objetivo era desarmarlo.<\/p>\n","protected":false},"excerpt":{"rendered":"<p>Finalmente, el presidente Javier Milei firm\u00f3 el pase de esa dependencia nacional a la \u00f3rbita del Ministerio de Capital Humano, que acaba de crear para su Gobierno. Cuatro a\u00f1os despu\u00e9s de su creaci\u00f3n, el nuevo presidente Javier Milei cerr\u00f3 el Ministerio de las Mujeres, Diversidad y G\u00e9nero, como parte del nuevo diagrama de Gobierno nacional. [&hellip;]<\/p>\n","protected":false},"author":2,"featured_media":30961,"comment_status":"open","ping_status":"open","sticky":false,"template":"","format":"standard","meta":{"footnotes":""},"categories":[39],"tags":[],"class_list":["post-30960","post","type-post","status-publish","format-standard","has-post-thumbnail","hentry","category-nacionales"],"yoast_head":"<!-- This site is optimized with the Yoast SEO plugin v27.5 - https:\/\/yoast.com\/product\/yoast-seo-wordpress\/ -->\n<title>Se oficializ\u00f3 el cierre del Ministerio de las Mujeres, G\u00e9neros y Diversidad | CVI NOTICIAS<\/title>\n<meta name=\"robots\" content=\"index, follow, max-snippet:-1, max-image-preview:large, max-video-preview:-1\" \/>\n<link rel=\"canonical\" href=\"https:\/\/cvinoticias.com\/v3\/se-oficializo-el-cierre-del-ministerio-de-las-mujeres-generos-y-diversidad\/\" \/>\n<meta property=\"og:locale\" content=\"es_ES\" \/>\n<meta property=\"og:type\" content=\"article\" \/>\n<meta property=\"og:title\" content=\"Se oficializ\u00f3 el cierre del Ministerio de las Mujeres, G\u00e9neros y Diversidad | CVI NOTICIAS\" \/>\n<meta property=\"og:description\" content=\"Finalmente, el presidente Javier Milei firm\u00f3 el pase de esa dependencia nacional a la \u00f3rbita del Ministerio de Capital Humano, que acaba de crear para su Gobierno. Cuatro a\u00f1os despu\u00e9s de su creaci\u00f3n, el nuevo presidente Javier Milei cerr\u00f3 el Ministerio de las Mujeres, Diversidad y G\u00e9nero, como parte del nuevo diagrama de Gobierno nacional. [&hellip;]\" \/>\n<meta property=\"og:url\" content=\"https:\/\/cvinoticias.com\/v3\/se-oficializo-el-cierre-del-ministerio-de-las-mujeres-generos-y-diversidad\/\" \/>\n<meta property=\"og:site_name\" content=\"CVI NOTICIAS\" \/>\n<meta property=\"article:publisher\" content=\"https:\/\/www.facebook.com\/cvinoticias\" \/>\n<meta property=\"article:published_time\" content=\"2023-12-15T05:30:42+00:00\" \/>\n<meta property=\"og:image\" content=\"https:\/\/cvinoticias.com\/wp-content\/uploads\/2023\/12\/6578811df25e9_800x599.jpg\" \/>\n\t<meta property=\"og:image:width\" content=\"800\" \/>\n\t<meta property=\"og:image:height\" content=\"599\" \/>\n\t<meta property=\"og:image:type\" content=\"image\/jpeg\" \/>\n<meta name=\"author\" content=\"f1000024\" \/>\n<meta name=\"twitter:card\" content=\"summary_large_image\" \/>\n<meta name=\"twitter:label1\" content=\"Escrito por\" \/>\n\t<meta name=\"twitter:data1\" content=\"f1000024\" \/>\n\t<meta name=\"twitter:label2\" content=\"Tiempo de lectura\" \/>\n\t<meta name=\"twitter:data2\" content=\"2 minutos\" \/>\n<script type=\"application\/ld+json\" class=\"yoast-schema-graph\">{\"@context\":\"https:\\\/\\\/schema.org\",\"@graph\":[{\"@type\":\"Article\",\"@id\":\"https:\\\/\\\/cvinoticias.com\\\/v3\\\/se-oficializo-el-cierre-del-ministerio-de-las-mujeres-generos-y-diversidad\\\/#article\",\"isPartOf\":{\"@id\":\"https:\\\/\\\/cvinoticias.com\\\/v3\\\/se-oficializo-el-cierre-del-ministerio-de-las-mujeres-generos-y-diversidad\\\/\"},\"author\":{\"name\":\"f1000024\",\"@id\":\"https:\\\/\\\/cvinoticias.com\\\/v3\\\/#\\\/schema\\\/person\\\/2db77e3c6bc03c538495d7b2b8be9b66\"},\"headline\":\"Se oficializ\u00f3 el cierre del Ministerio de las Mujeres, G\u00e9neros y Diversidad\",\"datePublished\":\"2023-12-15T05:30:42+00:00\",\"mainEntityOfPage\":{\"@id\":\"https:\\\/\\\/cvinoticias.com\\\/v3\\\/se-oficializo-el-cierre-del-ministerio-de-las-mujeres-generos-y-diversidad\\\/\"},\"wordCount\":376,\"commentCount\":0,\"publisher\":{\"@id\":\"https:\\\/\\\/cvinoticias.com\\\/v3\\\/#organization\"},\"image\":{\"@id\":\"https:\\\/\\\/cvinoticias.com\\\/v3\\\/se-oficializo-el-cierre-del-ministerio-de-las-mujeres-generos-y-diversidad\\\/#primaryimage\"},\"thumbnailUrl\":\"https:\\\/\\\/cvinoticias.com\\\/wp-content\\\/uploads\\\/2023\\\/12\\\/6578811df25e9_800x599.jpg\",\"articleSection\":[\"Nacionales\"],\"inLanguage\":\"es\",\"potentialAction\":[{\"@type\":\"CommentAction\",\"name\":\"Comment\",\"target\":[\"https:\\\/\\\/cvinoticias.com\\\/v3\\\/se-oficializo-el-cierre-del-ministerio-de-las-mujeres-generos-y-diversidad\\\/#respond\"]}]},{\"@type\":\"WebPage\",\"@id\":\"https:\\\/\\\/cvinoticias.com\\\/v3\\\/se-oficializo-el-cierre-del-ministerio-de-las-mujeres-generos-y-diversidad\\\/\",\"url\":\"https:\\\/\\\/cvinoticias.com\\\/v3\\\/se-oficializo-el-cierre-del-ministerio-de-las-mujeres-generos-y-diversidad\\\/\",\"name\":\"Se oficializ\u00f3 el cierre del Ministerio de las Mujeres, G\u00e9neros y Diversidad | CVI NOTICIAS\",\"isPartOf\":{\"@id\":\"https:\\\/\\\/cvinoticias.com\\\/v3\\\/#website\"},\"primaryImageOfPage\":{\"@id\":\"https:\\\/\\\/cvinoticias.com\\\/v3\\\/se-oficializo-el-cierre-del-ministerio-de-las-mujeres-generos-y-diversidad\\\/#primaryimage\"},\"image\":{\"@id\":\"https:\\\/\\\/cvinoticias.com\\\/v3\\\/se-oficializo-el-cierre-del-ministerio-de-las-mujeres-generos-y-diversidad\\\/#primaryimage\"},\"thumbnailUrl\":\"https:\\\/\\\/cvinoticias.com\\\/wp-content\\\/uploads\\\/2023\\\/12\\\/6578811df25e9_800x599.jpg\",\"datePublished\":\"2023-12-15T05:30:42+00:00\",\"breadcrumb\":{\"@id\":\"https:\\\/\\\/cvinoticias.com\\\/v3\\\/se-oficializo-el-cierre-del-ministerio-de-las-mujeres-generos-y-diversidad\\\/#breadcrumb\"},\"inLanguage\":\"es\",\"potentialAction\":[{\"@type\":\"ReadAction\",\"target\":[\"https:\\\/\\\/cvinoticias.com\\\/v3\\\/se-oficializo-el-cierre-del-ministerio-de-las-mujeres-generos-y-diversidad\\\/\"]}]},{\"@type\":\"ImageObject\",\"inLanguage\":\"es\",\"@id\":\"https:\\\/\\\/cvinoticias.com\\\/v3\\\/se-oficializo-el-cierre-del-ministerio-de-las-mujeres-generos-y-diversidad\\\/#primaryimage\",\"url\":\"https:\\\/\\\/cvinoticias.com\\\/wp-content\\\/uploads\\\/2023\\\/12\\\/6578811df25e9_800x599.jpg\",\"contentUrl\":\"https:\\\/\\\/cvinoticias.com\\\/wp-content\\\/uploads\\\/2023\\\/12\\\/6578811df25e9_800x599.jpg\",\"width\":800,\"height\":599},{\"@type\":\"BreadcrumbList\",\"@id\":\"https:\\\/\\\/cvinoticias.com\\\/v3\\\/se-oficializo-el-cierre-del-ministerio-de-las-mujeres-generos-y-diversidad\\\/#breadcrumb\",\"itemListElement\":[{\"@type\":\"ListItem\",\"position\":1,\"name\":\"Portada\",\"item\":\"https:\\\/\\\/cvinoticias.com\\\/v3\\\/\"},{\"@type\":\"ListItem\",\"position\":2,\"name\":\"Se oficializ\u00f3 el cierre del Ministerio de las Mujeres, G\u00e9neros y Diversidad\"}]},{\"@type\":\"WebSite\",\"@id\":\"https:\\\/\\\/cvinoticias.com\\\/v3\\\/#website\",\"url\":\"https:\\\/\\\/cvinoticias.com\\\/v3\\\/\",\"name\":\"CVI NOTICIAS\",\"description\":\"\",\"publisher\":{\"@id\":\"https:\\\/\\\/cvinoticias.com\\\/v3\\\/#organization\"},\"alternateName\":\"CVI\",\"potentialAction\":[{\"@type\":\"SearchAction\",\"target\":{\"@type\":\"EntryPoint\",\"urlTemplate\":\"https:\\\/\\\/cvinoticias.com\\\/v3\\\/?s={search_term_string}\"},\"query-input\":{\"@type\":\"PropertyValueSpecification\",\"valueRequired\":true,\"valueName\":\"search_term_string\"}}],\"inLanguage\":\"es\"},{\"@type\":\"Organization\",\"@id\":\"https:\\\/\\\/cvinoticias.com\\\/v3\\\/#organization\",\"name\":\"CVI NOTICIAS\",\"url\":\"https:\\\/\\\/cvinoticias.com\\\/v3\\\/\",\"logo\":{\"@type\":\"ImageObject\",\"inLanguage\":\"es\",\"@id\":\"https:\\\/\\\/cvinoticias.com\\\/v3\\\/#\\\/schema\\\/logo\\\/image\\\/\",\"url\":\"https:\\\/\\\/cvinoticias.com\\\/wp-content\\\/uploads\\\/2023\\\/04\\\/cropped-cropped-cropped-cropped-cropped-3-1.png\",\"contentUrl\":\"https:\\\/\\\/cvinoticias.com\\\/wp-content\\\/uploads\\\/2023\\\/04\\\/cropped-cropped-cropped-cropped-cropped-3-1.png\",\"width\":95,\"height\":122,\"caption\":\"CVI NOTICIAS\"},\"image\":{\"@id\":\"https:\\\/\\\/cvinoticias.com\\\/v3\\\/#\\\/schema\\\/logo\\\/image\\\/\"},\"sameAs\":[\"https:\\\/\\\/www.facebook.com\\\/cvinoticias\",\"https:\\\/\\\/www.instagram.com\\\/cvinoticias\\\/\",\"https:\\\/\\\/www.youtube.com\\\/@CVINOTICIAS\"]},{\"@type\":\"Person\",\"@id\":\"https:\\\/\\\/cvinoticias.com\\\/v3\\\/#\\\/schema\\\/person\\\/2db77e3c6bc03c538495d7b2b8be9b66\",\"name\":\"f1000024\",\"image\":{\"@type\":\"ImageObject\",\"inLanguage\":\"es\",\"@id\":\"https:\\\/\\\/secure.gravatar.com\\\/avatar\\\/d4fe7459cfc51ff5129ce1a732bbef5928568b8092d412ef95611616376bbeed?s=96&d=mm&r=g\",\"url\":\"https:\\\/\\\/secure.gravatar.com\\\/avatar\\\/d4fe7459cfc51ff5129ce1a732bbef5928568b8092d412ef95611616376bbeed?s=96&d=mm&r=g\",\"contentUrl\":\"https:\\\/\\\/secure.gravatar.com\\\/avatar\\\/d4fe7459cfc51ff5129ce1a732bbef5928568b8092d412ef95611616376bbeed?s=96&d=mm&r=g\",\"caption\":\"f1000024\"},\"url\":\"https:\\\/\\\/cvinoticias.com\\\/v3\\\/author\\\/f1000024\\\/\"}]}<\/script>\n<!-- \/ Yoast SEO plugin. -->","yoast_head_json":{"title":"Se oficializ\u00f3 el cierre del Ministerio de las Mujeres, G\u00e9neros y Diversidad | CVI NOTICIAS","robots":{"index":"index","follow":"follow","max-snippet":"max-snippet:-1","max-image-preview":"max-image-preview:large","max-video-preview":"max-video-preview:-1"},"canonical":"https:\/\/cvinoticias.com\/v3\/se-oficializo-el-cierre-del-ministerio-de-las-mujeres-generos-y-diversidad\/","og_locale":"es_ES","og_type":"article","og_title":"Se oficializ\u00f3 el cierre del Ministerio de las Mujeres, G\u00e9neros y Diversidad | CVI NOTICIAS","og_description":"Finalmente, el presidente Javier Milei firm\u00f3 el pase de esa dependencia nacional a la \u00f3rbita del Ministerio de Capital Humano, que acaba de crear para su Gobierno. Cuatro a\u00f1os despu\u00e9s de su creaci\u00f3n, el nuevo presidente Javier Milei cerr\u00f3 el Ministerio de las Mujeres, Diversidad y G\u00e9nero, como parte del nuevo diagrama de Gobierno nacional. [&hellip;]","og_url":"https:\/\/cvinoticias.com\/v3\/se-oficializo-el-cierre-del-ministerio-de-las-mujeres-generos-y-diversidad\/","og_site_name":"CVI NOTICIAS","article_publisher":"https:\/\/www.facebook.com\/cvinoticias","article_published_time":"2023-12-15T05:30:42+00:00","og_image":[{"width":800,"height":599,"url":"https:\/\/cvinoticias.com\/wp-content\/uploads\/2023\/12\/6578811df25e9_800x599.jpg","type":"image\/jpeg"}],"author":"f1000024","twitter_card":"summary_large_image","twitter_misc":{"Escrito por":"f1000024","Tiempo de lectura":"2 minutos"},"schema":{"@context":"https:\/\/schema.org","@graph":[{"@type":"Article","@id":"https:\/\/cvinoticias.com\/v3\/se-oficializo-el-cierre-del-ministerio-de-las-mujeres-generos-y-diversidad\/#article","isPartOf":{"@id":"https:\/\/cvinoticias.com\/v3\/se-oficializo-el-cierre-del-ministerio-de-las-mujeres-generos-y-diversidad\/"},"author":{"name":"f1000024","@id":"https:\/\/cvinoticias.com\/v3\/#\/schema\/person\/2db77e3c6bc03c538495d7b2b8be9b66"},"headline":"Se oficializ\u00f3 el cierre del Ministerio de las Mujeres, G\u00e9neros y Diversidad","datePublished":"2023-12-15T05:30:42+00:00","mainEntityOfPage":{"@id":"https:\/\/cvinoticias.com\/v3\/se-oficializo-el-cierre-del-ministerio-de-las-mujeres-generos-y-diversidad\/"},"wordCount":376,"commentCount":0,"publisher":{"@id":"https:\/\/cvinoticias.com\/v3\/#organization"},"image":{"@id":"https:\/\/cvinoticias.com\/v3\/se-oficializo-el-cierre-del-ministerio-de-las-mujeres-generos-y-diversidad\/#primaryimage"},"thumbnailUrl":"https:\/\/cvinoticias.com\/wp-content\/uploads\/2023\/12\/6578811df25e9_800x599.jpg","articleSection":["Nacionales"],"inLanguage":"es","potentialAction":[{"@type":"CommentAction","name":"Comment","target":["https:\/\/cvinoticias.com\/v3\/se-oficializo-el-cierre-del-ministerio-de-las-mujeres-generos-y-diversidad\/#respond"]}]},{"@type":"WebPage","@id":"https:\/\/cvinoticias.com\/v3\/se-oficializo-el-cierre-del-ministerio-de-las-mujeres-generos-y-diversidad\/","url":"https:\/\/cvinoticias.com\/v3\/se-oficializo-el-cierre-del-ministerio-de-las-mujeres-generos-y-diversidad\/","name":"Se oficializ\u00f3 el cierre del Ministerio de las Mujeres, G\u00e9neros y Diversidad | CVI NOTICIAS","isPartOf":{"@id":"https:\/\/cvinoticias.com\/v3\/#website"},"primaryImageOfPage":{"@id":"https:\/\/cvinoticias.com\/v3\/se-oficializo-el-cierre-del-ministerio-de-las-mujeres-generos-y-diversidad\/#primaryimage"},"image":{"@id":"https:\/\/cvinoticias.com\/v3\/se-oficializo-el-cierre-del-ministerio-de-las-mujeres-generos-y-diversidad\/#primaryimage"},"thumbnailUrl":"https:\/\/cvinoticias.com\/wp-content\/uploads\/2023\/12\/6578811df25e9_800x599.jpg","datePublished":"2023-12-15T05:30:42+00:00","breadcrumb":{"@id":"https:\/\/cvinoticias.com\/v3\/se-oficializo-el-cierre-del-ministerio-de-las-mujeres-generos-y-diversidad\/#breadcrumb"},"inLanguage":"es","potentialAction":[{"@type":"ReadAction","target":["https:\/\/cvinoticias.com\/v3\/se-oficializo-el-cierre-del-ministerio-de-las-mujeres-generos-y-diversidad\/"]}]},{"@type":"ImageObject","inLanguage":"es","@id":"https:\/\/cvinoticias.com\/v3\/se-oficializo-el-cierre-del-ministerio-de-las-mujeres-generos-y-diversidad\/#primaryimage","url":"https:\/\/cvinoticias.com\/wp-content\/uploads\/2023\/12\/6578811df25e9_800x599.jpg","contentUrl":"https:\/\/cvinoticias.com\/wp-content\/uploads\/2023\/12\/6578811df25e9_800x599.jpg","width":800,"height":599},{"@type":"BreadcrumbList","@id":"https:\/\/cvinoticias.com\/v3\/se-oficializo-el-cierre-del-ministerio-de-las-mujeres-generos-y-diversidad\/#breadcrumb","itemListElement":[{"@type":"ListItem","position":1,"name":"Portada","item":"https:\/\/cvinoticias.com\/v3\/"},{"@type":"ListItem","position":2,"name":"Se oficializ\u00f3 el cierre del Ministerio de las Mujeres, G\u00e9neros y Diversidad"}]},{"@type":"WebSite","@id":"https:\/\/cvinoticias.com\/v3\/#website","url":"https:\/\/cvinoticias.com\/v3\/","name":"CVI NOTICIAS","description":"","publisher":{"@id":"https:\/\/cvinoticias.com\/v3\/#organization"},"alternateName":"CVI","potentialAction":[{"@type":"SearchAction","target":{"@type":"EntryPoint","urlTemplate":"https:\/\/cvinoticias.com\/v3\/?s={search_term_string}"},"query-input":{"@type":"PropertyValueSpecification","valueRequired":true,"valueName":"search_term_string"}}],"inLanguage":"es"},{"@type":"Organization","@id":"https:\/\/cvinoticias.com\/v3\/#organization","name":"CVI NOTICIAS","url":"https:\/\/cvinoticias.com\/v3\/","logo":{"@type":"ImageObject","inLanguage":"es","@id":"https:\/\/cvinoticias.com\/v3\/#\/schema\/logo\/image\/","url":"https:\/\/cvinoticias.com\/wp-content\/uploads\/2023\/04\/cropped-cropped-cropped-cropped-cropped-3-1.png","contentUrl":"https:\/\/cvinoticias.com\/wp-content\/uploads\/2023\/04\/cropped-cropped-cropped-cropped-cropped-3-1.png","width":95,"height":122,"caption":"CVI NOTICIAS"},"image":{"@id":"https:\/\/cvinoticias.com\/v3\/#\/schema\/logo\/image\/"},"sameAs":["https:\/\/www.facebook.com\/cvinoticias","https:\/\/www.instagram.com\/cvinoticias\/","https:\/\/www.youtube.com\/@CVINOTICIAS"]},{"@type":"Person","@id":"https:\/\/cvinoticias.com\/v3\/#\/schema\/person\/2db77e3c6bc03c538495d7b2b8be9b66","name":"f1000024","image":{"@type":"ImageObject","inLanguage":"es","@id":"https:\/\/secure.gravatar.com\/avatar\/d4fe7459cfc51ff5129ce1a732bbef5928568b8092d412ef95611616376bbeed?s=96&d=mm&r=g","url":"https:\/\/secure.gravatar.com\/avatar\/d4fe7459cfc51ff5129ce1a732bbef5928568b8092d412ef95611616376bbeed?s=96&d=mm&r=g","contentUrl":"https:\/\/secure.gravatar.com\/avatar\/d4fe7459cfc51ff5129ce1a732bbef5928568b8092d412ef95611616376bbeed?s=96&d=mm&r=g","caption":"f1000024"},"url":"https:\/\/cvinoticias.com\/v3\/author\/f1000024\/"}]}},"_links":{"self":[{"href":"https:\/\/cvinoticias.com\/v3\/wp-json\/wp\/v2\/posts\/30960","targetHints":{"allow":["GET"]}}],"collection":[{"href":"https:\/\/cvinoticias.com\/v3\/wp-json\/wp\/v2\/posts"}],"about":[{"href":"https:\/\/cvinoticias.com\/v3\/wp-json\/wp\/v2\/types\/post"}],"author":[{"embeddable":true,"href":"https:\/\/cvinoticias.com\/v3\/wp-json\/wp\/v2\/users\/2"}],"replies":[{"embeddable":true,"href":"https:\/\/cvinoticias.com\/v3\/wp-json\/wp\/v2\/comments?post=30960"}],"version-history":[{"count":1,"href":"https:\/\/cvinoticias.com\/v3\/wp-json\/wp\/v2\/posts\/30960\/revisions"}],"predecessor-version":[{"id":30962,"href":"https:\/\/cvinoticias.com\/v3\/wp-json\/wp\/v2\/posts\/30960\/revisions\/30962"}],"wp:featuredmedia":[{"embeddable":true,"href":"https:\/\/cvinoticias.com\/v3\/wp-json\/wp\/v2\/media\/30961"}],"wp:attachment":[{"href":"https:\/\/cvinoticias.com\/v3\/wp-json\/wp\/v2\/media?parent=30960"}],"wp:term":[{"taxonomy":"category","embeddable":true,"href":"https:\/\/cvinoticias.com\/v3\/wp-json\/wp\/v2\/categories?post=30960"},{"taxonomy":"post_tag","embeddable":true,"href":"https:\/\/cvinoticias.com\/v3\/wp-json\/wp\/v2\/tags?post=30960"}],"curies":[{"name":"wp","href":"https:\/\/api.w.org\/{rel}","templated":true}]}}