{"id":30954,"date":"2023-12-14T17:58:30","date_gmt":"2023-12-14T20:58:30","guid":{"rendered":"https:\/\/cvinoticias.com\/v3\/?p=30954"},"modified":"2023-12-14T17:58:30","modified_gmt":"2023-12-14T20:58:30","slug":"guillermo-michel-renuncio-como-director-de-la-aduana","status":"publish","type":"post","link":"https:\/\/cvinoticias.com\/v3\/guillermo-michel-renuncio-como-director-de-la-aduana\/","title":{"rendered":"Guillermo Michel renunci\u00f3 como director de la Aduana"},"content":{"rendered":"\n<p><strong><em>El funcionario, que se encontraba a cargo de la AFIP de manera interina, present\u00f3 su dimisi\u00f3n luego de la designaci\u00f3n de Florencia Misrahi al frente del ente recaudador.<\/em><\/strong><\/p>\n\n\n\n<p>Guillermo Michel renunci\u00f3 a su puesto como director de la Aduana. El funcionario lo dio a conocer a trav\u00e9s de un comunicado en el que aclara que no continuar\u00e1 en el organismo porque abandon\u00f3 la planta permanente en 2019.<\/p>\n\n\n\n<p>\u201cEn virtud del nombramiento de Florencia Misrahi al frente de la Administraci\u00f3n Federal de Ingresos P\u00fablicos (AFIP), Guillermo Michel puso a disposici\u00f3n su renuncia como titular de la Direcci\u00f3n General de Aduanas\u201d, comunic\u00f3 la dependencia.<\/p>\n\n\n\n<p>\u201cLa dimisi\u00f3n fue presentada el d\u00eda de la fecha ya que Michel se encontraba a cargo de la AFIP de manera interina, en el marco de la responsabilidad institucional de mantener el organismo en funcionamiento. Asimismo, seguir\u00e1 al frente de la Aduana hasta que designen a su reemplazo. Una vez aceptada la renuncia, Michel no continuar\u00e1 en el organismo ya que en julio del 2019 renunci\u00f3 a la planta permanente del mismo\u201d, agreg\u00f3.<\/p>\n\n\n\n<p>Abogado, contador y de extensa trayectoria en la AFIP, Michel se mantuvo como titular de la Aduana, organismo estrat\u00e9gico, en estos primeros d\u00edas del Gobierno de Javier Milei. Hab\u00eda quedado a cago del mismo a mediados de 2022 y su perfil se volvi\u00f3 alt\u00edsimo. Seg\u00fan hab\u00edan confirmado fuentes oficiales, el funcionario permanecer\u00eda en el cargo hasta que el nuevo Gobierno designara al reemplazante.<\/p>\n\n\n\n<p>Pero aunque trabajaba en un rol interino, su continuidad tambi\u00e9n se analizaba entre las filas del oficialismo. La semana pasada, Milei mantuvo un encuentro de estricta reserva con el ministro de Econom\u00eda saliente y ex candidato a presidente de Uni\u00f3n por la Patria. Seg\u00fan pudo conocer este medio, se trat\u00f3 de una conversaci\u00f3n de transici\u00f3n en la que el libertario manifest\u00f3 su deseo de que contin\u00faen Michel en la Aduana y otros funcionarios, como Marco Lavagna en el Indec. En el massismo deslizaron que se trata de decisiones personales de esos funcionarios.<\/p>\n\n\n\n<p>\u201cPresent\u00e9 a la renuncia porque hoy reci\u00e9n se public\u00f3 la designaci\u00f3n de la nueva titular AFIP. Lo hice facilitar la organizaci\u00f3n del organismo y la implementaci\u00f3n de las medidas del nuevo Gobierno, por una cuesti\u00f3n responsabilidad y para darle continuidad de los actos de gobierno. No pod\u00eda dejar el organismo ac\u00e9falo e inmovilizado, sin firma\u201d, destac\u00f3 Michel en conversaci\u00f3n con Infobae, quien aclar\u00f3 que sigue al frente de la Aduana hasta que se designa su reemplazo. Hasta el momento ten\u00eda a cargo la AFIP, luego de la salida de Carlos Castagneto.<\/p>\n\n\n\n<p>\u201cSeguir\u00e9 en la Aduana con la misma responsabilidad institucional hasta que se me designe un reemplazante\u201d, destac\u00f3.<\/p>\n\n\n\n<p>En un reciente balance de su gesti\u00f3n, Michel hab\u00eda destacado por medo de un comunicado la tarea del personal aduanero en todo el pa\u00eds, asegurando que \u201csin su profesionalismo nada de esto hubiera sido posible. Su compromiso ha sido fundamental para proteger la producci\u00f3n y el empleo nacionales, desde Ushuaia hasta La Quiaca y desde Bernardo de Irigoyen hasta el Paso Dorotea\u201d. Adem\u00e1s, se\u00f1al\u00f3 que \u201clos resultados son producto haber apostado al personal de carrera, con jefaturas que, en promedio, tienen m\u00e1s de 20 a\u00f1os en el organismo\u201d.<\/p>\n\n\n\n<p>En un video que difundi\u00f3 el organismo resalt\u00f3 el control realizado sobre actores que utilizaban la operatoria de comercio exterior para la especulaci\u00f3n financiera: as\u00ed, la Aduana present\u00f3 denuncias por subfacturaci\u00f3n de exportaciones por un monto de USD 1.540 millones y denuncias por sobrefacturaci\u00f3n de importaciones por un total de USD 1.240 millones.<\/p>\n\n\n\n<p>Michel enumer\u00f3 que la Aduana don\u00f3 mercader\u00eda valuada en $4.600 millones, con una hist\u00f3rica donaci\u00f3n de USD 284 millones como hito. Este \u00faltimo punto est\u00e1 vinculado con un causa del Juzgado Nacional en lo Penal Econ\u00f3mico N\u00b0 6, a cargo del juez Marcelo Aguinsky, y tiene que ver mercader\u00eda en infracci\u00f3n consist\u00eda en productos con fraude marcario de marcas como Mattel, Nike, Puma, Levi\u2019s, Converse, The Walt Disney Company y Adidas. \u201cSolo el 22% de la mercader\u00eda involucrada en la causa (cuyo valor asciende a USD 364 millones) fue destruida. Entre lo donado hay juguetes, indumentaria, rollos de tela, art\u00edculos de bazar, de cocina y herramientas, entre otros\u201d, dijo Aduana.<\/p>\n","protected":false},"excerpt":{"rendered":"<p>El funcionario, que se encontraba a cargo de la AFIP de manera interina, present\u00f3 su dimisi\u00f3n luego de la designaci\u00f3n de Florencia Misrahi al frente del ente recaudador. Guillermo Michel renunci\u00f3 a su puesto como director de la Aduana. El funcionario lo dio a conocer a trav\u00e9s de un comunicado en el que aclara que [&hellip;]<\/p>\n","protected":false},"author":2,"featured_media":30955,"comment_status":"open","ping_status":"open","sticky":false,"template":"","format":"standard","meta":{"footnotes":""},"categories":[35],"tags":[],"class_list":["post-30954","post","type-post","status-publish","format-standard","has-post-thumbnail","hentry","category-informacion-general"],"yoast_head":"<!-- This site is optimized with the Yoast SEO plugin v27.5 - https:\/\/yoast.com\/product\/yoast-seo-wordpress\/ -->\n<title>Guillermo Michel renunci\u00f3 como director de la Aduana | CVI NOTICIAS<\/title>\n<meta name=\"robots\" content=\"index, follow, max-snippet:-1, max-image-preview:large, max-video-preview:-1\" \/>\n<link rel=\"canonical\" href=\"https:\/\/cvinoticias.com\/v3\/guillermo-michel-renuncio-como-director-de-la-aduana\/\" \/>\n<meta property=\"og:locale\" content=\"es_ES\" \/>\n<meta property=\"og:type\" content=\"article\" \/>\n<meta property=\"og:title\" content=\"Guillermo Michel renunci\u00f3 como director de la Aduana | CVI NOTICIAS\" \/>\n<meta property=\"og:description\" content=\"El funcionario, que se encontraba a cargo de la AFIP de manera interina, present\u00f3 su dimisi\u00f3n luego de la designaci\u00f3n de Florencia Misrahi al frente del ente recaudador. Guillermo Michel renunci\u00f3 a su puesto como director de la Aduana. El funcionario lo dio a conocer a trav\u00e9s de un comunicado en el que aclara que [&hellip;]\" \/>\n<meta property=\"og:url\" content=\"https:\/\/cvinoticias.com\/v3\/guillermo-michel-renuncio-como-director-de-la-aduana\/\" \/>\n<meta property=\"og:site_name\" content=\"CVI NOTICIAS\" \/>\n<meta property=\"article:publisher\" content=\"https:\/\/www.facebook.com\/cvinoticias\" \/>\n<meta property=\"article:published_time\" content=\"2023-12-14T20:58:30+00:00\" \/>\n<meta property=\"og:image\" content=\"https:\/\/cvinoticias.com\/wp-content\/uploads\/2023\/12\/f608x342-493684_523407_32.jpeg\" \/>\n\t<meta property=\"og:image:width\" content=\"608\" \/>\n\t<meta property=\"og:image:height\" content=\"342\" \/>\n\t<meta property=\"og:image:type\" content=\"image\/jpeg\" \/>\n<meta name=\"author\" content=\"f1000024\" \/>\n<meta name=\"twitter:card\" content=\"summary_large_image\" \/>\n<meta name=\"twitter:label1\" content=\"Escrito por\" \/>\n\t<meta name=\"twitter:data1\" content=\"f1000024\" \/>\n\t<meta name=\"twitter:label2\" content=\"Tiempo de lectura\" \/>\n\t<meta name=\"twitter:data2\" content=\"4 minutos\" \/>\n<script type=\"application\/ld+json\" class=\"yoast-schema-graph\">{\"@context\":\"https:\\\/\\\/schema.org\",\"@graph\":[{\"@type\":\"Article\",\"@id\":\"https:\\\/\\\/cvinoticias.com\\\/v3\\\/guillermo-michel-renuncio-como-director-de-la-aduana\\\/#article\",\"isPartOf\":{\"@id\":\"https:\\\/\\\/cvinoticias.com\\\/v3\\\/guillermo-michel-renuncio-como-director-de-la-aduana\\\/\"},\"author\":{\"name\":\"f1000024\",\"@id\":\"https:\\\/\\\/cvinoticias.com\\\/v3\\\/#\\\/schema\\\/person\\\/2db77e3c6bc03c538495d7b2b8be9b66\"},\"headline\":\"Guillermo Michel renunci\u00f3 como director de la Aduana\",\"datePublished\":\"2023-12-14T20:58:30+00:00\",\"mainEntityOfPage\":{\"@id\":\"https:\\\/\\\/cvinoticias.com\\\/v3\\\/guillermo-michel-renuncio-como-director-de-la-aduana\\\/\"},\"wordCount\":739,\"commentCount\":0,\"publisher\":{\"@id\":\"https:\\\/\\\/cvinoticias.com\\\/v3\\\/#organization\"},\"image\":{\"@id\":\"https:\\\/\\\/cvinoticias.com\\\/v3\\\/guillermo-michel-renuncio-como-director-de-la-aduana\\\/#primaryimage\"},\"thumbnailUrl\":\"https:\\\/\\\/cvinoticias.com\\\/wp-content\\\/uploads\\\/2023\\\/12\\\/f608x342-493684_523407_32.jpeg\",\"articleSection\":[\"Informaci\u00f3n General\"],\"inLanguage\":\"es\",\"potentialAction\":[{\"@type\":\"CommentAction\",\"name\":\"Comment\",\"target\":[\"https:\\\/\\\/cvinoticias.com\\\/v3\\\/guillermo-michel-renuncio-como-director-de-la-aduana\\\/#respond\"]}]},{\"@type\":\"WebPage\",\"@id\":\"https:\\\/\\\/cvinoticias.com\\\/v3\\\/guillermo-michel-renuncio-como-director-de-la-aduana\\\/\",\"url\":\"https:\\\/\\\/cvinoticias.com\\\/v3\\\/guillermo-michel-renuncio-como-director-de-la-aduana\\\/\",\"name\":\"Guillermo Michel renunci\u00f3 como director de la Aduana | CVI NOTICIAS\",\"isPartOf\":{\"@id\":\"https:\\\/\\\/cvinoticias.com\\\/v3\\\/#website\"},\"primaryImageOfPage\":{\"@id\":\"https:\\\/\\\/cvinoticias.com\\\/v3\\\/guillermo-michel-renuncio-como-director-de-la-aduana\\\/#primaryimage\"},\"image\":{\"@id\":\"https:\\\/\\\/cvinoticias.com\\\/v3\\\/guillermo-michel-renuncio-como-director-de-la-aduana\\\/#primaryimage\"},\"thumbnailUrl\":\"https:\\\/\\\/cvinoticias.com\\\/wp-content\\\/uploads\\\/2023\\\/12\\\/f608x342-493684_523407_32.jpeg\",\"datePublished\":\"2023-12-14T20:58:30+00:00\",\"breadcrumb\":{\"@id\":\"https:\\\/\\\/cvinoticias.com\\\/v3\\\/guillermo-michel-renuncio-como-director-de-la-aduana\\\/#breadcrumb\"},\"inLanguage\":\"es\",\"potentialAction\":[{\"@type\":\"ReadAction\",\"target\":[\"https:\\\/\\\/cvinoticias.com\\\/v3\\\/guillermo-michel-renuncio-como-director-de-la-aduana\\\/\"]}]},{\"@type\":\"ImageObject\",\"inLanguage\":\"es\",\"@id\":\"https:\\\/\\\/cvinoticias.com\\\/v3\\\/guillermo-michel-renuncio-como-director-de-la-aduana\\\/#primaryimage\",\"url\":\"https:\\\/\\\/cvinoticias.com\\\/wp-content\\\/uploads\\\/2023\\\/12\\\/f608x342-493684_523407_32.jpeg\",\"contentUrl\":\"https:\\\/\\\/cvinoticias.com\\\/wp-content\\\/uploads\\\/2023\\\/12\\\/f608x342-493684_523407_32.jpeg\",\"width\":608,\"height\":342},{\"@type\":\"BreadcrumbList\",\"@id\":\"https:\\\/\\\/cvinoticias.com\\\/v3\\\/guillermo-michel-renuncio-como-director-de-la-aduana\\\/#breadcrumb\",\"itemListElement\":[{\"@type\":\"ListItem\",\"position\":1,\"name\":\"Portada\",\"item\":\"https:\\\/\\\/cvinoticias.com\\\/v3\\\/\"},{\"@type\":\"ListItem\",\"position\":2,\"name\":\"Guillermo Michel renunci\u00f3 como director de la Aduana\"}]},{\"@type\":\"WebSite\",\"@id\":\"https:\\\/\\\/cvinoticias.com\\\/v3\\\/#website\",\"url\":\"https:\\\/\\\/cvinoticias.com\\\/v3\\\/\",\"name\":\"CVI NOTICIAS\",\"description\":\"\",\"publisher\":{\"@id\":\"https:\\\/\\\/cvinoticias.com\\\/v3\\\/#organization\"},\"alternateName\":\"CVI\",\"potentialAction\":[{\"@type\":\"SearchAction\",\"target\":{\"@type\":\"EntryPoint\",\"urlTemplate\":\"https:\\\/\\\/cvinoticias.com\\\/v3\\\/?s={search_term_string}\"},\"query-input\":{\"@type\":\"PropertyValueSpecification\",\"valueRequired\":true,\"valueName\":\"search_term_string\"}}],\"inLanguage\":\"es\"},{\"@type\":\"Organization\",\"@id\":\"https:\\\/\\\/cvinoticias.com\\\/v3\\\/#organization\",\"name\":\"CVI NOTICIAS\",\"url\":\"https:\\\/\\\/cvinoticias.com\\\/v3\\\/\",\"logo\":{\"@type\":\"ImageObject\",\"inLanguage\":\"es\",\"@id\":\"https:\\\/\\\/cvinoticias.com\\\/v3\\\/#\\\/schema\\\/logo\\\/image\\\/\",\"url\":\"https:\\\/\\\/cvinoticias.com\\\/wp-content\\\/uploads\\\/2023\\\/04\\\/cropped-cropped-cropped-cropped-cropped-3-1.png\",\"contentUrl\":\"https:\\\/\\\/cvinoticias.com\\\/wp-content\\\/uploads\\\/2023\\\/04\\\/cropped-cropped-cropped-cropped-cropped-3-1.png\",\"width\":95,\"height\":122,\"caption\":\"CVI NOTICIAS\"},\"image\":{\"@id\":\"https:\\\/\\\/cvinoticias.com\\\/v3\\\/#\\\/schema\\\/logo\\\/image\\\/\"},\"sameAs\":[\"https:\\\/\\\/www.facebook.com\\\/cvinoticias\",\"https:\\\/\\\/www.instagram.com\\\/cvinoticias\\\/\",\"https:\\\/\\\/www.youtube.com\\\/@CVINOTICIAS\"]},{\"@type\":\"Person\",\"@id\":\"https:\\\/\\\/cvinoticias.com\\\/v3\\\/#\\\/schema\\\/person\\\/2db77e3c6bc03c538495d7b2b8be9b66\",\"name\":\"f1000024\",\"image\":{\"@type\":\"ImageObject\",\"inLanguage\":\"es\",\"@id\":\"https:\\\/\\\/secure.gravatar.com\\\/avatar\\\/d4fe7459cfc51ff5129ce1a732bbef5928568b8092d412ef95611616376bbeed?s=96&d=mm&r=g\",\"url\":\"https:\\\/\\\/secure.gravatar.com\\\/avatar\\\/d4fe7459cfc51ff5129ce1a732bbef5928568b8092d412ef95611616376bbeed?s=96&d=mm&r=g\",\"contentUrl\":\"https:\\\/\\\/secure.gravatar.com\\\/avatar\\\/d4fe7459cfc51ff5129ce1a732bbef5928568b8092d412ef95611616376bbeed?s=96&d=mm&r=g\",\"caption\":\"f1000024\"},\"url\":\"https:\\\/\\\/cvinoticias.com\\\/v3\\\/author\\\/f1000024\\\/\"}]}<\/script>\n<!-- \/ Yoast SEO plugin. -->","yoast_head_json":{"title":"Guillermo Michel renunci\u00f3 como director de la Aduana | CVI NOTICIAS","robots":{"index":"index","follow":"follow","max-snippet":"max-snippet:-1","max-image-preview":"max-image-preview:large","max-video-preview":"max-video-preview:-1"},"canonical":"https:\/\/cvinoticias.com\/v3\/guillermo-michel-renuncio-como-director-de-la-aduana\/","og_locale":"es_ES","og_type":"article","og_title":"Guillermo Michel renunci\u00f3 como director de la Aduana | CVI NOTICIAS","og_description":"El funcionario, que se encontraba a cargo de la AFIP de manera interina, present\u00f3 su dimisi\u00f3n luego de la designaci\u00f3n de Florencia Misrahi al frente del ente recaudador. Guillermo Michel renunci\u00f3 a su puesto como director de la Aduana. El funcionario lo dio a conocer a trav\u00e9s de un comunicado en el que aclara que [&hellip;]","og_url":"https:\/\/cvinoticias.com\/v3\/guillermo-michel-renuncio-como-director-de-la-aduana\/","og_site_name":"CVI NOTICIAS","article_publisher":"https:\/\/www.facebook.com\/cvinoticias","article_published_time":"2023-12-14T20:58:30+00:00","og_image":[{"width":608,"height":342,"url":"https:\/\/cvinoticias.com\/wp-content\/uploads\/2023\/12\/f608x342-493684_523407_32.jpeg","type":"image\/jpeg"}],"author":"f1000024","twitter_card":"summary_large_image","twitter_misc":{"Escrito por":"f1000024","Tiempo de lectura":"4 minutos"},"schema":{"@context":"https:\/\/schema.org","@graph":[{"@type":"Article","@id":"https:\/\/cvinoticias.com\/v3\/guillermo-michel-renuncio-como-director-de-la-aduana\/#article","isPartOf":{"@id":"https:\/\/cvinoticias.com\/v3\/guillermo-michel-renuncio-como-director-de-la-aduana\/"},"author":{"name":"f1000024","@id":"https:\/\/cvinoticias.com\/v3\/#\/schema\/person\/2db77e3c6bc03c538495d7b2b8be9b66"},"headline":"Guillermo Michel renunci\u00f3 como director de la Aduana","datePublished":"2023-12-14T20:58:30+00:00","mainEntityOfPage":{"@id":"https:\/\/cvinoticias.com\/v3\/guillermo-michel-renuncio-como-director-de-la-aduana\/"},"wordCount":739,"commentCount":0,"publisher":{"@id":"https:\/\/cvinoticias.com\/v3\/#organization"},"image":{"@id":"https:\/\/cvinoticias.com\/v3\/guillermo-michel-renuncio-como-director-de-la-aduana\/#primaryimage"},"thumbnailUrl":"https:\/\/cvinoticias.com\/wp-content\/uploads\/2023\/12\/f608x342-493684_523407_32.jpeg","articleSection":["Informaci\u00f3n General"],"inLanguage":"es","potentialAction":[{"@type":"CommentAction","name":"Comment","target":["https:\/\/cvinoticias.com\/v3\/guillermo-michel-renuncio-como-director-de-la-aduana\/#respond"]}]},{"@type":"WebPage","@id":"https:\/\/cvinoticias.com\/v3\/guillermo-michel-renuncio-como-director-de-la-aduana\/","url":"https:\/\/cvinoticias.com\/v3\/guillermo-michel-renuncio-como-director-de-la-aduana\/","name":"Guillermo Michel renunci\u00f3 como director de la Aduana | CVI NOTICIAS","isPartOf":{"@id":"https:\/\/cvinoticias.com\/v3\/#website"},"primaryImageOfPage":{"@id":"https:\/\/cvinoticias.com\/v3\/guillermo-michel-renuncio-como-director-de-la-aduana\/#primaryimage"},"image":{"@id":"https:\/\/cvinoticias.com\/v3\/guillermo-michel-renuncio-como-director-de-la-aduana\/#primaryimage"},"thumbnailUrl":"https:\/\/cvinoticias.com\/wp-content\/uploads\/2023\/12\/f608x342-493684_523407_32.jpeg","datePublished":"2023-12-14T20:58:30+00:00","breadcrumb":{"@id":"https:\/\/cvinoticias.com\/v3\/guillermo-michel-renuncio-como-director-de-la-aduana\/#breadcrumb"},"inLanguage":"es","potentialAction":[{"@type":"ReadAction","target":["https:\/\/cvinoticias.com\/v3\/guillermo-michel-renuncio-como-director-de-la-aduana\/"]}]},{"@type":"ImageObject","inLanguage":"es","@id":"https:\/\/cvinoticias.com\/v3\/guillermo-michel-renuncio-como-director-de-la-aduana\/#primaryimage","url":"https:\/\/cvinoticias.com\/wp-content\/uploads\/2023\/12\/f608x342-493684_523407_32.jpeg","contentUrl":"https:\/\/cvinoticias.com\/wp-content\/uploads\/2023\/12\/f608x342-493684_523407_32.jpeg","width":608,"height":342},{"@type":"BreadcrumbList","@id":"https:\/\/cvinoticias.com\/v3\/guillermo-michel-renuncio-como-director-de-la-aduana\/#breadcrumb","itemListElement":[{"@type":"ListItem","position":1,"name":"Portada","item":"https:\/\/cvinoticias.com\/v3\/"},{"@type":"ListItem","position":2,"name":"Guillermo Michel renunci\u00f3 como director de la Aduana"}]},{"@type":"WebSite","@id":"https:\/\/cvinoticias.com\/v3\/#website","url":"https:\/\/cvinoticias.com\/v3\/","name":"CVI NOTICIAS","description":"","publisher":{"@id":"https:\/\/cvinoticias.com\/v3\/#organization"},"alternateName":"CVI","potentialAction":[{"@type":"SearchAction","target":{"@type":"EntryPoint","urlTemplate":"https:\/\/cvinoticias.com\/v3\/?s={search_term_string}"},"query-input":{"@type":"PropertyValueSpecification","valueRequired":true,"valueName":"search_term_string"}}],"inLanguage":"es"},{"@type":"Organization","@id":"https:\/\/cvinoticias.com\/v3\/#organization","name":"CVI NOTICIAS","url":"https:\/\/cvinoticias.com\/v3\/","logo":{"@type":"ImageObject","inLanguage":"es","@id":"https:\/\/cvinoticias.com\/v3\/#\/schema\/logo\/image\/","url":"https:\/\/cvinoticias.com\/wp-content\/uploads\/2023\/04\/cropped-cropped-cropped-cropped-cropped-3-1.png","contentUrl":"https:\/\/cvinoticias.com\/wp-content\/uploads\/2023\/04\/cropped-cropped-cropped-cropped-cropped-3-1.png","width":95,"height":122,"caption":"CVI NOTICIAS"},"image":{"@id":"https:\/\/cvinoticias.com\/v3\/#\/schema\/logo\/image\/"},"sameAs":["https:\/\/www.facebook.com\/cvinoticias","https:\/\/www.instagram.com\/cvinoticias\/","https:\/\/www.youtube.com\/@CVINOTICIAS"]},{"@type":"Person","@id":"https:\/\/cvinoticias.com\/v3\/#\/schema\/person\/2db77e3c6bc03c538495d7b2b8be9b66","name":"f1000024","image":{"@type":"ImageObject","inLanguage":"es","@id":"https:\/\/secure.gravatar.com\/avatar\/d4fe7459cfc51ff5129ce1a732bbef5928568b8092d412ef95611616376bbeed?s=96&d=mm&r=g","url":"https:\/\/secure.gravatar.com\/avatar\/d4fe7459cfc51ff5129ce1a732bbef5928568b8092d412ef95611616376bbeed?s=96&d=mm&r=g","contentUrl":"https:\/\/secure.gravatar.com\/avatar\/d4fe7459cfc51ff5129ce1a732bbef5928568b8092d412ef95611616376bbeed?s=96&d=mm&r=g","caption":"f1000024"},"url":"https:\/\/cvinoticias.com\/v3\/author\/f1000024\/"}]}},"_links":{"self":[{"href":"https:\/\/cvinoticias.com\/v3\/wp-json\/wp\/v2\/posts\/30954","targetHints":{"allow":["GET"]}}],"collection":[{"href":"https:\/\/cvinoticias.com\/v3\/wp-json\/wp\/v2\/posts"}],"about":[{"href":"https:\/\/cvinoticias.com\/v3\/wp-json\/wp\/v2\/types\/post"}],"author":[{"embeddable":true,"href":"https:\/\/cvinoticias.com\/v3\/wp-json\/wp\/v2\/users\/2"}],"replies":[{"embeddable":true,"href":"https:\/\/cvinoticias.com\/v3\/wp-json\/wp\/v2\/comments?post=30954"}],"version-history":[{"count":1,"href":"https:\/\/cvinoticias.com\/v3\/wp-json\/wp\/v2\/posts\/30954\/revisions"}],"predecessor-version":[{"id":30956,"href":"https:\/\/cvinoticias.com\/v3\/wp-json\/wp\/v2\/posts\/30954\/revisions\/30956"}],"wp:featuredmedia":[{"embeddable":true,"href":"https:\/\/cvinoticias.com\/v3\/wp-json\/wp\/v2\/media\/30955"}],"wp:attachment":[{"href":"https:\/\/cvinoticias.com\/v3\/wp-json\/wp\/v2\/media?parent=30954"}],"wp:term":[{"taxonomy":"category","embeddable":true,"href":"https:\/\/cvinoticias.com\/v3\/wp-json\/wp\/v2\/categories?post=30954"},{"taxonomy":"post_tag","embeddable":true,"href":"https:\/\/cvinoticias.com\/v3\/wp-json\/wp\/v2\/tags?post=30954"}],"curies":[{"name":"wp","href":"https:\/\/api.w.org\/{rel}","templated":true}]}}