{"id":30948,"date":"2023-12-14T17:43:53","date_gmt":"2023-12-14T20:43:53","guid":{"rendered":"https:\/\/cvinoticias.com\/v3\/?p=30948"},"modified":"2023-12-14T17:43:53","modified_gmt":"2023-12-14T20:43:53","slug":"patricia-bullrich-presento-su-protocolo-antipiquetes-el-corte-se-termina","status":"publish","type":"post","link":"https:\/\/cvinoticias.com\/v3\/patricia-bullrich-presento-su-protocolo-antipiquetes-el-corte-se-termina\/","title":{"rendered":"Patricia Bullrich present\u00f3 su protocolo antipiquetes: \u00abEl corte se termina\u00bb"},"content":{"rendered":"\n<p><strong><em>La ministra de Seguridad, Patricia Bullrich, anunci\u00f3 hoy el nuevo protocolo que utilizar\u00e1n las fuerzas de seguridad ante las protestas que produzca el ajuste brutal que lleva adelante el gobierno de Javier Milei. As\u00ed, asegur\u00f3 que \u201cse emplear\u00e1 la fuerza suficiente y ser\u00e1 graduada en funci\u00f3n de la resistencia\u201d.<\/em><\/strong><\/p>\n\n\n\n<p>Bullrich inform\u00f3 que las cuatro fuerzas federales del Estado (Polic\u00eda Federal, Gendarmer\u00eda Nacional, Prefectura y la Polic\u00eda de Seguridad Aeroportuaria) estar\u00e1n habilitadas por el nuevo protocolo de seguridad para intervenir en caso de bloqueo de caminos, piquetes o protestas que impidan, total o parcialmente, la circulaci\u00f3n de los ciudadanos. Los piquetes ser\u00e1n tomados as\u00ed como \u201cdelitos in fraganti\u201d, seg\u00fan explic\u00f3 la funcionaria.<\/p>\n\n\n\n<p>\u201cEs necesario que los argentinos sean liberados de los sectores que los extorsionan\u201d, dijo Bullrich y agreg\u00f3: \u201cEl prop\u00f3sito de este protocolo es cumplir la ley. Como dice el Presidente: \u2018el que las hace las paga\u2019\u201d.<\/p>\n\n\n\n<p>Tambi\u00e9n asegur\u00f3 que har\u00e1n vigilancia preventiva para evitar que los grupos logren agruparse para protestar. \u201cEn estaciones de trenes, aquellas personas que vayan con materiales ser\u00e1n incautados: palos, caras tapadas o formas para no ser reconocidos\u201d, dijo Bullrich.<\/p>\n\n\n\n<p>En caso de haber detenciones, desde el Ministerio se pedir\u00e1 la intervenci\u00f3n de la Justicia. \u201cLos datos de los autores, part\u00edcipes, c\u00f3mplices o instigadores ser\u00e1 remitidos a las autoridades competentes. Se le dar\u00e1 aviso al juez competente en caso de da\u00f1o ambiental, algo que sucede es la quema de cubiertas que genera una situaci\u00f3n da\u00f1ina al ambiente y a la gente\u201d, agreg\u00f3.<\/p>\n\n\n\n<p>Por otro lado, en caso de participaci\u00f3n de ni\u00f1os y adolescentes, se dar\u00e1 intervenciones a los organismos competentes y se sancionar\u00e1 a los tutores o quienes los lleven. \u201cLos ni\u00f1os que deben estar en la escuela\u201d, dijo la funcionaria.<\/p>\n\n\n\n<p>Tambi\u00e9n asegur\u00f3 que \u201cpor todos los costos vinculados a los operativos de seguridad, se les enviar\u00e1 la factura las organizaciones o a los individuos responsables. El Estado no va a pagar por el uso de las fuerzas de seguridad. Tendr\u00e1n que pagar las organizaciones que tengan personer\u00eda o los individuos. En caso de tratarse de extranjeros con residencia provisoria, se mandar\u00e1 la informaci\u00f3n a la Direcci\u00f3n Nacional de Migraciones\u201d.<\/p>\n\n\n\n<p>Bullrich habl\u00f3 de una lista donde se anotar\u00e1n las organizaciones que participen en este tipo de hechos y que sistem\u00e1ticamente son los que hacen de voceros de estas manifestaciones.<br>La funcionaria sostuvo que as\u00ed busca abordar de manera m\u00e1s efectiva las manifestaciones que obstaculizan la libre circulaci\u00f3n en v\u00edas p\u00fablicas.<\/p>\n","protected":false},"excerpt":{"rendered":"<p>La ministra de Seguridad, Patricia Bullrich, anunci\u00f3 hoy el nuevo protocolo que utilizar\u00e1n las fuerzas de seguridad ante las protestas que produzca el ajuste brutal que lleva adelante el gobierno de Javier Milei. As\u00ed, asegur\u00f3 que \u201cse emplear\u00e1 la fuerza suficiente y ser\u00e1 graduada en funci\u00f3n de la resistencia\u201d. Bullrich inform\u00f3 que las cuatro fuerzas [&hellip;]<\/p>\n","protected":false},"author":2,"featured_media":30949,"comment_status":"open","ping_status":"open","sticky":false,"template":"","format":"standard","meta":{"footnotes":""},"categories":[39,45],"tags":[],"class_list":["post-30948","post","type-post","status-publish","format-standard","has-post-thumbnail","hentry","category-nacionales","category-seguridad"],"yoast_head":"<!-- This site is optimized with the Yoast SEO plugin v27.4 - https:\/\/yoast.com\/product\/yoast-seo-wordpress\/ -->\n<title>Patricia Bullrich present\u00f3 su protocolo antipiquetes: &quot;El corte se termina&quot; | CVI NOTICIAS<\/title>\n<meta name=\"robots\" content=\"index, follow, max-snippet:-1, max-image-preview:large, max-video-preview:-1\" \/>\n<link rel=\"canonical\" href=\"https:\/\/cvinoticias.com\/v3\/patricia-bullrich-presento-su-protocolo-antipiquetes-el-corte-se-termina\/\" \/>\n<meta property=\"og:locale\" content=\"es_ES\" \/>\n<meta property=\"og:type\" content=\"article\" \/>\n<meta property=\"og:title\" content=\"Patricia Bullrich present\u00f3 su protocolo antipiquetes: &quot;El corte se termina&quot; | CVI NOTICIAS\" \/>\n<meta property=\"og:description\" content=\"La ministra de Seguridad, Patricia Bullrich, anunci\u00f3 hoy el nuevo protocolo que utilizar\u00e1n las fuerzas de seguridad ante las protestas que produzca el ajuste brutal que lleva adelante el gobierno de Javier Milei. As\u00ed, asegur\u00f3 que \u201cse emplear\u00e1 la fuerza suficiente y ser\u00e1 graduada en funci\u00f3n de la resistencia\u201d. Bullrich inform\u00f3 que las cuatro fuerzas [&hellip;]\" \/>\n<meta property=\"og:url\" content=\"https:\/\/cvinoticias.com\/v3\/patricia-bullrich-presento-su-protocolo-antipiquetes-el-corte-se-termina\/\" \/>\n<meta property=\"og:site_name\" content=\"CVI NOTICIAS\" \/>\n<meta property=\"article:publisher\" content=\"https:\/\/www.facebook.com\/cvinoticias\" \/>\n<meta property=\"article:published_time\" content=\"2023-12-14T20:43:53+00:00\" \/>\n<meta property=\"og:image\" content=\"https:\/\/cvinoticias.com\/wp-content\/uploads\/2023\/12\/657b65091788d_800x449.jpg\" \/>\n\t<meta property=\"og:image:width\" content=\"800\" \/>\n\t<meta property=\"og:image:height\" content=\"449\" \/>\n\t<meta property=\"og:image:type\" content=\"image\/jpeg\" \/>\n<meta name=\"author\" content=\"f1000024\" \/>\n<meta name=\"twitter:card\" content=\"summary_large_image\" \/>\n<meta name=\"twitter:label1\" content=\"Escrito por\" \/>\n\t<meta name=\"twitter:data1\" content=\"f1000024\" \/>\n\t<meta name=\"twitter:label2\" content=\"Tiempo de lectura\" \/>\n\t<meta name=\"twitter:data2\" content=\"2 minutos\" \/>\n<script type=\"application\/ld+json\" class=\"yoast-schema-graph\">{\"@context\":\"https:\\\/\\\/schema.org\",\"@graph\":[{\"@type\":\"Article\",\"@id\":\"https:\\\/\\\/cvinoticias.com\\\/v3\\\/patricia-bullrich-presento-su-protocolo-antipiquetes-el-corte-se-termina\\\/#article\",\"isPartOf\":{\"@id\":\"https:\\\/\\\/cvinoticias.com\\\/v3\\\/patricia-bullrich-presento-su-protocolo-antipiquetes-el-corte-se-termina\\\/\"},\"author\":{\"name\":\"f1000024\",\"@id\":\"https:\\\/\\\/cvinoticias.com\\\/v3\\\/#\\\/schema\\\/person\\\/2db77e3c6bc03c538495d7b2b8be9b66\"},\"headline\":\"Patricia Bullrich present\u00f3 su protocolo antipiquetes: \u00abEl corte se termina\u00bb\",\"datePublished\":\"2023-12-14T20:43:53+00:00\",\"mainEntityOfPage\":{\"@id\":\"https:\\\/\\\/cvinoticias.com\\\/v3\\\/patricia-bullrich-presento-su-protocolo-antipiquetes-el-corte-se-termina\\\/\"},\"wordCount\":448,\"commentCount\":0,\"publisher\":{\"@id\":\"https:\\\/\\\/cvinoticias.com\\\/v3\\\/#organization\"},\"image\":{\"@id\":\"https:\\\/\\\/cvinoticias.com\\\/v3\\\/patricia-bullrich-presento-su-protocolo-antipiquetes-el-corte-se-termina\\\/#primaryimage\"},\"thumbnailUrl\":\"https:\\\/\\\/cvinoticias.com\\\/wp-content\\\/uploads\\\/2023\\\/12\\\/657b65091788d_800x449.jpg\",\"articleSection\":[\"Nacionales\",\"Seguridad\"],\"inLanguage\":\"es\",\"potentialAction\":[{\"@type\":\"CommentAction\",\"name\":\"Comment\",\"target\":[\"https:\\\/\\\/cvinoticias.com\\\/v3\\\/patricia-bullrich-presento-su-protocolo-antipiquetes-el-corte-se-termina\\\/#respond\"]}]},{\"@type\":\"WebPage\",\"@id\":\"https:\\\/\\\/cvinoticias.com\\\/v3\\\/patricia-bullrich-presento-su-protocolo-antipiquetes-el-corte-se-termina\\\/\",\"url\":\"https:\\\/\\\/cvinoticias.com\\\/v3\\\/patricia-bullrich-presento-su-protocolo-antipiquetes-el-corte-se-termina\\\/\",\"name\":\"Patricia Bullrich present\u00f3 su protocolo antipiquetes: \\\"El corte se termina\\\" | CVI NOTICIAS\",\"isPartOf\":{\"@id\":\"https:\\\/\\\/cvinoticias.com\\\/v3\\\/#website\"},\"primaryImageOfPage\":{\"@id\":\"https:\\\/\\\/cvinoticias.com\\\/v3\\\/patricia-bullrich-presento-su-protocolo-antipiquetes-el-corte-se-termina\\\/#primaryimage\"},\"image\":{\"@id\":\"https:\\\/\\\/cvinoticias.com\\\/v3\\\/patricia-bullrich-presento-su-protocolo-antipiquetes-el-corte-se-termina\\\/#primaryimage\"},\"thumbnailUrl\":\"https:\\\/\\\/cvinoticias.com\\\/wp-content\\\/uploads\\\/2023\\\/12\\\/657b65091788d_800x449.jpg\",\"datePublished\":\"2023-12-14T20:43:53+00:00\",\"breadcrumb\":{\"@id\":\"https:\\\/\\\/cvinoticias.com\\\/v3\\\/patricia-bullrich-presento-su-protocolo-antipiquetes-el-corte-se-termina\\\/#breadcrumb\"},\"inLanguage\":\"es\",\"potentialAction\":[{\"@type\":\"ReadAction\",\"target\":[\"https:\\\/\\\/cvinoticias.com\\\/v3\\\/patricia-bullrich-presento-su-protocolo-antipiquetes-el-corte-se-termina\\\/\"]}]},{\"@type\":\"ImageObject\",\"inLanguage\":\"es\",\"@id\":\"https:\\\/\\\/cvinoticias.com\\\/v3\\\/patricia-bullrich-presento-su-protocolo-antipiquetes-el-corte-se-termina\\\/#primaryimage\",\"url\":\"https:\\\/\\\/cvinoticias.com\\\/wp-content\\\/uploads\\\/2023\\\/12\\\/657b65091788d_800x449.jpg\",\"contentUrl\":\"https:\\\/\\\/cvinoticias.com\\\/wp-content\\\/uploads\\\/2023\\\/12\\\/657b65091788d_800x449.jpg\",\"width\":800,\"height\":449},{\"@type\":\"BreadcrumbList\",\"@id\":\"https:\\\/\\\/cvinoticias.com\\\/v3\\\/patricia-bullrich-presento-su-protocolo-antipiquetes-el-corte-se-termina\\\/#breadcrumb\",\"itemListElement\":[{\"@type\":\"ListItem\",\"position\":1,\"name\":\"Portada\",\"item\":\"https:\\\/\\\/cvinoticias.com\\\/v3\\\/\"},{\"@type\":\"ListItem\",\"position\":2,\"name\":\"Patricia Bullrich present\u00f3 su protocolo antipiquetes: \u00abEl corte se termina\u00bb\"}]},{\"@type\":\"WebSite\",\"@id\":\"https:\\\/\\\/cvinoticias.com\\\/v3\\\/#website\",\"url\":\"https:\\\/\\\/cvinoticias.com\\\/v3\\\/\",\"name\":\"CVI NOTICIAS\",\"description\":\"\",\"publisher\":{\"@id\":\"https:\\\/\\\/cvinoticias.com\\\/v3\\\/#organization\"},\"alternateName\":\"CVI\",\"potentialAction\":[{\"@type\":\"SearchAction\",\"target\":{\"@type\":\"EntryPoint\",\"urlTemplate\":\"https:\\\/\\\/cvinoticias.com\\\/v3\\\/?s={search_term_string}\"},\"query-input\":{\"@type\":\"PropertyValueSpecification\",\"valueRequired\":true,\"valueName\":\"search_term_string\"}}],\"inLanguage\":\"es\"},{\"@type\":\"Organization\",\"@id\":\"https:\\\/\\\/cvinoticias.com\\\/v3\\\/#organization\",\"name\":\"CVI NOTICIAS\",\"url\":\"https:\\\/\\\/cvinoticias.com\\\/v3\\\/\",\"logo\":{\"@type\":\"ImageObject\",\"inLanguage\":\"es\",\"@id\":\"https:\\\/\\\/cvinoticias.com\\\/v3\\\/#\\\/schema\\\/logo\\\/image\\\/\",\"url\":\"https:\\\/\\\/cvinoticias.com\\\/wp-content\\\/uploads\\\/2023\\\/04\\\/cropped-cropped-cropped-cropped-cropped-3-1.png\",\"contentUrl\":\"https:\\\/\\\/cvinoticias.com\\\/wp-content\\\/uploads\\\/2023\\\/04\\\/cropped-cropped-cropped-cropped-cropped-3-1.png\",\"width\":95,\"height\":122,\"caption\":\"CVI NOTICIAS\"},\"image\":{\"@id\":\"https:\\\/\\\/cvinoticias.com\\\/v3\\\/#\\\/schema\\\/logo\\\/image\\\/\"},\"sameAs\":[\"https:\\\/\\\/www.facebook.com\\\/cvinoticias\",\"https:\\\/\\\/www.instagram.com\\\/cvinoticias\\\/\",\"https:\\\/\\\/www.youtube.com\\\/@CVINOTICIAS\"]},{\"@type\":\"Person\",\"@id\":\"https:\\\/\\\/cvinoticias.com\\\/v3\\\/#\\\/schema\\\/person\\\/2db77e3c6bc03c538495d7b2b8be9b66\",\"name\":\"f1000024\",\"image\":{\"@type\":\"ImageObject\",\"inLanguage\":\"es\",\"@id\":\"https:\\\/\\\/secure.gravatar.com\\\/avatar\\\/d4fe7459cfc51ff5129ce1a732bbef5928568b8092d412ef95611616376bbeed?s=96&d=mm&r=g\",\"url\":\"https:\\\/\\\/secure.gravatar.com\\\/avatar\\\/d4fe7459cfc51ff5129ce1a732bbef5928568b8092d412ef95611616376bbeed?s=96&d=mm&r=g\",\"contentUrl\":\"https:\\\/\\\/secure.gravatar.com\\\/avatar\\\/d4fe7459cfc51ff5129ce1a732bbef5928568b8092d412ef95611616376bbeed?s=96&d=mm&r=g\",\"caption\":\"f1000024\"},\"url\":\"https:\\\/\\\/cvinoticias.com\\\/v3\\\/author\\\/f1000024\\\/\"}]}<\/script>\n<!-- \/ Yoast SEO plugin. -->","yoast_head_json":{"title":"Patricia Bullrich present\u00f3 su protocolo antipiquetes: \"El corte se termina\" | CVI NOTICIAS","robots":{"index":"index","follow":"follow","max-snippet":"max-snippet:-1","max-image-preview":"max-image-preview:large","max-video-preview":"max-video-preview:-1"},"canonical":"https:\/\/cvinoticias.com\/v3\/patricia-bullrich-presento-su-protocolo-antipiquetes-el-corte-se-termina\/","og_locale":"es_ES","og_type":"article","og_title":"Patricia Bullrich present\u00f3 su protocolo antipiquetes: \"El corte se termina\" | CVI NOTICIAS","og_description":"La ministra de Seguridad, Patricia Bullrich, anunci\u00f3 hoy el nuevo protocolo que utilizar\u00e1n las fuerzas de seguridad ante las protestas que produzca el ajuste brutal que lleva adelante el gobierno de Javier Milei. As\u00ed, asegur\u00f3 que \u201cse emplear\u00e1 la fuerza suficiente y ser\u00e1 graduada en funci\u00f3n de la resistencia\u201d. Bullrich inform\u00f3 que las cuatro fuerzas [&hellip;]","og_url":"https:\/\/cvinoticias.com\/v3\/patricia-bullrich-presento-su-protocolo-antipiquetes-el-corte-se-termina\/","og_site_name":"CVI NOTICIAS","article_publisher":"https:\/\/www.facebook.com\/cvinoticias","article_published_time":"2023-12-14T20:43:53+00:00","og_image":[{"width":800,"height":449,"url":"https:\/\/cvinoticias.com\/wp-content\/uploads\/2023\/12\/657b65091788d_800x449.jpg","type":"image\/jpeg"}],"author":"f1000024","twitter_card":"summary_large_image","twitter_misc":{"Escrito por":"f1000024","Tiempo de lectura":"2 minutos"},"schema":{"@context":"https:\/\/schema.org","@graph":[{"@type":"Article","@id":"https:\/\/cvinoticias.com\/v3\/patricia-bullrich-presento-su-protocolo-antipiquetes-el-corte-se-termina\/#article","isPartOf":{"@id":"https:\/\/cvinoticias.com\/v3\/patricia-bullrich-presento-su-protocolo-antipiquetes-el-corte-se-termina\/"},"author":{"name":"f1000024","@id":"https:\/\/cvinoticias.com\/v3\/#\/schema\/person\/2db77e3c6bc03c538495d7b2b8be9b66"},"headline":"Patricia Bullrich present\u00f3 su protocolo antipiquetes: \u00abEl corte se termina\u00bb","datePublished":"2023-12-14T20:43:53+00:00","mainEntityOfPage":{"@id":"https:\/\/cvinoticias.com\/v3\/patricia-bullrich-presento-su-protocolo-antipiquetes-el-corte-se-termina\/"},"wordCount":448,"commentCount":0,"publisher":{"@id":"https:\/\/cvinoticias.com\/v3\/#organization"},"image":{"@id":"https:\/\/cvinoticias.com\/v3\/patricia-bullrich-presento-su-protocolo-antipiquetes-el-corte-se-termina\/#primaryimage"},"thumbnailUrl":"https:\/\/cvinoticias.com\/wp-content\/uploads\/2023\/12\/657b65091788d_800x449.jpg","articleSection":["Nacionales","Seguridad"],"inLanguage":"es","potentialAction":[{"@type":"CommentAction","name":"Comment","target":["https:\/\/cvinoticias.com\/v3\/patricia-bullrich-presento-su-protocolo-antipiquetes-el-corte-se-termina\/#respond"]}]},{"@type":"WebPage","@id":"https:\/\/cvinoticias.com\/v3\/patricia-bullrich-presento-su-protocolo-antipiquetes-el-corte-se-termina\/","url":"https:\/\/cvinoticias.com\/v3\/patricia-bullrich-presento-su-protocolo-antipiquetes-el-corte-se-termina\/","name":"Patricia Bullrich present\u00f3 su protocolo antipiquetes: \"El corte se termina\" | CVI NOTICIAS","isPartOf":{"@id":"https:\/\/cvinoticias.com\/v3\/#website"},"primaryImageOfPage":{"@id":"https:\/\/cvinoticias.com\/v3\/patricia-bullrich-presento-su-protocolo-antipiquetes-el-corte-se-termina\/#primaryimage"},"image":{"@id":"https:\/\/cvinoticias.com\/v3\/patricia-bullrich-presento-su-protocolo-antipiquetes-el-corte-se-termina\/#primaryimage"},"thumbnailUrl":"https:\/\/cvinoticias.com\/wp-content\/uploads\/2023\/12\/657b65091788d_800x449.jpg","datePublished":"2023-12-14T20:43:53+00:00","breadcrumb":{"@id":"https:\/\/cvinoticias.com\/v3\/patricia-bullrich-presento-su-protocolo-antipiquetes-el-corte-se-termina\/#breadcrumb"},"inLanguage":"es","potentialAction":[{"@type":"ReadAction","target":["https:\/\/cvinoticias.com\/v3\/patricia-bullrich-presento-su-protocolo-antipiquetes-el-corte-se-termina\/"]}]},{"@type":"ImageObject","inLanguage":"es","@id":"https:\/\/cvinoticias.com\/v3\/patricia-bullrich-presento-su-protocolo-antipiquetes-el-corte-se-termina\/#primaryimage","url":"https:\/\/cvinoticias.com\/wp-content\/uploads\/2023\/12\/657b65091788d_800x449.jpg","contentUrl":"https:\/\/cvinoticias.com\/wp-content\/uploads\/2023\/12\/657b65091788d_800x449.jpg","width":800,"height":449},{"@type":"BreadcrumbList","@id":"https:\/\/cvinoticias.com\/v3\/patricia-bullrich-presento-su-protocolo-antipiquetes-el-corte-se-termina\/#breadcrumb","itemListElement":[{"@type":"ListItem","position":1,"name":"Portada","item":"https:\/\/cvinoticias.com\/v3\/"},{"@type":"ListItem","position":2,"name":"Patricia Bullrich present\u00f3 su protocolo antipiquetes: \u00abEl corte se termina\u00bb"}]},{"@type":"WebSite","@id":"https:\/\/cvinoticias.com\/v3\/#website","url":"https:\/\/cvinoticias.com\/v3\/","name":"CVI NOTICIAS","description":"","publisher":{"@id":"https:\/\/cvinoticias.com\/v3\/#organization"},"alternateName":"CVI","potentialAction":[{"@type":"SearchAction","target":{"@type":"EntryPoint","urlTemplate":"https:\/\/cvinoticias.com\/v3\/?s={search_term_string}"},"query-input":{"@type":"PropertyValueSpecification","valueRequired":true,"valueName":"search_term_string"}}],"inLanguage":"es"},{"@type":"Organization","@id":"https:\/\/cvinoticias.com\/v3\/#organization","name":"CVI NOTICIAS","url":"https:\/\/cvinoticias.com\/v3\/","logo":{"@type":"ImageObject","inLanguage":"es","@id":"https:\/\/cvinoticias.com\/v3\/#\/schema\/logo\/image\/","url":"https:\/\/cvinoticias.com\/wp-content\/uploads\/2023\/04\/cropped-cropped-cropped-cropped-cropped-3-1.png","contentUrl":"https:\/\/cvinoticias.com\/wp-content\/uploads\/2023\/04\/cropped-cropped-cropped-cropped-cropped-3-1.png","width":95,"height":122,"caption":"CVI NOTICIAS"},"image":{"@id":"https:\/\/cvinoticias.com\/v3\/#\/schema\/logo\/image\/"},"sameAs":["https:\/\/www.facebook.com\/cvinoticias","https:\/\/www.instagram.com\/cvinoticias\/","https:\/\/www.youtube.com\/@CVINOTICIAS"]},{"@type":"Person","@id":"https:\/\/cvinoticias.com\/v3\/#\/schema\/person\/2db77e3c6bc03c538495d7b2b8be9b66","name":"f1000024","image":{"@type":"ImageObject","inLanguage":"es","@id":"https:\/\/secure.gravatar.com\/avatar\/d4fe7459cfc51ff5129ce1a732bbef5928568b8092d412ef95611616376bbeed?s=96&d=mm&r=g","url":"https:\/\/secure.gravatar.com\/avatar\/d4fe7459cfc51ff5129ce1a732bbef5928568b8092d412ef95611616376bbeed?s=96&d=mm&r=g","contentUrl":"https:\/\/secure.gravatar.com\/avatar\/d4fe7459cfc51ff5129ce1a732bbef5928568b8092d412ef95611616376bbeed?s=96&d=mm&r=g","caption":"f1000024"},"url":"https:\/\/cvinoticias.com\/v3\/author\/f1000024\/"}]}},"_links":{"self":[{"href":"https:\/\/cvinoticias.com\/v3\/wp-json\/wp\/v2\/posts\/30948","targetHints":{"allow":["GET"]}}],"collection":[{"href":"https:\/\/cvinoticias.com\/v3\/wp-json\/wp\/v2\/posts"}],"about":[{"href":"https:\/\/cvinoticias.com\/v3\/wp-json\/wp\/v2\/types\/post"}],"author":[{"embeddable":true,"href":"https:\/\/cvinoticias.com\/v3\/wp-json\/wp\/v2\/users\/2"}],"replies":[{"embeddable":true,"href":"https:\/\/cvinoticias.com\/v3\/wp-json\/wp\/v2\/comments?post=30948"}],"version-history":[{"count":1,"href":"https:\/\/cvinoticias.com\/v3\/wp-json\/wp\/v2\/posts\/30948\/revisions"}],"predecessor-version":[{"id":30950,"href":"https:\/\/cvinoticias.com\/v3\/wp-json\/wp\/v2\/posts\/30948\/revisions\/30950"}],"wp:featuredmedia":[{"embeddable":true,"href":"https:\/\/cvinoticias.com\/v3\/wp-json\/wp\/v2\/media\/30949"}],"wp:attachment":[{"href":"https:\/\/cvinoticias.com\/v3\/wp-json\/wp\/v2\/media?parent=30948"}],"wp:term":[{"taxonomy":"category","embeddable":true,"href":"https:\/\/cvinoticias.com\/v3\/wp-json\/wp\/v2\/categories?post=30948"},{"taxonomy":"post_tag","embeddable":true,"href":"https:\/\/cvinoticias.com\/v3\/wp-json\/wp\/v2\/tags?post=30948"}],"curies":[{"name":"wp","href":"https:\/\/api.w.org\/{rel}","templated":true}]}}