{"id":30927,"date":"2023-12-14T08:07:08","date_gmt":"2023-12-14T11:07:08","guid":{"rendered":"https:\/\/cvinoticias.com\/v3\/?p=30927"},"modified":"2023-12-14T08:36:51","modified_gmt":"2023-12-14T11:36:51","slug":"el-senor-humberto-pereyra-juro-y-asumio-como-concejal","status":"publish","type":"post","link":"https:\/\/cvinoticias.com\/v3\/el-senor-humberto-pereyra-juro-y-asumio-como-concejal\/","title":{"rendered":"Se realiz\u00f3 la toma de juramento al se\u00f1or Humberto Pereyra"},"content":{"rendered":"\n<p><strong><em>En una sesi\u00f3n extraordinaria del Honorable Concejo Deliberante, se abord\u00f3 el importante tema del pedido de licencia sin goce de haberes presentado por el Concejal Leopoldo Lucas, pedido que fue aceptado por unanimidad.<\/em><\/strong><\/p>\n\n\n\n<p>En la misma sesi\u00f3n preparatoria, se llev\u00f3 a cabo la toma de juramento al pr\u00f3ximo integrante del Concejo, el se\u00f1or Humberto Pereyra, quien asumir\u00e1 en calidad de suplente nato de la lista 900 letra H del Frente Renovador de la Concordia, sub lema \u00abCerca de la Gente\u00bb.<\/p>\n\n\n\n<figure class=\"wp-block-image size-large\"><a href=\"https:\/\/cvinoticias.com\/wp-content\/uploads\/2023\/12\/IMG-20231214-WA0008.jpg\"><img decoding=\"async\" width=\"1024\" height=\"615\" data-src=\"https:\/\/cvinoticias.com\/wp-content\/uploads\/2023\/12\/IMG-20231214-WA0008-1024x615.jpg\" alt=\"\" class=\"wp-image-30929 lazyload\" data-srcset=\"https:\/\/cvinoticias.com\/wp-content\/uploads\/2023\/12\/IMG-20231214-WA0008-1024x615.jpg 1024w, https:\/\/cvinoticias.com\/wp-content\/uploads\/2023\/12\/IMG-20231214-WA0008-300x180.jpg 300w, https:\/\/cvinoticias.com\/wp-content\/uploads\/2023\/12\/IMG-20231214-WA0008-768x461.jpg 768w, https:\/\/cvinoticias.com\/wp-content\/uploads\/2023\/12\/IMG-20231214-WA0008-1536x923.jpg 1536w, https:\/\/cvinoticias.com\/wp-content\/uploads\/2023\/12\/IMG-20231214-WA0008.jpg 1600w\" data-sizes=\"(max-width: 1024px) 100vw, 1024px\" src=\"data:image\/svg+xml;base64,PHN2ZyB3aWR0aD0iMSIgaGVpZ2h0PSIxIiB4bWxucz0iaHR0cDovL3d3dy53My5vcmcvMjAwMC9zdmciPjwvc3ZnPg==\" style=\"--smush-placeholder-width: 1024px; --smush-placeholder-aspect-ratio: 1024\/615;\" \/><\/a><\/figure>\n\n\n\n<p>Se celebra la participaci\u00f3n activa de los representantes y desea mucho \u00e9xito en sus responsabilidades. Contin\u00faa el trabajo en conjunto por el bienestar y el progreso de la comunidad de Puerto Iguaz\u00fa. <\/p>\n\n\n\n<figure class=\"wp-block-image size-large\"><a href=\"https:\/\/cvinoticias.com\/wp-content\/uploads\/2023\/12\/IMG-20231214-WA0007.jpg\"><img decoding=\"async\" width=\"1024\" height=\"454\" data-src=\"https:\/\/cvinoticias.com\/wp-content\/uploads\/2023\/12\/IMG-20231214-WA0007-1024x454.jpg\" alt=\"\" class=\"wp-image-30930 lazyload\" data-srcset=\"https:\/\/cvinoticias.com\/wp-content\/uploads\/2023\/12\/IMG-20231214-WA0007-1024x454.jpg 1024w, https:\/\/cvinoticias.com\/wp-content\/uploads\/2023\/12\/IMG-20231214-WA0007-300x133.jpg 300w, https:\/\/cvinoticias.com\/wp-content\/uploads\/2023\/12\/IMG-20231214-WA0007-768x341.jpg 768w, https:\/\/cvinoticias.com\/wp-content\/uploads\/2023\/12\/IMG-20231214-WA0007-1536x682.jpg 1536w, https:\/\/cvinoticias.com\/wp-content\/uploads\/2023\/12\/IMG-20231214-WA0007.jpg 1600w\" data-sizes=\"(max-width: 1024px) 100vw, 1024px\" src=\"data:image\/svg+xml;base64,PHN2ZyB3aWR0aD0iMSIgaGVpZ2h0PSIxIiB4bWxucz0iaHR0cDovL3d3dy53My5vcmcvMjAwMC9zdmciPjwvc3ZnPg==\" style=\"--smush-placeholder-width: 1024px; --smush-placeholder-aspect-ratio: 1024\/454;\" \/><\/a><\/figure>\n","protected":false},"excerpt":{"rendered":"<p>En una sesi\u00f3n extraordinaria del Honorable Concejo Deliberante, se abord\u00f3 el importante tema del pedido de licencia sin goce de haberes presentado por el Concejal Leopoldo Lucas, pedido que fue aceptado por unanimidad. En la misma sesi\u00f3n preparatoria, se llev\u00f3 a cabo la toma de juramento al pr\u00f3ximo integrante del Concejo, el se\u00f1or Humberto Pereyra, [&hellip;]<\/p>\n","protected":false},"author":2,"featured_media":30928,"comment_status":"open","ping_status":"open","sticky":false,"template":"","format":"standard","meta":{"footnotes":""},"categories":[25],"tags":[],"class_list":["post-30927","post","type-post","status-publish","format-standard","has-post-thumbnail","hentry","category-concejo-deliberante"],"yoast_head":"<!-- This site is optimized with the Yoast SEO plugin v27.5 - https:\/\/yoast.com\/product\/yoast-seo-wordpress\/ -->\n<title>Se realiz\u00f3 la toma de juramento al se\u00f1or Humberto Pereyra | CVI NOTICIAS<\/title>\n<meta name=\"robots\" content=\"index, follow, max-snippet:-1, max-image-preview:large, max-video-preview:-1\" \/>\n<link rel=\"canonical\" href=\"https:\/\/cvinoticias.com\/v3\/el-senor-humberto-pereyra-juro-y-asumio-como-concejal\/\" \/>\n<meta property=\"og:locale\" content=\"es_ES\" \/>\n<meta property=\"og:type\" content=\"article\" \/>\n<meta property=\"og:title\" content=\"Se realiz\u00f3 la toma de juramento al se\u00f1or Humberto Pereyra | CVI NOTICIAS\" \/>\n<meta property=\"og:description\" content=\"En una sesi\u00f3n extraordinaria del Honorable Concejo Deliberante, se abord\u00f3 el importante tema del pedido de licencia sin goce de haberes presentado por el Concejal Leopoldo Lucas, pedido que fue aceptado por unanimidad. En la misma sesi\u00f3n preparatoria, se llev\u00f3 a cabo la toma de juramento al pr\u00f3ximo integrante del Concejo, el se\u00f1or Humberto Pereyra, [&hellip;]\" \/>\n<meta property=\"og:url\" content=\"https:\/\/cvinoticias.com\/v3\/el-senor-humberto-pereyra-juro-y-asumio-como-concejal\/\" \/>\n<meta property=\"og:site_name\" content=\"CVI NOTICIAS\" \/>\n<meta property=\"article:publisher\" content=\"https:\/\/www.facebook.com\/cvinoticias\" \/>\n<meta property=\"article:published_time\" content=\"2023-12-14T11:07:08+00:00\" \/>\n<meta property=\"article:modified_time\" content=\"2023-12-14T11:36:51+00:00\" \/>\n<meta property=\"og:image\" content=\"https:\/\/cvinoticias.com\/wp-content\/uploads\/2023\/12\/IMG-20231214-WA0006.jpg\" \/>\n\t<meta property=\"og:image:width\" content=\"1600\" \/>\n\t<meta property=\"og:image:height\" content=\"1585\" \/>\n\t<meta property=\"og:image:type\" content=\"image\/jpeg\" \/>\n<meta name=\"author\" content=\"f1000024\" \/>\n<meta name=\"twitter:card\" content=\"summary_large_image\" \/>\n<meta name=\"twitter:label1\" content=\"Escrito por\" \/>\n\t<meta name=\"twitter:data1\" content=\"f1000024\" \/>\n\t<meta name=\"twitter:label2\" content=\"Tiempo de lectura\" \/>\n\t<meta name=\"twitter:data2\" content=\"1 minuto\" \/>\n<script type=\"application\/ld+json\" class=\"yoast-schema-graph\">{\"@context\":\"https:\\\/\\\/schema.org\",\"@graph\":[{\"@type\":\"Article\",\"@id\":\"https:\\\/\\\/cvinoticias.com\\\/v3\\\/el-senor-humberto-pereyra-juro-y-asumio-como-concejal\\\/#article\",\"isPartOf\":{\"@id\":\"https:\\\/\\\/cvinoticias.com\\\/v3\\\/el-senor-humberto-pereyra-juro-y-asumio-como-concejal\\\/\"},\"author\":{\"name\":\"f1000024\",\"@id\":\"https:\\\/\\\/cvinoticias.com\\\/v3\\\/#\\\/schema\\\/person\\\/2db77e3c6bc03c538495d7b2b8be9b66\"},\"headline\":\"Se realiz\u00f3 la toma de juramento al se\u00f1or Humberto Pereyra\",\"datePublished\":\"2023-12-14T11:07:08+00:00\",\"dateModified\":\"2023-12-14T11:36:51+00:00\",\"mainEntityOfPage\":{\"@id\":\"https:\\\/\\\/cvinoticias.com\\\/v3\\\/el-senor-humberto-pereyra-juro-y-asumio-como-concejal\\\/\"},\"wordCount\":128,\"commentCount\":0,\"publisher\":{\"@id\":\"https:\\\/\\\/cvinoticias.com\\\/v3\\\/#organization\"},\"image\":{\"@id\":\"https:\\\/\\\/cvinoticias.com\\\/v3\\\/el-senor-humberto-pereyra-juro-y-asumio-como-concejal\\\/#primaryimage\"},\"thumbnailUrl\":\"https:\\\/\\\/cvinoticias.com\\\/wp-content\\\/uploads\\\/2023\\\/12\\\/IMG-20231214-WA0006.jpg\",\"articleSection\":[\"Concejo Deliberante\"],\"inLanguage\":\"es\",\"potentialAction\":[{\"@type\":\"CommentAction\",\"name\":\"Comment\",\"target\":[\"https:\\\/\\\/cvinoticias.com\\\/v3\\\/el-senor-humberto-pereyra-juro-y-asumio-como-concejal\\\/#respond\"]}]},{\"@type\":\"WebPage\",\"@id\":\"https:\\\/\\\/cvinoticias.com\\\/v3\\\/el-senor-humberto-pereyra-juro-y-asumio-como-concejal\\\/\",\"url\":\"https:\\\/\\\/cvinoticias.com\\\/v3\\\/el-senor-humberto-pereyra-juro-y-asumio-como-concejal\\\/\",\"name\":\"Se realiz\u00f3 la toma de juramento al se\u00f1or Humberto Pereyra | CVI NOTICIAS\",\"isPartOf\":{\"@id\":\"https:\\\/\\\/cvinoticias.com\\\/v3\\\/#website\"},\"primaryImageOfPage\":{\"@id\":\"https:\\\/\\\/cvinoticias.com\\\/v3\\\/el-senor-humberto-pereyra-juro-y-asumio-como-concejal\\\/#primaryimage\"},\"image\":{\"@id\":\"https:\\\/\\\/cvinoticias.com\\\/v3\\\/el-senor-humberto-pereyra-juro-y-asumio-como-concejal\\\/#primaryimage\"},\"thumbnailUrl\":\"https:\\\/\\\/cvinoticias.com\\\/wp-content\\\/uploads\\\/2023\\\/12\\\/IMG-20231214-WA0006.jpg\",\"datePublished\":\"2023-12-14T11:07:08+00:00\",\"dateModified\":\"2023-12-14T11:36:51+00:00\",\"breadcrumb\":{\"@id\":\"https:\\\/\\\/cvinoticias.com\\\/v3\\\/el-senor-humberto-pereyra-juro-y-asumio-como-concejal\\\/#breadcrumb\"},\"inLanguage\":\"es\",\"potentialAction\":[{\"@type\":\"ReadAction\",\"target\":[\"https:\\\/\\\/cvinoticias.com\\\/v3\\\/el-senor-humberto-pereyra-juro-y-asumio-como-concejal\\\/\"]}]},{\"@type\":\"ImageObject\",\"inLanguage\":\"es\",\"@id\":\"https:\\\/\\\/cvinoticias.com\\\/v3\\\/el-senor-humberto-pereyra-juro-y-asumio-como-concejal\\\/#primaryimage\",\"url\":\"https:\\\/\\\/cvinoticias.com\\\/wp-content\\\/uploads\\\/2023\\\/12\\\/IMG-20231214-WA0006.jpg\",\"contentUrl\":\"https:\\\/\\\/cvinoticias.com\\\/wp-content\\\/uploads\\\/2023\\\/12\\\/IMG-20231214-WA0006.jpg\",\"width\":1600,\"height\":1585},{\"@type\":\"BreadcrumbList\",\"@id\":\"https:\\\/\\\/cvinoticias.com\\\/v3\\\/el-senor-humberto-pereyra-juro-y-asumio-como-concejal\\\/#breadcrumb\",\"itemListElement\":[{\"@type\":\"ListItem\",\"position\":1,\"name\":\"Portada\",\"item\":\"https:\\\/\\\/cvinoticias.com\\\/v3\\\/\"},{\"@type\":\"ListItem\",\"position\":2,\"name\":\"Se realiz\u00f3 la toma de juramento al se\u00f1or Humberto Pereyra\"}]},{\"@type\":\"WebSite\",\"@id\":\"https:\\\/\\\/cvinoticias.com\\\/v3\\\/#website\",\"url\":\"https:\\\/\\\/cvinoticias.com\\\/v3\\\/\",\"name\":\"CVI NOTICIAS\",\"description\":\"\",\"publisher\":{\"@id\":\"https:\\\/\\\/cvinoticias.com\\\/v3\\\/#organization\"},\"alternateName\":\"CVI\",\"potentialAction\":[{\"@type\":\"SearchAction\",\"target\":{\"@type\":\"EntryPoint\",\"urlTemplate\":\"https:\\\/\\\/cvinoticias.com\\\/v3\\\/?s={search_term_string}\"},\"query-input\":{\"@type\":\"PropertyValueSpecification\",\"valueRequired\":true,\"valueName\":\"search_term_string\"}}],\"inLanguage\":\"es\"},{\"@type\":\"Organization\",\"@id\":\"https:\\\/\\\/cvinoticias.com\\\/v3\\\/#organization\",\"name\":\"CVI NOTICIAS\",\"url\":\"https:\\\/\\\/cvinoticias.com\\\/v3\\\/\",\"logo\":{\"@type\":\"ImageObject\",\"inLanguage\":\"es\",\"@id\":\"https:\\\/\\\/cvinoticias.com\\\/v3\\\/#\\\/schema\\\/logo\\\/image\\\/\",\"url\":\"https:\\\/\\\/cvinoticias.com\\\/wp-content\\\/uploads\\\/2023\\\/04\\\/cropped-cropped-cropped-cropped-cropped-3-1.png\",\"contentUrl\":\"https:\\\/\\\/cvinoticias.com\\\/wp-content\\\/uploads\\\/2023\\\/04\\\/cropped-cropped-cropped-cropped-cropped-3-1.png\",\"width\":95,\"height\":122,\"caption\":\"CVI NOTICIAS\"},\"image\":{\"@id\":\"https:\\\/\\\/cvinoticias.com\\\/v3\\\/#\\\/schema\\\/logo\\\/image\\\/\"},\"sameAs\":[\"https:\\\/\\\/www.facebook.com\\\/cvinoticias\",\"https:\\\/\\\/www.instagram.com\\\/cvinoticias\\\/\",\"https:\\\/\\\/www.youtube.com\\\/@CVINOTICIAS\"]},{\"@type\":\"Person\",\"@id\":\"https:\\\/\\\/cvinoticias.com\\\/v3\\\/#\\\/schema\\\/person\\\/2db77e3c6bc03c538495d7b2b8be9b66\",\"name\":\"f1000024\",\"image\":{\"@type\":\"ImageObject\",\"inLanguage\":\"es\",\"@id\":\"https:\\\/\\\/secure.gravatar.com\\\/avatar\\\/d4fe7459cfc51ff5129ce1a732bbef5928568b8092d412ef95611616376bbeed?s=96&d=mm&r=g\",\"url\":\"https:\\\/\\\/secure.gravatar.com\\\/avatar\\\/d4fe7459cfc51ff5129ce1a732bbef5928568b8092d412ef95611616376bbeed?s=96&d=mm&r=g\",\"contentUrl\":\"https:\\\/\\\/secure.gravatar.com\\\/avatar\\\/d4fe7459cfc51ff5129ce1a732bbef5928568b8092d412ef95611616376bbeed?s=96&d=mm&r=g\",\"caption\":\"f1000024\"},\"url\":\"https:\\\/\\\/cvinoticias.com\\\/v3\\\/author\\\/f1000024\\\/\"}]}<\/script>\n<!-- \/ Yoast SEO plugin. -->","yoast_head_json":{"title":"Se realiz\u00f3 la toma de juramento al se\u00f1or Humberto Pereyra | CVI NOTICIAS","robots":{"index":"index","follow":"follow","max-snippet":"max-snippet:-1","max-image-preview":"max-image-preview:large","max-video-preview":"max-video-preview:-1"},"canonical":"https:\/\/cvinoticias.com\/v3\/el-senor-humberto-pereyra-juro-y-asumio-como-concejal\/","og_locale":"es_ES","og_type":"article","og_title":"Se realiz\u00f3 la toma de juramento al se\u00f1or Humberto Pereyra | CVI NOTICIAS","og_description":"En una sesi\u00f3n extraordinaria del Honorable Concejo Deliberante, se abord\u00f3 el importante tema del pedido de licencia sin goce de haberes presentado por el Concejal Leopoldo Lucas, pedido que fue aceptado por unanimidad. En la misma sesi\u00f3n preparatoria, se llev\u00f3 a cabo la toma de juramento al pr\u00f3ximo integrante del Concejo, el se\u00f1or Humberto Pereyra, [&hellip;]","og_url":"https:\/\/cvinoticias.com\/v3\/el-senor-humberto-pereyra-juro-y-asumio-como-concejal\/","og_site_name":"CVI NOTICIAS","article_publisher":"https:\/\/www.facebook.com\/cvinoticias","article_published_time":"2023-12-14T11:07:08+00:00","article_modified_time":"2023-12-14T11:36:51+00:00","og_image":[{"width":1600,"height":1585,"url":"https:\/\/cvinoticias.com\/wp-content\/uploads\/2023\/12\/IMG-20231214-WA0006.jpg","type":"image\/jpeg"}],"author":"f1000024","twitter_card":"summary_large_image","twitter_misc":{"Escrito por":"f1000024","Tiempo de lectura":"1 minuto"},"schema":{"@context":"https:\/\/schema.org","@graph":[{"@type":"Article","@id":"https:\/\/cvinoticias.com\/v3\/el-senor-humberto-pereyra-juro-y-asumio-como-concejal\/#article","isPartOf":{"@id":"https:\/\/cvinoticias.com\/v3\/el-senor-humberto-pereyra-juro-y-asumio-como-concejal\/"},"author":{"name":"f1000024","@id":"https:\/\/cvinoticias.com\/v3\/#\/schema\/person\/2db77e3c6bc03c538495d7b2b8be9b66"},"headline":"Se realiz\u00f3 la toma de juramento al se\u00f1or Humberto Pereyra","datePublished":"2023-12-14T11:07:08+00:00","dateModified":"2023-12-14T11:36:51+00:00","mainEntityOfPage":{"@id":"https:\/\/cvinoticias.com\/v3\/el-senor-humberto-pereyra-juro-y-asumio-como-concejal\/"},"wordCount":128,"commentCount":0,"publisher":{"@id":"https:\/\/cvinoticias.com\/v3\/#organization"},"image":{"@id":"https:\/\/cvinoticias.com\/v3\/el-senor-humberto-pereyra-juro-y-asumio-como-concejal\/#primaryimage"},"thumbnailUrl":"https:\/\/cvinoticias.com\/wp-content\/uploads\/2023\/12\/IMG-20231214-WA0006.jpg","articleSection":["Concejo Deliberante"],"inLanguage":"es","potentialAction":[{"@type":"CommentAction","name":"Comment","target":["https:\/\/cvinoticias.com\/v3\/el-senor-humberto-pereyra-juro-y-asumio-como-concejal\/#respond"]}]},{"@type":"WebPage","@id":"https:\/\/cvinoticias.com\/v3\/el-senor-humberto-pereyra-juro-y-asumio-como-concejal\/","url":"https:\/\/cvinoticias.com\/v3\/el-senor-humberto-pereyra-juro-y-asumio-como-concejal\/","name":"Se realiz\u00f3 la toma de juramento al se\u00f1or Humberto Pereyra | CVI NOTICIAS","isPartOf":{"@id":"https:\/\/cvinoticias.com\/v3\/#website"},"primaryImageOfPage":{"@id":"https:\/\/cvinoticias.com\/v3\/el-senor-humberto-pereyra-juro-y-asumio-como-concejal\/#primaryimage"},"image":{"@id":"https:\/\/cvinoticias.com\/v3\/el-senor-humberto-pereyra-juro-y-asumio-como-concejal\/#primaryimage"},"thumbnailUrl":"https:\/\/cvinoticias.com\/wp-content\/uploads\/2023\/12\/IMG-20231214-WA0006.jpg","datePublished":"2023-12-14T11:07:08+00:00","dateModified":"2023-12-14T11:36:51+00:00","breadcrumb":{"@id":"https:\/\/cvinoticias.com\/v3\/el-senor-humberto-pereyra-juro-y-asumio-como-concejal\/#breadcrumb"},"inLanguage":"es","potentialAction":[{"@type":"ReadAction","target":["https:\/\/cvinoticias.com\/v3\/el-senor-humberto-pereyra-juro-y-asumio-como-concejal\/"]}]},{"@type":"ImageObject","inLanguage":"es","@id":"https:\/\/cvinoticias.com\/v3\/el-senor-humberto-pereyra-juro-y-asumio-como-concejal\/#primaryimage","url":"https:\/\/cvinoticias.com\/wp-content\/uploads\/2023\/12\/IMG-20231214-WA0006.jpg","contentUrl":"https:\/\/cvinoticias.com\/wp-content\/uploads\/2023\/12\/IMG-20231214-WA0006.jpg","width":1600,"height":1585},{"@type":"BreadcrumbList","@id":"https:\/\/cvinoticias.com\/v3\/el-senor-humberto-pereyra-juro-y-asumio-como-concejal\/#breadcrumb","itemListElement":[{"@type":"ListItem","position":1,"name":"Portada","item":"https:\/\/cvinoticias.com\/v3\/"},{"@type":"ListItem","position":2,"name":"Se realiz\u00f3 la toma de juramento al se\u00f1or Humberto Pereyra"}]},{"@type":"WebSite","@id":"https:\/\/cvinoticias.com\/v3\/#website","url":"https:\/\/cvinoticias.com\/v3\/","name":"CVI NOTICIAS","description":"","publisher":{"@id":"https:\/\/cvinoticias.com\/v3\/#organization"},"alternateName":"CVI","potentialAction":[{"@type":"SearchAction","target":{"@type":"EntryPoint","urlTemplate":"https:\/\/cvinoticias.com\/v3\/?s={search_term_string}"},"query-input":{"@type":"PropertyValueSpecification","valueRequired":true,"valueName":"search_term_string"}}],"inLanguage":"es"},{"@type":"Organization","@id":"https:\/\/cvinoticias.com\/v3\/#organization","name":"CVI NOTICIAS","url":"https:\/\/cvinoticias.com\/v3\/","logo":{"@type":"ImageObject","inLanguage":"es","@id":"https:\/\/cvinoticias.com\/v3\/#\/schema\/logo\/image\/","url":"https:\/\/cvinoticias.com\/wp-content\/uploads\/2023\/04\/cropped-cropped-cropped-cropped-cropped-3-1.png","contentUrl":"https:\/\/cvinoticias.com\/wp-content\/uploads\/2023\/04\/cropped-cropped-cropped-cropped-cropped-3-1.png","width":95,"height":122,"caption":"CVI NOTICIAS"},"image":{"@id":"https:\/\/cvinoticias.com\/v3\/#\/schema\/logo\/image\/"},"sameAs":["https:\/\/www.facebook.com\/cvinoticias","https:\/\/www.instagram.com\/cvinoticias\/","https:\/\/www.youtube.com\/@CVINOTICIAS"]},{"@type":"Person","@id":"https:\/\/cvinoticias.com\/v3\/#\/schema\/person\/2db77e3c6bc03c538495d7b2b8be9b66","name":"f1000024","image":{"@type":"ImageObject","inLanguage":"es","@id":"https:\/\/secure.gravatar.com\/avatar\/d4fe7459cfc51ff5129ce1a732bbef5928568b8092d412ef95611616376bbeed?s=96&d=mm&r=g","url":"https:\/\/secure.gravatar.com\/avatar\/d4fe7459cfc51ff5129ce1a732bbef5928568b8092d412ef95611616376bbeed?s=96&d=mm&r=g","contentUrl":"https:\/\/secure.gravatar.com\/avatar\/d4fe7459cfc51ff5129ce1a732bbef5928568b8092d412ef95611616376bbeed?s=96&d=mm&r=g","caption":"f1000024"},"url":"https:\/\/cvinoticias.com\/v3\/author\/f1000024\/"}]}},"_links":{"self":[{"href":"https:\/\/cvinoticias.com\/v3\/wp-json\/wp\/v2\/posts\/30927","targetHints":{"allow":["GET"]}}],"collection":[{"href":"https:\/\/cvinoticias.com\/v3\/wp-json\/wp\/v2\/posts"}],"about":[{"href":"https:\/\/cvinoticias.com\/v3\/wp-json\/wp\/v2\/types\/post"}],"author":[{"embeddable":true,"href":"https:\/\/cvinoticias.com\/v3\/wp-json\/wp\/v2\/users\/2"}],"replies":[{"embeddable":true,"href":"https:\/\/cvinoticias.com\/v3\/wp-json\/wp\/v2\/comments?post=30927"}],"version-history":[{"count":2,"href":"https:\/\/cvinoticias.com\/v3\/wp-json\/wp\/v2\/posts\/30927\/revisions"}],"predecessor-version":[{"id":30932,"href":"https:\/\/cvinoticias.com\/v3\/wp-json\/wp\/v2\/posts\/30927\/revisions\/30932"}],"wp:featuredmedia":[{"embeddable":true,"href":"https:\/\/cvinoticias.com\/v3\/wp-json\/wp\/v2\/media\/30928"}],"wp:attachment":[{"href":"https:\/\/cvinoticias.com\/v3\/wp-json\/wp\/v2\/media?parent=30927"}],"wp:term":[{"taxonomy":"category","embeddable":true,"href":"https:\/\/cvinoticias.com\/v3\/wp-json\/wp\/v2\/categories?post=30927"},{"taxonomy":"post_tag","embeddable":true,"href":"https:\/\/cvinoticias.com\/v3\/wp-json\/wp\/v2\/tags?post=30927"}],"curies":[{"name":"wp","href":"https:\/\/api.w.org\/{rel}","templated":true}]}}