{"id":3092,"date":"2021-03-02T10:13:14","date_gmt":"2021-03-02T10:13:14","guid":{"rendered":"https:\/\/cvinoticias.com\/v3\/?p=3092"},"modified":"2021-03-02T10:13:14","modified_gmt":"2021-03-02T10:13:14","slug":"puerto-iguazu-padre-e-hijo-detenidos-por-agredir-a-un-familiar-en-el-barrio-nuevo-iguazu","status":"publish","type":"post","link":"https:\/\/cvinoticias.com\/v3\/puerto-iguazu-padre-e-hijo-detenidos-por-agredir-a-un-familiar-en-el-barrio-nuevo-iguazu\/","title":{"rendered":"Puerto Iguaz\u00fa: Padre e hijo detenidos por agredir a un familiar en el barrio Nuevo Iguaz\u00fa"},"content":{"rendered":"\n<p><strong><em>Las detenciones se concretaron esta tarde, en cercan\u00edas al barrio Nuevo Igauz\u00fa, donde efectivos de la seccional cuarta detuvieron a Leando V. de 35 y a su hijo \u00c1ngel V. de 18 a\u00f1os, por agredir a un familiar con un machete y un hierro. El lesionado, un hombre de 44 a\u00f1os, result\u00f3 con fractura de brazo izquierdo y m\u00faltiples escoriaciones.<\/em><\/strong><\/p>\n\n\n\n<p>La denuncia se realiz\u00f3 ayer domingo en horas de la tarde, donde la v\u00edctima manifest\u00f3 que se dirig\u00eda al domicilio de su hijo, sito barrio Nuevo Igauz\u00fa, fue increpado por su hermano y su sobrino quienes sin mediar palabras, lo agredieron y se dieron a la fuga.<\/p>\n\n\n\n<p>Posteriormente, fue hospitalizado y diagnosticado con fractura de brazo y varias excoriaciones, lesiones que le demandar\u00e1n alrededor de 60 d\u00edas de curaci\u00f3n.<\/p>\n\n\n\n<p>Esta tarde, los polic\u00edas detuvieron a los agresores, quienes fueron alojados en sede policial a disposici\u00f3n del Juzgado de Instrucci\u00f3n N\u00b03 de Puerto Iguaz\u00fa.<\/p>\n","protected":false},"excerpt":{"rendered":"<p>Las detenciones se concretaron esta tarde, en cercan\u00edas al barrio Nuevo Igauz\u00fa, donde efectivos de la seccional cuarta detuvieron a Leando V. de 35 y a su hijo \u00c1ngel V. de 18 a\u00f1os, por agredir a un familiar con un machete y un hierro. El lesionado, un hombre de 44 a\u00f1os, result\u00f3 con fractura de [&hellip;]<\/p>\n","protected":false},"author":2,"featured_media":3093,"comment_status":"open","ping_status":"open","sticky":false,"template":"","format":"standard","meta":{"footnotes":""},"categories":[41],"tags":[],"class_list":["post-3092","post","type-post","status-publish","format-standard","has-post-thumbnail","hentry","category-policiales"],"yoast_head":"<!-- This site is optimized with the Yoast SEO plugin v27.5 - https:\/\/yoast.com\/product\/yoast-seo-wordpress\/ -->\n<title>Puerto Iguaz\u00fa: Padre e hijo detenidos por agredir a un familiar en el barrio Nuevo Iguaz\u00fa | CVI NOTICIAS<\/title>\n<meta name=\"robots\" content=\"index, follow, max-snippet:-1, max-image-preview:large, max-video-preview:-1\" \/>\n<link rel=\"canonical\" href=\"https:\/\/cvinoticias.com\/v3\/puerto-iguazu-padre-e-hijo-detenidos-por-agredir-a-un-familiar-en-el-barrio-nuevo-iguazu\/\" \/>\n<meta property=\"og:locale\" content=\"es_ES\" \/>\n<meta property=\"og:type\" content=\"article\" \/>\n<meta property=\"og:title\" content=\"Puerto Iguaz\u00fa: Padre e hijo detenidos por agredir a un familiar en el barrio Nuevo Iguaz\u00fa | CVI NOTICIAS\" \/>\n<meta property=\"og:description\" content=\"Las detenciones se concretaron esta tarde, en cercan\u00edas al barrio Nuevo Igauz\u00fa, donde efectivos de la seccional cuarta detuvieron a Leando V. de 35 y a su hijo \u00c1ngel V. de 18 a\u00f1os, por agredir a un familiar con un machete y un hierro. El lesionado, un hombre de 44 a\u00f1os, result\u00f3 con fractura de [&hellip;]\" \/>\n<meta property=\"og:url\" content=\"https:\/\/cvinoticias.com\/v3\/puerto-iguazu-padre-e-hijo-detenidos-por-agredir-a-un-familiar-en-el-barrio-nuevo-iguazu\/\" \/>\n<meta property=\"og:site_name\" content=\"CVI NOTICIAS\" \/>\n<meta property=\"article:publisher\" content=\"https:\/\/www.facebook.com\/cvinoticias\" \/>\n<meta property=\"article:published_time\" content=\"2021-03-02T10:13:14+00:00\" \/>\n<meta property=\"og:image\" content=\"https:\/\/cvinoticias.com\/wp-content\/uploads\/2021\/03\/FB_IMG_1614657436470.jpg\" \/>\n\t<meta property=\"og:image:width\" content=\"958\" \/>\n\t<meta property=\"og:image:height\" content=\"1280\" \/>\n\t<meta property=\"og:image:type\" content=\"image\/jpeg\" \/>\n<meta name=\"author\" content=\"f1000024\" \/>\n<meta name=\"twitter:card\" content=\"summary_large_image\" \/>\n<meta name=\"twitter:label1\" content=\"Escrito por\" \/>\n\t<meta name=\"twitter:data1\" content=\"f1000024\" \/>\n\t<meta name=\"twitter:label2\" content=\"Tiempo de lectura\" \/>\n\t<meta name=\"twitter:data2\" content=\"1 minuto\" \/>\n<script type=\"application\/ld+json\" class=\"yoast-schema-graph\">{\"@context\":\"https:\\\/\\\/schema.org\",\"@graph\":[{\"@type\":\"Article\",\"@id\":\"https:\\\/\\\/cvinoticias.com\\\/v3\\\/puerto-iguazu-padre-e-hijo-detenidos-por-agredir-a-un-familiar-en-el-barrio-nuevo-iguazu\\\/#article\",\"isPartOf\":{\"@id\":\"https:\\\/\\\/cvinoticias.com\\\/v3\\\/puerto-iguazu-padre-e-hijo-detenidos-por-agredir-a-un-familiar-en-el-barrio-nuevo-iguazu\\\/\"},\"author\":{\"name\":\"f1000024\",\"@id\":\"https:\\\/\\\/cvinoticias.com\\\/v3\\\/#\\\/schema\\\/person\\\/2db77e3c6bc03c538495d7b2b8be9b66\"},\"headline\":\"Puerto Iguaz\u00fa: Padre e hijo detenidos por agredir a un familiar en el barrio Nuevo Iguaz\u00fa\",\"datePublished\":\"2021-03-02T10:13:14+00:00\",\"mainEntityOfPage\":{\"@id\":\"https:\\\/\\\/cvinoticias.com\\\/v3\\\/puerto-iguazu-padre-e-hijo-detenidos-por-agredir-a-un-familiar-en-el-barrio-nuevo-iguazu\\\/\"},\"wordCount\":177,\"commentCount\":0,\"publisher\":{\"@id\":\"https:\\\/\\\/cvinoticias.com\\\/v3\\\/#organization\"},\"image\":{\"@id\":\"https:\\\/\\\/cvinoticias.com\\\/v3\\\/puerto-iguazu-padre-e-hijo-detenidos-por-agredir-a-un-familiar-en-el-barrio-nuevo-iguazu\\\/#primaryimage\"},\"thumbnailUrl\":\"https:\\\/\\\/cvinoticias.com\\\/wp-content\\\/uploads\\\/2021\\\/03\\\/FB_IMG_1614657436470.jpg\",\"articleSection\":[\"Policiales\"],\"inLanguage\":\"es\",\"potentialAction\":[{\"@type\":\"CommentAction\",\"name\":\"Comment\",\"target\":[\"https:\\\/\\\/cvinoticias.com\\\/v3\\\/puerto-iguazu-padre-e-hijo-detenidos-por-agredir-a-un-familiar-en-el-barrio-nuevo-iguazu\\\/#respond\"]}]},{\"@type\":\"WebPage\",\"@id\":\"https:\\\/\\\/cvinoticias.com\\\/v3\\\/puerto-iguazu-padre-e-hijo-detenidos-por-agredir-a-un-familiar-en-el-barrio-nuevo-iguazu\\\/\",\"url\":\"https:\\\/\\\/cvinoticias.com\\\/v3\\\/puerto-iguazu-padre-e-hijo-detenidos-por-agredir-a-un-familiar-en-el-barrio-nuevo-iguazu\\\/\",\"name\":\"Puerto Iguaz\u00fa: Padre e hijo detenidos por agredir a un familiar en el barrio Nuevo Iguaz\u00fa | CVI NOTICIAS\",\"isPartOf\":{\"@id\":\"https:\\\/\\\/cvinoticias.com\\\/v3\\\/#website\"},\"primaryImageOfPage\":{\"@id\":\"https:\\\/\\\/cvinoticias.com\\\/v3\\\/puerto-iguazu-padre-e-hijo-detenidos-por-agredir-a-un-familiar-en-el-barrio-nuevo-iguazu\\\/#primaryimage\"},\"image\":{\"@id\":\"https:\\\/\\\/cvinoticias.com\\\/v3\\\/puerto-iguazu-padre-e-hijo-detenidos-por-agredir-a-un-familiar-en-el-barrio-nuevo-iguazu\\\/#primaryimage\"},\"thumbnailUrl\":\"https:\\\/\\\/cvinoticias.com\\\/wp-content\\\/uploads\\\/2021\\\/03\\\/FB_IMG_1614657436470.jpg\",\"datePublished\":\"2021-03-02T10:13:14+00:00\",\"breadcrumb\":{\"@id\":\"https:\\\/\\\/cvinoticias.com\\\/v3\\\/puerto-iguazu-padre-e-hijo-detenidos-por-agredir-a-un-familiar-en-el-barrio-nuevo-iguazu\\\/#breadcrumb\"},\"inLanguage\":\"es\",\"potentialAction\":[{\"@type\":\"ReadAction\",\"target\":[\"https:\\\/\\\/cvinoticias.com\\\/v3\\\/puerto-iguazu-padre-e-hijo-detenidos-por-agredir-a-un-familiar-en-el-barrio-nuevo-iguazu\\\/\"]}]},{\"@type\":\"ImageObject\",\"inLanguage\":\"es\",\"@id\":\"https:\\\/\\\/cvinoticias.com\\\/v3\\\/puerto-iguazu-padre-e-hijo-detenidos-por-agredir-a-un-familiar-en-el-barrio-nuevo-iguazu\\\/#primaryimage\",\"url\":\"https:\\\/\\\/cvinoticias.com\\\/wp-content\\\/uploads\\\/2021\\\/03\\\/FB_IMG_1614657436470.jpg\",\"contentUrl\":\"https:\\\/\\\/cvinoticias.com\\\/wp-content\\\/uploads\\\/2021\\\/03\\\/FB_IMG_1614657436470.jpg\",\"width\":958,\"height\":1280},{\"@type\":\"BreadcrumbList\",\"@id\":\"https:\\\/\\\/cvinoticias.com\\\/v3\\\/puerto-iguazu-padre-e-hijo-detenidos-por-agredir-a-un-familiar-en-el-barrio-nuevo-iguazu\\\/#breadcrumb\",\"itemListElement\":[{\"@type\":\"ListItem\",\"position\":1,\"name\":\"Portada\",\"item\":\"https:\\\/\\\/cvinoticias.com\\\/v3\\\/\"},{\"@type\":\"ListItem\",\"position\":2,\"name\":\"Puerto Iguaz\u00fa: Padre e hijo detenidos por agredir a un familiar en el barrio Nuevo Iguaz\u00fa\"}]},{\"@type\":\"WebSite\",\"@id\":\"https:\\\/\\\/cvinoticias.com\\\/v3\\\/#website\",\"url\":\"https:\\\/\\\/cvinoticias.com\\\/v3\\\/\",\"name\":\"CVI NOTICIAS\",\"description\":\"\",\"publisher\":{\"@id\":\"https:\\\/\\\/cvinoticias.com\\\/v3\\\/#organization\"},\"alternateName\":\"CVI\",\"potentialAction\":[{\"@type\":\"SearchAction\",\"target\":{\"@type\":\"EntryPoint\",\"urlTemplate\":\"https:\\\/\\\/cvinoticias.com\\\/v3\\\/?s={search_term_string}\"},\"query-input\":{\"@type\":\"PropertyValueSpecification\",\"valueRequired\":true,\"valueName\":\"search_term_string\"}}],\"inLanguage\":\"es\"},{\"@type\":\"Organization\",\"@id\":\"https:\\\/\\\/cvinoticias.com\\\/v3\\\/#organization\",\"name\":\"CVI NOTICIAS\",\"url\":\"https:\\\/\\\/cvinoticias.com\\\/v3\\\/\",\"logo\":{\"@type\":\"ImageObject\",\"inLanguage\":\"es\",\"@id\":\"https:\\\/\\\/cvinoticias.com\\\/v3\\\/#\\\/schema\\\/logo\\\/image\\\/\",\"url\":\"https:\\\/\\\/cvinoticias.com\\\/wp-content\\\/uploads\\\/2023\\\/04\\\/cropped-cropped-cropped-cropped-cropped-3-1.png\",\"contentUrl\":\"https:\\\/\\\/cvinoticias.com\\\/wp-content\\\/uploads\\\/2023\\\/04\\\/cropped-cropped-cropped-cropped-cropped-3-1.png\",\"width\":95,\"height\":122,\"caption\":\"CVI NOTICIAS\"},\"image\":{\"@id\":\"https:\\\/\\\/cvinoticias.com\\\/v3\\\/#\\\/schema\\\/logo\\\/image\\\/\"},\"sameAs\":[\"https:\\\/\\\/www.facebook.com\\\/cvinoticias\",\"https:\\\/\\\/www.instagram.com\\\/cvinoticias\\\/\",\"https:\\\/\\\/www.youtube.com\\\/@CVINOTICIAS\"]},{\"@type\":\"Person\",\"@id\":\"https:\\\/\\\/cvinoticias.com\\\/v3\\\/#\\\/schema\\\/person\\\/2db77e3c6bc03c538495d7b2b8be9b66\",\"name\":\"f1000024\",\"image\":{\"@type\":\"ImageObject\",\"inLanguage\":\"es\",\"@id\":\"https:\\\/\\\/secure.gravatar.com\\\/avatar\\\/d4fe7459cfc51ff5129ce1a732bbef5928568b8092d412ef95611616376bbeed?s=96&d=mm&r=g\",\"url\":\"https:\\\/\\\/secure.gravatar.com\\\/avatar\\\/d4fe7459cfc51ff5129ce1a732bbef5928568b8092d412ef95611616376bbeed?s=96&d=mm&r=g\",\"contentUrl\":\"https:\\\/\\\/secure.gravatar.com\\\/avatar\\\/d4fe7459cfc51ff5129ce1a732bbef5928568b8092d412ef95611616376bbeed?s=96&d=mm&r=g\",\"caption\":\"f1000024\"},\"url\":\"https:\\\/\\\/cvinoticias.com\\\/v3\\\/author\\\/f1000024\\\/\"}]}<\/script>\n<!-- \/ Yoast SEO plugin. -->","yoast_head_json":{"title":"Puerto Iguaz\u00fa: Padre e hijo detenidos por agredir a un familiar en el barrio Nuevo Iguaz\u00fa | CVI NOTICIAS","robots":{"index":"index","follow":"follow","max-snippet":"max-snippet:-1","max-image-preview":"max-image-preview:large","max-video-preview":"max-video-preview:-1"},"canonical":"https:\/\/cvinoticias.com\/v3\/puerto-iguazu-padre-e-hijo-detenidos-por-agredir-a-un-familiar-en-el-barrio-nuevo-iguazu\/","og_locale":"es_ES","og_type":"article","og_title":"Puerto Iguaz\u00fa: Padre e hijo detenidos por agredir a un familiar en el barrio Nuevo Iguaz\u00fa | CVI NOTICIAS","og_description":"Las detenciones se concretaron esta tarde, en cercan\u00edas al barrio Nuevo Igauz\u00fa, donde efectivos de la seccional cuarta detuvieron a Leando V. de 35 y a su hijo \u00c1ngel V. de 18 a\u00f1os, por agredir a un familiar con un machete y un hierro. El lesionado, un hombre de 44 a\u00f1os, result\u00f3 con fractura de [&hellip;]","og_url":"https:\/\/cvinoticias.com\/v3\/puerto-iguazu-padre-e-hijo-detenidos-por-agredir-a-un-familiar-en-el-barrio-nuevo-iguazu\/","og_site_name":"CVI NOTICIAS","article_publisher":"https:\/\/www.facebook.com\/cvinoticias","article_published_time":"2021-03-02T10:13:14+00:00","og_image":[{"width":958,"height":1280,"url":"https:\/\/cvinoticias.com\/wp-content\/uploads\/2021\/03\/FB_IMG_1614657436470.jpg","type":"image\/jpeg"}],"author":"f1000024","twitter_card":"summary_large_image","twitter_misc":{"Escrito por":"f1000024","Tiempo de lectura":"1 minuto"},"schema":{"@context":"https:\/\/schema.org","@graph":[{"@type":"Article","@id":"https:\/\/cvinoticias.com\/v3\/puerto-iguazu-padre-e-hijo-detenidos-por-agredir-a-un-familiar-en-el-barrio-nuevo-iguazu\/#article","isPartOf":{"@id":"https:\/\/cvinoticias.com\/v3\/puerto-iguazu-padre-e-hijo-detenidos-por-agredir-a-un-familiar-en-el-barrio-nuevo-iguazu\/"},"author":{"name":"f1000024","@id":"https:\/\/cvinoticias.com\/v3\/#\/schema\/person\/2db77e3c6bc03c538495d7b2b8be9b66"},"headline":"Puerto Iguaz\u00fa: Padre e hijo detenidos por agredir a un familiar en el barrio Nuevo Iguaz\u00fa","datePublished":"2021-03-02T10:13:14+00:00","mainEntityOfPage":{"@id":"https:\/\/cvinoticias.com\/v3\/puerto-iguazu-padre-e-hijo-detenidos-por-agredir-a-un-familiar-en-el-barrio-nuevo-iguazu\/"},"wordCount":177,"commentCount":0,"publisher":{"@id":"https:\/\/cvinoticias.com\/v3\/#organization"},"image":{"@id":"https:\/\/cvinoticias.com\/v3\/puerto-iguazu-padre-e-hijo-detenidos-por-agredir-a-un-familiar-en-el-barrio-nuevo-iguazu\/#primaryimage"},"thumbnailUrl":"https:\/\/cvinoticias.com\/wp-content\/uploads\/2021\/03\/FB_IMG_1614657436470.jpg","articleSection":["Policiales"],"inLanguage":"es","potentialAction":[{"@type":"CommentAction","name":"Comment","target":["https:\/\/cvinoticias.com\/v3\/puerto-iguazu-padre-e-hijo-detenidos-por-agredir-a-un-familiar-en-el-barrio-nuevo-iguazu\/#respond"]}]},{"@type":"WebPage","@id":"https:\/\/cvinoticias.com\/v3\/puerto-iguazu-padre-e-hijo-detenidos-por-agredir-a-un-familiar-en-el-barrio-nuevo-iguazu\/","url":"https:\/\/cvinoticias.com\/v3\/puerto-iguazu-padre-e-hijo-detenidos-por-agredir-a-un-familiar-en-el-barrio-nuevo-iguazu\/","name":"Puerto Iguaz\u00fa: Padre e hijo detenidos por agredir a un familiar en el barrio Nuevo Iguaz\u00fa | CVI NOTICIAS","isPartOf":{"@id":"https:\/\/cvinoticias.com\/v3\/#website"},"primaryImageOfPage":{"@id":"https:\/\/cvinoticias.com\/v3\/puerto-iguazu-padre-e-hijo-detenidos-por-agredir-a-un-familiar-en-el-barrio-nuevo-iguazu\/#primaryimage"},"image":{"@id":"https:\/\/cvinoticias.com\/v3\/puerto-iguazu-padre-e-hijo-detenidos-por-agredir-a-un-familiar-en-el-barrio-nuevo-iguazu\/#primaryimage"},"thumbnailUrl":"https:\/\/cvinoticias.com\/wp-content\/uploads\/2021\/03\/FB_IMG_1614657436470.jpg","datePublished":"2021-03-02T10:13:14+00:00","breadcrumb":{"@id":"https:\/\/cvinoticias.com\/v3\/puerto-iguazu-padre-e-hijo-detenidos-por-agredir-a-un-familiar-en-el-barrio-nuevo-iguazu\/#breadcrumb"},"inLanguage":"es","potentialAction":[{"@type":"ReadAction","target":["https:\/\/cvinoticias.com\/v3\/puerto-iguazu-padre-e-hijo-detenidos-por-agredir-a-un-familiar-en-el-barrio-nuevo-iguazu\/"]}]},{"@type":"ImageObject","inLanguage":"es","@id":"https:\/\/cvinoticias.com\/v3\/puerto-iguazu-padre-e-hijo-detenidos-por-agredir-a-un-familiar-en-el-barrio-nuevo-iguazu\/#primaryimage","url":"https:\/\/cvinoticias.com\/wp-content\/uploads\/2021\/03\/FB_IMG_1614657436470.jpg","contentUrl":"https:\/\/cvinoticias.com\/wp-content\/uploads\/2021\/03\/FB_IMG_1614657436470.jpg","width":958,"height":1280},{"@type":"BreadcrumbList","@id":"https:\/\/cvinoticias.com\/v3\/puerto-iguazu-padre-e-hijo-detenidos-por-agredir-a-un-familiar-en-el-barrio-nuevo-iguazu\/#breadcrumb","itemListElement":[{"@type":"ListItem","position":1,"name":"Portada","item":"https:\/\/cvinoticias.com\/v3\/"},{"@type":"ListItem","position":2,"name":"Puerto Iguaz\u00fa: Padre e hijo detenidos por agredir a un familiar en el barrio Nuevo Iguaz\u00fa"}]},{"@type":"WebSite","@id":"https:\/\/cvinoticias.com\/v3\/#website","url":"https:\/\/cvinoticias.com\/v3\/","name":"CVI NOTICIAS","description":"","publisher":{"@id":"https:\/\/cvinoticias.com\/v3\/#organization"},"alternateName":"CVI","potentialAction":[{"@type":"SearchAction","target":{"@type":"EntryPoint","urlTemplate":"https:\/\/cvinoticias.com\/v3\/?s={search_term_string}"},"query-input":{"@type":"PropertyValueSpecification","valueRequired":true,"valueName":"search_term_string"}}],"inLanguage":"es"},{"@type":"Organization","@id":"https:\/\/cvinoticias.com\/v3\/#organization","name":"CVI NOTICIAS","url":"https:\/\/cvinoticias.com\/v3\/","logo":{"@type":"ImageObject","inLanguage":"es","@id":"https:\/\/cvinoticias.com\/v3\/#\/schema\/logo\/image\/","url":"https:\/\/cvinoticias.com\/wp-content\/uploads\/2023\/04\/cropped-cropped-cropped-cropped-cropped-3-1.png","contentUrl":"https:\/\/cvinoticias.com\/wp-content\/uploads\/2023\/04\/cropped-cropped-cropped-cropped-cropped-3-1.png","width":95,"height":122,"caption":"CVI NOTICIAS"},"image":{"@id":"https:\/\/cvinoticias.com\/v3\/#\/schema\/logo\/image\/"},"sameAs":["https:\/\/www.facebook.com\/cvinoticias","https:\/\/www.instagram.com\/cvinoticias\/","https:\/\/www.youtube.com\/@CVINOTICIAS"]},{"@type":"Person","@id":"https:\/\/cvinoticias.com\/v3\/#\/schema\/person\/2db77e3c6bc03c538495d7b2b8be9b66","name":"f1000024","image":{"@type":"ImageObject","inLanguage":"es","@id":"https:\/\/secure.gravatar.com\/avatar\/d4fe7459cfc51ff5129ce1a732bbef5928568b8092d412ef95611616376bbeed?s=96&d=mm&r=g","url":"https:\/\/secure.gravatar.com\/avatar\/d4fe7459cfc51ff5129ce1a732bbef5928568b8092d412ef95611616376bbeed?s=96&d=mm&r=g","contentUrl":"https:\/\/secure.gravatar.com\/avatar\/d4fe7459cfc51ff5129ce1a732bbef5928568b8092d412ef95611616376bbeed?s=96&d=mm&r=g","caption":"f1000024"},"url":"https:\/\/cvinoticias.com\/v3\/author\/f1000024\/"}]}},"_links":{"self":[{"href":"https:\/\/cvinoticias.com\/v3\/wp-json\/wp\/v2\/posts\/3092","targetHints":{"allow":["GET"]}}],"collection":[{"href":"https:\/\/cvinoticias.com\/v3\/wp-json\/wp\/v2\/posts"}],"about":[{"href":"https:\/\/cvinoticias.com\/v3\/wp-json\/wp\/v2\/types\/post"}],"author":[{"embeddable":true,"href":"https:\/\/cvinoticias.com\/v3\/wp-json\/wp\/v2\/users\/2"}],"replies":[{"embeddable":true,"href":"https:\/\/cvinoticias.com\/v3\/wp-json\/wp\/v2\/comments?post=3092"}],"version-history":[{"count":1,"href":"https:\/\/cvinoticias.com\/v3\/wp-json\/wp\/v2\/posts\/3092\/revisions"}],"predecessor-version":[{"id":3094,"href":"https:\/\/cvinoticias.com\/v3\/wp-json\/wp\/v2\/posts\/3092\/revisions\/3094"}],"wp:featuredmedia":[{"embeddable":true,"href":"https:\/\/cvinoticias.com\/v3\/wp-json\/wp\/v2\/media\/3093"}],"wp:attachment":[{"href":"https:\/\/cvinoticias.com\/v3\/wp-json\/wp\/v2\/media?parent=3092"}],"wp:term":[{"taxonomy":"category","embeddable":true,"href":"https:\/\/cvinoticias.com\/v3\/wp-json\/wp\/v2\/categories?post=3092"},{"taxonomy":"post_tag","embeddable":true,"href":"https:\/\/cvinoticias.com\/v3\/wp-json\/wp\/v2\/tags?post=3092"}],"curies":[{"name":"wp","href":"https:\/\/api.w.org\/{rel}","templated":true}]}}