{"id":30904,"date":"2023-12-13T17:37:49","date_gmt":"2023-12-13T20:37:49","guid":{"rendered":"https:\/\/cvinoticias.com\/v3\/?p=30904"},"modified":"2023-12-13T17:37:49","modified_gmt":"2023-12-13T20:37:49","slug":"la-cgt-se-quejo-de-que-el-ajuste-lo-paga-el-pueblo-y-pidio-mas-dialogo-al-gobierno","status":"publish","type":"post","link":"https:\/\/cvinoticias.com\/v3\/la-cgt-se-quejo-de-que-el-ajuste-lo-paga-el-pueblo-y-pidio-mas-dialogo-al-gobierno\/","title":{"rendered":"La CGT se quej\u00f3 de que \u00abel ajuste lo paga el pueblo\u00bb y pidi\u00f3 m\u00e1s di\u00e1logo al Gobierno"},"content":{"rendered":"\n<p><strong><em>\u00abNo estamos ante un plan econ\u00f3mico, estamos ante medidas desordenadas de ajuste\u00bb, alertaron los sindicalistas tras una reuni\u00f3n en la UOCRA.<\/em><\/strong><\/p>\n\n\n\n<p>La CGT advirti\u00f3 hoy que \u00abel plan de ajuste fiscal y cambiario\u00bb anunciado por el Gobierno de Javier Milei \u00abgenerar\u00e1 una fuerte aceleraci\u00f3n del proceso inflacionario, que dinamitar\u00e1 el poder adquisitivo de los salarios\u00bb, lament\u00f3 que la medida \u00abla paga el pueblo y no la casta\u00bb, y reclam\u00f3 \u00abuna convocatoria al dialogo\u00bb por parte del Poder Ejecutivo.<\/p>\n\n\n\n<p>Al respecto, alertaron: \u00abNo estamos ante un plan econ\u00f3mico, estamos ante medidas desordenadas de ajuste\u00bb.<\/p>\n\n\n\n<p>La central obrera se pronunci\u00f3 as\u00ed en un comunicado que difundi\u00f3 tras una reuni\u00f3n de sus referentes en la sede del sindicato de la UOCRA para analizar la situaci\u00f3n tras las medidas de ajuste fiscal que anunci\u00f3 el ministro de Econom\u00eda, Luis Caputo.<\/p>\n\n\n\n<p>Consultado sobre si ya se habla de un paro general contra la gesti\u00f3n Milei puertas adentro de la central, el cosecretario general de la CGT H\u00e9ctor Daer respondi\u00f3: \u00abNo estamos hablando de medidas de fuerza. Pero como dice el comunicado, no vamos a estar de brazos cruzados\u00bb.<\/p>\n\n\n\n<p>\u00abEl plan de ajuste fiscal y cambiario anunciado por el Gobierno generar\u00e1 una fuerte aceleraci\u00f3n del proceso inflacionario, que dinamitar\u00e1 el poder adquisitivo de los salarios de los trabajadores formales e informales, trabajadores de la econom\u00eda social y solidaria, de cuentapropistas y aut\u00f3nomos, as\u00ed como tambi\u00e9n de jubilados y pensionados\u00bb, comenz\u00f3 se\u00f1alando la CGT.<\/p>\n\n\n\n<p>Y sigui\u00f3: \u201cEsto significa que, el anunciado ajuste, no ajusta a la denominada casta como se prometi\u00f3 en la campa\u00f1a. El ajuste de Milei, una vez m\u00e1s, recae sobre el pueblo\u201d.<\/p>\n\n\n\n<p>\u00abDe acuerdo a lo pronosticado por las propias autoridades econ\u00f3micas del actual Gobierno, las medidas anunciadas ubicar\u00e1n el \u00edndice inflacionario mensual entre un 20 y un 30% al menos por el pr\u00f3ximo cuatrimestre situaci\u00f3n que, de no ser acompa\u00f1ada por una pol\u00edtica de ingresos ejercida a trav\u00e9s del libre ejercicio de las negociaciones paritarias y de pol\u00edticas activas compensatorias, pondr\u00e1 a millones de argentinos y argentinas en una situaci\u00f3n socioecon\u00f3mica desesperante, sin garant\u00edas de poder acceder a sus necesidades b\u00e1sicas\u00bb, alert\u00f3.<\/p>\n\n\n\n<p>La CGT remarc\u00f3 adem\u00e1s que \u00ablas medidas anunciadas, m\u00e1s que un ajuste ortodoxo, son un disciplinador social\u00bb, ya que \u00abahogan a las provincias v\u00eda recortes impositivos y pretenden una transferencia de recursos de los trabajadores y jubilados a la Naci\u00f3n por la ausencia de una pol\u00edtica de ingresos\u00bb.<\/p>\n\n\n\n<p>\u00abAdem\u00e1s, implican una fuerte paralizaci\u00f3n de la actividad econ\u00f3mica con su consecuente puesta en riesgo de cientos de miles de puestos de trabajo. El ordenamiento de la macroeconom\u00eda no debe ser fundamento para cargar sus costos de manera inequitativa sobre la sociedad argentina\u00bb, reclamaron los gremialistas.<\/p>\n\n\n\n<p>Por \u00faltimo aclararon: \u00abSigue siendo nuestra vocaci\u00f3n contribuir a la gobernabilidad. Para ello consideramos imprescindible una convocatoria al dialogo de parte de las autoridades gubernamentales\u00bb.<\/p>\n\n\n\n<p>\u00abLa CGT no se va a quedar de brazos cruzados. Reivindicamos los derechos sociolaborales, el respeto a la libertad sindical y la negociaci\u00f3n colectiva, el poder adquisitivo de los salarios y de las jubilaciones y la eliminaci\u00f3n del impuesto a las ganancias para los trabajadores y trabajadoras. No estamos ante un plan econ\u00f3mico, estamos ante medidas desordenadas de ajuste\u00bb, finalizaron.<\/p>\n\n\n\n<p>A la salida de la reuni\u00f3n, H\u00e9ctor Daer ofici\u00f3 de vocero y se quej\u00f3 de que en los anuncios de Caputo \u00abno se habla de los ingresos de los trabajadores y esto es una gran preocupaci\u00f3n para todos\u00bb. \u00abVen\u00edamos diciendo alertando sobre el valor de las tarifas y algunos nos dec\u00edan que divulg\u00e1bamos miedo y al final es ese el ajuste\u00bb, remarc\u00f3 el referente de Sanidad.<\/p>\n\n\n\n<p>Por otro lado, remarc\u00f3: \u00abNo tenemos locuci\u00f3n con el Gobierno, no est\u00e1n conformadas todas las \u00e1reas en Trabajo y no hemos pedido reuni\u00f3n\u00bb. Por \u00faltimo, Daer habl\u00f3 sobre el Impuesto a las Ganancias: \u00abCon la devaluaci\u00f3n y el d\u00f3lar a 820 pesos, no solo compensan lo de Ganancias sino que les sobra\u00bb.<\/p>\n","protected":false},"excerpt":{"rendered":"<p>\u00abNo estamos ante un plan econ\u00f3mico, estamos ante medidas desordenadas de ajuste\u00bb, alertaron los sindicalistas tras una reuni\u00f3n en la UOCRA. La CGT advirti\u00f3 hoy que \u00abel plan de ajuste fiscal y cambiario\u00bb anunciado por el Gobierno de Javier Milei \u00abgenerar\u00e1 una fuerte aceleraci\u00f3n del proceso inflacionario, que dinamitar\u00e1 el poder adquisitivo de los salarios\u00bb, [&hellip;]<\/p>\n","protected":false},"author":2,"featured_media":30905,"comment_status":"open","ping_status":"open","sticky":false,"template":"","format":"standard","meta":{"footnotes":""},"categories":[35],"tags":[],"class_list":["post-30904","post","type-post","status-publish","format-standard","has-post-thumbnail","hentry","category-informacion-general"],"yoast_head":"<!-- This site is optimized with the Yoast SEO plugin v27.5 - https:\/\/yoast.com\/product\/yoast-seo-wordpress\/ -->\n<title>La CGT se quej\u00f3 de que &quot;el ajuste lo paga el pueblo&quot; y pidi\u00f3 m\u00e1s di\u00e1logo al Gobierno | CVI NOTICIAS<\/title>\n<meta name=\"robots\" content=\"index, follow, max-snippet:-1, max-image-preview:large, max-video-preview:-1\" \/>\n<link rel=\"canonical\" href=\"https:\/\/cvinoticias.com\/v3\/la-cgt-se-quejo-de-que-el-ajuste-lo-paga-el-pueblo-y-pidio-mas-dialogo-al-gobierno\/\" \/>\n<meta property=\"og:locale\" content=\"es_ES\" \/>\n<meta property=\"og:type\" content=\"article\" \/>\n<meta property=\"og:title\" content=\"La CGT se quej\u00f3 de que &quot;el ajuste lo paga el pueblo&quot; y pidi\u00f3 m\u00e1s di\u00e1logo al Gobierno | CVI NOTICIAS\" \/>\n<meta property=\"og:description\" content=\"\u00abNo estamos ante un plan econ\u00f3mico, estamos ante medidas desordenadas de ajuste\u00bb, alertaron los sindicalistas tras una reuni\u00f3n en la UOCRA. La CGT advirti\u00f3 hoy que \u00abel plan de ajuste fiscal y cambiario\u00bb anunciado por el Gobierno de Javier Milei \u00abgenerar\u00e1 una fuerte aceleraci\u00f3n del proceso inflacionario, que dinamitar\u00e1 el poder adquisitivo de los salarios\u00bb, [&hellip;]\" \/>\n<meta property=\"og:url\" content=\"https:\/\/cvinoticias.com\/v3\/la-cgt-se-quejo-de-que-el-ajuste-lo-paga-el-pueblo-y-pidio-mas-dialogo-al-gobierno\/\" \/>\n<meta property=\"og:site_name\" content=\"CVI NOTICIAS\" \/>\n<meta property=\"article:publisher\" content=\"https:\/\/www.facebook.com\/cvinoticias\" \/>\n<meta property=\"article:published_time\" content=\"2023-12-13T20:37:49+00:00\" \/>\n<meta property=\"og:image\" content=\"https:\/\/cvinoticias.com\/wp-content\/uploads\/2023\/12\/360-13.jpg\" \/>\n\t<meta property=\"og:image:width\" content=\"597\" \/>\n\t<meta property=\"og:image:height\" content=\"360\" \/>\n\t<meta property=\"og:image:type\" content=\"image\/jpeg\" \/>\n<meta name=\"author\" content=\"f1000024\" \/>\n<meta name=\"twitter:card\" content=\"summary_large_image\" \/>\n<meta name=\"twitter:label1\" content=\"Escrito por\" \/>\n\t<meta name=\"twitter:data1\" content=\"f1000024\" \/>\n\t<meta name=\"twitter:label2\" content=\"Tiempo de lectura\" \/>\n\t<meta name=\"twitter:data2\" content=\"3 minutos\" \/>\n<script type=\"application\/ld+json\" class=\"yoast-schema-graph\">{\"@context\":\"https:\\\/\\\/schema.org\",\"@graph\":[{\"@type\":\"Article\",\"@id\":\"https:\\\/\\\/cvinoticias.com\\\/v3\\\/la-cgt-se-quejo-de-que-el-ajuste-lo-paga-el-pueblo-y-pidio-mas-dialogo-al-gobierno\\\/#article\",\"isPartOf\":{\"@id\":\"https:\\\/\\\/cvinoticias.com\\\/v3\\\/la-cgt-se-quejo-de-que-el-ajuste-lo-paga-el-pueblo-y-pidio-mas-dialogo-al-gobierno\\\/\"},\"author\":{\"name\":\"f1000024\",\"@id\":\"https:\\\/\\\/cvinoticias.com\\\/v3\\\/#\\\/schema\\\/person\\\/2db77e3c6bc03c538495d7b2b8be9b66\"},\"headline\":\"La CGT se quej\u00f3 de que \u00abel ajuste lo paga el pueblo\u00bb y pidi\u00f3 m\u00e1s di\u00e1logo al Gobierno\",\"datePublished\":\"2023-12-13T20:37:49+00:00\",\"mainEntityOfPage\":{\"@id\":\"https:\\\/\\\/cvinoticias.com\\\/v3\\\/la-cgt-se-quejo-de-que-el-ajuste-lo-paga-el-pueblo-y-pidio-mas-dialogo-al-gobierno\\\/\"},\"wordCount\":715,\"commentCount\":0,\"publisher\":{\"@id\":\"https:\\\/\\\/cvinoticias.com\\\/v3\\\/#organization\"},\"image\":{\"@id\":\"https:\\\/\\\/cvinoticias.com\\\/v3\\\/la-cgt-se-quejo-de-que-el-ajuste-lo-paga-el-pueblo-y-pidio-mas-dialogo-al-gobierno\\\/#primaryimage\"},\"thumbnailUrl\":\"https:\\\/\\\/cvinoticias.com\\\/wp-content\\\/uploads\\\/2023\\\/12\\\/360-13.jpg\",\"articleSection\":[\"Informaci\u00f3n General\"],\"inLanguage\":\"es\",\"potentialAction\":[{\"@type\":\"CommentAction\",\"name\":\"Comment\",\"target\":[\"https:\\\/\\\/cvinoticias.com\\\/v3\\\/la-cgt-se-quejo-de-que-el-ajuste-lo-paga-el-pueblo-y-pidio-mas-dialogo-al-gobierno\\\/#respond\"]}]},{\"@type\":\"WebPage\",\"@id\":\"https:\\\/\\\/cvinoticias.com\\\/v3\\\/la-cgt-se-quejo-de-que-el-ajuste-lo-paga-el-pueblo-y-pidio-mas-dialogo-al-gobierno\\\/\",\"url\":\"https:\\\/\\\/cvinoticias.com\\\/v3\\\/la-cgt-se-quejo-de-que-el-ajuste-lo-paga-el-pueblo-y-pidio-mas-dialogo-al-gobierno\\\/\",\"name\":\"La CGT se quej\u00f3 de que \\\"el ajuste lo paga el pueblo\\\" y pidi\u00f3 m\u00e1s di\u00e1logo al Gobierno | CVI NOTICIAS\",\"isPartOf\":{\"@id\":\"https:\\\/\\\/cvinoticias.com\\\/v3\\\/#website\"},\"primaryImageOfPage\":{\"@id\":\"https:\\\/\\\/cvinoticias.com\\\/v3\\\/la-cgt-se-quejo-de-que-el-ajuste-lo-paga-el-pueblo-y-pidio-mas-dialogo-al-gobierno\\\/#primaryimage\"},\"image\":{\"@id\":\"https:\\\/\\\/cvinoticias.com\\\/v3\\\/la-cgt-se-quejo-de-que-el-ajuste-lo-paga-el-pueblo-y-pidio-mas-dialogo-al-gobierno\\\/#primaryimage\"},\"thumbnailUrl\":\"https:\\\/\\\/cvinoticias.com\\\/wp-content\\\/uploads\\\/2023\\\/12\\\/360-13.jpg\",\"datePublished\":\"2023-12-13T20:37:49+00:00\",\"breadcrumb\":{\"@id\":\"https:\\\/\\\/cvinoticias.com\\\/v3\\\/la-cgt-se-quejo-de-que-el-ajuste-lo-paga-el-pueblo-y-pidio-mas-dialogo-al-gobierno\\\/#breadcrumb\"},\"inLanguage\":\"es\",\"potentialAction\":[{\"@type\":\"ReadAction\",\"target\":[\"https:\\\/\\\/cvinoticias.com\\\/v3\\\/la-cgt-se-quejo-de-que-el-ajuste-lo-paga-el-pueblo-y-pidio-mas-dialogo-al-gobierno\\\/\"]}]},{\"@type\":\"ImageObject\",\"inLanguage\":\"es\",\"@id\":\"https:\\\/\\\/cvinoticias.com\\\/v3\\\/la-cgt-se-quejo-de-que-el-ajuste-lo-paga-el-pueblo-y-pidio-mas-dialogo-al-gobierno\\\/#primaryimage\",\"url\":\"https:\\\/\\\/cvinoticias.com\\\/wp-content\\\/uploads\\\/2023\\\/12\\\/360-13.jpg\",\"contentUrl\":\"https:\\\/\\\/cvinoticias.com\\\/wp-content\\\/uploads\\\/2023\\\/12\\\/360-13.jpg\",\"width\":597,\"height\":360},{\"@type\":\"BreadcrumbList\",\"@id\":\"https:\\\/\\\/cvinoticias.com\\\/v3\\\/la-cgt-se-quejo-de-que-el-ajuste-lo-paga-el-pueblo-y-pidio-mas-dialogo-al-gobierno\\\/#breadcrumb\",\"itemListElement\":[{\"@type\":\"ListItem\",\"position\":1,\"name\":\"Portada\",\"item\":\"https:\\\/\\\/cvinoticias.com\\\/v3\\\/\"},{\"@type\":\"ListItem\",\"position\":2,\"name\":\"La CGT se quej\u00f3 de que \u00abel ajuste lo paga el pueblo\u00bb y pidi\u00f3 m\u00e1s di\u00e1logo al Gobierno\"}]},{\"@type\":\"WebSite\",\"@id\":\"https:\\\/\\\/cvinoticias.com\\\/v3\\\/#website\",\"url\":\"https:\\\/\\\/cvinoticias.com\\\/v3\\\/\",\"name\":\"CVI NOTICIAS\",\"description\":\"\",\"publisher\":{\"@id\":\"https:\\\/\\\/cvinoticias.com\\\/v3\\\/#organization\"},\"alternateName\":\"CVI\",\"potentialAction\":[{\"@type\":\"SearchAction\",\"target\":{\"@type\":\"EntryPoint\",\"urlTemplate\":\"https:\\\/\\\/cvinoticias.com\\\/v3\\\/?s={search_term_string}\"},\"query-input\":{\"@type\":\"PropertyValueSpecification\",\"valueRequired\":true,\"valueName\":\"search_term_string\"}}],\"inLanguage\":\"es\"},{\"@type\":\"Organization\",\"@id\":\"https:\\\/\\\/cvinoticias.com\\\/v3\\\/#organization\",\"name\":\"CVI NOTICIAS\",\"url\":\"https:\\\/\\\/cvinoticias.com\\\/v3\\\/\",\"logo\":{\"@type\":\"ImageObject\",\"inLanguage\":\"es\",\"@id\":\"https:\\\/\\\/cvinoticias.com\\\/v3\\\/#\\\/schema\\\/logo\\\/image\\\/\",\"url\":\"https:\\\/\\\/cvinoticias.com\\\/wp-content\\\/uploads\\\/2023\\\/04\\\/cropped-cropped-cropped-cropped-cropped-3-1.png\",\"contentUrl\":\"https:\\\/\\\/cvinoticias.com\\\/wp-content\\\/uploads\\\/2023\\\/04\\\/cropped-cropped-cropped-cropped-cropped-3-1.png\",\"width\":95,\"height\":122,\"caption\":\"CVI NOTICIAS\"},\"image\":{\"@id\":\"https:\\\/\\\/cvinoticias.com\\\/v3\\\/#\\\/schema\\\/logo\\\/image\\\/\"},\"sameAs\":[\"https:\\\/\\\/www.facebook.com\\\/cvinoticias\",\"https:\\\/\\\/www.instagram.com\\\/cvinoticias\\\/\",\"https:\\\/\\\/www.youtube.com\\\/@CVINOTICIAS\"]},{\"@type\":\"Person\",\"@id\":\"https:\\\/\\\/cvinoticias.com\\\/v3\\\/#\\\/schema\\\/person\\\/2db77e3c6bc03c538495d7b2b8be9b66\",\"name\":\"f1000024\",\"image\":{\"@type\":\"ImageObject\",\"inLanguage\":\"es\",\"@id\":\"https:\\\/\\\/secure.gravatar.com\\\/avatar\\\/d4fe7459cfc51ff5129ce1a732bbef5928568b8092d412ef95611616376bbeed?s=96&d=mm&r=g\",\"url\":\"https:\\\/\\\/secure.gravatar.com\\\/avatar\\\/d4fe7459cfc51ff5129ce1a732bbef5928568b8092d412ef95611616376bbeed?s=96&d=mm&r=g\",\"contentUrl\":\"https:\\\/\\\/secure.gravatar.com\\\/avatar\\\/d4fe7459cfc51ff5129ce1a732bbef5928568b8092d412ef95611616376bbeed?s=96&d=mm&r=g\",\"caption\":\"f1000024\"},\"url\":\"https:\\\/\\\/cvinoticias.com\\\/v3\\\/author\\\/f1000024\\\/\"}]}<\/script>\n<!-- \/ Yoast SEO plugin. -->","yoast_head_json":{"title":"La CGT se quej\u00f3 de que \"el ajuste lo paga el pueblo\" y pidi\u00f3 m\u00e1s di\u00e1logo al Gobierno | CVI NOTICIAS","robots":{"index":"index","follow":"follow","max-snippet":"max-snippet:-1","max-image-preview":"max-image-preview:large","max-video-preview":"max-video-preview:-1"},"canonical":"https:\/\/cvinoticias.com\/v3\/la-cgt-se-quejo-de-que-el-ajuste-lo-paga-el-pueblo-y-pidio-mas-dialogo-al-gobierno\/","og_locale":"es_ES","og_type":"article","og_title":"La CGT se quej\u00f3 de que \"el ajuste lo paga el pueblo\" y pidi\u00f3 m\u00e1s di\u00e1logo al Gobierno | CVI NOTICIAS","og_description":"\u00abNo estamos ante un plan econ\u00f3mico, estamos ante medidas desordenadas de ajuste\u00bb, alertaron los sindicalistas tras una reuni\u00f3n en la UOCRA. La CGT advirti\u00f3 hoy que \u00abel plan de ajuste fiscal y cambiario\u00bb anunciado por el Gobierno de Javier Milei \u00abgenerar\u00e1 una fuerte aceleraci\u00f3n del proceso inflacionario, que dinamitar\u00e1 el poder adquisitivo de los salarios\u00bb, [&hellip;]","og_url":"https:\/\/cvinoticias.com\/v3\/la-cgt-se-quejo-de-que-el-ajuste-lo-paga-el-pueblo-y-pidio-mas-dialogo-al-gobierno\/","og_site_name":"CVI NOTICIAS","article_publisher":"https:\/\/www.facebook.com\/cvinoticias","article_published_time":"2023-12-13T20:37:49+00:00","og_image":[{"width":597,"height":360,"url":"https:\/\/cvinoticias.com\/wp-content\/uploads\/2023\/12\/360-13.jpg","type":"image\/jpeg"}],"author":"f1000024","twitter_card":"summary_large_image","twitter_misc":{"Escrito por":"f1000024","Tiempo de lectura":"3 minutos"},"schema":{"@context":"https:\/\/schema.org","@graph":[{"@type":"Article","@id":"https:\/\/cvinoticias.com\/v3\/la-cgt-se-quejo-de-que-el-ajuste-lo-paga-el-pueblo-y-pidio-mas-dialogo-al-gobierno\/#article","isPartOf":{"@id":"https:\/\/cvinoticias.com\/v3\/la-cgt-se-quejo-de-que-el-ajuste-lo-paga-el-pueblo-y-pidio-mas-dialogo-al-gobierno\/"},"author":{"name":"f1000024","@id":"https:\/\/cvinoticias.com\/v3\/#\/schema\/person\/2db77e3c6bc03c538495d7b2b8be9b66"},"headline":"La CGT se quej\u00f3 de que \u00abel ajuste lo paga el pueblo\u00bb y pidi\u00f3 m\u00e1s di\u00e1logo al Gobierno","datePublished":"2023-12-13T20:37:49+00:00","mainEntityOfPage":{"@id":"https:\/\/cvinoticias.com\/v3\/la-cgt-se-quejo-de-que-el-ajuste-lo-paga-el-pueblo-y-pidio-mas-dialogo-al-gobierno\/"},"wordCount":715,"commentCount":0,"publisher":{"@id":"https:\/\/cvinoticias.com\/v3\/#organization"},"image":{"@id":"https:\/\/cvinoticias.com\/v3\/la-cgt-se-quejo-de-que-el-ajuste-lo-paga-el-pueblo-y-pidio-mas-dialogo-al-gobierno\/#primaryimage"},"thumbnailUrl":"https:\/\/cvinoticias.com\/wp-content\/uploads\/2023\/12\/360-13.jpg","articleSection":["Informaci\u00f3n General"],"inLanguage":"es","potentialAction":[{"@type":"CommentAction","name":"Comment","target":["https:\/\/cvinoticias.com\/v3\/la-cgt-se-quejo-de-que-el-ajuste-lo-paga-el-pueblo-y-pidio-mas-dialogo-al-gobierno\/#respond"]}]},{"@type":"WebPage","@id":"https:\/\/cvinoticias.com\/v3\/la-cgt-se-quejo-de-que-el-ajuste-lo-paga-el-pueblo-y-pidio-mas-dialogo-al-gobierno\/","url":"https:\/\/cvinoticias.com\/v3\/la-cgt-se-quejo-de-que-el-ajuste-lo-paga-el-pueblo-y-pidio-mas-dialogo-al-gobierno\/","name":"La CGT se quej\u00f3 de que \"el ajuste lo paga el pueblo\" y pidi\u00f3 m\u00e1s di\u00e1logo al Gobierno | CVI NOTICIAS","isPartOf":{"@id":"https:\/\/cvinoticias.com\/v3\/#website"},"primaryImageOfPage":{"@id":"https:\/\/cvinoticias.com\/v3\/la-cgt-se-quejo-de-que-el-ajuste-lo-paga-el-pueblo-y-pidio-mas-dialogo-al-gobierno\/#primaryimage"},"image":{"@id":"https:\/\/cvinoticias.com\/v3\/la-cgt-se-quejo-de-que-el-ajuste-lo-paga-el-pueblo-y-pidio-mas-dialogo-al-gobierno\/#primaryimage"},"thumbnailUrl":"https:\/\/cvinoticias.com\/wp-content\/uploads\/2023\/12\/360-13.jpg","datePublished":"2023-12-13T20:37:49+00:00","breadcrumb":{"@id":"https:\/\/cvinoticias.com\/v3\/la-cgt-se-quejo-de-que-el-ajuste-lo-paga-el-pueblo-y-pidio-mas-dialogo-al-gobierno\/#breadcrumb"},"inLanguage":"es","potentialAction":[{"@type":"ReadAction","target":["https:\/\/cvinoticias.com\/v3\/la-cgt-se-quejo-de-que-el-ajuste-lo-paga-el-pueblo-y-pidio-mas-dialogo-al-gobierno\/"]}]},{"@type":"ImageObject","inLanguage":"es","@id":"https:\/\/cvinoticias.com\/v3\/la-cgt-se-quejo-de-que-el-ajuste-lo-paga-el-pueblo-y-pidio-mas-dialogo-al-gobierno\/#primaryimage","url":"https:\/\/cvinoticias.com\/wp-content\/uploads\/2023\/12\/360-13.jpg","contentUrl":"https:\/\/cvinoticias.com\/wp-content\/uploads\/2023\/12\/360-13.jpg","width":597,"height":360},{"@type":"BreadcrumbList","@id":"https:\/\/cvinoticias.com\/v3\/la-cgt-se-quejo-de-que-el-ajuste-lo-paga-el-pueblo-y-pidio-mas-dialogo-al-gobierno\/#breadcrumb","itemListElement":[{"@type":"ListItem","position":1,"name":"Portada","item":"https:\/\/cvinoticias.com\/v3\/"},{"@type":"ListItem","position":2,"name":"La CGT se quej\u00f3 de que \u00abel ajuste lo paga el pueblo\u00bb y pidi\u00f3 m\u00e1s di\u00e1logo al Gobierno"}]},{"@type":"WebSite","@id":"https:\/\/cvinoticias.com\/v3\/#website","url":"https:\/\/cvinoticias.com\/v3\/","name":"CVI NOTICIAS","description":"","publisher":{"@id":"https:\/\/cvinoticias.com\/v3\/#organization"},"alternateName":"CVI","potentialAction":[{"@type":"SearchAction","target":{"@type":"EntryPoint","urlTemplate":"https:\/\/cvinoticias.com\/v3\/?s={search_term_string}"},"query-input":{"@type":"PropertyValueSpecification","valueRequired":true,"valueName":"search_term_string"}}],"inLanguage":"es"},{"@type":"Organization","@id":"https:\/\/cvinoticias.com\/v3\/#organization","name":"CVI NOTICIAS","url":"https:\/\/cvinoticias.com\/v3\/","logo":{"@type":"ImageObject","inLanguage":"es","@id":"https:\/\/cvinoticias.com\/v3\/#\/schema\/logo\/image\/","url":"https:\/\/cvinoticias.com\/wp-content\/uploads\/2023\/04\/cropped-cropped-cropped-cropped-cropped-3-1.png","contentUrl":"https:\/\/cvinoticias.com\/wp-content\/uploads\/2023\/04\/cropped-cropped-cropped-cropped-cropped-3-1.png","width":95,"height":122,"caption":"CVI NOTICIAS"},"image":{"@id":"https:\/\/cvinoticias.com\/v3\/#\/schema\/logo\/image\/"},"sameAs":["https:\/\/www.facebook.com\/cvinoticias","https:\/\/www.instagram.com\/cvinoticias\/","https:\/\/www.youtube.com\/@CVINOTICIAS"]},{"@type":"Person","@id":"https:\/\/cvinoticias.com\/v3\/#\/schema\/person\/2db77e3c6bc03c538495d7b2b8be9b66","name":"f1000024","image":{"@type":"ImageObject","inLanguage":"es","@id":"https:\/\/secure.gravatar.com\/avatar\/d4fe7459cfc51ff5129ce1a732bbef5928568b8092d412ef95611616376bbeed?s=96&d=mm&r=g","url":"https:\/\/secure.gravatar.com\/avatar\/d4fe7459cfc51ff5129ce1a732bbef5928568b8092d412ef95611616376bbeed?s=96&d=mm&r=g","contentUrl":"https:\/\/secure.gravatar.com\/avatar\/d4fe7459cfc51ff5129ce1a732bbef5928568b8092d412ef95611616376bbeed?s=96&d=mm&r=g","caption":"f1000024"},"url":"https:\/\/cvinoticias.com\/v3\/author\/f1000024\/"}]}},"_links":{"self":[{"href":"https:\/\/cvinoticias.com\/v3\/wp-json\/wp\/v2\/posts\/30904","targetHints":{"allow":["GET"]}}],"collection":[{"href":"https:\/\/cvinoticias.com\/v3\/wp-json\/wp\/v2\/posts"}],"about":[{"href":"https:\/\/cvinoticias.com\/v3\/wp-json\/wp\/v2\/types\/post"}],"author":[{"embeddable":true,"href":"https:\/\/cvinoticias.com\/v3\/wp-json\/wp\/v2\/users\/2"}],"replies":[{"embeddable":true,"href":"https:\/\/cvinoticias.com\/v3\/wp-json\/wp\/v2\/comments?post=30904"}],"version-history":[{"count":1,"href":"https:\/\/cvinoticias.com\/v3\/wp-json\/wp\/v2\/posts\/30904\/revisions"}],"predecessor-version":[{"id":30906,"href":"https:\/\/cvinoticias.com\/v3\/wp-json\/wp\/v2\/posts\/30904\/revisions\/30906"}],"wp:featuredmedia":[{"embeddable":true,"href":"https:\/\/cvinoticias.com\/v3\/wp-json\/wp\/v2\/media\/30905"}],"wp:attachment":[{"href":"https:\/\/cvinoticias.com\/v3\/wp-json\/wp\/v2\/media?parent=30904"}],"wp:term":[{"taxonomy":"category","embeddable":true,"href":"https:\/\/cvinoticias.com\/v3\/wp-json\/wp\/v2\/categories?post=30904"},{"taxonomy":"post_tag","embeddable":true,"href":"https:\/\/cvinoticias.com\/v3\/wp-json\/wp\/v2\/tags?post=30904"}],"curies":[{"name":"wp","href":"https:\/\/api.w.org\/{rel}","templated":true}]}}