{"id":30901,"date":"2023-12-13T17:31:58","date_gmt":"2023-12-13T20:31:58","guid":{"rendered":"https:\/\/cvinoticias.com\/v3\/?p=30901"},"modified":"2023-12-13T17:31:58","modified_gmt":"2023-12-13T20:31:58","slug":"la-inflacion-de-noviembre-fue-del-128-y-la-interanual-alcanzo-el-1609","status":"publish","type":"post","link":"https:\/\/cvinoticias.com\/v3\/la-inflacion-de-noviembre-fue-del-128-y-la-interanual-alcanzo-el-1609\/","title":{"rendered":"La inflaci\u00f3n de noviembre fue del 12,8% y la interanual alcanz\u00f3 el 160,9%"},"content":{"rendered":"\n<p><strong><em>Alimentos y Bebidas volvi\u00f3 a subir por encima de la general, con 15,7%. En lo que va del a\u00f1o los precios se incrementaron un 148,2%<\/em><\/strong><\/p>\n\n\n\n<p>La inflaci\u00f3n de noviembre, la \u00faltima de la gesti\u00f3n Alberto Fern\u00e1ndez-Sergio Massa, fue de 12,8% y as\u00ed acumula 160,9% en los \u00faltimos doce meses.<\/p>\n\n\n\n<p>En lo que va del a\u00f1o, los precios subieron en promedio un 148,2%, inform\u00f3 este mi\u00e9rcoles el INDEC.<\/p>\n\n\n\n<p>La divisi\u00f3n con mayor incidencia en todas las regiones fue Alimentos y bebidas no alcoh\u00f3licas (15,7%). Al interior de la divisi\u00f3n tuvieron mayor incidencia las subas de Carnes y derivados, Aguas minerales, bebidas gaseosas y jugos, y Pan y cereales.<\/p>\n\n\n\n<p>El aumento de alimentos y bebidas cuando se observa su evoluci\u00f3n en los \u00faltimos doce meses, marca un 183,6%, casi 23 puntos porcentuales por encima del \u00edndice general. Aqu\u00ed se deja ver el fuerte impacto que tiene sobre las canastas b\u00e1sicas la inflaci\u00f3n y el mayor golpe a las clases bajas que gastan relativamente mas en comida. En estos n\u00fameros est\u00e1 la explicaci\u00f3n del aumento de la pobreza y la indigencia.<\/p>\n\n\n\n<p>La divisi\u00f3n de mayor aumento en el mes fue Salud (15,9%), producto de las subas en los medicamentos y en las cuotas de empresas de medicina prepaga. Le siguieron Alimentos y bebidas no alcoh\u00f3licas (15,7%) -con las mayores subas en Aguas minerales, bebidas gaseosas y jugos, Frutas, y Verduras, tub\u00e9rculos y legumbres- y Comunicaci\u00f3n (15,2%), por los incrementos en servicios de telefon\u00eda m\u00f3vil e internet.<\/p>\n\n\n\n<p>Recreaci\u00f3n y Cultura es el cuarto rubro que se encuentra por encima del \u00edndice general con 13,2%. Ya debajo del indice general, pero por encima de los dos d\u00edgitos, aparecen Equipamiento y mantenimiento del Hogar (12,4%), Restaurantes y Hoteles (12,0%), Bebidas Alcoh\u00f3licas y Tabaco (11,8%) y Blancos y servicios varios (11,5%), Transporte (10,4%) y Prendas de vestir y calzado (10%).<\/p>\n\n\n\n<p>Las dos divisiones que registraron las menores variaciones en noviembre fueron Vivienda, agua, electricidad y otros combustibles (7,1%) y Educaci\u00f3n (8,3%).<\/p>\n\n\n\n<p>A nivel de las categor\u00edas, el IPC N\u00facleo (13,4%) lider\u00f3 el aumento seguida por Estacionales (12,8%), mientras que Regulados registr\u00f3 un incremento de 10,1%.<\/p>\n\n\n\n<p>La proyecci\u00f3n para lo que viene en diciembre en materia inflacionaria es cuanto menos compleja. Previamente a los anuncios de ayer del ministro de Econom\u00eda, Luis Caputo, la consultora Eco Go hab\u00eda relevado los precios de la primer semana de diciembre en Alimentos y bebidas con un primer registro semanal del 8,2%, lo que resaltaron como \u201cel registro m\u00e1s alto hasta la fecha\u201d, y proyectan la inflaci\u00f3n de alimentos consumidos en el hogar en diciembre en el orden del 28,0% mensual.<\/p>\n\n\n\n<p>\u201cEsta estimaci\u00f3n considera una proyecci\u00f3n de entre 4% y 8% semanal para lo que resta del mes, incorporando un salto del tipo de cambio que impactar\u00eda sobre los precios. Si adem\u00e1s se consideran los alimentos consumidos fuera del hogar (27,8%), la inflaci\u00f3n en alimentos alcanzar\u00eda el 28,0%\u201d, destacaba el relevamiento a cargo de Sebasti\u00e1n Menescaldi y Marina Dal Poggetto. La proyecci\u00f3n del nivel general de diciembre era proyectada en 23,0% mensual, con el supuesto de una devaluaci\u00f3n con traslado a precios y la liberaci\u00f3n de m\u00faltiples precios antes regulados, cuesti\u00f3n que se est\u00e1 materializando.<\/p>\n\n\n\n<p>Desde Fundaci\u00f3n Libertad y Progreso, el economista Emilio Prado sostuvo que \u201cArgentina transita un proceso hiperinflacionario \u201cmoderno\u201d con aumentos de precios mensuales de dos d\u00edgitos en promedio desde agosto y un acumulado cercano al 150% en el a\u00f1o, por lo que, hay que remontarnos 30 a\u00f1os atr\u00e1s para ver un registro similar que tristemente desemboc\u00f3 en la hiperinflaci\u00f3n del 90\u2019. Es evidente, otra vez, que los controles de precios y los cepos cambiarios no terminan en buen puerto, y mucho menos, para enfrentar las consecuencias de una monumental emisi\u00f3n de pesos para palear los excesos de gasto p\u00fablico. Si bien se espera mayor inflaci\u00f3n en el corto plazo, el nuevo gobierno debe de ejecutar un plan de estabilizaci\u00f3n lo m\u00e1s ordenado posible y presentar una serie de reformas que den sustento a este plan para que los precios empiecen a desacelerarse antes de que termine el a\u00f1o 2024\u201d.<\/p>\n","protected":false},"excerpt":{"rendered":"<p>Alimentos y Bebidas volvi\u00f3 a subir por encima de la general, con 15,7%. En lo que va del a\u00f1o los precios se incrementaron un 148,2% La inflaci\u00f3n de noviembre, la \u00faltima de la gesti\u00f3n Alberto Fern\u00e1ndez-Sergio Massa, fue de 12,8% y as\u00ed acumula 160,9% en los \u00faltimos doce meses. En lo que va del a\u00f1o, [&hellip;]<\/p>\n","protected":false},"author":2,"featured_media":30902,"comment_status":"open","ping_status":"open","sticky":false,"template":"","format":"standard","meta":{"footnotes":""},"categories":[32],"tags":[],"class_list":["post-30901","post","type-post","status-publish","format-standard","has-post-thumbnail","hentry","category-economia"],"yoast_head":"<!-- This site is optimized with the Yoast SEO plugin v27.4 - https:\/\/yoast.com\/product\/yoast-seo-wordpress\/ -->\n<title>La inflaci\u00f3n de noviembre fue del 12,8% y la interanual alcanz\u00f3 el 160,9% | CVI NOTICIAS<\/title>\n<meta name=\"robots\" content=\"index, follow, max-snippet:-1, max-image-preview:large, max-video-preview:-1\" \/>\n<link rel=\"canonical\" href=\"https:\/\/cvinoticias.com\/v3\/la-inflacion-de-noviembre-fue-del-128-y-la-interanual-alcanzo-el-1609\/\" \/>\n<meta property=\"og:locale\" content=\"es_ES\" \/>\n<meta property=\"og:type\" content=\"article\" \/>\n<meta property=\"og:title\" content=\"La inflaci\u00f3n de noviembre fue del 12,8% y la interanual alcanz\u00f3 el 160,9% | CVI NOTICIAS\" \/>\n<meta property=\"og:description\" content=\"Alimentos y Bebidas volvi\u00f3 a subir por encima de la general, con 15,7%. En lo que va del a\u00f1o los precios se incrementaron un 148,2% La inflaci\u00f3n de noviembre, la \u00faltima de la gesti\u00f3n Alberto Fern\u00e1ndez-Sergio Massa, fue de 12,8% y as\u00ed acumula 160,9% en los \u00faltimos doce meses. En lo que va del a\u00f1o, [&hellip;]\" \/>\n<meta property=\"og:url\" content=\"https:\/\/cvinoticias.com\/v3\/la-inflacion-de-noviembre-fue-del-128-y-la-interanual-alcanzo-el-1609\/\" \/>\n<meta property=\"og:site_name\" content=\"CVI NOTICIAS\" \/>\n<meta property=\"article:publisher\" content=\"https:\/\/www.facebook.com\/cvinoticias\" \/>\n<meta property=\"article:published_time\" content=\"2023-12-13T20:31:58+00:00\" \/>\n<meta property=\"og:image\" content=\"https:\/\/cvinoticias.com\/wp-content\/uploads\/2023\/12\/360-12.jpg\" \/>\n\t<meta property=\"og:image:width\" content=\"527\" \/>\n\t<meta property=\"og:image:height\" content=\"360\" \/>\n\t<meta property=\"og:image:type\" content=\"image\/jpeg\" \/>\n<meta name=\"author\" content=\"f1000024\" \/>\n<meta name=\"twitter:card\" content=\"summary_large_image\" \/>\n<meta name=\"twitter:label1\" content=\"Escrito por\" \/>\n\t<meta name=\"twitter:data1\" content=\"f1000024\" \/>\n\t<meta name=\"twitter:label2\" content=\"Tiempo de lectura\" \/>\n\t<meta name=\"twitter:data2\" content=\"3 minutos\" \/>\n<script type=\"application\/ld+json\" class=\"yoast-schema-graph\">{\"@context\":\"https:\\\/\\\/schema.org\",\"@graph\":[{\"@type\":\"Article\",\"@id\":\"https:\\\/\\\/cvinoticias.com\\\/v3\\\/la-inflacion-de-noviembre-fue-del-128-y-la-interanual-alcanzo-el-1609\\\/#article\",\"isPartOf\":{\"@id\":\"https:\\\/\\\/cvinoticias.com\\\/v3\\\/la-inflacion-de-noviembre-fue-del-128-y-la-interanual-alcanzo-el-1609\\\/\"},\"author\":{\"name\":\"f1000024\",\"@id\":\"https:\\\/\\\/cvinoticias.com\\\/v3\\\/#\\\/schema\\\/person\\\/2db77e3c6bc03c538495d7b2b8be9b66\"},\"headline\":\"La inflaci\u00f3n de noviembre fue del 12,8% y la interanual alcanz\u00f3 el 160,9%\",\"datePublished\":\"2023-12-13T20:31:58+00:00\",\"mainEntityOfPage\":{\"@id\":\"https:\\\/\\\/cvinoticias.com\\\/v3\\\/la-inflacion-de-noviembre-fue-del-128-y-la-interanual-alcanzo-el-1609\\\/\"},\"wordCount\":704,\"commentCount\":0,\"publisher\":{\"@id\":\"https:\\\/\\\/cvinoticias.com\\\/v3\\\/#organization\"},\"image\":{\"@id\":\"https:\\\/\\\/cvinoticias.com\\\/v3\\\/la-inflacion-de-noviembre-fue-del-128-y-la-interanual-alcanzo-el-1609\\\/#primaryimage\"},\"thumbnailUrl\":\"https:\\\/\\\/cvinoticias.com\\\/wp-content\\\/uploads\\\/2023\\\/12\\\/360-12.jpg\",\"articleSection\":[\"Econom\u00eda\"],\"inLanguage\":\"es\",\"potentialAction\":[{\"@type\":\"CommentAction\",\"name\":\"Comment\",\"target\":[\"https:\\\/\\\/cvinoticias.com\\\/v3\\\/la-inflacion-de-noviembre-fue-del-128-y-la-interanual-alcanzo-el-1609\\\/#respond\"]}]},{\"@type\":\"WebPage\",\"@id\":\"https:\\\/\\\/cvinoticias.com\\\/v3\\\/la-inflacion-de-noviembre-fue-del-128-y-la-interanual-alcanzo-el-1609\\\/\",\"url\":\"https:\\\/\\\/cvinoticias.com\\\/v3\\\/la-inflacion-de-noviembre-fue-del-128-y-la-interanual-alcanzo-el-1609\\\/\",\"name\":\"La inflaci\u00f3n de noviembre fue del 12,8% y la interanual alcanz\u00f3 el 160,9% | CVI NOTICIAS\",\"isPartOf\":{\"@id\":\"https:\\\/\\\/cvinoticias.com\\\/v3\\\/#website\"},\"primaryImageOfPage\":{\"@id\":\"https:\\\/\\\/cvinoticias.com\\\/v3\\\/la-inflacion-de-noviembre-fue-del-128-y-la-interanual-alcanzo-el-1609\\\/#primaryimage\"},\"image\":{\"@id\":\"https:\\\/\\\/cvinoticias.com\\\/v3\\\/la-inflacion-de-noviembre-fue-del-128-y-la-interanual-alcanzo-el-1609\\\/#primaryimage\"},\"thumbnailUrl\":\"https:\\\/\\\/cvinoticias.com\\\/wp-content\\\/uploads\\\/2023\\\/12\\\/360-12.jpg\",\"datePublished\":\"2023-12-13T20:31:58+00:00\",\"breadcrumb\":{\"@id\":\"https:\\\/\\\/cvinoticias.com\\\/v3\\\/la-inflacion-de-noviembre-fue-del-128-y-la-interanual-alcanzo-el-1609\\\/#breadcrumb\"},\"inLanguage\":\"es\",\"potentialAction\":[{\"@type\":\"ReadAction\",\"target\":[\"https:\\\/\\\/cvinoticias.com\\\/v3\\\/la-inflacion-de-noviembre-fue-del-128-y-la-interanual-alcanzo-el-1609\\\/\"]}]},{\"@type\":\"ImageObject\",\"inLanguage\":\"es\",\"@id\":\"https:\\\/\\\/cvinoticias.com\\\/v3\\\/la-inflacion-de-noviembre-fue-del-128-y-la-interanual-alcanzo-el-1609\\\/#primaryimage\",\"url\":\"https:\\\/\\\/cvinoticias.com\\\/wp-content\\\/uploads\\\/2023\\\/12\\\/360-12.jpg\",\"contentUrl\":\"https:\\\/\\\/cvinoticias.com\\\/wp-content\\\/uploads\\\/2023\\\/12\\\/360-12.jpg\",\"width\":527,\"height\":360},{\"@type\":\"BreadcrumbList\",\"@id\":\"https:\\\/\\\/cvinoticias.com\\\/v3\\\/la-inflacion-de-noviembre-fue-del-128-y-la-interanual-alcanzo-el-1609\\\/#breadcrumb\",\"itemListElement\":[{\"@type\":\"ListItem\",\"position\":1,\"name\":\"Portada\",\"item\":\"https:\\\/\\\/cvinoticias.com\\\/v3\\\/\"},{\"@type\":\"ListItem\",\"position\":2,\"name\":\"La inflaci\u00f3n de noviembre fue del 12,8% y la interanual alcanz\u00f3 el 160,9%\"}]},{\"@type\":\"WebSite\",\"@id\":\"https:\\\/\\\/cvinoticias.com\\\/v3\\\/#website\",\"url\":\"https:\\\/\\\/cvinoticias.com\\\/v3\\\/\",\"name\":\"CVI NOTICIAS\",\"description\":\"\",\"publisher\":{\"@id\":\"https:\\\/\\\/cvinoticias.com\\\/v3\\\/#organization\"},\"alternateName\":\"CVI\",\"potentialAction\":[{\"@type\":\"SearchAction\",\"target\":{\"@type\":\"EntryPoint\",\"urlTemplate\":\"https:\\\/\\\/cvinoticias.com\\\/v3\\\/?s={search_term_string}\"},\"query-input\":{\"@type\":\"PropertyValueSpecification\",\"valueRequired\":true,\"valueName\":\"search_term_string\"}}],\"inLanguage\":\"es\"},{\"@type\":\"Organization\",\"@id\":\"https:\\\/\\\/cvinoticias.com\\\/v3\\\/#organization\",\"name\":\"CVI NOTICIAS\",\"url\":\"https:\\\/\\\/cvinoticias.com\\\/v3\\\/\",\"logo\":{\"@type\":\"ImageObject\",\"inLanguage\":\"es\",\"@id\":\"https:\\\/\\\/cvinoticias.com\\\/v3\\\/#\\\/schema\\\/logo\\\/image\\\/\",\"url\":\"https:\\\/\\\/cvinoticias.com\\\/wp-content\\\/uploads\\\/2023\\\/04\\\/cropped-cropped-cropped-cropped-cropped-3-1.png\",\"contentUrl\":\"https:\\\/\\\/cvinoticias.com\\\/wp-content\\\/uploads\\\/2023\\\/04\\\/cropped-cropped-cropped-cropped-cropped-3-1.png\",\"width\":95,\"height\":122,\"caption\":\"CVI NOTICIAS\"},\"image\":{\"@id\":\"https:\\\/\\\/cvinoticias.com\\\/v3\\\/#\\\/schema\\\/logo\\\/image\\\/\"},\"sameAs\":[\"https:\\\/\\\/www.facebook.com\\\/cvinoticias\",\"https:\\\/\\\/www.instagram.com\\\/cvinoticias\\\/\",\"https:\\\/\\\/www.youtube.com\\\/@CVINOTICIAS\"]},{\"@type\":\"Person\",\"@id\":\"https:\\\/\\\/cvinoticias.com\\\/v3\\\/#\\\/schema\\\/person\\\/2db77e3c6bc03c538495d7b2b8be9b66\",\"name\":\"f1000024\",\"image\":{\"@type\":\"ImageObject\",\"inLanguage\":\"es\",\"@id\":\"https:\\\/\\\/secure.gravatar.com\\\/avatar\\\/d4fe7459cfc51ff5129ce1a732bbef5928568b8092d412ef95611616376bbeed?s=96&d=mm&r=g\",\"url\":\"https:\\\/\\\/secure.gravatar.com\\\/avatar\\\/d4fe7459cfc51ff5129ce1a732bbef5928568b8092d412ef95611616376bbeed?s=96&d=mm&r=g\",\"contentUrl\":\"https:\\\/\\\/secure.gravatar.com\\\/avatar\\\/d4fe7459cfc51ff5129ce1a732bbef5928568b8092d412ef95611616376bbeed?s=96&d=mm&r=g\",\"caption\":\"f1000024\"},\"url\":\"https:\\\/\\\/cvinoticias.com\\\/v3\\\/author\\\/f1000024\\\/\"}]}<\/script>\n<!-- \/ Yoast SEO plugin. -->","yoast_head_json":{"title":"La inflaci\u00f3n de noviembre fue del 12,8% y la interanual alcanz\u00f3 el 160,9% | CVI NOTICIAS","robots":{"index":"index","follow":"follow","max-snippet":"max-snippet:-1","max-image-preview":"max-image-preview:large","max-video-preview":"max-video-preview:-1"},"canonical":"https:\/\/cvinoticias.com\/v3\/la-inflacion-de-noviembre-fue-del-128-y-la-interanual-alcanzo-el-1609\/","og_locale":"es_ES","og_type":"article","og_title":"La inflaci\u00f3n de noviembre fue del 12,8% y la interanual alcanz\u00f3 el 160,9% | CVI NOTICIAS","og_description":"Alimentos y Bebidas volvi\u00f3 a subir por encima de la general, con 15,7%. En lo que va del a\u00f1o los precios se incrementaron un 148,2% La inflaci\u00f3n de noviembre, la \u00faltima de la gesti\u00f3n Alberto Fern\u00e1ndez-Sergio Massa, fue de 12,8% y as\u00ed acumula 160,9% en los \u00faltimos doce meses. En lo que va del a\u00f1o, [&hellip;]","og_url":"https:\/\/cvinoticias.com\/v3\/la-inflacion-de-noviembre-fue-del-128-y-la-interanual-alcanzo-el-1609\/","og_site_name":"CVI NOTICIAS","article_publisher":"https:\/\/www.facebook.com\/cvinoticias","article_published_time":"2023-12-13T20:31:58+00:00","og_image":[{"width":527,"height":360,"url":"https:\/\/cvinoticias.com\/wp-content\/uploads\/2023\/12\/360-12.jpg","type":"image\/jpeg"}],"author":"f1000024","twitter_card":"summary_large_image","twitter_misc":{"Escrito por":"f1000024","Tiempo de lectura":"3 minutos"},"schema":{"@context":"https:\/\/schema.org","@graph":[{"@type":"Article","@id":"https:\/\/cvinoticias.com\/v3\/la-inflacion-de-noviembre-fue-del-128-y-la-interanual-alcanzo-el-1609\/#article","isPartOf":{"@id":"https:\/\/cvinoticias.com\/v3\/la-inflacion-de-noviembre-fue-del-128-y-la-interanual-alcanzo-el-1609\/"},"author":{"name":"f1000024","@id":"https:\/\/cvinoticias.com\/v3\/#\/schema\/person\/2db77e3c6bc03c538495d7b2b8be9b66"},"headline":"La inflaci\u00f3n de noviembre fue del 12,8% y la interanual alcanz\u00f3 el 160,9%","datePublished":"2023-12-13T20:31:58+00:00","mainEntityOfPage":{"@id":"https:\/\/cvinoticias.com\/v3\/la-inflacion-de-noviembre-fue-del-128-y-la-interanual-alcanzo-el-1609\/"},"wordCount":704,"commentCount":0,"publisher":{"@id":"https:\/\/cvinoticias.com\/v3\/#organization"},"image":{"@id":"https:\/\/cvinoticias.com\/v3\/la-inflacion-de-noviembre-fue-del-128-y-la-interanual-alcanzo-el-1609\/#primaryimage"},"thumbnailUrl":"https:\/\/cvinoticias.com\/wp-content\/uploads\/2023\/12\/360-12.jpg","articleSection":["Econom\u00eda"],"inLanguage":"es","potentialAction":[{"@type":"CommentAction","name":"Comment","target":["https:\/\/cvinoticias.com\/v3\/la-inflacion-de-noviembre-fue-del-128-y-la-interanual-alcanzo-el-1609\/#respond"]}]},{"@type":"WebPage","@id":"https:\/\/cvinoticias.com\/v3\/la-inflacion-de-noviembre-fue-del-128-y-la-interanual-alcanzo-el-1609\/","url":"https:\/\/cvinoticias.com\/v3\/la-inflacion-de-noviembre-fue-del-128-y-la-interanual-alcanzo-el-1609\/","name":"La inflaci\u00f3n de noviembre fue del 12,8% y la interanual alcanz\u00f3 el 160,9% | CVI NOTICIAS","isPartOf":{"@id":"https:\/\/cvinoticias.com\/v3\/#website"},"primaryImageOfPage":{"@id":"https:\/\/cvinoticias.com\/v3\/la-inflacion-de-noviembre-fue-del-128-y-la-interanual-alcanzo-el-1609\/#primaryimage"},"image":{"@id":"https:\/\/cvinoticias.com\/v3\/la-inflacion-de-noviembre-fue-del-128-y-la-interanual-alcanzo-el-1609\/#primaryimage"},"thumbnailUrl":"https:\/\/cvinoticias.com\/wp-content\/uploads\/2023\/12\/360-12.jpg","datePublished":"2023-12-13T20:31:58+00:00","breadcrumb":{"@id":"https:\/\/cvinoticias.com\/v3\/la-inflacion-de-noviembre-fue-del-128-y-la-interanual-alcanzo-el-1609\/#breadcrumb"},"inLanguage":"es","potentialAction":[{"@type":"ReadAction","target":["https:\/\/cvinoticias.com\/v3\/la-inflacion-de-noviembre-fue-del-128-y-la-interanual-alcanzo-el-1609\/"]}]},{"@type":"ImageObject","inLanguage":"es","@id":"https:\/\/cvinoticias.com\/v3\/la-inflacion-de-noviembre-fue-del-128-y-la-interanual-alcanzo-el-1609\/#primaryimage","url":"https:\/\/cvinoticias.com\/wp-content\/uploads\/2023\/12\/360-12.jpg","contentUrl":"https:\/\/cvinoticias.com\/wp-content\/uploads\/2023\/12\/360-12.jpg","width":527,"height":360},{"@type":"BreadcrumbList","@id":"https:\/\/cvinoticias.com\/v3\/la-inflacion-de-noviembre-fue-del-128-y-la-interanual-alcanzo-el-1609\/#breadcrumb","itemListElement":[{"@type":"ListItem","position":1,"name":"Portada","item":"https:\/\/cvinoticias.com\/v3\/"},{"@type":"ListItem","position":2,"name":"La inflaci\u00f3n de noviembre fue del 12,8% y la interanual alcanz\u00f3 el 160,9%"}]},{"@type":"WebSite","@id":"https:\/\/cvinoticias.com\/v3\/#website","url":"https:\/\/cvinoticias.com\/v3\/","name":"CVI NOTICIAS","description":"","publisher":{"@id":"https:\/\/cvinoticias.com\/v3\/#organization"},"alternateName":"CVI","potentialAction":[{"@type":"SearchAction","target":{"@type":"EntryPoint","urlTemplate":"https:\/\/cvinoticias.com\/v3\/?s={search_term_string}"},"query-input":{"@type":"PropertyValueSpecification","valueRequired":true,"valueName":"search_term_string"}}],"inLanguage":"es"},{"@type":"Organization","@id":"https:\/\/cvinoticias.com\/v3\/#organization","name":"CVI NOTICIAS","url":"https:\/\/cvinoticias.com\/v3\/","logo":{"@type":"ImageObject","inLanguage":"es","@id":"https:\/\/cvinoticias.com\/v3\/#\/schema\/logo\/image\/","url":"https:\/\/cvinoticias.com\/wp-content\/uploads\/2023\/04\/cropped-cropped-cropped-cropped-cropped-3-1.png","contentUrl":"https:\/\/cvinoticias.com\/wp-content\/uploads\/2023\/04\/cropped-cropped-cropped-cropped-cropped-3-1.png","width":95,"height":122,"caption":"CVI NOTICIAS"},"image":{"@id":"https:\/\/cvinoticias.com\/v3\/#\/schema\/logo\/image\/"},"sameAs":["https:\/\/www.facebook.com\/cvinoticias","https:\/\/www.instagram.com\/cvinoticias\/","https:\/\/www.youtube.com\/@CVINOTICIAS"]},{"@type":"Person","@id":"https:\/\/cvinoticias.com\/v3\/#\/schema\/person\/2db77e3c6bc03c538495d7b2b8be9b66","name":"f1000024","image":{"@type":"ImageObject","inLanguage":"es","@id":"https:\/\/secure.gravatar.com\/avatar\/d4fe7459cfc51ff5129ce1a732bbef5928568b8092d412ef95611616376bbeed?s=96&d=mm&r=g","url":"https:\/\/secure.gravatar.com\/avatar\/d4fe7459cfc51ff5129ce1a732bbef5928568b8092d412ef95611616376bbeed?s=96&d=mm&r=g","contentUrl":"https:\/\/secure.gravatar.com\/avatar\/d4fe7459cfc51ff5129ce1a732bbef5928568b8092d412ef95611616376bbeed?s=96&d=mm&r=g","caption":"f1000024"},"url":"https:\/\/cvinoticias.com\/v3\/author\/f1000024\/"}]}},"_links":{"self":[{"href":"https:\/\/cvinoticias.com\/v3\/wp-json\/wp\/v2\/posts\/30901","targetHints":{"allow":["GET"]}}],"collection":[{"href":"https:\/\/cvinoticias.com\/v3\/wp-json\/wp\/v2\/posts"}],"about":[{"href":"https:\/\/cvinoticias.com\/v3\/wp-json\/wp\/v2\/types\/post"}],"author":[{"embeddable":true,"href":"https:\/\/cvinoticias.com\/v3\/wp-json\/wp\/v2\/users\/2"}],"replies":[{"embeddable":true,"href":"https:\/\/cvinoticias.com\/v3\/wp-json\/wp\/v2\/comments?post=30901"}],"version-history":[{"count":1,"href":"https:\/\/cvinoticias.com\/v3\/wp-json\/wp\/v2\/posts\/30901\/revisions"}],"predecessor-version":[{"id":30903,"href":"https:\/\/cvinoticias.com\/v3\/wp-json\/wp\/v2\/posts\/30901\/revisions\/30903"}],"wp:featuredmedia":[{"embeddable":true,"href":"https:\/\/cvinoticias.com\/v3\/wp-json\/wp\/v2\/media\/30902"}],"wp:attachment":[{"href":"https:\/\/cvinoticias.com\/v3\/wp-json\/wp\/v2\/media?parent=30901"}],"wp:term":[{"taxonomy":"category","embeddable":true,"href":"https:\/\/cvinoticias.com\/v3\/wp-json\/wp\/v2\/categories?post=30901"},{"taxonomy":"post_tag","embeddable":true,"href":"https:\/\/cvinoticias.com\/v3\/wp-json\/wp\/v2\/tags?post=30901"}],"curies":[{"name":"wp","href":"https:\/\/api.w.org\/{rel}","templated":true}]}}