{"id":30896,"date":"2023-12-13T17:24:14","date_gmt":"2023-12-13T20:24:14","guid":{"rendered":"https:\/\/cvinoticias.com\/v3\/?p=30896"},"modified":"2023-12-13T18:06:56","modified_gmt":"2023-12-13T21:06:56","slug":"inminente-suba-de-los-combustibles-el-nuevo-aumento-rondaria-el-37","status":"publish","type":"post","link":"https:\/\/cvinoticias.com\/v3\/inminente-suba-de-los-combustibles-el-nuevo-aumento-rondaria-el-37\/","title":{"rendered":"Inminente suba de los combustibles: el nuevo aumento rondar\u00eda el 37%"},"content":{"rendered":"\n<p><strong><em>Shell confirm\u00f3 una suba promedio del 37% y se espera que en las pr\u00f3ximas horas las dem\u00e1s marcas tambi\u00e9n apliquen similar incremento.<\/em><\/strong><\/p>\n\n\n\n<p>Esta tarde, la marca Shell confirm\u00f3 una suba promedio del 37 por ciento para sus naftas y gasoil en todo en pa\u00eds. Se espera que las dem\u00e1s marcas principales del marcado, YPF, Axion y Puma, tengan incrementos similares en las pr\u00f3ximas horas.<\/p>\n\n\n\n<p>El nuevo incremento, el tercero en las \u00faltimas tres semanas, se produce luego de que el ministro de Econom\u00eda, Luis Caputo, convalid\u00f3 una devaluaci\u00f3n del 54% del peso.<\/p>\n\n\n\n<p>Esa depreciaci\u00f3n de la moneda nacional signific\u00f3 una suba inmediata del 118% en la cotizaci\u00f3n del d\u00f3lar oficial para comercio exterior, que pas\u00f3 de $366 a $800. La divisa estadounidense igual continu\u00f3 subiendo este mi\u00e9rcoles.<\/p>\n\n\n\n<p>En una reuni\u00f3n de empresarios y ejecutivos por el D\u00eda del Petr\u00f3leo, se evidenci\u00f3 una preocupaci\u00f3n palpable respecto del aumento en los costos. All\u00ed se supo de fuentes seguras que en las pr\u00f3ximas horas subir\u00e1n los valores de los combustibles en los surtidores.<\/p>\n\n\n\n<p>El sector tambi\u00e9n esperan un sendero de incrementos \u201cescalonados\u201d para llegar al final del verano con un precio en surtidores equivalente a USD1 por litro, con el que se terminar\u00eda de cubrir el retraso acumulado en el \u00faltimo tiempo y el impacto de la devaluaci\u00f3n.<\/p>\n\n\n\n<p>La visi\u00f3n de la Secretar\u00eda de Energ\u00eda es que en el corto plazo los precios sean \u201clibres\u201d y decididos libremente por las compa\u00f1\u00edas.<\/p>\n\n\n\n<figure class=\"wp-block-image size-large\"><a href=\"https:\/\/cvinoticias.com\/wp-content\/uploads\/2023\/12\/Screenshot_20231213_180105_WhatsApp.jpg\"><img decoding=\"async\" width=\"363\" height=\"1024\" data-src=\"https:\/\/cvinoticias.com\/wp-content\/uploads\/2023\/12\/Screenshot_20231213_180105_WhatsApp-363x1024.jpg\" alt=\"\" class=\"wp-image-30907 lazyload\" data-srcset=\"https:\/\/cvinoticias.com\/wp-content\/uploads\/2023\/12\/Screenshot_20231213_180105_WhatsApp-363x1024.jpg 363w, https:\/\/cvinoticias.com\/wp-content\/uploads\/2023\/12\/Screenshot_20231213_180105_WhatsApp-106x300.jpg 106w, https:\/\/cvinoticias.com\/wp-content\/uploads\/2023\/12\/Screenshot_20231213_180105_WhatsApp.jpg 436w\" data-sizes=\"(max-width: 363px) 100vw, 363px\" src=\"data:image\/svg+xml;base64,PHN2ZyB3aWR0aD0iMSIgaGVpZ2h0PSIxIiB4bWxucz0iaHR0cDovL3d3dy53My5vcmcvMjAwMC9zdmciPjwvc3ZnPg==\" style=\"--smush-placeholder-width: 363px; --smush-placeholder-aspect-ratio: 363\/1024;\" \/><\/a><\/figure>\n","protected":false},"excerpt":{"rendered":"<p>Shell confirm\u00f3 una suba promedio del 37% y se espera que en las pr\u00f3ximas horas las dem\u00e1s marcas tambi\u00e9n apliquen similar incremento. Esta tarde, la marca Shell confirm\u00f3 una suba promedio del 37 por ciento para sus naftas y gasoil en todo en pa\u00eds. Se espera que las dem\u00e1s marcas principales del marcado, YPF, Axion [&hellip;]<\/p>\n","protected":false},"author":2,"featured_media":30897,"comment_status":"open","ping_status":"open","sticky":false,"template":"","format":"standard","meta":{"footnotes":""},"categories":[35],"tags":[],"class_list":["post-30896","post","type-post","status-publish","format-standard","has-post-thumbnail","hentry","category-informacion-general"],"yoast_head":"<!-- This site is optimized with the Yoast SEO plugin v27.5 - https:\/\/yoast.com\/product\/yoast-seo-wordpress\/ -->\n<title>Inminente suba de los combustibles: el nuevo aumento rondar\u00eda el 37% | CVI NOTICIAS<\/title>\n<meta name=\"robots\" content=\"index, follow, max-snippet:-1, max-image-preview:large, max-video-preview:-1\" \/>\n<link rel=\"canonical\" href=\"https:\/\/cvinoticias.com\/v3\/inminente-suba-de-los-combustibles-el-nuevo-aumento-rondaria-el-37\/\" \/>\n<meta property=\"og:locale\" content=\"es_ES\" \/>\n<meta property=\"og:type\" content=\"article\" \/>\n<meta property=\"og:title\" content=\"Inminente suba de los combustibles: el nuevo aumento rondar\u00eda el 37% | CVI NOTICIAS\" \/>\n<meta property=\"og:description\" content=\"Shell confirm\u00f3 una suba promedio del 37% y se espera que en las pr\u00f3ximas horas las dem\u00e1s marcas tambi\u00e9n apliquen similar incremento. Esta tarde, la marca Shell confirm\u00f3 una suba promedio del 37 por ciento para sus naftas y gasoil en todo en pa\u00eds. Se espera que las dem\u00e1s marcas principales del marcado, YPF, Axion [&hellip;]\" \/>\n<meta property=\"og:url\" content=\"https:\/\/cvinoticias.com\/v3\/inminente-suba-de-los-combustibles-el-nuevo-aumento-rondaria-el-37\/\" \/>\n<meta property=\"og:site_name\" content=\"CVI NOTICIAS\" \/>\n<meta property=\"article:publisher\" content=\"https:\/\/www.facebook.com\/cvinoticias\" \/>\n<meta property=\"article:published_time\" content=\"2023-12-13T20:24:14+00:00\" \/>\n<meta property=\"article:modified_time\" content=\"2023-12-13T21:06:56+00:00\" \/>\n<meta property=\"og:image\" content=\"https:\/\/cvinoticias.com\/wp-content\/uploads\/2023\/12\/images.jpeg\" \/>\n\t<meta property=\"og:image:width\" content=\"300\" \/>\n\t<meta property=\"og:image:height\" content=\"168\" \/>\n\t<meta property=\"og:image:type\" content=\"image\/jpeg\" \/>\n<meta name=\"author\" content=\"f1000024\" \/>\n<meta name=\"twitter:card\" content=\"summary_large_image\" \/>\n<meta name=\"twitter:label1\" content=\"Escrito por\" \/>\n\t<meta name=\"twitter:data1\" content=\"f1000024\" \/>\n\t<meta name=\"twitter:label2\" content=\"Tiempo de lectura\" \/>\n\t<meta name=\"twitter:data2\" content=\"1 minuto\" \/>\n<script type=\"application\/ld+json\" class=\"yoast-schema-graph\">{\"@context\":\"https:\\\/\\\/schema.org\",\"@graph\":[{\"@type\":\"Article\",\"@id\":\"https:\\\/\\\/cvinoticias.com\\\/v3\\\/inminente-suba-de-los-combustibles-el-nuevo-aumento-rondaria-el-37\\\/#article\",\"isPartOf\":{\"@id\":\"https:\\\/\\\/cvinoticias.com\\\/v3\\\/inminente-suba-de-los-combustibles-el-nuevo-aumento-rondaria-el-37\\\/\"},\"author\":{\"name\":\"f1000024\",\"@id\":\"https:\\\/\\\/cvinoticias.com\\\/v3\\\/#\\\/schema\\\/person\\\/2db77e3c6bc03c538495d7b2b8be9b66\"},\"headline\":\"Inminente suba de los combustibles: el nuevo aumento rondar\u00eda el 37%\",\"datePublished\":\"2023-12-13T20:24:14+00:00\",\"dateModified\":\"2023-12-13T21:06:56+00:00\",\"mainEntityOfPage\":{\"@id\":\"https:\\\/\\\/cvinoticias.com\\\/v3\\\/inminente-suba-de-los-combustibles-el-nuevo-aumento-rondaria-el-37\\\/\"},\"wordCount\":268,\"commentCount\":0,\"publisher\":{\"@id\":\"https:\\\/\\\/cvinoticias.com\\\/v3\\\/#organization\"},\"image\":{\"@id\":\"https:\\\/\\\/cvinoticias.com\\\/v3\\\/inminente-suba-de-los-combustibles-el-nuevo-aumento-rondaria-el-37\\\/#primaryimage\"},\"thumbnailUrl\":\"https:\\\/\\\/cvinoticias.com\\\/wp-content\\\/uploads\\\/2023\\\/12\\\/images.jpeg\",\"articleSection\":[\"Informaci\u00f3n General\"],\"inLanguage\":\"es\",\"potentialAction\":[{\"@type\":\"CommentAction\",\"name\":\"Comment\",\"target\":[\"https:\\\/\\\/cvinoticias.com\\\/v3\\\/inminente-suba-de-los-combustibles-el-nuevo-aumento-rondaria-el-37\\\/#respond\"]}]},{\"@type\":\"WebPage\",\"@id\":\"https:\\\/\\\/cvinoticias.com\\\/v3\\\/inminente-suba-de-los-combustibles-el-nuevo-aumento-rondaria-el-37\\\/\",\"url\":\"https:\\\/\\\/cvinoticias.com\\\/v3\\\/inminente-suba-de-los-combustibles-el-nuevo-aumento-rondaria-el-37\\\/\",\"name\":\"Inminente suba de los combustibles: el nuevo aumento rondar\u00eda el 37% | CVI NOTICIAS\",\"isPartOf\":{\"@id\":\"https:\\\/\\\/cvinoticias.com\\\/v3\\\/#website\"},\"primaryImageOfPage\":{\"@id\":\"https:\\\/\\\/cvinoticias.com\\\/v3\\\/inminente-suba-de-los-combustibles-el-nuevo-aumento-rondaria-el-37\\\/#primaryimage\"},\"image\":{\"@id\":\"https:\\\/\\\/cvinoticias.com\\\/v3\\\/inminente-suba-de-los-combustibles-el-nuevo-aumento-rondaria-el-37\\\/#primaryimage\"},\"thumbnailUrl\":\"https:\\\/\\\/cvinoticias.com\\\/wp-content\\\/uploads\\\/2023\\\/12\\\/images.jpeg\",\"datePublished\":\"2023-12-13T20:24:14+00:00\",\"dateModified\":\"2023-12-13T21:06:56+00:00\",\"breadcrumb\":{\"@id\":\"https:\\\/\\\/cvinoticias.com\\\/v3\\\/inminente-suba-de-los-combustibles-el-nuevo-aumento-rondaria-el-37\\\/#breadcrumb\"},\"inLanguage\":\"es\",\"potentialAction\":[{\"@type\":\"ReadAction\",\"target\":[\"https:\\\/\\\/cvinoticias.com\\\/v3\\\/inminente-suba-de-los-combustibles-el-nuevo-aumento-rondaria-el-37\\\/\"]}]},{\"@type\":\"ImageObject\",\"inLanguage\":\"es\",\"@id\":\"https:\\\/\\\/cvinoticias.com\\\/v3\\\/inminente-suba-de-los-combustibles-el-nuevo-aumento-rondaria-el-37\\\/#primaryimage\",\"url\":\"https:\\\/\\\/cvinoticias.com\\\/wp-content\\\/uploads\\\/2023\\\/12\\\/images.jpeg\",\"contentUrl\":\"https:\\\/\\\/cvinoticias.com\\\/wp-content\\\/uploads\\\/2023\\\/12\\\/images.jpeg\",\"width\":300,\"height\":168},{\"@type\":\"BreadcrumbList\",\"@id\":\"https:\\\/\\\/cvinoticias.com\\\/v3\\\/inminente-suba-de-los-combustibles-el-nuevo-aumento-rondaria-el-37\\\/#breadcrumb\",\"itemListElement\":[{\"@type\":\"ListItem\",\"position\":1,\"name\":\"Portada\",\"item\":\"https:\\\/\\\/cvinoticias.com\\\/v3\\\/\"},{\"@type\":\"ListItem\",\"position\":2,\"name\":\"Inminente suba de los combustibles: el nuevo aumento rondar\u00eda el 37%\"}]},{\"@type\":\"WebSite\",\"@id\":\"https:\\\/\\\/cvinoticias.com\\\/v3\\\/#website\",\"url\":\"https:\\\/\\\/cvinoticias.com\\\/v3\\\/\",\"name\":\"CVI NOTICIAS\",\"description\":\"\",\"publisher\":{\"@id\":\"https:\\\/\\\/cvinoticias.com\\\/v3\\\/#organization\"},\"alternateName\":\"CVI\",\"potentialAction\":[{\"@type\":\"SearchAction\",\"target\":{\"@type\":\"EntryPoint\",\"urlTemplate\":\"https:\\\/\\\/cvinoticias.com\\\/v3\\\/?s={search_term_string}\"},\"query-input\":{\"@type\":\"PropertyValueSpecification\",\"valueRequired\":true,\"valueName\":\"search_term_string\"}}],\"inLanguage\":\"es\"},{\"@type\":\"Organization\",\"@id\":\"https:\\\/\\\/cvinoticias.com\\\/v3\\\/#organization\",\"name\":\"CVI NOTICIAS\",\"url\":\"https:\\\/\\\/cvinoticias.com\\\/v3\\\/\",\"logo\":{\"@type\":\"ImageObject\",\"inLanguage\":\"es\",\"@id\":\"https:\\\/\\\/cvinoticias.com\\\/v3\\\/#\\\/schema\\\/logo\\\/image\\\/\",\"url\":\"https:\\\/\\\/cvinoticias.com\\\/wp-content\\\/uploads\\\/2023\\\/04\\\/cropped-cropped-cropped-cropped-cropped-3-1.png\",\"contentUrl\":\"https:\\\/\\\/cvinoticias.com\\\/wp-content\\\/uploads\\\/2023\\\/04\\\/cropped-cropped-cropped-cropped-cropped-3-1.png\",\"width\":95,\"height\":122,\"caption\":\"CVI NOTICIAS\"},\"image\":{\"@id\":\"https:\\\/\\\/cvinoticias.com\\\/v3\\\/#\\\/schema\\\/logo\\\/image\\\/\"},\"sameAs\":[\"https:\\\/\\\/www.facebook.com\\\/cvinoticias\",\"https:\\\/\\\/www.instagram.com\\\/cvinoticias\\\/\",\"https:\\\/\\\/www.youtube.com\\\/@CVINOTICIAS\"]},{\"@type\":\"Person\",\"@id\":\"https:\\\/\\\/cvinoticias.com\\\/v3\\\/#\\\/schema\\\/person\\\/2db77e3c6bc03c538495d7b2b8be9b66\",\"name\":\"f1000024\",\"image\":{\"@type\":\"ImageObject\",\"inLanguage\":\"es\",\"@id\":\"https:\\\/\\\/secure.gravatar.com\\\/avatar\\\/d4fe7459cfc51ff5129ce1a732bbef5928568b8092d412ef95611616376bbeed?s=96&d=mm&r=g\",\"url\":\"https:\\\/\\\/secure.gravatar.com\\\/avatar\\\/d4fe7459cfc51ff5129ce1a732bbef5928568b8092d412ef95611616376bbeed?s=96&d=mm&r=g\",\"contentUrl\":\"https:\\\/\\\/secure.gravatar.com\\\/avatar\\\/d4fe7459cfc51ff5129ce1a732bbef5928568b8092d412ef95611616376bbeed?s=96&d=mm&r=g\",\"caption\":\"f1000024\"},\"url\":\"https:\\\/\\\/cvinoticias.com\\\/v3\\\/author\\\/f1000024\\\/\"}]}<\/script>\n<!-- \/ Yoast SEO plugin. -->","yoast_head_json":{"title":"Inminente suba de los combustibles: el nuevo aumento rondar\u00eda el 37% | CVI NOTICIAS","robots":{"index":"index","follow":"follow","max-snippet":"max-snippet:-1","max-image-preview":"max-image-preview:large","max-video-preview":"max-video-preview:-1"},"canonical":"https:\/\/cvinoticias.com\/v3\/inminente-suba-de-los-combustibles-el-nuevo-aumento-rondaria-el-37\/","og_locale":"es_ES","og_type":"article","og_title":"Inminente suba de los combustibles: el nuevo aumento rondar\u00eda el 37% | CVI NOTICIAS","og_description":"Shell confirm\u00f3 una suba promedio del 37% y se espera que en las pr\u00f3ximas horas las dem\u00e1s marcas tambi\u00e9n apliquen similar incremento. Esta tarde, la marca Shell confirm\u00f3 una suba promedio del 37 por ciento para sus naftas y gasoil en todo en pa\u00eds. Se espera que las dem\u00e1s marcas principales del marcado, YPF, Axion [&hellip;]","og_url":"https:\/\/cvinoticias.com\/v3\/inminente-suba-de-los-combustibles-el-nuevo-aumento-rondaria-el-37\/","og_site_name":"CVI NOTICIAS","article_publisher":"https:\/\/www.facebook.com\/cvinoticias","article_published_time":"2023-12-13T20:24:14+00:00","article_modified_time":"2023-12-13T21:06:56+00:00","og_image":[{"width":300,"height":168,"url":"https:\/\/cvinoticias.com\/wp-content\/uploads\/2023\/12\/images.jpeg","type":"image\/jpeg"}],"author":"f1000024","twitter_card":"summary_large_image","twitter_misc":{"Escrito por":"f1000024","Tiempo de lectura":"1 minuto"},"schema":{"@context":"https:\/\/schema.org","@graph":[{"@type":"Article","@id":"https:\/\/cvinoticias.com\/v3\/inminente-suba-de-los-combustibles-el-nuevo-aumento-rondaria-el-37\/#article","isPartOf":{"@id":"https:\/\/cvinoticias.com\/v3\/inminente-suba-de-los-combustibles-el-nuevo-aumento-rondaria-el-37\/"},"author":{"name":"f1000024","@id":"https:\/\/cvinoticias.com\/v3\/#\/schema\/person\/2db77e3c6bc03c538495d7b2b8be9b66"},"headline":"Inminente suba de los combustibles: el nuevo aumento rondar\u00eda el 37%","datePublished":"2023-12-13T20:24:14+00:00","dateModified":"2023-12-13T21:06:56+00:00","mainEntityOfPage":{"@id":"https:\/\/cvinoticias.com\/v3\/inminente-suba-de-los-combustibles-el-nuevo-aumento-rondaria-el-37\/"},"wordCount":268,"commentCount":0,"publisher":{"@id":"https:\/\/cvinoticias.com\/v3\/#organization"},"image":{"@id":"https:\/\/cvinoticias.com\/v3\/inminente-suba-de-los-combustibles-el-nuevo-aumento-rondaria-el-37\/#primaryimage"},"thumbnailUrl":"https:\/\/cvinoticias.com\/wp-content\/uploads\/2023\/12\/images.jpeg","articleSection":["Informaci\u00f3n General"],"inLanguage":"es","potentialAction":[{"@type":"CommentAction","name":"Comment","target":["https:\/\/cvinoticias.com\/v3\/inminente-suba-de-los-combustibles-el-nuevo-aumento-rondaria-el-37\/#respond"]}]},{"@type":"WebPage","@id":"https:\/\/cvinoticias.com\/v3\/inminente-suba-de-los-combustibles-el-nuevo-aumento-rondaria-el-37\/","url":"https:\/\/cvinoticias.com\/v3\/inminente-suba-de-los-combustibles-el-nuevo-aumento-rondaria-el-37\/","name":"Inminente suba de los combustibles: el nuevo aumento rondar\u00eda el 37% | CVI NOTICIAS","isPartOf":{"@id":"https:\/\/cvinoticias.com\/v3\/#website"},"primaryImageOfPage":{"@id":"https:\/\/cvinoticias.com\/v3\/inminente-suba-de-los-combustibles-el-nuevo-aumento-rondaria-el-37\/#primaryimage"},"image":{"@id":"https:\/\/cvinoticias.com\/v3\/inminente-suba-de-los-combustibles-el-nuevo-aumento-rondaria-el-37\/#primaryimage"},"thumbnailUrl":"https:\/\/cvinoticias.com\/wp-content\/uploads\/2023\/12\/images.jpeg","datePublished":"2023-12-13T20:24:14+00:00","dateModified":"2023-12-13T21:06:56+00:00","breadcrumb":{"@id":"https:\/\/cvinoticias.com\/v3\/inminente-suba-de-los-combustibles-el-nuevo-aumento-rondaria-el-37\/#breadcrumb"},"inLanguage":"es","potentialAction":[{"@type":"ReadAction","target":["https:\/\/cvinoticias.com\/v3\/inminente-suba-de-los-combustibles-el-nuevo-aumento-rondaria-el-37\/"]}]},{"@type":"ImageObject","inLanguage":"es","@id":"https:\/\/cvinoticias.com\/v3\/inminente-suba-de-los-combustibles-el-nuevo-aumento-rondaria-el-37\/#primaryimage","url":"https:\/\/cvinoticias.com\/wp-content\/uploads\/2023\/12\/images.jpeg","contentUrl":"https:\/\/cvinoticias.com\/wp-content\/uploads\/2023\/12\/images.jpeg","width":300,"height":168},{"@type":"BreadcrumbList","@id":"https:\/\/cvinoticias.com\/v3\/inminente-suba-de-los-combustibles-el-nuevo-aumento-rondaria-el-37\/#breadcrumb","itemListElement":[{"@type":"ListItem","position":1,"name":"Portada","item":"https:\/\/cvinoticias.com\/v3\/"},{"@type":"ListItem","position":2,"name":"Inminente suba de los combustibles: el nuevo aumento rondar\u00eda el 37%"}]},{"@type":"WebSite","@id":"https:\/\/cvinoticias.com\/v3\/#website","url":"https:\/\/cvinoticias.com\/v3\/","name":"CVI NOTICIAS","description":"","publisher":{"@id":"https:\/\/cvinoticias.com\/v3\/#organization"},"alternateName":"CVI","potentialAction":[{"@type":"SearchAction","target":{"@type":"EntryPoint","urlTemplate":"https:\/\/cvinoticias.com\/v3\/?s={search_term_string}"},"query-input":{"@type":"PropertyValueSpecification","valueRequired":true,"valueName":"search_term_string"}}],"inLanguage":"es"},{"@type":"Organization","@id":"https:\/\/cvinoticias.com\/v3\/#organization","name":"CVI NOTICIAS","url":"https:\/\/cvinoticias.com\/v3\/","logo":{"@type":"ImageObject","inLanguage":"es","@id":"https:\/\/cvinoticias.com\/v3\/#\/schema\/logo\/image\/","url":"https:\/\/cvinoticias.com\/wp-content\/uploads\/2023\/04\/cropped-cropped-cropped-cropped-cropped-3-1.png","contentUrl":"https:\/\/cvinoticias.com\/wp-content\/uploads\/2023\/04\/cropped-cropped-cropped-cropped-cropped-3-1.png","width":95,"height":122,"caption":"CVI NOTICIAS"},"image":{"@id":"https:\/\/cvinoticias.com\/v3\/#\/schema\/logo\/image\/"},"sameAs":["https:\/\/www.facebook.com\/cvinoticias","https:\/\/www.instagram.com\/cvinoticias\/","https:\/\/www.youtube.com\/@CVINOTICIAS"]},{"@type":"Person","@id":"https:\/\/cvinoticias.com\/v3\/#\/schema\/person\/2db77e3c6bc03c538495d7b2b8be9b66","name":"f1000024","image":{"@type":"ImageObject","inLanguage":"es","@id":"https:\/\/secure.gravatar.com\/avatar\/d4fe7459cfc51ff5129ce1a732bbef5928568b8092d412ef95611616376bbeed?s=96&d=mm&r=g","url":"https:\/\/secure.gravatar.com\/avatar\/d4fe7459cfc51ff5129ce1a732bbef5928568b8092d412ef95611616376bbeed?s=96&d=mm&r=g","contentUrl":"https:\/\/secure.gravatar.com\/avatar\/d4fe7459cfc51ff5129ce1a732bbef5928568b8092d412ef95611616376bbeed?s=96&d=mm&r=g","caption":"f1000024"},"url":"https:\/\/cvinoticias.com\/v3\/author\/f1000024\/"}]}},"_links":{"self":[{"href":"https:\/\/cvinoticias.com\/v3\/wp-json\/wp\/v2\/posts\/30896","targetHints":{"allow":["GET"]}}],"collection":[{"href":"https:\/\/cvinoticias.com\/v3\/wp-json\/wp\/v2\/posts"}],"about":[{"href":"https:\/\/cvinoticias.com\/v3\/wp-json\/wp\/v2\/types\/post"}],"author":[{"embeddable":true,"href":"https:\/\/cvinoticias.com\/v3\/wp-json\/wp\/v2\/users\/2"}],"replies":[{"embeddable":true,"href":"https:\/\/cvinoticias.com\/v3\/wp-json\/wp\/v2\/comments?post=30896"}],"version-history":[{"count":2,"href":"https:\/\/cvinoticias.com\/v3\/wp-json\/wp\/v2\/posts\/30896\/revisions"}],"predecessor-version":[{"id":30908,"href":"https:\/\/cvinoticias.com\/v3\/wp-json\/wp\/v2\/posts\/30896\/revisions\/30908"}],"wp:featuredmedia":[{"embeddable":true,"href":"https:\/\/cvinoticias.com\/v3\/wp-json\/wp\/v2\/media\/30897"}],"wp:attachment":[{"href":"https:\/\/cvinoticias.com\/v3\/wp-json\/wp\/v2\/media?parent=30896"}],"wp:term":[{"taxonomy":"category","embeddable":true,"href":"https:\/\/cvinoticias.com\/v3\/wp-json\/wp\/v2\/categories?post=30896"},{"taxonomy":"post_tag","embeddable":true,"href":"https:\/\/cvinoticias.com\/v3\/wp-json\/wp\/v2\/tags?post=30896"}],"curies":[{"name":"wp","href":"https:\/\/api.w.org\/{rel}","templated":true}]}}