{"id":30893,"date":"2023-12-13T15:48:04","date_gmt":"2023-12-13T18:48:04","guid":{"rendered":"https:\/\/cvinoticias.com\/v3\/?p=30893"},"modified":"2023-12-13T15:48:04","modified_gmt":"2023-12-13T18:48:04","slug":"sector-forestal-en-alerta-por-medidas-del-gobierno-nacional","status":"publish","type":"post","link":"https:\/\/cvinoticias.com\/v3\/sector-forestal-en-alerta-por-medidas-del-gobierno-nacional\/","title":{"rendered":"Sector forestal en alerta por medidas del gobierno nacional"},"content":{"rendered":"\n<p><strong><em>Rom\u00e1n Queiroz, Presidente de la Federaci\u00f3n Argentina de la Madera, expres\u00f3 sus reparos ante los anuncios del ministro Caputo. Escaso margen entre el d\u00f3lar exportador y los costos, reimplantaci\u00f3n de retenciones a econom\u00edas regionales, inflaci\u00f3n, entre otros temas fueron abordados por el referente de la foresto industria nacional.<\/em><\/strong><\/p>\n\n\n\n<p>En declaraciones medi\u00e1ticas, Queiroz realiz\u00f3 un an\u00e1lisis del sector forestal argentino y el impacto de las medidas anunciadas ayer por Luis Caputo, Ministro de Econom\u00eda de la Naci\u00f3n.<\/p>\n\n\n\n<p>En cuanto a la devaluaci\u00f3n del tipo de cambio oficial a 800 pesos por d\u00f3lar, el titular de FAIMA expres\u00f3 que \u201cestamos igual que antes porque hay una cuesti\u00f3n que los que no est\u00e1n ah\u00ed directamente involucrados en la exportaci\u00f3n no ven.<\/p>\n\n\n\n<p>Nosotros est\u00e1bamos exportando a un d\u00f3lar promedio entre el d\u00f3lar oficial que era de casi 400 pesos y el d\u00f3lar MEP. Esa combinaci\u00f3n nos permit\u00eda liquidar a un d\u00f3lar a 650 pesos actualmente. No es el d\u00f3lar super competitivo pero bueno, ayudaba un poco\u201d.<\/p>\n\n\n\n<p>Queiroz tambi\u00e9n afirm\u00f3 que este tipo de cambio se convierte de 800 en 650 debido a la retenci\u00f3n aplicada por el gobierno nacional del 15% a las econom\u00edas regionales, m\u00e1s de 10% con respecto a la anterior administraci\u00f3n.<\/p>\n\n\n\n<p>Entonces, el d\u00f3lar exportador para el sector se mantiene estable, pero con una diferencia: \u201cvamos a ser m\u00e1s caros en d\u00f3lares que antes porque se viene una inflaci\u00f3n muy fuerte ahora\u201d, subray\u00f3 el presidente de la Federaci\u00f3n Argentina de la Madera.<\/p>\n\n\n\n<p>El referente de la foresto industria tambi\u00e9n se refiri\u00f3 a los costos en d\u00f3lares, cuesti\u00f3n que consider\u00f3 prudente esperar el desarrollo de las medidas para evaluar, aunque cree que el sector est\u00e1 \u201cun poquito peor porque se viene la reducci\u00f3n de las tarifas a partir de enero, las paritarias vienen fuert\u00edsimas y el d\u00f3lar, por lo que escuche, quiero creer que escuche mal, va a tener un ritmo devaluatorio del 2% mensual. El d\u00f3lar va a estar estancado. Un 2% mensual versus una inflaci\u00f3n del 20%, 25%, 10% o lo que sea, claramente la tendencia va a ser que la gente ahorre en plazos fijos. Volveremos a la patria financiera como en su momento\u201d.<\/p>\n\n\n\n<p>M\u00e1s all\u00e1 del saldo exportable, Quieroz aclar\u00f3 que el sector de la madera depende mayormente del mercado interno y explic\u00f3 el fuerte impacto que tendr\u00e1 la recesi\u00f3n de la econom\u00eda, principalmente el parate de la obra p\u00fablica nacional: \u201cNosotros somos un sector mercadointernista, tanto el mueble como la madera dependemos mucho de la exportaci\u00f3n, pero en porcentaje de ventas se vende m\u00e1s al mercado interno que lo que se exporta. Hablamos ahora que la obra p\u00fablica, los contratos vigentes van a continuar como corresponde, los nuevos contratos no se van a hacer m\u00e1s y pasar\u00e1n al sector privado. No es lo mismo una obra de envergadura que sea a cargo del Estado nacional versus el sector privado. El 60% de la madera que se produce en el NEA va para la obra p\u00fablica\u201d.<\/p>\n\n\n\n<p>En otro tramo de sus declaraciones, el presidente de FAIMA coment\u00f3 la problem\u00e1tica relativa al costo medido en d\u00f3lares del sector, \u201cvamos a aumentar nuestros costos en d\u00f3lares, vamos a ser m\u00e1s caros ahora que lo que eramos en octubre, por ejemplo. Porque viene una inflaci\u00f3n galopante, paritarias, energ\u00edas, combustible y todo lo que tenga que ver con los insumos nuestros, entonces vamos a ver como quedamos en d\u00f3lares. Si yo tengo un producto ahora con costo de 180 d\u00f3lares, estamos pensando que el costo pasar\u00e1 a 200 o 210 d\u00f3lares\u201d.<\/p>\n\n\n\n<p>Finalmente, Queiroz se\u00f1al\u00f3 que el mejor escenario ser\u00eda permanecer igual que antes de las medidas anunciadas por Caputo, aunque no es optimista: \u201csabemos que mejor no vamos a estar, recemos para estar m\u00e1s o menos igual, en el cual hab\u00eda un ritmo aceptable de exportaciones\u201d.<\/p>\n\n\n\n<p>Consultado acerca de que otra opci\u00f3n hab\u00eda en carpeta alternativa al plan Milei, el hombre de la madera concluy\u00f3 en que la opci\u00f3n era un gradualismo, pero diferente al de Macri, \u201cm\u00e1s inteligente\u201d.<br>\u201cPorque un gradualismo donde la tasa de inter\u00e9s del banco central era m\u00e1s alta que la inflaci\u00f3n, la gente pon\u00eda la plata en plazo fijo\u201d, finaliz\u00f3.<\/p>\n","protected":false},"excerpt":{"rendered":"<p>Rom\u00e1n Queiroz, Presidente de la Federaci\u00f3n Argentina de la Madera, expres\u00f3 sus reparos ante los anuncios del ministro Caputo. Escaso margen entre el d\u00f3lar exportador y los costos, reimplantaci\u00f3n de retenciones a econom\u00edas regionales, inflaci\u00f3n, entre otros temas fueron abordados por el referente de la foresto industria nacional. En declaraciones medi\u00e1ticas, Queiroz realiz\u00f3 un an\u00e1lisis [&hellip;]<\/p>\n","protected":false},"author":2,"featured_media":30894,"comment_status":"open","ping_status":"open","sticky":false,"template":"","format":"standard","meta":{"footnotes":""},"categories":[35],"tags":[],"class_list":["post-30893","post","type-post","status-publish","format-standard","has-post-thumbnail","hentry","category-informacion-general"],"yoast_head":"<!-- This site is optimized with the Yoast SEO plugin v27.5 - https:\/\/yoast.com\/product\/yoast-seo-wordpress\/ -->\n<title>Sector forestal en alerta por medidas del gobierno nacional | CVI NOTICIAS<\/title>\n<meta name=\"robots\" content=\"index, follow, max-snippet:-1, max-image-preview:large, max-video-preview:-1\" \/>\n<link rel=\"canonical\" href=\"https:\/\/cvinoticias.com\/v3\/sector-forestal-en-alerta-por-medidas-del-gobierno-nacional\/\" \/>\n<meta property=\"og:locale\" content=\"es_ES\" \/>\n<meta property=\"og:type\" content=\"article\" \/>\n<meta property=\"og:title\" content=\"Sector forestal en alerta por medidas del gobierno nacional | CVI NOTICIAS\" \/>\n<meta property=\"og:description\" content=\"Rom\u00e1n Queiroz, Presidente de la Federaci\u00f3n Argentina de la Madera, expres\u00f3 sus reparos ante los anuncios del ministro Caputo. Escaso margen entre el d\u00f3lar exportador y los costos, reimplantaci\u00f3n de retenciones a econom\u00edas regionales, inflaci\u00f3n, entre otros temas fueron abordados por el referente de la foresto industria nacional. En declaraciones medi\u00e1ticas, Queiroz realiz\u00f3 un an\u00e1lisis [&hellip;]\" \/>\n<meta property=\"og:url\" content=\"https:\/\/cvinoticias.com\/v3\/sector-forestal-en-alerta-por-medidas-del-gobierno-nacional\/\" \/>\n<meta property=\"og:site_name\" content=\"CVI NOTICIAS\" \/>\n<meta property=\"article:publisher\" content=\"https:\/\/www.facebook.com\/cvinoticias\" \/>\n<meta property=\"article:published_time\" content=\"2023-12-13T18:48:04+00:00\" \/>\n<meta property=\"og:image\" content=\"https:\/\/cvinoticias.com\/wp-content\/uploads\/2023\/12\/IMG-20231213-WA0370.jpg\" \/>\n\t<meta property=\"og:image:width\" content=\"680\" \/>\n\t<meta property=\"og:image:height\" content=\"452\" \/>\n\t<meta property=\"og:image:type\" content=\"image\/jpeg\" \/>\n<meta name=\"author\" content=\"f1000024\" \/>\n<meta name=\"twitter:card\" content=\"summary_large_image\" \/>\n<meta name=\"twitter:label1\" content=\"Escrito por\" \/>\n\t<meta name=\"twitter:data1\" content=\"f1000024\" \/>\n\t<meta name=\"twitter:label2\" content=\"Tiempo de lectura\" \/>\n\t<meta name=\"twitter:data2\" content=\"4 minutos\" \/>\n<script type=\"application\/ld+json\" class=\"yoast-schema-graph\">{\"@context\":\"https:\\\/\\\/schema.org\",\"@graph\":[{\"@type\":\"Article\",\"@id\":\"https:\\\/\\\/cvinoticias.com\\\/v3\\\/sector-forestal-en-alerta-por-medidas-del-gobierno-nacional\\\/#article\",\"isPartOf\":{\"@id\":\"https:\\\/\\\/cvinoticias.com\\\/v3\\\/sector-forestal-en-alerta-por-medidas-del-gobierno-nacional\\\/\"},\"author\":{\"name\":\"f1000024\",\"@id\":\"https:\\\/\\\/cvinoticias.com\\\/v3\\\/#\\\/schema\\\/person\\\/2db77e3c6bc03c538495d7b2b8be9b66\"},\"headline\":\"Sector forestal en alerta por medidas del gobierno nacional\",\"datePublished\":\"2023-12-13T18:48:04+00:00\",\"mainEntityOfPage\":{\"@id\":\"https:\\\/\\\/cvinoticias.com\\\/v3\\\/sector-forestal-en-alerta-por-medidas-del-gobierno-nacional\\\/\"},\"wordCount\":748,\"commentCount\":0,\"publisher\":{\"@id\":\"https:\\\/\\\/cvinoticias.com\\\/v3\\\/#organization\"},\"image\":{\"@id\":\"https:\\\/\\\/cvinoticias.com\\\/v3\\\/sector-forestal-en-alerta-por-medidas-del-gobierno-nacional\\\/#primaryimage\"},\"thumbnailUrl\":\"https:\\\/\\\/cvinoticias.com\\\/wp-content\\\/uploads\\\/2023\\\/12\\\/IMG-20231213-WA0370.jpg\",\"articleSection\":[\"Informaci\u00f3n General\"],\"inLanguage\":\"es\",\"potentialAction\":[{\"@type\":\"CommentAction\",\"name\":\"Comment\",\"target\":[\"https:\\\/\\\/cvinoticias.com\\\/v3\\\/sector-forestal-en-alerta-por-medidas-del-gobierno-nacional\\\/#respond\"]}]},{\"@type\":\"WebPage\",\"@id\":\"https:\\\/\\\/cvinoticias.com\\\/v3\\\/sector-forestal-en-alerta-por-medidas-del-gobierno-nacional\\\/\",\"url\":\"https:\\\/\\\/cvinoticias.com\\\/v3\\\/sector-forestal-en-alerta-por-medidas-del-gobierno-nacional\\\/\",\"name\":\"Sector forestal en alerta por medidas del gobierno nacional | CVI NOTICIAS\",\"isPartOf\":{\"@id\":\"https:\\\/\\\/cvinoticias.com\\\/v3\\\/#website\"},\"primaryImageOfPage\":{\"@id\":\"https:\\\/\\\/cvinoticias.com\\\/v3\\\/sector-forestal-en-alerta-por-medidas-del-gobierno-nacional\\\/#primaryimage\"},\"image\":{\"@id\":\"https:\\\/\\\/cvinoticias.com\\\/v3\\\/sector-forestal-en-alerta-por-medidas-del-gobierno-nacional\\\/#primaryimage\"},\"thumbnailUrl\":\"https:\\\/\\\/cvinoticias.com\\\/wp-content\\\/uploads\\\/2023\\\/12\\\/IMG-20231213-WA0370.jpg\",\"datePublished\":\"2023-12-13T18:48:04+00:00\",\"breadcrumb\":{\"@id\":\"https:\\\/\\\/cvinoticias.com\\\/v3\\\/sector-forestal-en-alerta-por-medidas-del-gobierno-nacional\\\/#breadcrumb\"},\"inLanguage\":\"es\",\"potentialAction\":[{\"@type\":\"ReadAction\",\"target\":[\"https:\\\/\\\/cvinoticias.com\\\/v3\\\/sector-forestal-en-alerta-por-medidas-del-gobierno-nacional\\\/\"]}]},{\"@type\":\"ImageObject\",\"inLanguage\":\"es\",\"@id\":\"https:\\\/\\\/cvinoticias.com\\\/v3\\\/sector-forestal-en-alerta-por-medidas-del-gobierno-nacional\\\/#primaryimage\",\"url\":\"https:\\\/\\\/cvinoticias.com\\\/wp-content\\\/uploads\\\/2023\\\/12\\\/IMG-20231213-WA0370.jpg\",\"contentUrl\":\"https:\\\/\\\/cvinoticias.com\\\/wp-content\\\/uploads\\\/2023\\\/12\\\/IMG-20231213-WA0370.jpg\",\"width\":680,\"height\":452},{\"@type\":\"BreadcrumbList\",\"@id\":\"https:\\\/\\\/cvinoticias.com\\\/v3\\\/sector-forestal-en-alerta-por-medidas-del-gobierno-nacional\\\/#breadcrumb\",\"itemListElement\":[{\"@type\":\"ListItem\",\"position\":1,\"name\":\"Portada\",\"item\":\"https:\\\/\\\/cvinoticias.com\\\/v3\\\/\"},{\"@type\":\"ListItem\",\"position\":2,\"name\":\"Sector forestal en alerta por medidas del gobierno nacional\"}]},{\"@type\":\"WebSite\",\"@id\":\"https:\\\/\\\/cvinoticias.com\\\/v3\\\/#website\",\"url\":\"https:\\\/\\\/cvinoticias.com\\\/v3\\\/\",\"name\":\"CVI NOTICIAS\",\"description\":\"\",\"publisher\":{\"@id\":\"https:\\\/\\\/cvinoticias.com\\\/v3\\\/#organization\"},\"alternateName\":\"CVI\",\"potentialAction\":[{\"@type\":\"SearchAction\",\"target\":{\"@type\":\"EntryPoint\",\"urlTemplate\":\"https:\\\/\\\/cvinoticias.com\\\/v3\\\/?s={search_term_string}\"},\"query-input\":{\"@type\":\"PropertyValueSpecification\",\"valueRequired\":true,\"valueName\":\"search_term_string\"}}],\"inLanguage\":\"es\"},{\"@type\":\"Organization\",\"@id\":\"https:\\\/\\\/cvinoticias.com\\\/v3\\\/#organization\",\"name\":\"CVI NOTICIAS\",\"url\":\"https:\\\/\\\/cvinoticias.com\\\/v3\\\/\",\"logo\":{\"@type\":\"ImageObject\",\"inLanguage\":\"es\",\"@id\":\"https:\\\/\\\/cvinoticias.com\\\/v3\\\/#\\\/schema\\\/logo\\\/image\\\/\",\"url\":\"https:\\\/\\\/cvinoticias.com\\\/wp-content\\\/uploads\\\/2023\\\/04\\\/cropped-cropped-cropped-cropped-cropped-3-1.png\",\"contentUrl\":\"https:\\\/\\\/cvinoticias.com\\\/wp-content\\\/uploads\\\/2023\\\/04\\\/cropped-cropped-cropped-cropped-cropped-3-1.png\",\"width\":95,\"height\":122,\"caption\":\"CVI NOTICIAS\"},\"image\":{\"@id\":\"https:\\\/\\\/cvinoticias.com\\\/v3\\\/#\\\/schema\\\/logo\\\/image\\\/\"},\"sameAs\":[\"https:\\\/\\\/www.facebook.com\\\/cvinoticias\",\"https:\\\/\\\/www.instagram.com\\\/cvinoticias\\\/\",\"https:\\\/\\\/www.youtube.com\\\/@CVINOTICIAS\"]},{\"@type\":\"Person\",\"@id\":\"https:\\\/\\\/cvinoticias.com\\\/v3\\\/#\\\/schema\\\/person\\\/2db77e3c6bc03c538495d7b2b8be9b66\",\"name\":\"f1000024\",\"image\":{\"@type\":\"ImageObject\",\"inLanguage\":\"es\",\"@id\":\"https:\\\/\\\/secure.gravatar.com\\\/avatar\\\/d4fe7459cfc51ff5129ce1a732bbef5928568b8092d412ef95611616376bbeed?s=96&d=mm&r=g\",\"url\":\"https:\\\/\\\/secure.gravatar.com\\\/avatar\\\/d4fe7459cfc51ff5129ce1a732bbef5928568b8092d412ef95611616376bbeed?s=96&d=mm&r=g\",\"contentUrl\":\"https:\\\/\\\/secure.gravatar.com\\\/avatar\\\/d4fe7459cfc51ff5129ce1a732bbef5928568b8092d412ef95611616376bbeed?s=96&d=mm&r=g\",\"caption\":\"f1000024\"},\"url\":\"https:\\\/\\\/cvinoticias.com\\\/v3\\\/author\\\/f1000024\\\/\"}]}<\/script>\n<!-- \/ Yoast SEO plugin. -->","yoast_head_json":{"title":"Sector forestal en alerta por medidas del gobierno nacional | CVI NOTICIAS","robots":{"index":"index","follow":"follow","max-snippet":"max-snippet:-1","max-image-preview":"max-image-preview:large","max-video-preview":"max-video-preview:-1"},"canonical":"https:\/\/cvinoticias.com\/v3\/sector-forestal-en-alerta-por-medidas-del-gobierno-nacional\/","og_locale":"es_ES","og_type":"article","og_title":"Sector forestal en alerta por medidas del gobierno nacional | CVI NOTICIAS","og_description":"Rom\u00e1n Queiroz, Presidente de la Federaci\u00f3n Argentina de la Madera, expres\u00f3 sus reparos ante los anuncios del ministro Caputo. Escaso margen entre el d\u00f3lar exportador y los costos, reimplantaci\u00f3n de retenciones a econom\u00edas regionales, inflaci\u00f3n, entre otros temas fueron abordados por el referente de la foresto industria nacional. En declaraciones medi\u00e1ticas, Queiroz realiz\u00f3 un an\u00e1lisis [&hellip;]","og_url":"https:\/\/cvinoticias.com\/v3\/sector-forestal-en-alerta-por-medidas-del-gobierno-nacional\/","og_site_name":"CVI NOTICIAS","article_publisher":"https:\/\/www.facebook.com\/cvinoticias","article_published_time":"2023-12-13T18:48:04+00:00","og_image":[{"width":680,"height":452,"url":"https:\/\/cvinoticias.com\/wp-content\/uploads\/2023\/12\/IMG-20231213-WA0370.jpg","type":"image\/jpeg"}],"author":"f1000024","twitter_card":"summary_large_image","twitter_misc":{"Escrito por":"f1000024","Tiempo de lectura":"4 minutos"},"schema":{"@context":"https:\/\/schema.org","@graph":[{"@type":"Article","@id":"https:\/\/cvinoticias.com\/v3\/sector-forestal-en-alerta-por-medidas-del-gobierno-nacional\/#article","isPartOf":{"@id":"https:\/\/cvinoticias.com\/v3\/sector-forestal-en-alerta-por-medidas-del-gobierno-nacional\/"},"author":{"name":"f1000024","@id":"https:\/\/cvinoticias.com\/v3\/#\/schema\/person\/2db77e3c6bc03c538495d7b2b8be9b66"},"headline":"Sector forestal en alerta por medidas del gobierno nacional","datePublished":"2023-12-13T18:48:04+00:00","mainEntityOfPage":{"@id":"https:\/\/cvinoticias.com\/v3\/sector-forestal-en-alerta-por-medidas-del-gobierno-nacional\/"},"wordCount":748,"commentCount":0,"publisher":{"@id":"https:\/\/cvinoticias.com\/v3\/#organization"},"image":{"@id":"https:\/\/cvinoticias.com\/v3\/sector-forestal-en-alerta-por-medidas-del-gobierno-nacional\/#primaryimage"},"thumbnailUrl":"https:\/\/cvinoticias.com\/wp-content\/uploads\/2023\/12\/IMG-20231213-WA0370.jpg","articleSection":["Informaci\u00f3n General"],"inLanguage":"es","potentialAction":[{"@type":"CommentAction","name":"Comment","target":["https:\/\/cvinoticias.com\/v3\/sector-forestal-en-alerta-por-medidas-del-gobierno-nacional\/#respond"]}]},{"@type":"WebPage","@id":"https:\/\/cvinoticias.com\/v3\/sector-forestal-en-alerta-por-medidas-del-gobierno-nacional\/","url":"https:\/\/cvinoticias.com\/v3\/sector-forestal-en-alerta-por-medidas-del-gobierno-nacional\/","name":"Sector forestal en alerta por medidas del gobierno nacional | CVI NOTICIAS","isPartOf":{"@id":"https:\/\/cvinoticias.com\/v3\/#website"},"primaryImageOfPage":{"@id":"https:\/\/cvinoticias.com\/v3\/sector-forestal-en-alerta-por-medidas-del-gobierno-nacional\/#primaryimage"},"image":{"@id":"https:\/\/cvinoticias.com\/v3\/sector-forestal-en-alerta-por-medidas-del-gobierno-nacional\/#primaryimage"},"thumbnailUrl":"https:\/\/cvinoticias.com\/wp-content\/uploads\/2023\/12\/IMG-20231213-WA0370.jpg","datePublished":"2023-12-13T18:48:04+00:00","breadcrumb":{"@id":"https:\/\/cvinoticias.com\/v3\/sector-forestal-en-alerta-por-medidas-del-gobierno-nacional\/#breadcrumb"},"inLanguage":"es","potentialAction":[{"@type":"ReadAction","target":["https:\/\/cvinoticias.com\/v3\/sector-forestal-en-alerta-por-medidas-del-gobierno-nacional\/"]}]},{"@type":"ImageObject","inLanguage":"es","@id":"https:\/\/cvinoticias.com\/v3\/sector-forestal-en-alerta-por-medidas-del-gobierno-nacional\/#primaryimage","url":"https:\/\/cvinoticias.com\/wp-content\/uploads\/2023\/12\/IMG-20231213-WA0370.jpg","contentUrl":"https:\/\/cvinoticias.com\/wp-content\/uploads\/2023\/12\/IMG-20231213-WA0370.jpg","width":680,"height":452},{"@type":"BreadcrumbList","@id":"https:\/\/cvinoticias.com\/v3\/sector-forestal-en-alerta-por-medidas-del-gobierno-nacional\/#breadcrumb","itemListElement":[{"@type":"ListItem","position":1,"name":"Portada","item":"https:\/\/cvinoticias.com\/v3\/"},{"@type":"ListItem","position":2,"name":"Sector forestal en alerta por medidas del gobierno nacional"}]},{"@type":"WebSite","@id":"https:\/\/cvinoticias.com\/v3\/#website","url":"https:\/\/cvinoticias.com\/v3\/","name":"CVI NOTICIAS","description":"","publisher":{"@id":"https:\/\/cvinoticias.com\/v3\/#organization"},"alternateName":"CVI","potentialAction":[{"@type":"SearchAction","target":{"@type":"EntryPoint","urlTemplate":"https:\/\/cvinoticias.com\/v3\/?s={search_term_string}"},"query-input":{"@type":"PropertyValueSpecification","valueRequired":true,"valueName":"search_term_string"}}],"inLanguage":"es"},{"@type":"Organization","@id":"https:\/\/cvinoticias.com\/v3\/#organization","name":"CVI NOTICIAS","url":"https:\/\/cvinoticias.com\/v3\/","logo":{"@type":"ImageObject","inLanguage":"es","@id":"https:\/\/cvinoticias.com\/v3\/#\/schema\/logo\/image\/","url":"https:\/\/cvinoticias.com\/wp-content\/uploads\/2023\/04\/cropped-cropped-cropped-cropped-cropped-3-1.png","contentUrl":"https:\/\/cvinoticias.com\/wp-content\/uploads\/2023\/04\/cropped-cropped-cropped-cropped-cropped-3-1.png","width":95,"height":122,"caption":"CVI NOTICIAS"},"image":{"@id":"https:\/\/cvinoticias.com\/v3\/#\/schema\/logo\/image\/"},"sameAs":["https:\/\/www.facebook.com\/cvinoticias","https:\/\/www.instagram.com\/cvinoticias\/","https:\/\/www.youtube.com\/@CVINOTICIAS"]},{"@type":"Person","@id":"https:\/\/cvinoticias.com\/v3\/#\/schema\/person\/2db77e3c6bc03c538495d7b2b8be9b66","name":"f1000024","image":{"@type":"ImageObject","inLanguage":"es","@id":"https:\/\/secure.gravatar.com\/avatar\/d4fe7459cfc51ff5129ce1a732bbef5928568b8092d412ef95611616376bbeed?s=96&d=mm&r=g","url":"https:\/\/secure.gravatar.com\/avatar\/d4fe7459cfc51ff5129ce1a732bbef5928568b8092d412ef95611616376bbeed?s=96&d=mm&r=g","contentUrl":"https:\/\/secure.gravatar.com\/avatar\/d4fe7459cfc51ff5129ce1a732bbef5928568b8092d412ef95611616376bbeed?s=96&d=mm&r=g","caption":"f1000024"},"url":"https:\/\/cvinoticias.com\/v3\/author\/f1000024\/"}]}},"_links":{"self":[{"href":"https:\/\/cvinoticias.com\/v3\/wp-json\/wp\/v2\/posts\/30893","targetHints":{"allow":["GET"]}}],"collection":[{"href":"https:\/\/cvinoticias.com\/v3\/wp-json\/wp\/v2\/posts"}],"about":[{"href":"https:\/\/cvinoticias.com\/v3\/wp-json\/wp\/v2\/types\/post"}],"author":[{"embeddable":true,"href":"https:\/\/cvinoticias.com\/v3\/wp-json\/wp\/v2\/users\/2"}],"replies":[{"embeddable":true,"href":"https:\/\/cvinoticias.com\/v3\/wp-json\/wp\/v2\/comments?post=30893"}],"version-history":[{"count":1,"href":"https:\/\/cvinoticias.com\/v3\/wp-json\/wp\/v2\/posts\/30893\/revisions"}],"predecessor-version":[{"id":30895,"href":"https:\/\/cvinoticias.com\/v3\/wp-json\/wp\/v2\/posts\/30893\/revisions\/30895"}],"wp:featuredmedia":[{"embeddable":true,"href":"https:\/\/cvinoticias.com\/v3\/wp-json\/wp\/v2\/media\/30894"}],"wp:attachment":[{"href":"https:\/\/cvinoticias.com\/v3\/wp-json\/wp\/v2\/media?parent=30893"}],"wp:term":[{"taxonomy":"category","embeddable":true,"href":"https:\/\/cvinoticias.com\/v3\/wp-json\/wp\/v2\/categories?post=30893"},{"taxonomy":"post_tag","embeddable":true,"href":"https:\/\/cvinoticias.com\/v3\/wp-json\/wp\/v2\/tags?post=30893"}],"curies":[{"name":"wp","href":"https:\/\/api.w.org\/{rel}","templated":true}]}}