{"id":30876,"date":"2023-12-13T11:46:18","date_gmt":"2023-12-13T14:46:18","guid":{"rendered":"https:\/\/cvinoticias.com\/v3\/?p=30876"},"modified":"2023-12-13T11:46:18","modified_gmt":"2023-12-13T14:46:18","slug":"hector-%c2%a8kico%c2%a8-llera-el-nuevo-ministro-de-coordinacion-general-de-gabinete-de-misiones-orgullo-de-iguazu","status":"publish","type":"post","link":"https:\/\/cvinoticias.com\/v3\/hector-%c2%a8kico%c2%a8-llera-el-nuevo-ministro-de-coordinacion-general-de-gabinete-de-misiones-orgullo-de-iguazu\/","title":{"rendered":"H\u00e9ctor \u00a8Kico\u00a8 Llera, el Nuevo Ministro de Coordinaci\u00f3n General de Gabinete de Misiones: Orgullo de Iguaz\u00fa"},"content":{"rendered":"\n<p><strong><em>En un paso significativo hacia la gesti\u00f3n provincial, el anuncio del nombramiento de H\u00e9ctor Kico Llera como el nuevo Ministro de Coordinaci\u00f3n General de Gabinete de la provincia de Misiones ha generado un eco de expectativas y entusiasmo. Con una trayectoria pol\u00edtica s\u00f3lida, Llera emerge como un representante joven con ra\u00edces profundas en la regi\u00f3n de Iguaz\u00fa, donde naci\u00f3 y se cri\u00f3.<\/em><\/strong><\/p>\n\n\n\n<p>Anteriormente desempe\u00f1ando un rol destacado como diputado provincial, la designaci\u00f3n de Llera es un reflejo no solo de su experiencia pol\u00edtica sino tambi\u00e9n de su arraigo y compromiso con la comunidad. Su ascendente trayectoria demuestra un constante crecimiento y dedicaci\u00f3n, factores que lo han convertido en un referente para los j\u00f3venes que que buscan inspiraci\u00f3n y representaci\u00f3n aut\u00e9ntica.<\/p>\n\n\n\n<figure class=\"wp-block-image size-full\"><a href=\"https:\/\/cvinoticias.com\/wp-content\/uploads\/2023\/12\/IMG-20231213-WA0129.jpg\"><img decoding=\"async\" width=\"1024\" height=\"851\" data-src=\"https:\/\/cvinoticias.com\/wp-content\/uploads\/2023\/12\/IMG-20231213-WA0129.jpg\" alt=\"\" class=\"wp-image-30877 lazyload\" data-srcset=\"https:\/\/cvinoticias.com\/wp-content\/uploads\/2023\/12\/IMG-20231213-WA0129.jpg 1024w, https:\/\/cvinoticias.com\/wp-content\/uploads\/2023\/12\/IMG-20231213-WA0129-300x249.jpg 300w, https:\/\/cvinoticias.com\/wp-content\/uploads\/2023\/12\/IMG-20231213-WA0129-768x638.jpg 768w\" data-sizes=\"(max-width: 1024px) 100vw, 1024px\" src=\"data:image\/svg+xml;base64,PHN2ZyB3aWR0aD0iMSIgaGVpZ2h0PSIxIiB4bWxucz0iaHR0cDovL3d3dy53My5vcmcvMjAwMC9zdmciPjwvc3ZnPg==\" style=\"--smush-placeholder-width: 1024px; --smush-placeholder-aspect-ratio: 1024\/851;\" \/><\/a><\/figure>\n\n\n\n<p>La comunidad de Iguaz\u00fa, orgullosa de ver a uno de los suyos asumiendo una posici\u00f3n de tal relevancia, celebra el ascenso de Kico como una muestra de la capacidad y el talento presentes en nuestra zona.<\/p>\n","protected":false},"excerpt":{"rendered":"<p>En un paso significativo hacia la gesti\u00f3n provincial, el anuncio del nombramiento de H\u00e9ctor Kico Llera como el nuevo Ministro de Coordinaci\u00f3n General de Gabinete de la provincia de Misiones ha generado un eco de expectativas y entusiasmo. Con una trayectoria pol\u00edtica s\u00f3lida, Llera emerge como un representante joven con ra\u00edces profundas en la regi\u00f3n [&hellip;]<\/p>\n","protected":false},"author":2,"featured_media":30878,"comment_status":"open","ping_status":"open","sticky":false,"template":"","format":"standard","meta":{"footnotes":""},"categories":[43],"tags":[],"class_list":["post-30876","post","type-post","status-publish","format-standard","has-post-thumbnail","hentry","category-provinciales"],"yoast_head":"<!-- This site is optimized with the Yoast SEO plugin v27.4 - https:\/\/yoast.com\/product\/yoast-seo-wordpress\/ -->\n<title>H\u00e9ctor \u00a8Kico\u00a8 Llera, el Nuevo Ministro de Coordinaci\u00f3n General de Gabinete de Misiones: Orgullo de Iguaz\u00fa | CVI NOTICIAS<\/title>\n<meta name=\"robots\" content=\"index, follow, max-snippet:-1, max-image-preview:large, max-video-preview:-1\" \/>\n<link rel=\"canonical\" href=\"https:\/\/cvinoticias.com\/v3\/hector-\u00a8kico\u00a8-llera-el-nuevo-ministro-de-coordinacion-general-de-gabinete-de-misiones-orgullo-de-iguazu\/\" \/>\n<meta property=\"og:locale\" content=\"es_ES\" \/>\n<meta property=\"og:type\" content=\"article\" \/>\n<meta property=\"og:title\" content=\"H\u00e9ctor \u00a8Kico\u00a8 Llera, el Nuevo Ministro de Coordinaci\u00f3n General de Gabinete de Misiones: Orgullo de Iguaz\u00fa | CVI NOTICIAS\" \/>\n<meta property=\"og:description\" content=\"En un paso significativo hacia la gesti\u00f3n provincial, el anuncio del nombramiento de H\u00e9ctor Kico Llera como el nuevo Ministro de Coordinaci\u00f3n General de Gabinete de la provincia de Misiones ha generado un eco de expectativas y entusiasmo. Con una trayectoria pol\u00edtica s\u00f3lida, Llera emerge como un representante joven con ra\u00edces profundas en la regi\u00f3n [&hellip;]\" \/>\n<meta property=\"og:url\" content=\"https:\/\/cvinoticias.com\/v3\/hector-\u00a8kico\u00a8-llera-el-nuevo-ministro-de-coordinacion-general-de-gabinete-de-misiones-orgullo-de-iguazu\/\" \/>\n<meta property=\"og:site_name\" content=\"CVI NOTICIAS\" \/>\n<meta property=\"article:publisher\" content=\"https:\/\/www.facebook.com\/cvinoticias\" \/>\n<meta property=\"article:published_time\" content=\"2023-12-13T14:46:18+00:00\" \/>\n<meta property=\"og:image\" content=\"https:\/\/cvinoticias.com\/wp-content\/uploads\/2023\/12\/IMG-20231213-WA0130.jpg\" \/>\n\t<meta property=\"og:image:width\" content=\"1024\" \/>\n\t<meta property=\"og:image:height\" content=\"851\" \/>\n\t<meta property=\"og:image:type\" content=\"image\/jpeg\" \/>\n<meta name=\"author\" content=\"f1000024\" \/>\n<meta name=\"twitter:card\" content=\"summary_large_image\" \/>\n<meta name=\"twitter:label1\" content=\"Escrito por\" \/>\n\t<meta name=\"twitter:data1\" content=\"f1000024\" \/>\n\t<meta name=\"twitter:label2\" content=\"Tiempo de lectura\" \/>\n\t<meta name=\"twitter:data2\" content=\"1 minuto\" \/>\n<script type=\"application\/ld+json\" class=\"yoast-schema-graph\">{\"@context\":\"https:\\\/\\\/schema.org\",\"@graph\":[{\"@type\":\"Article\",\"@id\":\"https:\\\/\\\/cvinoticias.com\\\/v3\\\/hector-%c2%a8kico%c2%a8-llera-el-nuevo-ministro-de-coordinacion-general-de-gabinete-de-misiones-orgullo-de-iguazu\\\/#article\",\"isPartOf\":{\"@id\":\"https:\\\/\\\/cvinoticias.com\\\/v3\\\/hector-%c2%a8kico%c2%a8-llera-el-nuevo-ministro-de-coordinacion-general-de-gabinete-de-misiones-orgullo-de-iguazu\\\/\"},\"author\":{\"name\":\"f1000024\",\"@id\":\"https:\\\/\\\/cvinoticias.com\\\/v3\\\/#\\\/schema\\\/person\\\/2db77e3c6bc03c538495d7b2b8be9b66\"},\"headline\":\"H\u00e9ctor \u00a8Kico\u00a8 Llera, el Nuevo Ministro de Coordinaci\u00f3n General de Gabinete de Misiones: Orgullo de Iguaz\u00fa\",\"datePublished\":\"2023-12-13T14:46:18+00:00\",\"mainEntityOfPage\":{\"@id\":\"https:\\\/\\\/cvinoticias.com\\\/v3\\\/hector-%c2%a8kico%c2%a8-llera-el-nuevo-ministro-de-coordinacion-general-de-gabinete-de-misiones-orgullo-de-iguazu\\\/\"},\"wordCount\":191,\"commentCount\":0,\"publisher\":{\"@id\":\"https:\\\/\\\/cvinoticias.com\\\/v3\\\/#organization\"},\"image\":{\"@id\":\"https:\\\/\\\/cvinoticias.com\\\/v3\\\/hector-%c2%a8kico%c2%a8-llera-el-nuevo-ministro-de-coordinacion-general-de-gabinete-de-misiones-orgullo-de-iguazu\\\/#primaryimage\"},\"thumbnailUrl\":\"https:\\\/\\\/cvinoticias.com\\\/wp-content\\\/uploads\\\/2023\\\/12\\\/IMG-20231213-WA0130.jpg\",\"articleSection\":[\"Provinciales\"],\"inLanguage\":\"es\",\"potentialAction\":[{\"@type\":\"CommentAction\",\"name\":\"Comment\",\"target\":[\"https:\\\/\\\/cvinoticias.com\\\/v3\\\/hector-%c2%a8kico%c2%a8-llera-el-nuevo-ministro-de-coordinacion-general-de-gabinete-de-misiones-orgullo-de-iguazu\\\/#respond\"]}]},{\"@type\":\"WebPage\",\"@id\":\"https:\\\/\\\/cvinoticias.com\\\/v3\\\/hector-%c2%a8kico%c2%a8-llera-el-nuevo-ministro-de-coordinacion-general-de-gabinete-de-misiones-orgullo-de-iguazu\\\/\",\"url\":\"https:\\\/\\\/cvinoticias.com\\\/v3\\\/hector-%c2%a8kico%c2%a8-llera-el-nuevo-ministro-de-coordinacion-general-de-gabinete-de-misiones-orgullo-de-iguazu\\\/\",\"name\":\"H\u00e9ctor \u00a8Kico\u00a8 Llera, el Nuevo Ministro de Coordinaci\u00f3n General de Gabinete de Misiones: Orgullo de Iguaz\u00fa | CVI NOTICIAS\",\"isPartOf\":{\"@id\":\"https:\\\/\\\/cvinoticias.com\\\/v3\\\/#website\"},\"primaryImageOfPage\":{\"@id\":\"https:\\\/\\\/cvinoticias.com\\\/v3\\\/hector-%c2%a8kico%c2%a8-llera-el-nuevo-ministro-de-coordinacion-general-de-gabinete-de-misiones-orgullo-de-iguazu\\\/#primaryimage\"},\"image\":{\"@id\":\"https:\\\/\\\/cvinoticias.com\\\/v3\\\/hector-%c2%a8kico%c2%a8-llera-el-nuevo-ministro-de-coordinacion-general-de-gabinete-de-misiones-orgullo-de-iguazu\\\/#primaryimage\"},\"thumbnailUrl\":\"https:\\\/\\\/cvinoticias.com\\\/wp-content\\\/uploads\\\/2023\\\/12\\\/IMG-20231213-WA0130.jpg\",\"datePublished\":\"2023-12-13T14:46:18+00:00\",\"breadcrumb\":{\"@id\":\"https:\\\/\\\/cvinoticias.com\\\/v3\\\/hector-%c2%a8kico%c2%a8-llera-el-nuevo-ministro-de-coordinacion-general-de-gabinete-de-misiones-orgullo-de-iguazu\\\/#breadcrumb\"},\"inLanguage\":\"es\",\"potentialAction\":[{\"@type\":\"ReadAction\",\"target\":[\"https:\\\/\\\/cvinoticias.com\\\/v3\\\/hector-%c2%a8kico%c2%a8-llera-el-nuevo-ministro-de-coordinacion-general-de-gabinete-de-misiones-orgullo-de-iguazu\\\/\"]}]},{\"@type\":\"ImageObject\",\"inLanguage\":\"es\",\"@id\":\"https:\\\/\\\/cvinoticias.com\\\/v3\\\/hector-%c2%a8kico%c2%a8-llera-el-nuevo-ministro-de-coordinacion-general-de-gabinete-de-misiones-orgullo-de-iguazu\\\/#primaryimage\",\"url\":\"https:\\\/\\\/cvinoticias.com\\\/wp-content\\\/uploads\\\/2023\\\/12\\\/IMG-20231213-WA0130.jpg\",\"contentUrl\":\"https:\\\/\\\/cvinoticias.com\\\/wp-content\\\/uploads\\\/2023\\\/12\\\/IMG-20231213-WA0130.jpg\",\"width\":1024,\"height\":851},{\"@type\":\"BreadcrumbList\",\"@id\":\"https:\\\/\\\/cvinoticias.com\\\/v3\\\/hector-%c2%a8kico%c2%a8-llera-el-nuevo-ministro-de-coordinacion-general-de-gabinete-de-misiones-orgullo-de-iguazu\\\/#breadcrumb\",\"itemListElement\":[{\"@type\":\"ListItem\",\"position\":1,\"name\":\"Portada\",\"item\":\"https:\\\/\\\/cvinoticias.com\\\/v3\\\/\"},{\"@type\":\"ListItem\",\"position\":2,\"name\":\"H\u00e9ctor \u00a8Kico\u00a8 Llera, el Nuevo Ministro de Coordinaci\u00f3n General de Gabinete de Misiones: Orgullo de Iguaz\u00fa\"}]},{\"@type\":\"WebSite\",\"@id\":\"https:\\\/\\\/cvinoticias.com\\\/v3\\\/#website\",\"url\":\"https:\\\/\\\/cvinoticias.com\\\/v3\\\/\",\"name\":\"CVI NOTICIAS\",\"description\":\"\",\"publisher\":{\"@id\":\"https:\\\/\\\/cvinoticias.com\\\/v3\\\/#organization\"},\"alternateName\":\"CVI\",\"potentialAction\":[{\"@type\":\"SearchAction\",\"target\":{\"@type\":\"EntryPoint\",\"urlTemplate\":\"https:\\\/\\\/cvinoticias.com\\\/v3\\\/?s={search_term_string}\"},\"query-input\":{\"@type\":\"PropertyValueSpecification\",\"valueRequired\":true,\"valueName\":\"search_term_string\"}}],\"inLanguage\":\"es\"},{\"@type\":\"Organization\",\"@id\":\"https:\\\/\\\/cvinoticias.com\\\/v3\\\/#organization\",\"name\":\"CVI NOTICIAS\",\"url\":\"https:\\\/\\\/cvinoticias.com\\\/v3\\\/\",\"logo\":{\"@type\":\"ImageObject\",\"inLanguage\":\"es\",\"@id\":\"https:\\\/\\\/cvinoticias.com\\\/v3\\\/#\\\/schema\\\/logo\\\/image\\\/\",\"url\":\"https:\\\/\\\/cvinoticias.com\\\/wp-content\\\/uploads\\\/2023\\\/04\\\/cropped-cropped-cropped-cropped-cropped-3-1.png\",\"contentUrl\":\"https:\\\/\\\/cvinoticias.com\\\/wp-content\\\/uploads\\\/2023\\\/04\\\/cropped-cropped-cropped-cropped-cropped-3-1.png\",\"width\":95,\"height\":122,\"caption\":\"CVI NOTICIAS\"},\"image\":{\"@id\":\"https:\\\/\\\/cvinoticias.com\\\/v3\\\/#\\\/schema\\\/logo\\\/image\\\/\"},\"sameAs\":[\"https:\\\/\\\/www.facebook.com\\\/cvinoticias\",\"https:\\\/\\\/www.instagram.com\\\/cvinoticias\\\/\",\"https:\\\/\\\/www.youtube.com\\\/@CVINOTICIAS\"]},{\"@type\":\"Person\",\"@id\":\"https:\\\/\\\/cvinoticias.com\\\/v3\\\/#\\\/schema\\\/person\\\/2db77e3c6bc03c538495d7b2b8be9b66\",\"name\":\"f1000024\",\"image\":{\"@type\":\"ImageObject\",\"inLanguage\":\"es\",\"@id\":\"https:\\\/\\\/secure.gravatar.com\\\/avatar\\\/d4fe7459cfc51ff5129ce1a732bbef5928568b8092d412ef95611616376bbeed?s=96&d=mm&r=g\",\"url\":\"https:\\\/\\\/secure.gravatar.com\\\/avatar\\\/d4fe7459cfc51ff5129ce1a732bbef5928568b8092d412ef95611616376bbeed?s=96&d=mm&r=g\",\"contentUrl\":\"https:\\\/\\\/secure.gravatar.com\\\/avatar\\\/d4fe7459cfc51ff5129ce1a732bbef5928568b8092d412ef95611616376bbeed?s=96&d=mm&r=g\",\"caption\":\"f1000024\"},\"url\":\"https:\\\/\\\/cvinoticias.com\\\/v3\\\/author\\\/f1000024\\\/\"}]}<\/script>\n<!-- \/ Yoast SEO plugin. -->","yoast_head_json":{"title":"H\u00e9ctor \u00a8Kico\u00a8 Llera, el Nuevo Ministro de Coordinaci\u00f3n General de Gabinete de Misiones: Orgullo de Iguaz\u00fa | CVI NOTICIAS","robots":{"index":"index","follow":"follow","max-snippet":"max-snippet:-1","max-image-preview":"max-image-preview:large","max-video-preview":"max-video-preview:-1"},"canonical":"https:\/\/cvinoticias.com\/v3\/hector-\u00a8kico\u00a8-llera-el-nuevo-ministro-de-coordinacion-general-de-gabinete-de-misiones-orgullo-de-iguazu\/","og_locale":"es_ES","og_type":"article","og_title":"H\u00e9ctor \u00a8Kico\u00a8 Llera, el Nuevo Ministro de Coordinaci\u00f3n General de Gabinete de Misiones: Orgullo de Iguaz\u00fa | CVI NOTICIAS","og_description":"En un paso significativo hacia la gesti\u00f3n provincial, el anuncio del nombramiento de H\u00e9ctor Kico Llera como el nuevo Ministro de Coordinaci\u00f3n General de Gabinete de la provincia de Misiones ha generado un eco de expectativas y entusiasmo. Con una trayectoria pol\u00edtica s\u00f3lida, Llera emerge como un representante joven con ra\u00edces profundas en la regi\u00f3n [&hellip;]","og_url":"https:\/\/cvinoticias.com\/v3\/hector-\u00a8kico\u00a8-llera-el-nuevo-ministro-de-coordinacion-general-de-gabinete-de-misiones-orgullo-de-iguazu\/","og_site_name":"CVI NOTICIAS","article_publisher":"https:\/\/www.facebook.com\/cvinoticias","article_published_time":"2023-12-13T14:46:18+00:00","og_image":[{"width":1024,"height":851,"url":"https:\/\/cvinoticias.com\/wp-content\/uploads\/2023\/12\/IMG-20231213-WA0130.jpg","type":"image\/jpeg"}],"author":"f1000024","twitter_card":"summary_large_image","twitter_misc":{"Escrito por":"f1000024","Tiempo de lectura":"1 minuto"},"schema":{"@context":"https:\/\/schema.org","@graph":[{"@type":"Article","@id":"https:\/\/cvinoticias.com\/v3\/hector-%c2%a8kico%c2%a8-llera-el-nuevo-ministro-de-coordinacion-general-de-gabinete-de-misiones-orgullo-de-iguazu\/#article","isPartOf":{"@id":"https:\/\/cvinoticias.com\/v3\/hector-%c2%a8kico%c2%a8-llera-el-nuevo-ministro-de-coordinacion-general-de-gabinete-de-misiones-orgullo-de-iguazu\/"},"author":{"name":"f1000024","@id":"https:\/\/cvinoticias.com\/v3\/#\/schema\/person\/2db77e3c6bc03c538495d7b2b8be9b66"},"headline":"H\u00e9ctor \u00a8Kico\u00a8 Llera, el Nuevo Ministro de Coordinaci\u00f3n General de Gabinete de Misiones: Orgullo de Iguaz\u00fa","datePublished":"2023-12-13T14:46:18+00:00","mainEntityOfPage":{"@id":"https:\/\/cvinoticias.com\/v3\/hector-%c2%a8kico%c2%a8-llera-el-nuevo-ministro-de-coordinacion-general-de-gabinete-de-misiones-orgullo-de-iguazu\/"},"wordCount":191,"commentCount":0,"publisher":{"@id":"https:\/\/cvinoticias.com\/v3\/#organization"},"image":{"@id":"https:\/\/cvinoticias.com\/v3\/hector-%c2%a8kico%c2%a8-llera-el-nuevo-ministro-de-coordinacion-general-de-gabinete-de-misiones-orgullo-de-iguazu\/#primaryimage"},"thumbnailUrl":"https:\/\/cvinoticias.com\/wp-content\/uploads\/2023\/12\/IMG-20231213-WA0130.jpg","articleSection":["Provinciales"],"inLanguage":"es","potentialAction":[{"@type":"CommentAction","name":"Comment","target":["https:\/\/cvinoticias.com\/v3\/hector-%c2%a8kico%c2%a8-llera-el-nuevo-ministro-de-coordinacion-general-de-gabinete-de-misiones-orgullo-de-iguazu\/#respond"]}]},{"@type":"WebPage","@id":"https:\/\/cvinoticias.com\/v3\/hector-%c2%a8kico%c2%a8-llera-el-nuevo-ministro-de-coordinacion-general-de-gabinete-de-misiones-orgullo-de-iguazu\/","url":"https:\/\/cvinoticias.com\/v3\/hector-%c2%a8kico%c2%a8-llera-el-nuevo-ministro-de-coordinacion-general-de-gabinete-de-misiones-orgullo-de-iguazu\/","name":"H\u00e9ctor \u00a8Kico\u00a8 Llera, el Nuevo Ministro de Coordinaci\u00f3n General de Gabinete de Misiones: Orgullo de Iguaz\u00fa | CVI NOTICIAS","isPartOf":{"@id":"https:\/\/cvinoticias.com\/v3\/#website"},"primaryImageOfPage":{"@id":"https:\/\/cvinoticias.com\/v3\/hector-%c2%a8kico%c2%a8-llera-el-nuevo-ministro-de-coordinacion-general-de-gabinete-de-misiones-orgullo-de-iguazu\/#primaryimage"},"image":{"@id":"https:\/\/cvinoticias.com\/v3\/hector-%c2%a8kico%c2%a8-llera-el-nuevo-ministro-de-coordinacion-general-de-gabinete-de-misiones-orgullo-de-iguazu\/#primaryimage"},"thumbnailUrl":"https:\/\/cvinoticias.com\/wp-content\/uploads\/2023\/12\/IMG-20231213-WA0130.jpg","datePublished":"2023-12-13T14:46:18+00:00","breadcrumb":{"@id":"https:\/\/cvinoticias.com\/v3\/hector-%c2%a8kico%c2%a8-llera-el-nuevo-ministro-de-coordinacion-general-de-gabinete-de-misiones-orgullo-de-iguazu\/#breadcrumb"},"inLanguage":"es","potentialAction":[{"@type":"ReadAction","target":["https:\/\/cvinoticias.com\/v3\/hector-%c2%a8kico%c2%a8-llera-el-nuevo-ministro-de-coordinacion-general-de-gabinete-de-misiones-orgullo-de-iguazu\/"]}]},{"@type":"ImageObject","inLanguage":"es","@id":"https:\/\/cvinoticias.com\/v3\/hector-%c2%a8kico%c2%a8-llera-el-nuevo-ministro-de-coordinacion-general-de-gabinete-de-misiones-orgullo-de-iguazu\/#primaryimage","url":"https:\/\/cvinoticias.com\/wp-content\/uploads\/2023\/12\/IMG-20231213-WA0130.jpg","contentUrl":"https:\/\/cvinoticias.com\/wp-content\/uploads\/2023\/12\/IMG-20231213-WA0130.jpg","width":1024,"height":851},{"@type":"BreadcrumbList","@id":"https:\/\/cvinoticias.com\/v3\/hector-%c2%a8kico%c2%a8-llera-el-nuevo-ministro-de-coordinacion-general-de-gabinete-de-misiones-orgullo-de-iguazu\/#breadcrumb","itemListElement":[{"@type":"ListItem","position":1,"name":"Portada","item":"https:\/\/cvinoticias.com\/v3\/"},{"@type":"ListItem","position":2,"name":"H\u00e9ctor \u00a8Kico\u00a8 Llera, el Nuevo Ministro de Coordinaci\u00f3n General de Gabinete de Misiones: Orgullo de Iguaz\u00fa"}]},{"@type":"WebSite","@id":"https:\/\/cvinoticias.com\/v3\/#website","url":"https:\/\/cvinoticias.com\/v3\/","name":"CVI NOTICIAS","description":"","publisher":{"@id":"https:\/\/cvinoticias.com\/v3\/#organization"},"alternateName":"CVI","potentialAction":[{"@type":"SearchAction","target":{"@type":"EntryPoint","urlTemplate":"https:\/\/cvinoticias.com\/v3\/?s={search_term_string}"},"query-input":{"@type":"PropertyValueSpecification","valueRequired":true,"valueName":"search_term_string"}}],"inLanguage":"es"},{"@type":"Organization","@id":"https:\/\/cvinoticias.com\/v3\/#organization","name":"CVI NOTICIAS","url":"https:\/\/cvinoticias.com\/v3\/","logo":{"@type":"ImageObject","inLanguage":"es","@id":"https:\/\/cvinoticias.com\/v3\/#\/schema\/logo\/image\/","url":"https:\/\/cvinoticias.com\/wp-content\/uploads\/2023\/04\/cropped-cropped-cropped-cropped-cropped-3-1.png","contentUrl":"https:\/\/cvinoticias.com\/wp-content\/uploads\/2023\/04\/cropped-cropped-cropped-cropped-cropped-3-1.png","width":95,"height":122,"caption":"CVI NOTICIAS"},"image":{"@id":"https:\/\/cvinoticias.com\/v3\/#\/schema\/logo\/image\/"},"sameAs":["https:\/\/www.facebook.com\/cvinoticias","https:\/\/www.instagram.com\/cvinoticias\/","https:\/\/www.youtube.com\/@CVINOTICIAS"]},{"@type":"Person","@id":"https:\/\/cvinoticias.com\/v3\/#\/schema\/person\/2db77e3c6bc03c538495d7b2b8be9b66","name":"f1000024","image":{"@type":"ImageObject","inLanguage":"es","@id":"https:\/\/secure.gravatar.com\/avatar\/d4fe7459cfc51ff5129ce1a732bbef5928568b8092d412ef95611616376bbeed?s=96&d=mm&r=g","url":"https:\/\/secure.gravatar.com\/avatar\/d4fe7459cfc51ff5129ce1a732bbef5928568b8092d412ef95611616376bbeed?s=96&d=mm&r=g","contentUrl":"https:\/\/secure.gravatar.com\/avatar\/d4fe7459cfc51ff5129ce1a732bbef5928568b8092d412ef95611616376bbeed?s=96&d=mm&r=g","caption":"f1000024"},"url":"https:\/\/cvinoticias.com\/v3\/author\/f1000024\/"}]}},"_links":{"self":[{"href":"https:\/\/cvinoticias.com\/v3\/wp-json\/wp\/v2\/posts\/30876","targetHints":{"allow":["GET"]}}],"collection":[{"href":"https:\/\/cvinoticias.com\/v3\/wp-json\/wp\/v2\/posts"}],"about":[{"href":"https:\/\/cvinoticias.com\/v3\/wp-json\/wp\/v2\/types\/post"}],"author":[{"embeddable":true,"href":"https:\/\/cvinoticias.com\/v3\/wp-json\/wp\/v2\/users\/2"}],"replies":[{"embeddable":true,"href":"https:\/\/cvinoticias.com\/v3\/wp-json\/wp\/v2\/comments?post=30876"}],"version-history":[{"count":1,"href":"https:\/\/cvinoticias.com\/v3\/wp-json\/wp\/v2\/posts\/30876\/revisions"}],"predecessor-version":[{"id":30879,"href":"https:\/\/cvinoticias.com\/v3\/wp-json\/wp\/v2\/posts\/30876\/revisions\/30879"}],"wp:featuredmedia":[{"embeddable":true,"href":"https:\/\/cvinoticias.com\/v3\/wp-json\/wp\/v2\/media\/30878"}],"wp:attachment":[{"href":"https:\/\/cvinoticias.com\/v3\/wp-json\/wp\/v2\/media?parent=30876"}],"wp:term":[{"taxonomy":"category","embeddable":true,"href":"https:\/\/cvinoticias.com\/v3\/wp-json\/wp\/v2\/categories?post=30876"},{"taxonomy":"post_tag","embeddable":true,"href":"https:\/\/cvinoticias.com\/v3\/wp-json\/wp\/v2\/tags?post=30876"}],"curies":[{"name":"wp","href":"https:\/\/api.w.org\/{rel}","templated":true}]}}