{"id":30873,"date":"2023-12-13T10:24:11","date_gmt":"2023-12-13T13:24:11","guid":{"rendered":"https:\/\/cvinoticias.com\/v3\/?p=30873"},"modified":"2023-12-13T10:24:11","modified_gmt":"2023-12-13T13:24:11","slug":"adorni-las-medidas-eran-inevitables-para-evitar-una-catastrofe","status":"publish","type":"post","link":"https:\/\/cvinoticias.com\/v3\/adorni-las-medidas-eran-inevitables-para-evitar-una-catastrofe\/","title":{"rendered":"Adorni: las medidas \u201ceran inevitables para evitar una cat\u00e1strofe\u201d"},"content":{"rendered":"\n<p><strong><em>En la conferencia de prensa realizada este mi\u00e9rcoles por la ma\u00f1ana Manuel Adorni afirm\u00f3 que las medidas anunciadas por el ministro de Econom\u00eda Luis Caputo: \u201cEran inevitables para evitar una cat\u00e1strofe\u201d<\/em><\/strong><\/p>\n\n\n\n<p>El vocero presidencial afirm\u00f3 que el objetivo es \u201cel equilibrio de las cuentas p\u00fablicas\u201d y asegur\u00f3 que el Banco Central \u201cno va a financiar un solo peso del Tesoro\u201d. El ministro de Econom\u00eda dio a conocer el martes las primeras diez medidas que conforman el paquete de urgencia econ\u00f3mica.<\/p>\n\n\n\n<p>El vocero presidencial, Manuel Adorni, afirm\u00f3 este mi\u00e9rcoles que las medidas anunciadas por el ministro de Econom\u00eda, Luis Caputo, \u201ceran inevitables para evitar una cat\u00e1strofe\u201d, y afirm\u00f3 que el objetivo es \u201cel equilibrio de las cuentas p\u00fablicas\u201d, al ofrecer una conferencia de prensa en la Casa Rosada, donde el presidente Javier Milei encabezar\u00e1 su tercera reuni\u00f3n de Gabinete.<\/p>\n\n\n\n<p>Adorni consider\u00f3 que \u201clos acreedores privados y los bancos no creen en Argentina\u201d, y asegur\u00f3 que el Banco Central \u201cno va a financiar un solo peso del Tesoro\u201d.<\/p>\n","protected":false},"excerpt":{"rendered":"<p>En la conferencia de prensa realizada este mi\u00e9rcoles por la ma\u00f1ana Manuel Adorni afirm\u00f3 que las medidas anunciadas por el ministro de Econom\u00eda Luis Caputo: \u201cEran inevitables para evitar una cat\u00e1strofe\u201d El vocero presidencial afirm\u00f3 que el objetivo es \u201cel equilibrio de las cuentas p\u00fablicas\u201d y asegur\u00f3 que el Banco Central \u201cno va a financiar [&hellip;]<\/p>\n","protected":false},"author":2,"featured_media":30874,"comment_status":"open","ping_status":"open","sticky":false,"template":"","format":"standard","meta":{"footnotes":""},"categories":[35],"tags":[],"class_list":["post-30873","post","type-post","status-publish","format-standard","has-post-thumbnail","hentry","category-informacion-general"],"yoast_head":"<!-- This site is optimized with the Yoast SEO plugin v27.4 - https:\/\/yoast.com\/product\/yoast-seo-wordpress\/ -->\n<title>Adorni: las medidas \u201ceran inevitables para evitar una cat\u00e1strofe\u201d | CVI NOTICIAS<\/title>\n<meta name=\"robots\" content=\"index, follow, max-snippet:-1, max-image-preview:large, max-video-preview:-1\" \/>\n<link rel=\"canonical\" href=\"https:\/\/cvinoticias.com\/v3\/adorni-las-medidas-eran-inevitables-para-evitar-una-catastrofe\/\" \/>\n<meta property=\"og:locale\" content=\"es_ES\" \/>\n<meta property=\"og:type\" content=\"article\" \/>\n<meta property=\"og:title\" content=\"Adorni: las medidas \u201ceran inevitables para evitar una cat\u00e1strofe\u201d | CVI NOTICIAS\" \/>\n<meta property=\"og:description\" content=\"En la conferencia de prensa realizada este mi\u00e9rcoles por la ma\u00f1ana Manuel Adorni afirm\u00f3 que las medidas anunciadas por el ministro de Econom\u00eda Luis Caputo: \u201cEran inevitables para evitar una cat\u00e1strofe\u201d El vocero presidencial afirm\u00f3 que el objetivo es \u201cel equilibrio de las cuentas p\u00fablicas\u201d y asegur\u00f3 que el Banco Central \u201cno va a financiar [&hellip;]\" \/>\n<meta property=\"og:url\" content=\"https:\/\/cvinoticias.com\/v3\/adorni-las-medidas-eran-inevitables-para-evitar-una-catastrofe\/\" \/>\n<meta property=\"og:site_name\" content=\"CVI NOTICIAS\" \/>\n<meta property=\"article:publisher\" content=\"https:\/\/www.facebook.com\/cvinoticias\" \/>\n<meta property=\"article:published_time\" content=\"2023-12-13T13:24:11+00:00\" \/>\n<meta property=\"og:image\" content=\"https:\/\/cvinoticias.com\/wp-content\/uploads\/2023\/12\/Conferencia-Adorni-1024x576-1.jpg\" \/>\n\t<meta property=\"og:image:width\" content=\"1024\" \/>\n\t<meta property=\"og:image:height\" content=\"576\" \/>\n\t<meta property=\"og:image:type\" content=\"image\/jpeg\" \/>\n<meta name=\"author\" content=\"f1000024\" \/>\n<meta name=\"twitter:card\" content=\"summary_large_image\" \/>\n<meta name=\"twitter:label1\" content=\"Escrito por\" \/>\n\t<meta name=\"twitter:data1\" content=\"f1000024\" \/>\n\t<meta name=\"twitter:label2\" content=\"Tiempo de lectura\" \/>\n\t<meta name=\"twitter:data2\" content=\"1 minuto\" \/>\n<script type=\"application\/ld+json\" class=\"yoast-schema-graph\">{\"@context\":\"https:\\\/\\\/schema.org\",\"@graph\":[{\"@type\":\"Article\",\"@id\":\"https:\\\/\\\/cvinoticias.com\\\/v3\\\/adorni-las-medidas-eran-inevitables-para-evitar-una-catastrofe\\\/#article\",\"isPartOf\":{\"@id\":\"https:\\\/\\\/cvinoticias.com\\\/v3\\\/adorni-las-medidas-eran-inevitables-para-evitar-una-catastrofe\\\/\"},\"author\":{\"name\":\"f1000024\",\"@id\":\"https:\\\/\\\/cvinoticias.com\\\/v3\\\/#\\\/schema\\\/person\\\/2db77e3c6bc03c538495d7b2b8be9b66\"},\"headline\":\"Adorni: las medidas \u201ceran inevitables para evitar una cat\u00e1strofe\u201d\",\"datePublished\":\"2023-12-13T13:24:11+00:00\",\"mainEntityOfPage\":{\"@id\":\"https:\\\/\\\/cvinoticias.com\\\/v3\\\/adorni-las-medidas-eran-inevitables-para-evitar-una-catastrofe\\\/\"},\"wordCount\":188,\"commentCount\":0,\"publisher\":{\"@id\":\"https:\\\/\\\/cvinoticias.com\\\/v3\\\/#organization\"},\"image\":{\"@id\":\"https:\\\/\\\/cvinoticias.com\\\/v3\\\/adorni-las-medidas-eran-inevitables-para-evitar-una-catastrofe\\\/#primaryimage\"},\"thumbnailUrl\":\"https:\\\/\\\/cvinoticias.com\\\/wp-content\\\/uploads\\\/2023\\\/12\\\/Conferencia-Adorni-1024x576-1.jpg\",\"articleSection\":[\"Informaci\u00f3n General\"],\"inLanguage\":\"es\",\"potentialAction\":[{\"@type\":\"CommentAction\",\"name\":\"Comment\",\"target\":[\"https:\\\/\\\/cvinoticias.com\\\/v3\\\/adorni-las-medidas-eran-inevitables-para-evitar-una-catastrofe\\\/#respond\"]}]},{\"@type\":\"WebPage\",\"@id\":\"https:\\\/\\\/cvinoticias.com\\\/v3\\\/adorni-las-medidas-eran-inevitables-para-evitar-una-catastrofe\\\/\",\"url\":\"https:\\\/\\\/cvinoticias.com\\\/v3\\\/adorni-las-medidas-eran-inevitables-para-evitar-una-catastrofe\\\/\",\"name\":\"Adorni: las medidas \u201ceran inevitables para evitar una cat\u00e1strofe\u201d | CVI NOTICIAS\",\"isPartOf\":{\"@id\":\"https:\\\/\\\/cvinoticias.com\\\/v3\\\/#website\"},\"primaryImageOfPage\":{\"@id\":\"https:\\\/\\\/cvinoticias.com\\\/v3\\\/adorni-las-medidas-eran-inevitables-para-evitar-una-catastrofe\\\/#primaryimage\"},\"image\":{\"@id\":\"https:\\\/\\\/cvinoticias.com\\\/v3\\\/adorni-las-medidas-eran-inevitables-para-evitar-una-catastrofe\\\/#primaryimage\"},\"thumbnailUrl\":\"https:\\\/\\\/cvinoticias.com\\\/wp-content\\\/uploads\\\/2023\\\/12\\\/Conferencia-Adorni-1024x576-1.jpg\",\"datePublished\":\"2023-12-13T13:24:11+00:00\",\"breadcrumb\":{\"@id\":\"https:\\\/\\\/cvinoticias.com\\\/v3\\\/adorni-las-medidas-eran-inevitables-para-evitar-una-catastrofe\\\/#breadcrumb\"},\"inLanguage\":\"es\",\"potentialAction\":[{\"@type\":\"ReadAction\",\"target\":[\"https:\\\/\\\/cvinoticias.com\\\/v3\\\/adorni-las-medidas-eran-inevitables-para-evitar-una-catastrofe\\\/\"]}]},{\"@type\":\"ImageObject\",\"inLanguage\":\"es\",\"@id\":\"https:\\\/\\\/cvinoticias.com\\\/v3\\\/adorni-las-medidas-eran-inevitables-para-evitar-una-catastrofe\\\/#primaryimage\",\"url\":\"https:\\\/\\\/cvinoticias.com\\\/wp-content\\\/uploads\\\/2023\\\/12\\\/Conferencia-Adorni-1024x576-1.jpg\",\"contentUrl\":\"https:\\\/\\\/cvinoticias.com\\\/wp-content\\\/uploads\\\/2023\\\/12\\\/Conferencia-Adorni-1024x576-1.jpg\",\"width\":1024,\"height\":576},{\"@type\":\"BreadcrumbList\",\"@id\":\"https:\\\/\\\/cvinoticias.com\\\/v3\\\/adorni-las-medidas-eran-inevitables-para-evitar-una-catastrofe\\\/#breadcrumb\",\"itemListElement\":[{\"@type\":\"ListItem\",\"position\":1,\"name\":\"Portada\",\"item\":\"https:\\\/\\\/cvinoticias.com\\\/v3\\\/\"},{\"@type\":\"ListItem\",\"position\":2,\"name\":\"Adorni: las medidas \u201ceran inevitables para evitar una cat\u00e1strofe\u201d\"}]},{\"@type\":\"WebSite\",\"@id\":\"https:\\\/\\\/cvinoticias.com\\\/v3\\\/#website\",\"url\":\"https:\\\/\\\/cvinoticias.com\\\/v3\\\/\",\"name\":\"CVI NOTICIAS\",\"description\":\"\",\"publisher\":{\"@id\":\"https:\\\/\\\/cvinoticias.com\\\/v3\\\/#organization\"},\"alternateName\":\"CVI\",\"potentialAction\":[{\"@type\":\"SearchAction\",\"target\":{\"@type\":\"EntryPoint\",\"urlTemplate\":\"https:\\\/\\\/cvinoticias.com\\\/v3\\\/?s={search_term_string}\"},\"query-input\":{\"@type\":\"PropertyValueSpecification\",\"valueRequired\":true,\"valueName\":\"search_term_string\"}}],\"inLanguage\":\"es\"},{\"@type\":\"Organization\",\"@id\":\"https:\\\/\\\/cvinoticias.com\\\/v3\\\/#organization\",\"name\":\"CVI NOTICIAS\",\"url\":\"https:\\\/\\\/cvinoticias.com\\\/v3\\\/\",\"logo\":{\"@type\":\"ImageObject\",\"inLanguage\":\"es\",\"@id\":\"https:\\\/\\\/cvinoticias.com\\\/v3\\\/#\\\/schema\\\/logo\\\/image\\\/\",\"url\":\"https:\\\/\\\/cvinoticias.com\\\/wp-content\\\/uploads\\\/2023\\\/04\\\/cropped-cropped-cropped-cropped-cropped-3-1.png\",\"contentUrl\":\"https:\\\/\\\/cvinoticias.com\\\/wp-content\\\/uploads\\\/2023\\\/04\\\/cropped-cropped-cropped-cropped-cropped-3-1.png\",\"width\":95,\"height\":122,\"caption\":\"CVI NOTICIAS\"},\"image\":{\"@id\":\"https:\\\/\\\/cvinoticias.com\\\/v3\\\/#\\\/schema\\\/logo\\\/image\\\/\"},\"sameAs\":[\"https:\\\/\\\/www.facebook.com\\\/cvinoticias\",\"https:\\\/\\\/www.instagram.com\\\/cvinoticias\\\/\",\"https:\\\/\\\/www.youtube.com\\\/@CVINOTICIAS\"]},{\"@type\":\"Person\",\"@id\":\"https:\\\/\\\/cvinoticias.com\\\/v3\\\/#\\\/schema\\\/person\\\/2db77e3c6bc03c538495d7b2b8be9b66\",\"name\":\"f1000024\",\"image\":{\"@type\":\"ImageObject\",\"inLanguage\":\"es\",\"@id\":\"https:\\\/\\\/secure.gravatar.com\\\/avatar\\\/d4fe7459cfc51ff5129ce1a732bbef5928568b8092d412ef95611616376bbeed?s=96&d=mm&r=g\",\"url\":\"https:\\\/\\\/secure.gravatar.com\\\/avatar\\\/d4fe7459cfc51ff5129ce1a732bbef5928568b8092d412ef95611616376bbeed?s=96&d=mm&r=g\",\"contentUrl\":\"https:\\\/\\\/secure.gravatar.com\\\/avatar\\\/d4fe7459cfc51ff5129ce1a732bbef5928568b8092d412ef95611616376bbeed?s=96&d=mm&r=g\",\"caption\":\"f1000024\"},\"url\":\"https:\\\/\\\/cvinoticias.com\\\/v3\\\/author\\\/f1000024\\\/\"}]}<\/script>\n<!-- \/ Yoast SEO plugin. -->","yoast_head_json":{"title":"Adorni: las medidas \u201ceran inevitables para evitar una cat\u00e1strofe\u201d | CVI NOTICIAS","robots":{"index":"index","follow":"follow","max-snippet":"max-snippet:-1","max-image-preview":"max-image-preview:large","max-video-preview":"max-video-preview:-1"},"canonical":"https:\/\/cvinoticias.com\/v3\/adorni-las-medidas-eran-inevitables-para-evitar-una-catastrofe\/","og_locale":"es_ES","og_type":"article","og_title":"Adorni: las medidas \u201ceran inevitables para evitar una cat\u00e1strofe\u201d | CVI NOTICIAS","og_description":"En la conferencia de prensa realizada este mi\u00e9rcoles por la ma\u00f1ana Manuel Adorni afirm\u00f3 que las medidas anunciadas por el ministro de Econom\u00eda Luis Caputo: \u201cEran inevitables para evitar una cat\u00e1strofe\u201d El vocero presidencial afirm\u00f3 que el objetivo es \u201cel equilibrio de las cuentas p\u00fablicas\u201d y asegur\u00f3 que el Banco Central \u201cno va a financiar [&hellip;]","og_url":"https:\/\/cvinoticias.com\/v3\/adorni-las-medidas-eran-inevitables-para-evitar-una-catastrofe\/","og_site_name":"CVI NOTICIAS","article_publisher":"https:\/\/www.facebook.com\/cvinoticias","article_published_time":"2023-12-13T13:24:11+00:00","og_image":[{"width":1024,"height":576,"url":"https:\/\/cvinoticias.com\/wp-content\/uploads\/2023\/12\/Conferencia-Adorni-1024x576-1.jpg","type":"image\/jpeg"}],"author":"f1000024","twitter_card":"summary_large_image","twitter_misc":{"Escrito por":"f1000024","Tiempo de lectura":"1 minuto"},"schema":{"@context":"https:\/\/schema.org","@graph":[{"@type":"Article","@id":"https:\/\/cvinoticias.com\/v3\/adorni-las-medidas-eran-inevitables-para-evitar-una-catastrofe\/#article","isPartOf":{"@id":"https:\/\/cvinoticias.com\/v3\/adorni-las-medidas-eran-inevitables-para-evitar-una-catastrofe\/"},"author":{"name":"f1000024","@id":"https:\/\/cvinoticias.com\/v3\/#\/schema\/person\/2db77e3c6bc03c538495d7b2b8be9b66"},"headline":"Adorni: las medidas \u201ceran inevitables para evitar una cat\u00e1strofe\u201d","datePublished":"2023-12-13T13:24:11+00:00","mainEntityOfPage":{"@id":"https:\/\/cvinoticias.com\/v3\/adorni-las-medidas-eran-inevitables-para-evitar-una-catastrofe\/"},"wordCount":188,"commentCount":0,"publisher":{"@id":"https:\/\/cvinoticias.com\/v3\/#organization"},"image":{"@id":"https:\/\/cvinoticias.com\/v3\/adorni-las-medidas-eran-inevitables-para-evitar-una-catastrofe\/#primaryimage"},"thumbnailUrl":"https:\/\/cvinoticias.com\/wp-content\/uploads\/2023\/12\/Conferencia-Adorni-1024x576-1.jpg","articleSection":["Informaci\u00f3n General"],"inLanguage":"es","potentialAction":[{"@type":"CommentAction","name":"Comment","target":["https:\/\/cvinoticias.com\/v3\/adorni-las-medidas-eran-inevitables-para-evitar-una-catastrofe\/#respond"]}]},{"@type":"WebPage","@id":"https:\/\/cvinoticias.com\/v3\/adorni-las-medidas-eran-inevitables-para-evitar-una-catastrofe\/","url":"https:\/\/cvinoticias.com\/v3\/adorni-las-medidas-eran-inevitables-para-evitar-una-catastrofe\/","name":"Adorni: las medidas \u201ceran inevitables para evitar una cat\u00e1strofe\u201d | CVI NOTICIAS","isPartOf":{"@id":"https:\/\/cvinoticias.com\/v3\/#website"},"primaryImageOfPage":{"@id":"https:\/\/cvinoticias.com\/v3\/adorni-las-medidas-eran-inevitables-para-evitar-una-catastrofe\/#primaryimage"},"image":{"@id":"https:\/\/cvinoticias.com\/v3\/adorni-las-medidas-eran-inevitables-para-evitar-una-catastrofe\/#primaryimage"},"thumbnailUrl":"https:\/\/cvinoticias.com\/wp-content\/uploads\/2023\/12\/Conferencia-Adorni-1024x576-1.jpg","datePublished":"2023-12-13T13:24:11+00:00","breadcrumb":{"@id":"https:\/\/cvinoticias.com\/v3\/adorni-las-medidas-eran-inevitables-para-evitar-una-catastrofe\/#breadcrumb"},"inLanguage":"es","potentialAction":[{"@type":"ReadAction","target":["https:\/\/cvinoticias.com\/v3\/adorni-las-medidas-eran-inevitables-para-evitar-una-catastrofe\/"]}]},{"@type":"ImageObject","inLanguage":"es","@id":"https:\/\/cvinoticias.com\/v3\/adorni-las-medidas-eran-inevitables-para-evitar-una-catastrofe\/#primaryimage","url":"https:\/\/cvinoticias.com\/wp-content\/uploads\/2023\/12\/Conferencia-Adorni-1024x576-1.jpg","contentUrl":"https:\/\/cvinoticias.com\/wp-content\/uploads\/2023\/12\/Conferencia-Adorni-1024x576-1.jpg","width":1024,"height":576},{"@type":"BreadcrumbList","@id":"https:\/\/cvinoticias.com\/v3\/adorni-las-medidas-eran-inevitables-para-evitar-una-catastrofe\/#breadcrumb","itemListElement":[{"@type":"ListItem","position":1,"name":"Portada","item":"https:\/\/cvinoticias.com\/v3\/"},{"@type":"ListItem","position":2,"name":"Adorni: las medidas \u201ceran inevitables para evitar una cat\u00e1strofe\u201d"}]},{"@type":"WebSite","@id":"https:\/\/cvinoticias.com\/v3\/#website","url":"https:\/\/cvinoticias.com\/v3\/","name":"CVI NOTICIAS","description":"","publisher":{"@id":"https:\/\/cvinoticias.com\/v3\/#organization"},"alternateName":"CVI","potentialAction":[{"@type":"SearchAction","target":{"@type":"EntryPoint","urlTemplate":"https:\/\/cvinoticias.com\/v3\/?s={search_term_string}"},"query-input":{"@type":"PropertyValueSpecification","valueRequired":true,"valueName":"search_term_string"}}],"inLanguage":"es"},{"@type":"Organization","@id":"https:\/\/cvinoticias.com\/v3\/#organization","name":"CVI NOTICIAS","url":"https:\/\/cvinoticias.com\/v3\/","logo":{"@type":"ImageObject","inLanguage":"es","@id":"https:\/\/cvinoticias.com\/v3\/#\/schema\/logo\/image\/","url":"https:\/\/cvinoticias.com\/wp-content\/uploads\/2023\/04\/cropped-cropped-cropped-cropped-cropped-3-1.png","contentUrl":"https:\/\/cvinoticias.com\/wp-content\/uploads\/2023\/04\/cropped-cropped-cropped-cropped-cropped-3-1.png","width":95,"height":122,"caption":"CVI NOTICIAS"},"image":{"@id":"https:\/\/cvinoticias.com\/v3\/#\/schema\/logo\/image\/"},"sameAs":["https:\/\/www.facebook.com\/cvinoticias","https:\/\/www.instagram.com\/cvinoticias\/","https:\/\/www.youtube.com\/@CVINOTICIAS"]},{"@type":"Person","@id":"https:\/\/cvinoticias.com\/v3\/#\/schema\/person\/2db77e3c6bc03c538495d7b2b8be9b66","name":"f1000024","image":{"@type":"ImageObject","inLanguage":"es","@id":"https:\/\/secure.gravatar.com\/avatar\/d4fe7459cfc51ff5129ce1a732bbef5928568b8092d412ef95611616376bbeed?s=96&d=mm&r=g","url":"https:\/\/secure.gravatar.com\/avatar\/d4fe7459cfc51ff5129ce1a732bbef5928568b8092d412ef95611616376bbeed?s=96&d=mm&r=g","contentUrl":"https:\/\/secure.gravatar.com\/avatar\/d4fe7459cfc51ff5129ce1a732bbef5928568b8092d412ef95611616376bbeed?s=96&d=mm&r=g","caption":"f1000024"},"url":"https:\/\/cvinoticias.com\/v3\/author\/f1000024\/"}]}},"_links":{"self":[{"href":"https:\/\/cvinoticias.com\/v3\/wp-json\/wp\/v2\/posts\/30873","targetHints":{"allow":["GET"]}}],"collection":[{"href":"https:\/\/cvinoticias.com\/v3\/wp-json\/wp\/v2\/posts"}],"about":[{"href":"https:\/\/cvinoticias.com\/v3\/wp-json\/wp\/v2\/types\/post"}],"author":[{"embeddable":true,"href":"https:\/\/cvinoticias.com\/v3\/wp-json\/wp\/v2\/users\/2"}],"replies":[{"embeddable":true,"href":"https:\/\/cvinoticias.com\/v3\/wp-json\/wp\/v2\/comments?post=30873"}],"version-history":[{"count":1,"href":"https:\/\/cvinoticias.com\/v3\/wp-json\/wp\/v2\/posts\/30873\/revisions"}],"predecessor-version":[{"id":30875,"href":"https:\/\/cvinoticias.com\/v3\/wp-json\/wp\/v2\/posts\/30873\/revisions\/30875"}],"wp:featuredmedia":[{"embeddable":true,"href":"https:\/\/cvinoticias.com\/v3\/wp-json\/wp\/v2\/media\/30874"}],"wp:attachment":[{"href":"https:\/\/cvinoticias.com\/v3\/wp-json\/wp\/v2\/media?parent=30873"}],"wp:term":[{"taxonomy":"category","embeddable":true,"href":"https:\/\/cvinoticias.com\/v3\/wp-json\/wp\/v2\/categories?post=30873"},{"taxonomy":"post_tag","embeddable":true,"href":"https:\/\/cvinoticias.com\/v3\/wp-json\/wp\/v2\/tags?post=30873"}],"curies":[{"name":"wp","href":"https:\/\/api.w.org\/{rel}","templated":true}]}}