{"id":30854,"date":"2023-12-13T07:30:34","date_gmt":"2023-12-13T10:30:34","guid":{"rendered":"https:\/\/cvinoticias.com\/v3\/?p=30854"},"modified":"2023-12-13T07:30:34","modified_gmt":"2023-12-13T10:30:34","slug":"el-estado-no-licitara-mas-obra-publica-y-cancelara-proyectos-aprobados-que-no-comenzaron","status":"publish","type":"post","link":"https:\/\/cvinoticias.com\/v3\/el-estado-no-licitara-mas-obra-publica-y-cancelara-proyectos-aprobados-que-no-comenzaron\/","title":{"rendered":"El Estado no licitar\u00e1 m\u00e1s obra p\u00fablica y cancelar\u00e1 proyectos aprobados que no comenzaron"},"content":{"rendered":"\n<p><strong><em>\u00abLa realidad es que no hay plata para pagar m\u00e1s obra p\u00fablica que, como todos los argentinos sabemos, muchas veces termina en los bolsillos de los pol\u00edticos o de los empresarios de turno\u00bb, argument\u00f3 el ministro en un mensaje grabado.<\/em><\/strong><\/p>\n\n\n\n<p>El ministro de Econom\u00eda, Luis Caputo, anunci\u00f3 que el Estado nacional no va a licitar m\u00e1s obra p\u00fablica nueva y va a cancelar las licitaciones aprobadas cuya ejecuci\u00f3n a\u00fan no haya comenzado, como parte del conjunto de medidas incluidas en el paquete de emergencia econ\u00f3mica dado a conocer en la tarde de este martes.<\/p>\n\n\n\n<p>\u00abLa realidad es que no hay plata para pagar m\u00e1s obra p\u00fablica que, como todos los argentinos sabemos, muchas veces termina en los bolsillos de los pol\u00edticos o de los empresarios de turno\u00bb, argument\u00f3 Caputo en un mensaje grabado y difundido por el canal de Youtube de la Presidencia.<\/p>\n\n\n\n<p>La medida, anticipada durante la campa\u00f1a por el presidente Javier Milei, tuvo este martes su confirmaci\u00f3n cuando el titular del Palacio de Hacienda sentenci\u00f3 que \u00abel Estado nacional no va a licitar m\u00e1s obra p\u00fablica nueva\u00bb.<\/p>\n\n\n\n<p>D\u00edas atr\u00e1s, el ministro de Infraestructura, Guillermo Ferraro, tambi\u00e9n se hab\u00eda manifestado en similar sinton\u00eda, al resaltar la necesidad de \u00abreducir la participaci\u00f3n del Estado en la econom\u00eda para darle espacio al sector privado\u201d<\/p>\n\n\n\n<p>De la misma manera, se \u00abvan a cancelar las licitaciones aprobadas cuyo desarrollo a\u00fan no haya comenzado\u00bb por lo que se puede interpretar que se respetar\u00e1 la continuidad de las que ya se hayan iniciado en el \u00faltimo tramo del gobierno del expresiente Alberto Fern\u00e1ndez.<\/p>\n\n\n\n<p>\u00abLa obra p\u00fablica ha sido siempre uno de los focos de corrupci\u00f3n del Estado y con nosotros eso se termina\u00bb, reafirm\u00f3 Caputo en un tramo de su presentaci\u00f3n en la que detall\u00f3 diez medidas cuyos detalles de instrumentaci\u00f3n se dar\u00e1n a conocer en las pr\u00f3ximas horas y jornadas.<\/p>\n\n\n\n<p>En ese aspecto, el ministro concluy\u00f3 que \u00ablas obras de infraestructura en Argentina ser\u00e1n realizadas por el sector privado, ya que el Estado no tiene plata ni financiamiento para llevarlas a cabo\u00bb.<\/p>\n\n\n\n<p>\u00abLas obras de infraestructura en Argentina ser\u00e1n realizadas por el sector privado, ya que el Estado no tiene plata ni financiamiento para llevarlas a cabo\u00bb<\/p>\n\n\n\n<p>D\u00edas atr\u00e1s, el ministro de Infraestructura, Guillermo Ferraro, tambi\u00e9n se hab\u00eda manifestado en similar sinton\u00eda, al resaltar la necesidad de \u00abreducir la participaci\u00f3n del Estado en la econom\u00eda para darle espacio al sector privado\u201d.<\/p>\n\n\n\n<p>Para ello, se buscar\u00e1 actualizar la ley de concesiones de la cual dependen la gesti\u00f3n del sistema de ferrocarriles, puertos, centrales hidroel\u00e9tricas y corredores viales que tienen, en su mayor\u00eda, contratos vencidos en los \u00faltimos a\u00f1os.<\/p>\n\n\n\n<p>El presidente de la C\u00e1mara Argentina de la Construcci\u00f3n (Camarco), Gustavo Weiss, hab\u00eda planteado en los \u00faltimos d\u00edas su \u00abpreocupaci\u00f3n\u00bb ante el eventual fin de la obra p\u00fablica nacional, al explicar que \u201centre trabajadores jornalizados y mensualizados el sector est\u00e1 en el orden de 550.000 personas\u00bb, de los cuales s\u00f3lo la mitad responde a obra privada.<\/p>\n","protected":false},"excerpt":{"rendered":"<p>\u00abLa realidad es que no hay plata para pagar m\u00e1s obra p\u00fablica que, como todos los argentinos sabemos, muchas veces termina en los bolsillos de los pol\u00edticos o de los empresarios de turno\u00bb, argument\u00f3 el ministro en un mensaje grabado. El ministro de Econom\u00eda, Luis Caputo, anunci\u00f3 que el Estado nacional no va a licitar [&hellip;]<\/p>\n","protected":false},"author":2,"featured_media":30855,"comment_status":"open","ping_status":"open","sticky":false,"template":"","format":"standard","meta":{"footnotes":""},"categories":[39],"tags":[],"class_list":["post-30854","post","type-post","status-publish","format-standard","has-post-thumbnail","hentry","category-nacionales"],"yoast_head":"<!-- This site is optimized with the Yoast SEO plugin v27.5 - https:\/\/yoast.com\/product\/yoast-seo-wordpress\/ -->\n<title>El Estado no licitar\u00e1 m\u00e1s obra p\u00fablica y cancelar\u00e1 proyectos aprobados que no comenzaron | CVI NOTICIAS<\/title>\n<meta name=\"robots\" content=\"index, follow, max-snippet:-1, max-image-preview:large, max-video-preview:-1\" \/>\n<link rel=\"canonical\" href=\"https:\/\/cvinoticias.com\/v3\/el-estado-no-licitara-mas-obra-publica-y-cancelara-proyectos-aprobados-que-no-comenzaron\/\" \/>\n<meta property=\"og:locale\" content=\"es_ES\" \/>\n<meta property=\"og:type\" content=\"article\" \/>\n<meta property=\"og:title\" content=\"El Estado no licitar\u00e1 m\u00e1s obra p\u00fablica y cancelar\u00e1 proyectos aprobados que no comenzaron | CVI NOTICIAS\" \/>\n<meta property=\"og:description\" content=\"\u00abLa realidad es que no hay plata para pagar m\u00e1s obra p\u00fablica que, como todos los argentinos sabemos, muchas veces termina en los bolsillos de los pol\u00edticos o de los empresarios de turno\u00bb, argument\u00f3 el ministro en un mensaje grabado. El ministro de Econom\u00eda, Luis Caputo, anunci\u00f3 que el Estado nacional no va a licitar [&hellip;]\" \/>\n<meta property=\"og:url\" content=\"https:\/\/cvinoticias.com\/v3\/el-estado-no-licitara-mas-obra-publica-y-cancelara-proyectos-aprobados-que-no-comenzaron\/\" \/>\n<meta property=\"og:site_name\" content=\"CVI NOTICIAS\" \/>\n<meta property=\"article:publisher\" content=\"https:\/\/www.facebook.com\/cvinoticias\" \/>\n<meta property=\"article:published_time\" content=\"2023-12-13T10:30:34+00:00\" \/>\n<meta property=\"og:image\" content=\"https:\/\/cvinoticias.com\/wp-content\/uploads\/2023\/12\/Screenshot_20231213_072844_Chrome.jpg\" \/>\n\t<meta property=\"og:image:width\" content=\"969\" \/>\n\t<meta property=\"og:image:height\" content=\"624\" \/>\n\t<meta property=\"og:image:type\" content=\"image\/jpeg\" \/>\n<meta name=\"author\" content=\"f1000024\" \/>\n<meta name=\"twitter:card\" content=\"summary_large_image\" \/>\n<meta name=\"twitter:label1\" content=\"Escrito por\" \/>\n\t<meta name=\"twitter:data1\" content=\"f1000024\" \/>\n\t<meta name=\"twitter:label2\" content=\"Tiempo de lectura\" \/>\n\t<meta name=\"twitter:data2\" content=\"3 minutos\" \/>\n<script type=\"application\/ld+json\" class=\"yoast-schema-graph\">{\"@context\":\"https:\\\/\\\/schema.org\",\"@graph\":[{\"@type\":\"Article\",\"@id\":\"https:\\\/\\\/cvinoticias.com\\\/v3\\\/el-estado-no-licitara-mas-obra-publica-y-cancelara-proyectos-aprobados-que-no-comenzaron\\\/#article\",\"isPartOf\":{\"@id\":\"https:\\\/\\\/cvinoticias.com\\\/v3\\\/el-estado-no-licitara-mas-obra-publica-y-cancelara-proyectos-aprobados-que-no-comenzaron\\\/\"},\"author\":{\"name\":\"f1000024\",\"@id\":\"https:\\\/\\\/cvinoticias.com\\\/v3\\\/#\\\/schema\\\/person\\\/2db77e3c6bc03c538495d7b2b8be9b66\"},\"headline\":\"El Estado no licitar\u00e1 m\u00e1s obra p\u00fablica y cancelar\u00e1 proyectos aprobados que no comenzaron\",\"datePublished\":\"2023-12-13T10:30:34+00:00\",\"mainEntityOfPage\":{\"@id\":\"https:\\\/\\\/cvinoticias.com\\\/v3\\\/el-estado-no-licitara-mas-obra-publica-y-cancelara-proyectos-aprobados-que-no-comenzaron\\\/\"},\"wordCount\":555,\"commentCount\":0,\"publisher\":{\"@id\":\"https:\\\/\\\/cvinoticias.com\\\/v3\\\/#organization\"},\"image\":{\"@id\":\"https:\\\/\\\/cvinoticias.com\\\/v3\\\/el-estado-no-licitara-mas-obra-publica-y-cancelara-proyectos-aprobados-que-no-comenzaron\\\/#primaryimage\"},\"thumbnailUrl\":\"https:\\\/\\\/cvinoticias.com\\\/wp-content\\\/uploads\\\/2023\\\/12\\\/Screenshot_20231213_072844_Chrome.jpg\",\"articleSection\":[\"Nacionales\"],\"inLanguage\":\"es\",\"potentialAction\":[{\"@type\":\"CommentAction\",\"name\":\"Comment\",\"target\":[\"https:\\\/\\\/cvinoticias.com\\\/v3\\\/el-estado-no-licitara-mas-obra-publica-y-cancelara-proyectos-aprobados-que-no-comenzaron\\\/#respond\"]}]},{\"@type\":\"WebPage\",\"@id\":\"https:\\\/\\\/cvinoticias.com\\\/v3\\\/el-estado-no-licitara-mas-obra-publica-y-cancelara-proyectos-aprobados-que-no-comenzaron\\\/\",\"url\":\"https:\\\/\\\/cvinoticias.com\\\/v3\\\/el-estado-no-licitara-mas-obra-publica-y-cancelara-proyectos-aprobados-que-no-comenzaron\\\/\",\"name\":\"El Estado no licitar\u00e1 m\u00e1s obra p\u00fablica y cancelar\u00e1 proyectos aprobados que no comenzaron | CVI NOTICIAS\",\"isPartOf\":{\"@id\":\"https:\\\/\\\/cvinoticias.com\\\/v3\\\/#website\"},\"primaryImageOfPage\":{\"@id\":\"https:\\\/\\\/cvinoticias.com\\\/v3\\\/el-estado-no-licitara-mas-obra-publica-y-cancelara-proyectos-aprobados-que-no-comenzaron\\\/#primaryimage\"},\"image\":{\"@id\":\"https:\\\/\\\/cvinoticias.com\\\/v3\\\/el-estado-no-licitara-mas-obra-publica-y-cancelara-proyectos-aprobados-que-no-comenzaron\\\/#primaryimage\"},\"thumbnailUrl\":\"https:\\\/\\\/cvinoticias.com\\\/wp-content\\\/uploads\\\/2023\\\/12\\\/Screenshot_20231213_072844_Chrome.jpg\",\"datePublished\":\"2023-12-13T10:30:34+00:00\",\"breadcrumb\":{\"@id\":\"https:\\\/\\\/cvinoticias.com\\\/v3\\\/el-estado-no-licitara-mas-obra-publica-y-cancelara-proyectos-aprobados-que-no-comenzaron\\\/#breadcrumb\"},\"inLanguage\":\"es\",\"potentialAction\":[{\"@type\":\"ReadAction\",\"target\":[\"https:\\\/\\\/cvinoticias.com\\\/v3\\\/el-estado-no-licitara-mas-obra-publica-y-cancelara-proyectos-aprobados-que-no-comenzaron\\\/\"]}]},{\"@type\":\"ImageObject\",\"inLanguage\":\"es\",\"@id\":\"https:\\\/\\\/cvinoticias.com\\\/v3\\\/el-estado-no-licitara-mas-obra-publica-y-cancelara-proyectos-aprobados-que-no-comenzaron\\\/#primaryimage\",\"url\":\"https:\\\/\\\/cvinoticias.com\\\/wp-content\\\/uploads\\\/2023\\\/12\\\/Screenshot_20231213_072844_Chrome.jpg\",\"contentUrl\":\"https:\\\/\\\/cvinoticias.com\\\/wp-content\\\/uploads\\\/2023\\\/12\\\/Screenshot_20231213_072844_Chrome.jpg\",\"width\":969,\"height\":624},{\"@type\":\"BreadcrumbList\",\"@id\":\"https:\\\/\\\/cvinoticias.com\\\/v3\\\/el-estado-no-licitara-mas-obra-publica-y-cancelara-proyectos-aprobados-que-no-comenzaron\\\/#breadcrumb\",\"itemListElement\":[{\"@type\":\"ListItem\",\"position\":1,\"name\":\"Portada\",\"item\":\"https:\\\/\\\/cvinoticias.com\\\/v3\\\/\"},{\"@type\":\"ListItem\",\"position\":2,\"name\":\"El Estado no licitar\u00e1 m\u00e1s obra p\u00fablica y cancelar\u00e1 proyectos aprobados que no comenzaron\"}]},{\"@type\":\"WebSite\",\"@id\":\"https:\\\/\\\/cvinoticias.com\\\/v3\\\/#website\",\"url\":\"https:\\\/\\\/cvinoticias.com\\\/v3\\\/\",\"name\":\"CVI NOTICIAS\",\"description\":\"\",\"publisher\":{\"@id\":\"https:\\\/\\\/cvinoticias.com\\\/v3\\\/#organization\"},\"alternateName\":\"CVI\",\"potentialAction\":[{\"@type\":\"SearchAction\",\"target\":{\"@type\":\"EntryPoint\",\"urlTemplate\":\"https:\\\/\\\/cvinoticias.com\\\/v3\\\/?s={search_term_string}\"},\"query-input\":{\"@type\":\"PropertyValueSpecification\",\"valueRequired\":true,\"valueName\":\"search_term_string\"}}],\"inLanguage\":\"es\"},{\"@type\":\"Organization\",\"@id\":\"https:\\\/\\\/cvinoticias.com\\\/v3\\\/#organization\",\"name\":\"CVI NOTICIAS\",\"url\":\"https:\\\/\\\/cvinoticias.com\\\/v3\\\/\",\"logo\":{\"@type\":\"ImageObject\",\"inLanguage\":\"es\",\"@id\":\"https:\\\/\\\/cvinoticias.com\\\/v3\\\/#\\\/schema\\\/logo\\\/image\\\/\",\"url\":\"https:\\\/\\\/cvinoticias.com\\\/wp-content\\\/uploads\\\/2023\\\/04\\\/cropped-cropped-cropped-cropped-cropped-3-1.png\",\"contentUrl\":\"https:\\\/\\\/cvinoticias.com\\\/wp-content\\\/uploads\\\/2023\\\/04\\\/cropped-cropped-cropped-cropped-cropped-3-1.png\",\"width\":95,\"height\":122,\"caption\":\"CVI NOTICIAS\"},\"image\":{\"@id\":\"https:\\\/\\\/cvinoticias.com\\\/v3\\\/#\\\/schema\\\/logo\\\/image\\\/\"},\"sameAs\":[\"https:\\\/\\\/www.facebook.com\\\/cvinoticias\",\"https:\\\/\\\/www.instagram.com\\\/cvinoticias\\\/\",\"https:\\\/\\\/www.youtube.com\\\/@CVINOTICIAS\"]},{\"@type\":\"Person\",\"@id\":\"https:\\\/\\\/cvinoticias.com\\\/v3\\\/#\\\/schema\\\/person\\\/2db77e3c6bc03c538495d7b2b8be9b66\",\"name\":\"f1000024\",\"image\":{\"@type\":\"ImageObject\",\"inLanguage\":\"es\",\"@id\":\"https:\\\/\\\/secure.gravatar.com\\\/avatar\\\/d4fe7459cfc51ff5129ce1a732bbef5928568b8092d412ef95611616376bbeed?s=96&d=mm&r=g\",\"url\":\"https:\\\/\\\/secure.gravatar.com\\\/avatar\\\/d4fe7459cfc51ff5129ce1a732bbef5928568b8092d412ef95611616376bbeed?s=96&d=mm&r=g\",\"contentUrl\":\"https:\\\/\\\/secure.gravatar.com\\\/avatar\\\/d4fe7459cfc51ff5129ce1a732bbef5928568b8092d412ef95611616376bbeed?s=96&d=mm&r=g\",\"caption\":\"f1000024\"},\"url\":\"https:\\\/\\\/cvinoticias.com\\\/v3\\\/author\\\/f1000024\\\/\"}]}<\/script>\n<!-- \/ Yoast SEO plugin. -->","yoast_head_json":{"title":"El Estado no licitar\u00e1 m\u00e1s obra p\u00fablica y cancelar\u00e1 proyectos aprobados que no comenzaron | CVI NOTICIAS","robots":{"index":"index","follow":"follow","max-snippet":"max-snippet:-1","max-image-preview":"max-image-preview:large","max-video-preview":"max-video-preview:-1"},"canonical":"https:\/\/cvinoticias.com\/v3\/el-estado-no-licitara-mas-obra-publica-y-cancelara-proyectos-aprobados-que-no-comenzaron\/","og_locale":"es_ES","og_type":"article","og_title":"El Estado no licitar\u00e1 m\u00e1s obra p\u00fablica y cancelar\u00e1 proyectos aprobados que no comenzaron | CVI NOTICIAS","og_description":"\u00abLa realidad es que no hay plata para pagar m\u00e1s obra p\u00fablica que, como todos los argentinos sabemos, muchas veces termina en los bolsillos de los pol\u00edticos o de los empresarios de turno\u00bb, argument\u00f3 el ministro en un mensaje grabado. El ministro de Econom\u00eda, Luis Caputo, anunci\u00f3 que el Estado nacional no va a licitar [&hellip;]","og_url":"https:\/\/cvinoticias.com\/v3\/el-estado-no-licitara-mas-obra-publica-y-cancelara-proyectos-aprobados-que-no-comenzaron\/","og_site_name":"CVI NOTICIAS","article_publisher":"https:\/\/www.facebook.com\/cvinoticias","article_published_time":"2023-12-13T10:30:34+00:00","og_image":[{"width":969,"height":624,"url":"https:\/\/cvinoticias.com\/wp-content\/uploads\/2023\/12\/Screenshot_20231213_072844_Chrome.jpg","type":"image\/jpeg"}],"author":"f1000024","twitter_card":"summary_large_image","twitter_misc":{"Escrito por":"f1000024","Tiempo de lectura":"3 minutos"},"schema":{"@context":"https:\/\/schema.org","@graph":[{"@type":"Article","@id":"https:\/\/cvinoticias.com\/v3\/el-estado-no-licitara-mas-obra-publica-y-cancelara-proyectos-aprobados-que-no-comenzaron\/#article","isPartOf":{"@id":"https:\/\/cvinoticias.com\/v3\/el-estado-no-licitara-mas-obra-publica-y-cancelara-proyectos-aprobados-que-no-comenzaron\/"},"author":{"name":"f1000024","@id":"https:\/\/cvinoticias.com\/v3\/#\/schema\/person\/2db77e3c6bc03c538495d7b2b8be9b66"},"headline":"El Estado no licitar\u00e1 m\u00e1s obra p\u00fablica y cancelar\u00e1 proyectos aprobados que no comenzaron","datePublished":"2023-12-13T10:30:34+00:00","mainEntityOfPage":{"@id":"https:\/\/cvinoticias.com\/v3\/el-estado-no-licitara-mas-obra-publica-y-cancelara-proyectos-aprobados-que-no-comenzaron\/"},"wordCount":555,"commentCount":0,"publisher":{"@id":"https:\/\/cvinoticias.com\/v3\/#organization"},"image":{"@id":"https:\/\/cvinoticias.com\/v3\/el-estado-no-licitara-mas-obra-publica-y-cancelara-proyectos-aprobados-que-no-comenzaron\/#primaryimage"},"thumbnailUrl":"https:\/\/cvinoticias.com\/wp-content\/uploads\/2023\/12\/Screenshot_20231213_072844_Chrome.jpg","articleSection":["Nacionales"],"inLanguage":"es","potentialAction":[{"@type":"CommentAction","name":"Comment","target":["https:\/\/cvinoticias.com\/v3\/el-estado-no-licitara-mas-obra-publica-y-cancelara-proyectos-aprobados-que-no-comenzaron\/#respond"]}]},{"@type":"WebPage","@id":"https:\/\/cvinoticias.com\/v3\/el-estado-no-licitara-mas-obra-publica-y-cancelara-proyectos-aprobados-que-no-comenzaron\/","url":"https:\/\/cvinoticias.com\/v3\/el-estado-no-licitara-mas-obra-publica-y-cancelara-proyectos-aprobados-que-no-comenzaron\/","name":"El Estado no licitar\u00e1 m\u00e1s obra p\u00fablica y cancelar\u00e1 proyectos aprobados que no comenzaron | CVI NOTICIAS","isPartOf":{"@id":"https:\/\/cvinoticias.com\/v3\/#website"},"primaryImageOfPage":{"@id":"https:\/\/cvinoticias.com\/v3\/el-estado-no-licitara-mas-obra-publica-y-cancelara-proyectos-aprobados-que-no-comenzaron\/#primaryimage"},"image":{"@id":"https:\/\/cvinoticias.com\/v3\/el-estado-no-licitara-mas-obra-publica-y-cancelara-proyectos-aprobados-que-no-comenzaron\/#primaryimage"},"thumbnailUrl":"https:\/\/cvinoticias.com\/wp-content\/uploads\/2023\/12\/Screenshot_20231213_072844_Chrome.jpg","datePublished":"2023-12-13T10:30:34+00:00","breadcrumb":{"@id":"https:\/\/cvinoticias.com\/v3\/el-estado-no-licitara-mas-obra-publica-y-cancelara-proyectos-aprobados-que-no-comenzaron\/#breadcrumb"},"inLanguage":"es","potentialAction":[{"@type":"ReadAction","target":["https:\/\/cvinoticias.com\/v3\/el-estado-no-licitara-mas-obra-publica-y-cancelara-proyectos-aprobados-que-no-comenzaron\/"]}]},{"@type":"ImageObject","inLanguage":"es","@id":"https:\/\/cvinoticias.com\/v3\/el-estado-no-licitara-mas-obra-publica-y-cancelara-proyectos-aprobados-que-no-comenzaron\/#primaryimage","url":"https:\/\/cvinoticias.com\/wp-content\/uploads\/2023\/12\/Screenshot_20231213_072844_Chrome.jpg","contentUrl":"https:\/\/cvinoticias.com\/wp-content\/uploads\/2023\/12\/Screenshot_20231213_072844_Chrome.jpg","width":969,"height":624},{"@type":"BreadcrumbList","@id":"https:\/\/cvinoticias.com\/v3\/el-estado-no-licitara-mas-obra-publica-y-cancelara-proyectos-aprobados-que-no-comenzaron\/#breadcrumb","itemListElement":[{"@type":"ListItem","position":1,"name":"Portada","item":"https:\/\/cvinoticias.com\/v3\/"},{"@type":"ListItem","position":2,"name":"El Estado no licitar\u00e1 m\u00e1s obra p\u00fablica y cancelar\u00e1 proyectos aprobados que no comenzaron"}]},{"@type":"WebSite","@id":"https:\/\/cvinoticias.com\/v3\/#website","url":"https:\/\/cvinoticias.com\/v3\/","name":"CVI NOTICIAS","description":"","publisher":{"@id":"https:\/\/cvinoticias.com\/v3\/#organization"},"alternateName":"CVI","potentialAction":[{"@type":"SearchAction","target":{"@type":"EntryPoint","urlTemplate":"https:\/\/cvinoticias.com\/v3\/?s={search_term_string}"},"query-input":{"@type":"PropertyValueSpecification","valueRequired":true,"valueName":"search_term_string"}}],"inLanguage":"es"},{"@type":"Organization","@id":"https:\/\/cvinoticias.com\/v3\/#organization","name":"CVI NOTICIAS","url":"https:\/\/cvinoticias.com\/v3\/","logo":{"@type":"ImageObject","inLanguage":"es","@id":"https:\/\/cvinoticias.com\/v3\/#\/schema\/logo\/image\/","url":"https:\/\/cvinoticias.com\/wp-content\/uploads\/2023\/04\/cropped-cropped-cropped-cropped-cropped-3-1.png","contentUrl":"https:\/\/cvinoticias.com\/wp-content\/uploads\/2023\/04\/cropped-cropped-cropped-cropped-cropped-3-1.png","width":95,"height":122,"caption":"CVI NOTICIAS"},"image":{"@id":"https:\/\/cvinoticias.com\/v3\/#\/schema\/logo\/image\/"},"sameAs":["https:\/\/www.facebook.com\/cvinoticias","https:\/\/www.instagram.com\/cvinoticias\/","https:\/\/www.youtube.com\/@CVINOTICIAS"]},{"@type":"Person","@id":"https:\/\/cvinoticias.com\/v3\/#\/schema\/person\/2db77e3c6bc03c538495d7b2b8be9b66","name":"f1000024","image":{"@type":"ImageObject","inLanguage":"es","@id":"https:\/\/secure.gravatar.com\/avatar\/d4fe7459cfc51ff5129ce1a732bbef5928568b8092d412ef95611616376bbeed?s=96&d=mm&r=g","url":"https:\/\/secure.gravatar.com\/avatar\/d4fe7459cfc51ff5129ce1a732bbef5928568b8092d412ef95611616376bbeed?s=96&d=mm&r=g","contentUrl":"https:\/\/secure.gravatar.com\/avatar\/d4fe7459cfc51ff5129ce1a732bbef5928568b8092d412ef95611616376bbeed?s=96&d=mm&r=g","caption":"f1000024"},"url":"https:\/\/cvinoticias.com\/v3\/author\/f1000024\/"}]}},"_links":{"self":[{"href":"https:\/\/cvinoticias.com\/v3\/wp-json\/wp\/v2\/posts\/30854","targetHints":{"allow":["GET"]}}],"collection":[{"href":"https:\/\/cvinoticias.com\/v3\/wp-json\/wp\/v2\/posts"}],"about":[{"href":"https:\/\/cvinoticias.com\/v3\/wp-json\/wp\/v2\/types\/post"}],"author":[{"embeddable":true,"href":"https:\/\/cvinoticias.com\/v3\/wp-json\/wp\/v2\/users\/2"}],"replies":[{"embeddable":true,"href":"https:\/\/cvinoticias.com\/v3\/wp-json\/wp\/v2\/comments?post=30854"}],"version-history":[{"count":1,"href":"https:\/\/cvinoticias.com\/v3\/wp-json\/wp\/v2\/posts\/30854\/revisions"}],"predecessor-version":[{"id":30856,"href":"https:\/\/cvinoticias.com\/v3\/wp-json\/wp\/v2\/posts\/30854\/revisions\/30856"}],"wp:featuredmedia":[{"embeddable":true,"href":"https:\/\/cvinoticias.com\/v3\/wp-json\/wp\/v2\/media\/30855"}],"wp:attachment":[{"href":"https:\/\/cvinoticias.com\/v3\/wp-json\/wp\/v2\/media?parent=30854"}],"wp:term":[{"taxonomy":"category","embeddable":true,"href":"https:\/\/cvinoticias.com\/v3\/wp-json\/wp\/v2\/categories?post=30854"},{"taxonomy":"post_tag","embeddable":true,"href":"https:\/\/cvinoticias.com\/v3\/wp-json\/wp\/v2\/tags?post=30854"}],"curies":[{"name":"wp","href":"https:\/\/api.w.org\/{rel}","templated":true}]}}