{"id":30851,"date":"2023-12-13T01:30:55","date_gmt":"2023-12-13T04:30:55","guid":{"rendered":"https:\/\/cvinoticias.com\/v3\/?p=30851"},"modified":"2023-12-13T01:30:55","modified_gmt":"2023-12-13T04:30:55","slug":"se-reduciran-los-subsidios-a-la-energia-y-el-transporte","status":"publish","type":"post","link":"https:\/\/cvinoticias.com\/v3\/se-reduciran-los-subsidios-a-la-energia-y-el-transporte\/","title":{"rendered":"Se reducir\u00e1n los subsidios a la energ\u00eda y el transporte"},"content":{"rendered":"\n<p><strong><em>As\u00ed lo anunci\u00f3 el ministro de Econom\u00eda, Luis Caputo, en el marco de una serie de medidas que forman parte del denominado paquete de urgencia econ\u00f3mica.<\/em><\/strong><\/p>\n\n\n\n<p>El Gobierno nacional avanzar\u00e1 en una reducci\u00f3n de los subsidios a los servicios energ\u00e9ticos y al transporte de pasajeros, anunci\u00f3 el ministro de Econom\u00eda, Luis Caputo, en el marco de una serie de medidas que forman parte del denominado paquete de urgencia econ\u00f3mica.<\/p>\n\n\n\n<p>\u00abHoy el Estado sostiene artificialmente precios baj\u00edsimos en tarifas energ\u00e9ticas y transporte a trav\u00e9s de estos subsidios\u00bb, asegur\u00f3 Caputo en un mensaje grabado que fue difudido esta tarde.<\/p>\n\n\n\n<p>A\u00f1adi\u00f3 que \u00abla pol\u00edtica siempre lo ha hecho porque de esa forma enga\u00f1an a la gente haci\u00e9ndoles creer que les ponen plata en el bolsillo\u00bb.<\/p>\n\n\n\n<p>\u00abComo todos los argentinos ya se habr\u00e1n dado cuenta, estos subsidios no son gratis, sino que se pagan con inflaci\u00f3n\u00bb, complet\u00f3 el ministro, sin brindar precisiones sobre el momento en que se pondr\u00e1n en marcha estas reducciones y el nivel de las mismas.<\/p>\n\n\n\n<p>\u00abLo que te regalan en el precio del boleto te lo cobran con los aumentos en el supermercado y con la inflaci\u00f3n; son los pobres los que terminan financiando a los ricos\u00bb, afirm\u00f3 el ministro.<\/p>\n\n\n\n<p>En el mismo sentido, el titular del Palacio de Hacienda asegur\u00f3 que \u00ablos subsidios al transporte en el \u00c1rea Metropolitana Buenos Aires (AMBA) son un acto de profunda discriminaci\u00f3n con las provincias del interior: Vamos a terminar tambi\u00e9n con esa discriminaci\u00f3n hacia el interior\u00bb.<\/p>\n\n\n\n<p>La decisi\u00f3n busca atacar uno de los focos que explicaron el d\u00e9ficit p\u00fablico durante los \u00faltimos a\u00f1os, cuyo impacto en las cuentas del Tesoro durante el gobierno de Alberto Fern\u00e1ndez se intent\u00f3 morigerar con la implementaci\u00f3n de una segmentaci\u00f3n de acuerdo al nivel de ingresos de los usuarios.<\/p>\n\n\n\n<p>De acuerdo con el \u00faltimo reporte del Observatorio de Tarifas y Subsidios de la UBA-Conicet, los principales subsidios econ\u00f3micos a los sectores Agua, Energ\u00eda y Transporte tuvieron en noviembre un crecimiento acumulado anual del 79,1% respecto de igual periodo del a\u00f1o anterior y por lo tanto su variaci\u00f3n real muestra una reducci\u00f3n del 17,5%.<\/p>\n\n\n\n<p>Los subsidios a la Energ\u00eda, que representan el 76% de los subsidios totales, crecieron 73,8% anual mientras se redujeron 19,9% real. En t\u00e9rminos absolutos, es el rubro con mayor incremento nominal ($1.089.781 millones) lo cual explica el 73% del aumento en las transferencias acumuladas en el a\u00f1o.<\/p>\n\n\n\n<p>Como referencia del impacto de la segmentaci\u00f3n, el Observatorio estim\u00f3 que el atraso tarifario en las facturas el\u00e9ctricas del AMBA es de 67% para los N 1 (ingresos altos), 407% para los N2 (ingresos bajos), y 299% para los N 3 (ingresos medios).<\/p>\n","protected":false},"excerpt":{"rendered":"<p>As\u00ed lo anunci\u00f3 el ministro de Econom\u00eda, Luis Caputo, en el marco de una serie de medidas que forman parte del denominado paquete de urgencia econ\u00f3mica. El Gobierno nacional avanzar\u00e1 en una reducci\u00f3n de los subsidios a los servicios energ\u00e9ticos y al transporte de pasajeros, anunci\u00f3 el ministro de Econom\u00eda, Luis Caputo, en el marco [&hellip;]<\/p>\n","protected":false},"author":2,"featured_media":30852,"comment_status":"open","ping_status":"open","sticky":false,"template":"","format":"standard","meta":{"footnotes":""},"categories":[32],"tags":[],"class_list":["post-30851","post","type-post","status-publish","format-standard","has-post-thumbnail","hentry","category-economia"],"yoast_head":"<!-- This site is optimized with the Yoast SEO plugin v27.4 - https:\/\/yoast.com\/product\/yoast-seo-wordpress\/ -->\n<title>Se reducir\u00e1n los subsidios a la energ\u00eda y el transporte | CVI NOTICIAS<\/title>\n<meta name=\"robots\" content=\"index, follow, max-snippet:-1, max-image-preview:large, max-video-preview:-1\" \/>\n<link rel=\"canonical\" href=\"https:\/\/cvinoticias.com\/v3\/se-reduciran-los-subsidios-a-la-energia-y-el-transporte\/\" \/>\n<meta property=\"og:locale\" content=\"es_ES\" \/>\n<meta property=\"og:type\" content=\"article\" \/>\n<meta property=\"og:title\" content=\"Se reducir\u00e1n los subsidios a la energ\u00eda y el transporte | CVI NOTICIAS\" \/>\n<meta property=\"og:description\" content=\"As\u00ed lo anunci\u00f3 el ministro de Econom\u00eda, Luis Caputo, en el marco de una serie de medidas que forman parte del denominado paquete de urgencia econ\u00f3mica. El Gobierno nacional avanzar\u00e1 en una reducci\u00f3n de los subsidios a los servicios energ\u00e9ticos y al transporte de pasajeros, anunci\u00f3 el ministro de Econom\u00eda, Luis Caputo, en el marco [&hellip;]\" \/>\n<meta property=\"og:url\" content=\"https:\/\/cvinoticias.com\/v3\/se-reduciran-los-subsidios-a-la-energia-y-el-transporte\/\" \/>\n<meta property=\"og:site_name\" content=\"CVI NOTICIAS\" \/>\n<meta property=\"article:publisher\" content=\"https:\/\/www.facebook.com\/cvinoticias\" \/>\n<meta property=\"article:published_time\" content=\"2023-12-13T04:30:55+00:00\" \/>\n<meta property=\"og:image\" content=\"https:\/\/cvinoticias.com\/wp-content\/uploads\/2023\/12\/o_1702432421.jpg\" \/>\n\t<meta property=\"og:image:width\" content=\"800\" \/>\n\t<meta property=\"og:image:height\" content=\"450\" \/>\n\t<meta property=\"og:image:type\" content=\"image\/jpeg\" \/>\n<meta name=\"author\" content=\"f1000024\" \/>\n<meta name=\"twitter:card\" content=\"summary_large_image\" \/>\n<meta name=\"twitter:label1\" content=\"Escrito por\" \/>\n\t<meta name=\"twitter:data1\" content=\"f1000024\" \/>\n\t<meta name=\"twitter:label2\" content=\"Tiempo de lectura\" \/>\n\t<meta name=\"twitter:data2\" content=\"2 minutos\" \/>\n<script type=\"application\/ld+json\" class=\"yoast-schema-graph\">{\"@context\":\"https:\\\/\\\/schema.org\",\"@graph\":[{\"@type\":\"Article\",\"@id\":\"https:\\\/\\\/cvinoticias.com\\\/v3\\\/se-reduciran-los-subsidios-a-la-energia-y-el-transporte\\\/#article\",\"isPartOf\":{\"@id\":\"https:\\\/\\\/cvinoticias.com\\\/v3\\\/se-reduciran-los-subsidios-a-la-energia-y-el-transporte\\\/\"},\"author\":{\"name\":\"f1000024\",\"@id\":\"https:\\\/\\\/cvinoticias.com\\\/v3\\\/#\\\/schema\\\/person\\\/2db77e3c6bc03c538495d7b2b8be9b66\"},\"headline\":\"Se reducir\u00e1n los subsidios a la energ\u00eda y el transporte\",\"datePublished\":\"2023-12-13T04:30:55+00:00\",\"mainEntityOfPage\":{\"@id\":\"https:\\\/\\\/cvinoticias.com\\\/v3\\\/se-reduciran-los-subsidios-a-la-energia-y-el-transporte\\\/\"},\"wordCount\":473,\"commentCount\":0,\"publisher\":{\"@id\":\"https:\\\/\\\/cvinoticias.com\\\/v3\\\/#organization\"},\"image\":{\"@id\":\"https:\\\/\\\/cvinoticias.com\\\/v3\\\/se-reduciran-los-subsidios-a-la-energia-y-el-transporte\\\/#primaryimage\"},\"thumbnailUrl\":\"https:\\\/\\\/cvinoticias.com\\\/wp-content\\\/uploads\\\/2023\\\/12\\\/o_1702432421.jpg\",\"articleSection\":[\"Econom\u00eda\"],\"inLanguage\":\"es\",\"potentialAction\":[{\"@type\":\"CommentAction\",\"name\":\"Comment\",\"target\":[\"https:\\\/\\\/cvinoticias.com\\\/v3\\\/se-reduciran-los-subsidios-a-la-energia-y-el-transporte\\\/#respond\"]}]},{\"@type\":\"WebPage\",\"@id\":\"https:\\\/\\\/cvinoticias.com\\\/v3\\\/se-reduciran-los-subsidios-a-la-energia-y-el-transporte\\\/\",\"url\":\"https:\\\/\\\/cvinoticias.com\\\/v3\\\/se-reduciran-los-subsidios-a-la-energia-y-el-transporte\\\/\",\"name\":\"Se reducir\u00e1n los subsidios a la energ\u00eda y el transporte | CVI NOTICIAS\",\"isPartOf\":{\"@id\":\"https:\\\/\\\/cvinoticias.com\\\/v3\\\/#website\"},\"primaryImageOfPage\":{\"@id\":\"https:\\\/\\\/cvinoticias.com\\\/v3\\\/se-reduciran-los-subsidios-a-la-energia-y-el-transporte\\\/#primaryimage\"},\"image\":{\"@id\":\"https:\\\/\\\/cvinoticias.com\\\/v3\\\/se-reduciran-los-subsidios-a-la-energia-y-el-transporte\\\/#primaryimage\"},\"thumbnailUrl\":\"https:\\\/\\\/cvinoticias.com\\\/wp-content\\\/uploads\\\/2023\\\/12\\\/o_1702432421.jpg\",\"datePublished\":\"2023-12-13T04:30:55+00:00\",\"breadcrumb\":{\"@id\":\"https:\\\/\\\/cvinoticias.com\\\/v3\\\/se-reduciran-los-subsidios-a-la-energia-y-el-transporte\\\/#breadcrumb\"},\"inLanguage\":\"es\",\"potentialAction\":[{\"@type\":\"ReadAction\",\"target\":[\"https:\\\/\\\/cvinoticias.com\\\/v3\\\/se-reduciran-los-subsidios-a-la-energia-y-el-transporte\\\/\"]}]},{\"@type\":\"ImageObject\",\"inLanguage\":\"es\",\"@id\":\"https:\\\/\\\/cvinoticias.com\\\/v3\\\/se-reduciran-los-subsidios-a-la-energia-y-el-transporte\\\/#primaryimage\",\"url\":\"https:\\\/\\\/cvinoticias.com\\\/wp-content\\\/uploads\\\/2023\\\/12\\\/o_1702432421.jpg\",\"contentUrl\":\"https:\\\/\\\/cvinoticias.com\\\/wp-content\\\/uploads\\\/2023\\\/12\\\/o_1702432421.jpg\",\"width\":800,\"height\":450},{\"@type\":\"BreadcrumbList\",\"@id\":\"https:\\\/\\\/cvinoticias.com\\\/v3\\\/se-reduciran-los-subsidios-a-la-energia-y-el-transporte\\\/#breadcrumb\",\"itemListElement\":[{\"@type\":\"ListItem\",\"position\":1,\"name\":\"Portada\",\"item\":\"https:\\\/\\\/cvinoticias.com\\\/v3\\\/\"},{\"@type\":\"ListItem\",\"position\":2,\"name\":\"Se reducir\u00e1n los subsidios a la energ\u00eda y el transporte\"}]},{\"@type\":\"WebSite\",\"@id\":\"https:\\\/\\\/cvinoticias.com\\\/v3\\\/#website\",\"url\":\"https:\\\/\\\/cvinoticias.com\\\/v3\\\/\",\"name\":\"CVI NOTICIAS\",\"description\":\"\",\"publisher\":{\"@id\":\"https:\\\/\\\/cvinoticias.com\\\/v3\\\/#organization\"},\"alternateName\":\"CVI\",\"potentialAction\":[{\"@type\":\"SearchAction\",\"target\":{\"@type\":\"EntryPoint\",\"urlTemplate\":\"https:\\\/\\\/cvinoticias.com\\\/v3\\\/?s={search_term_string}\"},\"query-input\":{\"@type\":\"PropertyValueSpecification\",\"valueRequired\":true,\"valueName\":\"search_term_string\"}}],\"inLanguage\":\"es\"},{\"@type\":\"Organization\",\"@id\":\"https:\\\/\\\/cvinoticias.com\\\/v3\\\/#organization\",\"name\":\"CVI NOTICIAS\",\"url\":\"https:\\\/\\\/cvinoticias.com\\\/v3\\\/\",\"logo\":{\"@type\":\"ImageObject\",\"inLanguage\":\"es\",\"@id\":\"https:\\\/\\\/cvinoticias.com\\\/v3\\\/#\\\/schema\\\/logo\\\/image\\\/\",\"url\":\"https:\\\/\\\/cvinoticias.com\\\/wp-content\\\/uploads\\\/2023\\\/04\\\/cropped-cropped-cropped-cropped-cropped-3-1.png\",\"contentUrl\":\"https:\\\/\\\/cvinoticias.com\\\/wp-content\\\/uploads\\\/2023\\\/04\\\/cropped-cropped-cropped-cropped-cropped-3-1.png\",\"width\":95,\"height\":122,\"caption\":\"CVI NOTICIAS\"},\"image\":{\"@id\":\"https:\\\/\\\/cvinoticias.com\\\/v3\\\/#\\\/schema\\\/logo\\\/image\\\/\"},\"sameAs\":[\"https:\\\/\\\/www.facebook.com\\\/cvinoticias\",\"https:\\\/\\\/www.instagram.com\\\/cvinoticias\\\/\",\"https:\\\/\\\/www.youtube.com\\\/@CVINOTICIAS\"]},{\"@type\":\"Person\",\"@id\":\"https:\\\/\\\/cvinoticias.com\\\/v3\\\/#\\\/schema\\\/person\\\/2db77e3c6bc03c538495d7b2b8be9b66\",\"name\":\"f1000024\",\"image\":{\"@type\":\"ImageObject\",\"inLanguage\":\"es\",\"@id\":\"https:\\\/\\\/secure.gravatar.com\\\/avatar\\\/d4fe7459cfc51ff5129ce1a732bbef5928568b8092d412ef95611616376bbeed?s=96&d=mm&r=g\",\"url\":\"https:\\\/\\\/secure.gravatar.com\\\/avatar\\\/d4fe7459cfc51ff5129ce1a732bbef5928568b8092d412ef95611616376bbeed?s=96&d=mm&r=g\",\"contentUrl\":\"https:\\\/\\\/secure.gravatar.com\\\/avatar\\\/d4fe7459cfc51ff5129ce1a732bbef5928568b8092d412ef95611616376bbeed?s=96&d=mm&r=g\",\"caption\":\"f1000024\"},\"url\":\"https:\\\/\\\/cvinoticias.com\\\/v3\\\/author\\\/f1000024\\\/\"}]}<\/script>\n<!-- \/ Yoast SEO plugin. -->","yoast_head_json":{"title":"Se reducir\u00e1n los subsidios a la energ\u00eda y el transporte | CVI NOTICIAS","robots":{"index":"index","follow":"follow","max-snippet":"max-snippet:-1","max-image-preview":"max-image-preview:large","max-video-preview":"max-video-preview:-1"},"canonical":"https:\/\/cvinoticias.com\/v3\/se-reduciran-los-subsidios-a-la-energia-y-el-transporte\/","og_locale":"es_ES","og_type":"article","og_title":"Se reducir\u00e1n los subsidios a la energ\u00eda y el transporte | CVI NOTICIAS","og_description":"As\u00ed lo anunci\u00f3 el ministro de Econom\u00eda, Luis Caputo, en el marco de una serie de medidas que forman parte del denominado paquete de urgencia econ\u00f3mica. El Gobierno nacional avanzar\u00e1 en una reducci\u00f3n de los subsidios a los servicios energ\u00e9ticos y al transporte de pasajeros, anunci\u00f3 el ministro de Econom\u00eda, Luis Caputo, en el marco [&hellip;]","og_url":"https:\/\/cvinoticias.com\/v3\/se-reduciran-los-subsidios-a-la-energia-y-el-transporte\/","og_site_name":"CVI NOTICIAS","article_publisher":"https:\/\/www.facebook.com\/cvinoticias","article_published_time":"2023-12-13T04:30:55+00:00","og_image":[{"width":800,"height":450,"url":"https:\/\/cvinoticias.com\/wp-content\/uploads\/2023\/12\/o_1702432421.jpg","type":"image\/jpeg"}],"author":"f1000024","twitter_card":"summary_large_image","twitter_misc":{"Escrito por":"f1000024","Tiempo de lectura":"2 minutos"},"schema":{"@context":"https:\/\/schema.org","@graph":[{"@type":"Article","@id":"https:\/\/cvinoticias.com\/v3\/se-reduciran-los-subsidios-a-la-energia-y-el-transporte\/#article","isPartOf":{"@id":"https:\/\/cvinoticias.com\/v3\/se-reduciran-los-subsidios-a-la-energia-y-el-transporte\/"},"author":{"name":"f1000024","@id":"https:\/\/cvinoticias.com\/v3\/#\/schema\/person\/2db77e3c6bc03c538495d7b2b8be9b66"},"headline":"Se reducir\u00e1n los subsidios a la energ\u00eda y el transporte","datePublished":"2023-12-13T04:30:55+00:00","mainEntityOfPage":{"@id":"https:\/\/cvinoticias.com\/v3\/se-reduciran-los-subsidios-a-la-energia-y-el-transporte\/"},"wordCount":473,"commentCount":0,"publisher":{"@id":"https:\/\/cvinoticias.com\/v3\/#organization"},"image":{"@id":"https:\/\/cvinoticias.com\/v3\/se-reduciran-los-subsidios-a-la-energia-y-el-transporte\/#primaryimage"},"thumbnailUrl":"https:\/\/cvinoticias.com\/wp-content\/uploads\/2023\/12\/o_1702432421.jpg","articleSection":["Econom\u00eda"],"inLanguage":"es","potentialAction":[{"@type":"CommentAction","name":"Comment","target":["https:\/\/cvinoticias.com\/v3\/se-reduciran-los-subsidios-a-la-energia-y-el-transporte\/#respond"]}]},{"@type":"WebPage","@id":"https:\/\/cvinoticias.com\/v3\/se-reduciran-los-subsidios-a-la-energia-y-el-transporte\/","url":"https:\/\/cvinoticias.com\/v3\/se-reduciran-los-subsidios-a-la-energia-y-el-transporte\/","name":"Se reducir\u00e1n los subsidios a la energ\u00eda y el transporte | CVI NOTICIAS","isPartOf":{"@id":"https:\/\/cvinoticias.com\/v3\/#website"},"primaryImageOfPage":{"@id":"https:\/\/cvinoticias.com\/v3\/se-reduciran-los-subsidios-a-la-energia-y-el-transporte\/#primaryimage"},"image":{"@id":"https:\/\/cvinoticias.com\/v3\/se-reduciran-los-subsidios-a-la-energia-y-el-transporte\/#primaryimage"},"thumbnailUrl":"https:\/\/cvinoticias.com\/wp-content\/uploads\/2023\/12\/o_1702432421.jpg","datePublished":"2023-12-13T04:30:55+00:00","breadcrumb":{"@id":"https:\/\/cvinoticias.com\/v3\/se-reduciran-los-subsidios-a-la-energia-y-el-transporte\/#breadcrumb"},"inLanguage":"es","potentialAction":[{"@type":"ReadAction","target":["https:\/\/cvinoticias.com\/v3\/se-reduciran-los-subsidios-a-la-energia-y-el-transporte\/"]}]},{"@type":"ImageObject","inLanguage":"es","@id":"https:\/\/cvinoticias.com\/v3\/se-reduciran-los-subsidios-a-la-energia-y-el-transporte\/#primaryimage","url":"https:\/\/cvinoticias.com\/wp-content\/uploads\/2023\/12\/o_1702432421.jpg","contentUrl":"https:\/\/cvinoticias.com\/wp-content\/uploads\/2023\/12\/o_1702432421.jpg","width":800,"height":450},{"@type":"BreadcrumbList","@id":"https:\/\/cvinoticias.com\/v3\/se-reduciran-los-subsidios-a-la-energia-y-el-transporte\/#breadcrumb","itemListElement":[{"@type":"ListItem","position":1,"name":"Portada","item":"https:\/\/cvinoticias.com\/v3\/"},{"@type":"ListItem","position":2,"name":"Se reducir\u00e1n los subsidios a la energ\u00eda y el transporte"}]},{"@type":"WebSite","@id":"https:\/\/cvinoticias.com\/v3\/#website","url":"https:\/\/cvinoticias.com\/v3\/","name":"CVI NOTICIAS","description":"","publisher":{"@id":"https:\/\/cvinoticias.com\/v3\/#organization"},"alternateName":"CVI","potentialAction":[{"@type":"SearchAction","target":{"@type":"EntryPoint","urlTemplate":"https:\/\/cvinoticias.com\/v3\/?s={search_term_string}"},"query-input":{"@type":"PropertyValueSpecification","valueRequired":true,"valueName":"search_term_string"}}],"inLanguage":"es"},{"@type":"Organization","@id":"https:\/\/cvinoticias.com\/v3\/#organization","name":"CVI NOTICIAS","url":"https:\/\/cvinoticias.com\/v3\/","logo":{"@type":"ImageObject","inLanguage":"es","@id":"https:\/\/cvinoticias.com\/v3\/#\/schema\/logo\/image\/","url":"https:\/\/cvinoticias.com\/wp-content\/uploads\/2023\/04\/cropped-cropped-cropped-cropped-cropped-3-1.png","contentUrl":"https:\/\/cvinoticias.com\/wp-content\/uploads\/2023\/04\/cropped-cropped-cropped-cropped-cropped-3-1.png","width":95,"height":122,"caption":"CVI NOTICIAS"},"image":{"@id":"https:\/\/cvinoticias.com\/v3\/#\/schema\/logo\/image\/"},"sameAs":["https:\/\/www.facebook.com\/cvinoticias","https:\/\/www.instagram.com\/cvinoticias\/","https:\/\/www.youtube.com\/@CVINOTICIAS"]},{"@type":"Person","@id":"https:\/\/cvinoticias.com\/v3\/#\/schema\/person\/2db77e3c6bc03c538495d7b2b8be9b66","name":"f1000024","image":{"@type":"ImageObject","inLanguage":"es","@id":"https:\/\/secure.gravatar.com\/avatar\/d4fe7459cfc51ff5129ce1a732bbef5928568b8092d412ef95611616376bbeed?s=96&d=mm&r=g","url":"https:\/\/secure.gravatar.com\/avatar\/d4fe7459cfc51ff5129ce1a732bbef5928568b8092d412ef95611616376bbeed?s=96&d=mm&r=g","contentUrl":"https:\/\/secure.gravatar.com\/avatar\/d4fe7459cfc51ff5129ce1a732bbef5928568b8092d412ef95611616376bbeed?s=96&d=mm&r=g","caption":"f1000024"},"url":"https:\/\/cvinoticias.com\/v3\/author\/f1000024\/"}]}},"_links":{"self":[{"href":"https:\/\/cvinoticias.com\/v3\/wp-json\/wp\/v2\/posts\/30851","targetHints":{"allow":["GET"]}}],"collection":[{"href":"https:\/\/cvinoticias.com\/v3\/wp-json\/wp\/v2\/posts"}],"about":[{"href":"https:\/\/cvinoticias.com\/v3\/wp-json\/wp\/v2\/types\/post"}],"author":[{"embeddable":true,"href":"https:\/\/cvinoticias.com\/v3\/wp-json\/wp\/v2\/users\/2"}],"replies":[{"embeddable":true,"href":"https:\/\/cvinoticias.com\/v3\/wp-json\/wp\/v2\/comments?post=30851"}],"version-history":[{"count":1,"href":"https:\/\/cvinoticias.com\/v3\/wp-json\/wp\/v2\/posts\/30851\/revisions"}],"predecessor-version":[{"id":30853,"href":"https:\/\/cvinoticias.com\/v3\/wp-json\/wp\/v2\/posts\/30851\/revisions\/30853"}],"wp:featuredmedia":[{"embeddable":true,"href":"https:\/\/cvinoticias.com\/v3\/wp-json\/wp\/v2\/media\/30852"}],"wp:attachment":[{"href":"https:\/\/cvinoticias.com\/v3\/wp-json\/wp\/v2\/media?parent=30851"}],"wp:term":[{"taxonomy":"category","embeddable":true,"href":"https:\/\/cvinoticias.com\/v3\/wp-json\/wp\/v2\/categories?post=30851"},{"taxonomy":"post_tag","embeddable":true,"href":"https:\/\/cvinoticias.com\/v3\/wp-json\/wp\/v2\/tags?post=30851"}],"curies":[{"name":"wp","href":"https:\/\/api.w.org\/{rel}","templated":true}]}}