{"id":30848,"date":"2023-12-13T01:24:23","date_gmt":"2023-12-13T04:24:23","guid":{"rendered":"https:\/\/cvinoticias.com\/v3\/?p=30848"},"modified":"2023-12-13T01:24:23","modified_gmt":"2023-12-13T04:24:23","slug":"jubilaciones-el-gobierno-buscara-suspender-la-ley-de-movilidad","status":"publish","type":"post","link":"https:\/\/cvinoticias.com\/v3\/jubilaciones-el-gobierno-buscara-suspender-la-ley-de-movilidad\/","title":{"rendered":"Jubilaciones: el Gobierno buscar\u00e1 suspender la ley de movilidad"},"content":{"rendered":"\n<p><strong><em>El Gobierno buscar\u00e1 modificar la ley de movilidad jubilatoria, que actualmente ajusta los haberes de forma trimestral. Mientras tanto definir\u00e1 aumentos por decreto, seg\u00fan indicaron fuentes del Ministerio de Econom\u00eda.<\/em><\/strong><\/p>\n\n\n\n<p>La propuesta deber\u00e1 ser enviada al Congreso, ya que la f\u00f3rmula de movilidad se rige por ley.<\/p>\n\n\n\n<p>La explicaci\u00f3n para promover este cambio es que \u201cel mecanismo de actualizaci\u00f3n vigente no permite alcanzar la estabilidad de las cuentas p\u00fablicas y por tal motivo debe modificarse por incrementos aleatorios, dictados por el Poder Ejecutivo en base a su propio criterio y no a una f\u00f3rmula prevista por ley\u201d, seg\u00fan consta una publicaci\u00f3n de Infobae.<\/p>\n\n\n\n<p>M\u00e1s all\u00e1 de que el pago de las jubilaciones impacta en las arcas del Tesoro y por esta raz\u00f3n Econom\u00eda tiene un papel principal en esta propuesta, desde otros sectores oficiales no estar\u00edan de acuerdo con esta l\u00ednea.<\/p>\n\n\n\n<p>La Ley de Movilidad Previsional que determina los ajustes de los haberes, establece un porcentaje de incremento trimestral, determinado por la variaci\u00f3n de un \u00edndice que surge de sumar 50% del aumento trimestral de la recaudaci\u00f3n de la Anses por beneficiario y 50% de la variaci\u00f3n de los salarios. Para este \u00faltimo \u00edtem, se toma el mayor valor entre el Ripte (Remuneraci\u00f3n Imponible para el Trabajador Estable) y el \u00edndice general de salarios del Indec.<\/p>\n\n\n\n<p>En la actualidad, la f\u00f3rmula se aplica para el ajuste de jubilaciones, pensiones, asignaciones familiares y otros beneficios sociales gestionados a trav\u00e9s de la Administraci\u00f3n Nacional de la Seguridad Social (Anses), tales como la Asignaci\u00f3n Universal por Hijo (AUH) y la Asignaci\u00f3n por Embarazo.<\/p>\n","protected":false},"excerpt":{"rendered":"<p>El Gobierno buscar\u00e1 modificar la ley de movilidad jubilatoria, que actualmente ajusta los haberes de forma trimestral. Mientras tanto definir\u00e1 aumentos por decreto, seg\u00fan indicaron fuentes del Ministerio de Econom\u00eda. La propuesta deber\u00e1 ser enviada al Congreso, ya que la f\u00f3rmula de movilidad se rige por ley. La explicaci\u00f3n para promover este cambio es que [&hellip;]<\/p>\n","protected":false},"author":2,"featured_media":30849,"comment_status":"open","ping_status":"open","sticky":false,"template":"","format":"standard","meta":{"footnotes":""},"categories":[35],"tags":[],"class_list":["post-30848","post","type-post","status-publish","format-standard","has-post-thumbnail","hentry","category-informacion-general"],"yoast_head":"<!-- This site is optimized with the Yoast SEO plugin v27.4 - https:\/\/yoast.com\/product\/yoast-seo-wordpress\/ -->\n<title>Jubilaciones: el Gobierno buscar\u00e1 suspender la ley de movilidad | CVI NOTICIAS<\/title>\n<meta name=\"robots\" content=\"index, follow, max-snippet:-1, max-image-preview:large, max-video-preview:-1\" \/>\n<link rel=\"canonical\" href=\"https:\/\/cvinoticias.com\/v3\/jubilaciones-el-gobierno-buscara-suspender-la-ley-de-movilidad\/\" \/>\n<meta property=\"og:locale\" content=\"es_ES\" \/>\n<meta property=\"og:type\" content=\"article\" \/>\n<meta property=\"og:title\" content=\"Jubilaciones: el Gobierno buscar\u00e1 suspender la ley de movilidad | CVI NOTICIAS\" \/>\n<meta property=\"og:description\" content=\"El Gobierno buscar\u00e1 modificar la ley de movilidad jubilatoria, que actualmente ajusta los haberes de forma trimestral. Mientras tanto definir\u00e1 aumentos por decreto, seg\u00fan indicaron fuentes del Ministerio de Econom\u00eda. La propuesta deber\u00e1 ser enviada al Congreso, ya que la f\u00f3rmula de movilidad se rige por ley. La explicaci\u00f3n para promover este cambio es que [&hellip;]\" \/>\n<meta property=\"og:url\" content=\"https:\/\/cvinoticias.com\/v3\/jubilaciones-el-gobierno-buscara-suspender-la-ley-de-movilidad\/\" \/>\n<meta property=\"og:site_name\" content=\"CVI NOTICIAS\" \/>\n<meta property=\"article:publisher\" content=\"https:\/\/www.facebook.com\/cvinoticias\" \/>\n<meta property=\"article:published_time\" content=\"2023-12-13T04:24:23+00:00\" \/>\n<meta property=\"og:image\" content=\"https:\/\/cvinoticias.com\/wp-content\/uploads\/2023\/12\/360-11.jpg\" \/>\n\t<meta property=\"og:image:width\" content=\"640\" \/>\n\t<meta property=\"og:image:height\" content=\"358\" \/>\n\t<meta property=\"og:image:type\" content=\"image\/jpeg\" \/>\n<meta name=\"author\" content=\"f1000024\" \/>\n<meta name=\"twitter:card\" content=\"summary_large_image\" \/>\n<meta name=\"twitter:label1\" content=\"Escrito por\" \/>\n\t<meta name=\"twitter:data1\" content=\"f1000024\" \/>\n\t<meta name=\"twitter:label2\" content=\"Tiempo de lectura\" \/>\n\t<meta name=\"twitter:data2\" content=\"1 minuto\" \/>\n<script type=\"application\/ld+json\" class=\"yoast-schema-graph\">{\"@context\":\"https:\\\/\\\/schema.org\",\"@graph\":[{\"@type\":\"Article\",\"@id\":\"https:\\\/\\\/cvinoticias.com\\\/v3\\\/jubilaciones-el-gobierno-buscara-suspender-la-ley-de-movilidad\\\/#article\",\"isPartOf\":{\"@id\":\"https:\\\/\\\/cvinoticias.com\\\/v3\\\/jubilaciones-el-gobierno-buscara-suspender-la-ley-de-movilidad\\\/\"},\"author\":{\"name\":\"f1000024\",\"@id\":\"https:\\\/\\\/cvinoticias.com\\\/v3\\\/#\\\/schema\\\/person\\\/2db77e3c6bc03c538495d7b2b8be9b66\"},\"headline\":\"Jubilaciones: el Gobierno buscar\u00e1 suspender la ley de movilidad\",\"datePublished\":\"2023-12-13T04:24:23+00:00\",\"mainEntityOfPage\":{\"@id\":\"https:\\\/\\\/cvinoticias.com\\\/v3\\\/jubilaciones-el-gobierno-buscara-suspender-la-ley-de-movilidad\\\/\"},\"wordCount\":290,\"commentCount\":0,\"publisher\":{\"@id\":\"https:\\\/\\\/cvinoticias.com\\\/v3\\\/#organization\"},\"image\":{\"@id\":\"https:\\\/\\\/cvinoticias.com\\\/v3\\\/jubilaciones-el-gobierno-buscara-suspender-la-ley-de-movilidad\\\/#primaryimage\"},\"thumbnailUrl\":\"https:\\\/\\\/cvinoticias.com\\\/wp-content\\\/uploads\\\/2023\\\/12\\\/360-11.jpg\",\"articleSection\":[\"Informaci\u00f3n General\"],\"inLanguage\":\"es\",\"potentialAction\":[{\"@type\":\"CommentAction\",\"name\":\"Comment\",\"target\":[\"https:\\\/\\\/cvinoticias.com\\\/v3\\\/jubilaciones-el-gobierno-buscara-suspender-la-ley-de-movilidad\\\/#respond\"]}]},{\"@type\":\"WebPage\",\"@id\":\"https:\\\/\\\/cvinoticias.com\\\/v3\\\/jubilaciones-el-gobierno-buscara-suspender-la-ley-de-movilidad\\\/\",\"url\":\"https:\\\/\\\/cvinoticias.com\\\/v3\\\/jubilaciones-el-gobierno-buscara-suspender-la-ley-de-movilidad\\\/\",\"name\":\"Jubilaciones: el Gobierno buscar\u00e1 suspender la ley de movilidad | CVI NOTICIAS\",\"isPartOf\":{\"@id\":\"https:\\\/\\\/cvinoticias.com\\\/v3\\\/#website\"},\"primaryImageOfPage\":{\"@id\":\"https:\\\/\\\/cvinoticias.com\\\/v3\\\/jubilaciones-el-gobierno-buscara-suspender-la-ley-de-movilidad\\\/#primaryimage\"},\"image\":{\"@id\":\"https:\\\/\\\/cvinoticias.com\\\/v3\\\/jubilaciones-el-gobierno-buscara-suspender-la-ley-de-movilidad\\\/#primaryimage\"},\"thumbnailUrl\":\"https:\\\/\\\/cvinoticias.com\\\/wp-content\\\/uploads\\\/2023\\\/12\\\/360-11.jpg\",\"datePublished\":\"2023-12-13T04:24:23+00:00\",\"breadcrumb\":{\"@id\":\"https:\\\/\\\/cvinoticias.com\\\/v3\\\/jubilaciones-el-gobierno-buscara-suspender-la-ley-de-movilidad\\\/#breadcrumb\"},\"inLanguage\":\"es\",\"potentialAction\":[{\"@type\":\"ReadAction\",\"target\":[\"https:\\\/\\\/cvinoticias.com\\\/v3\\\/jubilaciones-el-gobierno-buscara-suspender-la-ley-de-movilidad\\\/\"]}]},{\"@type\":\"ImageObject\",\"inLanguage\":\"es\",\"@id\":\"https:\\\/\\\/cvinoticias.com\\\/v3\\\/jubilaciones-el-gobierno-buscara-suspender-la-ley-de-movilidad\\\/#primaryimage\",\"url\":\"https:\\\/\\\/cvinoticias.com\\\/wp-content\\\/uploads\\\/2023\\\/12\\\/360-11.jpg\",\"contentUrl\":\"https:\\\/\\\/cvinoticias.com\\\/wp-content\\\/uploads\\\/2023\\\/12\\\/360-11.jpg\",\"width\":640,\"height\":358},{\"@type\":\"BreadcrumbList\",\"@id\":\"https:\\\/\\\/cvinoticias.com\\\/v3\\\/jubilaciones-el-gobierno-buscara-suspender-la-ley-de-movilidad\\\/#breadcrumb\",\"itemListElement\":[{\"@type\":\"ListItem\",\"position\":1,\"name\":\"Portada\",\"item\":\"https:\\\/\\\/cvinoticias.com\\\/v3\\\/\"},{\"@type\":\"ListItem\",\"position\":2,\"name\":\"Jubilaciones: el Gobierno buscar\u00e1 suspender la ley de movilidad\"}]},{\"@type\":\"WebSite\",\"@id\":\"https:\\\/\\\/cvinoticias.com\\\/v3\\\/#website\",\"url\":\"https:\\\/\\\/cvinoticias.com\\\/v3\\\/\",\"name\":\"CVI NOTICIAS\",\"description\":\"\",\"publisher\":{\"@id\":\"https:\\\/\\\/cvinoticias.com\\\/v3\\\/#organization\"},\"alternateName\":\"CVI\",\"potentialAction\":[{\"@type\":\"SearchAction\",\"target\":{\"@type\":\"EntryPoint\",\"urlTemplate\":\"https:\\\/\\\/cvinoticias.com\\\/v3\\\/?s={search_term_string}\"},\"query-input\":{\"@type\":\"PropertyValueSpecification\",\"valueRequired\":true,\"valueName\":\"search_term_string\"}}],\"inLanguage\":\"es\"},{\"@type\":\"Organization\",\"@id\":\"https:\\\/\\\/cvinoticias.com\\\/v3\\\/#organization\",\"name\":\"CVI NOTICIAS\",\"url\":\"https:\\\/\\\/cvinoticias.com\\\/v3\\\/\",\"logo\":{\"@type\":\"ImageObject\",\"inLanguage\":\"es\",\"@id\":\"https:\\\/\\\/cvinoticias.com\\\/v3\\\/#\\\/schema\\\/logo\\\/image\\\/\",\"url\":\"https:\\\/\\\/cvinoticias.com\\\/wp-content\\\/uploads\\\/2023\\\/04\\\/cropped-cropped-cropped-cropped-cropped-3-1.png\",\"contentUrl\":\"https:\\\/\\\/cvinoticias.com\\\/wp-content\\\/uploads\\\/2023\\\/04\\\/cropped-cropped-cropped-cropped-cropped-3-1.png\",\"width\":95,\"height\":122,\"caption\":\"CVI NOTICIAS\"},\"image\":{\"@id\":\"https:\\\/\\\/cvinoticias.com\\\/v3\\\/#\\\/schema\\\/logo\\\/image\\\/\"},\"sameAs\":[\"https:\\\/\\\/www.facebook.com\\\/cvinoticias\",\"https:\\\/\\\/www.instagram.com\\\/cvinoticias\\\/\",\"https:\\\/\\\/www.youtube.com\\\/@CVINOTICIAS\"]},{\"@type\":\"Person\",\"@id\":\"https:\\\/\\\/cvinoticias.com\\\/v3\\\/#\\\/schema\\\/person\\\/2db77e3c6bc03c538495d7b2b8be9b66\",\"name\":\"f1000024\",\"image\":{\"@type\":\"ImageObject\",\"inLanguage\":\"es\",\"@id\":\"https:\\\/\\\/secure.gravatar.com\\\/avatar\\\/d4fe7459cfc51ff5129ce1a732bbef5928568b8092d412ef95611616376bbeed?s=96&d=mm&r=g\",\"url\":\"https:\\\/\\\/secure.gravatar.com\\\/avatar\\\/d4fe7459cfc51ff5129ce1a732bbef5928568b8092d412ef95611616376bbeed?s=96&d=mm&r=g\",\"contentUrl\":\"https:\\\/\\\/secure.gravatar.com\\\/avatar\\\/d4fe7459cfc51ff5129ce1a732bbef5928568b8092d412ef95611616376bbeed?s=96&d=mm&r=g\",\"caption\":\"f1000024\"},\"url\":\"https:\\\/\\\/cvinoticias.com\\\/v3\\\/author\\\/f1000024\\\/\"}]}<\/script>\n<!-- \/ Yoast SEO plugin. -->","yoast_head_json":{"title":"Jubilaciones: el Gobierno buscar\u00e1 suspender la ley de movilidad | CVI NOTICIAS","robots":{"index":"index","follow":"follow","max-snippet":"max-snippet:-1","max-image-preview":"max-image-preview:large","max-video-preview":"max-video-preview:-1"},"canonical":"https:\/\/cvinoticias.com\/v3\/jubilaciones-el-gobierno-buscara-suspender-la-ley-de-movilidad\/","og_locale":"es_ES","og_type":"article","og_title":"Jubilaciones: el Gobierno buscar\u00e1 suspender la ley de movilidad | CVI NOTICIAS","og_description":"El Gobierno buscar\u00e1 modificar la ley de movilidad jubilatoria, que actualmente ajusta los haberes de forma trimestral. Mientras tanto definir\u00e1 aumentos por decreto, seg\u00fan indicaron fuentes del Ministerio de Econom\u00eda. La propuesta deber\u00e1 ser enviada al Congreso, ya que la f\u00f3rmula de movilidad se rige por ley. La explicaci\u00f3n para promover este cambio es que [&hellip;]","og_url":"https:\/\/cvinoticias.com\/v3\/jubilaciones-el-gobierno-buscara-suspender-la-ley-de-movilidad\/","og_site_name":"CVI NOTICIAS","article_publisher":"https:\/\/www.facebook.com\/cvinoticias","article_published_time":"2023-12-13T04:24:23+00:00","og_image":[{"width":640,"height":358,"url":"https:\/\/cvinoticias.com\/wp-content\/uploads\/2023\/12\/360-11.jpg","type":"image\/jpeg"}],"author":"f1000024","twitter_card":"summary_large_image","twitter_misc":{"Escrito por":"f1000024","Tiempo de lectura":"1 minuto"},"schema":{"@context":"https:\/\/schema.org","@graph":[{"@type":"Article","@id":"https:\/\/cvinoticias.com\/v3\/jubilaciones-el-gobierno-buscara-suspender-la-ley-de-movilidad\/#article","isPartOf":{"@id":"https:\/\/cvinoticias.com\/v3\/jubilaciones-el-gobierno-buscara-suspender-la-ley-de-movilidad\/"},"author":{"name":"f1000024","@id":"https:\/\/cvinoticias.com\/v3\/#\/schema\/person\/2db77e3c6bc03c538495d7b2b8be9b66"},"headline":"Jubilaciones: el Gobierno buscar\u00e1 suspender la ley de movilidad","datePublished":"2023-12-13T04:24:23+00:00","mainEntityOfPage":{"@id":"https:\/\/cvinoticias.com\/v3\/jubilaciones-el-gobierno-buscara-suspender-la-ley-de-movilidad\/"},"wordCount":290,"commentCount":0,"publisher":{"@id":"https:\/\/cvinoticias.com\/v3\/#organization"},"image":{"@id":"https:\/\/cvinoticias.com\/v3\/jubilaciones-el-gobierno-buscara-suspender-la-ley-de-movilidad\/#primaryimage"},"thumbnailUrl":"https:\/\/cvinoticias.com\/wp-content\/uploads\/2023\/12\/360-11.jpg","articleSection":["Informaci\u00f3n General"],"inLanguage":"es","potentialAction":[{"@type":"CommentAction","name":"Comment","target":["https:\/\/cvinoticias.com\/v3\/jubilaciones-el-gobierno-buscara-suspender-la-ley-de-movilidad\/#respond"]}]},{"@type":"WebPage","@id":"https:\/\/cvinoticias.com\/v3\/jubilaciones-el-gobierno-buscara-suspender-la-ley-de-movilidad\/","url":"https:\/\/cvinoticias.com\/v3\/jubilaciones-el-gobierno-buscara-suspender-la-ley-de-movilidad\/","name":"Jubilaciones: el Gobierno buscar\u00e1 suspender la ley de movilidad | CVI NOTICIAS","isPartOf":{"@id":"https:\/\/cvinoticias.com\/v3\/#website"},"primaryImageOfPage":{"@id":"https:\/\/cvinoticias.com\/v3\/jubilaciones-el-gobierno-buscara-suspender-la-ley-de-movilidad\/#primaryimage"},"image":{"@id":"https:\/\/cvinoticias.com\/v3\/jubilaciones-el-gobierno-buscara-suspender-la-ley-de-movilidad\/#primaryimage"},"thumbnailUrl":"https:\/\/cvinoticias.com\/wp-content\/uploads\/2023\/12\/360-11.jpg","datePublished":"2023-12-13T04:24:23+00:00","breadcrumb":{"@id":"https:\/\/cvinoticias.com\/v3\/jubilaciones-el-gobierno-buscara-suspender-la-ley-de-movilidad\/#breadcrumb"},"inLanguage":"es","potentialAction":[{"@type":"ReadAction","target":["https:\/\/cvinoticias.com\/v3\/jubilaciones-el-gobierno-buscara-suspender-la-ley-de-movilidad\/"]}]},{"@type":"ImageObject","inLanguage":"es","@id":"https:\/\/cvinoticias.com\/v3\/jubilaciones-el-gobierno-buscara-suspender-la-ley-de-movilidad\/#primaryimage","url":"https:\/\/cvinoticias.com\/wp-content\/uploads\/2023\/12\/360-11.jpg","contentUrl":"https:\/\/cvinoticias.com\/wp-content\/uploads\/2023\/12\/360-11.jpg","width":640,"height":358},{"@type":"BreadcrumbList","@id":"https:\/\/cvinoticias.com\/v3\/jubilaciones-el-gobierno-buscara-suspender-la-ley-de-movilidad\/#breadcrumb","itemListElement":[{"@type":"ListItem","position":1,"name":"Portada","item":"https:\/\/cvinoticias.com\/v3\/"},{"@type":"ListItem","position":2,"name":"Jubilaciones: el Gobierno buscar\u00e1 suspender la ley de movilidad"}]},{"@type":"WebSite","@id":"https:\/\/cvinoticias.com\/v3\/#website","url":"https:\/\/cvinoticias.com\/v3\/","name":"CVI NOTICIAS","description":"","publisher":{"@id":"https:\/\/cvinoticias.com\/v3\/#organization"},"alternateName":"CVI","potentialAction":[{"@type":"SearchAction","target":{"@type":"EntryPoint","urlTemplate":"https:\/\/cvinoticias.com\/v3\/?s={search_term_string}"},"query-input":{"@type":"PropertyValueSpecification","valueRequired":true,"valueName":"search_term_string"}}],"inLanguage":"es"},{"@type":"Organization","@id":"https:\/\/cvinoticias.com\/v3\/#organization","name":"CVI NOTICIAS","url":"https:\/\/cvinoticias.com\/v3\/","logo":{"@type":"ImageObject","inLanguage":"es","@id":"https:\/\/cvinoticias.com\/v3\/#\/schema\/logo\/image\/","url":"https:\/\/cvinoticias.com\/wp-content\/uploads\/2023\/04\/cropped-cropped-cropped-cropped-cropped-3-1.png","contentUrl":"https:\/\/cvinoticias.com\/wp-content\/uploads\/2023\/04\/cropped-cropped-cropped-cropped-cropped-3-1.png","width":95,"height":122,"caption":"CVI NOTICIAS"},"image":{"@id":"https:\/\/cvinoticias.com\/v3\/#\/schema\/logo\/image\/"},"sameAs":["https:\/\/www.facebook.com\/cvinoticias","https:\/\/www.instagram.com\/cvinoticias\/","https:\/\/www.youtube.com\/@CVINOTICIAS"]},{"@type":"Person","@id":"https:\/\/cvinoticias.com\/v3\/#\/schema\/person\/2db77e3c6bc03c538495d7b2b8be9b66","name":"f1000024","image":{"@type":"ImageObject","inLanguage":"es","@id":"https:\/\/secure.gravatar.com\/avatar\/d4fe7459cfc51ff5129ce1a732bbef5928568b8092d412ef95611616376bbeed?s=96&d=mm&r=g","url":"https:\/\/secure.gravatar.com\/avatar\/d4fe7459cfc51ff5129ce1a732bbef5928568b8092d412ef95611616376bbeed?s=96&d=mm&r=g","contentUrl":"https:\/\/secure.gravatar.com\/avatar\/d4fe7459cfc51ff5129ce1a732bbef5928568b8092d412ef95611616376bbeed?s=96&d=mm&r=g","caption":"f1000024"},"url":"https:\/\/cvinoticias.com\/v3\/author\/f1000024\/"}]}},"_links":{"self":[{"href":"https:\/\/cvinoticias.com\/v3\/wp-json\/wp\/v2\/posts\/30848","targetHints":{"allow":["GET"]}}],"collection":[{"href":"https:\/\/cvinoticias.com\/v3\/wp-json\/wp\/v2\/posts"}],"about":[{"href":"https:\/\/cvinoticias.com\/v3\/wp-json\/wp\/v2\/types\/post"}],"author":[{"embeddable":true,"href":"https:\/\/cvinoticias.com\/v3\/wp-json\/wp\/v2\/users\/2"}],"replies":[{"embeddable":true,"href":"https:\/\/cvinoticias.com\/v3\/wp-json\/wp\/v2\/comments?post=30848"}],"version-history":[{"count":1,"href":"https:\/\/cvinoticias.com\/v3\/wp-json\/wp\/v2\/posts\/30848\/revisions"}],"predecessor-version":[{"id":30850,"href":"https:\/\/cvinoticias.com\/v3\/wp-json\/wp\/v2\/posts\/30848\/revisions\/30850"}],"wp:featuredmedia":[{"embeddable":true,"href":"https:\/\/cvinoticias.com\/v3\/wp-json\/wp\/v2\/media\/30849"}],"wp:attachment":[{"href":"https:\/\/cvinoticias.com\/v3\/wp-json\/wp\/v2\/media?parent=30848"}],"wp:term":[{"taxonomy":"category","embeddable":true,"href":"https:\/\/cvinoticias.com\/v3\/wp-json\/wp\/v2\/categories?post=30848"},{"taxonomy":"post_tag","embeddable":true,"href":"https:\/\/cvinoticias.com\/v3\/wp-json\/wp\/v2\/tags?post=30848"}],"curies":[{"name":"wp","href":"https:\/\/api.w.org\/{rel}","templated":true}]}}