{"id":30845,"date":"2023-12-13T01:17:24","date_gmt":"2023-12-13T04:17:24","guid":{"rendered":"https:\/\/cvinoticias.com\/v3\/?p=30845"},"modified":"2023-12-13T01:17:24","modified_gmt":"2023-12-13T04:17:24","slug":"luis-caputo-anuncio-las-medidas-el-dolar-oficial-pasara-a-800-pesos","status":"publish","type":"post","link":"https:\/\/cvinoticias.com\/v3\/luis-caputo-anuncio-las-medidas-el-dolar-oficial-pasara-a-800-pesos\/","title":{"rendered":"Luis Caputo anunci\u00f3 las medidas: el d\u00f3lar oficial pasar\u00e1 a 800 pesos"},"content":{"rendered":"\n<p><em><strong>El ministro de Econom\u00eda dio detalles sobre el plan econ\u00f3mico que aplicar\u00e1 el gobierno de Javier Milei en el inicio de su mandato.<\/strong><\/em><\/p>\n\n\n\n<p>El ministro de Econom\u00eda Luis Caputo anunci\u00f3 cu\u00e1les ser\u00e1n las primeras medidas del plan econ\u00f3mico del gobierno de Javier Milei, que incluir\u00e1n decisiones de tipo fiscal, monetario y cambiario para afrontar la crisis econ\u00f3mica y financiera. Entre las principales, se destacan:<\/p>\n\n\n\n<ol class=\"wp-block-list\">\n<li>No se renuevan contratos en el estado que tengan menos de un a\u00f1o de vigencia.<\/li>\n\n\n\n<li>Se suspende la pauta del Gobierno Nacional.<\/li>\n\n\n\n<li>Por la reforma de la ley de ministerios, las carteras pasan de 18 a 9 y las secretar\u00edas de 106 a 54.<\/li>\n\n\n\n<li>Reducci\u00f3n al m\u00ednimo de las transferencias discrecionales a provincias<\/li>\n\n\n\n<li>No se licita m\u00e1s obra p\u00fablica nueva y se cancelar\u00e1n las cancelar las licitaciones aprobadas cuyo desarrollo no haya comenzado.<\/li>\n\n\n\n<li>Reducci\u00f3n de subsidios a la energ\u00eda y el transporte.<\/li>\n\n\n\n<li>Se mantienen Potenciar Trabajo con presupuesto 2023.<\/li>\n\n\n\n<li>Tipo de cambio oficial a 800 pesos. Aumenta el impuesto PAIS.<\/li>\n<\/ol>\n\n\n\n<p>El jefe del Palacio de Hacienda lo hizo a trav\u00e9s de un mensaje que se grab\u00f3 cerca de las 15 en el microcine del ministerio y luego se volvi\u00f3 a filmar en el despacho del ministro, tras dos d\u00edas de intensas reuniones en la Casa de Gobierno con el jefe de Estado y con su equipo de funcionarios y asesores.<\/p>\n\n\n\n<p>Las prioridades de gesti\u00f3n que instruy\u00f3 Milei a su ministro de Econom\u00eda tiene que ver con una liberaci\u00f3n de precios relativos, entre ellos una devaluaci\u00f3n del tipo de cambio oficial -este martes por la tarde los bancos privados aplicaron un fuerte ajuste al precio minorista y lo llevaron a $700, para anticiparse al salto del oficial-, un ajuste fiscal de shock inmediato para llevar a las cuentas p\u00fablicas a equilibrio en el primer a\u00f1o de gobierno, y un plan para terminar con los pasivos remunerados del Banco Central.<\/p>\n\n\n\n<p>Esta ma\u00f1ana el portavoz presidencial Manuel Adorni hab\u00eda anticipado que las primeras medidas contemplar\u00e1n dentro de un \u201cpaquete de urgencia econ\u00f3mica\u201d, la expansi\u00f3n del gasto social, la quita de privilegios y la revisi\u00f3n de nombramientos en la administraci\u00f3n p\u00fablica.<\/p>\n\n\n\n<p>El recorte r\u00e1pido del gasto p\u00fablico parece ser la primera medida que Milei implementar\u00e1 en el inicio de su hoja de ruta econ\u00f3mica. Es una iniciativa que ya tiene n\u00fameros concretos: para el jefe de Estado la poda fiscal deber\u00eda rondar el 5% del Producto Bruto, para llevar a las cuentas p\u00fablicas a terreno de equilibrio a lo largo del primer a\u00f1o de gobierno. Los sectores sobre los que podr\u00eda \u201cpasar la motosierra\u201d son discutidos, pero subsidios, transferencias a provincias y obra p\u00fablica aparecen como los candidatos a sufrir esa poda.<\/p>\n\n\n\n<p>Por otro lado, los pasivos remunerados del BCRA son para el Gobierno el principal obst\u00e1culo para la liberaci\u00f3n del cepo cambiario: si no terminara con las Leliq y los pases pasivos, un desarme de los controles al a acceso al d\u00f3lar podr\u00eda volcar masivamente esos pesos a la moneda norteamericana y exponer a la econom\u00eda a un riesgo hiperinflacionario.<\/p>\n","protected":false},"excerpt":{"rendered":"<p>El ministro de Econom\u00eda dio detalles sobre el plan econ\u00f3mico que aplicar\u00e1 el gobierno de Javier Milei en el inicio de su mandato. El ministro de Econom\u00eda Luis Caputo anunci\u00f3 cu\u00e1les ser\u00e1n las primeras medidas del plan econ\u00f3mico del gobierno de Javier Milei, que incluir\u00e1n decisiones de tipo fiscal, monetario y cambiario para afrontar la [&hellip;]<\/p>\n","protected":false},"author":2,"featured_media":30846,"comment_status":"open","ping_status":"open","sticky":false,"template":"","format":"standard","meta":{"footnotes":""},"categories":[39],"tags":[],"class_list":["post-30845","post","type-post","status-publish","format-standard","has-post-thumbnail","hentry","category-nacionales"],"yoast_head":"<!-- This site is optimized with the Yoast SEO plugin v27.5 - https:\/\/yoast.com\/product\/yoast-seo-wordpress\/ -->\n<title>Luis Caputo anunci\u00f3 las medidas: el d\u00f3lar oficial pasar\u00e1 a 800 pesos | CVI NOTICIAS<\/title>\n<meta name=\"robots\" content=\"index, follow, max-snippet:-1, max-image-preview:large, max-video-preview:-1\" \/>\n<link rel=\"canonical\" href=\"https:\/\/cvinoticias.com\/v3\/luis-caputo-anuncio-las-medidas-el-dolar-oficial-pasara-a-800-pesos\/\" \/>\n<meta property=\"og:locale\" content=\"es_ES\" \/>\n<meta property=\"og:type\" content=\"article\" \/>\n<meta property=\"og:title\" content=\"Luis Caputo anunci\u00f3 las medidas: el d\u00f3lar oficial pasar\u00e1 a 800 pesos | CVI NOTICIAS\" \/>\n<meta property=\"og:description\" content=\"El ministro de Econom\u00eda dio detalles sobre el plan econ\u00f3mico que aplicar\u00e1 el gobierno de Javier Milei en el inicio de su mandato. El ministro de Econom\u00eda Luis Caputo anunci\u00f3 cu\u00e1les ser\u00e1n las primeras medidas del plan econ\u00f3mico del gobierno de Javier Milei, que incluir\u00e1n decisiones de tipo fiscal, monetario y cambiario para afrontar la [&hellip;]\" \/>\n<meta property=\"og:url\" content=\"https:\/\/cvinoticias.com\/v3\/luis-caputo-anuncio-las-medidas-el-dolar-oficial-pasara-a-800-pesos\/\" \/>\n<meta property=\"og:site_name\" content=\"CVI NOTICIAS\" \/>\n<meta property=\"article:publisher\" content=\"https:\/\/www.facebook.com\/cvinoticias\" \/>\n<meta property=\"article:published_time\" content=\"2023-12-13T04:17:24+00:00\" \/>\n<meta property=\"og:image\" content=\"https:\/\/cvinoticias.com\/wp-content\/uploads\/2023\/12\/f608x342-493457_523180_0.jpeg\" \/>\n\t<meta property=\"og:image:width\" content=\"533\" \/>\n\t<meta property=\"og:image:height\" content=\"342\" \/>\n\t<meta property=\"og:image:type\" content=\"image\/jpeg\" \/>\n<meta name=\"author\" content=\"f1000024\" \/>\n<meta name=\"twitter:card\" content=\"summary_large_image\" \/>\n<meta name=\"twitter:label1\" content=\"Escrito por\" \/>\n\t<meta name=\"twitter:data1\" content=\"f1000024\" \/>\n\t<meta name=\"twitter:label2\" content=\"Tiempo de lectura\" \/>\n\t<meta name=\"twitter:data2\" content=\"3 minutos\" \/>\n<script type=\"application\/ld+json\" class=\"yoast-schema-graph\">{\"@context\":\"https:\\\/\\\/schema.org\",\"@graph\":[{\"@type\":\"Article\",\"@id\":\"https:\\\/\\\/cvinoticias.com\\\/v3\\\/luis-caputo-anuncio-las-medidas-el-dolar-oficial-pasara-a-800-pesos\\\/#article\",\"isPartOf\":{\"@id\":\"https:\\\/\\\/cvinoticias.com\\\/v3\\\/luis-caputo-anuncio-las-medidas-el-dolar-oficial-pasara-a-800-pesos\\\/\"},\"author\":{\"name\":\"f1000024\",\"@id\":\"https:\\\/\\\/cvinoticias.com\\\/v3\\\/#\\\/schema\\\/person\\\/2db77e3c6bc03c538495d7b2b8be9b66\"},\"headline\":\"Luis Caputo anunci\u00f3 las medidas: el d\u00f3lar oficial pasar\u00e1 a 800 pesos\",\"datePublished\":\"2023-12-13T04:17:24+00:00\",\"mainEntityOfPage\":{\"@id\":\"https:\\\/\\\/cvinoticias.com\\\/v3\\\/luis-caputo-anuncio-las-medidas-el-dolar-oficial-pasara-a-800-pesos\\\/\"},\"wordCount\":551,\"commentCount\":0,\"publisher\":{\"@id\":\"https:\\\/\\\/cvinoticias.com\\\/v3\\\/#organization\"},\"image\":{\"@id\":\"https:\\\/\\\/cvinoticias.com\\\/v3\\\/luis-caputo-anuncio-las-medidas-el-dolar-oficial-pasara-a-800-pesos\\\/#primaryimage\"},\"thumbnailUrl\":\"https:\\\/\\\/cvinoticias.com\\\/wp-content\\\/uploads\\\/2023\\\/12\\\/f608x342-493457_523180_0.jpeg\",\"articleSection\":[\"Nacionales\"],\"inLanguage\":\"es\",\"potentialAction\":[{\"@type\":\"CommentAction\",\"name\":\"Comment\",\"target\":[\"https:\\\/\\\/cvinoticias.com\\\/v3\\\/luis-caputo-anuncio-las-medidas-el-dolar-oficial-pasara-a-800-pesos\\\/#respond\"]}]},{\"@type\":\"WebPage\",\"@id\":\"https:\\\/\\\/cvinoticias.com\\\/v3\\\/luis-caputo-anuncio-las-medidas-el-dolar-oficial-pasara-a-800-pesos\\\/\",\"url\":\"https:\\\/\\\/cvinoticias.com\\\/v3\\\/luis-caputo-anuncio-las-medidas-el-dolar-oficial-pasara-a-800-pesos\\\/\",\"name\":\"Luis Caputo anunci\u00f3 las medidas: el d\u00f3lar oficial pasar\u00e1 a 800 pesos | CVI NOTICIAS\",\"isPartOf\":{\"@id\":\"https:\\\/\\\/cvinoticias.com\\\/v3\\\/#website\"},\"primaryImageOfPage\":{\"@id\":\"https:\\\/\\\/cvinoticias.com\\\/v3\\\/luis-caputo-anuncio-las-medidas-el-dolar-oficial-pasara-a-800-pesos\\\/#primaryimage\"},\"image\":{\"@id\":\"https:\\\/\\\/cvinoticias.com\\\/v3\\\/luis-caputo-anuncio-las-medidas-el-dolar-oficial-pasara-a-800-pesos\\\/#primaryimage\"},\"thumbnailUrl\":\"https:\\\/\\\/cvinoticias.com\\\/wp-content\\\/uploads\\\/2023\\\/12\\\/f608x342-493457_523180_0.jpeg\",\"datePublished\":\"2023-12-13T04:17:24+00:00\",\"breadcrumb\":{\"@id\":\"https:\\\/\\\/cvinoticias.com\\\/v3\\\/luis-caputo-anuncio-las-medidas-el-dolar-oficial-pasara-a-800-pesos\\\/#breadcrumb\"},\"inLanguage\":\"es\",\"potentialAction\":[{\"@type\":\"ReadAction\",\"target\":[\"https:\\\/\\\/cvinoticias.com\\\/v3\\\/luis-caputo-anuncio-las-medidas-el-dolar-oficial-pasara-a-800-pesos\\\/\"]}]},{\"@type\":\"ImageObject\",\"inLanguage\":\"es\",\"@id\":\"https:\\\/\\\/cvinoticias.com\\\/v3\\\/luis-caputo-anuncio-las-medidas-el-dolar-oficial-pasara-a-800-pesos\\\/#primaryimage\",\"url\":\"https:\\\/\\\/cvinoticias.com\\\/wp-content\\\/uploads\\\/2023\\\/12\\\/f608x342-493457_523180_0.jpeg\",\"contentUrl\":\"https:\\\/\\\/cvinoticias.com\\\/wp-content\\\/uploads\\\/2023\\\/12\\\/f608x342-493457_523180_0.jpeg\",\"width\":533,\"height\":342},{\"@type\":\"BreadcrumbList\",\"@id\":\"https:\\\/\\\/cvinoticias.com\\\/v3\\\/luis-caputo-anuncio-las-medidas-el-dolar-oficial-pasara-a-800-pesos\\\/#breadcrumb\",\"itemListElement\":[{\"@type\":\"ListItem\",\"position\":1,\"name\":\"Portada\",\"item\":\"https:\\\/\\\/cvinoticias.com\\\/v3\\\/\"},{\"@type\":\"ListItem\",\"position\":2,\"name\":\"Luis Caputo anunci\u00f3 las medidas: el d\u00f3lar oficial pasar\u00e1 a 800 pesos\"}]},{\"@type\":\"WebSite\",\"@id\":\"https:\\\/\\\/cvinoticias.com\\\/v3\\\/#website\",\"url\":\"https:\\\/\\\/cvinoticias.com\\\/v3\\\/\",\"name\":\"CVI NOTICIAS\",\"description\":\"\",\"publisher\":{\"@id\":\"https:\\\/\\\/cvinoticias.com\\\/v3\\\/#organization\"},\"alternateName\":\"CVI\",\"potentialAction\":[{\"@type\":\"SearchAction\",\"target\":{\"@type\":\"EntryPoint\",\"urlTemplate\":\"https:\\\/\\\/cvinoticias.com\\\/v3\\\/?s={search_term_string}\"},\"query-input\":{\"@type\":\"PropertyValueSpecification\",\"valueRequired\":true,\"valueName\":\"search_term_string\"}}],\"inLanguage\":\"es\"},{\"@type\":\"Organization\",\"@id\":\"https:\\\/\\\/cvinoticias.com\\\/v3\\\/#organization\",\"name\":\"CVI NOTICIAS\",\"url\":\"https:\\\/\\\/cvinoticias.com\\\/v3\\\/\",\"logo\":{\"@type\":\"ImageObject\",\"inLanguage\":\"es\",\"@id\":\"https:\\\/\\\/cvinoticias.com\\\/v3\\\/#\\\/schema\\\/logo\\\/image\\\/\",\"url\":\"https:\\\/\\\/cvinoticias.com\\\/wp-content\\\/uploads\\\/2023\\\/04\\\/cropped-cropped-cropped-cropped-cropped-3-1.png\",\"contentUrl\":\"https:\\\/\\\/cvinoticias.com\\\/wp-content\\\/uploads\\\/2023\\\/04\\\/cropped-cropped-cropped-cropped-cropped-3-1.png\",\"width\":95,\"height\":122,\"caption\":\"CVI NOTICIAS\"},\"image\":{\"@id\":\"https:\\\/\\\/cvinoticias.com\\\/v3\\\/#\\\/schema\\\/logo\\\/image\\\/\"},\"sameAs\":[\"https:\\\/\\\/www.facebook.com\\\/cvinoticias\",\"https:\\\/\\\/www.instagram.com\\\/cvinoticias\\\/\",\"https:\\\/\\\/www.youtube.com\\\/@CVINOTICIAS\"]},{\"@type\":\"Person\",\"@id\":\"https:\\\/\\\/cvinoticias.com\\\/v3\\\/#\\\/schema\\\/person\\\/2db77e3c6bc03c538495d7b2b8be9b66\",\"name\":\"f1000024\",\"image\":{\"@type\":\"ImageObject\",\"inLanguage\":\"es\",\"@id\":\"https:\\\/\\\/secure.gravatar.com\\\/avatar\\\/d4fe7459cfc51ff5129ce1a732bbef5928568b8092d412ef95611616376bbeed?s=96&d=mm&r=g\",\"url\":\"https:\\\/\\\/secure.gravatar.com\\\/avatar\\\/d4fe7459cfc51ff5129ce1a732bbef5928568b8092d412ef95611616376bbeed?s=96&d=mm&r=g\",\"contentUrl\":\"https:\\\/\\\/secure.gravatar.com\\\/avatar\\\/d4fe7459cfc51ff5129ce1a732bbef5928568b8092d412ef95611616376bbeed?s=96&d=mm&r=g\",\"caption\":\"f1000024\"},\"url\":\"https:\\\/\\\/cvinoticias.com\\\/v3\\\/author\\\/f1000024\\\/\"}]}<\/script>\n<!-- \/ Yoast SEO plugin. -->","yoast_head_json":{"title":"Luis Caputo anunci\u00f3 las medidas: el d\u00f3lar oficial pasar\u00e1 a 800 pesos | CVI NOTICIAS","robots":{"index":"index","follow":"follow","max-snippet":"max-snippet:-1","max-image-preview":"max-image-preview:large","max-video-preview":"max-video-preview:-1"},"canonical":"https:\/\/cvinoticias.com\/v3\/luis-caputo-anuncio-las-medidas-el-dolar-oficial-pasara-a-800-pesos\/","og_locale":"es_ES","og_type":"article","og_title":"Luis Caputo anunci\u00f3 las medidas: el d\u00f3lar oficial pasar\u00e1 a 800 pesos | CVI NOTICIAS","og_description":"El ministro de Econom\u00eda dio detalles sobre el plan econ\u00f3mico que aplicar\u00e1 el gobierno de Javier Milei en el inicio de su mandato. El ministro de Econom\u00eda Luis Caputo anunci\u00f3 cu\u00e1les ser\u00e1n las primeras medidas del plan econ\u00f3mico del gobierno de Javier Milei, que incluir\u00e1n decisiones de tipo fiscal, monetario y cambiario para afrontar la [&hellip;]","og_url":"https:\/\/cvinoticias.com\/v3\/luis-caputo-anuncio-las-medidas-el-dolar-oficial-pasara-a-800-pesos\/","og_site_name":"CVI NOTICIAS","article_publisher":"https:\/\/www.facebook.com\/cvinoticias","article_published_time":"2023-12-13T04:17:24+00:00","og_image":[{"width":533,"height":342,"url":"https:\/\/cvinoticias.com\/wp-content\/uploads\/2023\/12\/f608x342-493457_523180_0.jpeg","type":"image\/jpeg"}],"author":"f1000024","twitter_card":"summary_large_image","twitter_misc":{"Escrito por":"f1000024","Tiempo de lectura":"3 minutos"},"schema":{"@context":"https:\/\/schema.org","@graph":[{"@type":"Article","@id":"https:\/\/cvinoticias.com\/v3\/luis-caputo-anuncio-las-medidas-el-dolar-oficial-pasara-a-800-pesos\/#article","isPartOf":{"@id":"https:\/\/cvinoticias.com\/v3\/luis-caputo-anuncio-las-medidas-el-dolar-oficial-pasara-a-800-pesos\/"},"author":{"name":"f1000024","@id":"https:\/\/cvinoticias.com\/v3\/#\/schema\/person\/2db77e3c6bc03c538495d7b2b8be9b66"},"headline":"Luis Caputo anunci\u00f3 las medidas: el d\u00f3lar oficial pasar\u00e1 a 800 pesos","datePublished":"2023-12-13T04:17:24+00:00","mainEntityOfPage":{"@id":"https:\/\/cvinoticias.com\/v3\/luis-caputo-anuncio-las-medidas-el-dolar-oficial-pasara-a-800-pesos\/"},"wordCount":551,"commentCount":0,"publisher":{"@id":"https:\/\/cvinoticias.com\/v3\/#organization"},"image":{"@id":"https:\/\/cvinoticias.com\/v3\/luis-caputo-anuncio-las-medidas-el-dolar-oficial-pasara-a-800-pesos\/#primaryimage"},"thumbnailUrl":"https:\/\/cvinoticias.com\/wp-content\/uploads\/2023\/12\/f608x342-493457_523180_0.jpeg","articleSection":["Nacionales"],"inLanguage":"es","potentialAction":[{"@type":"CommentAction","name":"Comment","target":["https:\/\/cvinoticias.com\/v3\/luis-caputo-anuncio-las-medidas-el-dolar-oficial-pasara-a-800-pesos\/#respond"]}]},{"@type":"WebPage","@id":"https:\/\/cvinoticias.com\/v3\/luis-caputo-anuncio-las-medidas-el-dolar-oficial-pasara-a-800-pesos\/","url":"https:\/\/cvinoticias.com\/v3\/luis-caputo-anuncio-las-medidas-el-dolar-oficial-pasara-a-800-pesos\/","name":"Luis Caputo anunci\u00f3 las medidas: el d\u00f3lar oficial pasar\u00e1 a 800 pesos | CVI NOTICIAS","isPartOf":{"@id":"https:\/\/cvinoticias.com\/v3\/#website"},"primaryImageOfPage":{"@id":"https:\/\/cvinoticias.com\/v3\/luis-caputo-anuncio-las-medidas-el-dolar-oficial-pasara-a-800-pesos\/#primaryimage"},"image":{"@id":"https:\/\/cvinoticias.com\/v3\/luis-caputo-anuncio-las-medidas-el-dolar-oficial-pasara-a-800-pesos\/#primaryimage"},"thumbnailUrl":"https:\/\/cvinoticias.com\/wp-content\/uploads\/2023\/12\/f608x342-493457_523180_0.jpeg","datePublished":"2023-12-13T04:17:24+00:00","breadcrumb":{"@id":"https:\/\/cvinoticias.com\/v3\/luis-caputo-anuncio-las-medidas-el-dolar-oficial-pasara-a-800-pesos\/#breadcrumb"},"inLanguage":"es","potentialAction":[{"@type":"ReadAction","target":["https:\/\/cvinoticias.com\/v3\/luis-caputo-anuncio-las-medidas-el-dolar-oficial-pasara-a-800-pesos\/"]}]},{"@type":"ImageObject","inLanguage":"es","@id":"https:\/\/cvinoticias.com\/v3\/luis-caputo-anuncio-las-medidas-el-dolar-oficial-pasara-a-800-pesos\/#primaryimage","url":"https:\/\/cvinoticias.com\/wp-content\/uploads\/2023\/12\/f608x342-493457_523180_0.jpeg","contentUrl":"https:\/\/cvinoticias.com\/wp-content\/uploads\/2023\/12\/f608x342-493457_523180_0.jpeg","width":533,"height":342},{"@type":"BreadcrumbList","@id":"https:\/\/cvinoticias.com\/v3\/luis-caputo-anuncio-las-medidas-el-dolar-oficial-pasara-a-800-pesos\/#breadcrumb","itemListElement":[{"@type":"ListItem","position":1,"name":"Portada","item":"https:\/\/cvinoticias.com\/v3\/"},{"@type":"ListItem","position":2,"name":"Luis Caputo anunci\u00f3 las medidas: el d\u00f3lar oficial pasar\u00e1 a 800 pesos"}]},{"@type":"WebSite","@id":"https:\/\/cvinoticias.com\/v3\/#website","url":"https:\/\/cvinoticias.com\/v3\/","name":"CVI NOTICIAS","description":"","publisher":{"@id":"https:\/\/cvinoticias.com\/v3\/#organization"},"alternateName":"CVI","potentialAction":[{"@type":"SearchAction","target":{"@type":"EntryPoint","urlTemplate":"https:\/\/cvinoticias.com\/v3\/?s={search_term_string}"},"query-input":{"@type":"PropertyValueSpecification","valueRequired":true,"valueName":"search_term_string"}}],"inLanguage":"es"},{"@type":"Organization","@id":"https:\/\/cvinoticias.com\/v3\/#organization","name":"CVI NOTICIAS","url":"https:\/\/cvinoticias.com\/v3\/","logo":{"@type":"ImageObject","inLanguage":"es","@id":"https:\/\/cvinoticias.com\/v3\/#\/schema\/logo\/image\/","url":"https:\/\/cvinoticias.com\/wp-content\/uploads\/2023\/04\/cropped-cropped-cropped-cropped-cropped-3-1.png","contentUrl":"https:\/\/cvinoticias.com\/wp-content\/uploads\/2023\/04\/cropped-cropped-cropped-cropped-cropped-3-1.png","width":95,"height":122,"caption":"CVI NOTICIAS"},"image":{"@id":"https:\/\/cvinoticias.com\/v3\/#\/schema\/logo\/image\/"},"sameAs":["https:\/\/www.facebook.com\/cvinoticias","https:\/\/www.instagram.com\/cvinoticias\/","https:\/\/www.youtube.com\/@CVINOTICIAS"]},{"@type":"Person","@id":"https:\/\/cvinoticias.com\/v3\/#\/schema\/person\/2db77e3c6bc03c538495d7b2b8be9b66","name":"f1000024","image":{"@type":"ImageObject","inLanguage":"es","@id":"https:\/\/secure.gravatar.com\/avatar\/d4fe7459cfc51ff5129ce1a732bbef5928568b8092d412ef95611616376bbeed?s=96&d=mm&r=g","url":"https:\/\/secure.gravatar.com\/avatar\/d4fe7459cfc51ff5129ce1a732bbef5928568b8092d412ef95611616376bbeed?s=96&d=mm&r=g","contentUrl":"https:\/\/secure.gravatar.com\/avatar\/d4fe7459cfc51ff5129ce1a732bbef5928568b8092d412ef95611616376bbeed?s=96&d=mm&r=g","caption":"f1000024"},"url":"https:\/\/cvinoticias.com\/v3\/author\/f1000024\/"}]}},"_links":{"self":[{"href":"https:\/\/cvinoticias.com\/v3\/wp-json\/wp\/v2\/posts\/30845","targetHints":{"allow":["GET"]}}],"collection":[{"href":"https:\/\/cvinoticias.com\/v3\/wp-json\/wp\/v2\/posts"}],"about":[{"href":"https:\/\/cvinoticias.com\/v3\/wp-json\/wp\/v2\/types\/post"}],"author":[{"embeddable":true,"href":"https:\/\/cvinoticias.com\/v3\/wp-json\/wp\/v2\/users\/2"}],"replies":[{"embeddable":true,"href":"https:\/\/cvinoticias.com\/v3\/wp-json\/wp\/v2\/comments?post=30845"}],"version-history":[{"count":1,"href":"https:\/\/cvinoticias.com\/v3\/wp-json\/wp\/v2\/posts\/30845\/revisions"}],"predecessor-version":[{"id":30847,"href":"https:\/\/cvinoticias.com\/v3\/wp-json\/wp\/v2\/posts\/30845\/revisions\/30847"}],"wp:featuredmedia":[{"embeddable":true,"href":"https:\/\/cvinoticias.com\/v3\/wp-json\/wp\/v2\/media\/30846"}],"wp:attachment":[{"href":"https:\/\/cvinoticias.com\/v3\/wp-json\/wp\/v2\/media?parent=30845"}],"wp:term":[{"taxonomy":"category","embeddable":true,"href":"https:\/\/cvinoticias.com\/v3\/wp-json\/wp\/v2\/categories?post=30845"},{"taxonomy":"post_tag","embeddable":true,"href":"https:\/\/cvinoticias.com\/v3\/wp-json\/wp\/v2\/tags?post=30845"}],"curies":[{"name":"wp","href":"https:\/\/api.w.org\/{rel}","templated":true}]}}