{"id":30837,"date":"2023-12-12T09:51:04","date_gmt":"2023-12-12T12:51:04","guid":{"rendered":"https:\/\/cvinoticias.com\/v3\/?p=30837"},"modified":"2023-12-12T09:51:04","modified_gmt":"2023-12-12T12:51:04","slug":"adorni-anuncio-nuevas-medidas-en-conferencia-la-revision-de-contratos-y-la-suspension-de-la-pauta-en-los-medios-por-un-ano","status":"publish","type":"post","link":"https:\/\/cvinoticias.com\/v3\/adorni-anuncio-nuevas-medidas-en-conferencia-la-revision-de-contratos-y-la-suspension-de-la-pauta-en-los-medios-por-un-ano\/","title":{"rendered":"Adorni anunci\u00f3 nuevas medidas en conferencia: \u00abla revisi\u00f3n de contratos y la suspensi\u00f3n de la pauta en los medios por un a\u00f1o\u00bb"},"content":{"rendered":"\n<p><strong><em>El vocero presidencial, Manuel Adorni, afirm\u00f3 este martes que \u201ctodos los contratos que se firmaron en el Estado en el \u00faltimo a\u00f1o est\u00e1n en revisi\u00f3n\u201d, y anunci\u00f3 la \u201csuspensi\u00f3n de la pauta publicitaria en los medios por un a\u00f1o\u201d.<\/em><\/strong><\/p>\n\n\n\n<p>As\u00ed lo expres\u00f3 al encabezar una conferencia de prensa en Casa Rosada, antes de la reuni\u00f3n de Gabinete que encabezar\u00e1 el presidente Javier Milei.<\/p>\n\n\n\n<p>Adorni asegur\u00f3 que \u00abla situaci\u00f3n es cr\u00edtica\u00bb ya que en Argentina hay \u00ab45% de pobreza y 200% de inflaci\u00f3n anualizada, con problemas de empleo, de salario y en el comercio exterior\u00bb. Asimismo, indic\u00f3 que \u00abel Estado tama\u00f1o elefante no puede seguir existiendo\u00bb, por lo cual insisti\u00f3 en que \u00abdebe achicarse\u00bb.<\/p>\n\n\n\n<p>Respecto a los empleos estatales, subray\u00f3 que \u00abquien no trabaja, dejar\u00e1 de pertenecer a la planta\u201d del Estado. Por otro lado, remarc\u00f3 que la econom\u00eda se encamina a \u201cuna hiperinflaci\u00f3n\u201d la cual el Gobierno pretende evitar ya que \u00abseguramente sea mucho m\u00e1s devastadora que la hiperinflaci\u00f3n de los 1989 y 1990\u201d.<\/p>\n\n\n\n<p>Por \u00faltimo, aclar\u00f3 varias veces: \u00abDentro de la ley todo, fuera de la ley nada\u00bb. \u00abSe va a cumplir a rajatabla y no va a haber excepciones\u00bb.<\/p>\n","protected":false},"excerpt":{"rendered":"<p>El vocero presidencial, Manuel Adorni, afirm\u00f3 este martes que \u201ctodos los contratos que se firmaron en el Estado en el \u00faltimo a\u00f1o est\u00e1n en revisi\u00f3n\u201d, y anunci\u00f3 la \u201csuspensi\u00f3n de la pauta publicitaria en los medios por un a\u00f1o\u201d. As\u00ed lo expres\u00f3 al encabezar una conferencia de prensa en Casa Rosada, antes de la reuni\u00f3n [&hellip;]<\/p>\n","protected":false},"author":2,"featured_media":30839,"comment_status":"open","ping_status":"open","sticky":false,"template":"","format":"standard","meta":{"footnotes":""},"categories":[39],"tags":[],"class_list":["post-30837","post","type-post","status-publish","format-standard","has-post-thumbnail","hentry","category-nacionales"],"yoast_head":"<!-- This site is optimized with the Yoast SEO plugin v27.5 - https:\/\/yoast.com\/product\/yoast-seo-wordpress\/ -->\n<title>Adorni anunci\u00f3 nuevas medidas en conferencia: &quot;la revisi\u00f3n de contratos y la suspensi\u00f3n de la pauta en los medios por un a\u00f1o&quot; | CVI NOTICIAS<\/title>\n<meta name=\"robots\" content=\"index, follow, max-snippet:-1, max-image-preview:large, max-video-preview:-1\" \/>\n<link rel=\"canonical\" href=\"https:\/\/cvinoticias.com\/v3\/adorni-anuncio-nuevas-medidas-en-conferencia-la-revision-de-contratos-y-la-suspension-de-la-pauta-en-los-medios-por-un-ano\/\" \/>\n<meta property=\"og:locale\" content=\"es_ES\" \/>\n<meta property=\"og:type\" content=\"article\" \/>\n<meta property=\"og:title\" content=\"Adorni anunci\u00f3 nuevas medidas en conferencia: &quot;la revisi\u00f3n de contratos y la suspensi\u00f3n de la pauta en los medios por un a\u00f1o&quot; | CVI NOTICIAS\" \/>\n<meta property=\"og:description\" content=\"El vocero presidencial, Manuel Adorni, afirm\u00f3 este martes que \u201ctodos los contratos que se firmaron en el Estado en el \u00faltimo a\u00f1o est\u00e1n en revisi\u00f3n\u201d, y anunci\u00f3 la \u201csuspensi\u00f3n de la pauta publicitaria en los medios por un a\u00f1o\u201d. As\u00ed lo expres\u00f3 al encabezar una conferencia de prensa en Casa Rosada, antes de la reuni\u00f3n [&hellip;]\" \/>\n<meta property=\"og:url\" content=\"https:\/\/cvinoticias.com\/v3\/adorni-anuncio-nuevas-medidas-en-conferencia-la-revision-de-contratos-y-la-suspension-de-la-pauta-en-los-medios-por-un-ano\/\" \/>\n<meta property=\"og:site_name\" content=\"CVI NOTICIAS\" \/>\n<meta property=\"article:publisher\" content=\"https:\/\/www.facebook.com\/cvinoticias\" \/>\n<meta property=\"article:published_time\" content=\"2023-12-12T12:51:04+00:00\" \/>\n<meta property=\"og:image\" content=\"https:\/\/cvinoticias.com\/wp-content\/uploads\/2023\/12\/Diseno-sin-titulo-12.png\" \/>\n\t<meta property=\"og:image:width\" content=\"800\" \/>\n\t<meta property=\"og:image:height\" content=\"600\" \/>\n\t<meta property=\"og:image:type\" content=\"image\/png\" \/>\n<meta name=\"author\" content=\"f1000024\" \/>\n<meta name=\"twitter:card\" content=\"summary_large_image\" \/>\n<meta name=\"twitter:label1\" content=\"Escrito por\" \/>\n\t<meta name=\"twitter:data1\" content=\"f1000024\" \/>\n\t<meta name=\"twitter:label2\" content=\"Tiempo de lectura\" \/>\n\t<meta name=\"twitter:data2\" content=\"1 minuto\" \/>\n<script type=\"application\/ld+json\" class=\"yoast-schema-graph\">{\"@context\":\"https:\\\/\\\/schema.org\",\"@graph\":[{\"@type\":\"Article\",\"@id\":\"https:\\\/\\\/cvinoticias.com\\\/v3\\\/adorni-anuncio-nuevas-medidas-en-conferencia-la-revision-de-contratos-y-la-suspension-de-la-pauta-en-los-medios-por-un-ano\\\/#article\",\"isPartOf\":{\"@id\":\"https:\\\/\\\/cvinoticias.com\\\/v3\\\/adorni-anuncio-nuevas-medidas-en-conferencia-la-revision-de-contratos-y-la-suspension-de-la-pauta-en-los-medios-por-un-ano\\\/\"},\"author\":{\"name\":\"f1000024\",\"@id\":\"https:\\\/\\\/cvinoticias.com\\\/v3\\\/#\\\/schema\\\/person\\\/2db77e3c6bc03c538495d7b2b8be9b66\"},\"headline\":\"Adorni anunci\u00f3 nuevas medidas en conferencia: \u00abla revisi\u00f3n de contratos y la suspensi\u00f3n de la pauta en los medios por un a\u00f1o\u00bb\",\"datePublished\":\"2023-12-12T12:51:04+00:00\",\"mainEntityOfPage\":{\"@id\":\"https:\\\/\\\/cvinoticias.com\\\/v3\\\/adorni-anuncio-nuevas-medidas-en-conferencia-la-revision-de-contratos-y-la-suspension-de-la-pauta-en-los-medios-por-un-ano\\\/\"},\"wordCount\":226,\"commentCount\":0,\"publisher\":{\"@id\":\"https:\\\/\\\/cvinoticias.com\\\/v3\\\/#organization\"},\"image\":{\"@id\":\"https:\\\/\\\/cvinoticias.com\\\/v3\\\/adorni-anuncio-nuevas-medidas-en-conferencia-la-revision-de-contratos-y-la-suspension-de-la-pauta-en-los-medios-por-un-ano\\\/#primaryimage\"},\"thumbnailUrl\":\"https:\\\/\\\/cvinoticias.com\\\/wp-content\\\/uploads\\\/2023\\\/12\\\/Diseno-sin-titulo-12.png\",\"articleSection\":[\"Nacionales\"],\"inLanguage\":\"es\",\"potentialAction\":[{\"@type\":\"CommentAction\",\"name\":\"Comment\",\"target\":[\"https:\\\/\\\/cvinoticias.com\\\/v3\\\/adorni-anuncio-nuevas-medidas-en-conferencia-la-revision-de-contratos-y-la-suspension-de-la-pauta-en-los-medios-por-un-ano\\\/#respond\"]}]},{\"@type\":\"WebPage\",\"@id\":\"https:\\\/\\\/cvinoticias.com\\\/v3\\\/adorni-anuncio-nuevas-medidas-en-conferencia-la-revision-de-contratos-y-la-suspension-de-la-pauta-en-los-medios-por-un-ano\\\/\",\"url\":\"https:\\\/\\\/cvinoticias.com\\\/v3\\\/adorni-anuncio-nuevas-medidas-en-conferencia-la-revision-de-contratos-y-la-suspension-de-la-pauta-en-los-medios-por-un-ano\\\/\",\"name\":\"Adorni anunci\u00f3 nuevas medidas en conferencia: \\\"la revisi\u00f3n de contratos y la suspensi\u00f3n de la pauta en los medios por un a\u00f1o\\\" | CVI NOTICIAS\",\"isPartOf\":{\"@id\":\"https:\\\/\\\/cvinoticias.com\\\/v3\\\/#website\"},\"primaryImageOfPage\":{\"@id\":\"https:\\\/\\\/cvinoticias.com\\\/v3\\\/adorni-anuncio-nuevas-medidas-en-conferencia-la-revision-de-contratos-y-la-suspension-de-la-pauta-en-los-medios-por-un-ano\\\/#primaryimage\"},\"image\":{\"@id\":\"https:\\\/\\\/cvinoticias.com\\\/v3\\\/adorni-anuncio-nuevas-medidas-en-conferencia-la-revision-de-contratos-y-la-suspension-de-la-pauta-en-los-medios-por-un-ano\\\/#primaryimage\"},\"thumbnailUrl\":\"https:\\\/\\\/cvinoticias.com\\\/wp-content\\\/uploads\\\/2023\\\/12\\\/Diseno-sin-titulo-12.png\",\"datePublished\":\"2023-12-12T12:51:04+00:00\",\"breadcrumb\":{\"@id\":\"https:\\\/\\\/cvinoticias.com\\\/v3\\\/adorni-anuncio-nuevas-medidas-en-conferencia-la-revision-de-contratos-y-la-suspension-de-la-pauta-en-los-medios-por-un-ano\\\/#breadcrumb\"},\"inLanguage\":\"es\",\"potentialAction\":[{\"@type\":\"ReadAction\",\"target\":[\"https:\\\/\\\/cvinoticias.com\\\/v3\\\/adorni-anuncio-nuevas-medidas-en-conferencia-la-revision-de-contratos-y-la-suspension-de-la-pauta-en-los-medios-por-un-ano\\\/\"]}]},{\"@type\":\"ImageObject\",\"inLanguage\":\"es\",\"@id\":\"https:\\\/\\\/cvinoticias.com\\\/v3\\\/adorni-anuncio-nuevas-medidas-en-conferencia-la-revision-de-contratos-y-la-suspension-de-la-pauta-en-los-medios-por-un-ano\\\/#primaryimage\",\"url\":\"https:\\\/\\\/cvinoticias.com\\\/wp-content\\\/uploads\\\/2023\\\/12\\\/Diseno-sin-titulo-12.png\",\"contentUrl\":\"https:\\\/\\\/cvinoticias.com\\\/wp-content\\\/uploads\\\/2023\\\/12\\\/Diseno-sin-titulo-12.png\",\"width\":800,\"height\":600},{\"@type\":\"BreadcrumbList\",\"@id\":\"https:\\\/\\\/cvinoticias.com\\\/v3\\\/adorni-anuncio-nuevas-medidas-en-conferencia-la-revision-de-contratos-y-la-suspension-de-la-pauta-en-los-medios-por-un-ano\\\/#breadcrumb\",\"itemListElement\":[{\"@type\":\"ListItem\",\"position\":1,\"name\":\"Portada\",\"item\":\"https:\\\/\\\/cvinoticias.com\\\/v3\\\/\"},{\"@type\":\"ListItem\",\"position\":2,\"name\":\"Adorni anunci\u00f3 nuevas medidas en conferencia: \u00abla revisi\u00f3n de contratos y la suspensi\u00f3n de la pauta en los medios por un a\u00f1o\u00bb\"}]},{\"@type\":\"WebSite\",\"@id\":\"https:\\\/\\\/cvinoticias.com\\\/v3\\\/#website\",\"url\":\"https:\\\/\\\/cvinoticias.com\\\/v3\\\/\",\"name\":\"CVI NOTICIAS\",\"description\":\"\",\"publisher\":{\"@id\":\"https:\\\/\\\/cvinoticias.com\\\/v3\\\/#organization\"},\"alternateName\":\"CVI\",\"potentialAction\":[{\"@type\":\"SearchAction\",\"target\":{\"@type\":\"EntryPoint\",\"urlTemplate\":\"https:\\\/\\\/cvinoticias.com\\\/v3\\\/?s={search_term_string}\"},\"query-input\":{\"@type\":\"PropertyValueSpecification\",\"valueRequired\":true,\"valueName\":\"search_term_string\"}}],\"inLanguage\":\"es\"},{\"@type\":\"Organization\",\"@id\":\"https:\\\/\\\/cvinoticias.com\\\/v3\\\/#organization\",\"name\":\"CVI NOTICIAS\",\"url\":\"https:\\\/\\\/cvinoticias.com\\\/v3\\\/\",\"logo\":{\"@type\":\"ImageObject\",\"inLanguage\":\"es\",\"@id\":\"https:\\\/\\\/cvinoticias.com\\\/v3\\\/#\\\/schema\\\/logo\\\/image\\\/\",\"url\":\"https:\\\/\\\/cvinoticias.com\\\/wp-content\\\/uploads\\\/2023\\\/04\\\/cropped-cropped-cropped-cropped-cropped-3-1.png\",\"contentUrl\":\"https:\\\/\\\/cvinoticias.com\\\/wp-content\\\/uploads\\\/2023\\\/04\\\/cropped-cropped-cropped-cropped-cropped-3-1.png\",\"width\":95,\"height\":122,\"caption\":\"CVI NOTICIAS\"},\"image\":{\"@id\":\"https:\\\/\\\/cvinoticias.com\\\/v3\\\/#\\\/schema\\\/logo\\\/image\\\/\"},\"sameAs\":[\"https:\\\/\\\/www.facebook.com\\\/cvinoticias\",\"https:\\\/\\\/www.instagram.com\\\/cvinoticias\\\/\",\"https:\\\/\\\/www.youtube.com\\\/@CVINOTICIAS\"]},{\"@type\":\"Person\",\"@id\":\"https:\\\/\\\/cvinoticias.com\\\/v3\\\/#\\\/schema\\\/person\\\/2db77e3c6bc03c538495d7b2b8be9b66\",\"name\":\"f1000024\",\"image\":{\"@type\":\"ImageObject\",\"inLanguage\":\"es\",\"@id\":\"https:\\\/\\\/secure.gravatar.com\\\/avatar\\\/d4fe7459cfc51ff5129ce1a732bbef5928568b8092d412ef95611616376bbeed?s=96&d=mm&r=g\",\"url\":\"https:\\\/\\\/secure.gravatar.com\\\/avatar\\\/d4fe7459cfc51ff5129ce1a732bbef5928568b8092d412ef95611616376bbeed?s=96&d=mm&r=g\",\"contentUrl\":\"https:\\\/\\\/secure.gravatar.com\\\/avatar\\\/d4fe7459cfc51ff5129ce1a732bbef5928568b8092d412ef95611616376bbeed?s=96&d=mm&r=g\",\"caption\":\"f1000024\"},\"url\":\"https:\\\/\\\/cvinoticias.com\\\/v3\\\/author\\\/f1000024\\\/\"}]}<\/script>\n<!-- \/ Yoast SEO plugin. -->","yoast_head_json":{"title":"Adorni anunci\u00f3 nuevas medidas en conferencia: \"la revisi\u00f3n de contratos y la suspensi\u00f3n de la pauta en los medios por un a\u00f1o\" | CVI NOTICIAS","robots":{"index":"index","follow":"follow","max-snippet":"max-snippet:-1","max-image-preview":"max-image-preview:large","max-video-preview":"max-video-preview:-1"},"canonical":"https:\/\/cvinoticias.com\/v3\/adorni-anuncio-nuevas-medidas-en-conferencia-la-revision-de-contratos-y-la-suspension-de-la-pauta-en-los-medios-por-un-ano\/","og_locale":"es_ES","og_type":"article","og_title":"Adorni anunci\u00f3 nuevas medidas en conferencia: \"la revisi\u00f3n de contratos y la suspensi\u00f3n de la pauta en los medios por un a\u00f1o\" | CVI NOTICIAS","og_description":"El vocero presidencial, Manuel Adorni, afirm\u00f3 este martes que \u201ctodos los contratos que se firmaron en el Estado en el \u00faltimo a\u00f1o est\u00e1n en revisi\u00f3n\u201d, y anunci\u00f3 la \u201csuspensi\u00f3n de la pauta publicitaria en los medios por un a\u00f1o\u201d. As\u00ed lo expres\u00f3 al encabezar una conferencia de prensa en Casa Rosada, antes de la reuni\u00f3n [&hellip;]","og_url":"https:\/\/cvinoticias.com\/v3\/adorni-anuncio-nuevas-medidas-en-conferencia-la-revision-de-contratos-y-la-suspension-de-la-pauta-en-los-medios-por-un-ano\/","og_site_name":"CVI NOTICIAS","article_publisher":"https:\/\/www.facebook.com\/cvinoticias","article_published_time":"2023-12-12T12:51:04+00:00","og_image":[{"width":800,"height":600,"url":"https:\/\/cvinoticias.com\/wp-content\/uploads\/2023\/12\/Diseno-sin-titulo-12.png","type":"image\/png"}],"author":"f1000024","twitter_card":"summary_large_image","twitter_misc":{"Escrito por":"f1000024","Tiempo de lectura":"1 minuto"},"schema":{"@context":"https:\/\/schema.org","@graph":[{"@type":"Article","@id":"https:\/\/cvinoticias.com\/v3\/adorni-anuncio-nuevas-medidas-en-conferencia-la-revision-de-contratos-y-la-suspension-de-la-pauta-en-los-medios-por-un-ano\/#article","isPartOf":{"@id":"https:\/\/cvinoticias.com\/v3\/adorni-anuncio-nuevas-medidas-en-conferencia-la-revision-de-contratos-y-la-suspension-de-la-pauta-en-los-medios-por-un-ano\/"},"author":{"name":"f1000024","@id":"https:\/\/cvinoticias.com\/v3\/#\/schema\/person\/2db77e3c6bc03c538495d7b2b8be9b66"},"headline":"Adorni anunci\u00f3 nuevas medidas en conferencia: \u00abla revisi\u00f3n de contratos y la suspensi\u00f3n de la pauta en los medios por un a\u00f1o\u00bb","datePublished":"2023-12-12T12:51:04+00:00","mainEntityOfPage":{"@id":"https:\/\/cvinoticias.com\/v3\/adorni-anuncio-nuevas-medidas-en-conferencia-la-revision-de-contratos-y-la-suspension-de-la-pauta-en-los-medios-por-un-ano\/"},"wordCount":226,"commentCount":0,"publisher":{"@id":"https:\/\/cvinoticias.com\/v3\/#organization"},"image":{"@id":"https:\/\/cvinoticias.com\/v3\/adorni-anuncio-nuevas-medidas-en-conferencia-la-revision-de-contratos-y-la-suspension-de-la-pauta-en-los-medios-por-un-ano\/#primaryimage"},"thumbnailUrl":"https:\/\/cvinoticias.com\/wp-content\/uploads\/2023\/12\/Diseno-sin-titulo-12.png","articleSection":["Nacionales"],"inLanguage":"es","potentialAction":[{"@type":"CommentAction","name":"Comment","target":["https:\/\/cvinoticias.com\/v3\/adorni-anuncio-nuevas-medidas-en-conferencia-la-revision-de-contratos-y-la-suspension-de-la-pauta-en-los-medios-por-un-ano\/#respond"]}]},{"@type":"WebPage","@id":"https:\/\/cvinoticias.com\/v3\/adorni-anuncio-nuevas-medidas-en-conferencia-la-revision-de-contratos-y-la-suspension-de-la-pauta-en-los-medios-por-un-ano\/","url":"https:\/\/cvinoticias.com\/v3\/adorni-anuncio-nuevas-medidas-en-conferencia-la-revision-de-contratos-y-la-suspension-de-la-pauta-en-los-medios-por-un-ano\/","name":"Adorni anunci\u00f3 nuevas medidas en conferencia: \"la revisi\u00f3n de contratos y la suspensi\u00f3n de la pauta en los medios por un a\u00f1o\" | CVI NOTICIAS","isPartOf":{"@id":"https:\/\/cvinoticias.com\/v3\/#website"},"primaryImageOfPage":{"@id":"https:\/\/cvinoticias.com\/v3\/adorni-anuncio-nuevas-medidas-en-conferencia-la-revision-de-contratos-y-la-suspension-de-la-pauta-en-los-medios-por-un-ano\/#primaryimage"},"image":{"@id":"https:\/\/cvinoticias.com\/v3\/adorni-anuncio-nuevas-medidas-en-conferencia-la-revision-de-contratos-y-la-suspension-de-la-pauta-en-los-medios-por-un-ano\/#primaryimage"},"thumbnailUrl":"https:\/\/cvinoticias.com\/wp-content\/uploads\/2023\/12\/Diseno-sin-titulo-12.png","datePublished":"2023-12-12T12:51:04+00:00","breadcrumb":{"@id":"https:\/\/cvinoticias.com\/v3\/adorni-anuncio-nuevas-medidas-en-conferencia-la-revision-de-contratos-y-la-suspension-de-la-pauta-en-los-medios-por-un-ano\/#breadcrumb"},"inLanguage":"es","potentialAction":[{"@type":"ReadAction","target":["https:\/\/cvinoticias.com\/v3\/adorni-anuncio-nuevas-medidas-en-conferencia-la-revision-de-contratos-y-la-suspension-de-la-pauta-en-los-medios-por-un-ano\/"]}]},{"@type":"ImageObject","inLanguage":"es","@id":"https:\/\/cvinoticias.com\/v3\/adorni-anuncio-nuevas-medidas-en-conferencia-la-revision-de-contratos-y-la-suspension-de-la-pauta-en-los-medios-por-un-ano\/#primaryimage","url":"https:\/\/cvinoticias.com\/wp-content\/uploads\/2023\/12\/Diseno-sin-titulo-12.png","contentUrl":"https:\/\/cvinoticias.com\/wp-content\/uploads\/2023\/12\/Diseno-sin-titulo-12.png","width":800,"height":600},{"@type":"BreadcrumbList","@id":"https:\/\/cvinoticias.com\/v3\/adorni-anuncio-nuevas-medidas-en-conferencia-la-revision-de-contratos-y-la-suspension-de-la-pauta-en-los-medios-por-un-ano\/#breadcrumb","itemListElement":[{"@type":"ListItem","position":1,"name":"Portada","item":"https:\/\/cvinoticias.com\/v3\/"},{"@type":"ListItem","position":2,"name":"Adorni anunci\u00f3 nuevas medidas en conferencia: \u00abla revisi\u00f3n de contratos y la suspensi\u00f3n de la pauta en los medios por un a\u00f1o\u00bb"}]},{"@type":"WebSite","@id":"https:\/\/cvinoticias.com\/v3\/#website","url":"https:\/\/cvinoticias.com\/v3\/","name":"CVI NOTICIAS","description":"","publisher":{"@id":"https:\/\/cvinoticias.com\/v3\/#organization"},"alternateName":"CVI","potentialAction":[{"@type":"SearchAction","target":{"@type":"EntryPoint","urlTemplate":"https:\/\/cvinoticias.com\/v3\/?s={search_term_string}"},"query-input":{"@type":"PropertyValueSpecification","valueRequired":true,"valueName":"search_term_string"}}],"inLanguage":"es"},{"@type":"Organization","@id":"https:\/\/cvinoticias.com\/v3\/#organization","name":"CVI NOTICIAS","url":"https:\/\/cvinoticias.com\/v3\/","logo":{"@type":"ImageObject","inLanguage":"es","@id":"https:\/\/cvinoticias.com\/v3\/#\/schema\/logo\/image\/","url":"https:\/\/cvinoticias.com\/wp-content\/uploads\/2023\/04\/cropped-cropped-cropped-cropped-cropped-3-1.png","contentUrl":"https:\/\/cvinoticias.com\/wp-content\/uploads\/2023\/04\/cropped-cropped-cropped-cropped-cropped-3-1.png","width":95,"height":122,"caption":"CVI NOTICIAS"},"image":{"@id":"https:\/\/cvinoticias.com\/v3\/#\/schema\/logo\/image\/"},"sameAs":["https:\/\/www.facebook.com\/cvinoticias","https:\/\/www.instagram.com\/cvinoticias\/","https:\/\/www.youtube.com\/@CVINOTICIAS"]},{"@type":"Person","@id":"https:\/\/cvinoticias.com\/v3\/#\/schema\/person\/2db77e3c6bc03c538495d7b2b8be9b66","name":"f1000024","image":{"@type":"ImageObject","inLanguage":"es","@id":"https:\/\/secure.gravatar.com\/avatar\/d4fe7459cfc51ff5129ce1a732bbef5928568b8092d412ef95611616376bbeed?s=96&d=mm&r=g","url":"https:\/\/secure.gravatar.com\/avatar\/d4fe7459cfc51ff5129ce1a732bbef5928568b8092d412ef95611616376bbeed?s=96&d=mm&r=g","contentUrl":"https:\/\/secure.gravatar.com\/avatar\/d4fe7459cfc51ff5129ce1a732bbef5928568b8092d412ef95611616376bbeed?s=96&d=mm&r=g","caption":"f1000024"},"url":"https:\/\/cvinoticias.com\/v3\/author\/f1000024\/"}]}},"_links":{"self":[{"href":"https:\/\/cvinoticias.com\/v3\/wp-json\/wp\/v2\/posts\/30837","targetHints":{"allow":["GET"]}}],"collection":[{"href":"https:\/\/cvinoticias.com\/v3\/wp-json\/wp\/v2\/posts"}],"about":[{"href":"https:\/\/cvinoticias.com\/v3\/wp-json\/wp\/v2\/types\/post"}],"author":[{"embeddable":true,"href":"https:\/\/cvinoticias.com\/v3\/wp-json\/wp\/v2\/users\/2"}],"replies":[{"embeddable":true,"href":"https:\/\/cvinoticias.com\/v3\/wp-json\/wp\/v2\/comments?post=30837"}],"version-history":[{"count":1,"href":"https:\/\/cvinoticias.com\/v3\/wp-json\/wp\/v2\/posts\/30837\/revisions"}],"predecessor-version":[{"id":30840,"href":"https:\/\/cvinoticias.com\/v3\/wp-json\/wp\/v2\/posts\/30837\/revisions\/30840"}],"wp:featuredmedia":[{"embeddable":true,"href":"https:\/\/cvinoticias.com\/v3\/wp-json\/wp\/v2\/media\/30839"}],"wp:attachment":[{"href":"https:\/\/cvinoticias.com\/v3\/wp-json\/wp\/v2\/media?parent=30837"}],"wp:term":[{"taxonomy":"category","embeddable":true,"href":"https:\/\/cvinoticias.com\/v3\/wp-json\/wp\/v2\/categories?post=30837"},{"taxonomy":"post_tag","embeddable":true,"href":"https:\/\/cvinoticias.com\/v3\/wp-json\/wp\/v2\/tags?post=30837"}],"curies":[{"name":"wp","href":"https:\/\/api.w.org\/{rel}","templated":true}]}}