{"id":30825,"date":"2023-12-12T08:21:49","date_gmt":"2023-12-12T11:21:49","guid":{"rendered":"https:\/\/cvinoticias.com\/v3\/?p=30825"},"modified":"2023-12-12T08:21:49","modified_gmt":"2023-12-12T11:21:49","slug":"santa-fe-el-gobernador-pullaro-elimino-por-decreto-la-no-repitencia-en-las-escuelas-secundarias","status":"publish","type":"post","link":"https:\/\/cvinoticias.com\/v3\/santa-fe-el-gobernador-pullaro-elimino-por-decreto-la-no-repitencia-en-las-escuelas-secundarias\/","title":{"rendered":"Santa Fe: El Gobernador Pullaro elimin\u00f3 por decreto la \u00abno repitencia\u00bb en las escuelas secundarias"},"content":{"rendered":"\n<p><strong><em>Tal como lo anunci\u00f3 en su primer discurso tras asumir el mando en Santa Fe, ayer Pullaro dio de baja la medida. \u00abSignifica que la cultura del esfuerzo vuelve a ser prioridad en nuestro gobierno\u00bb, sostuvo.<\/em><\/strong><\/p>\n\n\n\n<p>Tal como lo anunci\u00f3 en su primer discurso ante las C\u00e1maras legislativas, el nuevo gobernador de Santa Fe, Maximiliano Pullaro, firm\u00f3 ayer el decreto que pone fin a la no repitencia en las escuelas secundarias de la vecina provincia. El referente de JxC hab\u00eda anunciado en campa\u00f1a que iba a dejar sin efecto la medida.<\/p>\n\n\n\n<p>\u00abVamos a priorizar los aprendizajes; entendemos que para que eso suceda hay que poder evaluar a los chicos y que no sea todo lo mismo. Hasta ahora daba igual el chico que se esfuerza que el que no se esfuerza, el que aprende con el que no aprende, el que va a la escuela con el que no va a la escuela\u00bb, dijo el mandatario al asumir el domingo pasado sus funciones.<\/p>\n\n\n\n<p>\u00abLa no repitencia era un atajo para mostrar que los chicos terminaban la escuela cuando en realidad terminaban sin saber. Creemos que es una medida que muestra el modelo que vamos a construir en educaci\u00f3n y en toda la agenda del gobierno de la provincia\u00bb, y \u00absignifica que la cultura del esfuerzo vuelve a ser prioridad en nuestro Gobierno\u00bb, cerr\u00f3 Pullaro contundente.<\/p>\n\n\n\n<p><strong>\u00bfQU\u00c9 ES LA \u00abNO REPITENCIA\u00bb?<\/strong><\/p>\n\n\n\n<p>El proyecto de \u00abavance continuo\u00bb o \u00abno repitencia\u00bb se aplic\u00f3 este a\u00f1o en 145 escuelas secundarias p\u00fablicas y privadas de la provincia de Santa Fe, las cuales representan alrededor del 20% del total de establecimientos de nivel secundario que voluntariamente se sum\u00f3 a este programa. Es decir, no todos los establecimientos de nivel secundario estaban incluidos.<\/p>\n\n\n\n<p>El proyecto se anunci\u00f3 en 2022 y fue presentado como un modelo que permite al estudiante que adeuda materias poder seguir con el grupo de pares etarios mientras se cursa el a\u00f1o y se recupera esas asignaturas adeudadas, muy parecido a lo que se hace en la universidad, esto es, sin tener que volver a hacer lo que ya se hab\u00eda aprobado ni repetir.<\/p>\n","protected":false},"excerpt":{"rendered":"<p>Tal como lo anunci\u00f3 en su primer discurso tras asumir el mando en Santa Fe, ayer Pullaro dio de baja la medida. \u00abSignifica que la cultura del esfuerzo vuelve a ser prioridad en nuestro gobierno\u00bb, sostuvo. Tal como lo anunci\u00f3 en su primer discurso ante las C\u00e1maras legislativas, el nuevo gobernador de Santa Fe, Maximiliano [&hellip;]<\/p>\n","protected":false},"author":2,"featured_media":30826,"comment_status":"open","ping_status":"open","sticky":false,"template":"","format":"standard","meta":{"footnotes":""},"categories":[39],"tags":[],"class_list":["post-30825","post","type-post","status-publish","format-standard","has-post-thumbnail","hentry","category-nacionales"],"yoast_head":"<!-- This site is optimized with the Yoast SEO plugin v27.5 - https:\/\/yoast.com\/product\/yoast-seo-wordpress\/ -->\n<title>Santa Fe: El Gobernador Pullaro elimin\u00f3 por decreto la &quot;no repitencia&quot; en las escuelas secundarias | CVI NOTICIAS<\/title>\n<meta name=\"robots\" content=\"index, follow, max-snippet:-1, max-image-preview:large, max-video-preview:-1\" \/>\n<link rel=\"canonical\" href=\"https:\/\/cvinoticias.com\/v3\/santa-fe-el-gobernador-pullaro-elimino-por-decreto-la-no-repitencia-en-las-escuelas-secundarias\/\" \/>\n<meta property=\"og:locale\" content=\"es_ES\" \/>\n<meta property=\"og:type\" content=\"article\" \/>\n<meta property=\"og:title\" content=\"Santa Fe: El Gobernador Pullaro elimin\u00f3 por decreto la &quot;no repitencia&quot; en las escuelas secundarias | CVI NOTICIAS\" \/>\n<meta property=\"og:description\" content=\"Tal como lo anunci\u00f3 en su primer discurso tras asumir el mando en Santa Fe, ayer Pullaro dio de baja la medida. \u00abSignifica que la cultura del esfuerzo vuelve a ser prioridad en nuestro gobierno\u00bb, sostuvo. Tal como lo anunci\u00f3 en su primer discurso ante las C\u00e1maras legislativas, el nuevo gobernador de Santa Fe, Maximiliano [&hellip;]\" \/>\n<meta property=\"og:url\" content=\"https:\/\/cvinoticias.com\/v3\/santa-fe-el-gobernador-pullaro-elimino-por-decreto-la-no-repitencia-en-las-escuelas-secundarias\/\" \/>\n<meta property=\"og:site_name\" content=\"CVI NOTICIAS\" \/>\n<meta property=\"article:publisher\" content=\"https:\/\/www.facebook.com\/cvinoticias\" \/>\n<meta property=\"article:published_time\" content=\"2023-12-12T11:21:49+00:00\" \/>\n<meta property=\"og:image\" content=\"https:\/\/cvinoticias.com\/wp-content\/uploads\/2023\/12\/resize_1702376609.jpg\" \/>\n\t<meta property=\"og:image:width\" content=\"1080\" \/>\n\t<meta property=\"og:image:height\" content=\"631\" \/>\n\t<meta property=\"og:image:type\" content=\"image\/jpeg\" \/>\n<meta name=\"author\" content=\"f1000024\" \/>\n<meta name=\"twitter:card\" content=\"summary_large_image\" \/>\n<meta name=\"twitter:label1\" content=\"Escrito por\" \/>\n\t<meta name=\"twitter:data1\" content=\"f1000024\" \/>\n\t<meta name=\"twitter:label2\" content=\"Tiempo de lectura\" \/>\n\t<meta name=\"twitter:data2\" content=\"2 minutos\" \/>\n<script type=\"application\/ld+json\" class=\"yoast-schema-graph\">{\"@context\":\"https:\\\/\\\/schema.org\",\"@graph\":[{\"@type\":\"Article\",\"@id\":\"https:\\\/\\\/cvinoticias.com\\\/v3\\\/santa-fe-el-gobernador-pullaro-elimino-por-decreto-la-no-repitencia-en-las-escuelas-secundarias\\\/#article\",\"isPartOf\":{\"@id\":\"https:\\\/\\\/cvinoticias.com\\\/v3\\\/santa-fe-el-gobernador-pullaro-elimino-por-decreto-la-no-repitencia-en-las-escuelas-secundarias\\\/\"},\"author\":{\"name\":\"f1000024\",\"@id\":\"https:\\\/\\\/cvinoticias.com\\\/v3\\\/#\\\/schema\\\/person\\\/2db77e3c6bc03c538495d7b2b8be9b66\"},\"headline\":\"Santa Fe: El Gobernador Pullaro elimin\u00f3 por decreto la \u00abno repitencia\u00bb en las escuelas secundarias\",\"datePublished\":\"2023-12-12T11:21:49+00:00\",\"mainEntityOfPage\":{\"@id\":\"https:\\\/\\\/cvinoticias.com\\\/v3\\\/santa-fe-el-gobernador-pullaro-elimino-por-decreto-la-no-repitencia-en-las-escuelas-secundarias\\\/\"},\"wordCount\":370,\"commentCount\":0,\"publisher\":{\"@id\":\"https:\\\/\\\/cvinoticias.com\\\/v3\\\/#organization\"},\"image\":{\"@id\":\"https:\\\/\\\/cvinoticias.com\\\/v3\\\/santa-fe-el-gobernador-pullaro-elimino-por-decreto-la-no-repitencia-en-las-escuelas-secundarias\\\/#primaryimage\"},\"thumbnailUrl\":\"https:\\\/\\\/cvinoticias.com\\\/wp-content\\\/uploads\\\/2023\\\/12\\\/resize_1702376609.jpg\",\"articleSection\":[\"Nacionales\"],\"inLanguage\":\"es\",\"potentialAction\":[{\"@type\":\"CommentAction\",\"name\":\"Comment\",\"target\":[\"https:\\\/\\\/cvinoticias.com\\\/v3\\\/santa-fe-el-gobernador-pullaro-elimino-por-decreto-la-no-repitencia-en-las-escuelas-secundarias\\\/#respond\"]}]},{\"@type\":\"WebPage\",\"@id\":\"https:\\\/\\\/cvinoticias.com\\\/v3\\\/santa-fe-el-gobernador-pullaro-elimino-por-decreto-la-no-repitencia-en-las-escuelas-secundarias\\\/\",\"url\":\"https:\\\/\\\/cvinoticias.com\\\/v3\\\/santa-fe-el-gobernador-pullaro-elimino-por-decreto-la-no-repitencia-en-las-escuelas-secundarias\\\/\",\"name\":\"Santa Fe: El Gobernador Pullaro elimin\u00f3 por decreto la \\\"no repitencia\\\" en las escuelas secundarias | CVI NOTICIAS\",\"isPartOf\":{\"@id\":\"https:\\\/\\\/cvinoticias.com\\\/v3\\\/#website\"},\"primaryImageOfPage\":{\"@id\":\"https:\\\/\\\/cvinoticias.com\\\/v3\\\/santa-fe-el-gobernador-pullaro-elimino-por-decreto-la-no-repitencia-en-las-escuelas-secundarias\\\/#primaryimage\"},\"image\":{\"@id\":\"https:\\\/\\\/cvinoticias.com\\\/v3\\\/santa-fe-el-gobernador-pullaro-elimino-por-decreto-la-no-repitencia-en-las-escuelas-secundarias\\\/#primaryimage\"},\"thumbnailUrl\":\"https:\\\/\\\/cvinoticias.com\\\/wp-content\\\/uploads\\\/2023\\\/12\\\/resize_1702376609.jpg\",\"datePublished\":\"2023-12-12T11:21:49+00:00\",\"breadcrumb\":{\"@id\":\"https:\\\/\\\/cvinoticias.com\\\/v3\\\/santa-fe-el-gobernador-pullaro-elimino-por-decreto-la-no-repitencia-en-las-escuelas-secundarias\\\/#breadcrumb\"},\"inLanguage\":\"es\",\"potentialAction\":[{\"@type\":\"ReadAction\",\"target\":[\"https:\\\/\\\/cvinoticias.com\\\/v3\\\/santa-fe-el-gobernador-pullaro-elimino-por-decreto-la-no-repitencia-en-las-escuelas-secundarias\\\/\"]}]},{\"@type\":\"ImageObject\",\"inLanguage\":\"es\",\"@id\":\"https:\\\/\\\/cvinoticias.com\\\/v3\\\/santa-fe-el-gobernador-pullaro-elimino-por-decreto-la-no-repitencia-en-las-escuelas-secundarias\\\/#primaryimage\",\"url\":\"https:\\\/\\\/cvinoticias.com\\\/wp-content\\\/uploads\\\/2023\\\/12\\\/resize_1702376609.jpg\",\"contentUrl\":\"https:\\\/\\\/cvinoticias.com\\\/wp-content\\\/uploads\\\/2023\\\/12\\\/resize_1702376609.jpg\",\"width\":1080,\"height\":631},{\"@type\":\"BreadcrumbList\",\"@id\":\"https:\\\/\\\/cvinoticias.com\\\/v3\\\/santa-fe-el-gobernador-pullaro-elimino-por-decreto-la-no-repitencia-en-las-escuelas-secundarias\\\/#breadcrumb\",\"itemListElement\":[{\"@type\":\"ListItem\",\"position\":1,\"name\":\"Portada\",\"item\":\"https:\\\/\\\/cvinoticias.com\\\/v3\\\/\"},{\"@type\":\"ListItem\",\"position\":2,\"name\":\"Santa Fe: El Gobernador Pullaro elimin\u00f3 por decreto la \u00abno repitencia\u00bb en las escuelas secundarias\"}]},{\"@type\":\"WebSite\",\"@id\":\"https:\\\/\\\/cvinoticias.com\\\/v3\\\/#website\",\"url\":\"https:\\\/\\\/cvinoticias.com\\\/v3\\\/\",\"name\":\"CVI NOTICIAS\",\"description\":\"\",\"publisher\":{\"@id\":\"https:\\\/\\\/cvinoticias.com\\\/v3\\\/#organization\"},\"alternateName\":\"CVI\",\"potentialAction\":[{\"@type\":\"SearchAction\",\"target\":{\"@type\":\"EntryPoint\",\"urlTemplate\":\"https:\\\/\\\/cvinoticias.com\\\/v3\\\/?s={search_term_string}\"},\"query-input\":{\"@type\":\"PropertyValueSpecification\",\"valueRequired\":true,\"valueName\":\"search_term_string\"}}],\"inLanguage\":\"es\"},{\"@type\":\"Organization\",\"@id\":\"https:\\\/\\\/cvinoticias.com\\\/v3\\\/#organization\",\"name\":\"CVI NOTICIAS\",\"url\":\"https:\\\/\\\/cvinoticias.com\\\/v3\\\/\",\"logo\":{\"@type\":\"ImageObject\",\"inLanguage\":\"es\",\"@id\":\"https:\\\/\\\/cvinoticias.com\\\/v3\\\/#\\\/schema\\\/logo\\\/image\\\/\",\"url\":\"https:\\\/\\\/cvinoticias.com\\\/wp-content\\\/uploads\\\/2023\\\/04\\\/cropped-cropped-cropped-cropped-cropped-3-1.png\",\"contentUrl\":\"https:\\\/\\\/cvinoticias.com\\\/wp-content\\\/uploads\\\/2023\\\/04\\\/cropped-cropped-cropped-cropped-cropped-3-1.png\",\"width\":95,\"height\":122,\"caption\":\"CVI NOTICIAS\"},\"image\":{\"@id\":\"https:\\\/\\\/cvinoticias.com\\\/v3\\\/#\\\/schema\\\/logo\\\/image\\\/\"},\"sameAs\":[\"https:\\\/\\\/www.facebook.com\\\/cvinoticias\",\"https:\\\/\\\/www.instagram.com\\\/cvinoticias\\\/\",\"https:\\\/\\\/www.youtube.com\\\/@CVINOTICIAS\"]},{\"@type\":\"Person\",\"@id\":\"https:\\\/\\\/cvinoticias.com\\\/v3\\\/#\\\/schema\\\/person\\\/2db77e3c6bc03c538495d7b2b8be9b66\",\"name\":\"f1000024\",\"image\":{\"@type\":\"ImageObject\",\"inLanguage\":\"es\",\"@id\":\"https:\\\/\\\/secure.gravatar.com\\\/avatar\\\/d4fe7459cfc51ff5129ce1a732bbef5928568b8092d412ef95611616376bbeed?s=96&d=mm&r=g\",\"url\":\"https:\\\/\\\/secure.gravatar.com\\\/avatar\\\/d4fe7459cfc51ff5129ce1a732bbef5928568b8092d412ef95611616376bbeed?s=96&d=mm&r=g\",\"contentUrl\":\"https:\\\/\\\/secure.gravatar.com\\\/avatar\\\/d4fe7459cfc51ff5129ce1a732bbef5928568b8092d412ef95611616376bbeed?s=96&d=mm&r=g\",\"caption\":\"f1000024\"},\"url\":\"https:\\\/\\\/cvinoticias.com\\\/v3\\\/author\\\/f1000024\\\/\"}]}<\/script>\n<!-- \/ Yoast SEO plugin. -->","yoast_head_json":{"title":"Santa Fe: El Gobernador Pullaro elimin\u00f3 por decreto la \"no repitencia\" en las escuelas secundarias | CVI NOTICIAS","robots":{"index":"index","follow":"follow","max-snippet":"max-snippet:-1","max-image-preview":"max-image-preview:large","max-video-preview":"max-video-preview:-1"},"canonical":"https:\/\/cvinoticias.com\/v3\/santa-fe-el-gobernador-pullaro-elimino-por-decreto-la-no-repitencia-en-las-escuelas-secundarias\/","og_locale":"es_ES","og_type":"article","og_title":"Santa Fe: El Gobernador Pullaro elimin\u00f3 por decreto la \"no repitencia\" en las escuelas secundarias | CVI NOTICIAS","og_description":"Tal como lo anunci\u00f3 en su primer discurso tras asumir el mando en Santa Fe, ayer Pullaro dio de baja la medida. \u00abSignifica que la cultura del esfuerzo vuelve a ser prioridad en nuestro gobierno\u00bb, sostuvo. Tal como lo anunci\u00f3 en su primer discurso ante las C\u00e1maras legislativas, el nuevo gobernador de Santa Fe, Maximiliano [&hellip;]","og_url":"https:\/\/cvinoticias.com\/v3\/santa-fe-el-gobernador-pullaro-elimino-por-decreto-la-no-repitencia-en-las-escuelas-secundarias\/","og_site_name":"CVI NOTICIAS","article_publisher":"https:\/\/www.facebook.com\/cvinoticias","article_published_time":"2023-12-12T11:21:49+00:00","og_image":[{"width":1080,"height":631,"url":"https:\/\/cvinoticias.com\/wp-content\/uploads\/2023\/12\/resize_1702376609.jpg","type":"image\/jpeg"}],"author":"f1000024","twitter_card":"summary_large_image","twitter_misc":{"Escrito por":"f1000024","Tiempo de lectura":"2 minutos"},"schema":{"@context":"https:\/\/schema.org","@graph":[{"@type":"Article","@id":"https:\/\/cvinoticias.com\/v3\/santa-fe-el-gobernador-pullaro-elimino-por-decreto-la-no-repitencia-en-las-escuelas-secundarias\/#article","isPartOf":{"@id":"https:\/\/cvinoticias.com\/v3\/santa-fe-el-gobernador-pullaro-elimino-por-decreto-la-no-repitencia-en-las-escuelas-secundarias\/"},"author":{"name":"f1000024","@id":"https:\/\/cvinoticias.com\/v3\/#\/schema\/person\/2db77e3c6bc03c538495d7b2b8be9b66"},"headline":"Santa Fe: El Gobernador Pullaro elimin\u00f3 por decreto la \u00abno repitencia\u00bb en las escuelas secundarias","datePublished":"2023-12-12T11:21:49+00:00","mainEntityOfPage":{"@id":"https:\/\/cvinoticias.com\/v3\/santa-fe-el-gobernador-pullaro-elimino-por-decreto-la-no-repitencia-en-las-escuelas-secundarias\/"},"wordCount":370,"commentCount":0,"publisher":{"@id":"https:\/\/cvinoticias.com\/v3\/#organization"},"image":{"@id":"https:\/\/cvinoticias.com\/v3\/santa-fe-el-gobernador-pullaro-elimino-por-decreto-la-no-repitencia-en-las-escuelas-secundarias\/#primaryimage"},"thumbnailUrl":"https:\/\/cvinoticias.com\/wp-content\/uploads\/2023\/12\/resize_1702376609.jpg","articleSection":["Nacionales"],"inLanguage":"es","potentialAction":[{"@type":"CommentAction","name":"Comment","target":["https:\/\/cvinoticias.com\/v3\/santa-fe-el-gobernador-pullaro-elimino-por-decreto-la-no-repitencia-en-las-escuelas-secundarias\/#respond"]}]},{"@type":"WebPage","@id":"https:\/\/cvinoticias.com\/v3\/santa-fe-el-gobernador-pullaro-elimino-por-decreto-la-no-repitencia-en-las-escuelas-secundarias\/","url":"https:\/\/cvinoticias.com\/v3\/santa-fe-el-gobernador-pullaro-elimino-por-decreto-la-no-repitencia-en-las-escuelas-secundarias\/","name":"Santa Fe: El Gobernador Pullaro elimin\u00f3 por decreto la \"no repitencia\" en las escuelas secundarias | CVI NOTICIAS","isPartOf":{"@id":"https:\/\/cvinoticias.com\/v3\/#website"},"primaryImageOfPage":{"@id":"https:\/\/cvinoticias.com\/v3\/santa-fe-el-gobernador-pullaro-elimino-por-decreto-la-no-repitencia-en-las-escuelas-secundarias\/#primaryimage"},"image":{"@id":"https:\/\/cvinoticias.com\/v3\/santa-fe-el-gobernador-pullaro-elimino-por-decreto-la-no-repitencia-en-las-escuelas-secundarias\/#primaryimage"},"thumbnailUrl":"https:\/\/cvinoticias.com\/wp-content\/uploads\/2023\/12\/resize_1702376609.jpg","datePublished":"2023-12-12T11:21:49+00:00","breadcrumb":{"@id":"https:\/\/cvinoticias.com\/v3\/santa-fe-el-gobernador-pullaro-elimino-por-decreto-la-no-repitencia-en-las-escuelas-secundarias\/#breadcrumb"},"inLanguage":"es","potentialAction":[{"@type":"ReadAction","target":["https:\/\/cvinoticias.com\/v3\/santa-fe-el-gobernador-pullaro-elimino-por-decreto-la-no-repitencia-en-las-escuelas-secundarias\/"]}]},{"@type":"ImageObject","inLanguage":"es","@id":"https:\/\/cvinoticias.com\/v3\/santa-fe-el-gobernador-pullaro-elimino-por-decreto-la-no-repitencia-en-las-escuelas-secundarias\/#primaryimage","url":"https:\/\/cvinoticias.com\/wp-content\/uploads\/2023\/12\/resize_1702376609.jpg","contentUrl":"https:\/\/cvinoticias.com\/wp-content\/uploads\/2023\/12\/resize_1702376609.jpg","width":1080,"height":631},{"@type":"BreadcrumbList","@id":"https:\/\/cvinoticias.com\/v3\/santa-fe-el-gobernador-pullaro-elimino-por-decreto-la-no-repitencia-en-las-escuelas-secundarias\/#breadcrumb","itemListElement":[{"@type":"ListItem","position":1,"name":"Portada","item":"https:\/\/cvinoticias.com\/v3\/"},{"@type":"ListItem","position":2,"name":"Santa Fe: El Gobernador Pullaro elimin\u00f3 por decreto la \u00abno repitencia\u00bb en las escuelas secundarias"}]},{"@type":"WebSite","@id":"https:\/\/cvinoticias.com\/v3\/#website","url":"https:\/\/cvinoticias.com\/v3\/","name":"CVI NOTICIAS","description":"","publisher":{"@id":"https:\/\/cvinoticias.com\/v3\/#organization"},"alternateName":"CVI","potentialAction":[{"@type":"SearchAction","target":{"@type":"EntryPoint","urlTemplate":"https:\/\/cvinoticias.com\/v3\/?s={search_term_string}"},"query-input":{"@type":"PropertyValueSpecification","valueRequired":true,"valueName":"search_term_string"}}],"inLanguage":"es"},{"@type":"Organization","@id":"https:\/\/cvinoticias.com\/v3\/#organization","name":"CVI NOTICIAS","url":"https:\/\/cvinoticias.com\/v3\/","logo":{"@type":"ImageObject","inLanguage":"es","@id":"https:\/\/cvinoticias.com\/v3\/#\/schema\/logo\/image\/","url":"https:\/\/cvinoticias.com\/wp-content\/uploads\/2023\/04\/cropped-cropped-cropped-cropped-cropped-3-1.png","contentUrl":"https:\/\/cvinoticias.com\/wp-content\/uploads\/2023\/04\/cropped-cropped-cropped-cropped-cropped-3-1.png","width":95,"height":122,"caption":"CVI NOTICIAS"},"image":{"@id":"https:\/\/cvinoticias.com\/v3\/#\/schema\/logo\/image\/"},"sameAs":["https:\/\/www.facebook.com\/cvinoticias","https:\/\/www.instagram.com\/cvinoticias\/","https:\/\/www.youtube.com\/@CVINOTICIAS"]},{"@type":"Person","@id":"https:\/\/cvinoticias.com\/v3\/#\/schema\/person\/2db77e3c6bc03c538495d7b2b8be9b66","name":"f1000024","image":{"@type":"ImageObject","inLanguage":"es","@id":"https:\/\/secure.gravatar.com\/avatar\/d4fe7459cfc51ff5129ce1a732bbef5928568b8092d412ef95611616376bbeed?s=96&d=mm&r=g","url":"https:\/\/secure.gravatar.com\/avatar\/d4fe7459cfc51ff5129ce1a732bbef5928568b8092d412ef95611616376bbeed?s=96&d=mm&r=g","contentUrl":"https:\/\/secure.gravatar.com\/avatar\/d4fe7459cfc51ff5129ce1a732bbef5928568b8092d412ef95611616376bbeed?s=96&d=mm&r=g","caption":"f1000024"},"url":"https:\/\/cvinoticias.com\/v3\/author\/f1000024\/"}]}},"_links":{"self":[{"href":"https:\/\/cvinoticias.com\/v3\/wp-json\/wp\/v2\/posts\/30825","targetHints":{"allow":["GET"]}}],"collection":[{"href":"https:\/\/cvinoticias.com\/v3\/wp-json\/wp\/v2\/posts"}],"about":[{"href":"https:\/\/cvinoticias.com\/v3\/wp-json\/wp\/v2\/types\/post"}],"author":[{"embeddable":true,"href":"https:\/\/cvinoticias.com\/v3\/wp-json\/wp\/v2\/users\/2"}],"replies":[{"embeddable":true,"href":"https:\/\/cvinoticias.com\/v3\/wp-json\/wp\/v2\/comments?post=30825"}],"version-history":[{"count":1,"href":"https:\/\/cvinoticias.com\/v3\/wp-json\/wp\/v2\/posts\/30825\/revisions"}],"predecessor-version":[{"id":30827,"href":"https:\/\/cvinoticias.com\/v3\/wp-json\/wp\/v2\/posts\/30825\/revisions\/30827"}],"wp:featuredmedia":[{"embeddable":true,"href":"https:\/\/cvinoticias.com\/v3\/wp-json\/wp\/v2\/media\/30826"}],"wp:attachment":[{"href":"https:\/\/cvinoticias.com\/v3\/wp-json\/wp\/v2\/media?parent=30825"}],"wp:term":[{"taxonomy":"category","embeddable":true,"href":"https:\/\/cvinoticias.com\/v3\/wp-json\/wp\/v2\/categories?post=30825"},{"taxonomy":"post_tag","embeddable":true,"href":"https:\/\/cvinoticias.com\/v3\/wp-json\/wp\/v2\/tags?post=30825"}],"curies":[{"name":"wp","href":"https:\/\/api.w.org\/{rel}","templated":true}]}}