{"id":3081,"date":"2021-03-02T09:46:23","date_gmt":"2021-03-02T09:46:23","guid":{"rendered":"https:\/\/cvinoticias.com\/v3\/?p=3081"},"modified":"2021-03-02T09:46:23","modified_gmt":"2021-03-02T09:46:23","slug":"puerto-iguazu-detuvieron-a-un-hombre-acusado-de-apunalar-a-un-joven-en-el-barrio-libertad","status":"publish","type":"post","link":"https:\/\/cvinoticias.com\/v3\/puerto-iguazu-detuvieron-a-un-hombre-acusado-de-apunalar-a-un-joven-en-el-barrio-libertad\/","title":{"rendered":"Puerto Iguaz\u00fa: Detuvieron a un hombre acusado de apu\u00f1alar a un joven en el barrio Libertad"},"content":{"rendered":"\n<p><strong><em>Se trata de \u00d3scar B. De 46 a\u00f1os quien el d\u00eda domingo, tras una gresca, apu\u00f1al\u00f3 a Josu\u00e9 G. de 24 a\u00f1os, quien se encuentra internado en el Nosocomio local. El agresor, fue detenido en la tarde del lunes en un operativo cerrojo.<\/em><\/strong><\/p>\n\n\n\n<p>El hecho se registr\u00f3 el domingo por la noche, en el Barrio Libertad, donde vecinos protagonizaron una gresca en el cual result\u00f3 lesionado un joven de 24 a\u00f1os por dos heridas punzocortantes<\/p>\n\n\n\n<p>Por ese motivo, el lesionado fue trasladado al Hospital local donde el m\u00e9dico policial determin\u00f3 que Josu\u00e9 G. presentaba lesiones cortantes de car\u00e1cter graves y tuvi que ser intervenido quir\u00fargicamente.<\/p>\n\n\n\n<p>Por otra parte, a ra\u00edz de averiguaciones, se logr\u00f3 determinar la identidad del agresor que despu\u00e9s del episodio se dio a la fuga.<\/p>\n\n\n\n<p>En la tarde del lunes, \u00d3scar B. fue localizado y detenido, para luego ser alojado en sede policial a disposici\u00f3n del Juzgado de Instrucci\u00f3n N\u00ba3 de Puerto Iguaz\u00fa.<\/p>\n","protected":false},"excerpt":{"rendered":"<p>Se trata de \u00d3scar B. De 46 a\u00f1os quien el d\u00eda domingo, tras una gresca, apu\u00f1al\u00f3 a Josu\u00e9 G. de 24 a\u00f1os, quien se encuentra internado en el Nosocomio local. El agresor, fue detenido en la tarde del lunes en un operativo cerrojo. El hecho se registr\u00f3 el domingo por la noche, en el Barrio [&hellip;]<\/p>\n","protected":false},"author":2,"featured_media":3082,"comment_status":"open","ping_status":"open","sticky":false,"template":"","format":"standard","meta":{"footnotes":""},"categories":[41],"tags":[],"class_list":["post-3081","post","type-post","status-publish","format-standard","has-post-thumbnail","hentry","category-policiales"],"yoast_head":"<!-- This site is optimized with the Yoast SEO plugin v27.5 - https:\/\/yoast.com\/product\/yoast-seo-wordpress\/ -->\n<title>Puerto Iguaz\u00fa: Detuvieron a un hombre acusado de apu\u00f1alar a un joven en el barrio Libertad | CVI NOTICIAS<\/title>\n<meta name=\"robots\" content=\"index, follow, max-snippet:-1, max-image-preview:large, max-video-preview:-1\" \/>\n<link rel=\"canonical\" href=\"https:\/\/cvinoticias.com\/v3\/puerto-iguazu-detuvieron-a-un-hombre-acusado-de-apunalar-a-un-joven-en-el-barrio-libertad\/\" \/>\n<meta property=\"og:locale\" content=\"es_ES\" \/>\n<meta property=\"og:type\" content=\"article\" \/>\n<meta property=\"og:title\" content=\"Puerto Iguaz\u00fa: Detuvieron a un hombre acusado de apu\u00f1alar a un joven en el barrio Libertad | CVI NOTICIAS\" \/>\n<meta property=\"og:description\" content=\"Se trata de \u00d3scar B. De 46 a\u00f1os quien el d\u00eda domingo, tras una gresca, apu\u00f1al\u00f3 a Josu\u00e9 G. de 24 a\u00f1os, quien se encuentra internado en el Nosocomio local. El agresor, fue detenido en la tarde del lunes en un operativo cerrojo. El hecho se registr\u00f3 el domingo por la noche, en el Barrio [&hellip;]\" \/>\n<meta property=\"og:url\" content=\"https:\/\/cvinoticias.com\/v3\/puerto-iguazu-detuvieron-a-un-hombre-acusado-de-apunalar-a-un-joven-en-el-barrio-libertad\/\" \/>\n<meta property=\"og:site_name\" content=\"CVI NOTICIAS\" \/>\n<meta property=\"article:publisher\" content=\"https:\/\/www.facebook.com\/cvinoticias\" \/>\n<meta property=\"article:published_time\" content=\"2021-03-02T09:46:23+00:00\" \/>\n<meta property=\"og:image\" content=\"https:\/\/cvinoticias.com\/wp-content\/uploads\/2021\/03\/FB_IMG_1614657496418.jpg\" \/>\n\t<meta property=\"og:image:width\" content=\"960\" \/>\n\t<meta property=\"og:image:height\" content=\"1007\" \/>\n\t<meta property=\"og:image:type\" content=\"image\/jpeg\" \/>\n<meta name=\"author\" content=\"f1000024\" \/>\n<meta name=\"twitter:card\" content=\"summary_large_image\" \/>\n<meta name=\"twitter:label1\" content=\"Escrito por\" \/>\n\t<meta name=\"twitter:data1\" content=\"f1000024\" \/>\n\t<meta name=\"twitter:label2\" content=\"Tiempo de lectura\" \/>\n\t<meta name=\"twitter:data2\" content=\"1 minuto\" \/>\n<script type=\"application\/ld+json\" class=\"yoast-schema-graph\">{\"@context\":\"https:\\\/\\\/schema.org\",\"@graph\":[{\"@type\":\"Article\",\"@id\":\"https:\\\/\\\/cvinoticias.com\\\/v3\\\/puerto-iguazu-detuvieron-a-un-hombre-acusado-de-apunalar-a-un-joven-en-el-barrio-libertad\\\/#article\",\"isPartOf\":{\"@id\":\"https:\\\/\\\/cvinoticias.com\\\/v3\\\/puerto-iguazu-detuvieron-a-un-hombre-acusado-de-apunalar-a-un-joven-en-el-barrio-libertad\\\/\"},\"author\":{\"name\":\"f1000024\",\"@id\":\"https:\\\/\\\/cvinoticias.com\\\/v3\\\/#\\\/schema\\\/person\\\/2db77e3c6bc03c538495d7b2b8be9b66\"},\"headline\":\"Puerto Iguaz\u00fa: Detuvieron a un hombre acusado de apu\u00f1alar a un joven en el barrio Libertad\",\"datePublished\":\"2021-03-02T09:46:23+00:00\",\"mainEntityOfPage\":{\"@id\":\"https:\\\/\\\/cvinoticias.com\\\/v3\\\/puerto-iguazu-detuvieron-a-un-hombre-acusado-de-apunalar-a-un-joven-en-el-barrio-libertad\\\/\"},\"wordCount\":182,\"commentCount\":0,\"publisher\":{\"@id\":\"https:\\\/\\\/cvinoticias.com\\\/v3\\\/#organization\"},\"image\":{\"@id\":\"https:\\\/\\\/cvinoticias.com\\\/v3\\\/puerto-iguazu-detuvieron-a-un-hombre-acusado-de-apunalar-a-un-joven-en-el-barrio-libertad\\\/#primaryimage\"},\"thumbnailUrl\":\"https:\\\/\\\/cvinoticias.com\\\/wp-content\\\/uploads\\\/2021\\\/03\\\/FB_IMG_1614657496418.jpg\",\"articleSection\":[\"Policiales\"],\"inLanguage\":\"es\",\"potentialAction\":[{\"@type\":\"CommentAction\",\"name\":\"Comment\",\"target\":[\"https:\\\/\\\/cvinoticias.com\\\/v3\\\/puerto-iguazu-detuvieron-a-un-hombre-acusado-de-apunalar-a-un-joven-en-el-barrio-libertad\\\/#respond\"]}]},{\"@type\":\"WebPage\",\"@id\":\"https:\\\/\\\/cvinoticias.com\\\/v3\\\/puerto-iguazu-detuvieron-a-un-hombre-acusado-de-apunalar-a-un-joven-en-el-barrio-libertad\\\/\",\"url\":\"https:\\\/\\\/cvinoticias.com\\\/v3\\\/puerto-iguazu-detuvieron-a-un-hombre-acusado-de-apunalar-a-un-joven-en-el-barrio-libertad\\\/\",\"name\":\"Puerto Iguaz\u00fa: Detuvieron a un hombre acusado de apu\u00f1alar a un joven en el barrio Libertad | CVI NOTICIAS\",\"isPartOf\":{\"@id\":\"https:\\\/\\\/cvinoticias.com\\\/v3\\\/#website\"},\"primaryImageOfPage\":{\"@id\":\"https:\\\/\\\/cvinoticias.com\\\/v3\\\/puerto-iguazu-detuvieron-a-un-hombre-acusado-de-apunalar-a-un-joven-en-el-barrio-libertad\\\/#primaryimage\"},\"image\":{\"@id\":\"https:\\\/\\\/cvinoticias.com\\\/v3\\\/puerto-iguazu-detuvieron-a-un-hombre-acusado-de-apunalar-a-un-joven-en-el-barrio-libertad\\\/#primaryimage\"},\"thumbnailUrl\":\"https:\\\/\\\/cvinoticias.com\\\/wp-content\\\/uploads\\\/2021\\\/03\\\/FB_IMG_1614657496418.jpg\",\"datePublished\":\"2021-03-02T09:46:23+00:00\",\"breadcrumb\":{\"@id\":\"https:\\\/\\\/cvinoticias.com\\\/v3\\\/puerto-iguazu-detuvieron-a-un-hombre-acusado-de-apunalar-a-un-joven-en-el-barrio-libertad\\\/#breadcrumb\"},\"inLanguage\":\"es\",\"potentialAction\":[{\"@type\":\"ReadAction\",\"target\":[\"https:\\\/\\\/cvinoticias.com\\\/v3\\\/puerto-iguazu-detuvieron-a-un-hombre-acusado-de-apunalar-a-un-joven-en-el-barrio-libertad\\\/\"]}]},{\"@type\":\"ImageObject\",\"inLanguage\":\"es\",\"@id\":\"https:\\\/\\\/cvinoticias.com\\\/v3\\\/puerto-iguazu-detuvieron-a-un-hombre-acusado-de-apunalar-a-un-joven-en-el-barrio-libertad\\\/#primaryimage\",\"url\":\"https:\\\/\\\/cvinoticias.com\\\/wp-content\\\/uploads\\\/2021\\\/03\\\/FB_IMG_1614657496418.jpg\",\"contentUrl\":\"https:\\\/\\\/cvinoticias.com\\\/wp-content\\\/uploads\\\/2021\\\/03\\\/FB_IMG_1614657496418.jpg\",\"width\":960,\"height\":1007},{\"@type\":\"BreadcrumbList\",\"@id\":\"https:\\\/\\\/cvinoticias.com\\\/v3\\\/puerto-iguazu-detuvieron-a-un-hombre-acusado-de-apunalar-a-un-joven-en-el-barrio-libertad\\\/#breadcrumb\",\"itemListElement\":[{\"@type\":\"ListItem\",\"position\":1,\"name\":\"Portada\",\"item\":\"https:\\\/\\\/cvinoticias.com\\\/v3\\\/\"},{\"@type\":\"ListItem\",\"position\":2,\"name\":\"Puerto Iguaz\u00fa: Detuvieron a un hombre acusado de apu\u00f1alar a un joven en el barrio Libertad\"}]},{\"@type\":\"WebSite\",\"@id\":\"https:\\\/\\\/cvinoticias.com\\\/v3\\\/#website\",\"url\":\"https:\\\/\\\/cvinoticias.com\\\/v3\\\/\",\"name\":\"CVI NOTICIAS\",\"description\":\"\",\"publisher\":{\"@id\":\"https:\\\/\\\/cvinoticias.com\\\/v3\\\/#organization\"},\"alternateName\":\"CVI\",\"potentialAction\":[{\"@type\":\"SearchAction\",\"target\":{\"@type\":\"EntryPoint\",\"urlTemplate\":\"https:\\\/\\\/cvinoticias.com\\\/v3\\\/?s={search_term_string}\"},\"query-input\":{\"@type\":\"PropertyValueSpecification\",\"valueRequired\":true,\"valueName\":\"search_term_string\"}}],\"inLanguage\":\"es\"},{\"@type\":\"Organization\",\"@id\":\"https:\\\/\\\/cvinoticias.com\\\/v3\\\/#organization\",\"name\":\"CVI NOTICIAS\",\"url\":\"https:\\\/\\\/cvinoticias.com\\\/v3\\\/\",\"logo\":{\"@type\":\"ImageObject\",\"inLanguage\":\"es\",\"@id\":\"https:\\\/\\\/cvinoticias.com\\\/v3\\\/#\\\/schema\\\/logo\\\/image\\\/\",\"url\":\"https:\\\/\\\/cvinoticias.com\\\/wp-content\\\/uploads\\\/2023\\\/04\\\/cropped-cropped-cropped-cropped-cropped-3-1.png\",\"contentUrl\":\"https:\\\/\\\/cvinoticias.com\\\/wp-content\\\/uploads\\\/2023\\\/04\\\/cropped-cropped-cropped-cropped-cropped-3-1.png\",\"width\":95,\"height\":122,\"caption\":\"CVI NOTICIAS\"},\"image\":{\"@id\":\"https:\\\/\\\/cvinoticias.com\\\/v3\\\/#\\\/schema\\\/logo\\\/image\\\/\"},\"sameAs\":[\"https:\\\/\\\/www.facebook.com\\\/cvinoticias\",\"https:\\\/\\\/www.instagram.com\\\/cvinoticias\\\/\",\"https:\\\/\\\/www.youtube.com\\\/@CVINOTICIAS\"]},{\"@type\":\"Person\",\"@id\":\"https:\\\/\\\/cvinoticias.com\\\/v3\\\/#\\\/schema\\\/person\\\/2db77e3c6bc03c538495d7b2b8be9b66\",\"name\":\"f1000024\",\"image\":{\"@type\":\"ImageObject\",\"inLanguage\":\"es\",\"@id\":\"https:\\\/\\\/secure.gravatar.com\\\/avatar\\\/d4fe7459cfc51ff5129ce1a732bbef5928568b8092d412ef95611616376bbeed?s=96&d=mm&r=g\",\"url\":\"https:\\\/\\\/secure.gravatar.com\\\/avatar\\\/d4fe7459cfc51ff5129ce1a732bbef5928568b8092d412ef95611616376bbeed?s=96&d=mm&r=g\",\"contentUrl\":\"https:\\\/\\\/secure.gravatar.com\\\/avatar\\\/d4fe7459cfc51ff5129ce1a732bbef5928568b8092d412ef95611616376bbeed?s=96&d=mm&r=g\",\"caption\":\"f1000024\"},\"url\":\"https:\\\/\\\/cvinoticias.com\\\/v3\\\/author\\\/f1000024\\\/\"}]}<\/script>\n<!-- \/ Yoast SEO plugin. -->","yoast_head_json":{"title":"Puerto Iguaz\u00fa: Detuvieron a un hombre acusado de apu\u00f1alar a un joven en el barrio Libertad | CVI NOTICIAS","robots":{"index":"index","follow":"follow","max-snippet":"max-snippet:-1","max-image-preview":"max-image-preview:large","max-video-preview":"max-video-preview:-1"},"canonical":"https:\/\/cvinoticias.com\/v3\/puerto-iguazu-detuvieron-a-un-hombre-acusado-de-apunalar-a-un-joven-en-el-barrio-libertad\/","og_locale":"es_ES","og_type":"article","og_title":"Puerto Iguaz\u00fa: Detuvieron a un hombre acusado de apu\u00f1alar a un joven en el barrio Libertad | CVI NOTICIAS","og_description":"Se trata de \u00d3scar B. De 46 a\u00f1os quien el d\u00eda domingo, tras una gresca, apu\u00f1al\u00f3 a Josu\u00e9 G. de 24 a\u00f1os, quien se encuentra internado en el Nosocomio local. El agresor, fue detenido en la tarde del lunes en un operativo cerrojo. El hecho se registr\u00f3 el domingo por la noche, en el Barrio [&hellip;]","og_url":"https:\/\/cvinoticias.com\/v3\/puerto-iguazu-detuvieron-a-un-hombre-acusado-de-apunalar-a-un-joven-en-el-barrio-libertad\/","og_site_name":"CVI NOTICIAS","article_publisher":"https:\/\/www.facebook.com\/cvinoticias","article_published_time":"2021-03-02T09:46:23+00:00","og_image":[{"width":960,"height":1007,"url":"https:\/\/cvinoticias.com\/wp-content\/uploads\/2021\/03\/FB_IMG_1614657496418.jpg","type":"image\/jpeg"}],"author":"f1000024","twitter_card":"summary_large_image","twitter_misc":{"Escrito por":"f1000024","Tiempo de lectura":"1 minuto"},"schema":{"@context":"https:\/\/schema.org","@graph":[{"@type":"Article","@id":"https:\/\/cvinoticias.com\/v3\/puerto-iguazu-detuvieron-a-un-hombre-acusado-de-apunalar-a-un-joven-en-el-barrio-libertad\/#article","isPartOf":{"@id":"https:\/\/cvinoticias.com\/v3\/puerto-iguazu-detuvieron-a-un-hombre-acusado-de-apunalar-a-un-joven-en-el-barrio-libertad\/"},"author":{"name":"f1000024","@id":"https:\/\/cvinoticias.com\/v3\/#\/schema\/person\/2db77e3c6bc03c538495d7b2b8be9b66"},"headline":"Puerto Iguaz\u00fa: Detuvieron a un hombre acusado de apu\u00f1alar a un joven en el barrio Libertad","datePublished":"2021-03-02T09:46:23+00:00","mainEntityOfPage":{"@id":"https:\/\/cvinoticias.com\/v3\/puerto-iguazu-detuvieron-a-un-hombre-acusado-de-apunalar-a-un-joven-en-el-barrio-libertad\/"},"wordCount":182,"commentCount":0,"publisher":{"@id":"https:\/\/cvinoticias.com\/v3\/#organization"},"image":{"@id":"https:\/\/cvinoticias.com\/v3\/puerto-iguazu-detuvieron-a-un-hombre-acusado-de-apunalar-a-un-joven-en-el-barrio-libertad\/#primaryimage"},"thumbnailUrl":"https:\/\/cvinoticias.com\/wp-content\/uploads\/2021\/03\/FB_IMG_1614657496418.jpg","articleSection":["Policiales"],"inLanguage":"es","potentialAction":[{"@type":"CommentAction","name":"Comment","target":["https:\/\/cvinoticias.com\/v3\/puerto-iguazu-detuvieron-a-un-hombre-acusado-de-apunalar-a-un-joven-en-el-barrio-libertad\/#respond"]}]},{"@type":"WebPage","@id":"https:\/\/cvinoticias.com\/v3\/puerto-iguazu-detuvieron-a-un-hombre-acusado-de-apunalar-a-un-joven-en-el-barrio-libertad\/","url":"https:\/\/cvinoticias.com\/v3\/puerto-iguazu-detuvieron-a-un-hombre-acusado-de-apunalar-a-un-joven-en-el-barrio-libertad\/","name":"Puerto Iguaz\u00fa: Detuvieron a un hombre acusado de apu\u00f1alar a un joven en el barrio Libertad | CVI NOTICIAS","isPartOf":{"@id":"https:\/\/cvinoticias.com\/v3\/#website"},"primaryImageOfPage":{"@id":"https:\/\/cvinoticias.com\/v3\/puerto-iguazu-detuvieron-a-un-hombre-acusado-de-apunalar-a-un-joven-en-el-barrio-libertad\/#primaryimage"},"image":{"@id":"https:\/\/cvinoticias.com\/v3\/puerto-iguazu-detuvieron-a-un-hombre-acusado-de-apunalar-a-un-joven-en-el-barrio-libertad\/#primaryimage"},"thumbnailUrl":"https:\/\/cvinoticias.com\/wp-content\/uploads\/2021\/03\/FB_IMG_1614657496418.jpg","datePublished":"2021-03-02T09:46:23+00:00","breadcrumb":{"@id":"https:\/\/cvinoticias.com\/v3\/puerto-iguazu-detuvieron-a-un-hombre-acusado-de-apunalar-a-un-joven-en-el-barrio-libertad\/#breadcrumb"},"inLanguage":"es","potentialAction":[{"@type":"ReadAction","target":["https:\/\/cvinoticias.com\/v3\/puerto-iguazu-detuvieron-a-un-hombre-acusado-de-apunalar-a-un-joven-en-el-barrio-libertad\/"]}]},{"@type":"ImageObject","inLanguage":"es","@id":"https:\/\/cvinoticias.com\/v3\/puerto-iguazu-detuvieron-a-un-hombre-acusado-de-apunalar-a-un-joven-en-el-barrio-libertad\/#primaryimage","url":"https:\/\/cvinoticias.com\/wp-content\/uploads\/2021\/03\/FB_IMG_1614657496418.jpg","contentUrl":"https:\/\/cvinoticias.com\/wp-content\/uploads\/2021\/03\/FB_IMG_1614657496418.jpg","width":960,"height":1007},{"@type":"BreadcrumbList","@id":"https:\/\/cvinoticias.com\/v3\/puerto-iguazu-detuvieron-a-un-hombre-acusado-de-apunalar-a-un-joven-en-el-barrio-libertad\/#breadcrumb","itemListElement":[{"@type":"ListItem","position":1,"name":"Portada","item":"https:\/\/cvinoticias.com\/v3\/"},{"@type":"ListItem","position":2,"name":"Puerto Iguaz\u00fa: Detuvieron a un hombre acusado de apu\u00f1alar a un joven en el barrio Libertad"}]},{"@type":"WebSite","@id":"https:\/\/cvinoticias.com\/v3\/#website","url":"https:\/\/cvinoticias.com\/v3\/","name":"CVI NOTICIAS","description":"","publisher":{"@id":"https:\/\/cvinoticias.com\/v3\/#organization"},"alternateName":"CVI","potentialAction":[{"@type":"SearchAction","target":{"@type":"EntryPoint","urlTemplate":"https:\/\/cvinoticias.com\/v3\/?s={search_term_string}"},"query-input":{"@type":"PropertyValueSpecification","valueRequired":true,"valueName":"search_term_string"}}],"inLanguage":"es"},{"@type":"Organization","@id":"https:\/\/cvinoticias.com\/v3\/#organization","name":"CVI NOTICIAS","url":"https:\/\/cvinoticias.com\/v3\/","logo":{"@type":"ImageObject","inLanguage":"es","@id":"https:\/\/cvinoticias.com\/v3\/#\/schema\/logo\/image\/","url":"https:\/\/cvinoticias.com\/wp-content\/uploads\/2023\/04\/cropped-cropped-cropped-cropped-cropped-3-1.png","contentUrl":"https:\/\/cvinoticias.com\/wp-content\/uploads\/2023\/04\/cropped-cropped-cropped-cropped-cropped-3-1.png","width":95,"height":122,"caption":"CVI NOTICIAS"},"image":{"@id":"https:\/\/cvinoticias.com\/v3\/#\/schema\/logo\/image\/"},"sameAs":["https:\/\/www.facebook.com\/cvinoticias","https:\/\/www.instagram.com\/cvinoticias\/","https:\/\/www.youtube.com\/@CVINOTICIAS"]},{"@type":"Person","@id":"https:\/\/cvinoticias.com\/v3\/#\/schema\/person\/2db77e3c6bc03c538495d7b2b8be9b66","name":"f1000024","image":{"@type":"ImageObject","inLanguage":"es","@id":"https:\/\/secure.gravatar.com\/avatar\/d4fe7459cfc51ff5129ce1a732bbef5928568b8092d412ef95611616376bbeed?s=96&d=mm&r=g","url":"https:\/\/secure.gravatar.com\/avatar\/d4fe7459cfc51ff5129ce1a732bbef5928568b8092d412ef95611616376bbeed?s=96&d=mm&r=g","contentUrl":"https:\/\/secure.gravatar.com\/avatar\/d4fe7459cfc51ff5129ce1a732bbef5928568b8092d412ef95611616376bbeed?s=96&d=mm&r=g","caption":"f1000024"},"url":"https:\/\/cvinoticias.com\/v3\/author\/f1000024\/"}]}},"_links":{"self":[{"href":"https:\/\/cvinoticias.com\/v3\/wp-json\/wp\/v2\/posts\/3081","targetHints":{"allow":["GET"]}}],"collection":[{"href":"https:\/\/cvinoticias.com\/v3\/wp-json\/wp\/v2\/posts"}],"about":[{"href":"https:\/\/cvinoticias.com\/v3\/wp-json\/wp\/v2\/types\/post"}],"author":[{"embeddable":true,"href":"https:\/\/cvinoticias.com\/v3\/wp-json\/wp\/v2\/users\/2"}],"replies":[{"embeddable":true,"href":"https:\/\/cvinoticias.com\/v3\/wp-json\/wp\/v2\/comments?post=3081"}],"version-history":[{"count":1,"href":"https:\/\/cvinoticias.com\/v3\/wp-json\/wp\/v2\/posts\/3081\/revisions"}],"predecessor-version":[{"id":3083,"href":"https:\/\/cvinoticias.com\/v3\/wp-json\/wp\/v2\/posts\/3081\/revisions\/3083"}],"wp:featuredmedia":[{"embeddable":true,"href":"https:\/\/cvinoticias.com\/v3\/wp-json\/wp\/v2\/media\/3082"}],"wp:attachment":[{"href":"https:\/\/cvinoticias.com\/v3\/wp-json\/wp\/v2\/media?parent=3081"}],"wp:term":[{"taxonomy":"category","embeddable":true,"href":"https:\/\/cvinoticias.com\/v3\/wp-json\/wp\/v2\/categories?post=3081"},{"taxonomy":"post_tag","embeddable":true,"href":"https:\/\/cvinoticias.com\/v3\/wp-json\/wp\/v2\/tags?post=3081"}],"curies":[{"name":"wp","href":"https:\/\/api.w.org\/{rel}","templated":true}]}}