{"id":30805,"date":"2023-12-11T19:02:17","date_gmt":"2023-12-11T22:02:17","guid":{"rendered":"https:\/\/cvinoticias.com\/v3\/?p=30805"},"modified":"2023-12-11T19:02:17","modified_gmt":"2023-12-11T22:02:17","slug":"gran-participacion-de-las-categorias-infantiles-del-club-centro-empleados-de-comercio-en-puerto-piray","status":"publish","type":"post","link":"https:\/\/cvinoticias.com\/v3\/gran-participacion-de-las-categorias-infantiles-del-club-centro-empleados-de-comercio-en-puerto-piray\/","title":{"rendered":"Gran participaci\u00f3n de las categorias infantiles del Club Centro Empleados de Comercio en Puerto Piray"},"content":{"rendered":"\n<p><strong><em>El torneo transcurri\u00f3 en el municipio de Puerto Piray, desde el 8 al 10 de diciembre donde las categor\u00edas 2010 y 2012 tuvieron una maravillosa actuaci\u00f3n, trayendo la copa para Puerto Iguaz\u00fa.<\/em><\/strong><\/p>\n\n\n\n<p>Asimismo, luego de esta destacada actuaci\u00f3n el t\u00e9cnico Fernando Silvero ratific\u00f3: \u00abVenimos trabajando muy bien con las inferiores, lo importante es que pudimos comprobar que nuestro f\u00fatbol se encuentra en buen nivel\u00bb.<\/p>\n\n\n\n<figure class=\"wp-block-image size-large\"><a href=\"https:\/\/cvinoticias.com\/wp-content\/uploads\/2023\/12\/IMG-20231211-WA0228.jpg\"><img decoding=\"async\" width=\"1024\" height=\"768\" data-src=\"https:\/\/cvinoticias.com\/wp-content\/uploads\/2023\/12\/IMG-20231211-WA0228-1024x768.jpg\" alt=\"\" class=\"wp-image-30807 lazyload\" data-srcset=\"https:\/\/cvinoticias.com\/wp-content\/uploads\/2023\/12\/IMG-20231211-WA0228-1024x768.jpg 1024w, https:\/\/cvinoticias.com\/wp-content\/uploads\/2023\/12\/IMG-20231211-WA0228-300x225.jpg 300w, https:\/\/cvinoticias.com\/wp-content\/uploads\/2023\/12\/IMG-20231211-WA0228-768x576.jpg 768w, https:\/\/cvinoticias.com\/wp-content\/uploads\/2023\/12\/IMG-20231211-WA0228-1536x1152.jpg 1536w, https:\/\/cvinoticias.com\/wp-content\/uploads\/2023\/12\/IMG-20231211-WA0228.jpg 1600w\" data-sizes=\"(max-width: 1024px) 100vw, 1024px\" src=\"data:image\/svg+xml;base64,PHN2ZyB3aWR0aD0iMSIgaGVpZ2h0PSIxIiB4bWxucz0iaHR0cDovL3d3dy53My5vcmcvMjAwMC9zdmciPjwvc3ZnPg==\" style=\"--smush-placeholder-width: 1024px; --smush-placeholder-aspect-ratio: 1024\/768;\" \/><\/a><\/figure>\n\n\n\n<p>De esta manera, el t\u00e9cnico explic\u00f3 que no s\u00f3lo hab\u00eda equipos de Puerto Piray, sino que tambi\u00e9n participaron equipos del resto de la provincia. Cabe mencionar, que el Club Centro de Empleados de Comercio cuenta con m\u00e1s de 250 jugadores que conforman las inferiores en diferentes categor\u00edas.<\/p>\n\n\n\n<figure class=\"wp-block-video\"><video height=\"480\" style=\"aspect-ratio: 848 \/ 480;\" width=\"848\" controls src=\"https:\/\/cvinoticias.com\/wp-content\/uploads\/2023\/12\/VID-20231211-WA0229.mp4\"><\/video><\/figure>\n\n\n\n<p>De este modo, durante este a\u00f1o participaron en torneos internacionales como el mundialito de f\u00fatbol infantil 2023 realizado en Puerto Iguaz\u00fa. Para finalizar el t\u00e9cnico a\u00f1adi\u00f3 que para el viernes 15 a las 20 hs se realizar\u00e1 un evento para los 250 jugadores y socios presentes, donde habr\u00e1 reconocimientos y sorpresas para los integrantes del club: \u00abSer\u00e1 una linda forma de terminar el a\u00f1o, compartiendo con todos los chicos\u00bb, concluy\u00f3.<\/p>\n\n\n\n<figure class=\"wp-block-image size-large\"><a href=\"https:\/\/cvinoticias.com\/wp-content\/uploads\/2023\/12\/IMG-20231211-WA0235.jpg\"><img decoding=\"async\" width=\"768\" height=\"1024\" data-src=\"https:\/\/cvinoticias.com\/wp-content\/uploads\/2023\/12\/IMG-20231211-WA0235-768x1024.jpg\" alt=\"\" class=\"wp-image-30808 lazyload\" data-srcset=\"https:\/\/cvinoticias.com\/wp-content\/uploads\/2023\/12\/IMG-20231211-WA0235-768x1024.jpg 768w, https:\/\/cvinoticias.com\/wp-content\/uploads\/2023\/12\/IMG-20231211-WA0235-225x300.jpg 225w, https:\/\/cvinoticias.com\/wp-content\/uploads\/2023\/12\/IMG-20231211-WA0235-1152x1536.jpg 1152w, https:\/\/cvinoticias.com\/wp-content\/uploads\/2023\/12\/IMG-20231211-WA0235.jpg 1200w\" data-sizes=\"(max-width: 768px) 100vw, 768px\" src=\"data:image\/svg+xml;base64,PHN2ZyB3aWR0aD0iMSIgaGVpZ2h0PSIxIiB4bWxucz0iaHR0cDovL3d3dy53My5vcmcvMjAwMC9zdmciPjwvc3ZnPg==\" style=\"--smush-placeholder-width: 768px; --smush-placeholder-aspect-ratio: 768\/1024;\" \/><\/a><\/figure>\n","protected":false},"excerpt":{"rendered":"<p>El torneo transcurri\u00f3 en el municipio de Puerto Piray, desde el 8 al 10 de diciembre donde las categor\u00edas 2010 y 2012 tuvieron una maravillosa actuaci\u00f3n, trayendo la copa para Puerto Iguaz\u00fa. Asimismo, luego de esta destacada actuaci\u00f3n el t\u00e9cnico Fernando Silvero ratific\u00f3: \u00abVenimos trabajando muy bien con las inferiores, lo importante es que pudimos [&hellip;]<\/p>\n","protected":false},"author":2,"featured_media":30809,"comment_status":"open","ping_status":"open","sticky":false,"template":"","format":"standard","meta":{"footnotes":""},"categories":[24],"tags":[],"class_list":["post-30805","post","type-post","status-publish","format-standard","has-post-thumbnail","hentry","category-deportes"],"yoast_head":"<!-- This site is optimized with the Yoast SEO plugin v27.5 - https:\/\/yoast.com\/product\/yoast-seo-wordpress\/ -->\n<title>Gran participaci\u00f3n de las categorias infantiles del Club Centro Empleados de Comercio en Puerto Piray | CVI NOTICIAS<\/title>\n<meta name=\"robots\" content=\"index, follow, max-snippet:-1, max-image-preview:large, max-video-preview:-1\" \/>\n<link rel=\"canonical\" href=\"https:\/\/cvinoticias.com\/v3\/gran-participacion-de-las-categorias-infantiles-del-club-centro-empleados-de-comercio-en-puerto-piray\/\" \/>\n<meta property=\"og:locale\" content=\"es_ES\" \/>\n<meta property=\"og:type\" content=\"article\" \/>\n<meta property=\"og:title\" content=\"Gran participaci\u00f3n de las categorias infantiles del Club Centro Empleados de Comercio en Puerto Piray | CVI NOTICIAS\" \/>\n<meta property=\"og:description\" content=\"El torneo transcurri\u00f3 en el municipio de Puerto Piray, desde el 8 al 10 de diciembre donde las categor\u00edas 2010 y 2012 tuvieron una maravillosa actuaci\u00f3n, trayendo la copa para Puerto Iguaz\u00fa. Asimismo, luego de esta destacada actuaci\u00f3n el t\u00e9cnico Fernando Silvero ratific\u00f3: \u00abVenimos trabajando muy bien con las inferiores, lo importante es que pudimos [&hellip;]\" \/>\n<meta property=\"og:url\" content=\"https:\/\/cvinoticias.com\/v3\/gran-participacion-de-las-categorias-infantiles-del-club-centro-empleados-de-comercio-en-puerto-piray\/\" \/>\n<meta property=\"og:site_name\" content=\"CVI NOTICIAS\" \/>\n<meta property=\"article:publisher\" content=\"https:\/\/www.facebook.com\/cvinoticias\" \/>\n<meta property=\"article:published_time\" content=\"2023-12-11T22:02:17+00:00\" \/>\n<meta property=\"og:image\" content=\"https:\/\/cvinoticias.com\/wp-content\/uploads\/2023\/12\/IMG-20231211-WA0234.jpg\" \/>\n\t<meta property=\"og:image:width\" content=\"1600\" \/>\n\t<meta property=\"og:image:height\" content=\"1200\" \/>\n\t<meta property=\"og:image:type\" content=\"image\/jpeg\" \/>\n<meta name=\"author\" content=\"f1000024\" \/>\n<meta name=\"twitter:card\" content=\"summary_large_image\" \/>\n<meta name=\"twitter:label1\" content=\"Escrito por\" \/>\n\t<meta name=\"twitter:data1\" content=\"f1000024\" \/>\n\t<meta name=\"twitter:label2\" content=\"Tiempo de lectura\" \/>\n\t<meta name=\"twitter:data2\" content=\"1 minuto\" \/>\n<script type=\"application\/ld+json\" class=\"yoast-schema-graph\">{\"@context\":\"https:\\\/\\\/schema.org\",\"@graph\":[{\"@type\":\"Article\",\"@id\":\"https:\\\/\\\/cvinoticias.com\\\/v3\\\/gran-participacion-de-las-categorias-infantiles-del-club-centro-empleados-de-comercio-en-puerto-piray\\\/#article\",\"isPartOf\":{\"@id\":\"https:\\\/\\\/cvinoticias.com\\\/v3\\\/gran-participacion-de-las-categorias-infantiles-del-club-centro-empleados-de-comercio-en-puerto-piray\\\/\"},\"author\":{\"name\":\"f1000024\",\"@id\":\"https:\\\/\\\/cvinoticias.com\\\/v3\\\/#\\\/schema\\\/person\\\/2db77e3c6bc03c538495d7b2b8be9b66\"},\"headline\":\"Gran participaci\u00f3n de las categorias infantiles del Club Centro Empleados de Comercio en Puerto Piray\",\"datePublished\":\"2023-12-11T22:02:17+00:00\",\"mainEntityOfPage\":{\"@id\":\"https:\\\/\\\/cvinoticias.com\\\/v3\\\/gran-participacion-de-las-categorias-infantiles-del-club-centro-empleados-de-comercio-en-puerto-piray\\\/\"},\"wordCount\":204,\"commentCount\":0,\"publisher\":{\"@id\":\"https:\\\/\\\/cvinoticias.com\\\/v3\\\/#organization\"},\"image\":{\"@id\":\"https:\\\/\\\/cvinoticias.com\\\/v3\\\/gran-participacion-de-las-categorias-infantiles-del-club-centro-empleados-de-comercio-en-puerto-piray\\\/#primaryimage\"},\"thumbnailUrl\":\"https:\\\/\\\/cvinoticias.com\\\/wp-content\\\/uploads\\\/2023\\\/12\\\/IMG-20231211-WA0234.jpg\",\"articleSection\":[\"Deportes\"],\"inLanguage\":\"es\",\"potentialAction\":[{\"@type\":\"CommentAction\",\"name\":\"Comment\",\"target\":[\"https:\\\/\\\/cvinoticias.com\\\/v3\\\/gran-participacion-de-las-categorias-infantiles-del-club-centro-empleados-de-comercio-en-puerto-piray\\\/#respond\"]}]},{\"@type\":\"WebPage\",\"@id\":\"https:\\\/\\\/cvinoticias.com\\\/v3\\\/gran-participacion-de-las-categorias-infantiles-del-club-centro-empleados-de-comercio-en-puerto-piray\\\/\",\"url\":\"https:\\\/\\\/cvinoticias.com\\\/v3\\\/gran-participacion-de-las-categorias-infantiles-del-club-centro-empleados-de-comercio-en-puerto-piray\\\/\",\"name\":\"Gran participaci\u00f3n de las categorias infantiles del Club Centro Empleados de Comercio en Puerto Piray | CVI NOTICIAS\",\"isPartOf\":{\"@id\":\"https:\\\/\\\/cvinoticias.com\\\/v3\\\/#website\"},\"primaryImageOfPage\":{\"@id\":\"https:\\\/\\\/cvinoticias.com\\\/v3\\\/gran-participacion-de-las-categorias-infantiles-del-club-centro-empleados-de-comercio-en-puerto-piray\\\/#primaryimage\"},\"image\":{\"@id\":\"https:\\\/\\\/cvinoticias.com\\\/v3\\\/gran-participacion-de-las-categorias-infantiles-del-club-centro-empleados-de-comercio-en-puerto-piray\\\/#primaryimage\"},\"thumbnailUrl\":\"https:\\\/\\\/cvinoticias.com\\\/wp-content\\\/uploads\\\/2023\\\/12\\\/IMG-20231211-WA0234.jpg\",\"datePublished\":\"2023-12-11T22:02:17+00:00\",\"breadcrumb\":{\"@id\":\"https:\\\/\\\/cvinoticias.com\\\/v3\\\/gran-participacion-de-las-categorias-infantiles-del-club-centro-empleados-de-comercio-en-puerto-piray\\\/#breadcrumb\"},\"inLanguage\":\"es\",\"potentialAction\":[{\"@type\":\"ReadAction\",\"target\":[\"https:\\\/\\\/cvinoticias.com\\\/v3\\\/gran-participacion-de-las-categorias-infantiles-del-club-centro-empleados-de-comercio-en-puerto-piray\\\/\"]}]},{\"@type\":\"ImageObject\",\"inLanguage\":\"es\",\"@id\":\"https:\\\/\\\/cvinoticias.com\\\/v3\\\/gran-participacion-de-las-categorias-infantiles-del-club-centro-empleados-de-comercio-en-puerto-piray\\\/#primaryimage\",\"url\":\"https:\\\/\\\/cvinoticias.com\\\/wp-content\\\/uploads\\\/2023\\\/12\\\/IMG-20231211-WA0234.jpg\",\"contentUrl\":\"https:\\\/\\\/cvinoticias.com\\\/wp-content\\\/uploads\\\/2023\\\/12\\\/IMG-20231211-WA0234.jpg\",\"width\":1600,\"height\":1200},{\"@type\":\"BreadcrumbList\",\"@id\":\"https:\\\/\\\/cvinoticias.com\\\/v3\\\/gran-participacion-de-las-categorias-infantiles-del-club-centro-empleados-de-comercio-en-puerto-piray\\\/#breadcrumb\",\"itemListElement\":[{\"@type\":\"ListItem\",\"position\":1,\"name\":\"Portada\",\"item\":\"https:\\\/\\\/cvinoticias.com\\\/v3\\\/\"},{\"@type\":\"ListItem\",\"position\":2,\"name\":\"Gran participaci\u00f3n de las categorias infantiles del Club Centro Empleados de Comercio en Puerto Piray\"}]},{\"@type\":\"WebSite\",\"@id\":\"https:\\\/\\\/cvinoticias.com\\\/v3\\\/#website\",\"url\":\"https:\\\/\\\/cvinoticias.com\\\/v3\\\/\",\"name\":\"CVI NOTICIAS\",\"description\":\"\",\"publisher\":{\"@id\":\"https:\\\/\\\/cvinoticias.com\\\/v3\\\/#organization\"},\"alternateName\":\"CVI\",\"potentialAction\":[{\"@type\":\"SearchAction\",\"target\":{\"@type\":\"EntryPoint\",\"urlTemplate\":\"https:\\\/\\\/cvinoticias.com\\\/v3\\\/?s={search_term_string}\"},\"query-input\":{\"@type\":\"PropertyValueSpecification\",\"valueRequired\":true,\"valueName\":\"search_term_string\"}}],\"inLanguage\":\"es\"},{\"@type\":\"Organization\",\"@id\":\"https:\\\/\\\/cvinoticias.com\\\/v3\\\/#organization\",\"name\":\"CVI NOTICIAS\",\"url\":\"https:\\\/\\\/cvinoticias.com\\\/v3\\\/\",\"logo\":{\"@type\":\"ImageObject\",\"inLanguage\":\"es\",\"@id\":\"https:\\\/\\\/cvinoticias.com\\\/v3\\\/#\\\/schema\\\/logo\\\/image\\\/\",\"url\":\"https:\\\/\\\/cvinoticias.com\\\/wp-content\\\/uploads\\\/2023\\\/04\\\/cropped-cropped-cropped-cropped-cropped-3-1.png\",\"contentUrl\":\"https:\\\/\\\/cvinoticias.com\\\/wp-content\\\/uploads\\\/2023\\\/04\\\/cropped-cropped-cropped-cropped-cropped-3-1.png\",\"width\":95,\"height\":122,\"caption\":\"CVI NOTICIAS\"},\"image\":{\"@id\":\"https:\\\/\\\/cvinoticias.com\\\/v3\\\/#\\\/schema\\\/logo\\\/image\\\/\"},\"sameAs\":[\"https:\\\/\\\/www.facebook.com\\\/cvinoticias\",\"https:\\\/\\\/www.instagram.com\\\/cvinoticias\\\/\",\"https:\\\/\\\/www.youtube.com\\\/@CVINOTICIAS\"]},{\"@type\":\"Person\",\"@id\":\"https:\\\/\\\/cvinoticias.com\\\/v3\\\/#\\\/schema\\\/person\\\/2db77e3c6bc03c538495d7b2b8be9b66\",\"name\":\"f1000024\",\"image\":{\"@type\":\"ImageObject\",\"inLanguage\":\"es\",\"@id\":\"https:\\\/\\\/secure.gravatar.com\\\/avatar\\\/d4fe7459cfc51ff5129ce1a732bbef5928568b8092d412ef95611616376bbeed?s=96&d=mm&r=g\",\"url\":\"https:\\\/\\\/secure.gravatar.com\\\/avatar\\\/d4fe7459cfc51ff5129ce1a732bbef5928568b8092d412ef95611616376bbeed?s=96&d=mm&r=g\",\"contentUrl\":\"https:\\\/\\\/secure.gravatar.com\\\/avatar\\\/d4fe7459cfc51ff5129ce1a732bbef5928568b8092d412ef95611616376bbeed?s=96&d=mm&r=g\",\"caption\":\"f1000024\"},\"url\":\"https:\\\/\\\/cvinoticias.com\\\/v3\\\/author\\\/f1000024\\\/\"}]}<\/script>\n<!-- \/ Yoast SEO plugin. -->","yoast_head_json":{"title":"Gran participaci\u00f3n de las categorias infantiles del Club Centro Empleados de Comercio en Puerto Piray | CVI NOTICIAS","robots":{"index":"index","follow":"follow","max-snippet":"max-snippet:-1","max-image-preview":"max-image-preview:large","max-video-preview":"max-video-preview:-1"},"canonical":"https:\/\/cvinoticias.com\/v3\/gran-participacion-de-las-categorias-infantiles-del-club-centro-empleados-de-comercio-en-puerto-piray\/","og_locale":"es_ES","og_type":"article","og_title":"Gran participaci\u00f3n de las categorias infantiles del Club Centro Empleados de Comercio en Puerto Piray | CVI NOTICIAS","og_description":"El torneo transcurri\u00f3 en el municipio de Puerto Piray, desde el 8 al 10 de diciembre donde las categor\u00edas 2010 y 2012 tuvieron una maravillosa actuaci\u00f3n, trayendo la copa para Puerto Iguaz\u00fa. Asimismo, luego de esta destacada actuaci\u00f3n el t\u00e9cnico Fernando Silvero ratific\u00f3: \u00abVenimos trabajando muy bien con las inferiores, lo importante es que pudimos [&hellip;]","og_url":"https:\/\/cvinoticias.com\/v3\/gran-participacion-de-las-categorias-infantiles-del-club-centro-empleados-de-comercio-en-puerto-piray\/","og_site_name":"CVI NOTICIAS","article_publisher":"https:\/\/www.facebook.com\/cvinoticias","article_published_time":"2023-12-11T22:02:17+00:00","og_image":[{"width":1600,"height":1200,"url":"https:\/\/cvinoticias.com\/wp-content\/uploads\/2023\/12\/IMG-20231211-WA0234.jpg","type":"image\/jpeg"}],"author":"f1000024","twitter_card":"summary_large_image","twitter_misc":{"Escrito por":"f1000024","Tiempo de lectura":"1 minuto"},"schema":{"@context":"https:\/\/schema.org","@graph":[{"@type":"Article","@id":"https:\/\/cvinoticias.com\/v3\/gran-participacion-de-las-categorias-infantiles-del-club-centro-empleados-de-comercio-en-puerto-piray\/#article","isPartOf":{"@id":"https:\/\/cvinoticias.com\/v3\/gran-participacion-de-las-categorias-infantiles-del-club-centro-empleados-de-comercio-en-puerto-piray\/"},"author":{"name":"f1000024","@id":"https:\/\/cvinoticias.com\/v3\/#\/schema\/person\/2db77e3c6bc03c538495d7b2b8be9b66"},"headline":"Gran participaci\u00f3n de las categorias infantiles del Club Centro Empleados de Comercio en Puerto Piray","datePublished":"2023-12-11T22:02:17+00:00","mainEntityOfPage":{"@id":"https:\/\/cvinoticias.com\/v3\/gran-participacion-de-las-categorias-infantiles-del-club-centro-empleados-de-comercio-en-puerto-piray\/"},"wordCount":204,"commentCount":0,"publisher":{"@id":"https:\/\/cvinoticias.com\/v3\/#organization"},"image":{"@id":"https:\/\/cvinoticias.com\/v3\/gran-participacion-de-las-categorias-infantiles-del-club-centro-empleados-de-comercio-en-puerto-piray\/#primaryimage"},"thumbnailUrl":"https:\/\/cvinoticias.com\/wp-content\/uploads\/2023\/12\/IMG-20231211-WA0234.jpg","articleSection":["Deportes"],"inLanguage":"es","potentialAction":[{"@type":"CommentAction","name":"Comment","target":["https:\/\/cvinoticias.com\/v3\/gran-participacion-de-las-categorias-infantiles-del-club-centro-empleados-de-comercio-en-puerto-piray\/#respond"]}]},{"@type":"WebPage","@id":"https:\/\/cvinoticias.com\/v3\/gran-participacion-de-las-categorias-infantiles-del-club-centro-empleados-de-comercio-en-puerto-piray\/","url":"https:\/\/cvinoticias.com\/v3\/gran-participacion-de-las-categorias-infantiles-del-club-centro-empleados-de-comercio-en-puerto-piray\/","name":"Gran participaci\u00f3n de las categorias infantiles del Club Centro Empleados de Comercio en Puerto Piray | CVI NOTICIAS","isPartOf":{"@id":"https:\/\/cvinoticias.com\/v3\/#website"},"primaryImageOfPage":{"@id":"https:\/\/cvinoticias.com\/v3\/gran-participacion-de-las-categorias-infantiles-del-club-centro-empleados-de-comercio-en-puerto-piray\/#primaryimage"},"image":{"@id":"https:\/\/cvinoticias.com\/v3\/gran-participacion-de-las-categorias-infantiles-del-club-centro-empleados-de-comercio-en-puerto-piray\/#primaryimage"},"thumbnailUrl":"https:\/\/cvinoticias.com\/wp-content\/uploads\/2023\/12\/IMG-20231211-WA0234.jpg","datePublished":"2023-12-11T22:02:17+00:00","breadcrumb":{"@id":"https:\/\/cvinoticias.com\/v3\/gran-participacion-de-las-categorias-infantiles-del-club-centro-empleados-de-comercio-en-puerto-piray\/#breadcrumb"},"inLanguage":"es","potentialAction":[{"@type":"ReadAction","target":["https:\/\/cvinoticias.com\/v3\/gran-participacion-de-las-categorias-infantiles-del-club-centro-empleados-de-comercio-en-puerto-piray\/"]}]},{"@type":"ImageObject","inLanguage":"es","@id":"https:\/\/cvinoticias.com\/v3\/gran-participacion-de-las-categorias-infantiles-del-club-centro-empleados-de-comercio-en-puerto-piray\/#primaryimage","url":"https:\/\/cvinoticias.com\/wp-content\/uploads\/2023\/12\/IMG-20231211-WA0234.jpg","contentUrl":"https:\/\/cvinoticias.com\/wp-content\/uploads\/2023\/12\/IMG-20231211-WA0234.jpg","width":1600,"height":1200},{"@type":"BreadcrumbList","@id":"https:\/\/cvinoticias.com\/v3\/gran-participacion-de-las-categorias-infantiles-del-club-centro-empleados-de-comercio-en-puerto-piray\/#breadcrumb","itemListElement":[{"@type":"ListItem","position":1,"name":"Portada","item":"https:\/\/cvinoticias.com\/v3\/"},{"@type":"ListItem","position":2,"name":"Gran participaci\u00f3n de las categorias infantiles del Club Centro Empleados de Comercio en Puerto Piray"}]},{"@type":"WebSite","@id":"https:\/\/cvinoticias.com\/v3\/#website","url":"https:\/\/cvinoticias.com\/v3\/","name":"CVI NOTICIAS","description":"","publisher":{"@id":"https:\/\/cvinoticias.com\/v3\/#organization"},"alternateName":"CVI","potentialAction":[{"@type":"SearchAction","target":{"@type":"EntryPoint","urlTemplate":"https:\/\/cvinoticias.com\/v3\/?s={search_term_string}"},"query-input":{"@type":"PropertyValueSpecification","valueRequired":true,"valueName":"search_term_string"}}],"inLanguage":"es"},{"@type":"Organization","@id":"https:\/\/cvinoticias.com\/v3\/#organization","name":"CVI NOTICIAS","url":"https:\/\/cvinoticias.com\/v3\/","logo":{"@type":"ImageObject","inLanguage":"es","@id":"https:\/\/cvinoticias.com\/v3\/#\/schema\/logo\/image\/","url":"https:\/\/cvinoticias.com\/wp-content\/uploads\/2023\/04\/cropped-cropped-cropped-cropped-cropped-3-1.png","contentUrl":"https:\/\/cvinoticias.com\/wp-content\/uploads\/2023\/04\/cropped-cropped-cropped-cropped-cropped-3-1.png","width":95,"height":122,"caption":"CVI NOTICIAS"},"image":{"@id":"https:\/\/cvinoticias.com\/v3\/#\/schema\/logo\/image\/"},"sameAs":["https:\/\/www.facebook.com\/cvinoticias","https:\/\/www.instagram.com\/cvinoticias\/","https:\/\/www.youtube.com\/@CVINOTICIAS"]},{"@type":"Person","@id":"https:\/\/cvinoticias.com\/v3\/#\/schema\/person\/2db77e3c6bc03c538495d7b2b8be9b66","name":"f1000024","image":{"@type":"ImageObject","inLanguage":"es","@id":"https:\/\/secure.gravatar.com\/avatar\/d4fe7459cfc51ff5129ce1a732bbef5928568b8092d412ef95611616376bbeed?s=96&d=mm&r=g","url":"https:\/\/secure.gravatar.com\/avatar\/d4fe7459cfc51ff5129ce1a732bbef5928568b8092d412ef95611616376bbeed?s=96&d=mm&r=g","contentUrl":"https:\/\/secure.gravatar.com\/avatar\/d4fe7459cfc51ff5129ce1a732bbef5928568b8092d412ef95611616376bbeed?s=96&d=mm&r=g","caption":"f1000024"},"url":"https:\/\/cvinoticias.com\/v3\/author\/f1000024\/"}]}},"_links":{"self":[{"href":"https:\/\/cvinoticias.com\/v3\/wp-json\/wp\/v2\/posts\/30805","targetHints":{"allow":["GET"]}}],"collection":[{"href":"https:\/\/cvinoticias.com\/v3\/wp-json\/wp\/v2\/posts"}],"about":[{"href":"https:\/\/cvinoticias.com\/v3\/wp-json\/wp\/v2\/types\/post"}],"author":[{"embeddable":true,"href":"https:\/\/cvinoticias.com\/v3\/wp-json\/wp\/v2\/users\/2"}],"replies":[{"embeddable":true,"href":"https:\/\/cvinoticias.com\/v3\/wp-json\/wp\/v2\/comments?post=30805"}],"version-history":[{"count":1,"href":"https:\/\/cvinoticias.com\/v3\/wp-json\/wp\/v2\/posts\/30805\/revisions"}],"predecessor-version":[{"id":30810,"href":"https:\/\/cvinoticias.com\/v3\/wp-json\/wp\/v2\/posts\/30805\/revisions\/30810"}],"wp:featuredmedia":[{"embeddable":true,"href":"https:\/\/cvinoticias.com\/v3\/wp-json\/wp\/v2\/media\/30809"}],"wp:attachment":[{"href":"https:\/\/cvinoticias.com\/v3\/wp-json\/wp\/v2\/media?parent=30805"}],"wp:term":[{"taxonomy":"category","embeddable":true,"href":"https:\/\/cvinoticias.com\/v3\/wp-json\/wp\/v2\/categories?post=30805"},{"taxonomy":"post_tag","embeddable":true,"href":"https:\/\/cvinoticias.com\/v3\/wp-json\/wp\/v2\/tags?post=30805"}],"curies":[{"name":"wp","href":"https:\/\/api.w.org\/{rel}","templated":true}]}}