{"id":30799,"date":"2023-12-11T07:55:58","date_gmt":"2023-12-11T10:55:58","guid":{"rendered":"https:\/\/cvinoticias.com\/v3\/?p=30799"},"modified":"2023-12-11T07:55:58","modified_gmt":"2023-12-11T10:55:58","slug":"milei-firmo-el-dnu-que-reorganiza-el-gabinete-con-nueve-ministerios","status":"publish","type":"post","link":"https:\/\/cvinoticias.com\/v3\/milei-firmo-el-dnu-que-reorganiza-el-gabinete-con-nueve-ministerios\/","title":{"rendered":"Milei firm\u00f3 el DNU que reorganiza el Gabinete con nueve Ministerios"},"content":{"rendered":"\n<p><strong><em>El mandatario firm\u00f3 en el mismo d\u00eda de su asunci\u00f3n el decreto para reorganizar el Gabinete, en el marco del ajuste que llevar\u00e1 a cabo en su gesti\u00f3n.<\/em><\/strong><\/p>\n\n\n\n<p>El presidente Javier Milei firm\u00f3 el DNU (decreto de necesidad y urgencia) que establece la estructura de nueve ministerios que tendr\u00e1 su Gabinete, que ser\u00e1n los de Econom\u00eda, Relaciones Exteriores, Seguridad, Justicia, Salud, Interior, Defensa, Infraestructura y Capital Humano.<\/p>\n\n\n\n<p>Como hab\u00eda prometido en su campa\u00f1a electoral, Milei dispuso as\u00ed reducir a menos de la mitad la cantidad de Ministerios que hab\u00eda en la gesti\u00f3n anterior.<\/p>\n\n\n\n<p>El extenso DNU en su primer p\u00e1rrafo indic\u00f3 que \u00abatento a la nueva gesti\u00f3n de gobierno resulta necesario adecuar las disposiciones de la Ley de Ministerios y los objetivos planteados con el prop\u00f3sito de racionalizar y tornar m\u00e1s eficiente el actuar del Estado nacional.<\/p>\n\n\n\n<p>La normativa estableci\u00f3 la creaci\u00f3n de dos nuevos Ministerios que no exist\u00edan en la gesti\u00f3n anterior de Alberto Fern\u00e1ndez, Infraestructura y Capital Humano, el primero de ellos teniendo bajo su \u00f3rbita las \u00e1reas de obras p\u00fablicas, vivienda, comunicaciones y transporte, mientras que la segunda agrupar\u00e1 a las de educaci\u00f3n, cultura, trabajo y desarrollo social.<\/p>\n\n\n\n<p>A su vez, el DNU remarc\u00f3 que \u00ablas tareas necesarias para posibilitar la actividad del Presidente de la Naci\u00f3n ser\u00e1n atendidas por las siguientes Secretar\u00edas Presidenciales: General, Legal y T\u00e9cnica y de Comunicaci\u00f3n y Prensa\u00bb.<\/p>\n\n\n\n<p>Las personas a cargo de esas Secretar\u00edas, dependientes de la Presidencia de la Naci\u00f3n \u00abtendr\u00e1n rango y jerarqu\u00eda de ministro\u00bb, se detall\u00f3.<\/p>\n\n\n\n<p>La mayor\u00eda de la gran cantidad de p\u00e1ginas del decreto detallaron formalmente las tareas de las que se debe ocupar cada Ministerio del Gabinete. Asimismo, se aclar\u00f3 que \u00ablos compromisos y obligaciones asumidos por el Ministerio de Ciencia, Tecnolog\u00eda e Innovaci\u00f3n estar\u00e1n a cargo de la Jefatura de Gabinete\u00bb, como tambi\u00e9n las de la ex Secretar\u00eda de Asuntos Estrat\u00e9gico, junto a \u00ablos cr\u00e9ditos presupuestarios, bienes y dotaciones vigentes a la fecha y el personal con sus respectivos niveles, situaci\u00f3n de revista y suplementos vigentes a la fecha\u00bb.<\/p>\n\n\n\n<p>Por su parte, las competencias del Ministerio de Ambiente y Desarrollo Sostenible y las del Ministerio de Turismo y Deportes estar\u00e1n a cargo del Ministerio del Interior.<\/p>\n\n\n\n<p>Las tareas de los Ministerios de Transporte, de Obras P\u00fablicas, de Desarrollo Territorial y H\u00e1bitat pasar\u00e1 a estar a cargo del Ministerio de Infraestructura.<\/p>\n\n\n\n<p>Las competencias de los Ministerios de Educaci\u00f3n, de Cultura, de Trabajo, Empleo y Seguridad Social, de Desarrollo Social, y de Mujeres, G\u00e9neros y Diversidad estar\u00e1n a cargo del Ministerio de Capital Humano.<\/p>\n\n\n\n<p>En tanto, el Ministerio de Justicia llevar\u00e1 ese nombre y abandonar\u00e1 la nomenclatura \u00abMinisterio de Justicia y Derechos Humanos\u00bb que ten\u00eda hasta el momento.<\/p>\n\n\n\n<p>Otro art\u00edculo del DNU crea la Agencia Nacional de Discapacidad, como organismo descentralizado en la \u00f3rbita de la Jefatura de Gabinete, que tendr\u00e1 a su cargo \u00abel dise\u00f1o, coordinaci\u00f3n y ejecuci\u00f3n general de las pol\u00edticas p\u00fablicas en materia de discapacidad, la elaboraci\u00f3n y ejecuci\u00f3n de acciones tendientes a promover el pleno ejercicio de los derechos de las personas en situaci\u00f3n de discapacidad y la conducci\u00f3n del proceso de otorgamiento de las pensiones por invalidez y las emergentes de las Leyes N 25.869 y N 26.928 en todo el territorio nacional\u00bb.<\/p>\n\n\n\n<p>Tambi\u00e9n se cre\u00f3 el Instituto Nacional de la Agricultura Familiar, Campesina e Ind\u00edgena como organismo descentralizado actuante en el \u00e1mbito del Ministerio de Capital Humano, \u00abcon autarqu\u00eda econ\u00f3mica y financiera, personer\u00eda jur\u00eddica propia y capacidad de actuar en el \u00e1mbito del derecho p\u00fablico y privado\u00bb.<\/p>\n","protected":false},"excerpt":{"rendered":"<p>El mandatario firm\u00f3 en el mismo d\u00eda de su asunci\u00f3n el decreto para reorganizar el Gabinete, en el marco del ajuste que llevar\u00e1 a cabo en su gesti\u00f3n. El presidente Javier Milei firm\u00f3 el DNU (decreto de necesidad y urgencia) que establece la estructura de nueve ministerios que tendr\u00e1 su Gabinete, que ser\u00e1n los de [&hellip;]<\/p>\n","protected":false},"author":2,"featured_media":30800,"comment_status":"open","ping_status":"open","sticky":false,"template":"","format":"standard","meta":{"footnotes":""},"categories":[39],"tags":[],"class_list":["post-30799","post","type-post","status-publish","format-standard","has-post-thumbnail","hentry","category-nacionales"],"yoast_head":"<!-- This site is optimized with the Yoast SEO plugin v27.5 - https:\/\/yoast.com\/product\/yoast-seo-wordpress\/ -->\n<title>Milei firm\u00f3 el DNU que reorganiza el Gabinete con nueve Ministerios | CVI NOTICIAS<\/title>\n<meta name=\"robots\" content=\"index, follow, max-snippet:-1, max-image-preview:large, max-video-preview:-1\" \/>\n<link rel=\"canonical\" href=\"https:\/\/cvinoticias.com\/v3\/milei-firmo-el-dnu-que-reorganiza-el-gabinete-con-nueve-ministerios\/\" \/>\n<meta property=\"og:locale\" content=\"es_ES\" \/>\n<meta property=\"og:type\" content=\"article\" \/>\n<meta property=\"og:title\" content=\"Milei firm\u00f3 el DNU que reorganiza el Gabinete con nueve Ministerios | CVI NOTICIAS\" \/>\n<meta property=\"og:description\" content=\"El mandatario firm\u00f3 en el mismo d\u00eda de su asunci\u00f3n el decreto para reorganizar el Gabinete, en el marco del ajuste que llevar\u00e1 a cabo en su gesti\u00f3n. El presidente Javier Milei firm\u00f3 el DNU (decreto de necesidad y urgencia) que establece la estructura de nueve ministerios que tendr\u00e1 su Gabinete, que ser\u00e1n los de [&hellip;]\" \/>\n<meta property=\"og:url\" content=\"https:\/\/cvinoticias.com\/v3\/milei-firmo-el-dnu-que-reorganiza-el-gabinete-con-nueve-ministerios\/\" \/>\n<meta property=\"og:site_name\" content=\"CVI NOTICIAS\" \/>\n<meta property=\"article:publisher\" content=\"https:\/\/www.facebook.com\/cvinoticias\" \/>\n<meta property=\"article:published_time\" content=\"2023-12-11T10:55:58+00:00\" \/>\n<meta property=\"og:image\" content=\"https:\/\/cvinoticias.com\/wp-content\/uploads\/2023\/12\/milei-el-despacho-presidencialjpg.jpg\" \/>\n\t<meta property=\"og:image:width\" content=\"1140\" \/>\n\t<meta property=\"og:image:height\" content=\"807\" \/>\n\t<meta property=\"og:image:type\" content=\"image\/jpeg\" \/>\n<meta name=\"author\" content=\"f1000024\" \/>\n<meta name=\"twitter:card\" content=\"summary_large_image\" \/>\n<meta name=\"twitter:label1\" content=\"Escrito por\" \/>\n\t<meta name=\"twitter:data1\" content=\"f1000024\" \/>\n\t<meta name=\"twitter:label2\" content=\"Tiempo de lectura\" \/>\n\t<meta name=\"twitter:data2\" content=\"3 minutos\" \/>\n<script type=\"application\/ld+json\" class=\"yoast-schema-graph\">{\"@context\":\"https:\\\/\\\/schema.org\",\"@graph\":[{\"@type\":\"Article\",\"@id\":\"https:\\\/\\\/cvinoticias.com\\\/v3\\\/milei-firmo-el-dnu-que-reorganiza-el-gabinete-con-nueve-ministerios\\\/#article\",\"isPartOf\":{\"@id\":\"https:\\\/\\\/cvinoticias.com\\\/v3\\\/milei-firmo-el-dnu-que-reorganiza-el-gabinete-con-nueve-ministerios\\\/\"},\"author\":{\"name\":\"f1000024\",\"@id\":\"https:\\\/\\\/cvinoticias.com\\\/v3\\\/#\\\/schema\\\/person\\\/2db77e3c6bc03c538495d7b2b8be9b66\"},\"headline\":\"Milei firm\u00f3 el DNU que reorganiza el Gabinete con nueve Ministerios\",\"datePublished\":\"2023-12-11T10:55:58+00:00\",\"mainEntityOfPage\":{\"@id\":\"https:\\\/\\\/cvinoticias.com\\\/v3\\\/milei-firmo-el-dnu-que-reorganiza-el-gabinete-con-nueve-ministerios\\\/\"},\"wordCount\":648,\"commentCount\":0,\"publisher\":{\"@id\":\"https:\\\/\\\/cvinoticias.com\\\/v3\\\/#organization\"},\"image\":{\"@id\":\"https:\\\/\\\/cvinoticias.com\\\/v3\\\/milei-firmo-el-dnu-que-reorganiza-el-gabinete-con-nueve-ministerios\\\/#primaryimage\"},\"thumbnailUrl\":\"https:\\\/\\\/cvinoticias.com\\\/wp-content\\\/uploads\\\/2023\\\/12\\\/milei-el-despacho-presidencialjpg.jpg\",\"articleSection\":[\"Nacionales\"],\"inLanguage\":\"es\",\"potentialAction\":[{\"@type\":\"CommentAction\",\"name\":\"Comment\",\"target\":[\"https:\\\/\\\/cvinoticias.com\\\/v3\\\/milei-firmo-el-dnu-que-reorganiza-el-gabinete-con-nueve-ministerios\\\/#respond\"]}]},{\"@type\":\"WebPage\",\"@id\":\"https:\\\/\\\/cvinoticias.com\\\/v3\\\/milei-firmo-el-dnu-que-reorganiza-el-gabinete-con-nueve-ministerios\\\/\",\"url\":\"https:\\\/\\\/cvinoticias.com\\\/v3\\\/milei-firmo-el-dnu-que-reorganiza-el-gabinete-con-nueve-ministerios\\\/\",\"name\":\"Milei firm\u00f3 el DNU que reorganiza el Gabinete con nueve Ministerios | CVI NOTICIAS\",\"isPartOf\":{\"@id\":\"https:\\\/\\\/cvinoticias.com\\\/v3\\\/#website\"},\"primaryImageOfPage\":{\"@id\":\"https:\\\/\\\/cvinoticias.com\\\/v3\\\/milei-firmo-el-dnu-que-reorganiza-el-gabinete-con-nueve-ministerios\\\/#primaryimage\"},\"image\":{\"@id\":\"https:\\\/\\\/cvinoticias.com\\\/v3\\\/milei-firmo-el-dnu-que-reorganiza-el-gabinete-con-nueve-ministerios\\\/#primaryimage\"},\"thumbnailUrl\":\"https:\\\/\\\/cvinoticias.com\\\/wp-content\\\/uploads\\\/2023\\\/12\\\/milei-el-despacho-presidencialjpg.jpg\",\"datePublished\":\"2023-12-11T10:55:58+00:00\",\"breadcrumb\":{\"@id\":\"https:\\\/\\\/cvinoticias.com\\\/v3\\\/milei-firmo-el-dnu-que-reorganiza-el-gabinete-con-nueve-ministerios\\\/#breadcrumb\"},\"inLanguage\":\"es\",\"potentialAction\":[{\"@type\":\"ReadAction\",\"target\":[\"https:\\\/\\\/cvinoticias.com\\\/v3\\\/milei-firmo-el-dnu-que-reorganiza-el-gabinete-con-nueve-ministerios\\\/\"]}]},{\"@type\":\"ImageObject\",\"inLanguage\":\"es\",\"@id\":\"https:\\\/\\\/cvinoticias.com\\\/v3\\\/milei-firmo-el-dnu-que-reorganiza-el-gabinete-con-nueve-ministerios\\\/#primaryimage\",\"url\":\"https:\\\/\\\/cvinoticias.com\\\/wp-content\\\/uploads\\\/2023\\\/12\\\/milei-el-despacho-presidencialjpg.jpg\",\"contentUrl\":\"https:\\\/\\\/cvinoticias.com\\\/wp-content\\\/uploads\\\/2023\\\/12\\\/milei-el-despacho-presidencialjpg.jpg\",\"width\":1140,\"height\":807},{\"@type\":\"BreadcrumbList\",\"@id\":\"https:\\\/\\\/cvinoticias.com\\\/v3\\\/milei-firmo-el-dnu-que-reorganiza-el-gabinete-con-nueve-ministerios\\\/#breadcrumb\",\"itemListElement\":[{\"@type\":\"ListItem\",\"position\":1,\"name\":\"Portada\",\"item\":\"https:\\\/\\\/cvinoticias.com\\\/v3\\\/\"},{\"@type\":\"ListItem\",\"position\":2,\"name\":\"Milei firm\u00f3 el DNU que reorganiza el Gabinete con nueve Ministerios\"}]},{\"@type\":\"WebSite\",\"@id\":\"https:\\\/\\\/cvinoticias.com\\\/v3\\\/#website\",\"url\":\"https:\\\/\\\/cvinoticias.com\\\/v3\\\/\",\"name\":\"CVI NOTICIAS\",\"description\":\"\",\"publisher\":{\"@id\":\"https:\\\/\\\/cvinoticias.com\\\/v3\\\/#organization\"},\"alternateName\":\"CVI\",\"potentialAction\":[{\"@type\":\"SearchAction\",\"target\":{\"@type\":\"EntryPoint\",\"urlTemplate\":\"https:\\\/\\\/cvinoticias.com\\\/v3\\\/?s={search_term_string}\"},\"query-input\":{\"@type\":\"PropertyValueSpecification\",\"valueRequired\":true,\"valueName\":\"search_term_string\"}}],\"inLanguage\":\"es\"},{\"@type\":\"Organization\",\"@id\":\"https:\\\/\\\/cvinoticias.com\\\/v3\\\/#organization\",\"name\":\"CVI NOTICIAS\",\"url\":\"https:\\\/\\\/cvinoticias.com\\\/v3\\\/\",\"logo\":{\"@type\":\"ImageObject\",\"inLanguage\":\"es\",\"@id\":\"https:\\\/\\\/cvinoticias.com\\\/v3\\\/#\\\/schema\\\/logo\\\/image\\\/\",\"url\":\"https:\\\/\\\/cvinoticias.com\\\/wp-content\\\/uploads\\\/2023\\\/04\\\/cropped-cropped-cropped-cropped-cropped-3-1.png\",\"contentUrl\":\"https:\\\/\\\/cvinoticias.com\\\/wp-content\\\/uploads\\\/2023\\\/04\\\/cropped-cropped-cropped-cropped-cropped-3-1.png\",\"width\":95,\"height\":122,\"caption\":\"CVI NOTICIAS\"},\"image\":{\"@id\":\"https:\\\/\\\/cvinoticias.com\\\/v3\\\/#\\\/schema\\\/logo\\\/image\\\/\"},\"sameAs\":[\"https:\\\/\\\/www.facebook.com\\\/cvinoticias\",\"https:\\\/\\\/www.instagram.com\\\/cvinoticias\\\/\",\"https:\\\/\\\/www.youtube.com\\\/@CVINOTICIAS\"]},{\"@type\":\"Person\",\"@id\":\"https:\\\/\\\/cvinoticias.com\\\/v3\\\/#\\\/schema\\\/person\\\/2db77e3c6bc03c538495d7b2b8be9b66\",\"name\":\"f1000024\",\"image\":{\"@type\":\"ImageObject\",\"inLanguage\":\"es\",\"@id\":\"https:\\\/\\\/secure.gravatar.com\\\/avatar\\\/d4fe7459cfc51ff5129ce1a732bbef5928568b8092d412ef95611616376bbeed?s=96&d=mm&r=g\",\"url\":\"https:\\\/\\\/secure.gravatar.com\\\/avatar\\\/d4fe7459cfc51ff5129ce1a732bbef5928568b8092d412ef95611616376bbeed?s=96&d=mm&r=g\",\"contentUrl\":\"https:\\\/\\\/secure.gravatar.com\\\/avatar\\\/d4fe7459cfc51ff5129ce1a732bbef5928568b8092d412ef95611616376bbeed?s=96&d=mm&r=g\",\"caption\":\"f1000024\"},\"url\":\"https:\\\/\\\/cvinoticias.com\\\/v3\\\/author\\\/f1000024\\\/\"}]}<\/script>\n<!-- \/ Yoast SEO plugin. -->","yoast_head_json":{"title":"Milei firm\u00f3 el DNU que reorganiza el Gabinete con nueve Ministerios | CVI NOTICIAS","robots":{"index":"index","follow":"follow","max-snippet":"max-snippet:-1","max-image-preview":"max-image-preview:large","max-video-preview":"max-video-preview:-1"},"canonical":"https:\/\/cvinoticias.com\/v3\/milei-firmo-el-dnu-que-reorganiza-el-gabinete-con-nueve-ministerios\/","og_locale":"es_ES","og_type":"article","og_title":"Milei firm\u00f3 el DNU que reorganiza el Gabinete con nueve Ministerios | CVI NOTICIAS","og_description":"El mandatario firm\u00f3 en el mismo d\u00eda de su asunci\u00f3n el decreto para reorganizar el Gabinete, en el marco del ajuste que llevar\u00e1 a cabo en su gesti\u00f3n. El presidente Javier Milei firm\u00f3 el DNU (decreto de necesidad y urgencia) que establece la estructura de nueve ministerios que tendr\u00e1 su Gabinete, que ser\u00e1n los de [&hellip;]","og_url":"https:\/\/cvinoticias.com\/v3\/milei-firmo-el-dnu-que-reorganiza-el-gabinete-con-nueve-ministerios\/","og_site_name":"CVI NOTICIAS","article_publisher":"https:\/\/www.facebook.com\/cvinoticias","article_published_time":"2023-12-11T10:55:58+00:00","og_image":[{"width":1140,"height":807,"url":"https:\/\/cvinoticias.com\/wp-content\/uploads\/2023\/12\/milei-el-despacho-presidencialjpg.jpg","type":"image\/jpeg"}],"author":"f1000024","twitter_card":"summary_large_image","twitter_misc":{"Escrito por":"f1000024","Tiempo de lectura":"3 minutos"},"schema":{"@context":"https:\/\/schema.org","@graph":[{"@type":"Article","@id":"https:\/\/cvinoticias.com\/v3\/milei-firmo-el-dnu-que-reorganiza-el-gabinete-con-nueve-ministerios\/#article","isPartOf":{"@id":"https:\/\/cvinoticias.com\/v3\/milei-firmo-el-dnu-que-reorganiza-el-gabinete-con-nueve-ministerios\/"},"author":{"name":"f1000024","@id":"https:\/\/cvinoticias.com\/v3\/#\/schema\/person\/2db77e3c6bc03c538495d7b2b8be9b66"},"headline":"Milei firm\u00f3 el DNU que reorganiza el Gabinete con nueve Ministerios","datePublished":"2023-12-11T10:55:58+00:00","mainEntityOfPage":{"@id":"https:\/\/cvinoticias.com\/v3\/milei-firmo-el-dnu-que-reorganiza-el-gabinete-con-nueve-ministerios\/"},"wordCount":648,"commentCount":0,"publisher":{"@id":"https:\/\/cvinoticias.com\/v3\/#organization"},"image":{"@id":"https:\/\/cvinoticias.com\/v3\/milei-firmo-el-dnu-que-reorganiza-el-gabinete-con-nueve-ministerios\/#primaryimage"},"thumbnailUrl":"https:\/\/cvinoticias.com\/wp-content\/uploads\/2023\/12\/milei-el-despacho-presidencialjpg.jpg","articleSection":["Nacionales"],"inLanguage":"es","potentialAction":[{"@type":"CommentAction","name":"Comment","target":["https:\/\/cvinoticias.com\/v3\/milei-firmo-el-dnu-que-reorganiza-el-gabinete-con-nueve-ministerios\/#respond"]}]},{"@type":"WebPage","@id":"https:\/\/cvinoticias.com\/v3\/milei-firmo-el-dnu-que-reorganiza-el-gabinete-con-nueve-ministerios\/","url":"https:\/\/cvinoticias.com\/v3\/milei-firmo-el-dnu-que-reorganiza-el-gabinete-con-nueve-ministerios\/","name":"Milei firm\u00f3 el DNU que reorganiza el Gabinete con nueve Ministerios | CVI NOTICIAS","isPartOf":{"@id":"https:\/\/cvinoticias.com\/v3\/#website"},"primaryImageOfPage":{"@id":"https:\/\/cvinoticias.com\/v3\/milei-firmo-el-dnu-que-reorganiza-el-gabinete-con-nueve-ministerios\/#primaryimage"},"image":{"@id":"https:\/\/cvinoticias.com\/v3\/milei-firmo-el-dnu-que-reorganiza-el-gabinete-con-nueve-ministerios\/#primaryimage"},"thumbnailUrl":"https:\/\/cvinoticias.com\/wp-content\/uploads\/2023\/12\/milei-el-despacho-presidencialjpg.jpg","datePublished":"2023-12-11T10:55:58+00:00","breadcrumb":{"@id":"https:\/\/cvinoticias.com\/v3\/milei-firmo-el-dnu-que-reorganiza-el-gabinete-con-nueve-ministerios\/#breadcrumb"},"inLanguage":"es","potentialAction":[{"@type":"ReadAction","target":["https:\/\/cvinoticias.com\/v3\/milei-firmo-el-dnu-que-reorganiza-el-gabinete-con-nueve-ministerios\/"]}]},{"@type":"ImageObject","inLanguage":"es","@id":"https:\/\/cvinoticias.com\/v3\/milei-firmo-el-dnu-que-reorganiza-el-gabinete-con-nueve-ministerios\/#primaryimage","url":"https:\/\/cvinoticias.com\/wp-content\/uploads\/2023\/12\/milei-el-despacho-presidencialjpg.jpg","contentUrl":"https:\/\/cvinoticias.com\/wp-content\/uploads\/2023\/12\/milei-el-despacho-presidencialjpg.jpg","width":1140,"height":807},{"@type":"BreadcrumbList","@id":"https:\/\/cvinoticias.com\/v3\/milei-firmo-el-dnu-que-reorganiza-el-gabinete-con-nueve-ministerios\/#breadcrumb","itemListElement":[{"@type":"ListItem","position":1,"name":"Portada","item":"https:\/\/cvinoticias.com\/v3\/"},{"@type":"ListItem","position":2,"name":"Milei firm\u00f3 el DNU que reorganiza el Gabinete con nueve Ministerios"}]},{"@type":"WebSite","@id":"https:\/\/cvinoticias.com\/v3\/#website","url":"https:\/\/cvinoticias.com\/v3\/","name":"CVI NOTICIAS","description":"","publisher":{"@id":"https:\/\/cvinoticias.com\/v3\/#organization"},"alternateName":"CVI","potentialAction":[{"@type":"SearchAction","target":{"@type":"EntryPoint","urlTemplate":"https:\/\/cvinoticias.com\/v3\/?s={search_term_string}"},"query-input":{"@type":"PropertyValueSpecification","valueRequired":true,"valueName":"search_term_string"}}],"inLanguage":"es"},{"@type":"Organization","@id":"https:\/\/cvinoticias.com\/v3\/#organization","name":"CVI NOTICIAS","url":"https:\/\/cvinoticias.com\/v3\/","logo":{"@type":"ImageObject","inLanguage":"es","@id":"https:\/\/cvinoticias.com\/v3\/#\/schema\/logo\/image\/","url":"https:\/\/cvinoticias.com\/wp-content\/uploads\/2023\/04\/cropped-cropped-cropped-cropped-cropped-3-1.png","contentUrl":"https:\/\/cvinoticias.com\/wp-content\/uploads\/2023\/04\/cropped-cropped-cropped-cropped-cropped-3-1.png","width":95,"height":122,"caption":"CVI NOTICIAS"},"image":{"@id":"https:\/\/cvinoticias.com\/v3\/#\/schema\/logo\/image\/"},"sameAs":["https:\/\/www.facebook.com\/cvinoticias","https:\/\/www.instagram.com\/cvinoticias\/","https:\/\/www.youtube.com\/@CVINOTICIAS"]},{"@type":"Person","@id":"https:\/\/cvinoticias.com\/v3\/#\/schema\/person\/2db77e3c6bc03c538495d7b2b8be9b66","name":"f1000024","image":{"@type":"ImageObject","inLanguage":"es","@id":"https:\/\/secure.gravatar.com\/avatar\/d4fe7459cfc51ff5129ce1a732bbef5928568b8092d412ef95611616376bbeed?s=96&d=mm&r=g","url":"https:\/\/secure.gravatar.com\/avatar\/d4fe7459cfc51ff5129ce1a732bbef5928568b8092d412ef95611616376bbeed?s=96&d=mm&r=g","contentUrl":"https:\/\/secure.gravatar.com\/avatar\/d4fe7459cfc51ff5129ce1a732bbef5928568b8092d412ef95611616376bbeed?s=96&d=mm&r=g","caption":"f1000024"},"url":"https:\/\/cvinoticias.com\/v3\/author\/f1000024\/"}]}},"_links":{"self":[{"href":"https:\/\/cvinoticias.com\/v3\/wp-json\/wp\/v2\/posts\/30799","targetHints":{"allow":["GET"]}}],"collection":[{"href":"https:\/\/cvinoticias.com\/v3\/wp-json\/wp\/v2\/posts"}],"about":[{"href":"https:\/\/cvinoticias.com\/v3\/wp-json\/wp\/v2\/types\/post"}],"author":[{"embeddable":true,"href":"https:\/\/cvinoticias.com\/v3\/wp-json\/wp\/v2\/users\/2"}],"replies":[{"embeddable":true,"href":"https:\/\/cvinoticias.com\/v3\/wp-json\/wp\/v2\/comments?post=30799"}],"version-history":[{"count":1,"href":"https:\/\/cvinoticias.com\/v3\/wp-json\/wp\/v2\/posts\/30799\/revisions"}],"predecessor-version":[{"id":30801,"href":"https:\/\/cvinoticias.com\/v3\/wp-json\/wp\/v2\/posts\/30799\/revisions\/30801"}],"wp:featuredmedia":[{"embeddable":true,"href":"https:\/\/cvinoticias.com\/v3\/wp-json\/wp\/v2\/media\/30800"}],"wp:attachment":[{"href":"https:\/\/cvinoticias.com\/v3\/wp-json\/wp\/v2\/media?parent=30799"}],"wp:term":[{"taxonomy":"category","embeddable":true,"href":"https:\/\/cvinoticias.com\/v3\/wp-json\/wp\/v2\/categories?post=30799"},{"taxonomy":"post_tag","embeddable":true,"href":"https:\/\/cvinoticias.com\/v3\/wp-json\/wp\/v2\/tags?post=30799"}],"curies":[{"name":"wp","href":"https:\/\/api.w.org\/{rel}","templated":true}]}}