{"id":30781,"date":"2023-12-10T17:45:11","date_gmt":"2023-12-10T20:45:11","guid":{"rendered":"https:\/\/cvinoticias.com\/v3\/?p=30781"},"modified":"2023-12-10T17:45:11","modified_gmt":"2023-12-10T20:45:11","slug":"passalacqua-puso-en-funciones-al-nuevo-equipo-de-gabinete-del-poder-ejecutivo-provincial","status":"publish","type":"post","link":"https:\/\/cvinoticias.com\/v3\/passalacqua-puso-en-funciones-al-nuevo-equipo-de-gabinete-del-poder-ejecutivo-provincial\/","title":{"rendered":"Passalacqua puso en funciones al nuevo equipo de gabinete del poder Ejecutivo Provincial"},"content":{"rendered":"\n<p><strong><em>El gobernador, acompa\u00f1ado del vicegobernador Lucas Romero Spinelli, present\u00f3 al gabinete provincial que acompa\u00f1ar\u00e1 su gesti\u00f3n de gobierno. Luego tom\u00f3 juramento y puso en funciones a los ministros y ministras que conforman el nuevo equipo de gobierno. Durante la jura, el flamante mandatario enfatiz\u00f3 en la necesidad de seguir siendo muy responsables con el manejo de los recursos de los misioneros y continuar con una provincia con cuentas ordenadas.<\/em><\/strong><\/p>\n\n\n\n<p>Esta ma\u00f1ana, en la Sala de Situaci\u00f3n de la Casa de Gobierno, el flamante gobernador Hugo Passalacqua, junto al vicegobernador Lucas Romero Spinelli, tom\u00f3 juramento a los ministros y ministras que formar\u00e1n el equipo de gobierno del gabinete provincial.<\/p>\n\n\n\n<p>En la ocasi\u00f3n, el titular del Poder Ejecutivo enfatiz\u00f3 la necesidad seguir una gesti\u00f3n responsable manejo de los recursos de los misioneros, como tambi\u00e9n con una administraci\u00f3n de puertas abiertas y cercana a los ciudadanos y ciudadanas.<\/p>\n\n\n\n<p><strong>EL NUEVO EQUIPO DE GABINETE<\/strong><\/p>\n\n\n\n<figure class=\"wp-block-image size-full\"><a href=\"https:\/\/cvinoticias.com\/wp-content\/uploads\/2023\/12\/asume-gonzalez.jpg.webp\"><img decoding=\"async\" width=\"681\" height=\"513\" data-src=\"https:\/\/cvinoticias.com\/wp-content\/uploads\/2023\/12\/asume-gonzalez.jpg.webp\" alt=\"\" class=\"wp-image-30783 lazyload\" src=\"data:image\/svg+xml;base64,PHN2ZyB3aWR0aD0iMSIgaGVpZ2h0PSIxIiB4bWxucz0iaHR0cDovL3d3dy53My5vcmcvMjAwMC9zdmciPjwvc3ZnPg==\" style=\"--smush-placeholder-width: 681px; --smush-placeholder-aspect-ratio: 681\/513;\" \/><\/a><\/figure>\n\n\n\n<p>En detalle, los titulares de la cartera de ministros y organismos provinciales est\u00e1 conformada de la siguiente manera:<\/p>\n\n\n\n<p><strong>MINISTERIOS<\/strong>:<\/p>\n\n\n\n<figure class=\"wp-block-image size-full\"><a href=\"https:\/\/cvinoticias.com\/wp-content\/uploads\/2023\/12\/asume-gonzalez.jpg-1.webp\"><img decoding=\"async\" width=\"681\" height=\"513\" data-src=\"https:\/\/cvinoticias.com\/wp-content\/uploads\/2023\/12\/asume-gonzalez.jpg-1.webp\" alt=\"\" class=\"wp-image-30786 lazyload\" src=\"data:image\/svg+xml;base64,PHN2ZyB3aWR0aD0iMSIgaGVpZ2h0PSIxIiB4bWxucz0iaHR0cDovL3d3dy53My5vcmcvMjAwMC9zdmciPjwvc3ZnPg==\" style=\"--smush-placeholder-width: 681px; --smush-placeholder-aspect-ratio: 681\/513;\" \/><\/a><\/figure>\n\n\n\n<ul class=\"wp-block-list\">\n<li>Ministerio de Coordinaci\u00f3n General de Gabinete: H\u00e9ctor \u201cKico\u201d Llera<\/li>\n\n\n\n<li>Ministerio de Hacienda, Finanzas, Obras y Servicios P\u00fablicos: Adolfo Safr\u00e1n<\/li>\n\n\n\n<li>Ministerio de Gobierno: Marcelo P\u00e9rez<\/li>\n\n\n\n<li>Ministerio de Salud: H\u00e9ctor Gonz\u00e1lez<\/li>\n\n\n\n<li>Ministerio de Ecolog\u00eda y Recursos Naturales Renovables: Mart\u00edn Recam\u00e1n<\/li>\n\n\n\n<li>Ministerio de Industria: Federico Fachinello<\/li>\n\n\n\n<li>Ministerio de Deportes: Aldo Steinhorst<\/li>\n\n\n\n<li>Ministerio del Agro y la Producci\u00f3n: Facundo L\u00f3pez Sartori<\/li>\n\n\n\n<li>Ministerio de Desarrollo Social, la Mujer y la Juventud: Fernando Meza<\/li>\n\n\n\n<li>Ministerio de Acci\u00f3n Cooperativa, Mutual, Comercio e Integraci\u00f3n: Liliana Rodr\u00edguez<\/li>\n\n\n\n<li>Ministerio de Trabajo y Empleo: Silvana Gim\u00e9nez<\/li>\n\n\n\n<li>Ministerio de Derechos Humanos: Karina Aguirre<\/li>\n\n\n\n<li>Ministerio de Turismo: Jos\u00e9 Mar\u00eda Arr\u00faa<\/li>\n\n\n\n<li>Ministerio de Educaci\u00f3n, Ciencia y Tecnolog\u00eda: Miguel Sedoff<\/li>\n<\/ul>\n\n\n\n<p><strong>SECRETAR\u00cdAS DE ESTADO:<\/strong><\/p>\n\n\n\n<figure class=\"wp-block-image size-full\"><a href=\"https:\/\/cvinoticias.com\/wp-content\/uploads\/2023\/12\/IMG_1762.jpg.webp\"><img decoding=\"async\" width=\"768\" height=\"512\" data-src=\"https:\/\/cvinoticias.com\/wp-content\/uploads\/2023\/12\/IMG_1762.jpg.webp\" alt=\"\" class=\"wp-image-30784 lazyload\" src=\"data:image\/svg+xml;base64,PHN2ZyB3aWR0aD0iMSIgaGVpZ2h0PSIxIiB4bWxucz0iaHR0cDovL3d3dy53My5vcmcvMjAwMC9zdmciPjwvc3ZnPg==\" style=\"--smush-placeholder-width: 768px; --smush-placeholder-aspect-ratio: 768\/512;\" \/><\/a><\/figure>\n\n\n\n<ul class=\"wp-block-list\">\n<li>Secretar\u00eda de Energ\u00eda: Paolo Quintana<\/li>\n\n\n\n<li>Secretar\u00eda de Cultura: Joselo Schuap<\/li>\n\n\n\n<li>Secretar\u00eda de Agricultura Familiar: Marta Ferreira<\/li>\n\n\n\n<li>Secretar\u00eda de Cambio Clim\u00e1tico: Gervasio Malagrida<\/li>\n\n\n\n<li>Secretar\u00eda de Prevenci\u00f3n de Adicciones y Control de Drogas: Samuel L\u00f3pez<\/li>\n<\/ul>\n\n\n\n<p>Adem\u00e1s, los entes descentralizados y aut\u00e1rquicos quedaron compuestos de la siguiente manera:<\/p>\n\n\n\n<ul class=\"wp-block-list\">\n<li>IPRODHA: Juan Carlos Pereira<\/li>\n\n\n\n<li>IPS: Lisandro Benmaor<\/li>\n\n\n\n<li>Direcci\u00f3n Provincial de Vialidad: Sebasti\u00e1n Mac\u00edas<\/li>\n\n\n\n<li>Instituto de Macroeconom\u00eda Circular: Roque Gervasoni<\/li>\n\n\n\n<li>EPRAC: Soledad Bal\u00e1n<\/li>\n\n\n\n<li>IMAS: Joaqu\u00edn S\u00e1nchez<\/li>\n\n\n\n<li>Unidad Ejecutora Provincial: Ver\u00f3nica Adriana Bezus<\/li>\n<\/ul>\n\n\n\n<p><strong>Sociedades del Estado:<\/strong><\/p>\n\n\n\n<ul class=\"wp-block-list\">\n<li>Marand\u00fa: Daniel Pedro Cid<\/li>\n\n\n\n<li>IPLyC SE: H\u00e9ctor Rojas Decut<\/li>\n\n\n\n<li>Aguas de las Misiones: \u00c1ngel Ismael Vallejos Larrea<\/li>\n\n\n\n<li>Sociedad del Conocimiento SAPEM: Claudia Gauto<\/li>\n\n\n\n<li>Administraci\u00f3n Portuaria Posadas-Santa Ana: Ricardo Babiak<\/li>\n\n\n\n<li>Parque Industrial: Christian Piatti<\/li>\n\n\n\n<li>Multimedios SAPEM: Ra\u00fal Casta\u00f1o<\/li>\n\n\n\n<li>Silicon Misiones: Siomara Vitto<\/li>\n\n\n\n<li>Fondo de Cr\u00e9dito Misiones: Germ\u00e1n Simes<\/li>\n\n\n\n<li>Energ\u00eda de Misiones: Virginia Kluka<\/li>\n\n\n\n<li>Biof\u00e1brica: Leonardo Mart\u00edn Morzan<\/li>\n\n\n\n<li>Mercado Central: Fernando Sebasti\u00e1n Toledo<\/li>\n\n\n\n<li>Misiopharma: Francisco Malica<\/li>\n<\/ul>\n\n\n\n<figure class=\"wp-block-image size-full\"><a href=\"https:\/\/cvinoticias.com\/wp-content\/uploads\/2023\/12\/20231210115924_IMG_1522-1200x857.jpg.webp\"><img decoding=\"async\" width=\"1200\" height=\"857\" data-src=\"https:\/\/cvinoticias.com\/wp-content\/uploads\/2023\/12\/20231210115924_IMG_1522-1200x857.jpg.webp\" alt=\"\" class=\"wp-image-30785 lazyload\" src=\"data:image\/svg+xml;base64,PHN2ZyB3aWR0aD0iMSIgaGVpZ2h0PSIxIiB4bWxucz0iaHR0cDovL3d3dy53My5vcmcvMjAwMC9zdmciPjwvc3ZnPg==\" style=\"--smush-placeholder-width: 1200px; --smush-placeholder-aspect-ratio: 1200\/857;\" \/><\/a><\/figure>\n","protected":false},"excerpt":{"rendered":"<p>El gobernador, acompa\u00f1ado del vicegobernador Lucas Romero Spinelli, present\u00f3 al gabinete provincial que acompa\u00f1ar\u00e1 su gesti\u00f3n de gobierno. Luego tom\u00f3 juramento y puso en funciones a los ministros y ministras que conforman el nuevo equipo de gobierno. Durante la jura, el flamante mandatario enfatiz\u00f3 en la necesidad de seguir siendo muy responsables con el manejo [&hellip;]<\/p>\n","protected":false},"author":2,"featured_media":30782,"comment_status":"open","ping_status":"open","sticky":false,"template":"","format":"standard","meta":{"footnotes":""},"categories":[42],"tags":[],"class_list":["post-30781","post","type-post","status-publish","format-standard","has-post-thumbnail","hentry","category-politica"],"yoast_head":"<!-- This site is optimized with the Yoast SEO plugin v27.5 - https:\/\/yoast.com\/product\/yoast-seo-wordpress\/ -->\n<title>Passalacqua puso en funciones al nuevo equipo de gabinete del poder Ejecutivo Provincial | CVI NOTICIAS<\/title>\n<meta name=\"robots\" content=\"index, follow, max-snippet:-1, max-image-preview:large, max-video-preview:-1\" \/>\n<link rel=\"canonical\" href=\"https:\/\/cvinoticias.com\/v3\/passalacqua-puso-en-funciones-al-nuevo-equipo-de-gabinete-del-poder-ejecutivo-provincial\/\" \/>\n<meta property=\"og:locale\" content=\"es_ES\" \/>\n<meta property=\"og:type\" content=\"article\" \/>\n<meta property=\"og:title\" content=\"Passalacqua puso en funciones al nuevo equipo de gabinete del poder Ejecutivo Provincial | CVI NOTICIAS\" \/>\n<meta property=\"og:description\" content=\"El gobernador, acompa\u00f1ado del vicegobernador Lucas Romero Spinelli, present\u00f3 al gabinete provincial que acompa\u00f1ar\u00e1 su gesti\u00f3n de gobierno. Luego tom\u00f3 juramento y puso en funciones a los ministros y ministras que conforman el nuevo equipo de gobierno. Durante la jura, el flamante mandatario enfatiz\u00f3 en la necesidad de seguir siendo muy responsables con el manejo [&hellip;]\" \/>\n<meta property=\"og:url\" content=\"https:\/\/cvinoticias.com\/v3\/passalacqua-puso-en-funciones-al-nuevo-equipo-de-gabinete-del-poder-ejecutivo-provincial\/\" \/>\n<meta property=\"og:site_name\" content=\"CVI NOTICIAS\" \/>\n<meta property=\"article:publisher\" content=\"https:\/\/www.facebook.com\/cvinoticias\" \/>\n<meta property=\"article:published_time\" content=\"2023-12-10T20:45:11+00:00\" \/>\n<meta property=\"og:image\" content=\"https:\/\/cvinoticias.com\/wp-content\/uploads\/2023\/12\/arrua-asume-1.jpg.webp\" \/>\n\t<meta property=\"og:image:width\" content=\"757\" \/>\n\t<meta property=\"og:image:height\" content=\"487\" \/>\n\t<meta property=\"og:image:type\" content=\"image\/webp\" \/>\n<meta name=\"author\" content=\"f1000024\" \/>\n<meta name=\"twitter:card\" content=\"summary_large_image\" \/>\n<meta name=\"twitter:label1\" content=\"Escrito por\" \/>\n\t<meta name=\"twitter:data1\" content=\"f1000024\" \/>\n\t<meta name=\"twitter:label2\" content=\"Tiempo de lectura\" \/>\n\t<meta name=\"twitter:data2\" content=\"2 minutos\" \/>\n<script type=\"application\/ld+json\" class=\"yoast-schema-graph\">{\"@context\":\"https:\\\/\\\/schema.org\",\"@graph\":[{\"@type\":\"Article\",\"@id\":\"https:\\\/\\\/cvinoticias.com\\\/v3\\\/passalacqua-puso-en-funciones-al-nuevo-equipo-de-gabinete-del-poder-ejecutivo-provincial\\\/#article\",\"isPartOf\":{\"@id\":\"https:\\\/\\\/cvinoticias.com\\\/v3\\\/passalacqua-puso-en-funciones-al-nuevo-equipo-de-gabinete-del-poder-ejecutivo-provincial\\\/\"},\"author\":{\"name\":\"f1000024\",\"@id\":\"https:\\\/\\\/cvinoticias.com\\\/v3\\\/#\\\/schema\\\/person\\\/2db77e3c6bc03c538495d7b2b8be9b66\"},\"headline\":\"Passalacqua puso en funciones al nuevo equipo de gabinete del poder Ejecutivo Provincial\",\"datePublished\":\"2023-12-10T20:45:11+00:00\",\"mainEntityOfPage\":{\"@id\":\"https:\\\/\\\/cvinoticias.com\\\/v3\\\/passalacqua-puso-en-funciones-al-nuevo-equipo-de-gabinete-del-poder-ejecutivo-provincial\\\/\"},\"wordCount\":493,\"commentCount\":0,\"publisher\":{\"@id\":\"https:\\\/\\\/cvinoticias.com\\\/v3\\\/#organization\"},\"image\":{\"@id\":\"https:\\\/\\\/cvinoticias.com\\\/v3\\\/passalacqua-puso-en-funciones-al-nuevo-equipo-de-gabinete-del-poder-ejecutivo-provincial\\\/#primaryimage\"},\"thumbnailUrl\":\"https:\\\/\\\/cvinoticias.com\\\/wp-content\\\/uploads\\\/2023\\\/12\\\/arrua-asume-1.jpg.webp\",\"articleSection\":[\"Politica\"],\"inLanguage\":\"es\",\"potentialAction\":[{\"@type\":\"CommentAction\",\"name\":\"Comment\",\"target\":[\"https:\\\/\\\/cvinoticias.com\\\/v3\\\/passalacqua-puso-en-funciones-al-nuevo-equipo-de-gabinete-del-poder-ejecutivo-provincial\\\/#respond\"]}]},{\"@type\":\"WebPage\",\"@id\":\"https:\\\/\\\/cvinoticias.com\\\/v3\\\/passalacqua-puso-en-funciones-al-nuevo-equipo-de-gabinete-del-poder-ejecutivo-provincial\\\/\",\"url\":\"https:\\\/\\\/cvinoticias.com\\\/v3\\\/passalacqua-puso-en-funciones-al-nuevo-equipo-de-gabinete-del-poder-ejecutivo-provincial\\\/\",\"name\":\"Passalacqua puso en funciones al nuevo equipo de gabinete del poder Ejecutivo Provincial | CVI NOTICIAS\",\"isPartOf\":{\"@id\":\"https:\\\/\\\/cvinoticias.com\\\/v3\\\/#website\"},\"primaryImageOfPage\":{\"@id\":\"https:\\\/\\\/cvinoticias.com\\\/v3\\\/passalacqua-puso-en-funciones-al-nuevo-equipo-de-gabinete-del-poder-ejecutivo-provincial\\\/#primaryimage\"},\"image\":{\"@id\":\"https:\\\/\\\/cvinoticias.com\\\/v3\\\/passalacqua-puso-en-funciones-al-nuevo-equipo-de-gabinete-del-poder-ejecutivo-provincial\\\/#primaryimage\"},\"thumbnailUrl\":\"https:\\\/\\\/cvinoticias.com\\\/wp-content\\\/uploads\\\/2023\\\/12\\\/arrua-asume-1.jpg.webp\",\"datePublished\":\"2023-12-10T20:45:11+00:00\",\"breadcrumb\":{\"@id\":\"https:\\\/\\\/cvinoticias.com\\\/v3\\\/passalacqua-puso-en-funciones-al-nuevo-equipo-de-gabinete-del-poder-ejecutivo-provincial\\\/#breadcrumb\"},\"inLanguage\":\"es\",\"potentialAction\":[{\"@type\":\"ReadAction\",\"target\":[\"https:\\\/\\\/cvinoticias.com\\\/v3\\\/passalacqua-puso-en-funciones-al-nuevo-equipo-de-gabinete-del-poder-ejecutivo-provincial\\\/\"]}]},{\"@type\":\"ImageObject\",\"inLanguage\":\"es\",\"@id\":\"https:\\\/\\\/cvinoticias.com\\\/v3\\\/passalacqua-puso-en-funciones-al-nuevo-equipo-de-gabinete-del-poder-ejecutivo-provincial\\\/#primaryimage\",\"url\":\"https:\\\/\\\/cvinoticias.com\\\/wp-content\\\/uploads\\\/2023\\\/12\\\/arrua-asume-1.jpg.webp\",\"contentUrl\":\"https:\\\/\\\/cvinoticias.com\\\/wp-content\\\/uploads\\\/2023\\\/12\\\/arrua-asume-1.jpg.webp\",\"width\":757,\"height\":487},{\"@type\":\"BreadcrumbList\",\"@id\":\"https:\\\/\\\/cvinoticias.com\\\/v3\\\/passalacqua-puso-en-funciones-al-nuevo-equipo-de-gabinete-del-poder-ejecutivo-provincial\\\/#breadcrumb\",\"itemListElement\":[{\"@type\":\"ListItem\",\"position\":1,\"name\":\"Portada\",\"item\":\"https:\\\/\\\/cvinoticias.com\\\/v3\\\/\"},{\"@type\":\"ListItem\",\"position\":2,\"name\":\"Passalacqua puso en funciones al nuevo equipo de gabinete del poder Ejecutivo Provincial\"}]},{\"@type\":\"WebSite\",\"@id\":\"https:\\\/\\\/cvinoticias.com\\\/v3\\\/#website\",\"url\":\"https:\\\/\\\/cvinoticias.com\\\/v3\\\/\",\"name\":\"CVI NOTICIAS\",\"description\":\"\",\"publisher\":{\"@id\":\"https:\\\/\\\/cvinoticias.com\\\/v3\\\/#organization\"},\"alternateName\":\"CVI\",\"potentialAction\":[{\"@type\":\"SearchAction\",\"target\":{\"@type\":\"EntryPoint\",\"urlTemplate\":\"https:\\\/\\\/cvinoticias.com\\\/v3\\\/?s={search_term_string}\"},\"query-input\":{\"@type\":\"PropertyValueSpecification\",\"valueRequired\":true,\"valueName\":\"search_term_string\"}}],\"inLanguage\":\"es\"},{\"@type\":\"Organization\",\"@id\":\"https:\\\/\\\/cvinoticias.com\\\/v3\\\/#organization\",\"name\":\"CVI NOTICIAS\",\"url\":\"https:\\\/\\\/cvinoticias.com\\\/v3\\\/\",\"logo\":{\"@type\":\"ImageObject\",\"inLanguage\":\"es\",\"@id\":\"https:\\\/\\\/cvinoticias.com\\\/v3\\\/#\\\/schema\\\/logo\\\/image\\\/\",\"url\":\"https:\\\/\\\/cvinoticias.com\\\/wp-content\\\/uploads\\\/2023\\\/04\\\/cropped-cropped-cropped-cropped-cropped-3-1.png\",\"contentUrl\":\"https:\\\/\\\/cvinoticias.com\\\/wp-content\\\/uploads\\\/2023\\\/04\\\/cropped-cropped-cropped-cropped-cropped-3-1.png\",\"width\":95,\"height\":122,\"caption\":\"CVI NOTICIAS\"},\"image\":{\"@id\":\"https:\\\/\\\/cvinoticias.com\\\/v3\\\/#\\\/schema\\\/logo\\\/image\\\/\"},\"sameAs\":[\"https:\\\/\\\/www.facebook.com\\\/cvinoticias\",\"https:\\\/\\\/www.instagram.com\\\/cvinoticias\\\/\",\"https:\\\/\\\/www.youtube.com\\\/@CVINOTICIAS\"]},{\"@type\":\"Person\",\"@id\":\"https:\\\/\\\/cvinoticias.com\\\/v3\\\/#\\\/schema\\\/person\\\/2db77e3c6bc03c538495d7b2b8be9b66\",\"name\":\"f1000024\",\"image\":{\"@type\":\"ImageObject\",\"inLanguage\":\"es\",\"@id\":\"https:\\\/\\\/secure.gravatar.com\\\/avatar\\\/d4fe7459cfc51ff5129ce1a732bbef5928568b8092d412ef95611616376bbeed?s=96&d=mm&r=g\",\"url\":\"https:\\\/\\\/secure.gravatar.com\\\/avatar\\\/d4fe7459cfc51ff5129ce1a732bbef5928568b8092d412ef95611616376bbeed?s=96&d=mm&r=g\",\"contentUrl\":\"https:\\\/\\\/secure.gravatar.com\\\/avatar\\\/d4fe7459cfc51ff5129ce1a732bbef5928568b8092d412ef95611616376bbeed?s=96&d=mm&r=g\",\"caption\":\"f1000024\"},\"url\":\"https:\\\/\\\/cvinoticias.com\\\/v3\\\/author\\\/f1000024\\\/\"}]}<\/script>\n<!-- \/ Yoast SEO plugin. -->","yoast_head_json":{"title":"Passalacqua puso en funciones al nuevo equipo de gabinete del poder Ejecutivo Provincial | CVI NOTICIAS","robots":{"index":"index","follow":"follow","max-snippet":"max-snippet:-1","max-image-preview":"max-image-preview:large","max-video-preview":"max-video-preview:-1"},"canonical":"https:\/\/cvinoticias.com\/v3\/passalacqua-puso-en-funciones-al-nuevo-equipo-de-gabinete-del-poder-ejecutivo-provincial\/","og_locale":"es_ES","og_type":"article","og_title":"Passalacqua puso en funciones al nuevo equipo de gabinete del poder Ejecutivo Provincial | CVI NOTICIAS","og_description":"El gobernador, acompa\u00f1ado del vicegobernador Lucas Romero Spinelli, present\u00f3 al gabinete provincial que acompa\u00f1ar\u00e1 su gesti\u00f3n de gobierno. Luego tom\u00f3 juramento y puso en funciones a los ministros y ministras que conforman el nuevo equipo de gobierno. Durante la jura, el flamante mandatario enfatiz\u00f3 en la necesidad de seguir siendo muy responsables con el manejo [&hellip;]","og_url":"https:\/\/cvinoticias.com\/v3\/passalacqua-puso-en-funciones-al-nuevo-equipo-de-gabinete-del-poder-ejecutivo-provincial\/","og_site_name":"CVI NOTICIAS","article_publisher":"https:\/\/www.facebook.com\/cvinoticias","article_published_time":"2023-12-10T20:45:11+00:00","og_image":[{"width":757,"height":487,"url":"https:\/\/cvinoticias.com\/wp-content\/uploads\/2023\/12\/arrua-asume-1.jpg.webp","type":"image\/webp"}],"author":"f1000024","twitter_card":"summary_large_image","twitter_misc":{"Escrito por":"f1000024","Tiempo de lectura":"2 minutos"},"schema":{"@context":"https:\/\/schema.org","@graph":[{"@type":"Article","@id":"https:\/\/cvinoticias.com\/v3\/passalacqua-puso-en-funciones-al-nuevo-equipo-de-gabinete-del-poder-ejecutivo-provincial\/#article","isPartOf":{"@id":"https:\/\/cvinoticias.com\/v3\/passalacqua-puso-en-funciones-al-nuevo-equipo-de-gabinete-del-poder-ejecutivo-provincial\/"},"author":{"name":"f1000024","@id":"https:\/\/cvinoticias.com\/v3\/#\/schema\/person\/2db77e3c6bc03c538495d7b2b8be9b66"},"headline":"Passalacqua puso en funciones al nuevo equipo de gabinete del poder Ejecutivo Provincial","datePublished":"2023-12-10T20:45:11+00:00","mainEntityOfPage":{"@id":"https:\/\/cvinoticias.com\/v3\/passalacqua-puso-en-funciones-al-nuevo-equipo-de-gabinete-del-poder-ejecutivo-provincial\/"},"wordCount":493,"commentCount":0,"publisher":{"@id":"https:\/\/cvinoticias.com\/v3\/#organization"},"image":{"@id":"https:\/\/cvinoticias.com\/v3\/passalacqua-puso-en-funciones-al-nuevo-equipo-de-gabinete-del-poder-ejecutivo-provincial\/#primaryimage"},"thumbnailUrl":"https:\/\/cvinoticias.com\/wp-content\/uploads\/2023\/12\/arrua-asume-1.jpg.webp","articleSection":["Politica"],"inLanguage":"es","potentialAction":[{"@type":"CommentAction","name":"Comment","target":["https:\/\/cvinoticias.com\/v3\/passalacqua-puso-en-funciones-al-nuevo-equipo-de-gabinete-del-poder-ejecutivo-provincial\/#respond"]}]},{"@type":"WebPage","@id":"https:\/\/cvinoticias.com\/v3\/passalacqua-puso-en-funciones-al-nuevo-equipo-de-gabinete-del-poder-ejecutivo-provincial\/","url":"https:\/\/cvinoticias.com\/v3\/passalacqua-puso-en-funciones-al-nuevo-equipo-de-gabinete-del-poder-ejecutivo-provincial\/","name":"Passalacqua puso en funciones al nuevo equipo de gabinete del poder Ejecutivo Provincial | CVI NOTICIAS","isPartOf":{"@id":"https:\/\/cvinoticias.com\/v3\/#website"},"primaryImageOfPage":{"@id":"https:\/\/cvinoticias.com\/v3\/passalacqua-puso-en-funciones-al-nuevo-equipo-de-gabinete-del-poder-ejecutivo-provincial\/#primaryimage"},"image":{"@id":"https:\/\/cvinoticias.com\/v3\/passalacqua-puso-en-funciones-al-nuevo-equipo-de-gabinete-del-poder-ejecutivo-provincial\/#primaryimage"},"thumbnailUrl":"https:\/\/cvinoticias.com\/wp-content\/uploads\/2023\/12\/arrua-asume-1.jpg.webp","datePublished":"2023-12-10T20:45:11+00:00","breadcrumb":{"@id":"https:\/\/cvinoticias.com\/v3\/passalacqua-puso-en-funciones-al-nuevo-equipo-de-gabinete-del-poder-ejecutivo-provincial\/#breadcrumb"},"inLanguage":"es","potentialAction":[{"@type":"ReadAction","target":["https:\/\/cvinoticias.com\/v3\/passalacqua-puso-en-funciones-al-nuevo-equipo-de-gabinete-del-poder-ejecutivo-provincial\/"]}]},{"@type":"ImageObject","inLanguage":"es","@id":"https:\/\/cvinoticias.com\/v3\/passalacqua-puso-en-funciones-al-nuevo-equipo-de-gabinete-del-poder-ejecutivo-provincial\/#primaryimage","url":"https:\/\/cvinoticias.com\/wp-content\/uploads\/2023\/12\/arrua-asume-1.jpg.webp","contentUrl":"https:\/\/cvinoticias.com\/wp-content\/uploads\/2023\/12\/arrua-asume-1.jpg.webp","width":757,"height":487},{"@type":"BreadcrumbList","@id":"https:\/\/cvinoticias.com\/v3\/passalacqua-puso-en-funciones-al-nuevo-equipo-de-gabinete-del-poder-ejecutivo-provincial\/#breadcrumb","itemListElement":[{"@type":"ListItem","position":1,"name":"Portada","item":"https:\/\/cvinoticias.com\/v3\/"},{"@type":"ListItem","position":2,"name":"Passalacqua puso en funciones al nuevo equipo de gabinete del poder Ejecutivo Provincial"}]},{"@type":"WebSite","@id":"https:\/\/cvinoticias.com\/v3\/#website","url":"https:\/\/cvinoticias.com\/v3\/","name":"CVI NOTICIAS","description":"","publisher":{"@id":"https:\/\/cvinoticias.com\/v3\/#organization"},"alternateName":"CVI","potentialAction":[{"@type":"SearchAction","target":{"@type":"EntryPoint","urlTemplate":"https:\/\/cvinoticias.com\/v3\/?s={search_term_string}"},"query-input":{"@type":"PropertyValueSpecification","valueRequired":true,"valueName":"search_term_string"}}],"inLanguage":"es"},{"@type":"Organization","@id":"https:\/\/cvinoticias.com\/v3\/#organization","name":"CVI NOTICIAS","url":"https:\/\/cvinoticias.com\/v3\/","logo":{"@type":"ImageObject","inLanguage":"es","@id":"https:\/\/cvinoticias.com\/v3\/#\/schema\/logo\/image\/","url":"https:\/\/cvinoticias.com\/wp-content\/uploads\/2023\/04\/cropped-cropped-cropped-cropped-cropped-3-1.png","contentUrl":"https:\/\/cvinoticias.com\/wp-content\/uploads\/2023\/04\/cropped-cropped-cropped-cropped-cropped-3-1.png","width":95,"height":122,"caption":"CVI NOTICIAS"},"image":{"@id":"https:\/\/cvinoticias.com\/v3\/#\/schema\/logo\/image\/"},"sameAs":["https:\/\/www.facebook.com\/cvinoticias","https:\/\/www.instagram.com\/cvinoticias\/","https:\/\/www.youtube.com\/@CVINOTICIAS"]},{"@type":"Person","@id":"https:\/\/cvinoticias.com\/v3\/#\/schema\/person\/2db77e3c6bc03c538495d7b2b8be9b66","name":"f1000024","image":{"@type":"ImageObject","inLanguage":"es","@id":"https:\/\/secure.gravatar.com\/avatar\/d4fe7459cfc51ff5129ce1a732bbef5928568b8092d412ef95611616376bbeed?s=96&d=mm&r=g","url":"https:\/\/secure.gravatar.com\/avatar\/d4fe7459cfc51ff5129ce1a732bbef5928568b8092d412ef95611616376bbeed?s=96&d=mm&r=g","contentUrl":"https:\/\/secure.gravatar.com\/avatar\/d4fe7459cfc51ff5129ce1a732bbef5928568b8092d412ef95611616376bbeed?s=96&d=mm&r=g","caption":"f1000024"},"url":"https:\/\/cvinoticias.com\/v3\/author\/f1000024\/"}]}},"_links":{"self":[{"href":"https:\/\/cvinoticias.com\/v3\/wp-json\/wp\/v2\/posts\/30781","targetHints":{"allow":["GET"]}}],"collection":[{"href":"https:\/\/cvinoticias.com\/v3\/wp-json\/wp\/v2\/posts"}],"about":[{"href":"https:\/\/cvinoticias.com\/v3\/wp-json\/wp\/v2\/types\/post"}],"author":[{"embeddable":true,"href":"https:\/\/cvinoticias.com\/v3\/wp-json\/wp\/v2\/users\/2"}],"replies":[{"embeddable":true,"href":"https:\/\/cvinoticias.com\/v3\/wp-json\/wp\/v2\/comments?post=30781"}],"version-history":[{"count":1,"href":"https:\/\/cvinoticias.com\/v3\/wp-json\/wp\/v2\/posts\/30781\/revisions"}],"predecessor-version":[{"id":30787,"href":"https:\/\/cvinoticias.com\/v3\/wp-json\/wp\/v2\/posts\/30781\/revisions\/30787"}],"wp:featuredmedia":[{"embeddable":true,"href":"https:\/\/cvinoticias.com\/v3\/wp-json\/wp\/v2\/media\/30782"}],"wp:attachment":[{"href":"https:\/\/cvinoticias.com\/v3\/wp-json\/wp\/v2\/media?parent=30781"}],"wp:term":[{"taxonomy":"category","embeddable":true,"href":"https:\/\/cvinoticias.com\/v3\/wp-json\/wp\/v2\/categories?post=30781"},{"taxonomy":"post_tag","embeddable":true,"href":"https:\/\/cvinoticias.com\/v3\/wp-json\/wp\/v2\/tags?post=30781"}],"curies":[{"name":"wp","href":"https:\/\/api.w.org\/{rel}","templated":true}]}}