{"id":30774,"date":"2023-12-10T16:13:28","date_gmt":"2023-12-10T19:13:28","guid":{"rendered":"https:\/\/cvinoticias.com\/v3\/?p=30774"},"modified":"2023-12-10T16:13:28","modified_gmt":"2023-12-10T19:13:28","slug":"de-renovacion-contrastes-y-mandatos","status":"publish","type":"post","link":"https:\/\/cvinoticias.com\/v3\/de-renovacion-contrastes-y-mandatos\/","title":{"rendered":"De Renovaci\u00f3n, Contrastes y Mandatos"},"content":{"rendered":"\n<p><strong><em>Hugo Passalacqua y Lucas Romero Spinelli asumieron como gobernador y vicegobernador de Misiones, donde gobernar\u00e1n hasta el 2027 como el mandato misionero lo indic\u00f3. Adem\u00e1s, juraron los nuevos diputados provinciales que resultaron electos el 7 de mayo, seguida de la elecci\u00f3n de Oscar herrera Ahuad como presidente de la legislatura provincial, el mismo fue propuesto por el Ing. Carlos Rovira.<\/em><\/strong><\/p>\n\n\n\n<p><strong>Por Fernando Retamozo. Polit\u00f3logo y Periodista<\/strong><\/p>\n\n\n\n<p>Una de las principales tareas de la pol\u00edtica es establecer certidumbres para todos los ciudadanos, esto es construido sobre fuertes pilares de estabilidad y previsibilidad que permiten a la sociedad planificar una vida personal, conjuntamente con proyectos en el futuro, lo cual se configura a trav\u00e9s de un orden pol\u00edtico cimentado con total legitimidad y autoridad por un r\u00e9gimen pol\u00edtico.<\/p>\n\n\n\n<p>La Renovaci\u00f3n no solo sostiene este modelo, sino que est\u00e1 en un constante movimiento que evoluciona e innova, liderando las transformaciones de la sociedad en lo social, lo cultural y lo econ\u00f3mico, teniendo al aggiornamento pol\u00edtico como algo propio y normal.<\/p>\n\n\n\n<p>Por ello, este domingo asumieron la dupla de gobernador y vicegobernador que el pasado 7 de mayo fue elegida por m\u00e1s del 70% de los misioneros, o sea siete de cada diez, decidi\u00f3 que tanto Hugo Passalacqua, como Lucas Romero Spinelli sean electos en el ejecutivo provincial, con mayor\u00eda en la C\u00e1mara de Representantes, y que en 76 de los 78 municipios sean electos intendentes Renovadores.<br>\u201cNunca esta lanza va a intentar trabar la rueda del carro del que est\u00e1 gobernando la naci\u00f3n, ya que nosotros venimos a construir\u201d, destac\u00f3 Passalacqua.<\/p>\n\n\n\n<p>En esta l\u00ednea, en la jornada de jura adem\u00e1s de la asunci\u00f3n del nuevo gobernador y vicegobernador electos, se convirti\u00f3 en el nuevo presidente de la legislatura Oscar Herrera Ahuad, considerado por el Ing. Carlos Rovira y por distintas encuestas como el \u201cmejor gobernador de la Argentina\u201d.<br>\u201cVengo a comprometerme a trabajar en conjunto, escuchando a la mayor\u00eda y no respondiendo a intereses minoritarios de espaldas del inter\u00e9s popular\u201d, concluy\u00f3 Herrera Ahuad.<\/p>\n\n\n\n<figure class=\"wp-block-image size-large\"><a href=\"https:\/\/cvinoticias.com\/wp-content\/uploads\/2023\/12\/IMG-20231210-WA0126.jpg\"><img decoding=\"async\" width=\"1024\" height=\"682\" data-src=\"https:\/\/cvinoticias.com\/wp-content\/uploads\/2023\/12\/IMG-20231210-WA0126-1024x682.jpg\" alt=\"\" class=\"wp-image-30776 lazyload\" data-srcset=\"https:\/\/cvinoticias.com\/wp-content\/uploads\/2023\/12\/IMG-20231210-WA0126-1024x682.jpg 1024w, https:\/\/cvinoticias.com\/wp-content\/uploads\/2023\/12\/IMG-20231210-WA0126-300x200.jpg 300w, https:\/\/cvinoticias.com\/wp-content\/uploads\/2023\/12\/IMG-20231210-WA0126-768x512.jpg 768w, https:\/\/cvinoticias.com\/wp-content\/uploads\/2023\/12\/IMG-20231210-WA0126-1536x1023.jpg 1536w, https:\/\/cvinoticias.com\/wp-content\/uploads\/2023\/12\/IMG-20231210-WA0126.jpg 1600w\" data-sizes=\"(max-width: 1024px) 100vw, 1024px\" src=\"data:image\/svg+xml;base64,PHN2ZyB3aWR0aD0iMSIgaGVpZ2h0PSIxIiB4bWxucz0iaHR0cDovL3d3dy53My5vcmcvMjAwMC9zdmciPjwvc3ZnPg==\" style=\"--smush-placeholder-width: 1024px; --smush-placeholder-aspect-ratio: 1024\/682;\" \/><\/a><\/figure>\n\n\n\n<p>En relaci\u00f3n con esto, Rovira en un gesto de enorme generosidad pol\u00edtica, y en tiempos de mezquindades, se corre de la presidencia de la Legislatura para nominar al saliente gobernador como el mejor calificado para ocupar ese sill\u00f3n y continuar la senda de la gesti\u00f3n aplicada, austera y laboriosa.<\/p>\n\n\n\n<p>El conductor del Frente Renovador dio un paso al costado de la presidencia, pero no de la pol\u00edtica, el diputado con m\u00e1s leyes sancionadas en la historia del parlamento misionero, creador del digesto jur\u00eddico, de los dos nuevos y modernos edificios, impulsor del consejo de la magistratura, reconocido y respetado como referente nacional en el manejo de la estrategia y alta pol\u00edtica, as\u00ed como hombre de consulta permanente de gobernadores, presidentes y m\u00e1ximos dirigentes nacionales, continuar\u00e1 aportando ideas y propuestas a la Renovaci\u00f3n Neo y al bloque Innovaci\u00f3n Federal.<\/p>\n\n\n\n<p>Con su gu\u00eda, Misiones se convirti\u00f3 en la provincia startup con fuerte y en el futuro hub tecnol\u00f3gico de la regi\u00f3n, apostando a la educaci\u00f3n de vanguardia, a la juventud, la rob\u00f3tica, la salud de calidad, la innovaci\u00f3n y priorizando un clima de paz y concordia.<\/p>\n\n\n\n<p>Con respecto a esto, el Frente Renovador de la Concordia logr\u00f3 lo que la pol\u00edtica tradicional viene buscando hace tiempo, que es la participaci\u00f3n de los j\u00f3venes dentro de la pol\u00edtica y de los espacios de poder, y uno de sus principales estandartes es su vicegobernador, sumado a que la renovaci\u00f3n sigue abriendo nuevos espacios a las generaciones j\u00f3venes, y en ese marco asume un joven dirigente como ministro de gabinete, varios diputados con menos de 30 a\u00f1os, y varios ministros que hasta ayer eran verdaderos desconocidos de la pol\u00edtica, resultado de un espacio que da oportunidades de crecimiento para todos.<\/p>\n\n\n\n<p>En un momento donde el sentido de pertenencia es mucho m\u00e1s l\u00edquido y difuso, muchos j\u00f3venes escogen la Renovaci\u00f3n para transformar la realidad.<\/p>\n\n\n\n<p>Sin Norte<\/p>\n\n\n\n<p>La oposici\u00f3n busc\u00f3 la presidencia de la C\u00e1mara de Representantes proponiendo un candidato propio, lo cual fue en contra de la elecci\u00f3n del pueblo misionero, pretendiendo que las minor\u00edas se impongan sobre las mayor\u00edas, adem\u00e1s el propuesto a presidir fue Pianessi, quien responde a otros mandatos.<\/p>\n\n\n\n<p>\u201cLa l\u00ednea de sucesi\u00f3n en esta provincia es finita por el pasado hist\u00f3rico de la misma, por ello es de suma importancia respetar la l\u00ednea de sucesi\u00f3n, y por eso no se discute la agenda legislativa\u201d, expres\u00f3 Herrera Ahuad.<\/p>\n\n\n\n<p>El bloque del puertismo, la UCR y el PRO no encuentran su norte y contin\u00faan con las peleas internas alej\u00e1ndose a\u00fan m\u00e1s de la sociedad, que hace mucho tiempo no recuerda ning\u00fan aporte que hayan hecho a la provincia, con proyectos, ideas o acciones. Lo \u00fanico que hicieron en el \u00faltimo tiempo fue oponerse y decir no a las propuestas del que gestiona y gobierna. A nivel nacional sus l\u00edderes est\u00e1n igual, cabe recordar cuando votaron en contra de la devoluci\u00f3n del IVA o de la baja del impuesto a las ganancias.<\/p>\n","protected":false},"excerpt":{"rendered":"<p>Hugo Passalacqua y Lucas Romero Spinelli asumieron como gobernador y vicegobernador de Misiones, donde gobernar\u00e1n hasta el 2027 como el mandato misionero lo indic\u00f3. Adem\u00e1s, juraron los nuevos diputados provinciales que resultaron electos el 7 de mayo, seguida de la elecci\u00f3n de Oscar herrera Ahuad como presidente de la legislatura provincial, el mismo fue propuesto [&hellip;]<\/p>\n","protected":false},"author":2,"featured_media":30775,"comment_status":"open","ping_status":"open","sticky":false,"template":"","format":"standard","meta":{"footnotes":""},"categories":[43],"tags":[],"class_list":["post-30774","post","type-post","status-publish","format-standard","has-post-thumbnail","hentry","category-provinciales"],"yoast_head":"<!-- This site is optimized with the Yoast SEO plugin v27.4 - https:\/\/yoast.com\/product\/yoast-seo-wordpress\/ -->\n<title>De Renovaci\u00f3n, Contrastes y Mandatos | CVI NOTICIAS<\/title>\n<meta name=\"robots\" content=\"index, follow, max-snippet:-1, max-image-preview:large, max-video-preview:-1\" \/>\n<link rel=\"canonical\" href=\"https:\/\/cvinoticias.com\/v3\/de-renovacion-contrastes-y-mandatos\/\" \/>\n<meta property=\"og:locale\" content=\"es_ES\" \/>\n<meta property=\"og:type\" content=\"article\" \/>\n<meta property=\"og:title\" content=\"De Renovaci\u00f3n, Contrastes y Mandatos | CVI NOTICIAS\" \/>\n<meta property=\"og:description\" content=\"Hugo Passalacqua y Lucas Romero Spinelli asumieron como gobernador y vicegobernador de Misiones, donde gobernar\u00e1n hasta el 2027 como el mandato misionero lo indic\u00f3. Adem\u00e1s, juraron los nuevos diputados provinciales que resultaron electos el 7 de mayo, seguida de la elecci\u00f3n de Oscar herrera Ahuad como presidente de la legislatura provincial, el mismo fue propuesto [&hellip;]\" \/>\n<meta property=\"og:url\" content=\"https:\/\/cvinoticias.com\/v3\/de-renovacion-contrastes-y-mandatos\/\" \/>\n<meta property=\"og:site_name\" content=\"CVI NOTICIAS\" \/>\n<meta property=\"article:publisher\" content=\"https:\/\/www.facebook.com\/cvinoticias\" \/>\n<meta property=\"article:published_time\" content=\"2023-12-10T19:13:28+00:00\" \/>\n<meta property=\"og:image\" content=\"https:\/\/cvinoticias.com\/wp-content\/uploads\/2023\/12\/IMG-20231210-WA0127.jpg\" \/>\n\t<meta property=\"og:image:width\" content=\"1024\" \/>\n\t<meta property=\"og:image:height\" content=\"683\" \/>\n\t<meta property=\"og:image:type\" content=\"image\/jpeg\" \/>\n<meta name=\"author\" content=\"f1000024\" \/>\n<meta name=\"twitter:card\" content=\"summary_large_image\" \/>\n<meta name=\"twitter:label1\" content=\"Escrito por\" \/>\n\t<meta name=\"twitter:data1\" content=\"f1000024\" \/>\n\t<meta name=\"twitter:label2\" content=\"Tiempo de lectura\" \/>\n\t<meta name=\"twitter:data2\" content=\"4 minutos\" \/>\n<script type=\"application\/ld+json\" class=\"yoast-schema-graph\">{\"@context\":\"https:\\\/\\\/schema.org\",\"@graph\":[{\"@type\":\"Article\",\"@id\":\"https:\\\/\\\/cvinoticias.com\\\/v3\\\/de-renovacion-contrastes-y-mandatos\\\/#article\",\"isPartOf\":{\"@id\":\"https:\\\/\\\/cvinoticias.com\\\/v3\\\/de-renovacion-contrastes-y-mandatos\\\/\"},\"author\":{\"name\":\"f1000024\",\"@id\":\"https:\\\/\\\/cvinoticias.com\\\/v3\\\/#\\\/schema\\\/person\\\/2db77e3c6bc03c538495d7b2b8be9b66\"},\"headline\":\"De Renovaci\u00f3n, Contrastes y Mandatos\",\"datePublished\":\"2023-12-10T19:13:28+00:00\",\"mainEntityOfPage\":{\"@id\":\"https:\\\/\\\/cvinoticias.com\\\/v3\\\/de-renovacion-contrastes-y-mandatos\\\/\"},\"wordCount\":885,\"commentCount\":0,\"publisher\":{\"@id\":\"https:\\\/\\\/cvinoticias.com\\\/v3\\\/#organization\"},\"image\":{\"@id\":\"https:\\\/\\\/cvinoticias.com\\\/v3\\\/de-renovacion-contrastes-y-mandatos\\\/#primaryimage\"},\"thumbnailUrl\":\"https:\\\/\\\/cvinoticias.com\\\/wp-content\\\/uploads\\\/2023\\\/12\\\/IMG-20231210-WA0127.jpg\",\"articleSection\":[\"Provinciales\"],\"inLanguage\":\"es\",\"potentialAction\":[{\"@type\":\"CommentAction\",\"name\":\"Comment\",\"target\":[\"https:\\\/\\\/cvinoticias.com\\\/v3\\\/de-renovacion-contrastes-y-mandatos\\\/#respond\"]}]},{\"@type\":\"WebPage\",\"@id\":\"https:\\\/\\\/cvinoticias.com\\\/v3\\\/de-renovacion-contrastes-y-mandatos\\\/\",\"url\":\"https:\\\/\\\/cvinoticias.com\\\/v3\\\/de-renovacion-contrastes-y-mandatos\\\/\",\"name\":\"De Renovaci\u00f3n, Contrastes y Mandatos | CVI NOTICIAS\",\"isPartOf\":{\"@id\":\"https:\\\/\\\/cvinoticias.com\\\/v3\\\/#website\"},\"primaryImageOfPage\":{\"@id\":\"https:\\\/\\\/cvinoticias.com\\\/v3\\\/de-renovacion-contrastes-y-mandatos\\\/#primaryimage\"},\"image\":{\"@id\":\"https:\\\/\\\/cvinoticias.com\\\/v3\\\/de-renovacion-contrastes-y-mandatos\\\/#primaryimage\"},\"thumbnailUrl\":\"https:\\\/\\\/cvinoticias.com\\\/wp-content\\\/uploads\\\/2023\\\/12\\\/IMG-20231210-WA0127.jpg\",\"datePublished\":\"2023-12-10T19:13:28+00:00\",\"breadcrumb\":{\"@id\":\"https:\\\/\\\/cvinoticias.com\\\/v3\\\/de-renovacion-contrastes-y-mandatos\\\/#breadcrumb\"},\"inLanguage\":\"es\",\"potentialAction\":[{\"@type\":\"ReadAction\",\"target\":[\"https:\\\/\\\/cvinoticias.com\\\/v3\\\/de-renovacion-contrastes-y-mandatos\\\/\"]}]},{\"@type\":\"ImageObject\",\"inLanguage\":\"es\",\"@id\":\"https:\\\/\\\/cvinoticias.com\\\/v3\\\/de-renovacion-contrastes-y-mandatos\\\/#primaryimage\",\"url\":\"https:\\\/\\\/cvinoticias.com\\\/wp-content\\\/uploads\\\/2023\\\/12\\\/IMG-20231210-WA0127.jpg\",\"contentUrl\":\"https:\\\/\\\/cvinoticias.com\\\/wp-content\\\/uploads\\\/2023\\\/12\\\/IMG-20231210-WA0127.jpg\",\"width\":1024,\"height\":683},{\"@type\":\"BreadcrumbList\",\"@id\":\"https:\\\/\\\/cvinoticias.com\\\/v3\\\/de-renovacion-contrastes-y-mandatos\\\/#breadcrumb\",\"itemListElement\":[{\"@type\":\"ListItem\",\"position\":1,\"name\":\"Portada\",\"item\":\"https:\\\/\\\/cvinoticias.com\\\/v3\\\/\"},{\"@type\":\"ListItem\",\"position\":2,\"name\":\"De Renovaci\u00f3n, Contrastes y Mandatos\"}]},{\"@type\":\"WebSite\",\"@id\":\"https:\\\/\\\/cvinoticias.com\\\/v3\\\/#website\",\"url\":\"https:\\\/\\\/cvinoticias.com\\\/v3\\\/\",\"name\":\"CVI NOTICIAS\",\"description\":\"\",\"publisher\":{\"@id\":\"https:\\\/\\\/cvinoticias.com\\\/v3\\\/#organization\"},\"alternateName\":\"CVI\",\"potentialAction\":[{\"@type\":\"SearchAction\",\"target\":{\"@type\":\"EntryPoint\",\"urlTemplate\":\"https:\\\/\\\/cvinoticias.com\\\/v3\\\/?s={search_term_string}\"},\"query-input\":{\"@type\":\"PropertyValueSpecification\",\"valueRequired\":true,\"valueName\":\"search_term_string\"}}],\"inLanguage\":\"es\"},{\"@type\":\"Organization\",\"@id\":\"https:\\\/\\\/cvinoticias.com\\\/v3\\\/#organization\",\"name\":\"CVI NOTICIAS\",\"url\":\"https:\\\/\\\/cvinoticias.com\\\/v3\\\/\",\"logo\":{\"@type\":\"ImageObject\",\"inLanguage\":\"es\",\"@id\":\"https:\\\/\\\/cvinoticias.com\\\/v3\\\/#\\\/schema\\\/logo\\\/image\\\/\",\"url\":\"https:\\\/\\\/cvinoticias.com\\\/wp-content\\\/uploads\\\/2023\\\/04\\\/cropped-cropped-cropped-cropped-cropped-3-1.png\",\"contentUrl\":\"https:\\\/\\\/cvinoticias.com\\\/wp-content\\\/uploads\\\/2023\\\/04\\\/cropped-cropped-cropped-cropped-cropped-3-1.png\",\"width\":95,\"height\":122,\"caption\":\"CVI NOTICIAS\"},\"image\":{\"@id\":\"https:\\\/\\\/cvinoticias.com\\\/v3\\\/#\\\/schema\\\/logo\\\/image\\\/\"},\"sameAs\":[\"https:\\\/\\\/www.facebook.com\\\/cvinoticias\",\"https:\\\/\\\/www.instagram.com\\\/cvinoticias\\\/\",\"https:\\\/\\\/www.youtube.com\\\/@CVINOTICIAS\"]},{\"@type\":\"Person\",\"@id\":\"https:\\\/\\\/cvinoticias.com\\\/v3\\\/#\\\/schema\\\/person\\\/2db77e3c6bc03c538495d7b2b8be9b66\",\"name\":\"f1000024\",\"image\":{\"@type\":\"ImageObject\",\"inLanguage\":\"es\",\"@id\":\"https:\\\/\\\/secure.gravatar.com\\\/avatar\\\/d4fe7459cfc51ff5129ce1a732bbef5928568b8092d412ef95611616376bbeed?s=96&d=mm&r=g\",\"url\":\"https:\\\/\\\/secure.gravatar.com\\\/avatar\\\/d4fe7459cfc51ff5129ce1a732bbef5928568b8092d412ef95611616376bbeed?s=96&d=mm&r=g\",\"contentUrl\":\"https:\\\/\\\/secure.gravatar.com\\\/avatar\\\/d4fe7459cfc51ff5129ce1a732bbef5928568b8092d412ef95611616376bbeed?s=96&d=mm&r=g\",\"caption\":\"f1000024\"},\"url\":\"https:\\\/\\\/cvinoticias.com\\\/v3\\\/author\\\/f1000024\\\/\"}]}<\/script>\n<!-- \/ Yoast SEO plugin. -->","yoast_head_json":{"title":"De Renovaci\u00f3n, Contrastes y Mandatos | CVI NOTICIAS","robots":{"index":"index","follow":"follow","max-snippet":"max-snippet:-1","max-image-preview":"max-image-preview:large","max-video-preview":"max-video-preview:-1"},"canonical":"https:\/\/cvinoticias.com\/v3\/de-renovacion-contrastes-y-mandatos\/","og_locale":"es_ES","og_type":"article","og_title":"De Renovaci\u00f3n, Contrastes y Mandatos | CVI NOTICIAS","og_description":"Hugo Passalacqua y Lucas Romero Spinelli asumieron como gobernador y vicegobernador de Misiones, donde gobernar\u00e1n hasta el 2027 como el mandato misionero lo indic\u00f3. Adem\u00e1s, juraron los nuevos diputados provinciales que resultaron electos el 7 de mayo, seguida de la elecci\u00f3n de Oscar herrera Ahuad como presidente de la legislatura provincial, el mismo fue propuesto [&hellip;]","og_url":"https:\/\/cvinoticias.com\/v3\/de-renovacion-contrastes-y-mandatos\/","og_site_name":"CVI NOTICIAS","article_publisher":"https:\/\/www.facebook.com\/cvinoticias","article_published_time":"2023-12-10T19:13:28+00:00","og_image":[{"width":1024,"height":683,"url":"https:\/\/cvinoticias.com\/wp-content\/uploads\/2023\/12\/IMG-20231210-WA0127.jpg","type":"image\/jpeg"}],"author":"f1000024","twitter_card":"summary_large_image","twitter_misc":{"Escrito por":"f1000024","Tiempo de lectura":"4 minutos"},"schema":{"@context":"https:\/\/schema.org","@graph":[{"@type":"Article","@id":"https:\/\/cvinoticias.com\/v3\/de-renovacion-contrastes-y-mandatos\/#article","isPartOf":{"@id":"https:\/\/cvinoticias.com\/v3\/de-renovacion-contrastes-y-mandatos\/"},"author":{"name":"f1000024","@id":"https:\/\/cvinoticias.com\/v3\/#\/schema\/person\/2db77e3c6bc03c538495d7b2b8be9b66"},"headline":"De Renovaci\u00f3n, Contrastes y Mandatos","datePublished":"2023-12-10T19:13:28+00:00","mainEntityOfPage":{"@id":"https:\/\/cvinoticias.com\/v3\/de-renovacion-contrastes-y-mandatos\/"},"wordCount":885,"commentCount":0,"publisher":{"@id":"https:\/\/cvinoticias.com\/v3\/#organization"},"image":{"@id":"https:\/\/cvinoticias.com\/v3\/de-renovacion-contrastes-y-mandatos\/#primaryimage"},"thumbnailUrl":"https:\/\/cvinoticias.com\/wp-content\/uploads\/2023\/12\/IMG-20231210-WA0127.jpg","articleSection":["Provinciales"],"inLanguage":"es","potentialAction":[{"@type":"CommentAction","name":"Comment","target":["https:\/\/cvinoticias.com\/v3\/de-renovacion-contrastes-y-mandatos\/#respond"]}]},{"@type":"WebPage","@id":"https:\/\/cvinoticias.com\/v3\/de-renovacion-contrastes-y-mandatos\/","url":"https:\/\/cvinoticias.com\/v3\/de-renovacion-contrastes-y-mandatos\/","name":"De Renovaci\u00f3n, Contrastes y Mandatos | CVI NOTICIAS","isPartOf":{"@id":"https:\/\/cvinoticias.com\/v3\/#website"},"primaryImageOfPage":{"@id":"https:\/\/cvinoticias.com\/v3\/de-renovacion-contrastes-y-mandatos\/#primaryimage"},"image":{"@id":"https:\/\/cvinoticias.com\/v3\/de-renovacion-contrastes-y-mandatos\/#primaryimage"},"thumbnailUrl":"https:\/\/cvinoticias.com\/wp-content\/uploads\/2023\/12\/IMG-20231210-WA0127.jpg","datePublished":"2023-12-10T19:13:28+00:00","breadcrumb":{"@id":"https:\/\/cvinoticias.com\/v3\/de-renovacion-contrastes-y-mandatos\/#breadcrumb"},"inLanguage":"es","potentialAction":[{"@type":"ReadAction","target":["https:\/\/cvinoticias.com\/v3\/de-renovacion-contrastes-y-mandatos\/"]}]},{"@type":"ImageObject","inLanguage":"es","@id":"https:\/\/cvinoticias.com\/v3\/de-renovacion-contrastes-y-mandatos\/#primaryimage","url":"https:\/\/cvinoticias.com\/wp-content\/uploads\/2023\/12\/IMG-20231210-WA0127.jpg","contentUrl":"https:\/\/cvinoticias.com\/wp-content\/uploads\/2023\/12\/IMG-20231210-WA0127.jpg","width":1024,"height":683},{"@type":"BreadcrumbList","@id":"https:\/\/cvinoticias.com\/v3\/de-renovacion-contrastes-y-mandatos\/#breadcrumb","itemListElement":[{"@type":"ListItem","position":1,"name":"Portada","item":"https:\/\/cvinoticias.com\/v3\/"},{"@type":"ListItem","position":2,"name":"De Renovaci\u00f3n, Contrastes y Mandatos"}]},{"@type":"WebSite","@id":"https:\/\/cvinoticias.com\/v3\/#website","url":"https:\/\/cvinoticias.com\/v3\/","name":"CVI NOTICIAS","description":"","publisher":{"@id":"https:\/\/cvinoticias.com\/v3\/#organization"},"alternateName":"CVI","potentialAction":[{"@type":"SearchAction","target":{"@type":"EntryPoint","urlTemplate":"https:\/\/cvinoticias.com\/v3\/?s={search_term_string}"},"query-input":{"@type":"PropertyValueSpecification","valueRequired":true,"valueName":"search_term_string"}}],"inLanguage":"es"},{"@type":"Organization","@id":"https:\/\/cvinoticias.com\/v3\/#organization","name":"CVI NOTICIAS","url":"https:\/\/cvinoticias.com\/v3\/","logo":{"@type":"ImageObject","inLanguage":"es","@id":"https:\/\/cvinoticias.com\/v3\/#\/schema\/logo\/image\/","url":"https:\/\/cvinoticias.com\/wp-content\/uploads\/2023\/04\/cropped-cropped-cropped-cropped-cropped-3-1.png","contentUrl":"https:\/\/cvinoticias.com\/wp-content\/uploads\/2023\/04\/cropped-cropped-cropped-cropped-cropped-3-1.png","width":95,"height":122,"caption":"CVI NOTICIAS"},"image":{"@id":"https:\/\/cvinoticias.com\/v3\/#\/schema\/logo\/image\/"},"sameAs":["https:\/\/www.facebook.com\/cvinoticias","https:\/\/www.instagram.com\/cvinoticias\/","https:\/\/www.youtube.com\/@CVINOTICIAS"]},{"@type":"Person","@id":"https:\/\/cvinoticias.com\/v3\/#\/schema\/person\/2db77e3c6bc03c538495d7b2b8be9b66","name":"f1000024","image":{"@type":"ImageObject","inLanguage":"es","@id":"https:\/\/secure.gravatar.com\/avatar\/d4fe7459cfc51ff5129ce1a732bbef5928568b8092d412ef95611616376bbeed?s=96&d=mm&r=g","url":"https:\/\/secure.gravatar.com\/avatar\/d4fe7459cfc51ff5129ce1a732bbef5928568b8092d412ef95611616376bbeed?s=96&d=mm&r=g","contentUrl":"https:\/\/secure.gravatar.com\/avatar\/d4fe7459cfc51ff5129ce1a732bbef5928568b8092d412ef95611616376bbeed?s=96&d=mm&r=g","caption":"f1000024"},"url":"https:\/\/cvinoticias.com\/v3\/author\/f1000024\/"}]}},"_links":{"self":[{"href":"https:\/\/cvinoticias.com\/v3\/wp-json\/wp\/v2\/posts\/30774","targetHints":{"allow":["GET"]}}],"collection":[{"href":"https:\/\/cvinoticias.com\/v3\/wp-json\/wp\/v2\/posts"}],"about":[{"href":"https:\/\/cvinoticias.com\/v3\/wp-json\/wp\/v2\/types\/post"}],"author":[{"embeddable":true,"href":"https:\/\/cvinoticias.com\/v3\/wp-json\/wp\/v2\/users\/2"}],"replies":[{"embeddable":true,"href":"https:\/\/cvinoticias.com\/v3\/wp-json\/wp\/v2\/comments?post=30774"}],"version-history":[{"count":1,"href":"https:\/\/cvinoticias.com\/v3\/wp-json\/wp\/v2\/posts\/30774\/revisions"}],"predecessor-version":[{"id":30777,"href":"https:\/\/cvinoticias.com\/v3\/wp-json\/wp\/v2\/posts\/30774\/revisions\/30777"}],"wp:featuredmedia":[{"embeddable":true,"href":"https:\/\/cvinoticias.com\/v3\/wp-json\/wp\/v2\/media\/30775"}],"wp:attachment":[{"href":"https:\/\/cvinoticias.com\/v3\/wp-json\/wp\/v2\/media?parent=30774"}],"wp:term":[{"taxonomy":"category","embeddable":true,"href":"https:\/\/cvinoticias.com\/v3\/wp-json\/wp\/v2\/categories?post=30774"},{"taxonomy":"post_tag","embeddable":true,"href":"https:\/\/cvinoticias.com\/v3\/wp-json\/wp\/v2\/tags?post=30774"}],"curies":[{"name":"wp","href":"https:\/\/api.w.org\/{rel}","templated":true}]}}