{"id":30765,"date":"2023-12-10T12:53:27","date_gmt":"2023-12-10T15:53:27","guid":{"rendered":"https:\/\/cvinoticias.com\/v3\/?p=30765"},"modified":"2023-12-10T14:45:57","modified_gmt":"2023-12-10T17:45:57","slug":"hablo-milei-damos-por-terminada-una-larga-y-triste-historia","status":"publish","type":"post","link":"https:\/\/cvinoticias.com\/v3\/hablo-milei-damos-por-terminada-una-larga-y-triste-historia\/","title":{"rendered":"Habl\u00f3 Milei: \u00abDamos por terminada una larga y triste historia\u00bb"},"content":{"rendered":"\n<p><strong><em>Tras jurar como presidente, el nuevo jefe de Estado, pronunci\u00f3 un discurso en un escenario dispuesto frente al Congreso. Dijo que \u00abno hay una alternativa al ajuste, ni al shock\u00bb; y reiter\u00f3: \u00abNo hay plata\u00bb<\/em><\/strong><\/p>\n\n\n\n<p>Tras jurar como presidente, Javier Milei abandon\u00f3 la Asamblea Legislativa r\u00e1pidamente para realizar su discurso, ya no ante diputados, senadores, dirigentes y mandatarios extranjeros invitados, sino ante la gente. Es todo un gesto in\u00e9dito e hist\u00f3rico y, en sus t\u00e9rminos, \u00abanti casta\u00bb. Salud\u00f3 con voz ronca, como si rugiera, una entonaci\u00f3n que repiti\u00f3 en algunos momentos de su alocuci\u00f3n, que pronunci\u00f3, en general con tono calmo. Cit\u00f3 el pre\u00e1mbulo de la Constituci\u00f3n, hizo un repaso de los errores de los gobiernos kirchneristas que generaron, a su entender, la grave crisis econ\u00f3mica actual, y prometi\u00f3 \u00abno perseguir a nadie\u00bb; al contrario, abri\u00f3 su proyecto a quien quiera sumarse.<\/p>\n\n\n\n<p>\u00abDamos por terminada una larga y triste historia\u00bb, comenz\u00f3 Milei, tras rugir un \u00abhola\u00bb, ante el p\u00fablico reunido frente al Palacio Legislativo este domingo poco despu\u00e9s del mediod\u00eda.<\/p>\n\n\n\n<p>\u00abHoy enterramos d\u00e9cadas de fracaso, peleas intestinas y disputas sin sentido, que lo \u00fanico que han logrado es destruir nuestro querido pa\u00eds y dejarnos en la ruina\u00bb, complet\u00f3.<\/p>\n\n\n\n<p>\u00abNing\u00fan gobierno ha recibido una herencia peor que la que estamos recibiendo nosotros\u00bb, agreg\u00f3 para iniciar sus cr\u00edticas fuertes al kirchnerismo, pese a la buena sinton\u00eda que mostr\u00f3, sorpresivamente, con la vicepresidenta saliente, Cristinas Kirchner, durante la jura.<\/p>\n\n\n\n<p>Advirti\u00f3 que \u00aba\u00fan cuando hoy dejemos de emitir dinero seguiremos pagando los desmadres del gobierno saliente\u00bb y afirm\u00f3 que \u00abhaber emitido por 20 puntos del PBI no es gratis, lo vamos a pagar en inflaci\u00f3n\u00bb.<\/p>\n\n\n\n<p>Para Milei, salir de la crisis econ\u00f3mica requiere pol\u00edticas de shock, \u00abnada de gradualismos\u00bb. Dijo que \u00abno hay una alternativa al ajuste\u00bb; y reiter\u00f3: \u00abNo hay plata\u00bb, tras lo cual fue ovacionado.<\/p>\n\n\n\n<p>\u00abMilei, querido, el pueblo est\u00e1 contigo\u00bb, le gritaban.<\/p>\n\n\n\n<p>Prometi\u00f3 que \u00abhabr\u00e1 luz al final del camino\u00bb y que esa es la forma de no terminar en una \u00abhiperinflaci\u00f3n que nos equiparar\u00e1 a la Venezuela de (Hugo) Ch\u00e1vez y (Nicol\u00e1s) Maduro\u00bb.<\/p>\n\n\n\n<p>Pero el discurso de Milei no se limitaba \u00fanicamente al plano econ\u00f3mico. El pr\u00f3ximo tema fue la inseguridad y el narcotr\u00e1fico, a lo que la gente vitore\u00f3: \u00ab\u00a1Polic\u00eda! \u00a1Polic\u00eda\u00bb.<\/p>\n\n\n\n<p>Le sigui\u00f3 la Educaci\u00f3n y lament\u00f3 que \u00abs\u00f3lo el 16 por cuento\u00bb de los estudiantes termina la secundaria en tiempo y forma. \u00abSi se levantara Sarmiento y vieran que hicieron de la educaci\u00f3n\u00bb, suspir\u00f3.<\/p>\n\n\n\n<p>\u00abNo venimos a perseguir a nadie\u00bb, dijo.<\/p>\n\n\n\n<p>\u00abQue quede claro, hoy comienza una nueva era en la Argentina, el desaf\u00edo es tit\u00e1nico pero la fortaleza de un pueblo se mide en c\u00f3mo enfrenta los desaf\u00edos cuando se presentan\u00bb, fue cerrando.<\/p>\n\n\n\n<p>\u00abDios bendiga a los argentinos y que las fuerzas del cielo nos acompa\u00f1en, ser\u00e1 dif\u00edcil pero lo vamos a lograr. \u00a1Viva la libertad, carajo! \u00a1A ponerse de pie que vamos a salir!\u00bb, termin\u00f3. <\/p>\n","protected":false},"excerpt":{"rendered":"<p>Tras jurar como presidente, el nuevo jefe de Estado, pronunci\u00f3 un discurso en un escenario dispuesto frente al Congreso. Dijo que \u00abno hay una alternativa al ajuste, ni al shock\u00bb; y reiter\u00f3: \u00abNo hay plata\u00bb Tras jurar como presidente, Javier Milei abandon\u00f3 la Asamblea Legislativa r\u00e1pidamente para realizar su discurso, ya no ante diputados, senadores, [&hellip;]<\/p>\n","protected":false},"author":2,"featured_media":30766,"comment_status":"open","ping_status":"open","sticky":false,"template":"","format":"standard","meta":{"footnotes":""},"categories":[39],"tags":[],"class_list":["post-30765","post","type-post","status-publish","format-standard","has-post-thumbnail","hentry","category-nacionales"],"yoast_head":"<!-- This site is optimized with the Yoast SEO plugin v27.5 - https:\/\/yoast.com\/product\/yoast-seo-wordpress\/ -->\n<title>Habl\u00f3 Milei: &quot;Damos por terminada una larga y triste historia&quot; | CVI NOTICIAS<\/title>\n<meta name=\"robots\" content=\"index, follow, max-snippet:-1, max-image-preview:large, max-video-preview:-1\" \/>\n<link rel=\"canonical\" href=\"https:\/\/cvinoticias.com\/v3\/hablo-milei-damos-por-terminada-una-larga-y-triste-historia\/\" \/>\n<meta property=\"og:locale\" content=\"es_ES\" \/>\n<meta property=\"og:type\" content=\"article\" \/>\n<meta property=\"og:title\" content=\"Habl\u00f3 Milei: &quot;Damos por terminada una larga y triste historia&quot; | CVI NOTICIAS\" \/>\n<meta property=\"og:description\" content=\"Tras jurar como presidente, el nuevo jefe de Estado, pronunci\u00f3 un discurso en un escenario dispuesto frente al Congreso. Dijo que \u00abno hay una alternativa al ajuste, ni al shock\u00bb; y reiter\u00f3: \u00abNo hay plata\u00bb Tras jurar como presidente, Javier Milei abandon\u00f3 la Asamblea Legislativa r\u00e1pidamente para realizar su discurso, ya no ante diputados, senadores, [&hellip;]\" \/>\n<meta property=\"og:url\" content=\"https:\/\/cvinoticias.com\/v3\/hablo-milei-damos-por-terminada-una-larga-y-triste-historia\/\" \/>\n<meta property=\"og:site_name\" content=\"CVI NOTICIAS\" \/>\n<meta property=\"article:publisher\" content=\"https:\/\/www.facebook.com\/cvinoticias\" \/>\n<meta property=\"article:published_time\" content=\"2023-12-10T15:53:27+00:00\" \/>\n<meta property=\"article:modified_time\" content=\"2023-12-10T17:45:57+00:00\" \/>\n<meta property=\"og:image\" content=\"https:\/\/cvinoticias.com\/wp-content\/uploads\/2023\/12\/habla_milei.jpg_529145118.jpg\" \/>\n\t<meta property=\"og:image:width\" content=\"368\" \/>\n\t<meta property=\"og:image:height\" content=\"206\" \/>\n\t<meta property=\"og:image:type\" content=\"image\/jpeg\" \/>\n<meta name=\"author\" content=\"f1000024\" \/>\n<meta name=\"twitter:card\" content=\"summary_large_image\" \/>\n<meta name=\"twitter:label1\" content=\"Escrito por\" \/>\n\t<meta name=\"twitter:data1\" content=\"f1000024\" \/>\n\t<meta name=\"twitter:label2\" content=\"Tiempo de lectura\" \/>\n\t<meta name=\"twitter:data2\" content=\"3 minutos\" \/>\n<script type=\"application\/ld+json\" class=\"yoast-schema-graph\">{\"@context\":\"https:\\\/\\\/schema.org\",\"@graph\":[{\"@type\":\"Article\",\"@id\":\"https:\\\/\\\/cvinoticias.com\\\/v3\\\/hablo-milei-damos-por-terminada-una-larga-y-triste-historia\\\/#article\",\"isPartOf\":{\"@id\":\"https:\\\/\\\/cvinoticias.com\\\/v3\\\/hablo-milei-damos-por-terminada-una-larga-y-triste-historia\\\/\"},\"author\":{\"name\":\"f1000024\",\"@id\":\"https:\\\/\\\/cvinoticias.com\\\/v3\\\/#\\\/schema\\\/person\\\/2db77e3c6bc03c538495d7b2b8be9b66\"},\"headline\":\"Habl\u00f3 Milei: \u00abDamos por terminada una larga y triste historia\u00bb\",\"datePublished\":\"2023-12-10T15:53:27+00:00\",\"dateModified\":\"2023-12-10T17:45:57+00:00\",\"mainEntityOfPage\":{\"@id\":\"https:\\\/\\\/cvinoticias.com\\\/v3\\\/hablo-milei-damos-por-terminada-una-larga-y-triste-historia\\\/\"},\"wordCount\":525,\"commentCount\":0,\"publisher\":{\"@id\":\"https:\\\/\\\/cvinoticias.com\\\/v3\\\/#organization\"},\"image\":{\"@id\":\"https:\\\/\\\/cvinoticias.com\\\/v3\\\/hablo-milei-damos-por-terminada-una-larga-y-triste-historia\\\/#primaryimage\"},\"thumbnailUrl\":\"https:\\\/\\\/cvinoticias.com\\\/wp-content\\\/uploads\\\/2023\\\/12\\\/habla_milei.jpg_529145118.jpg\",\"articleSection\":[\"Nacionales\"],\"inLanguage\":\"es\",\"potentialAction\":[{\"@type\":\"CommentAction\",\"name\":\"Comment\",\"target\":[\"https:\\\/\\\/cvinoticias.com\\\/v3\\\/hablo-milei-damos-por-terminada-una-larga-y-triste-historia\\\/#respond\"]}]},{\"@type\":\"WebPage\",\"@id\":\"https:\\\/\\\/cvinoticias.com\\\/v3\\\/hablo-milei-damos-por-terminada-una-larga-y-triste-historia\\\/\",\"url\":\"https:\\\/\\\/cvinoticias.com\\\/v3\\\/hablo-milei-damos-por-terminada-una-larga-y-triste-historia\\\/\",\"name\":\"Habl\u00f3 Milei: \\\"Damos por terminada una larga y triste historia\\\" | CVI NOTICIAS\",\"isPartOf\":{\"@id\":\"https:\\\/\\\/cvinoticias.com\\\/v3\\\/#website\"},\"primaryImageOfPage\":{\"@id\":\"https:\\\/\\\/cvinoticias.com\\\/v3\\\/hablo-milei-damos-por-terminada-una-larga-y-triste-historia\\\/#primaryimage\"},\"image\":{\"@id\":\"https:\\\/\\\/cvinoticias.com\\\/v3\\\/hablo-milei-damos-por-terminada-una-larga-y-triste-historia\\\/#primaryimage\"},\"thumbnailUrl\":\"https:\\\/\\\/cvinoticias.com\\\/wp-content\\\/uploads\\\/2023\\\/12\\\/habla_milei.jpg_529145118.jpg\",\"datePublished\":\"2023-12-10T15:53:27+00:00\",\"dateModified\":\"2023-12-10T17:45:57+00:00\",\"breadcrumb\":{\"@id\":\"https:\\\/\\\/cvinoticias.com\\\/v3\\\/hablo-milei-damos-por-terminada-una-larga-y-triste-historia\\\/#breadcrumb\"},\"inLanguage\":\"es\",\"potentialAction\":[{\"@type\":\"ReadAction\",\"target\":[\"https:\\\/\\\/cvinoticias.com\\\/v3\\\/hablo-milei-damos-por-terminada-una-larga-y-triste-historia\\\/\"]}]},{\"@type\":\"ImageObject\",\"inLanguage\":\"es\",\"@id\":\"https:\\\/\\\/cvinoticias.com\\\/v3\\\/hablo-milei-damos-por-terminada-una-larga-y-triste-historia\\\/#primaryimage\",\"url\":\"https:\\\/\\\/cvinoticias.com\\\/wp-content\\\/uploads\\\/2023\\\/12\\\/habla_milei.jpg_529145118.jpg\",\"contentUrl\":\"https:\\\/\\\/cvinoticias.com\\\/wp-content\\\/uploads\\\/2023\\\/12\\\/habla_milei.jpg_529145118.jpg\",\"width\":368,\"height\":206},{\"@type\":\"BreadcrumbList\",\"@id\":\"https:\\\/\\\/cvinoticias.com\\\/v3\\\/hablo-milei-damos-por-terminada-una-larga-y-triste-historia\\\/#breadcrumb\",\"itemListElement\":[{\"@type\":\"ListItem\",\"position\":1,\"name\":\"Portada\",\"item\":\"https:\\\/\\\/cvinoticias.com\\\/v3\\\/\"},{\"@type\":\"ListItem\",\"position\":2,\"name\":\"Habl\u00f3 Milei: \u00abDamos por terminada una larga y triste historia\u00bb\"}]},{\"@type\":\"WebSite\",\"@id\":\"https:\\\/\\\/cvinoticias.com\\\/v3\\\/#website\",\"url\":\"https:\\\/\\\/cvinoticias.com\\\/v3\\\/\",\"name\":\"CVI NOTICIAS\",\"description\":\"\",\"publisher\":{\"@id\":\"https:\\\/\\\/cvinoticias.com\\\/v3\\\/#organization\"},\"alternateName\":\"CVI\",\"potentialAction\":[{\"@type\":\"SearchAction\",\"target\":{\"@type\":\"EntryPoint\",\"urlTemplate\":\"https:\\\/\\\/cvinoticias.com\\\/v3\\\/?s={search_term_string}\"},\"query-input\":{\"@type\":\"PropertyValueSpecification\",\"valueRequired\":true,\"valueName\":\"search_term_string\"}}],\"inLanguage\":\"es\"},{\"@type\":\"Organization\",\"@id\":\"https:\\\/\\\/cvinoticias.com\\\/v3\\\/#organization\",\"name\":\"CVI NOTICIAS\",\"url\":\"https:\\\/\\\/cvinoticias.com\\\/v3\\\/\",\"logo\":{\"@type\":\"ImageObject\",\"inLanguage\":\"es\",\"@id\":\"https:\\\/\\\/cvinoticias.com\\\/v3\\\/#\\\/schema\\\/logo\\\/image\\\/\",\"url\":\"https:\\\/\\\/cvinoticias.com\\\/wp-content\\\/uploads\\\/2023\\\/04\\\/cropped-cropped-cropped-cropped-cropped-3-1.png\",\"contentUrl\":\"https:\\\/\\\/cvinoticias.com\\\/wp-content\\\/uploads\\\/2023\\\/04\\\/cropped-cropped-cropped-cropped-cropped-3-1.png\",\"width\":95,\"height\":122,\"caption\":\"CVI NOTICIAS\"},\"image\":{\"@id\":\"https:\\\/\\\/cvinoticias.com\\\/v3\\\/#\\\/schema\\\/logo\\\/image\\\/\"},\"sameAs\":[\"https:\\\/\\\/www.facebook.com\\\/cvinoticias\",\"https:\\\/\\\/www.instagram.com\\\/cvinoticias\\\/\",\"https:\\\/\\\/www.youtube.com\\\/@CVINOTICIAS\"]},{\"@type\":\"Person\",\"@id\":\"https:\\\/\\\/cvinoticias.com\\\/v3\\\/#\\\/schema\\\/person\\\/2db77e3c6bc03c538495d7b2b8be9b66\",\"name\":\"f1000024\",\"image\":{\"@type\":\"ImageObject\",\"inLanguage\":\"es\",\"@id\":\"https:\\\/\\\/secure.gravatar.com\\\/avatar\\\/d4fe7459cfc51ff5129ce1a732bbef5928568b8092d412ef95611616376bbeed?s=96&d=mm&r=g\",\"url\":\"https:\\\/\\\/secure.gravatar.com\\\/avatar\\\/d4fe7459cfc51ff5129ce1a732bbef5928568b8092d412ef95611616376bbeed?s=96&d=mm&r=g\",\"contentUrl\":\"https:\\\/\\\/secure.gravatar.com\\\/avatar\\\/d4fe7459cfc51ff5129ce1a732bbef5928568b8092d412ef95611616376bbeed?s=96&d=mm&r=g\",\"caption\":\"f1000024\"},\"url\":\"https:\\\/\\\/cvinoticias.com\\\/v3\\\/author\\\/f1000024\\\/\"}]}<\/script>\n<!-- \/ Yoast SEO plugin. -->","yoast_head_json":{"title":"Habl\u00f3 Milei: \"Damos por terminada una larga y triste historia\" | CVI NOTICIAS","robots":{"index":"index","follow":"follow","max-snippet":"max-snippet:-1","max-image-preview":"max-image-preview:large","max-video-preview":"max-video-preview:-1"},"canonical":"https:\/\/cvinoticias.com\/v3\/hablo-milei-damos-por-terminada-una-larga-y-triste-historia\/","og_locale":"es_ES","og_type":"article","og_title":"Habl\u00f3 Milei: \"Damos por terminada una larga y triste historia\" | CVI NOTICIAS","og_description":"Tras jurar como presidente, el nuevo jefe de Estado, pronunci\u00f3 un discurso en un escenario dispuesto frente al Congreso. Dijo que \u00abno hay una alternativa al ajuste, ni al shock\u00bb; y reiter\u00f3: \u00abNo hay plata\u00bb Tras jurar como presidente, Javier Milei abandon\u00f3 la Asamblea Legislativa r\u00e1pidamente para realizar su discurso, ya no ante diputados, senadores, [&hellip;]","og_url":"https:\/\/cvinoticias.com\/v3\/hablo-milei-damos-por-terminada-una-larga-y-triste-historia\/","og_site_name":"CVI NOTICIAS","article_publisher":"https:\/\/www.facebook.com\/cvinoticias","article_published_time":"2023-12-10T15:53:27+00:00","article_modified_time":"2023-12-10T17:45:57+00:00","og_image":[{"width":368,"height":206,"url":"https:\/\/cvinoticias.com\/wp-content\/uploads\/2023\/12\/habla_milei.jpg_529145118.jpg","type":"image\/jpeg"}],"author":"f1000024","twitter_card":"summary_large_image","twitter_misc":{"Escrito por":"f1000024","Tiempo de lectura":"3 minutos"},"schema":{"@context":"https:\/\/schema.org","@graph":[{"@type":"Article","@id":"https:\/\/cvinoticias.com\/v3\/hablo-milei-damos-por-terminada-una-larga-y-triste-historia\/#article","isPartOf":{"@id":"https:\/\/cvinoticias.com\/v3\/hablo-milei-damos-por-terminada-una-larga-y-triste-historia\/"},"author":{"name":"f1000024","@id":"https:\/\/cvinoticias.com\/v3\/#\/schema\/person\/2db77e3c6bc03c538495d7b2b8be9b66"},"headline":"Habl\u00f3 Milei: \u00abDamos por terminada una larga y triste historia\u00bb","datePublished":"2023-12-10T15:53:27+00:00","dateModified":"2023-12-10T17:45:57+00:00","mainEntityOfPage":{"@id":"https:\/\/cvinoticias.com\/v3\/hablo-milei-damos-por-terminada-una-larga-y-triste-historia\/"},"wordCount":525,"commentCount":0,"publisher":{"@id":"https:\/\/cvinoticias.com\/v3\/#organization"},"image":{"@id":"https:\/\/cvinoticias.com\/v3\/hablo-milei-damos-por-terminada-una-larga-y-triste-historia\/#primaryimage"},"thumbnailUrl":"https:\/\/cvinoticias.com\/wp-content\/uploads\/2023\/12\/habla_milei.jpg_529145118.jpg","articleSection":["Nacionales"],"inLanguage":"es","potentialAction":[{"@type":"CommentAction","name":"Comment","target":["https:\/\/cvinoticias.com\/v3\/hablo-milei-damos-por-terminada-una-larga-y-triste-historia\/#respond"]}]},{"@type":"WebPage","@id":"https:\/\/cvinoticias.com\/v3\/hablo-milei-damos-por-terminada-una-larga-y-triste-historia\/","url":"https:\/\/cvinoticias.com\/v3\/hablo-milei-damos-por-terminada-una-larga-y-triste-historia\/","name":"Habl\u00f3 Milei: \"Damos por terminada una larga y triste historia\" | CVI NOTICIAS","isPartOf":{"@id":"https:\/\/cvinoticias.com\/v3\/#website"},"primaryImageOfPage":{"@id":"https:\/\/cvinoticias.com\/v3\/hablo-milei-damos-por-terminada-una-larga-y-triste-historia\/#primaryimage"},"image":{"@id":"https:\/\/cvinoticias.com\/v3\/hablo-milei-damos-por-terminada-una-larga-y-triste-historia\/#primaryimage"},"thumbnailUrl":"https:\/\/cvinoticias.com\/wp-content\/uploads\/2023\/12\/habla_milei.jpg_529145118.jpg","datePublished":"2023-12-10T15:53:27+00:00","dateModified":"2023-12-10T17:45:57+00:00","breadcrumb":{"@id":"https:\/\/cvinoticias.com\/v3\/hablo-milei-damos-por-terminada-una-larga-y-triste-historia\/#breadcrumb"},"inLanguage":"es","potentialAction":[{"@type":"ReadAction","target":["https:\/\/cvinoticias.com\/v3\/hablo-milei-damos-por-terminada-una-larga-y-triste-historia\/"]}]},{"@type":"ImageObject","inLanguage":"es","@id":"https:\/\/cvinoticias.com\/v3\/hablo-milei-damos-por-terminada-una-larga-y-triste-historia\/#primaryimage","url":"https:\/\/cvinoticias.com\/wp-content\/uploads\/2023\/12\/habla_milei.jpg_529145118.jpg","contentUrl":"https:\/\/cvinoticias.com\/wp-content\/uploads\/2023\/12\/habla_milei.jpg_529145118.jpg","width":368,"height":206},{"@type":"BreadcrumbList","@id":"https:\/\/cvinoticias.com\/v3\/hablo-milei-damos-por-terminada-una-larga-y-triste-historia\/#breadcrumb","itemListElement":[{"@type":"ListItem","position":1,"name":"Portada","item":"https:\/\/cvinoticias.com\/v3\/"},{"@type":"ListItem","position":2,"name":"Habl\u00f3 Milei: \u00abDamos por terminada una larga y triste historia\u00bb"}]},{"@type":"WebSite","@id":"https:\/\/cvinoticias.com\/v3\/#website","url":"https:\/\/cvinoticias.com\/v3\/","name":"CVI NOTICIAS","description":"","publisher":{"@id":"https:\/\/cvinoticias.com\/v3\/#organization"},"alternateName":"CVI","potentialAction":[{"@type":"SearchAction","target":{"@type":"EntryPoint","urlTemplate":"https:\/\/cvinoticias.com\/v3\/?s={search_term_string}"},"query-input":{"@type":"PropertyValueSpecification","valueRequired":true,"valueName":"search_term_string"}}],"inLanguage":"es"},{"@type":"Organization","@id":"https:\/\/cvinoticias.com\/v3\/#organization","name":"CVI NOTICIAS","url":"https:\/\/cvinoticias.com\/v3\/","logo":{"@type":"ImageObject","inLanguage":"es","@id":"https:\/\/cvinoticias.com\/v3\/#\/schema\/logo\/image\/","url":"https:\/\/cvinoticias.com\/wp-content\/uploads\/2023\/04\/cropped-cropped-cropped-cropped-cropped-3-1.png","contentUrl":"https:\/\/cvinoticias.com\/wp-content\/uploads\/2023\/04\/cropped-cropped-cropped-cropped-cropped-3-1.png","width":95,"height":122,"caption":"CVI NOTICIAS"},"image":{"@id":"https:\/\/cvinoticias.com\/v3\/#\/schema\/logo\/image\/"},"sameAs":["https:\/\/www.facebook.com\/cvinoticias","https:\/\/www.instagram.com\/cvinoticias\/","https:\/\/www.youtube.com\/@CVINOTICIAS"]},{"@type":"Person","@id":"https:\/\/cvinoticias.com\/v3\/#\/schema\/person\/2db77e3c6bc03c538495d7b2b8be9b66","name":"f1000024","image":{"@type":"ImageObject","inLanguage":"es","@id":"https:\/\/secure.gravatar.com\/avatar\/d4fe7459cfc51ff5129ce1a732bbef5928568b8092d412ef95611616376bbeed?s=96&d=mm&r=g","url":"https:\/\/secure.gravatar.com\/avatar\/d4fe7459cfc51ff5129ce1a732bbef5928568b8092d412ef95611616376bbeed?s=96&d=mm&r=g","contentUrl":"https:\/\/secure.gravatar.com\/avatar\/d4fe7459cfc51ff5129ce1a732bbef5928568b8092d412ef95611616376bbeed?s=96&d=mm&r=g","caption":"f1000024"},"url":"https:\/\/cvinoticias.com\/v3\/author\/f1000024\/"}]}},"_links":{"self":[{"href":"https:\/\/cvinoticias.com\/v3\/wp-json\/wp\/v2\/posts\/30765","targetHints":{"allow":["GET"]}}],"collection":[{"href":"https:\/\/cvinoticias.com\/v3\/wp-json\/wp\/v2\/posts"}],"about":[{"href":"https:\/\/cvinoticias.com\/v3\/wp-json\/wp\/v2\/types\/post"}],"author":[{"embeddable":true,"href":"https:\/\/cvinoticias.com\/v3\/wp-json\/wp\/v2\/users\/2"}],"replies":[{"embeddable":true,"href":"https:\/\/cvinoticias.com\/v3\/wp-json\/wp\/v2\/comments?post=30765"}],"version-history":[{"count":3,"href":"https:\/\/cvinoticias.com\/v3\/wp-json\/wp\/v2\/posts\/30765\/revisions"}],"predecessor-version":[{"id":30769,"href":"https:\/\/cvinoticias.com\/v3\/wp-json\/wp\/v2\/posts\/30765\/revisions\/30769"}],"wp:featuredmedia":[{"embeddable":true,"href":"https:\/\/cvinoticias.com\/v3\/wp-json\/wp\/v2\/media\/30766"}],"wp:attachment":[{"href":"https:\/\/cvinoticias.com\/v3\/wp-json\/wp\/v2\/media?parent=30765"}],"wp:term":[{"taxonomy":"category","embeddable":true,"href":"https:\/\/cvinoticias.com\/v3\/wp-json\/wp\/v2\/categories?post=30765"},{"taxonomy":"post_tag","embeddable":true,"href":"https:\/\/cvinoticias.com\/v3\/wp-json\/wp\/v2\/tags?post=30765"}],"curies":[{"name":"wp","href":"https:\/\/api.w.org\/{rel}","templated":true}]}}