{"id":30754,"date":"2023-12-10T12:21:38","date_gmt":"2023-12-10T15:21:38","guid":{"rendered":"https:\/\/cvinoticias.com\/v3\/?p=30754"},"modified":"2023-12-10T12:22:49","modified_gmt":"2023-12-10T15:22:49","slug":"los-nuevos-concejales-de-puerto-iguazu-asumieron-sus-funciones","status":"publish","type":"post","link":"https:\/\/cvinoticias.com\/v3\/los-nuevos-concejales-de-puerto-iguazu-asumieron-sus-funciones\/","title":{"rendered":"Los nuevos concejales de Puerto Iguaz\u00fa asumieron sus funciones"},"content":{"rendered":"\n<p><strong><em>Hoy se realiz\u00f3 la Sesion Preparatoria y Asunci\u00f3n de los Concejales Entrantes, y elecciones de autoridades del Honorable Concejo Deliberante de Iguaz\u00fa<\/em><\/strong><\/p>\n\n\n\n<p>Este domingo, asumieron los nuevos cuatros concejales que formar\u00e1n parte del HCD de Puerto Iguaz\u00fa en los pr\u00f3ximos cuatro a\u00f1os.<\/p>\n\n\n\n<figure class=\"wp-block-image size-large\"><a href=\"https:\/\/cvinoticias.com\/wp-content\/uploads\/2023\/12\/IMG-20231210-WA0066.jpg\"><img decoding=\"async\" width=\"1024\" height=\"461\" data-src=\"https:\/\/cvinoticias.com\/wp-content\/uploads\/2023\/12\/IMG-20231210-WA0066-1024x461.jpg\" alt=\"\" class=\"wp-image-30755 lazyload\" data-srcset=\"https:\/\/cvinoticias.com\/wp-content\/uploads\/2023\/12\/IMG-20231210-WA0066-1024x461.jpg 1024w, https:\/\/cvinoticias.com\/wp-content\/uploads\/2023\/12\/IMG-20231210-WA0066-300x135.jpg 300w, https:\/\/cvinoticias.com\/wp-content\/uploads\/2023\/12\/IMG-20231210-WA0066-768x346.jpg 768w, https:\/\/cvinoticias.com\/wp-content\/uploads\/2023\/12\/IMG-20231210-WA0066-1536x691.jpg 1536w, https:\/\/cvinoticias.com\/wp-content\/uploads\/2023\/12\/IMG-20231210-WA0066.jpg 1600w\" data-sizes=\"(max-width: 1024px) 100vw, 1024px\" src=\"data:image\/svg+xml;base64,PHN2ZyB3aWR0aD0iMSIgaGVpZ2h0PSIxIiB4bWxucz0iaHR0cDovL3d3dy53My5vcmcvMjAwMC9zdmciPjwvc3ZnPg==\" style=\"--smush-placeholder-width: 1024px; --smush-placeholder-aspect-ratio: 1024\/461;\" \/><\/a><\/figure>\n\n\n\n<p>NUEVOS CONCEJALES<\/p>\n\n\n\n<ul class=\"wp-block-list\">\n<li>Omar Delf\u00edn G\u00f3mez<\/li>\n\n\n\n<li>Leopoldo Raimundo Lucas<\/li>\n\n\n\n<li>Raquel Matkoski<\/li>\n\n\n\n<li>Alejandro Ver\u00f3n<\/li>\n<\/ul>\n\n\n\n<figure class=\"wp-block-image size-large is-resized\"><a href=\"https:\/\/cvinoticias.com\/wp-content\/uploads\/2023\/12\/IMG-20231210-WA0073.jpg\"><img decoding=\"async\" width=\"1024\" height=\"461\" data-src=\"https:\/\/cvinoticias.com\/wp-content\/uploads\/2023\/12\/IMG-20231210-WA0073-1024x461.jpg\" alt=\"\" class=\"wp-image-30756 lazyload\" style=\"--smush-placeholder-width: 1024px; --smush-placeholder-aspect-ratio: 1024\/461;width:678px;height:auto\" data-srcset=\"https:\/\/cvinoticias.com\/wp-content\/uploads\/2023\/12\/IMG-20231210-WA0073-1024x461.jpg 1024w, https:\/\/cvinoticias.com\/wp-content\/uploads\/2023\/12\/IMG-20231210-WA0073-300x135.jpg 300w, https:\/\/cvinoticias.com\/wp-content\/uploads\/2023\/12\/IMG-20231210-WA0073-768x346.jpg 768w, https:\/\/cvinoticias.com\/wp-content\/uploads\/2023\/12\/IMG-20231210-WA0073-1536x692.jpg 1536w, https:\/\/cvinoticias.com\/wp-content\/uploads\/2023\/12\/IMG-20231210-WA0073.jpg 1600w\" data-sizes=\"(max-width: 1024px) 100vw, 1024px\" src=\"data:image\/svg+xml;base64,PHN2ZyB3aWR0aD0iMSIgaGVpZ2h0PSIxIiB4bWxucz0iaHR0cDovL3d3dy53My5vcmcvMjAwMC9zdmciPjwvc3ZnPg==\" \/><\/a><\/figure>\n\n\n\n<p>En el mismo contexto fue nombrado como nuevo Presidente del Concejo Deliberante de Iguaz\u00fa el Concejal Javier Bareiro, Vicepresidente Rodrigo Lugo y Secretario Administrativo Hugo Sartori.<\/p>\n","protected":false},"excerpt":{"rendered":"<p>Hoy se realiz\u00f3 la Sesion Preparatoria y Asunci\u00f3n de los Concejales Entrantes, y elecciones de autoridades del Honorable Concejo Deliberante de Iguaz\u00fa Este domingo, asumieron los nuevos cuatros concejales que formar\u00e1n parte del HCD de Puerto Iguaz\u00fa en los pr\u00f3ximos cuatro a\u00f1os. NUEVOS CONCEJALES En el mismo contexto fue nombrado como nuevo Presidente del Concejo [&hellip;]<\/p>\n","protected":false},"author":2,"featured_media":30757,"comment_status":"open","ping_status":"open","sticky":false,"template":"","format":"standard","meta":{"footnotes":""},"categories":[29],"tags":[],"class_list":["post-30754","post","type-post","status-publish","format-standard","has-post-thumbnail","hentry","category-locales"],"yoast_head":"<!-- This site is optimized with the Yoast SEO plugin v27.5 - https:\/\/yoast.com\/product\/yoast-seo-wordpress\/ -->\n<title>Los nuevos concejales de Puerto Iguaz\u00fa asumieron sus funciones | CVI NOTICIAS<\/title>\n<meta name=\"robots\" content=\"index, follow, max-snippet:-1, max-image-preview:large, max-video-preview:-1\" \/>\n<link rel=\"canonical\" href=\"https:\/\/cvinoticias.com\/v3\/los-nuevos-concejales-de-puerto-iguazu-asumieron-sus-funciones\/\" \/>\n<meta property=\"og:locale\" content=\"es_ES\" \/>\n<meta property=\"og:type\" content=\"article\" \/>\n<meta property=\"og:title\" content=\"Los nuevos concejales de Puerto Iguaz\u00fa asumieron sus funciones | CVI NOTICIAS\" \/>\n<meta property=\"og:description\" content=\"Hoy se realiz\u00f3 la Sesion Preparatoria y Asunci\u00f3n de los Concejales Entrantes, y elecciones de autoridades del Honorable Concejo Deliberante de Iguaz\u00fa Este domingo, asumieron los nuevos cuatros concejales que formar\u00e1n parte del HCD de Puerto Iguaz\u00fa en los pr\u00f3ximos cuatro a\u00f1os. NUEVOS CONCEJALES En el mismo contexto fue nombrado como nuevo Presidente del Concejo [&hellip;]\" \/>\n<meta property=\"og:url\" content=\"https:\/\/cvinoticias.com\/v3\/los-nuevos-concejales-de-puerto-iguazu-asumieron-sus-funciones\/\" \/>\n<meta property=\"og:site_name\" content=\"CVI NOTICIAS\" \/>\n<meta property=\"article:publisher\" content=\"https:\/\/www.facebook.com\/cvinoticias\" \/>\n<meta property=\"article:published_time\" content=\"2023-12-10T15:21:38+00:00\" \/>\n<meta property=\"article:modified_time\" content=\"2023-12-10T15:22:49+00:00\" \/>\n<meta property=\"og:image\" content=\"https:\/\/cvinoticias.com\/wp-content\/uploads\/2023\/12\/IMG-20231210-WA0064.jpg\" \/>\n\t<meta property=\"og:image:width\" content=\"1600\" \/>\n\t<meta property=\"og:image:height\" content=\"720\" \/>\n\t<meta property=\"og:image:type\" content=\"image\/jpeg\" \/>\n<meta name=\"author\" content=\"f1000024\" \/>\n<meta name=\"twitter:card\" content=\"summary_large_image\" \/>\n<meta name=\"twitter:label1\" content=\"Escrito por\" \/>\n\t<meta name=\"twitter:data1\" content=\"f1000024\" \/>\n<script type=\"application\/ld+json\" class=\"yoast-schema-graph\">{\"@context\":\"https:\\\/\\\/schema.org\",\"@graph\":[{\"@type\":\"Article\",\"@id\":\"https:\\\/\\\/cvinoticias.com\\\/v3\\\/los-nuevos-concejales-de-puerto-iguazu-asumieron-sus-funciones\\\/#article\",\"isPartOf\":{\"@id\":\"https:\\\/\\\/cvinoticias.com\\\/v3\\\/los-nuevos-concejales-de-puerto-iguazu-asumieron-sus-funciones\\\/\"},\"author\":{\"name\":\"f1000024\",\"@id\":\"https:\\\/\\\/cvinoticias.com\\\/v3\\\/#\\\/schema\\\/person\\\/2db77e3c6bc03c538495d7b2b8be9b66\"},\"headline\":\"Los nuevos concejales de Puerto Iguaz\u00fa asumieron sus funciones\",\"datePublished\":\"2023-12-10T15:21:38+00:00\",\"dateModified\":\"2023-12-10T15:22:49+00:00\",\"mainEntityOfPage\":{\"@id\":\"https:\\\/\\\/cvinoticias.com\\\/v3\\\/los-nuevos-concejales-de-puerto-iguazu-asumieron-sus-funciones\\\/\"},\"wordCount\":96,\"commentCount\":0,\"publisher\":{\"@id\":\"https:\\\/\\\/cvinoticias.com\\\/v3\\\/#organization\"},\"image\":{\"@id\":\"https:\\\/\\\/cvinoticias.com\\\/v3\\\/los-nuevos-concejales-de-puerto-iguazu-asumieron-sus-funciones\\\/#primaryimage\"},\"thumbnailUrl\":\"https:\\\/\\\/cvinoticias.com\\\/wp-content\\\/uploads\\\/2023\\\/12\\\/IMG-20231210-WA0064.jpg\",\"articleSection\":[\"Locales\"],\"inLanguage\":\"es\",\"potentialAction\":[{\"@type\":\"CommentAction\",\"name\":\"Comment\",\"target\":[\"https:\\\/\\\/cvinoticias.com\\\/v3\\\/los-nuevos-concejales-de-puerto-iguazu-asumieron-sus-funciones\\\/#respond\"]}]},{\"@type\":\"WebPage\",\"@id\":\"https:\\\/\\\/cvinoticias.com\\\/v3\\\/los-nuevos-concejales-de-puerto-iguazu-asumieron-sus-funciones\\\/\",\"url\":\"https:\\\/\\\/cvinoticias.com\\\/v3\\\/los-nuevos-concejales-de-puerto-iguazu-asumieron-sus-funciones\\\/\",\"name\":\"Los nuevos concejales de Puerto Iguaz\u00fa asumieron sus funciones | CVI NOTICIAS\",\"isPartOf\":{\"@id\":\"https:\\\/\\\/cvinoticias.com\\\/v3\\\/#website\"},\"primaryImageOfPage\":{\"@id\":\"https:\\\/\\\/cvinoticias.com\\\/v3\\\/los-nuevos-concejales-de-puerto-iguazu-asumieron-sus-funciones\\\/#primaryimage\"},\"image\":{\"@id\":\"https:\\\/\\\/cvinoticias.com\\\/v3\\\/los-nuevos-concejales-de-puerto-iguazu-asumieron-sus-funciones\\\/#primaryimage\"},\"thumbnailUrl\":\"https:\\\/\\\/cvinoticias.com\\\/wp-content\\\/uploads\\\/2023\\\/12\\\/IMG-20231210-WA0064.jpg\",\"datePublished\":\"2023-12-10T15:21:38+00:00\",\"dateModified\":\"2023-12-10T15:22:49+00:00\",\"breadcrumb\":{\"@id\":\"https:\\\/\\\/cvinoticias.com\\\/v3\\\/los-nuevos-concejales-de-puerto-iguazu-asumieron-sus-funciones\\\/#breadcrumb\"},\"inLanguage\":\"es\",\"potentialAction\":[{\"@type\":\"ReadAction\",\"target\":[\"https:\\\/\\\/cvinoticias.com\\\/v3\\\/los-nuevos-concejales-de-puerto-iguazu-asumieron-sus-funciones\\\/\"]}]},{\"@type\":\"ImageObject\",\"inLanguage\":\"es\",\"@id\":\"https:\\\/\\\/cvinoticias.com\\\/v3\\\/los-nuevos-concejales-de-puerto-iguazu-asumieron-sus-funciones\\\/#primaryimage\",\"url\":\"https:\\\/\\\/cvinoticias.com\\\/wp-content\\\/uploads\\\/2023\\\/12\\\/IMG-20231210-WA0064.jpg\",\"contentUrl\":\"https:\\\/\\\/cvinoticias.com\\\/wp-content\\\/uploads\\\/2023\\\/12\\\/IMG-20231210-WA0064.jpg\",\"width\":1600,\"height\":720},{\"@type\":\"BreadcrumbList\",\"@id\":\"https:\\\/\\\/cvinoticias.com\\\/v3\\\/los-nuevos-concejales-de-puerto-iguazu-asumieron-sus-funciones\\\/#breadcrumb\",\"itemListElement\":[{\"@type\":\"ListItem\",\"position\":1,\"name\":\"Portada\",\"item\":\"https:\\\/\\\/cvinoticias.com\\\/v3\\\/\"},{\"@type\":\"ListItem\",\"position\":2,\"name\":\"Los nuevos concejales de Puerto Iguaz\u00fa asumieron sus funciones\"}]},{\"@type\":\"WebSite\",\"@id\":\"https:\\\/\\\/cvinoticias.com\\\/v3\\\/#website\",\"url\":\"https:\\\/\\\/cvinoticias.com\\\/v3\\\/\",\"name\":\"CVI NOTICIAS\",\"description\":\"\",\"publisher\":{\"@id\":\"https:\\\/\\\/cvinoticias.com\\\/v3\\\/#organization\"},\"alternateName\":\"CVI\",\"potentialAction\":[{\"@type\":\"SearchAction\",\"target\":{\"@type\":\"EntryPoint\",\"urlTemplate\":\"https:\\\/\\\/cvinoticias.com\\\/v3\\\/?s={search_term_string}\"},\"query-input\":{\"@type\":\"PropertyValueSpecification\",\"valueRequired\":true,\"valueName\":\"search_term_string\"}}],\"inLanguage\":\"es\"},{\"@type\":\"Organization\",\"@id\":\"https:\\\/\\\/cvinoticias.com\\\/v3\\\/#organization\",\"name\":\"CVI NOTICIAS\",\"url\":\"https:\\\/\\\/cvinoticias.com\\\/v3\\\/\",\"logo\":{\"@type\":\"ImageObject\",\"inLanguage\":\"es\",\"@id\":\"https:\\\/\\\/cvinoticias.com\\\/v3\\\/#\\\/schema\\\/logo\\\/image\\\/\",\"url\":\"https:\\\/\\\/cvinoticias.com\\\/wp-content\\\/uploads\\\/2023\\\/04\\\/cropped-cropped-cropped-cropped-cropped-3-1.png\",\"contentUrl\":\"https:\\\/\\\/cvinoticias.com\\\/wp-content\\\/uploads\\\/2023\\\/04\\\/cropped-cropped-cropped-cropped-cropped-3-1.png\",\"width\":95,\"height\":122,\"caption\":\"CVI NOTICIAS\"},\"image\":{\"@id\":\"https:\\\/\\\/cvinoticias.com\\\/v3\\\/#\\\/schema\\\/logo\\\/image\\\/\"},\"sameAs\":[\"https:\\\/\\\/www.facebook.com\\\/cvinoticias\",\"https:\\\/\\\/www.instagram.com\\\/cvinoticias\\\/\",\"https:\\\/\\\/www.youtube.com\\\/@CVINOTICIAS\"]},{\"@type\":\"Person\",\"@id\":\"https:\\\/\\\/cvinoticias.com\\\/v3\\\/#\\\/schema\\\/person\\\/2db77e3c6bc03c538495d7b2b8be9b66\",\"name\":\"f1000024\",\"image\":{\"@type\":\"ImageObject\",\"inLanguage\":\"es\",\"@id\":\"https:\\\/\\\/secure.gravatar.com\\\/avatar\\\/d4fe7459cfc51ff5129ce1a732bbef5928568b8092d412ef95611616376bbeed?s=96&d=mm&r=g\",\"url\":\"https:\\\/\\\/secure.gravatar.com\\\/avatar\\\/d4fe7459cfc51ff5129ce1a732bbef5928568b8092d412ef95611616376bbeed?s=96&d=mm&r=g\",\"contentUrl\":\"https:\\\/\\\/secure.gravatar.com\\\/avatar\\\/d4fe7459cfc51ff5129ce1a732bbef5928568b8092d412ef95611616376bbeed?s=96&d=mm&r=g\",\"caption\":\"f1000024\"},\"url\":\"https:\\\/\\\/cvinoticias.com\\\/v3\\\/author\\\/f1000024\\\/\"}]}<\/script>\n<!-- \/ Yoast SEO plugin. -->","yoast_head_json":{"title":"Los nuevos concejales de Puerto Iguaz\u00fa asumieron sus funciones | CVI NOTICIAS","robots":{"index":"index","follow":"follow","max-snippet":"max-snippet:-1","max-image-preview":"max-image-preview:large","max-video-preview":"max-video-preview:-1"},"canonical":"https:\/\/cvinoticias.com\/v3\/los-nuevos-concejales-de-puerto-iguazu-asumieron-sus-funciones\/","og_locale":"es_ES","og_type":"article","og_title":"Los nuevos concejales de Puerto Iguaz\u00fa asumieron sus funciones | CVI NOTICIAS","og_description":"Hoy se realiz\u00f3 la Sesion Preparatoria y Asunci\u00f3n de los Concejales Entrantes, y elecciones de autoridades del Honorable Concejo Deliberante de Iguaz\u00fa Este domingo, asumieron los nuevos cuatros concejales que formar\u00e1n parte del HCD de Puerto Iguaz\u00fa en los pr\u00f3ximos cuatro a\u00f1os. NUEVOS CONCEJALES En el mismo contexto fue nombrado como nuevo Presidente del Concejo [&hellip;]","og_url":"https:\/\/cvinoticias.com\/v3\/los-nuevos-concejales-de-puerto-iguazu-asumieron-sus-funciones\/","og_site_name":"CVI NOTICIAS","article_publisher":"https:\/\/www.facebook.com\/cvinoticias","article_published_time":"2023-12-10T15:21:38+00:00","article_modified_time":"2023-12-10T15:22:49+00:00","og_image":[{"width":1600,"height":720,"url":"https:\/\/cvinoticias.com\/wp-content\/uploads\/2023\/12\/IMG-20231210-WA0064.jpg","type":"image\/jpeg"}],"author":"f1000024","twitter_card":"summary_large_image","twitter_misc":{"Escrito por":"f1000024"},"schema":{"@context":"https:\/\/schema.org","@graph":[{"@type":"Article","@id":"https:\/\/cvinoticias.com\/v3\/los-nuevos-concejales-de-puerto-iguazu-asumieron-sus-funciones\/#article","isPartOf":{"@id":"https:\/\/cvinoticias.com\/v3\/los-nuevos-concejales-de-puerto-iguazu-asumieron-sus-funciones\/"},"author":{"name":"f1000024","@id":"https:\/\/cvinoticias.com\/v3\/#\/schema\/person\/2db77e3c6bc03c538495d7b2b8be9b66"},"headline":"Los nuevos concejales de Puerto Iguaz\u00fa asumieron sus funciones","datePublished":"2023-12-10T15:21:38+00:00","dateModified":"2023-12-10T15:22:49+00:00","mainEntityOfPage":{"@id":"https:\/\/cvinoticias.com\/v3\/los-nuevos-concejales-de-puerto-iguazu-asumieron-sus-funciones\/"},"wordCount":96,"commentCount":0,"publisher":{"@id":"https:\/\/cvinoticias.com\/v3\/#organization"},"image":{"@id":"https:\/\/cvinoticias.com\/v3\/los-nuevos-concejales-de-puerto-iguazu-asumieron-sus-funciones\/#primaryimage"},"thumbnailUrl":"https:\/\/cvinoticias.com\/wp-content\/uploads\/2023\/12\/IMG-20231210-WA0064.jpg","articleSection":["Locales"],"inLanguage":"es","potentialAction":[{"@type":"CommentAction","name":"Comment","target":["https:\/\/cvinoticias.com\/v3\/los-nuevos-concejales-de-puerto-iguazu-asumieron-sus-funciones\/#respond"]}]},{"@type":"WebPage","@id":"https:\/\/cvinoticias.com\/v3\/los-nuevos-concejales-de-puerto-iguazu-asumieron-sus-funciones\/","url":"https:\/\/cvinoticias.com\/v3\/los-nuevos-concejales-de-puerto-iguazu-asumieron-sus-funciones\/","name":"Los nuevos concejales de Puerto Iguaz\u00fa asumieron sus funciones | CVI NOTICIAS","isPartOf":{"@id":"https:\/\/cvinoticias.com\/v3\/#website"},"primaryImageOfPage":{"@id":"https:\/\/cvinoticias.com\/v3\/los-nuevos-concejales-de-puerto-iguazu-asumieron-sus-funciones\/#primaryimage"},"image":{"@id":"https:\/\/cvinoticias.com\/v3\/los-nuevos-concejales-de-puerto-iguazu-asumieron-sus-funciones\/#primaryimage"},"thumbnailUrl":"https:\/\/cvinoticias.com\/wp-content\/uploads\/2023\/12\/IMG-20231210-WA0064.jpg","datePublished":"2023-12-10T15:21:38+00:00","dateModified":"2023-12-10T15:22:49+00:00","breadcrumb":{"@id":"https:\/\/cvinoticias.com\/v3\/los-nuevos-concejales-de-puerto-iguazu-asumieron-sus-funciones\/#breadcrumb"},"inLanguage":"es","potentialAction":[{"@type":"ReadAction","target":["https:\/\/cvinoticias.com\/v3\/los-nuevos-concejales-de-puerto-iguazu-asumieron-sus-funciones\/"]}]},{"@type":"ImageObject","inLanguage":"es","@id":"https:\/\/cvinoticias.com\/v3\/los-nuevos-concejales-de-puerto-iguazu-asumieron-sus-funciones\/#primaryimage","url":"https:\/\/cvinoticias.com\/wp-content\/uploads\/2023\/12\/IMG-20231210-WA0064.jpg","contentUrl":"https:\/\/cvinoticias.com\/wp-content\/uploads\/2023\/12\/IMG-20231210-WA0064.jpg","width":1600,"height":720},{"@type":"BreadcrumbList","@id":"https:\/\/cvinoticias.com\/v3\/los-nuevos-concejales-de-puerto-iguazu-asumieron-sus-funciones\/#breadcrumb","itemListElement":[{"@type":"ListItem","position":1,"name":"Portada","item":"https:\/\/cvinoticias.com\/v3\/"},{"@type":"ListItem","position":2,"name":"Los nuevos concejales de Puerto Iguaz\u00fa asumieron sus funciones"}]},{"@type":"WebSite","@id":"https:\/\/cvinoticias.com\/v3\/#website","url":"https:\/\/cvinoticias.com\/v3\/","name":"CVI NOTICIAS","description":"","publisher":{"@id":"https:\/\/cvinoticias.com\/v3\/#organization"},"alternateName":"CVI","potentialAction":[{"@type":"SearchAction","target":{"@type":"EntryPoint","urlTemplate":"https:\/\/cvinoticias.com\/v3\/?s={search_term_string}"},"query-input":{"@type":"PropertyValueSpecification","valueRequired":true,"valueName":"search_term_string"}}],"inLanguage":"es"},{"@type":"Organization","@id":"https:\/\/cvinoticias.com\/v3\/#organization","name":"CVI NOTICIAS","url":"https:\/\/cvinoticias.com\/v3\/","logo":{"@type":"ImageObject","inLanguage":"es","@id":"https:\/\/cvinoticias.com\/v3\/#\/schema\/logo\/image\/","url":"https:\/\/cvinoticias.com\/wp-content\/uploads\/2023\/04\/cropped-cropped-cropped-cropped-cropped-3-1.png","contentUrl":"https:\/\/cvinoticias.com\/wp-content\/uploads\/2023\/04\/cropped-cropped-cropped-cropped-cropped-3-1.png","width":95,"height":122,"caption":"CVI NOTICIAS"},"image":{"@id":"https:\/\/cvinoticias.com\/v3\/#\/schema\/logo\/image\/"},"sameAs":["https:\/\/www.facebook.com\/cvinoticias","https:\/\/www.instagram.com\/cvinoticias\/","https:\/\/www.youtube.com\/@CVINOTICIAS"]},{"@type":"Person","@id":"https:\/\/cvinoticias.com\/v3\/#\/schema\/person\/2db77e3c6bc03c538495d7b2b8be9b66","name":"f1000024","image":{"@type":"ImageObject","inLanguage":"es","@id":"https:\/\/secure.gravatar.com\/avatar\/d4fe7459cfc51ff5129ce1a732bbef5928568b8092d412ef95611616376bbeed?s=96&d=mm&r=g","url":"https:\/\/secure.gravatar.com\/avatar\/d4fe7459cfc51ff5129ce1a732bbef5928568b8092d412ef95611616376bbeed?s=96&d=mm&r=g","contentUrl":"https:\/\/secure.gravatar.com\/avatar\/d4fe7459cfc51ff5129ce1a732bbef5928568b8092d412ef95611616376bbeed?s=96&d=mm&r=g","caption":"f1000024"},"url":"https:\/\/cvinoticias.com\/v3\/author\/f1000024\/"}]}},"_links":{"self":[{"href":"https:\/\/cvinoticias.com\/v3\/wp-json\/wp\/v2\/posts\/30754","targetHints":{"allow":["GET"]}}],"collection":[{"href":"https:\/\/cvinoticias.com\/v3\/wp-json\/wp\/v2\/posts"}],"about":[{"href":"https:\/\/cvinoticias.com\/v3\/wp-json\/wp\/v2\/types\/post"}],"author":[{"embeddable":true,"href":"https:\/\/cvinoticias.com\/v3\/wp-json\/wp\/v2\/users\/2"}],"replies":[{"embeddable":true,"href":"https:\/\/cvinoticias.com\/v3\/wp-json\/wp\/v2\/comments?post=30754"}],"version-history":[{"count":3,"href":"https:\/\/cvinoticias.com\/v3\/wp-json\/wp\/v2\/posts\/30754\/revisions"}],"predecessor-version":[{"id":30760,"href":"https:\/\/cvinoticias.com\/v3\/wp-json\/wp\/v2\/posts\/30754\/revisions\/30760"}],"wp:featuredmedia":[{"embeddable":true,"href":"https:\/\/cvinoticias.com\/v3\/wp-json\/wp\/v2\/media\/30757"}],"wp:attachment":[{"href":"https:\/\/cvinoticias.com\/v3\/wp-json\/wp\/v2\/media?parent=30754"}],"wp:term":[{"taxonomy":"category","embeddable":true,"href":"https:\/\/cvinoticias.com\/v3\/wp-json\/wp\/v2\/categories?post=30754"},{"taxonomy":"post_tag","embeddable":true,"href":"https:\/\/cvinoticias.com\/v3\/wp-json\/wp\/v2\/tags?post=30754"}],"curies":[{"name":"wp","href":"https:\/\/api.w.org\/{rel}","templated":true}]}}