{"id":30739,"date":"2023-12-10T08:29:45","date_gmt":"2023-12-10T11:29:45","guid":{"rendered":"https:\/\/cvinoticias.com\/v3\/?p=30739"},"modified":"2023-12-10T08:29:45","modified_gmt":"2023-12-10T11:29:45","slug":"con-herrera-confirmado-para-la-presidencia-asumen-hoy-los-diputados-provinciales-electos-en-mayo","status":"publish","type":"post","link":"https:\/\/cvinoticias.com\/v3\/con-herrera-confirmado-para-la-presidencia-asumen-hoy-los-diputados-provinciales-electos-en-mayo\/","title":{"rendered":"Con Herrera confirmado para la presidencia, asumen hoy los diputados provinciales electos en mayo"},"content":{"rendered":"\n<p><em><strong>Para dar cumplimiento a lo dispuesto en el Art\u00edculo 99 de la Constituci\u00f3n Provincial, el art\u00edculo 1 de la Ley IV 23 y los art\u00edculos 1, 3, 16, 17, 18 y 19 del Reglamento de C\u00e1mara, el decreto N\u00b0421 de Presidencia de C\u00e1mara estableci\u00f3 como fecha de sesi\u00f3n especial este 10 de diciembre a las 9 para incorporar a los diputados electos el 7 de mayo de 2023.<\/strong><\/em><\/p>\n\n\n\n<p>Adem\u00e1s, en la oportunidad designar\u00e1n las autoridades de la C\u00e1mara por el t\u00e9rmino de un a\u00f1o; tomar\u00e1n juramento para la posesi\u00f3n del cargo a quienes se designen como Secretarios y Prosecretarios Legislativos; integrar\u00e1n las comisiones permanentes y especiales; designar\u00e1n a los miembros de la Comisi\u00f3n Legislativa Permanente; elegir\u00e1n a los diputados que integrar\u00e1n el Jurado de Enjuiciamiento y proceder\u00e1n al sorteo de las Salas Acusadora y Juzgadora, y Comisi\u00f3n Investigadora; y designar\u00e1n a los diputados que integrar\u00e1n el Consejo de la Magistratura.<\/p>\n\n\n\n<p>En la semana, el actual presidente de la C\u00e1mara de Representantes, Carlos Rovira, anticip\u00f3 que dejar\u00e1 el cargo y propondr\u00e1 al gobernador saliente y diputado electo, Oscar Herrera Ahuad, como su sucesor. Todo se\u00f1ala que tendr\u00e1 el acompa\u00f1amiento de sus pares y el actual mandatario que deja el cargo asumir\u00e1 la presidencia del cuerpo.<\/p>\n\n\n\n<p>Por otra parte, se fijar\u00e1 d\u00eda y hora de las sesiones ordinarias correspondientes al pr\u00f3ximo per\u00edodo legislativo.<\/p>\n\n\n\n<p>En la misma jornada, en cumplimiento de lo dispuesto en el art\u00edculo 108 de la Constituci\u00f3n provincial y lo establecido en el art\u00edculo 1, inciso f del reglamento de la C\u00e1mara de Representantes, el decreto 422 del presidente del Parlamento Misionero, convocar\u00e1 a sesi\u00f3n especial para las 10:30, a efectos de tomar juramento a los se\u00f1ores Gobernador y Vicegobernador electo, Hugo Passalacqua y Lucas Romero Spinelli.<\/p>\n\n\n\n<p><strong>Qui\u00e9nes dejan sus bancas<\/strong><\/p>\n\n\n\n<p>Entre los que terminan mandatos en el oficialismo local se encuentran Carlos Rovira, pero fue reelecto. Tambi\u00e9n terminan el per\u00edodo correspondiente, Cristina Bandera, H\u00e9ctor Llera, Hugo Passalacqua (gobernador electo), Isidro Duarte y Jorge Franco.<\/p>\n\n\n\n<p>En la lista siguen Julio Petterson, Romero Spinelli (electo vicegobernador), Omar Olsson, Rita N\u00fa\u00f1ez; Silvia Rojas, Soledad Bal\u00e1n, Yamila Ruiz (electa diputada nacional) Anazul Centeno (reelecta), Adriana Bezus y Laura Duarte.<\/p>\n\n\n\n<p>En la Uni\u00f3n C\u00edvica Radical (UCR) se van Jorge Lacour y por el PRO, Jorge Ratier. En Juntos por el Cambio, Roxana Larraburu. Por Tierra Techo y Trabajo (TTT), Mart\u00edn Sereno.<\/p>\n\n\n\n<p><strong>Los diputados que juran<\/strong><\/p>\n\n\n\n<p>Los legisladores provinciales que ingresan este domingo, prestaran juramento y tendr\u00e1n mandato hasta el 2027 son Oscar Herrera Ahuad, Anazul Centeno, Carlos Rovira, Mar\u00eda M\u00e9ndez As\u00f3n, Alejandro Arnhold, Silvia Rojas, Jos\u00e9 Szychowski, Sara Butvilofsky, Enio Lemes, Mar\u00eda Schierse, H\u00e9ctor \u201cKiko\u201d Llera, Jos\u00e9 Luis Pastori y Alicia Zalesak y Blanca N\u00fa\u00f1ez, por el Frente Renovador de la Concordia.<\/p>\n\n\n\n<p>Por el lado de Juntos por el Cambio ingresaran como diputados Pedro Puerta, Anal\u00eda Lebandoczka, Francisco Fonseca, Rosa Margarita Kurtz y Miguel Orlando N\u00fa\u00f1ez.<\/p>\n\n\n\n<p>A su vez, el Frente de Todos solo tendr\u00e1 una banca en la Legislatura, la cual ser\u00e1 ocupada por Cristian Castro.<\/p>\n","protected":false},"excerpt":{"rendered":"<p>Para dar cumplimiento a lo dispuesto en el Art\u00edculo 99 de la Constituci\u00f3n Provincial, el art\u00edculo 1 de la Ley IV 23 y los art\u00edculos 1, 3, 16, 17, 18 y 19 del Reglamento de C\u00e1mara, el decreto N\u00b0421 de Presidencia de C\u00e1mara estableci\u00f3 como fecha de sesi\u00f3n especial este 10 de diciembre a las [&hellip;]<\/p>\n","protected":false},"author":2,"featured_media":30740,"comment_status":"open","ping_status":"open","sticky":false,"template":"","format":"standard","meta":{"footnotes":""},"categories":[43],"tags":[],"class_list":["post-30739","post","type-post","status-publish","format-standard","has-post-thumbnail","hentry","category-provinciales"],"yoast_head":"<!-- This site is optimized with the Yoast SEO plugin v27.4 - https:\/\/yoast.com\/product\/yoast-seo-wordpress\/ -->\n<title>Con Herrera confirmado para la presidencia, asumen hoy los diputados provinciales electos en mayo | CVI NOTICIAS<\/title>\n<meta name=\"robots\" content=\"index, follow, max-snippet:-1, max-image-preview:large, max-video-preview:-1\" \/>\n<link rel=\"canonical\" href=\"https:\/\/cvinoticias.com\/v3\/con-herrera-confirmado-para-la-presidencia-asumen-hoy-los-diputados-provinciales-electos-en-mayo\/\" \/>\n<meta property=\"og:locale\" content=\"es_ES\" \/>\n<meta property=\"og:type\" content=\"article\" \/>\n<meta property=\"og:title\" content=\"Con Herrera confirmado para la presidencia, asumen hoy los diputados provinciales electos en mayo | CVI NOTICIAS\" \/>\n<meta property=\"og:description\" content=\"Para dar cumplimiento a lo dispuesto en el Art\u00edculo 99 de la Constituci\u00f3n Provincial, el art\u00edculo 1 de la Ley IV 23 y los art\u00edculos 1, 3, 16, 17, 18 y 19 del Reglamento de C\u00e1mara, el decreto N\u00b0421 de Presidencia de C\u00e1mara estableci\u00f3 como fecha de sesi\u00f3n especial este 10 de diciembre a las [&hellip;]\" \/>\n<meta property=\"og:url\" content=\"https:\/\/cvinoticias.com\/v3\/con-herrera-confirmado-para-la-presidencia-asumen-hoy-los-diputados-provinciales-electos-en-mayo\/\" \/>\n<meta property=\"og:site_name\" content=\"CVI NOTICIAS\" \/>\n<meta property=\"article:publisher\" content=\"https:\/\/www.facebook.com\/cvinoticias\" \/>\n<meta property=\"article:published_time\" content=\"2023-12-10T11:29:45+00:00\" \/>\n<meta property=\"og:image\" content=\"https:\/\/cvinoticias.com\/wp-content\/uploads\/2023\/12\/rovira-y-legislatura-2-1068x602-1.jpg\" \/>\n\t<meta property=\"og:image:width\" content=\"1068\" \/>\n\t<meta property=\"og:image:height\" content=\"602\" \/>\n\t<meta property=\"og:image:type\" content=\"image\/jpeg\" \/>\n<meta name=\"author\" content=\"f1000024\" \/>\n<meta name=\"twitter:card\" content=\"summary_large_image\" \/>\n<meta name=\"twitter:label1\" content=\"Escrito por\" \/>\n\t<meta name=\"twitter:data1\" content=\"f1000024\" \/>\n\t<meta name=\"twitter:label2\" content=\"Tiempo de lectura\" \/>\n\t<meta name=\"twitter:data2\" content=\"3 minutos\" \/>\n<script type=\"application\/ld+json\" class=\"yoast-schema-graph\">{\"@context\":\"https:\\\/\\\/schema.org\",\"@graph\":[{\"@type\":\"Article\",\"@id\":\"https:\\\/\\\/cvinoticias.com\\\/v3\\\/con-herrera-confirmado-para-la-presidencia-asumen-hoy-los-diputados-provinciales-electos-en-mayo\\\/#article\",\"isPartOf\":{\"@id\":\"https:\\\/\\\/cvinoticias.com\\\/v3\\\/con-herrera-confirmado-para-la-presidencia-asumen-hoy-los-diputados-provinciales-electos-en-mayo\\\/\"},\"author\":{\"name\":\"f1000024\",\"@id\":\"https:\\\/\\\/cvinoticias.com\\\/v3\\\/#\\\/schema\\\/person\\\/2db77e3c6bc03c538495d7b2b8be9b66\"},\"headline\":\"Con Herrera confirmado para la presidencia, asumen hoy los diputados provinciales electos en mayo\",\"datePublished\":\"2023-12-10T11:29:45+00:00\",\"mainEntityOfPage\":{\"@id\":\"https:\\\/\\\/cvinoticias.com\\\/v3\\\/con-herrera-confirmado-para-la-presidencia-asumen-hoy-los-diputados-provinciales-electos-en-mayo\\\/\"},\"wordCount\":542,\"commentCount\":0,\"publisher\":{\"@id\":\"https:\\\/\\\/cvinoticias.com\\\/v3\\\/#organization\"},\"image\":{\"@id\":\"https:\\\/\\\/cvinoticias.com\\\/v3\\\/con-herrera-confirmado-para-la-presidencia-asumen-hoy-los-diputados-provinciales-electos-en-mayo\\\/#primaryimage\"},\"thumbnailUrl\":\"https:\\\/\\\/cvinoticias.com\\\/wp-content\\\/uploads\\\/2023\\\/12\\\/rovira-y-legislatura-2-1068x602-1.jpg\",\"articleSection\":[\"Provinciales\"],\"inLanguage\":\"es\",\"potentialAction\":[{\"@type\":\"CommentAction\",\"name\":\"Comment\",\"target\":[\"https:\\\/\\\/cvinoticias.com\\\/v3\\\/con-herrera-confirmado-para-la-presidencia-asumen-hoy-los-diputados-provinciales-electos-en-mayo\\\/#respond\"]}]},{\"@type\":\"WebPage\",\"@id\":\"https:\\\/\\\/cvinoticias.com\\\/v3\\\/con-herrera-confirmado-para-la-presidencia-asumen-hoy-los-diputados-provinciales-electos-en-mayo\\\/\",\"url\":\"https:\\\/\\\/cvinoticias.com\\\/v3\\\/con-herrera-confirmado-para-la-presidencia-asumen-hoy-los-diputados-provinciales-electos-en-mayo\\\/\",\"name\":\"Con Herrera confirmado para la presidencia, asumen hoy los diputados provinciales electos en mayo | CVI NOTICIAS\",\"isPartOf\":{\"@id\":\"https:\\\/\\\/cvinoticias.com\\\/v3\\\/#website\"},\"primaryImageOfPage\":{\"@id\":\"https:\\\/\\\/cvinoticias.com\\\/v3\\\/con-herrera-confirmado-para-la-presidencia-asumen-hoy-los-diputados-provinciales-electos-en-mayo\\\/#primaryimage\"},\"image\":{\"@id\":\"https:\\\/\\\/cvinoticias.com\\\/v3\\\/con-herrera-confirmado-para-la-presidencia-asumen-hoy-los-diputados-provinciales-electos-en-mayo\\\/#primaryimage\"},\"thumbnailUrl\":\"https:\\\/\\\/cvinoticias.com\\\/wp-content\\\/uploads\\\/2023\\\/12\\\/rovira-y-legislatura-2-1068x602-1.jpg\",\"datePublished\":\"2023-12-10T11:29:45+00:00\",\"breadcrumb\":{\"@id\":\"https:\\\/\\\/cvinoticias.com\\\/v3\\\/con-herrera-confirmado-para-la-presidencia-asumen-hoy-los-diputados-provinciales-electos-en-mayo\\\/#breadcrumb\"},\"inLanguage\":\"es\",\"potentialAction\":[{\"@type\":\"ReadAction\",\"target\":[\"https:\\\/\\\/cvinoticias.com\\\/v3\\\/con-herrera-confirmado-para-la-presidencia-asumen-hoy-los-diputados-provinciales-electos-en-mayo\\\/\"]}]},{\"@type\":\"ImageObject\",\"inLanguage\":\"es\",\"@id\":\"https:\\\/\\\/cvinoticias.com\\\/v3\\\/con-herrera-confirmado-para-la-presidencia-asumen-hoy-los-diputados-provinciales-electos-en-mayo\\\/#primaryimage\",\"url\":\"https:\\\/\\\/cvinoticias.com\\\/wp-content\\\/uploads\\\/2023\\\/12\\\/rovira-y-legislatura-2-1068x602-1.jpg\",\"contentUrl\":\"https:\\\/\\\/cvinoticias.com\\\/wp-content\\\/uploads\\\/2023\\\/12\\\/rovira-y-legislatura-2-1068x602-1.jpg\",\"width\":1068,\"height\":602},{\"@type\":\"BreadcrumbList\",\"@id\":\"https:\\\/\\\/cvinoticias.com\\\/v3\\\/con-herrera-confirmado-para-la-presidencia-asumen-hoy-los-diputados-provinciales-electos-en-mayo\\\/#breadcrumb\",\"itemListElement\":[{\"@type\":\"ListItem\",\"position\":1,\"name\":\"Portada\",\"item\":\"https:\\\/\\\/cvinoticias.com\\\/v3\\\/\"},{\"@type\":\"ListItem\",\"position\":2,\"name\":\"Con Herrera confirmado para la presidencia, asumen hoy los diputados provinciales electos en mayo\"}]},{\"@type\":\"WebSite\",\"@id\":\"https:\\\/\\\/cvinoticias.com\\\/v3\\\/#website\",\"url\":\"https:\\\/\\\/cvinoticias.com\\\/v3\\\/\",\"name\":\"CVI NOTICIAS\",\"description\":\"\",\"publisher\":{\"@id\":\"https:\\\/\\\/cvinoticias.com\\\/v3\\\/#organization\"},\"alternateName\":\"CVI\",\"potentialAction\":[{\"@type\":\"SearchAction\",\"target\":{\"@type\":\"EntryPoint\",\"urlTemplate\":\"https:\\\/\\\/cvinoticias.com\\\/v3\\\/?s={search_term_string}\"},\"query-input\":{\"@type\":\"PropertyValueSpecification\",\"valueRequired\":true,\"valueName\":\"search_term_string\"}}],\"inLanguage\":\"es\"},{\"@type\":\"Organization\",\"@id\":\"https:\\\/\\\/cvinoticias.com\\\/v3\\\/#organization\",\"name\":\"CVI NOTICIAS\",\"url\":\"https:\\\/\\\/cvinoticias.com\\\/v3\\\/\",\"logo\":{\"@type\":\"ImageObject\",\"inLanguage\":\"es\",\"@id\":\"https:\\\/\\\/cvinoticias.com\\\/v3\\\/#\\\/schema\\\/logo\\\/image\\\/\",\"url\":\"https:\\\/\\\/cvinoticias.com\\\/wp-content\\\/uploads\\\/2023\\\/04\\\/cropped-cropped-cropped-cropped-cropped-3-1.png\",\"contentUrl\":\"https:\\\/\\\/cvinoticias.com\\\/wp-content\\\/uploads\\\/2023\\\/04\\\/cropped-cropped-cropped-cropped-cropped-3-1.png\",\"width\":95,\"height\":122,\"caption\":\"CVI NOTICIAS\"},\"image\":{\"@id\":\"https:\\\/\\\/cvinoticias.com\\\/v3\\\/#\\\/schema\\\/logo\\\/image\\\/\"},\"sameAs\":[\"https:\\\/\\\/www.facebook.com\\\/cvinoticias\",\"https:\\\/\\\/www.instagram.com\\\/cvinoticias\\\/\",\"https:\\\/\\\/www.youtube.com\\\/@CVINOTICIAS\"]},{\"@type\":\"Person\",\"@id\":\"https:\\\/\\\/cvinoticias.com\\\/v3\\\/#\\\/schema\\\/person\\\/2db77e3c6bc03c538495d7b2b8be9b66\",\"name\":\"f1000024\",\"image\":{\"@type\":\"ImageObject\",\"inLanguage\":\"es\",\"@id\":\"https:\\\/\\\/secure.gravatar.com\\\/avatar\\\/d4fe7459cfc51ff5129ce1a732bbef5928568b8092d412ef95611616376bbeed?s=96&d=mm&r=g\",\"url\":\"https:\\\/\\\/secure.gravatar.com\\\/avatar\\\/d4fe7459cfc51ff5129ce1a732bbef5928568b8092d412ef95611616376bbeed?s=96&d=mm&r=g\",\"contentUrl\":\"https:\\\/\\\/secure.gravatar.com\\\/avatar\\\/d4fe7459cfc51ff5129ce1a732bbef5928568b8092d412ef95611616376bbeed?s=96&d=mm&r=g\",\"caption\":\"f1000024\"},\"url\":\"https:\\\/\\\/cvinoticias.com\\\/v3\\\/author\\\/f1000024\\\/\"}]}<\/script>\n<!-- \/ Yoast SEO plugin. -->","yoast_head_json":{"title":"Con Herrera confirmado para la presidencia, asumen hoy los diputados provinciales electos en mayo | CVI NOTICIAS","robots":{"index":"index","follow":"follow","max-snippet":"max-snippet:-1","max-image-preview":"max-image-preview:large","max-video-preview":"max-video-preview:-1"},"canonical":"https:\/\/cvinoticias.com\/v3\/con-herrera-confirmado-para-la-presidencia-asumen-hoy-los-diputados-provinciales-electos-en-mayo\/","og_locale":"es_ES","og_type":"article","og_title":"Con Herrera confirmado para la presidencia, asumen hoy los diputados provinciales electos en mayo | CVI NOTICIAS","og_description":"Para dar cumplimiento a lo dispuesto en el Art\u00edculo 99 de la Constituci\u00f3n Provincial, el art\u00edculo 1 de la Ley IV 23 y los art\u00edculos 1, 3, 16, 17, 18 y 19 del Reglamento de C\u00e1mara, el decreto N\u00b0421 de Presidencia de C\u00e1mara estableci\u00f3 como fecha de sesi\u00f3n especial este 10 de diciembre a las [&hellip;]","og_url":"https:\/\/cvinoticias.com\/v3\/con-herrera-confirmado-para-la-presidencia-asumen-hoy-los-diputados-provinciales-electos-en-mayo\/","og_site_name":"CVI NOTICIAS","article_publisher":"https:\/\/www.facebook.com\/cvinoticias","article_published_time":"2023-12-10T11:29:45+00:00","og_image":[{"width":1068,"height":602,"url":"https:\/\/cvinoticias.com\/wp-content\/uploads\/2023\/12\/rovira-y-legislatura-2-1068x602-1.jpg","type":"image\/jpeg"}],"author":"f1000024","twitter_card":"summary_large_image","twitter_misc":{"Escrito por":"f1000024","Tiempo de lectura":"3 minutos"},"schema":{"@context":"https:\/\/schema.org","@graph":[{"@type":"Article","@id":"https:\/\/cvinoticias.com\/v3\/con-herrera-confirmado-para-la-presidencia-asumen-hoy-los-diputados-provinciales-electos-en-mayo\/#article","isPartOf":{"@id":"https:\/\/cvinoticias.com\/v3\/con-herrera-confirmado-para-la-presidencia-asumen-hoy-los-diputados-provinciales-electos-en-mayo\/"},"author":{"name":"f1000024","@id":"https:\/\/cvinoticias.com\/v3\/#\/schema\/person\/2db77e3c6bc03c538495d7b2b8be9b66"},"headline":"Con Herrera confirmado para la presidencia, asumen hoy los diputados provinciales electos en mayo","datePublished":"2023-12-10T11:29:45+00:00","mainEntityOfPage":{"@id":"https:\/\/cvinoticias.com\/v3\/con-herrera-confirmado-para-la-presidencia-asumen-hoy-los-diputados-provinciales-electos-en-mayo\/"},"wordCount":542,"commentCount":0,"publisher":{"@id":"https:\/\/cvinoticias.com\/v3\/#organization"},"image":{"@id":"https:\/\/cvinoticias.com\/v3\/con-herrera-confirmado-para-la-presidencia-asumen-hoy-los-diputados-provinciales-electos-en-mayo\/#primaryimage"},"thumbnailUrl":"https:\/\/cvinoticias.com\/wp-content\/uploads\/2023\/12\/rovira-y-legislatura-2-1068x602-1.jpg","articleSection":["Provinciales"],"inLanguage":"es","potentialAction":[{"@type":"CommentAction","name":"Comment","target":["https:\/\/cvinoticias.com\/v3\/con-herrera-confirmado-para-la-presidencia-asumen-hoy-los-diputados-provinciales-electos-en-mayo\/#respond"]}]},{"@type":"WebPage","@id":"https:\/\/cvinoticias.com\/v3\/con-herrera-confirmado-para-la-presidencia-asumen-hoy-los-diputados-provinciales-electos-en-mayo\/","url":"https:\/\/cvinoticias.com\/v3\/con-herrera-confirmado-para-la-presidencia-asumen-hoy-los-diputados-provinciales-electos-en-mayo\/","name":"Con Herrera confirmado para la presidencia, asumen hoy los diputados provinciales electos en mayo | CVI NOTICIAS","isPartOf":{"@id":"https:\/\/cvinoticias.com\/v3\/#website"},"primaryImageOfPage":{"@id":"https:\/\/cvinoticias.com\/v3\/con-herrera-confirmado-para-la-presidencia-asumen-hoy-los-diputados-provinciales-electos-en-mayo\/#primaryimage"},"image":{"@id":"https:\/\/cvinoticias.com\/v3\/con-herrera-confirmado-para-la-presidencia-asumen-hoy-los-diputados-provinciales-electos-en-mayo\/#primaryimage"},"thumbnailUrl":"https:\/\/cvinoticias.com\/wp-content\/uploads\/2023\/12\/rovira-y-legislatura-2-1068x602-1.jpg","datePublished":"2023-12-10T11:29:45+00:00","breadcrumb":{"@id":"https:\/\/cvinoticias.com\/v3\/con-herrera-confirmado-para-la-presidencia-asumen-hoy-los-diputados-provinciales-electos-en-mayo\/#breadcrumb"},"inLanguage":"es","potentialAction":[{"@type":"ReadAction","target":["https:\/\/cvinoticias.com\/v3\/con-herrera-confirmado-para-la-presidencia-asumen-hoy-los-diputados-provinciales-electos-en-mayo\/"]}]},{"@type":"ImageObject","inLanguage":"es","@id":"https:\/\/cvinoticias.com\/v3\/con-herrera-confirmado-para-la-presidencia-asumen-hoy-los-diputados-provinciales-electos-en-mayo\/#primaryimage","url":"https:\/\/cvinoticias.com\/wp-content\/uploads\/2023\/12\/rovira-y-legislatura-2-1068x602-1.jpg","contentUrl":"https:\/\/cvinoticias.com\/wp-content\/uploads\/2023\/12\/rovira-y-legislatura-2-1068x602-1.jpg","width":1068,"height":602},{"@type":"BreadcrumbList","@id":"https:\/\/cvinoticias.com\/v3\/con-herrera-confirmado-para-la-presidencia-asumen-hoy-los-diputados-provinciales-electos-en-mayo\/#breadcrumb","itemListElement":[{"@type":"ListItem","position":1,"name":"Portada","item":"https:\/\/cvinoticias.com\/v3\/"},{"@type":"ListItem","position":2,"name":"Con Herrera confirmado para la presidencia, asumen hoy los diputados provinciales electos en mayo"}]},{"@type":"WebSite","@id":"https:\/\/cvinoticias.com\/v3\/#website","url":"https:\/\/cvinoticias.com\/v3\/","name":"CVI NOTICIAS","description":"","publisher":{"@id":"https:\/\/cvinoticias.com\/v3\/#organization"},"alternateName":"CVI","potentialAction":[{"@type":"SearchAction","target":{"@type":"EntryPoint","urlTemplate":"https:\/\/cvinoticias.com\/v3\/?s={search_term_string}"},"query-input":{"@type":"PropertyValueSpecification","valueRequired":true,"valueName":"search_term_string"}}],"inLanguage":"es"},{"@type":"Organization","@id":"https:\/\/cvinoticias.com\/v3\/#organization","name":"CVI NOTICIAS","url":"https:\/\/cvinoticias.com\/v3\/","logo":{"@type":"ImageObject","inLanguage":"es","@id":"https:\/\/cvinoticias.com\/v3\/#\/schema\/logo\/image\/","url":"https:\/\/cvinoticias.com\/wp-content\/uploads\/2023\/04\/cropped-cropped-cropped-cropped-cropped-3-1.png","contentUrl":"https:\/\/cvinoticias.com\/wp-content\/uploads\/2023\/04\/cropped-cropped-cropped-cropped-cropped-3-1.png","width":95,"height":122,"caption":"CVI NOTICIAS"},"image":{"@id":"https:\/\/cvinoticias.com\/v3\/#\/schema\/logo\/image\/"},"sameAs":["https:\/\/www.facebook.com\/cvinoticias","https:\/\/www.instagram.com\/cvinoticias\/","https:\/\/www.youtube.com\/@CVINOTICIAS"]},{"@type":"Person","@id":"https:\/\/cvinoticias.com\/v3\/#\/schema\/person\/2db77e3c6bc03c538495d7b2b8be9b66","name":"f1000024","image":{"@type":"ImageObject","inLanguage":"es","@id":"https:\/\/secure.gravatar.com\/avatar\/d4fe7459cfc51ff5129ce1a732bbef5928568b8092d412ef95611616376bbeed?s=96&d=mm&r=g","url":"https:\/\/secure.gravatar.com\/avatar\/d4fe7459cfc51ff5129ce1a732bbef5928568b8092d412ef95611616376bbeed?s=96&d=mm&r=g","contentUrl":"https:\/\/secure.gravatar.com\/avatar\/d4fe7459cfc51ff5129ce1a732bbef5928568b8092d412ef95611616376bbeed?s=96&d=mm&r=g","caption":"f1000024"},"url":"https:\/\/cvinoticias.com\/v3\/author\/f1000024\/"}]}},"_links":{"self":[{"href":"https:\/\/cvinoticias.com\/v3\/wp-json\/wp\/v2\/posts\/30739","targetHints":{"allow":["GET"]}}],"collection":[{"href":"https:\/\/cvinoticias.com\/v3\/wp-json\/wp\/v2\/posts"}],"about":[{"href":"https:\/\/cvinoticias.com\/v3\/wp-json\/wp\/v2\/types\/post"}],"author":[{"embeddable":true,"href":"https:\/\/cvinoticias.com\/v3\/wp-json\/wp\/v2\/users\/2"}],"replies":[{"embeddable":true,"href":"https:\/\/cvinoticias.com\/v3\/wp-json\/wp\/v2\/comments?post=30739"}],"version-history":[{"count":1,"href":"https:\/\/cvinoticias.com\/v3\/wp-json\/wp\/v2\/posts\/30739\/revisions"}],"predecessor-version":[{"id":30741,"href":"https:\/\/cvinoticias.com\/v3\/wp-json\/wp\/v2\/posts\/30739\/revisions\/30741"}],"wp:featuredmedia":[{"embeddable":true,"href":"https:\/\/cvinoticias.com\/v3\/wp-json\/wp\/v2\/media\/30740"}],"wp:attachment":[{"href":"https:\/\/cvinoticias.com\/v3\/wp-json\/wp\/v2\/media?parent=30739"}],"wp:term":[{"taxonomy":"category","embeddable":true,"href":"https:\/\/cvinoticias.com\/v3\/wp-json\/wp\/v2\/categories?post=30739"},{"taxonomy":"post_tag","embeddable":true,"href":"https:\/\/cvinoticias.com\/v3\/wp-json\/wp\/v2\/tags?post=30739"}],"curies":[{"name":"wp","href":"https:\/\/api.w.org\/{rel}","templated":true}]}}