{"id":30736,"date":"2023-12-10T07:26:30","date_gmt":"2023-12-10T10:26:30","guid":{"rendered":"https:\/\/cvinoticias.com\/v3\/?p=30736"},"modified":"2023-12-10T07:26:30","modified_gmt":"2023-12-10T10:26:30","slug":"milei-asume-la-presidencia-y-lleva-su-primer-mensaje-a-la-plaza","status":"publish","type":"post","link":"https:\/\/cvinoticias.com\/v3\/milei-asume-la-presidencia-y-lleva-su-primer-mensaje-a-la-plaza\/","title":{"rendered":"Milei asume la Presidencia y lleva su primer mensaje a la plaza"},"content":{"rendered":"\n<p><strong><em>El rey de Espa\u00f1a, los presidentes de Armenia, Ucrania, Paraguay y de Hungr\u00eda estar\u00e1n entre los invitados.<\/em><\/strong><\/p>\n\n\n\n<p>El presidente electo Javier Milei jura este domingo desde las 12 del mediod\u00eda en el Congreso de la Naci\u00f3n, donde adem\u00e1s se producir\u00e1 la ceremonia de traspaso de mando. M\u00e1s tarde brindar\u00e1 su primer discurso afuera del edificio, en un escenario instalado sobre las escalinatas del parlamento y la jura de ministros en Casa Rosada, una misa interreligiosa y una funci\u00f3n especial en el Teatro Col\u00f3n.<\/p>\n\n\n\n<p>Seg\u00fan el cronograma oficial, el acto comenzar\u00e1 a las 12 del mediod\u00eda con el juramento ante el Congreso reunido en una Asamblea encabezada ya por la vicepresidenta electa, Victoria Villarruel, en el recinto de la C\u00e1mara de Diputados.<\/p>\n\n\n\n<p>Despu\u00e9s se realizar\u00e1 el juramento del presidente electo Javier Milei. Por \u00faltimo, la imposici\u00f3n de los atributos presidenciales por parte del mandatario saliente, Alberto Fern\u00e1ndez.<\/p>\n\n\n\n<p>Despu\u00e9s se realizar\u00e1 el juramento del presidente electo Javier Milei. Por \u00faltimo, la imposici\u00f3n de los atributos presidenciales por parte del mandatario saliente, Alberto Fern\u00e1ndez.<\/p>\n\n\n\n<p>Al finalizar, Milei brindar\u00e1 su primer discurso como Presidente de la Naci\u00f3n en las escalinatas del Congreso y frente a la militancia congregada en las inmediaciones.<\/p>\n\n\n\n<p>No ser\u00e1 ante la Asamblea, como se hizo hist\u00f3ricamente en cada asunci\u00f3n presidencial.<\/p>\n\n\n\n<p>El cronograma marca que Milei se trasladar\u00e1 a la Casa Rosada y a las 14.00 ser\u00e1 el saludo de jefes de Estado y\/o Gobierno, titulares de Casas Reinantes y expresidentes al flamante presidente, acompa\u00f1ado de su vice y la futura canciller Diana Mondino, en el Sal\u00f3n Blanco de la Casa de Gobierno, un momento que culminar\u00e1 con una foto oficial.<\/p>\n\n\n\n<p>Luego, ser\u00e1 el saludo de vicepresidentes, presidentes de poderes y delegaciones extranjeras.<\/p>\n\n\n\n<p>A las 17.30 ser\u00e1 la jura de los nueve ministros del Gabinete nacional anunciados por Milei \u2013Luis Caputo (Econom\u00eda), Diana Mondino (Canciller), Patricia Bullrich (Seguridad), Guillermo Francos (Interior), Luis Petri (Defensa), Mariano C\u00faneo Libarona (Justicia), Guillermo Ferraro (Infraestructura), Sandra Pettovello (Capital Humano) y Mario Russo (Salud)\u2013, en el Sal\u00f3n Blanco de la Rosada.<\/p>\n\n\n\n<p>M\u00e1s tarde, a las 19.00, Milei caminar\u00e1 unos metros hasta la Catedral Metropolitana, donde habr\u00e1 una misa interreligiosa.<\/p>\n\n\n\n<p>Por \u00faltimo, a las 20.30 acudir\u00e1 a una funci\u00f3n especial con motivo de la Asunci\u00f3n Presidencial en el Teatro Col\u00f3n, con la obra \u00abMadame Butterfly\u00bb.<\/p>\n\n\n\n<p>Invitados<\/p>\n\n\n\n<p>El presidente electo recibi\u00f3 este s\u00e1bado al rey de Espa\u00f1a, Felipe VI, a la comitiva enviada por el presidente norteamericano, Joe Biden, encabezada por Jennifer M. Granholm, secretaria de Energ\u00eda de Estados Unidos, y al presidente de Armenia, Vahagn Jachaturi\u00e1n, en el marco de las actividades previas a la asunci\u00f3n presidencial que se dar\u00e1 este mediod\u00eda.<\/p>\n\n\n\n<p>A su vez, otro de los que participar\u00e1 de la toma de mando presidencial y mantuvo un encuentro previo con Milei fue el presidente de Paraguay, Santiago Pe\u00f1a, quien sostuvo que se abre una \u00abnueva etapa\u00bb en la relaci\u00f3n con Argentina y afirm\u00f3 que se puso a \u00abdisposici\u00f3n\u00bb del mandatario electo.<\/p>\n\n\n\n<p>En tanto que una de las bilaterales m\u00e1s importantes que tendr\u00e1 el nuevo presidente hoy despu\u00e9s de su asunci\u00f3n, es con su par de Ucrania, Volodomir Zelensky, quien viajar\u00e1 para encontrarse con Milei en horas de la tarde.<\/p>\n","protected":false},"excerpt":{"rendered":"<p>El rey de Espa\u00f1a, los presidentes de Armenia, Ucrania, Paraguay y de Hungr\u00eda estar\u00e1n entre los invitados. El presidente electo Javier Milei jura este domingo desde las 12 del mediod\u00eda en el Congreso de la Naci\u00f3n, donde adem\u00e1s se producir\u00e1 la ceremonia de traspaso de mando. M\u00e1s tarde brindar\u00e1 su primer discurso afuera del edificio, [&hellip;]<\/p>\n","protected":false},"author":2,"featured_media":30737,"comment_status":"open","ping_status":"open","sticky":false,"template":"","format":"standard","meta":{"footnotes":""},"categories":[39],"tags":[],"class_list":["post-30736","post","type-post","status-publish","format-standard","has-post-thumbnail","hentry","category-nacionales"],"yoast_head":"<!-- This site is optimized with the Yoast SEO plugin v27.5 - https:\/\/yoast.com\/product\/yoast-seo-wordpress\/ -->\n<title>Milei asume la Presidencia y lleva su primer mensaje a la plaza | CVI NOTICIAS<\/title>\n<meta name=\"robots\" content=\"index, follow, max-snippet:-1, max-image-preview:large, max-video-preview:-1\" \/>\n<link rel=\"canonical\" href=\"https:\/\/cvinoticias.com\/v3\/milei-asume-la-presidencia-y-lleva-su-primer-mensaje-a-la-plaza\/\" \/>\n<meta property=\"og:locale\" content=\"es_ES\" \/>\n<meta property=\"og:type\" content=\"article\" \/>\n<meta property=\"og:title\" content=\"Milei asume la Presidencia y lleva su primer mensaje a la plaza | CVI NOTICIAS\" \/>\n<meta property=\"og:description\" content=\"El rey de Espa\u00f1a, los presidentes de Armenia, Ucrania, Paraguay y de Hungr\u00eda estar\u00e1n entre los invitados. El presidente electo Javier Milei jura este domingo desde las 12 del mediod\u00eda en el Congreso de la Naci\u00f3n, donde adem\u00e1s se producir\u00e1 la ceremonia de traspaso de mando. M\u00e1s tarde brindar\u00e1 su primer discurso afuera del edificio, [&hellip;]\" \/>\n<meta property=\"og:url\" content=\"https:\/\/cvinoticias.com\/v3\/milei-asume-la-presidencia-y-lleva-su-primer-mensaje-a-la-plaza\/\" \/>\n<meta property=\"og:site_name\" content=\"CVI NOTICIAS\" \/>\n<meta property=\"article:publisher\" content=\"https:\/\/www.facebook.com\/cvinoticias\" \/>\n<meta property=\"article:published_time\" content=\"2023-12-10T10:26:30+00:00\" \/>\n<meta property=\"og:image\" content=\"https:\/\/cvinoticias.com\/wp-content\/uploads\/2023\/12\/1702168552487.jpg\" \/>\n\t<meta property=\"og:image:width\" content=\"312\" \/>\n\t<meta property=\"og:image:height\" content=\"175\" \/>\n\t<meta property=\"og:image:type\" content=\"image\/jpeg\" \/>\n<meta name=\"author\" content=\"f1000024\" \/>\n<meta name=\"twitter:card\" content=\"summary_large_image\" \/>\n<meta name=\"twitter:label1\" content=\"Escrito por\" \/>\n\t<meta name=\"twitter:data1\" content=\"f1000024\" \/>\n\t<meta name=\"twitter:label2\" content=\"Tiempo de lectura\" \/>\n\t<meta name=\"twitter:data2\" content=\"3 minutos\" \/>\n<script type=\"application\/ld+json\" class=\"yoast-schema-graph\">{\"@context\":\"https:\\\/\\\/schema.org\",\"@graph\":[{\"@type\":\"Article\",\"@id\":\"https:\\\/\\\/cvinoticias.com\\\/v3\\\/milei-asume-la-presidencia-y-lleva-su-primer-mensaje-a-la-plaza\\\/#article\",\"isPartOf\":{\"@id\":\"https:\\\/\\\/cvinoticias.com\\\/v3\\\/milei-asume-la-presidencia-y-lleva-su-primer-mensaje-a-la-plaza\\\/\"},\"author\":{\"name\":\"f1000024\",\"@id\":\"https:\\\/\\\/cvinoticias.com\\\/v3\\\/#\\\/schema\\\/person\\\/2db77e3c6bc03c538495d7b2b8be9b66\"},\"headline\":\"Milei asume la Presidencia y lleva su primer mensaje a la plaza\",\"datePublished\":\"2023-12-10T10:26:30+00:00\",\"mainEntityOfPage\":{\"@id\":\"https:\\\/\\\/cvinoticias.com\\\/v3\\\/milei-asume-la-presidencia-y-lleva-su-primer-mensaje-a-la-plaza\\\/\"},\"wordCount\":573,\"commentCount\":0,\"publisher\":{\"@id\":\"https:\\\/\\\/cvinoticias.com\\\/v3\\\/#organization\"},\"image\":{\"@id\":\"https:\\\/\\\/cvinoticias.com\\\/v3\\\/milei-asume-la-presidencia-y-lleva-su-primer-mensaje-a-la-plaza\\\/#primaryimage\"},\"thumbnailUrl\":\"https:\\\/\\\/cvinoticias.com\\\/wp-content\\\/uploads\\\/2023\\\/12\\\/1702168552487.jpg\",\"articleSection\":[\"Nacionales\"],\"inLanguage\":\"es\",\"potentialAction\":[{\"@type\":\"CommentAction\",\"name\":\"Comment\",\"target\":[\"https:\\\/\\\/cvinoticias.com\\\/v3\\\/milei-asume-la-presidencia-y-lleva-su-primer-mensaje-a-la-plaza\\\/#respond\"]}]},{\"@type\":\"WebPage\",\"@id\":\"https:\\\/\\\/cvinoticias.com\\\/v3\\\/milei-asume-la-presidencia-y-lleva-su-primer-mensaje-a-la-plaza\\\/\",\"url\":\"https:\\\/\\\/cvinoticias.com\\\/v3\\\/milei-asume-la-presidencia-y-lleva-su-primer-mensaje-a-la-plaza\\\/\",\"name\":\"Milei asume la Presidencia y lleva su primer mensaje a la plaza | CVI NOTICIAS\",\"isPartOf\":{\"@id\":\"https:\\\/\\\/cvinoticias.com\\\/v3\\\/#website\"},\"primaryImageOfPage\":{\"@id\":\"https:\\\/\\\/cvinoticias.com\\\/v3\\\/milei-asume-la-presidencia-y-lleva-su-primer-mensaje-a-la-plaza\\\/#primaryimage\"},\"image\":{\"@id\":\"https:\\\/\\\/cvinoticias.com\\\/v3\\\/milei-asume-la-presidencia-y-lleva-su-primer-mensaje-a-la-plaza\\\/#primaryimage\"},\"thumbnailUrl\":\"https:\\\/\\\/cvinoticias.com\\\/wp-content\\\/uploads\\\/2023\\\/12\\\/1702168552487.jpg\",\"datePublished\":\"2023-12-10T10:26:30+00:00\",\"breadcrumb\":{\"@id\":\"https:\\\/\\\/cvinoticias.com\\\/v3\\\/milei-asume-la-presidencia-y-lleva-su-primer-mensaje-a-la-plaza\\\/#breadcrumb\"},\"inLanguage\":\"es\",\"potentialAction\":[{\"@type\":\"ReadAction\",\"target\":[\"https:\\\/\\\/cvinoticias.com\\\/v3\\\/milei-asume-la-presidencia-y-lleva-su-primer-mensaje-a-la-plaza\\\/\"]}]},{\"@type\":\"ImageObject\",\"inLanguage\":\"es\",\"@id\":\"https:\\\/\\\/cvinoticias.com\\\/v3\\\/milei-asume-la-presidencia-y-lleva-su-primer-mensaje-a-la-plaza\\\/#primaryimage\",\"url\":\"https:\\\/\\\/cvinoticias.com\\\/wp-content\\\/uploads\\\/2023\\\/12\\\/1702168552487.jpg\",\"contentUrl\":\"https:\\\/\\\/cvinoticias.com\\\/wp-content\\\/uploads\\\/2023\\\/12\\\/1702168552487.jpg\",\"width\":312,\"height\":175},{\"@type\":\"BreadcrumbList\",\"@id\":\"https:\\\/\\\/cvinoticias.com\\\/v3\\\/milei-asume-la-presidencia-y-lleva-su-primer-mensaje-a-la-plaza\\\/#breadcrumb\",\"itemListElement\":[{\"@type\":\"ListItem\",\"position\":1,\"name\":\"Portada\",\"item\":\"https:\\\/\\\/cvinoticias.com\\\/v3\\\/\"},{\"@type\":\"ListItem\",\"position\":2,\"name\":\"Milei asume la Presidencia y lleva su primer mensaje a la plaza\"}]},{\"@type\":\"WebSite\",\"@id\":\"https:\\\/\\\/cvinoticias.com\\\/v3\\\/#website\",\"url\":\"https:\\\/\\\/cvinoticias.com\\\/v3\\\/\",\"name\":\"CVI NOTICIAS\",\"description\":\"\",\"publisher\":{\"@id\":\"https:\\\/\\\/cvinoticias.com\\\/v3\\\/#organization\"},\"alternateName\":\"CVI\",\"potentialAction\":[{\"@type\":\"SearchAction\",\"target\":{\"@type\":\"EntryPoint\",\"urlTemplate\":\"https:\\\/\\\/cvinoticias.com\\\/v3\\\/?s={search_term_string}\"},\"query-input\":{\"@type\":\"PropertyValueSpecification\",\"valueRequired\":true,\"valueName\":\"search_term_string\"}}],\"inLanguage\":\"es\"},{\"@type\":\"Organization\",\"@id\":\"https:\\\/\\\/cvinoticias.com\\\/v3\\\/#organization\",\"name\":\"CVI NOTICIAS\",\"url\":\"https:\\\/\\\/cvinoticias.com\\\/v3\\\/\",\"logo\":{\"@type\":\"ImageObject\",\"inLanguage\":\"es\",\"@id\":\"https:\\\/\\\/cvinoticias.com\\\/v3\\\/#\\\/schema\\\/logo\\\/image\\\/\",\"url\":\"https:\\\/\\\/cvinoticias.com\\\/wp-content\\\/uploads\\\/2023\\\/04\\\/cropped-cropped-cropped-cropped-cropped-3-1.png\",\"contentUrl\":\"https:\\\/\\\/cvinoticias.com\\\/wp-content\\\/uploads\\\/2023\\\/04\\\/cropped-cropped-cropped-cropped-cropped-3-1.png\",\"width\":95,\"height\":122,\"caption\":\"CVI NOTICIAS\"},\"image\":{\"@id\":\"https:\\\/\\\/cvinoticias.com\\\/v3\\\/#\\\/schema\\\/logo\\\/image\\\/\"},\"sameAs\":[\"https:\\\/\\\/www.facebook.com\\\/cvinoticias\",\"https:\\\/\\\/www.instagram.com\\\/cvinoticias\\\/\",\"https:\\\/\\\/www.youtube.com\\\/@CVINOTICIAS\"]},{\"@type\":\"Person\",\"@id\":\"https:\\\/\\\/cvinoticias.com\\\/v3\\\/#\\\/schema\\\/person\\\/2db77e3c6bc03c538495d7b2b8be9b66\",\"name\":\"f1000024\",\"image\":{\"@type\":\"ImageObject\",\"inLanguage\":\"es\",\"@id\":\"https:\\\/\\\/secure.gravatar.com\\\/avatar\\\/d4fe7459cfc51ff5129ce1a732bbef5928568b8092d412ef95611616376bbeed?s=96&d=mm&r=g\",\"url\":\"https:\\\/\\\/secure.gravatar.com\\\/avatar\\\/d4fe7459cfc51ff5129ce1a732bbef5928568b8092d412ef95611616376bbeed?s=96&d=mm&r=g\",\"contentUrl\":\"https:\\\/\\\/secure.gravatar.com\\\/avatar\\\/d4fe7459cfc51ff5129ce1a732bbef5928568b8092d412ef95611616376bbeed?s=96&d=mm&r=g\",\"caption\":\"f1000024\"},\"url\":\"https:\\\/\\\/cvinoticias.com\\\/v3\\\/author\\\/f1000024\\\/\"}]}<\/script>\n<!-- \/ Yoast SEO plugin. -->","yoast_head_json":{"title":"Milei asume la Presidencia y lleva su primer mensaje a la plaza | CVI NOTICIAS","robots":{"index":"index","follow":"follow","max-snippet":"max-snippet:-1","max-image-preview":"max-image-preview:large","max-video-preview":"max-video-preview:-1"},"canonical":"https:\/\/cvinoticias.com\/v3\/milei-asume-la-presidencia-y-lleva-su-primer-mensaje-a-la-plaza\/","og_locale":"es_ES","og_type":"article","og_title":"Milei asume la Presidencia y lleva su primer mensaje a la plaza | CVI NOTICIAS","og_description":"El rey de Espa\u00f1a, los presidentes de Armenia, Ucrania, Paraguay y de Hungr\u00eda estar\u00e1n entre los invitados. El presidente electo Javier Milei jura este domingo desde las 12 del mediod\u00eda en el Congreso de la Naci\u00f3n, donde adem\u00e1s se producir\u00e1 la ceremonia de traspaso de mando. M\u00e1s tarde brindar\u00e1 su primer discurso afuera del edificio, [&hellip;]","og_url":"https:\/\/cvinoticias.com\/v3\/milei-asume-la-presidencia-y-lleva-su-primer-mensaje-a-la-plaza\/","og_site_name":"CVI NOTICIAS","article_publisher":"https:\/\/www.facebook.com\/cvinoticias","article_published_time":"2023-12-10T10:26:30+00:00","og_image":[{"width":312,"height":175,"url":"https:\/\/cvinoticias.com\/wp-content\/uploads\/2023\/12\/1702168552487.jpg","type":"image\/jpeg"}],"author":"f1000024","twitter_card":"summary_large_image","twitter_misc":{"Escrito por":"f1000024","Tiempo de lectura":"3 minutos"},"schema":{"@context":"https:\/\/schema.org","@graph":[{"@type":"Article","@id":"https:\/\/cvinoticias.com\/v3\/milei-asume-la-presidencia-y-lleva-su-primer-mensaje-a-la-plaza\/#article","isPartOf":{"@id":"https:\/\/cvinoticias.com\/v3\/milei-asume-la-presidencia-y-lleva-su-primer-mensaje-a-la-plaza\/"},"author":{"name":"f1000024","@id":"https:\/\/cvinoticias.com\/v3\/#\/schema\/person\/2db77e3c6bc03c538495d7b2b8be9b66"},"headline":"Milei asume la Presidencia y lleva su primer mensaje a la plaza","datePublished":"2023-12-10T10:26:30+00:00","mainEntityOfPage":{"@id":"https:\/\/cvinoticias.com\/v3\/milei-asume-la-presidencia-y-lleva-su-primer-mensaje-a-la-plaza\/"},"wordCount":573,"commentCount":0,"publisher":{"@id":"https:\/\/cvinoticias.com\/v3\/#organization"},"image":{"@id":"https:\/\/cvinoticias.com\/v3\/milei-asume-la-presidencia-y-lleva-su-primer-mensaje-a-la-plaza\/#primaryimage"},"thumbnailUrl":"https:\/\/cvinoticias.com\/wp-content\/uploads\/2023\/12\/1702168552487.jpg","articleSection":["Nacionales"],"inLanguage":"es","potentialAction":[{"@type":"CommentAction","name":"Comment","target":["https:\/\/cvinoticias.com\/v3\/milei-asume-la-presidencia-y-lleva-su-primer-mensaje-a-la-plaza\/#respond"]}]},{"@type":"WebPage","@id":"https:\/\/cvinoticias.com\/v3\/milei-asume-la-presidencia-y-lleva-su-primer-mensaje-a-la-plaza\/","url":"https:\/\/cvinoticias.com\/v3\/milei-asume-la-presidencia-y-lleva-su-primer-mensaje-a-la-plaza\/","name":"Milei asume la Presidencia y lleva su primer mensaje a la plaza | CVI NOTICIAS","isPartOf":{"@id":"https:\/\/cvinoticias.com\/v3\/#website"},"primaryImageOfPage":{"@id":"https:\/\/cvinoticias.com\/v3\/milei-asume-la-presidencia-y-lleva-su-primer-mensaje-a-la-plaza\/#primaryimage"},"image":{"@id":"https:\/\/cvinoticias.com\/v3\/milei-asume-la-presidencia-y-lleva-su-primer-mensaje-a-la-plaza\/#primaryimage"},"thumbnailUrl":"https:\/\/cvinoticias.com\/wp-content\/uploads\/2023\/12\/1702168552487.jpg","datePublished":"2023-12-10T10:26:30+00:00","breadcrumb":{"@id":"https:\/\/cvinoticias.com\/v3\/milei-asume-la-presidencia-y-lleva-su-primer-mensaje-a-la-plaza\/#breadcrumb"},"inLanguage":"es","potentialAction":[{"@type":"ReadAction","target":["https:\/\/cvinoticias.com\/v3\/milei-asume-la-presidencia-y-lleva-su-primer-mensaje-a-la-plaza\/"]}]},{"@type":"ImageObject","inLanguage":"es","@id":"https:\/\/cvinoticias.com\/v3\/milei-asume-la-presidencia-y-lleva-su-primer-mensaje-a-la-plaza\/#primaryimage","url":"https:\/\/cvinoticias.com\/wp-content\/uploads\/2023\/12\/1702168552487.jpg","contentUrl":"https:\/\/cvinoticias.com\/wp-content\/uploads\/2023\/12\/1702168552487.jpg","width":312,"height":175},{"@type":"BreadcrumbList","@id":"https:\/\/cvinoticias.com\/v3\/milei-asume-la-presidencia-y-lleva-su-primer-mensaje-a-la-plaza\/#breadcrumb","itemListElement":[{"@type":"ListItem","position":1,"name":"Portada","item":"https:\/\/cvinoticias.com\/v3\/"},{"@type":"ListItem","position":2,"name":"Milei asume la Presidencia y lleva su primer mensaje a la plaza"}]},{"@type":"WebSite","@id":"https:\/\/cvinoticias.com\/v3\/#website","url":"https:\/\/cvinoticias.com\/v3\/","name":"CVI NOTICIAS","description":"","publisher":{"@id":"https:\/\/cvinoticias.com\/v3\/#organization"},"alternateName":"CVI","potentialAction":[{"@type":"SearchAction","target":{"@type":"EntryPoint","urlTemplate":"https:\/\/cvinoticias.com\/v3\/?s={search_term_string}"},"query-input":{"@type":"PropertyValueSpecification","valueRequired":true,"valueName":"search_term_string"}}],"inLanguage":"es"},{"@type":"Organization","@id":"https:\/\/cvinoticias.com\/v3\/#organization","name":"CVI NOTICIAS","url":"https:\/\/cvinoticias.com\/v3\/","logo":{"@type":"ImageObject","inLanguage":"es","@id":"https:\/\/cvinoticias.com\/v3\/#\/schema\/logo\/image\/","url":"https:\/\/cvinoticias.com\/wp-content\/uploads\/2023\/04\/cropped-cropped-cropped-cropped-cropped-3-1.png","contentUrl":"https:\/\/cvinoticias.com\/wp-content\/uploads\/2023\/04\/cropped-cropped-cropped-cropped-cropped-3-1.png","width":95,"height":122,"caption":"CVI NOTICIAS"},"image":{"@id":"https:\/\/cvinoticias.com\/v3\/#\/schema\/logo\/image\/"},"sameAs":["https:\/\/www.facebook.com\/cvinoticias","https:\/\/www.instagram.com\/cvinoticias\/","https:\/\/www.youtube.com\/@CVINOTICIAS"]},{"@type":"Person","@id":"https:\/\/cvinoticias.com\/v3\/#\/schema\/person\/2db77e3c6bc03c538495d7b2b8be9b66","name":"f1000024","image":{"@type":"ImageObject","inLanguage":"es","@id":"https:\/\/secure.gravatar.com\/avatar\/d4fe7459cfc51ff5129ce1a732bbef5928568b8092d412ef95611616376bbeed?s=96&d=mm&r=g","url":"https:\/\/secure.gravatar.com\/avatar\/d4fe7459cfc51ff5129ce1a732bbef5928568b8092d412ef95611616376bbeed?s=96&d=mm&r=g","contentUrl":"https:\/\/secure.gravatar.com\/avatar\/d4fe7459cfc51ff5129ce1a732bbef5928568b8092d412ef95611616376bbeed?s=96&d=mm&r=g","caption":"f1000024"},"url":"https:\/\/cvinoticias.com\/v3\/author\/f1000024\/"}]}},"_links":{"self":[{"href":"https:\/\/cvinoticias.com\/v3\/wp-json\/wp\/v2\/posts\/30736","targetHints":{"allow":["GET"]}}],"collection":[{"href":"https:\/\/cvinoticias.com\/v3\/wp-json\/wp\/v2\/posts"}],"about":[{"href":"https:\/\/cvinoticias.com\/v3\/wp-json\/wp\/v2\/types\/post"}],"author":[{"embeddable":true,"href":"https:\/\/cvinoticias.com\/v3\/wp-json\/wp\/v2\/users\/2"}],"replies":[{"embeddable":true,"href":"https:\/\/cvinoticias.com\/v3\/wp-json\/wp\/v2\/comments?post=30736"}],"version-history":[{"count":1,"href":"https:\/\/cvinoticias.com\/v3\/wp-json\/wp\/v2\/posts\/30736\/revisions"}],"predecessor-version":[{"id":30738,"href":"https:\/\/cvinoticias.com\/v3\/wp-json\/wp\/v2\/posts\/30736\/revisions\/30738"}],"wp:featuredmedia":[{"embeddable":true,"href":"https:\/\/cvinoticias.com\/v3\/wp-json\/wp\/v2\/media\/30737"}],"wp:attachment":[{"href":"https:\/\/cvinoticias.com\/v3\/wp-json\/wp\/v2\/media?parent=30736"}],"wp:term":[{"taxonomy":"category","embeddable":true,"href":"https:\/\/cvinoticias.com\/v3\/wp-json\/wp\/v2\/categories?post=30736"},{"taxonomy":"post_tag","embeddable":true,"href":"https:\/\/cvinoticias.com\/v3\/wp-json\/wp\/v2\/tags?post=30736"}],"curies":[{"name":"wp","href":"https:\/\/api.w.org\/{rel}","templated":true}]}}