{"id":30732,"date":"2023-12-09T13:25:26","date_gmt":"2023-12-09T16:25:26","guid":{"rendered":"https:\/\/cvinoticias.com\/v3\/?p=30732"},"modified":"2023-12-09T13:25:26","modified_gmt":"2023-12-09T16:25:26","slug":"milei-recibio-a-bolsonaro-y-completo-su-gabinete-con-la-designacion-del-ministro-de-salud","status":"publish","type":"post","link":"https:\/\/cvinoticias.com\/v3\/milei-recibio-a-bolsonaro-y-completo-su-gabinete-con-la-designacion-del-ministro-de-salud\/","title":{"rendered":"Milei recibi\u00f3 a Bolsonaro y complet\u00f3 su gabinete con la designaci\u00f3n del ministro de Salud"},"content":{"rendered":"\n<p><strong><em>\u00abFue una conversaci\u00f3n entre amigos\u00bb, defini\u00f3 el exmandatario de Brasil. Mario Russo ser\u00e1 el ministro de Salud.<\/em><\/strong><\/p>\n\n\n\n<p>El presidente electo, Javier Milei, recibi\u00f3 la visita, en el hotel Libertador, del exmandatario de Brasil Jair Bolsonaro, quien lleg\u00f3 anoche al pa\u00eds para participar el domingo de los actos de asunci\u00f3n del nuevo gobierno, a la vez que anunci\u00f3 las designaciones de Mario Russo como ministro de Salud, de Enrique Rodr\u00edguez Chiantore como superintendente de servicios de salud y de Florencia Misrahi al frente de la Administraci\u00f3n Federal de Ingresos P\u00fablicos (AFIP).<\/p>\n\n\n\n<p>\u201cLa Oficina del Presidente Electo de la Rep\u00fablica Argentina comunica que el Dr. Mario Russo ser\u00e1 Ministro de Salud y el Dr. Enrique Rodr\u00edguez Chiantore ocupar\u00e1 el cargo de Superintendente de Servicios de Salud (SSS) de la Naci\u00f3n a partir del 10 de diciembre\u201d, se indic\u00f3 a trav\u00e9s de un comunicado publicado en la plataforma X, antes conocida como Twitter.<\/p>\n\n\n\n<p>Una hora antes, a trav\u00e9s de la misma cuenta, se hab\u00eda informado que Russo iba a ser secretario de Salud, pero un comunicado posterior aclar\u00f3 que el funcionario designado ser\u00e1 ministro.<\/p>\n\n\n\n<p>En el mensaje de la Oficina se anunci\u00f3 adem\u00e1s que \u201cla Dra. Florencia Misrahi ser\u00e1 la titular\u201d de la AFIP en la administraci\u00f3n que se iniciar\u00e1 este domingo .<\/p>\n\n\n\n<p>A dos d\u00edas de su asunci\u00f3n como jefe de Estado, Milei permaneci\u00f3 en el hotel Libertador, donde se encuentra alojado desde mediados de octubre pasado, y cerca de las 10 fue visitado por Bolsonaro y su hijo, Eduardo.<\/p>\n\n\n\n<p>\u201cFue una conversaci\u00f3n entre amigos\u201d, defini\u00f3 Bolsonaro a la prensa tras el encuentro que dur\u00f3 cerca de 90 minutos, mientras caminaba por una calle adyacente al hotel rodeado por periodistas.<\/p>\n\n\n\n<p>\u201cHablamos de econom\u00eda, seguridad y f\u00fatbol\u201d, puntualiz\u00f3 Eduardo Bolsonaro, y asegur\u00f3 que hay \u201cmucha esperanza\u201d en Argentina por la \u201cposibilidad de un cambio real\u201d a partir de la llegada de Milei al Gobierno.<\/p>\n\n\n\n<p>\u201cTiene todo para ser un buen gobierno. La Libertad Avanza (LLA) y Juntos por el Cambio (JxC) tienen la posibilidad de formar mayor\u00eda en el Congreso\u201d, a\u00f1adi\u00f3 el hijo de Bolsonaro.<\/p>\n\n\n\n<p>En tanto, el expresidente de Brasil sostuvo que no le sorprendi\u00f3 que Milei fuese elegido como Presidente en el balotaje del pasado 19 de noviembre, y consider\u00f3 que como mandatario deber\u00e1 \u201ctomar medidas r\u00e1pidas\u201d.<\/p>\n\n\n\n<p>\u201cArgentina es muy importante para el mundo. En la cuesti\u00f3n ideol\u00f3gica el mundo est\u00e1 polarizado. Es necesario respetar la autonom\u00eda de cada pa\u00eds\u201d, apunt\u00f3 Bolsonaro.<\/p>\n\n\n\n<p>Tambi\u00e9n asegur\u00f3 que hubo \u201cmuchas coincidencias\u201d entre \u00e9l y Milei, dese\u00f3 que \u201cArgentina crezca\u201d, y evalu\u00f3 que la situaci\u00f3n \u201cest\u00e1 peor\u201d que la que transita actualmente Brasil, que es gobernado por Luiz In\u00e1cio \u201cLula\u201d Da Silva.<\/p>\n\n\n\n<p>En las oficinas que se encuentran en avenida Del Libertador al 600, donde los designados funcionarios de la futura gesti\u00f3n de LLA mantienen reuniones preparatorias de cara a la toma de posesi\u00f3n, se desarroll\u00f3 esta ma\u00f1ana un encuentro de trabajo encabezado por el pr\u00f3ximo jefe de Ministros, Nicol\u00e1s Posse.<\/p>\n\n\n\n<p>De ese c\u00f3nclave participaron Guillermo Francos (que ocupar\u00e1 la cartera de Interior), Guillermo Ferraro (que estar\u00e1 en Infraestructura), Diana Mondino (la designada Canciller), Mariano C\u00faneo Libarona (Justicia), Patricia Bullrich (Seguridad), Luis Petri (Defensa) y Sandra Pettovello (Capital Humano).<\/p>\n\n\n\n<p>Tambi\u00e9n se hicieron presentes el designado portavoz presidencial, Manuel Adorni; y la pr\u00f3xima secretaria de Comunicaci\u00f3n, Bel\u00e9n Stettler.<\/p>\n\n\n\n<p>En este contexto, Milei respald\u00f3 a Bullrich en sus redes sociales con un mensaje: \u201cFirmeza, orden y experiencia para cuidar de los argentinos y las fuerzas de seguridad. VLLC\u2026!!!\u201d, escribi\u00f3 Milei en X al publicar una foto junto a su designada ministra en Seguridad.<\/p>\n\n\n\n<p>El mensaje fue replicado en la cuenta de la expresidenta de PRO, que a\u00f1adi\u00f3 un emoji de la bandera argentina.<\/p>\n\n\n\n<p>Al ingresar a la reuni\u00f3n del futuro Gabinete, Mondino indic\u00f3 que su tarea en la ceremonia de asunci\u00f3n del domingo es \u201crecibir a las delegaciones extranjeras\u201d, de las que espera \u201cpoder atender a todas y que vean las expectativas\u201d del pa\u00eds.<\/p>\n\n\n\n<p>\u201cVamos a hacer varias presentaciones para que conozcan no solo tur\u00edsticamente, sino la potencialidad econ\u00f3mica de Argentina\u201d, afirm\u00f3 Mondino en declaraciones a la prensa al ingresar al edificio.<\/p>\n\n\n\n<p>Adem\u00e1s, afirm\u00f3 que los presidentes y representantes extranjeros que estar\u00e1n presentes en la asunci\u00f3n del domingo llegar\u00e1n \u201centre hoy y ma\u00f1ana\u201d y destac\u00f3 la presencia del rey de Espa\u00f1a, Felipe VI.<\/p>\n\n\n\n<p>\u201cEntiendo que s\u00ed\u201d, respondi\u00f3 a la pregunta sobre si el mandatario de Ucrania, Volod\u00edmir Zelenski, vendr\u00e1 a la Argentina para asistir a la asunci\u00f3n de Milei.<\/p>\n\n\n\n<p>Adem\u00e1s, la futura jefe de la diplomacia argentina sostuvo que el paquete de leyes que est\u00e1 en estos momentos siendo analizado, no est\u00e1 cerrado \u201chasta que no pase por el Congreso\u201d y anticip\u00f3 que el gobierno de Milei proyecta \u201creducir muchos Ministerios\u201d.<\/p>\n\n\n\n<p>Sobre el acuerdo comercial entre la Uni\u00f3n Europea y el Mercosur que qued\u00f3 trunco, Mondino sostuvo que, en su gesti\u00f3n, tratar\u00e1 de \u201creflotarlo como pueda\u201d y se mostr\u00f3 confiada en que lo van a \u201cpoder resolver\u201d.<\/p>\n\n\n\n<p>\u201cLa Argentina tuvo una posici\u00f3n bastante particular. Obviamente no es nada f\u00e1cil una renegociaci\u00f3n de estas, pero ya llevamos veinte a\u00f1os. Hay que encontrarle el agujero al mate. Todos tenemos inter\u00e9s que se reflote; el asunto es lo que cada uno necesita y si se puede cumplir\u201d, a\u00f1adi\u00f3.<\/p>\n","protected":false},"excerpt":{"rendered":"<p>\u00abFue una conversaci\u00f3n entre amigos\u00bb, defini\u00f3 el exmandatario de Brasil. Mario Russo ser\u00e1 el ministro de Salud. El presidente electo, Javier Milei, recibi\u00f3 la visita, en el hotel Libertador, del exmandatario de Brasil Jair Bolsonaro, quien lleg\u00f3 anoche al pa\u00eds para participar el domingo de los actos de asunci\u00f3n del nuevo gobierno, a la vez [&hellip;]<\/p>\n","protected":false},"author":2,"featured_media":30733,"comment_status":"open","ping_status":"open","sticky":false,"template":"","format":"standard","meta":{"footnotes":""},"categories":[35],"tags":[],"class_list":["post-30732","post","type-post","status-publish","format-standard","has-post-thumbnail","hentry","category-informacion-general"],"yoast_head":"<!-- This site is optimized with the Yoast SEO plugin v27.4 - https:\/\/yoast.com\/product\/yoast-seo-wordpress\/ -->\n<title>Milei recibi\u00f3 a Bolsonaro y complet\u00f3 su gabinete con la designaci\u00f3n del ministro de Salud | CVI NOTICIAS<\/title>\n<meta name=\"robots\" content=\"index, follow, max-snippet:-1, max-image-preview:large, max-video-preview:-1\" \/>\n<link rel=\"canonical\" href=\"https:\/\/cvinoticias.com\/v3\/milei-recibio-a-bolsonaro-y-completo-su-gabinete-con-la-designacion-del-ministro-de-salud\/\" \/>\n<meta property=\"og:locale\" content=\"es_ES\" \/>\n<meta property=\"og:type\" content=\"article\" \/>\n<meta property=\"og:title\" content=\"Milei recibi\u00f3 a Bolsonaro y complet\u00f3 su gabinete con la designaci\u00f3n del ministro de Salud | CVI NOTICIAS\" \/>\n<meta property=\"og:description\" content=\"\u00abFue una conversaci\u00f3n entre amigos\u00bb, defini\u00f3 el exmandatario de Brasil. Mario Russo ser\u00e1 el ministro de Salud. El presidente electo, Javier Milei, recibi\u00f3 la visita, en el hotel Libertador, del exmandatario de Brasil Jair Bolsonaro, quien lleg\u00f3 anoche al pa\u00eds para participar el domingo de los actos de asunci\u00f3n del nuevo gobierno, a la vez [&hellip;]\" \/>\n<meta property=\"og:url\" content=\"https:\/\/cvinoticias.com\/v3\/milei-recibio-a-bolsonaro-y-completo-su-gabinete-con-la-designacion-del-ministro-de-salud\/\" \/>\n<meta property=\"og:site_name\" content=\"CVI NOTICIAS\" \/>\n<meta property=\"article:publisher\" content=\"https:\/\/www.facebook.com\/cvinoticias\" \/>\n<meta property=\"article:published_time\" content=\"2023-12-09T16:25:26+00:00\" \/>\n<meta property=\"og:image\" content=\"https:\/\/cvinoticias.com\/wp-content\/uploads\/2023\/12\/1702074359307.jpg\" \/>\n\t<meta property=\"og:image:width\" content=\"312\" \/>\n\t<meta property=\"og:image:height\" content=\"169\" \/>\n\t<meta property=\"og:image:type\" content=\"image\/jpeg\" \/>\n<meta name=\"author\" content=\"f1000024\" \/>\n<meta name=\"twitter:card\" content=\"summary_large_image\" \/>\n<meta name=\"twitter:label1\" content=\"Escrito por\" \/>\n\t<meta name=\"twitter:data1\" content=\"f1000024\" \/>\n\t<meta name=\"twitter:label2\" content=\"Tiempo de lectura\" \/>\n\t<meta name=\"twitter:data2\" content=\"5 minutos\" \/>\n<script type=\"application\/ld+json\" class=\"yoast-schema-graph\">{\"@context\":\"https:\\\/\\\/schema.org\",\"@graph\":[{\"@type\":\"Article\",\"@id\":\"https:\\\/\\\/cvinoticias.com\\\/v3\\\/milei-recibio-a-bolsonaro-y-completo-su-gabinete-con-la-designacion-del-ministro-de-salud\\\/#article\",\"isPartOf\":{\"@id\":\"https:\\\/\\\/cvinoticias.com\\\/v3\\\/milei-recibio-a-bolsonaro-y-completo-su-gabinete-con-la-designacion-del-ministro-de-salud\\\/\"},\"author\":{\"name\":\"f1000024\",\"@id\":\"https:\\\/\\\/cvinoticias.com\\\/v3\\\/#\\\/schema\\\/person\\\/2db77e3c6bc03c538495d7b2b8be9b66\"},\"headline\":\"Milei recibi\u00f3 a Bolsonaro y complet\u00f3 su gabinete con la designaci\u00f3n del ministro de Salud\",\"datePublished\":\"2023-12-09T16:25:26+00:00\",\"mainEntityOfPage\":{\"@id\":\"https:\\\/\\\/cvinoticias.com\\\/v3\\\/milei-recibio-a-bolsonaro-y-completo-su-gabinete-con-la-designacion-del-ministro-de-salud\\\/\"},\"wordCount\":931,\"commentCount\":0,\"publisher\":{\"@id\":\"https:\\\/\\\/cvinoticias.com\\\/v3\\\/#organization\"},\"image\":{\"@id\":\"https:\\\/\\\/cvinoticias.com\\\/v3\\\/milei-recibio-a-bolsonaro-y-completo-su-gabinete-con-la-designacion-del-ministro-de-salud\\\/#primaryimage\"},\"thumbnailUrl\":\"https:\\\/\\\/cvinoticias.com\\\/wp-content\\\/uploads\\\/2023\\\/12\\\/1702074359307.jpg\",\"articleSection\":[\"Informaci\u00f3n General\"],\"inLanguage\":\"es\",\"potentialAction\":[{\"@type\":\"CommentAction\",\"name\":\"Comment\",\"target\":[\"https:\\\/\\\/cvinoticias.com\\\/v3\\\/milei-recibio-a-bolsonaro-y-completo-su-gabinete-con-la-designacion-del-ministro-de-salud\\\/#respond\"]}]},{\"@type\":\"WebPage\",\"@id\":\"https:\\\/\\\/cvinoticias.com\\\/v3\\\/milei-recibio-a-bolsonaro-y-completo-su-gabinete-con-la-designacion-del-ministro-de-salud\\\/\",\"url\":\"https:\\\/\\\/cvinoticias.com\\\/v3\\\/milei-recibio-a-bolsonaro-y-completo-su-gabinete-con-la-designacion-del-ministro-de-salud\\\/\",\"name\":\"Milei recibi\u00f3 a Bolsonaro y complet\u00f3 su gabinete con la designaci\u00f3n del ministro de Salud | CVI NOTICIAS\",\"isPartOf\":{\"@id\":\"https:\\\/\\\/cvinoticias.com\\\/v3\\\/#website\"},\"primaryImageOfPage\":{\"@id\":\"https:\\\/\\\/cvinoticias.com\\\/v3\\\/milei-recibio-a-bolsonaro-y-completo-su-gabinete-con-la-designacion-del-ministro-de-salud\\\/#primaryimage\"},\"image\":{\"@id\":\"https:\\\/\\\/cvinoticias.com\\\/v3\\\/milei-recibio-a-bolsonaro-y-completo-su-gabinete-con-la-designacion-del-ministro-de-salud\\\/#primaryimage\"},\"thumbnailUrl\":\"https:\\\/\\\/cvinoticias.com\\\/wp-content\\\/uploads\\\/2023\\\/12\\\/1702074359307.jpg\",\"datePublished\":\"2023-12-09T16:25:26+00:00\",\"breadcrumb\":{\"@id\":\"https:\\\/\\\/cvinoticias.com\\\/v3\\\/milei-recibio-a-bolsonaro-y-completo-su-gabinete-con-la-designacion-del-ministro-de-salud\\\/#breadcrumb\"},\"inLanguage\":\"es\",\"potentialAction\":[{\"@type\":\"ReadAction\",\"target\":[\"https:\\\/\\\/cvinoticias.com\\\/v3\\\/milei-recibio-a-bolsonaro-y-completo-su-gabinete-con-la-designacion-del-ministro-de-salud\\\/\"]}]},{\"@type\":\"ImageObject\",\"inLanguage\":\"es\",\"@id\":\"https:\\\/\\\/cvinoticias.com\\\/v3\\\/milei-recibio-a-bolsonaro-y-completo-su-gabinete-con-la-designacion-del-ministro-de-salud\\\/#primaryimage\",\"url\":\"https:\\\/\\\/cvinoticias.com\\\/wp-content\\\/uploads\\\/2023\\\/12\\\/1702074359307.jpg\",\"contentUrl\":\"https:\\\/\\\/cvinoticias.com\\\/wp-content\\\/uploads\\\/2023\\\/12\\\/1702074359307.jpg\",\"width\":312,\"height\":169},{\"@type\":\"BreadcrumbList\",\"@id\":\"https:\\\/\\\/cvinoticias.com\\\/v3\\\/milei-recibio-a-bolsonaro-y-completo-su-gabinete-con-la-designacion-del-ministro-de-salud\\\/#breadcrumb\",\"itemListElement\":[{\"@type\":\"ListItem\",\"position\":1,\"name\":\"Portada\",\"item\":\"https:\\\/\\\/cvinoticias.com\\\/v3\\\/\"},{\"@type\":\"ListItem\",\"position\":2,\"name\":\"Milei recibi\u00f3 a Bolsonaro y complet\u00f3 su gabinete con la designaci\u00f3n del ministro de Salud\"}]},{\"@type\":\"WebSite\",\"@id\":\"https:\\\/\\\/cvinoticias.com\\\/v3\\\/#website\",\"url\":\"https:\\\/\\\/cvinoticias.com\\\/v3\\\/\",\"name\":\"CVI NOTICIAS\",\"description\":\"\",\"publisher\":{\"@id\":\"https:\\\/\\\/cvinoticias.com\\\/v3\\\/#organization\"},\"alternateName\":\"CVI\",\"potentialAction\":[{\"@type\":\"SearchAction\",\"target\":{\"@type\":\"EntryPoint\",\"urlTemplate\":\"https:\\\/\\\/cvinoticias.com\\\/v3\\\/?s={search_term_string}\"},\"query-input\":{\"@type\":\"PropertyValueSpecification\",\"valueRequired\":true,\"valueName\":\"search_term_string\"}}],\"inLanguage\":\"es\"},{\"@type\":\"Organization\",\"@id\":\"https:\\\/\\\/cvinoticias.com\\\/v3\\\/#organization\",\"name\":\"CVI NOTICIAS\",\"url\":\"https:\\\/\\\/cvinoticias.com\\\/v3\\\/\",\"logo\":{\"@type\":\"ImageObject\",\"inLanguage\":\"es\",\"@id\":\"https:\\\/\\\/cvinoticias.com\\\/v3\\\/#\\\/schema\\\/logo\\\/image\\\/\",\"url\":\"https:\\\/\\\/cvinoticias.com\\\/wp-content\\\/uploads\\\/2023\\\/04\\\/cropped-cropped-cropped-cropped-cropped-3-1.png\",\"contentUrl\":\"https:\\\/\\\/cvinoticias.com\\\/wp-content\\\/uploads\\\/2023\\\/04\\\/cropped-cropped-cropped-cropped-cropped-3-1.png\",\"width\":95,\"height\":122,\"caption\":\"CVI NOTICIAS\"},\"image\":{\"@id\":\"https:\\\/\\\/cvinoticias.com\\\/v3\\\/#\\\/schema\\\/logo\\\/image\\\/\"},\"sameAs\":[\"https:\\\/\\\/www.facebook.com\\\/cvinoticias\",\"https:\\\/\\\/www.instagram.com\\\/cvinoticias\\\/\",\"https:\\\/\\\/www.youtube.com\\\/@CVINOTICIAS\"]},{\"@type\":\"Person\",\"@id\":\"https:\\\/\\\/cvinoticias.com\\\/v3\\\/#\\\/schema\\\/person\\\/2db77e3c6bc03c538495d7b2b8be9b66\",\"name\":\"f1000024\",\"image\":{\"@type\":\"ImageObject\",\"inLanguage\":\"es\",\"@id\":\"https:\\\/\\\/secure.gravatar.com\\\/avatar\\\/d4fe7459cfc51ff5129ce1a732bbef5928568b8092d412ef95611616376bbeed?s=96&d=mm&r=g\",\"url\":\"https:\\\/\\\/secure.gravatar.com\\\/avatar\\\/d4fe7459cfc51ff5129ce1a732bbef5928568b8092d412ef95611616376bbeed?s=96&d=mm&r=g\",\"contentUrl\":\"https:\\\/\\\/secure.gravatar.com\\\/avatar\\\/d4fe7459cfc51ff5129ce1a732bbef5928568b8092d412ef95611616376bbeed?s=96&d=mm&r=g\",\"caption\":\"f1000024\"},\"url\":\"https:\\\/\\\/cvinoticias.com\\\/v3\\\/author\\\/f1000024\\\/\"}]}<\/script>\n<!-- \/ Yoast SEO plugin. -->","yoast_head_json":{"title":"Milei recibi\u00f3 a Bolsonaro y complet\u00f3 su gabinete con la designaci\u00f3n del ministro de Salud | CVI NOTICIAS","robots":{"index":"index","follow":"follow","max-snippet":"max-snippet:-1","max-image-preview":"max-image-preview:large","max-video-preview":"max-video-preview:-1"},"canonical":"https:\/\/cvinoticias.com\/v3\/milei-recibio-a-bolsonaro-y-completo-su-gabinete-con-la-designacion-del-ministro-de-salud\/","og_locale":"es_ES","og_type":"article","og_title":"Milei recibi\u00f3 a Bolsonaro y complet\u00f3 su gabinete con la designaci\u00f3n del ministro de Salud | CVI NOTICIAS","og_description":"\u00abFue una conversaci\u00f3n entre amigos\u00bb, defini\u00f3 el exmandatario de Brasil. Mario Russo ser\u00e1 el ministro de Salud. El presidente electo, Javier Milei, recibi\u00f3 la visita, en el hotel Libertador, del exmandatario de Brasil Jair Bolsonaro, quien lleg\u00f3 anoche al pa\u00eds para participar el domingo de los actos de asunci\u00f3n del nuevo gobierno, a la vez [&hellip;]","og_url":"https:\/\/cvinoticias.com\/v3\/milei-recibio-a-bolsonaro-y-completo-su-gabinete-con-la-designacion-del-ministro-de-salud\/","og_site_name":"CVI NOTICIAS","article_publisher":"https:\/\/www.facebook.com\/cvinoticias","article_published_time":"2023-12-09T16:25:26+00:00","og_image":[{"width":312,"height":169,"url":"https:\/\/cvinoticias.com\/wp-content\/uploads\/2023\/12\/1702074359307.jpg","type":"image\/jpeg"}],"author":"f1000024","twitter_card":"summary_large_image","twitter_misc":{"Escrito por":"f1000024","Tiempo de lectura":"5 minutos"},"schema":{"@context":"https:\/\/schema.org","@graph":[{"@type":"Article","@id":"https:\/\/cvinoticias.com\/v3\/milei-recibio-a-bolsonaro-y-completo-su-gabinete-con-la-designacion-del-ministro-de-salud\/#article","isPartOf":{"@id":"https:\/\/cvinoticias.com\/v3\/milei-recibio-a-bolsonaro-y-completo-su-gabinete-con-la-designacion-del-ministro-de-salud\/"},"author":{"name":"f1000024","@id":"https:\/\/cvinoticias.com\/v3\/#\/schema\/person\/2db77e3c6bc03c538495d7b2b8be9b66"},"headline":"Milei recibi\u00f3 a Bolsonaro y complet\u00f3 su gabinete con la designaci\u00f3n del ministro de Salud","datePublished":"2023-12-09T16:25:26+00:00","mainEntityOfPage":{"@id":"https:\/\/cvinoticias.com\/v3\/milei-recibio-a-bolsonaro-y-completo-su-gabinete-con-la-designacion-del-ministro-de-salud\/"},"wordCount":931,"commentCount":0,"publisher":{"@id":"https:\/\/cvinoticias.com\/v3\/#organization"},"image":{"@id":"https:\/\/cvinoticias.com\/v3\/milei-recibio-a-bolsonaro-y-completo-su-gabinete-con-la-designacion-del-ministro-de-salud\/#primaryimage"},"thumbnailUrl":"https:\/\/cvinoticias.com\/wp-content\/uploads\/2023\/12\/1702074359307.jpg","articleSection":["Informaci\u00f3n General"],"inLanguage":"es","potentialAction":[{"@type":"CommentAction","name":"Comment","target":["https:\/\/cvinoticias.com\/v3\/milei-recibio-a-bolsonaro-y-completo-su-gabinete-con-la-designacion-del-ministro-de-salud\/#respond"]}]},{"@type":"WebPage","@id":"https:\/\/cvinoticias.com\/v3\/milei-recibio-a-bolsonaro-y-completo-su-gabinete-con-la-designacion-del-ministro-de-salud\/","url":"https:\/\/cvinoticias.com\/v3\/milei-recibio-a-bolsonaro-y-completo-su-gabinete-con-la-designacion-del-ministro-de-salud\/","name":"Milei recibi\u00f3 a Bolsonaro y complet\u00f3 su gabinete con la designaci\u00f3n del ministro de Salud | CVI NOTICIAS","isPartOf":{"@id":"https:\/\/cvinoticias.com\/v3\/#website"},"primaryImageOfPage":{"@id":"https:\/\/cvinoticias.com\/v3\/milei-recibio-a-bolsonaro-y-completo-su-gabinete-con-la-designacion-del-ministro-de-salud\/#primaryimage"},"image":{"@id":"https:\/\/cvinoticias.com\/v3\/milei-recibio-a-bolsonaro-y-completo-su-gabinete-con-la-designacion-del-ministro-de-salud\/#primaryimage"},"thumbnailUrl":"https:\/\/cvinoticias.com\/wp-content\/uploads\/2023\/12\/1702074359307.jpg","datePublished":"2023-12-09T16:25:26+00:00","breadcrumb":{"@id":"https:\/\/cvinoticias.com\/v3\/milei-recibio-a-bolsonaro-y-completo-su-gabinete-con-la-designacion-del-ministro-de-salud\/#breadcrumb"},"inLanguage":"es","potentialAction":[{"@type":"ReadAction","target":["https:\/\/cvinoticias.com\/v3\/milei-recibio-a-bolsonaro-y-completo-su-gabinete-con-la-designacion-del-ministro-de-salud\/"]}]},{"@type":"ImageObject","inLanguage":"es","@id":"https:\/\/cvinoticias.com\/v3\/milei-recibio-a-bolsonaro-y-completo-su-gabinete-con-la-designacion-del-ministro-de-salud\/#primaryimage","url":"https:\/\/cvinoticias.com\/wp-content\/uploads\/2023\/12\/1702074359307.jpg","contentUrl":"https:\/\/cvinoticias.com\/wp-content\/uploads\/2023\/12\/1702074359307.jpg","width":312,"height":169},{"@type":"BreadcrumbList","@id":"https:\/\/cvinoticias.com\/v3\/milei-recibio-a-bolsonaro-y-completo-su-gabinete-con-la-designacion-del-ministro-de-salud\/#breadcrumb","itemListElement":[{"@type":"ListItem","position":1,"name":"Portada","item":"https:\/\/cvinoticias.com\/v3\/"},{"@type":"ListItem","position":2,"name":"Milei recibi\u00f3 a Bolsonaro y complet\u00f3 su gabinete con la designaci\u00f3n del ministro de Salud"}]},{"@type":"WebSite","@id":"https:\/\/cvinoticias.com\/v3\/#website","url":"https:\/\/cvinoticias.com\/v3\/","name":"CVI NOTICIAS","description":"","publisher":{"@id":"https:\/\/cvinoticias.com\/v3\/#organization"},"alternateName":"CVI","potentialAction":[{"@type":"SearchAction","target":{"@type":"EntryPoint","urlTemplate":"https:\/\/cvinoticias.com\/v3\/?s={search_term_string}"},"query-input":{"@type":"PropertyValueSpecification","valueRequired":true,"valueName":"search_term_string"}}],"inLanguage":"es"},{"@type":"Organization","@id":"https:\/\/cvinoticias.com\/v3\/#organization","name":"CVI NOTICIAS","url":"https:\/\/cvinoticias.com\/v3\/","logo":{"@type":"ImageObject","inLanguage":"es","@id":"https:\/\/cvinoticias.com\/v3\/#\/schema\/logo\/image\/","url":"https:\/\/cvinoticias.com\/wp-content\/uploads\/2023\/04\/cropped-cropped-cropped-cropped-cropped-3-1.png","contentUrl":"https:\/\/cvinoticias.com\/wp-content\/uploads\/2023\/04\/cropped-cropped-cropped-cropped-cropped-3-1.png","width":95,"height":122,"caption":"CVI NOTICIAS"},"image":{"@id":"https:\/\/cvinoticias.com\/v3\/#\/schema\/logo\/image\/"},"sameAs":["https:\/\/www.facebook.com\/cvinoticias","https:\/\/www.instagram.com\/cvinoticias\/","https:\/\/www.youtube.com\/@CVINOTICIAS"]},{"@type":"Person","@id":"https:\/\/cvinoticias.com\/v3\/#\/schema\/person\/2db77e3c6bc03c538495d7b2b8be9b66","name":"f1000024","image":{"@type":"ImageObject","inLanguage":"es","@id":"https:\/\/secure.gravatar.com\/avatar\/d4fe7459cfc51ff5129ce1a732bbef5928568b8092d412ef95611616376bbeed?s=96&d=mm&r=g","url":"https:\/\/secure.gravatar.com\/avatar\/d4fe7459cfc51ff5129ce1a732bbef5928568b8092d412ef95611616376bbeed?s=96&d=mm&r=g","contentUrl":"https:\/\/secure.gravatar.com\/avatar\/d4fe7459cfc51ff5129ce1a732bbef5928568b8092d412ef95611616376bbeed?s=96&d=mm&r=g","caption":"f1000024"},"url":"https:\/\/cvinoticias.com\/v3\/author\/f1000024\/"}]}},"_links":{"self":[{"href":"https:\/\/cvinoticias.com\/v3\/wp-json\/wp\/v2\/posts\/30732","targetHints":{"allow":["GET"]}}],"collection":[{"href":"https:\/\/cvinoticias.com\/v3\/wp-json\/wp\/v2\/posts"}],"about":[{"href":"https:\/\/cvinoticias.com\/v3\/wp-json\/wp\/v2\/types\/post"}],"author":[{"embeddable":true,"href":"https:\/\/cvinoticias.com\/v3\/wp-json\/wp\/v2\/users\/2"}],"replies":[{"embeddable":true,"href":"https:\/\/cvinoticias.com\/v3\/wp-json\/wp\/v2\/comments?post=30732"}],"version-history":[{"count":1,"href":"https:\/\/cvinoticias.com\/v3\/wp-json\/wp\/v2\/posts\/30732\/revisions"}],"predecessor-version":[{"id":30734,"href":"https:\/\/cvinoticias.com\/v3\/wp-json\/wp\/v2\/posts\/30732\/revisions\/30734"}],"wp:featuredmedia":[{"embeddable":true,"href":"https:\/\/cvinoticias.com\/v3\/wp-json\/wp\/v2\/media\/30733"}],"wp:attachment":[{"href":"https:\/\/cvinoticias.com\/v3\/wp-json\/wp\/v2\/media?parent=30732"}],"wp:term":[{"taxonomy":"category","embeddable":true,"href":"https:\/\/cvinoticias.com\/v3\/wp-json\/wp\/v2\/categories?post=30732"},{"taxonomy":"post_tag","embeddable":true,"href":"https:\/\/cvinoticias.com\/v3\/wp-json\/wp\/v2\/tags?post=30732"}],"curies":[{"name":"wp","href":"https:\/\/api.w.org\/{rel}","templated":true}]}}