{"id":30726,"date":"2023-12-09T13:10:19","date_gmt":"2023-12-09T16:10:19","guid":{"rendered":"https:\/\/cvinoticias.com\/v3\/?p=30726"},"modified":"2023-12-09T13:10:19","modified_gmt":"2023-12-09T16:10:19","slug":"una-teoria-sobre-la-pobreza-en-argentina-y-el-riesgo-de-una-recenflacion","status":"publish","type":"post","link":"https:\/\/cvinoticias.com\/v3\/una-teoria-sobre-la-pobreza-en-argentina-y-el-riesgo-de-una-recenflacion\/","title":{"rendered":"Una teor\u00eda sobre la pobreza en Argentina y el riesgo de una \u00abrecenflaci\u00f3n\u00bb"},"content":{"rendered":"\n<p><strong><em>Seg\u00fan Jorge Paz, investigador del Conicet en el Instituto de Estudios Laborales y de Desarrollo Econ\u00f3mico, la alta tasa de pobreza en el pa\u00eds \u00abocurre porque no tenemos bienes suficientes para satisfacer las necesidades de la poblaci\u00f3n\u00bb. Coincide con Alberto Fern\u00e1ndez en que el dato de 40% es exagerado y cree que a corto plazo los guarismos de la pobreza crecer\u00e1n.<\/em><\/strong><\/p>\n\n\n\n<p>Una de las pol\u00e9micas m\u00e1s encendidas de estas \u00faltimas semanas sucedi\u00f3 a partir de la declaraci\u00f3n del presidente Alberto Fern\u00e1ndez acerca de los datos de pobreza en nuestro pa\u00eds que difundieron el Indec primero y la UCA despu\u00e9s, que arrojaron un 40,1% y un 44,7% de pobres respectivamente. Para la principal autoridad nacional, la medici\u00f3n no es correcta porque si as\u00ed fuera \u00abArgentina estar\u00eda estallada\u00bb y no tendr\u00eda \u00ab37 meses consecutivos de creaci\u00f3n de empleo registrado\u00bb.<\/p>\n\n\n\n<p>Esa afirmaci\u00f3n de Fern\u00e1ndez, que entre otras razones esgrimi\u00f3 que \u00abla gente miente por miedo a la AFIP o a que le quiten los planes sociales\u00bb y le ha valido una denuncia penal en su contra, es compartida en parte por el economista e investigador Jorge Paz, quien prefiere quedarse con el 30% de pobreza que dio la Cepal (Comisi\u00f3n Econ\u00f3mica para Am\u00e9rica Latina y el Caribe, organismo dependiente de la ONU) en su \u00faltima medici\u00f3n para Am\u00e9rica Latina.<\/p>\n\n\n\n<p>\u00abPara la Cepal, que mide en distintos pa\u00edses de la Latinoam\u00e9rica con metodolog\u00eda similar, Argentina tiene un 30% de pobreza: los pa\u00edses que tienen un 40% o m\u00e1s son Hait\u00ed, Guatemala, Nicaragua u Honduras, que son los m\u00e1s pobres del continente. Nosotros, en ese contexto regional, estamos m\u00e1s cerca de Brasil o de Colombia, por eso me convence m\u00e1s ese porcentaje por el nivel de producci\u00f3n o de empleo, que son similares. Los que est\u00e1n con muy baja pobreza son Uruguay (6%) y Chile (10%). Argentina est\u00e1 en el intermedio\u00bb, dijo.<\/p>\n\n\n\n<p>\u00abA la cifra de la Cepal la veo m\u00e1s ajustada a la realidad porque trabaja sobre una canasta que a m\u00ed me parece m\u00e1s adecuada. Y tambi\u00e9n coincido con Fern\u00e1ndez en que la situaci\u00f3n estar\u00eda mucho peor si la pobreza fuera del 40%\u00bb, remarc\u00f3 en Radio 2 el investigador del Instituto de estudios laborales de desarrollo econ\u00f3mico.<\/p>\n\n\n\n<p>Y lanz\u00f3 una teor\u00eda sobre el por qu\u00e9 de guarismos de pobreza tan preocupantes: \u00abLa pobreza claramente tiene que ver con aspectos de crecimiento econ\u00f3mico. Nosotros tenemos un problema de estancamiento, porque desde 2011 el PBI nunca creci\u00f3. Pero el gran inconveniente es que mantenemos el producto buto interno pero hay 7 millones de personas m\u00e1s\u00bb.<\/p>\n\n\n\n<p>\u00abEl PBI est\u00e1 quieto y el proceso inflacionario es muy fuerte por la puja en la distribuci\u00f3n del ingreso, lo que hace que se erosione el ingreso sobre todo de las clases m\u00e1s bajas. Y todo eso ocurre lisa y llanamente porque no tenemos bienes para satisfacer las necesidades de la poblaci\u00f3n. Fijate que cuando la econom\u00eda creci\u00f3, entre 2003 y 2011, la pobreza cay\u00f3. Es casi una imagen espejo del crecimiento econ\u00f3mico\u00bb, manifest\u00f3.<\/p>\n\n\n\n<p>Criterios de medici\u00f3n<br>Paz explic\u00f3 que para medir la pobreza \u00abcomo primer punto se estima el valor de una canasta b\u00e1sica alimentaria (CBA). Y luego a ese valor se lo multiplica por dos para dar con la canasta b\u00e1sica total (CBT), ya que se calcula que la gente gasta el doble en bienes que no son alimentos. Y ese valor se compara con los ingresos que declaran las personas. Eso dijo el presidente: que la gente declara ingresos m\u00e1s bajos de lo que en realidad percibe por miedo a la AFIP o a que le quiten alg\u00fan programa social\u00bb.<\/p>\n\n\n\n<p>Al respecto de los criterios utilizados para confeccionar la CBA y la CBT, Paz opin\u00f3: \u00abMedir la pobreza no es tan simple como parece: no es que seleccion\u00e1s un grupo de bienes, les pon\u00e9s precio y listo. Todo comienza con un estudio nutricional donde se establece cu\u00e1ntos nutrientes necesita un hombre adulto que realiza una actividad moderada y se determina cu\u00e1nto necesita de vitamina B, B12, f\u00f3sforo, hierro, etc\u00e9tera. As\u00ed se llega a una medida en kilocalor\u00edas: una vez que ten\u00e9s eso, se busca (con ayuda de una encuesta de gastos) cu\u00e1les son los productos que cubren esas necesidades familiares de nutrientes. Los productos elegidos se mantienen fijos y se va modificando el precio en torno al aumento de cada producto que la conforma\u00bb.<\/p>\n\n\n\n<p>\u00abSobre la canasta b\u00e1sica no hay pol\u00e9mica. El alimento est\u00e1 bien medido.En 2016 hubo un cambio metodol\u00f3gico en el valor de la canasta y fue bastante exigente. Por eso la medici\u00f3n de la Cepal, que es menos exigente en contenido de bienes, est\u00e1 dando un 30%\u00bb, a\u00f1adi\u00f3. Esto significa que para la Cepal, las necesidades cal\u00f3ricas de los habitantes de cada pa\u00eds son menores para lograr la subsistencia.<\/p>\n\n\n\n<p>De todos modos, m\u00e1s all\u00e1 de si el n\u00famero es 30, 40 o 44, lo que no se puede negar es que el n\u00famero de pobres en Argentina ha ido aumentando: \u00abLa medici\u00f3n del Indec ha ido fluctuando pero en torno a valores muy altos. Lo que sucedi\u00f3 ahora es que volvimos al valor de 2006. Hay que decir tambi\u00e9n que la pandemia hizo aumentar la pobreza, ah\u00ed tuvo un pico ,luego baj\u00f3 en 2021 pero ahora volvi\u00f3 a subir\u00bb.<\/p>\n\n\n\n<p>Finalmente, aventur\u00f3 que si la administraci\u00f3n de Javier Milei aplica las medidas de shock que est\u00e1 anunciando, en el corto plazo el n\u00famero de pobres va a subir: \u00abSi se aplican las medidas de choque que se proponen, la pobreza en lo inmediato va a subir porque van a aumentar el desempleo y la inflaci\u00f3n, independientemente de que despu\u00e9s se detenga. Es como cuando uno conduce a alta velocidad: uno aprieta el freno, pero el auto se detienen 300 metros m\u00e1s adelante\u00bb.<\/p>\n\n\n\n<p>Y cerr\u00f3 acu\u00f1ando otro t\u00e9rmino, diferente a la \u00abestanflaci\u00f3n\u00bb que el propio Milei asegur\u00f3 vamos a sufrir: \u00abVa a haber una inflaci\u00f3n fuerte desde ahora con ca\u00edda del producto, por lo que no ser\u00e1 &#8216;estanflaci\u00f3n&#8217;, sino &#8216;receflaci\u00f3n&#8217;. Porque la realidad es que ya venimos con una estanflaci\u00f3n debido a que hay estancamiento econ\u00f3mico y alta inflaci\u00f3n. Lo que se prev\u00e9 es una ca\u00edda del producto con inflaci\u00f3n, lo que va a generar una ca\u00edda de ingresos reales y desempleo por la recesi\u00f3n, lo que va a va aprovocar un aumento de pobreza significativo\u00bb.<\/p>\n","protected":false},"excerpt":{"rendered":"<p>Seg\u00fan Jorge Paz, investigador del Conicet en el Instituto de Estudios Laborales y de Desarrollo Econ\u00f3mico, la alta tasa de pobreza en el pa\u00eds \u00abocurre porque no tenemos bienes suficientes para satisfacer las necesidades de la poblaci\u00f3n\u00bb. Coincide con Alberto Fern\u00e1ndez en que el dato de 40% es exagerado y cree que a corto plazo [&hellip;]<\/p>\n","protected":false},"author":2,"featured_media":30727,"comment_status":"open","ping_status":"open","sticky":false,"template":"","format":"standard","meta":{"footnotes":""},"categories":[39],"tags":[],"class_list":["post-30726","post","type-post","status-publish","format-standard","has-post-thumbnail","hentry","category-nacionales"],"yoast_head":"<!-- This site is optimized with the Yoast SEO plugin v27.4 - https:\/\/yoast.com\/product\/yoast-seo-wordpress\/ -->\n<title>Una teor\u00eda sobre la pobreza en Argentina y el riesgo de una &quot;recenflaci\u00f3n&quot; | CVI NOTICIAS<\/title>\n<meta name=\"robots\" content=\"index, follow, max-snippet:-1, max-image-preview:large, max-video-preview:-1\" \/>\n<link rel=\"canonical\" href=\"https:\/\/cvinoticias.com\/v3\/una-teoria-sobre-la-pobreza-en-argentina-y-el-riesgo-de-una-recenflacion\/\" \/>\n<meta property=\"og:locale\" content=\"es_ES\" \/>\n<meta property=\"og:type\" content=\"article\" \/>\n<meta property=\"og:title\" content=\"Una teor\u00eda sobre la pobreza en Argentina y el riesgo de una &quot;recenflaci\u00f3n&quot; | CVI NOTICIAS\" \/>\n<meta property=\"og:description\" content=\"Seg\u00fan Jorge Paz, investigador del Conicet en el Instituto de Estudios Laborales y de Desarrollo Econ\u00f3mico, la alta tasa de pobreza en el pa\u00eds \u00abocurre porque no tenemos bienes suficientes para satisfacer las necesidades de la poblaci\u00f3n\u00bb. Coincide con Alberto Fern\u00e1ndez en que el dato de 40% es exagerado y cree que a corto plazo [&hellip;]\" \/>\n<meta property=\"og:url\" content=\"https:\/\/cvinoticias.com\/v3\/una-teoria-sobre-la-pobreza-en-argentina-y-el-riesgo-de-una-recenflacion\/\" \/>\n<meta property=\"og:site_name\" content=\"CVI NOTICIAS\" \/>\n<meta property=\"article:publisher\" content=\"https:\/\/www.facebook.com\/cvinoticias\" \/>\n<meta property=\"article:published_time\" content=\"2023-12-09T16:10:19+00:00\" \/>\n<meta property=\"og:image\" content=\"https:\/\/cvinoticias.com\/wp-content\/uploads\/2023\/12\/pobreza_crop1695847420050.jpg_529145118.jpg\" \/>\n\t<meta property=\"og:image:width\" content=\"368\" \/>\n\t<meta property=\"og:image:height\" content=\"207\" \/>\n\t<meta property=\"og:image:type\" content=\"image\/jpeg\" \/>\n<meta name=\"author\" content=\"f1000024\" \/>\n<meta name=\"twitter:card\" content=\"summary_large_image\" \/>\n<meta name=\"twitter:label1\" content=\"Escrito por\" \/>\n\t<meta name=\"twitter:data1\" content=\"f1000024\" \/>\n\t<meta name=\"twitter:label2\" content=\"Tiempo de lectura\" \/>\n\t<meta name=\"twitter:data2\" content=\"6 minutos\" \/>\n<script type=\"application\/ld+json\" class=\"yoast-schema-graph\">{\"@context\":\"https:\\\/\\\/schema.org\",\"@graph\":[{\"@type\":\"Article\",\"@id\":\"https:\\\/\\\/cvinoticias.com\\\/v3\\\/una-teoria-sobre-la-pobreza-en-argentina-y-el-riesgo-de-una-recenflacion\\\/#article\",\"isPartOf\":{\"@id\":\"https:\\\/\\\/cvinoticias.com\\\/v3\\\/una-teoria-sobre-la-pobreza-en-argentina-y-el-riesgo-de-una-recenflacion\\\/\"},\"author\":{\"name\":\"f1000024\",\"@id\":\"https:\\\/\\\/cvinoticias.com\\\/v3\\\/#\\\/schema\\\/person\\\/2db77e3c6bc03c538495d7b2b8be9b66\"},\"headline\":\"Una teor\u00eda sobre la pobreza en Argentina y el riesgo de una \u00abrecenflaci\u00f3n\u00bb\",\"datePublished\":\"2023-12-09T16:10:19+00:00\",\"mainEntityOfPage\":{\"@id\":\"https:\\\/\\\/cvinoticias.com\\\/v3\\\/una-teoria-sobre-la-pobreza-en-argentina-y-el-riesgo-de-una-recenflacion\\\/\"},\"wordCount\":1125,\"commentCount\":0,\"publisher\":{\"@id\":\"https:\\\/\\\/cvinoticias.com\\\/v3\\\/#organization\"},\"image\":{\"@id\":\"https:\\\/\\\/cvinoticias.com\\\/v3\\\/una-teoria-sobre-la-pobreza-en-argentina-y-el-riesgo-de-una-recenflacion\\\/#primaryimage\"},\"thumbnailUrl\":\"https:\\\/\\\/cvinoticias.com\\\/wp-content\\\/uploads\\\/2023\\\/12\\\/pobreza_crop1695847420050.jpg_529145118.jpg\",\"articleSection\":[\"Nacionales\"],\"inLanguage\":\"es\",\"potentialAction\":[{\"@type\":\"CommentAction\",\"name\":\"Comment\",\"target\":[\"https:\\\/\\\/cvinoticias.com\\\/v3\\\/una-teoria-sobre-la-pobreza-en-argentina-y-el-riesgo-de-una-recenflacion\\\/#respond\"]}]},{\"@type\":\"WebPage\",\"@id\":\"https:\\\/\\\/cvinoticias.com\\\/v3\\\/una-teoria-sobre-la-pobreza-en-argentina-y-el-riesgo-de-una-recenflacion\\\/\",\"url\":\"https:\\\/\\\/cvinoticias.com\\\/v3\\\/una-teoria-sobre-la-pobreza-en-argentina-y-el-riesgo-de-una-recenflacion\\\/\",\"name\":\"Una teor\u00eda sobre la pobreza en Argentina y el riesgo de una \\\"recenflaci\u00f3n\\\" | CVI NOTICIAS\",\"isPartOf\":{\"@id\":\"https:\\\/\\\/cvinoticias.com\\\/v3\\\/#website\"},\"primaryImageOfPage\":{\"@id\":\"https:\\\/\\\/cvinoticias.com\\\/v3\\\/una-teoria-sobre-la-pobreza-en-argentina-y-el-riesgo-de-una-recenflacion\\\/#primaryimage\"},\"image\":{\"@id\":\"https:\\\/\\\/cvinoticias.com\\\/v3\\\/una-teoria-sobre-la-pobreza-en-argentina-y-el-riesgo-de-una-recenflacion\\\/#primaryimage\"},\"thumbnailUrl\":\"https:\\\/\\\/cvinoticias.com\\\/wp-content\\\/uploads\\\/2023\\\/12\\\/pobreza_crop1695847420050.jpg_529145118.jpg\",\"datePublished\":\"2023-12-09T16:10:19+00:00\",\"breadcrumb\":{\"@id\":\"https:\\\/\\\/cvinoticias.com\\\/v3\\\/una-teoria-sobre-la-pobreza-en-argentina-y-el-riesgo-de-una-recenflacion\\\/#breadcrumb\"},\"inLanguage\":\"es\",\"potentialAction\":[{\"@type\":\"ReadAction\",\"target\":[\"https:\\\/\\\/cvinoticias.com\\\/v3\\\/una-teoria-sobre-la-pobreza-en-argentina-y-el-riesgo-de-una-recenflacion\\\/\"]}]},{\"@type\":\"ImageObject\",\"inLanguage\":\"es\",\"@id\":\"https:\\\/\\\/cvinoticias.com\\\/v3\\\/una-teoria-sobre-la-pobreza-en-argentina-y-el-riesgo-de-una-recenflacion\\\/#primaryimage\",\"url\":\"https:\\\/\\\/cvinoticias.com\\\/wp-content\\\/uploads\\\/2023\\\/12\\\/pobreza_crop1695847420050.jpg_529145118.jpg\",\"contentUrl\":\"https:\\\/\\\/cvinoticias.com\\\/wp-content\\\/uploads\\\/2023\\\/12\\\/pobreza_crop1695847420050.jpg_529145118.jpg\",\"width\":368,\"height\":207},{\"@type\":\"BreadcrumbList\",\"@id\":\"https:\\\/\\\/cvinoticias.com\\\/v3\\\/una-teoria-sobre-la-pobreza-en-argentina-y-el-riesgo-de-una-recenflacion\\\/#breadcrumb\",\"itemListElement\":[{\"@type\":\"ListItem\",\"position\":1,\"name\":\"Portada\",\"item\":\"https:\\\/\\\/cvinoticias.com\\\/v3\\\/\"},{\"@type\":\"ListItem\",\"position\":2,\"name\":\"Una teor\u00eda sobre la pobreza en Argentina y el riesgo de una \u00abrecenflaci\u00f3n\u00bb\"}]},{\"@type\":\"WebSite\",\"@id\":\"https:\\\/\\\/cvinoticias.com\\\/v3\\\/#website\",\"url\":\"https:\\\/\\\/cvinoticias.com\\\/v3\\\/\",\"name\":\"CVI NOTICIAS\",\"description\":\"\",\"publisher\":{\"@id\":\"https:\\\/\\\/cvinoticias.com\\\/v3\\\/#organization\"},\"alternateName\":\"CVI\",\"potentialAction\":[{\"@type\":\"SearchAction\",\"target\":{\"@type\":\"EntryPoint\",\"urlTemplate\":\"https:\\\/\\\/cvinoticias.com\\\/v3\\\/?s={search_term_string}\"},\"query-input\":{\"@type\":\"PropertyValueSpecification\",\"valueRequired\":true,\"valueName\":\"search_term_string\"}}],\"inLanguage\":\"es\"},{\"@type\":\"Organization\",\"@id\":\"https:\\\/\\\/cvinoticias.com\\\/v3\\\/#organization\",\"name\":\"CVI NOTICIAS\",\"url\":\"https:\\\/\\\/cvinoticias.com\\\/v3\\\/\",\"logo\":{\"@type\":\"ImageObject\",\"inLanguage\":\"es\",\"@id\":\"https:\\\/\\\/cvinoticias.com\\\/v3\\\/#\\\/schema\\\/logo\\\/image\\\/\",\"url\":\"https:\\\/\\\/cvinoticias.com\\\/wp-content\\\/uploads\\\/2023\\\/04\\\/cropped-cropped-cropped-cropped-cropped-3-1.png\",\"contentUrl\":\"https:\\\/\\\/cvinoticias.com\\\/wp-content\\\/uploads\\\/2023\\\/04\\\/cropped-cropped-cropped-cropped-cropped-3-1.png\",\"width\":95,\"height\":122,\"caption\":\"CVI NOTICIAS\"},\"image\":{\"@id\":\"https:\\\/\\\/cvinoticias.com\\\/v3\\\/#\\\/schema\\\/logo\\\/image\\\/\"},\"sameAs\":[\"https:\\\/\\\/www.facebook.com\\\/cvinoticias\",\"https:\\\/\\\/www.instagram.com\\\/cvinoticias\\\/\",\"https:\\\/\\\/www.youtube.com\\\/@CVINOTICIAS\"]},{\"@type\":\"Person\",\"@id\":\"https:\\\/\\\/cvinoticias.com\\\/v3\\\/#\\\/schema\\\/person\\\/2db77e3c6bc03c538495d7b2b8be9b66\",\"name\":\"f1000024\",\"image\":{\"@type\":\"ImageObject\",\"inLanguage\":\"es\",\"@id\":\"https:\\\/\\\/secure.gravatar.com\\\/avatar\\\/d4fe7459cfc51ff5129ce1a732bbef5928568b8092d412ef95611616376bbeed?s=96&d=mm&r=g\",\"url\":\"https:\\\/\\\/secure.gravatar.com\\\/avatar\\\/d4fe7459cfc51ff5129ce1a732bbef5928568b8092d412ef95611616376bbeed?s=96&d=mm&r=g\",\"contentUrl\":\"https:\\\/\\\/secure.gravatar.com\\\/avatar\\\/d4fe7459cfc51ff5129ce1a732bbef5928568b8092d412ef95611616376bbeed?s=96&d=mm&r=g\",\"caption\":\"f1000024\"},\"url\":\"https:\\\/\\\/cvinoticias.com\\\/v3\\\/author\\\/f1000024\\\/\"}]}<\/script>\n<!-- \/ Yoast SEO plugin. -->","yoast_head_json":{"title":"Una teor\u00eda sobre la pobreza en Argentina y el riesgo de una \"recenflaci\u00f3n\" | CVI NOTICIAS","robots":{"index":"index","follow":"follow","max-snippet":"max-snippet:-1","max-image-preview":"max-image-preview:large","max-video-preview":"max-video-preview:-1"},"canonical":"https:\/\/cvinoticias.com\/v3\/una-teoria-sobre-la-pobreza-en-argentina-y-el-riesgo-de-una-recenflacion\/","og_locale":"es_ES","og_type":"article","og_title":"Una teor\u00eda sobre la pobreza en Argentina y el riesgo de una \"recenflaci\u00f3n\" | CVI NOTICIAS","og_description":"Seg\u00fan Jorge Paz, investigador del Conicet en el Instituto de Estudios Laborales y de Desarrollo Econ\u00f3mico, la alta tasa de pobreza en el pa\u00eds \u00abocurre porque no tenemos bienes suficientes para satisfacer las necesidades de la poblaci\u00f3n\u00bb. Coincide con Alberto Fern\u00e1ndez en que el dato de 40% es exagerado y cree que a corto plazo [&hellip;]","og_url":"https:\/\/cvinoticias.com\/v3\/una-teoria-sobre-la-pobreza-en-argentina-y-el-riesgo-de-una-recenflacion\/","og_site_name":"CVI NOTICIAS","article_publisher":"https:\/\/www.facebook.com\/cvinoticias","article_published_time":"2023-12-09T16:10:19+00:00","og_image":[{"width":368,"height":207,"url":"https:\/\/cvinoticias.com\/wp-content\/uploads\/2023\/12\/pobreza_crop1695847420050.jpg_529145118.jpg","type":"image\/jpeg"}],"author":"f1000024","twitter_card":"summary_large_image","twitter_misc":{"Escrito por":"f1000024","Tiempo de lectura":"6 minutos"},"schema":{"@context":"https:\/\/schema.org","@graph":[{"@type":"Article","@id":"https:\/\/cvinoticias.com\/v3\/una-teoria-sobre-la-pobreza-en-argentina-y-el-riesgo-de-una-recenflacion\/#article","isPartOf":{"@id":"https:\/\/cvinoticias.com\/v3\/una-teoria-sobre-la-pobreza-en-argentina-y-el-riesgo-de-una-recenflacion\/"},"author":{"name":"f1000024","@id":"https:\/\/cvinoticias.com\/v3\/#\/schema\/person\/2db77e3c6bc03c538495d7b2b8be9b66"},"headline":"Una teor\u00eda sobre la pobreza en Argentina y el riesgo de una \u00abrecenflaci\u00f3n\u00bb","datePublished":"2023-12-09T16:10:19+00:00","mainEntityOfPage":{"@id":"https:\/\/cvinoticias.com\/v3\/una-teoria-sobre-la-pobreza-en-argentina-y-el-riesgo-de-una-recenflacion\/"},"wordCount":1125,"commentCount":0,"publisher":{"@id":"https:\/\/cvinoticias.com\/v3\/#organization"},"image":{"@id":"https:\/\/cvinoticias.com\/v3\/una-teoria-sobre-la-pobreza-en-argentina-y-el-riesgo-de-una-recenflacion\/#primaryimage"},"thumbnailUrl":"https:\/\/cvinoticias.com\/wp-content\/uploads\/2023\/12\/pobreza_crop1695847420050.jpg_529145118.jpg","articleSection":["Nacionales"],"inLanguage":"es","potentialAction":[{"@type":"CommentAction","name":"Comment","target":["https:\/\/cvinoticias.com\/v3\/una-teoria-sobre-la-pobreza-en-argentina-y-el-riesgo-de-una-recenflacion\/#respond"]}]},{"@type":"WebPage","@id":"https:\/\/cvinoticias.com\/v3\/una-teoria-sobre-la-pobreza-en-argentina-y-el-riesgo-de-una-recenflacion\/","url":"https:\/\/cvinoticias.com\/v3\/una-teoria-sobre-la-pobreza-en-argentina-y-el-riesgo-de-una-recenflacion\/","name":"Una teor\u00eda sobre la pobreza en Argentina y el riesgo de una \"recenflaci\u00f3n\" | CVI NOTICIAS","isPartOf":{"@id":"https:\/\/cvinoticias.com\/v3\/#website"},"primaryImageOfPage":{"@id":"https:\/\/cvinoticias.com\/v3\/una-teoria-sobre-la-pobreza-en-argentina-y-el-riesgo-de-una-recenflacion\/#primaryimage"},"image":{"@id":"https:\/\/cvinoticias.com\/v3\/una-teoria-sobre-la-pobreza-en-argentina-y-el-riesgo-de-una-recenflacion\/#primaryimage"},"thumbnailUrl":"https:\/\/cvinoticias.com\/wp-content\/uploads\/2023\/12\/pobreza_crop1695847420050.jpg_529145118.jpg","datePublished":"2023-12-09T16:10:19+00:00","breadcrumb":{"@id":"https:\/\/cvinoticias.com\/v3\/una-teoria-sobre-la-pobreza-en-argentina-y-el-riesgo-de-una-recenflacion\/#breadcrumb"},"inLanguage":"es","potentialAction":[{"@type":"ReadAction","target":["https:\/\/cvinoticias.com\/v3\/una-teoria-sobre-la-pobreza-en-argentina-y-el-riesgo-de-una-recenflacion\/"]}]},{"@type":"ImageObject","inLanguage":"es","@id":"https:\/\/cvinoticias.com\/v3\/una-teoria-sobre-la-pobreza-en-argentina-y-el-riesgo-de-una-recenflacion\/#primaryimage","url":"https:\/\/cvinoticias.com\/wp-content\/uploads\/2023\/12\/pobreza_crop1695847420050.jpg_529145118.jpg","contentUrl":"https:\/\/cvinoticias.com\/wp-content\/uploads\/2023\/12\/pobreza_crop1695847420050.jpg_529145118.jpg","width":368,"height":207},{"@type":"BreadcrumbList","@id":"https:\/\/cvinoticias.com\/v3\/una-teoria-sobre-la-pobreza-en-argentina-y-el-riesgo-de-una-recenflacion\/#breadcrumb","itemListElement":[{"@type":"ListItem","position":1,"name":"Portada","item":"https:\/\/cvinoticias.com\/v3\/"},{"@type":"ListItem","position":2,"name":"Una teor\u00eda sobre la pobreza en Argentina y el riesgo de una \u00abrecenflaci\u00f3n\u00bb"}]},{"@type":"WebSite","@id":"https:\/\/cvinoticias.com\/v3\/#website","url":"https:\/\/cvinoticias.com\/v3\/","name":"CVI NOTICIAS","description":"","publisher":{"@id":"https:\/\/cvinoticias.com\/v3\/#organization"},"alternateName":"CVI","potentialAction":[{"@type":"SearchAction","target":{"@type":"EntryPoint","urlTemplate":"https:\/\/cvinoticias.com\/v3\/?s={search_term_string}"},"query-input":{"@type":"PropertyValueSpecification","valueRequired":true,"valueName":"search_term_string"}}],"inLanguage":"es"},{"@type":"Organization","@id":"https:\/\/cvinoticias.com\/v3\/#organization","name":"CVI NOTICIAS","url":"https:\/\/cvinoticias.com\/v3\/","logo":{"@type":"ImageObject","inLanguage":"es","@id":"https:\/\/cvinoticias.com\/v3\/#\/schema\/logo\/image\/","url":"https:\/\/cvinoticias.com\/wp-content\/uploads\/2023\/04\/cropped-cropped-cropped-cropped-cropped-3-1.png","contentUrl":"https:\/\/cvinoticias.com\/wp-content\/uploads\/2023\/04\/cropped-cropped-cropped-cropped-cropped-3-1.png","width":95,"height":122,"caption":"CVI NOTICIAS"},"image":{"@id":"https:\/\/cvinoticias.com\/v3\/#\/schema\/logo\/image\/"},"sameAs":["https:\/\/www.facebook.com\/cvinoticias","https:\/\/www.instagram.com\/cvinoticias\/","https:\/\/www.youtube.com\/@CVINOTICIAS"]},{"@type":"Person","@id":"https:\/\/cvinoticias.com\/v3\/#\/schema\/person\/2db77e3c6bc03c538495d7b2b8be9b66","name":"f1000024","image":{"@type":"ImageObject","inLanguage":"es","@id":"https:\/\/secure.gravatar.com\/avatar\/d4fe7459cfc51ff5129ce1a732bbef5928568b8092d412ef95611616376bbeed?s=96&d=mm&r=g","url":"https:\/\/secure.gravatar.com\/avatar\/d4fe7459cfc51ff5129ce1a732bbef5928568b8092d412ef95611616376bbeed?s=96&d=mm&r=g","contentUrl":"https:\/\/secure.gravatar.com\/avatar\/d4fe7459cfc51ff5129ce1a732bbef5928568b8092d412ef95611616376bbeed?s=96&d=mm&r=g","caption":"f1000024"},"url":"https:\/\/cvinoticias.com\/v3\/author\/f1000024\/"}]}},"_links":{"self":[{"href":"https:\/\/cvinoticias.com\/v3\/wp-json\/wp\/v2\/posts\/30726","targetHints":{"allow":["GET"]}}],"collection":[{"href":"https:\/\/cvinoticias.com\/v3\/wp-json\/wp\/v2\/posts"}],"about":[{"href":"https:\/\/cvinoticias.com\/v3\/wp-json\/wp\/v2\/types\/post"}],"author":[{"embeddable":true,"href":"https:\/\/cvinoticias.com\/v3\/wp-json\/wp\/v2\/users\/2"}],"replies":[{"embeddable":true,"href":"https:\/\/cvinoticias.com\/v3\/wp-json\/wp\/v2\/comments?post=30726"}],"version-history":[{"count":1,"href":"https:\/\/cvinoticias.com\/v3\/wp-json\/wp\/v2\/posts\/30726\/revisions"}],"predecessor-version":[{"id":30728,"href":"https:\/\/cvinoticias.com\/v3\/wp-json\/wp\/v2\/posts\/30726\/revisions\/30728"}],"wp:featuredmedia":[{"embeddable":true,"href":"https:\/\/cvinoticias.com\/v3\/wp-json\/wp\/v2\/media\/30727"}],"wp:attachment":[{"href":"https:\/\/cvinoticias.com\/v3\/wp-json\/wp\/v2\/media?parent=30726"}],"wp:term":[{"taxonomy":"category","embeddable":true,"href":"https:\/\/cvinoticias.com\/v3\/wp-json\/wp\/v2\/categories?post=30726"},{"taxonomy":"post_tag","embeddable":true,"href":"https:\/\/cvinoticias.com\/v3\/wp-json\/wp\/v2\/tags?post=30726"}],"curies":[{"name":"wp","href":"https:\/\/api.w.org\/{rel}","templated":true}]}}