{"id":30718,"date":"2023-12-08T19:05:07","date_gmt":"2023-12-08T22:05:07","guid":{"rendered":"https:\/\/cvinoticias.com\/v3\/?p=30718"},"modified":"2023-12-08T19:05:07","modified_gmt":"2023-12-08T22:05:07","slug":"alberto-fernandez-se-despidio-por-cadena-nacional-no-logramos-superar-plenamente-la-herencia-que-recibimos","status":"publish","type":"post","link":"https:\/\/cvinoticias.com\/v3\/alberto-fernandez-se-despidio-por-cadena-nacional-no-logramos-superar-plenamente-la-herencia-que-recibimos\/","title":{"rendered":"Alberto Fern\u00e1ndez se despidi\u00f3 por cadena nacional: \u00abNo logramos superar plenamente la herencia que recibimos\u00bb"},"content":{"rendered":"\n<p><strong><em>El discurso del funcionario fue un resumen de su gesti\u00f3n \u00e1rea por \u00e1rea. Adem\u00e1s, expres\u00f3 a modo de autocr\u00edtica: \u00abSabemos que no hemos alcanzado los objetivos en el fortalecimiento de ingresos\u00bb<\/em><\/strong><\/p>\n\n\n\n<p>Este viernes, a 48 horas de que se produzca la asunci\u00f3n de Javier Milei, Alberto Fern\u00e1ndez se despidi\u00f3 de su cargo como presidente de la Naci\u00f3n a trav\u00e9s de un discurso por cadena nacional. El funcionario saliente hizo un repaso del trabajo que se realiz\u00f3 en los \u00faltimos cuatro a\u00f1os: \u00abNo logramos superar plenamente la herencia que recibimos\u00bb, dijo a modo de balance.<\/p>\n\n\n\n<p>Y agreg\u00f3 a modo de autocr\u00edtica: \u00abSabemos que no alcanzamos los objetivos en el fortalecimiento de ingresos\u00bb. En otro momento del relato, indic\u00f3: \u00abGuardo conmigo el dolor profundo de no haber podido mejorar la vida de los que argentinos que a\u00fan viven en la pobreza\u00bb<\/p>\n\n\n\n<p>Fern\u00e1ndez hizo hincapi\u00e9 en las dificultades que debi\u00f3 enfrentar tanto \u00e9l como sus distintos equipos de trabajo durante su gesti\u00f3n: la pandemia, la guerra de Rusia y Ucrania y la sequ\u00eda, fueron algunos de los argumentos. Tambi\u00e9n hubo cr\u00edticas al macrismo por la deuda con el Fondo Monterario Internacional.<\/p>\n\n\n\n<p>Adem\u00e1s, mencion\u00f3 la importancia que le brind\u00f3 su gesti\u00f3n a la defensa de la democracia y los derechos humanos. Luego, lament\u00f3 \u00abno haber podido terminar con la grieta que nos separa y nos enfrenta\u00bb.<\/p>\n\n\n\n<p>Como un balance de su gesti\u00f3n, el presidente saliente indic\u00f3: \u00abNo puedo negar sensaciones encontradas, tengo pesar por lo que falt\u00f3 hacer, lo que nos impidieron hacer y lo que debimos hacer de otro modo, es mi responsabilidad\u00bb.<\/p>\n\n\n\n<p>Por su parte, en clara referencia a los anuncios de Javier Milei respecto del futuro, Alberto Fern\u00e1ndez defendi\u00f3 la herencia que deja su gobierno y le recomend\u00f3 a su sucesor. \u201cNo es razonable pensar en un ajuste\u201d.<\/p>\n\n\n\n<p>Y agreg\u00f3 algo m\u00e1s sobre la herencia: \u201cEl a\u00f1o entrante ingresar\u00e1n, producto de nuestras exportaciones agr\u00edcolas y ganaderas, de nuestras exportaciones de gas y de litio, alrededor de 35.000 millones de d\u00f3lares. Adem\u00e1s, gracias al gasoducto que construimos, dejaremos de gastar 5.000 millones de d\u00f3lares para importar gas licuado. De aqu\u00ed hasta el 2030, las estimaciones marcan que las exportaciones sumadas de bienes y servicios crecer\u00e1n el 80%\u201d, dijo.<\/p>\n\n\n\n<p>Fern\u00e1ndez se hab\u00eda despedido este mi\u00e9rcoles de los 400 empleados de la Casa Rosada. Mediante un brindis y rodeado de banderas del pa\u00eds, dijo: \u201cEn todo momento ustedes trabajaron y conseguimos poner a la Argentina de pie. Me voy con la tranquilidad de haber puesto todo lo que hab\u00eda que poner en este tiempo, para ayudar a este pa\u00eds. Estamos dejando un pa\u00eds que est\u00e1 funcionando\u201d.<\/p>\n\n\n\n<p>Un d\u00eda despu\u00e9s, en su \u00faltimo acto oficial, Fern\u00e1ndez particip\u00f3 de la 63\u00aa Cumbre de Jefes de Estado del Mercosur, donde tuvo un afectuoso encuentro con Lula, presidente de Brasil, quien rechaz\u00f3 la invitaci\u00f3n de Javier Milei para participar del acto de asunci\u00f3n del l\u00edder libertario del pr\u00f3ximo domingo.<\/p>\n","protected":false},"excerpt":{"rendered":"<p>El discurso del funcionario fue un resumen de su gesti\u00f3n \u00e1rea por \u00e1rea. Adem\u00e1s, expres\u00f3 a modo de autocr\u00edtica: \u00abSabemos que no hemos alcanzado los objetivos en el fortalecimiento de ingresos\u00bb Este viernes, a 48 horas de que se produzca la asunci\u00f3n de Javier Milei, Alberto Fern\u00e1ndez se despidi\u00f3 de su cargo como presidente de [&hellip;]<\/p>\n","protected":false},"author":2,"featured_media":30719,"comment_status":"open","ping_status":"open","sticky":false,"template":"","format":"standard","meta":{"footnotes":""},"categories":[39],"tags":[],"class_list":["post-30718","post","type-post","status-publish","format-standard","has-post-thumbnail","hentry","category-nacionales"],"yoast_head":"<!-- This site is optimized with the Yoast SEO plugin v27.4 - https:\/\/yoast.com\/product\/yoast-seo-wordpress\/ -->\n<title>Alberto Fern\u00e1ndez se despidi\u00f3 por cadena nacional: &quot;No logramos superar plenamente la herencia que recibimos&quot; | CVI NOTICIAS<\/title>\n<meta name=\"robots\" content=\"index, follow, max-snippet:-1, max-image-preview:large, max-video-preview:-1\" \/>\n<link rel=\"canonical\" href=\"https:\/\/cvinoticias.com\/v3\/alberto-fernandez-se-despidio-por-cadena-nacional-no-logramos-superar-plenamente-la-herencia-que-recibimos\/\" \/>\n<meta property=\"og:locale\" content=\"es_ES\" \/>\n<meta property=\"og:type\" content=\"article\" \/>\n<meta property=\"og:title\" content=\"Alberto Fern\u00e1ndez se despidi\u00f3 por cadena nacional: &quot;No logramos superar plenamente la herencia que recibimos&quot; | CVI NOTICIAS\" \/>\n<meta property=\"og:description\" content=\"El discurso del funcionario fue un resumen de su gesti\u00f3n \u00e1rea por \u00e1rea. Adem\u00e1s, expres\u00f3 a modo de autocr\u00edtica: \u00abSabemos que no hemos alcanzado los objetivos en el fortalecimiento de ingresos\u00bb Este viernes, a 48 horas de que se produzca la asunci\u00f3n de Javier Milei, Alberto Fern\u00e1ndez se despidi\u00f3 de su cargo como presidente de [&hellip;]\" \/>\n<meta property=\"og:url\" content=\"https:\/\/cvinoticias.com\/v3\/alberto-fernandez-se-despidio-por-cadena-nacional-no-logramos-superar-plenamente-la-herencia-que-recibimos\/\" \/>\n<meta property=\"og:site_name\" content=\"CVI NOTICIAS\" \/>\n<meta property=\"article:publisher\" content=\"https:\/\/www.facebook.com\/cvinoticias\" \/>\n<meta property=\"article:published_time\" content=\"2023-12-08T22:05:07+00:00\" \/>\n<meta property=\"og:image\" content=\"https:\/\/cvinoticias.com\/wp-content\/uploads\/2023\/12\/albert_is_over.jpg_529145118.jpg\" \/>\n\t<meta property=\"og:image:width\" content=\"368\" \/>\n\t<meta property=\"og:image:height\" content=\"207\" \/>\n\t<meta property=\"og:image:type\" content=\"image\/jpeg\" \/>\n<meta name=\"author\" content=\"f1000024\" \/>\n<meta name=\"twitter:card\" content=\"summary_large_image\" \/>\n<meta name=\"twitter:label1\" content=\"Escrito por\" \/>\n\t<meta name=\"twitter:data1\" content=\"f1000024\" \/>\n\t<meta name=\"twitter:label2\" content=\"Tiempo de lectura\" \/>\n\t<meta name=\"twitter:data2\" content=\"3 minutos\" \/>\n<script type=\"application\/ld+json\" class=\"yoast-schema-graph\">{\"@context\":\"https:\\\/\\\/schema.org\",\"@graph\":[{\"@type\":\"Article\",\"@id\":\"https:\\\/\\\/cvinoticias.com\\\/v3\\\/alberto-fernandez-se-despidio-por-cadena-nacional-no-logramos-superar-plenamente-la-herencia-que-recibimos\\\/#article\",\"isPartOf\":{\"@id\":\"https:\\\/\\\/cvinoticias.com\\\/v3\\\/alberto-fernandez-se-despidio-por-cadena-nacional-no-logramos-superar-plenamente-la-herencia-que-recibimos\\\/\"},\"author\":{\"name\":\"f1000024\",\"@id\":\"https:\\\/\\\/cvinoticias.com\\\/v3\\\/#\\\/schema\\\/person\\\/2db77e3c6bc03c538495d7b2b8be9b66\"},\"headline\":\"Alberto Fern\u00e1ndez se despidi\u00f3 por cadena nacional: \u00abNo logramos superar plenamente la herencia que recibimos\u00bb\",\"datePublished\":\"2023-12-08T22:05:07+00:00\",\"mainEntityOfPage\":{\"@id\":\"https:\\\/\\\/cvinoticias.com\\\/v3\\\/alberto-fernandez-se-despidio-por-cadena-nacional-no-logramos-superar-plenamente-la-herencia-que-recibimos\\\/\"},\"wordCount\":531,\"commentCount\":0,\"publisher\":{\"@id\":\"https:\\\/\\\/cvinoticias.com\\\/v3\\\/#organization\"},\"image\":{\"@id\":\"https:\\\/\\\/cvinoticias.com\\\/v3\\\/alberto-fernandez-se-despidio-por-cadena-nacional-no-logramos-superar-plenamente-la-herencia-que-recibimos\\\/#primaryimage\"},\"thumbnailUrl\":\"https:\\\/\\\/cvinoticias.com\\\/wp-content\\\/uploads\\\/2023\\\/12\\\/albert_is_over.jpg_529145118.jpg\",\"articleSection\":[\"Nacionales\"],\"inLanguage\":\"es\",\"potentialAction\":[{\"@type\":\"CommentAction\",\"name\":\"Comment\",\"target\":[\"https:\\\/\\\/cvinoticias.com\\\/v3\\\/alberto-fernandez-se-despidio-por-cadena-nacional-no-logramos-superar-plenamente-la-herencia-que-recibimos\\\/#respond\"]}]},{\"@type\":\"WebPage\",\"@id\":\"https:\\\/\\\/cvinoticias.com\\\/v3\\\/alberto-fernandez-se-despidio-por-cadena-nacional-no-logramos-superar-plenamente-la-herencia-que-recibimos\\\/\",\"url\":\"https:\\\/\\\/cvinoticias.com\\\/v3\\\/alberto-fernandez-se-despidio-por-cadena-nacional-no-logramos-superar-plenamente-la-herencia-que-recibimos\\\/\",\"name\":\"Alberto Fern\u00e1ndez se despidi\u00f3 por cadena nacional: \\\"No logramos superar plenamente la herencia que recibimos\\\" | CVI NOTICIAS\",\"isPartOf\":{\"@id\":\"https:\\\/\\\/cvinoticias.com\\\/v3\\\/#website\"},\"primaryImageOfPage\":{\"@id\":\"https:\\\/\\\/cvinoticias.com\\\/v3\\\/alberto-fernandez-se-despidio-por-cadena-nacional-no-logramos-superar-plenamente-la-herencia-que-recibimos\\\/#primaryimage\"},\"image\":{\"@id\":\"https:\\\/\\\/cvinoticias.com\\\/v3\\\/alberto-fernandez-se-despidio-por-cadena-nacional-no-logramos-superar-plenamente-la-herencia-que-recibimos\\\/#primaryimage\"},\"thumbnailUrl\":\"https:\\\/\\\/cvinoticias.com\\\/wp-content\\\/uploads\\\/2023\\\/12\\\/albert_is_over.jpg_529145118.jpg\",\"datePublished\":\"2023-12-08T22:05:07+00:00\",\"breadcrumb\":{\"@id\":\"https:\\\/\\\/cvinoticias.com\\\/v3\\\/alberto-fernandez-se-despidio-por-cadena-nacional-no-logramos-superar-plenamente-la-herencia-que-recibimos\\\/#breadcrumb\"},\"inLanguage\":\"es\",\"potentialAction\":[{\"@type\":\"ReadAction\",\"target\":[\"https:\\\/\\\/cvinoticias.com\\\/v3\\\/alberto-fernandez-se-despidio-por-cadena-nacional-no-logramos-superar-plenamente-la-herencia-que-recibimos\\\/\"]}]},{\"@type\":\"ImageObject\",\"inLanguage\":\"es\",\"@id\":\"https:\\\/\\\/cvinoticias.com\\\/v3\\\/alberto-fernandez-se-despidio-por-cadena-nacional-no-logramos-superar-plenamente-la-herencia-que-recibimos\\\/#primaryimage\",\"url\":\"https:\\\/\\\/cvinoticias.com\\\/wp-content\\\/uploads\\\/2023\\\/12\\\/albert_is_over.jpg_529145118.jpg\",\"contentUrl\":\"https:\\\/\\\/cvinoticias.com\\\/wp-content\\\/uploads\\\/2023\\\/12\\\/albert_is_over.jpg_529145118.jpg\",\"width\":368,\"height\":207},{\"@type\":\"BreadcrumbList\",\"@id\":\"https:\\\/\\\/cvinoticias.com\\\/v3\\\/alberto-fernandez-se-despidio-por-cadena-nacional-no-logramos-superar-plenamente-la-herencia-que-recibimos\\\/#breadcrumb\",\"itemListElement\":[{\"@type\":\"ListItem\",\"position\":1,\"name\":\"Portada\",\"item\":\"https:\\\/\\\/cvinoticias.com\\\/v3\\\/\"},{\"@type\":\"ListItem\",\"position\":2,\"name\":\"Alberto Fern\u00e1ndez se despidi\u00f3 por cadena nacional: \u00abNo logramos superar plenamente la herencia que recibimos\u00bb\"}]},{\"@type\":\"WebSite\",\"@id\":\"https:\\\/\\\/cvinoticias.com\\\/v3\\\/#website\",\"url\":\"https:\\\/\\\/cvinoticias.com\\\/v3\\\/\",\"name\":\"CVI NOTICIAS\",\"description\":\"\",\"publisher\":{\"@id\":\"https:\\\/\\\/cvinoticias.com\\\/v3\\\/#organization\"},\"alternateName\":\"CVI\",\"potentialAction\":[{\"@type\":\"SearchAction\",\"target\":{\"@type\":\"EntryPoint\",\"urlTemplate\":\"https:\\\/\\\/cvinoticias.com\\\/v3\\\/?s={search_term_string}\"},\"query-input\":{\"@type\":\"PropertyValueSpecification\",\"valueRequired\":true,\"valueName\":\"search_term_string\"}}],\"inLanguage\":\"es\"},{\"@type\":\"Organization\",\"@id\":\"https:\\\/\\\/cvinoticias.com\\\/v3\\\/#organization\",\"name\":\"CVI NOTICIAS\",\"url\":\"https:\\\/\\\/cvinoticias.com\\\/v3\\\/\",\"logo\":{\"@type\":\"ImageObject\",\"inLanguage\":\"es\",\"@id\":\"https:\\\/\\\/cvinoticias.com\\\/v3\\\/#\\\/schema\\\/logo\\\/image\\\/\",\"url\":\"https:\\\/\\\/cvinoticias.com\\\/wp-content\\\/uploads\\\/2023\\\/04\\\/cropped-cropped-cropped-cropped-cropped-3-1.png\",\"contentUrl\":\"https:\\\/\\\/cvinoticias.com\\\/wp-content\\\/uploads\\\/2023\\\/04\\\/cropped-cropped-cropped-cropped-cropped-3-1.png\",\"width\":95,\"height\":122,\"caption\":\"CVI NOTICIAS\"},\"image\":{\"@id\":\"https:\\\/\\\/cvinoticias.com\\\/v3\\\/#\\\/schema\\\/logo\\\/image\\\/\"},\"sameAs\":[\"https:\\\/\\\/www.facebook.com\\\/cvinoticias\",\"https:\\\/\\\/www.instagram.com\\\/cvinoticias\\\/\",\"https:\\\/\\\/www.youtube.com\\\/@CVINOTICIAS\"]},{\"@type\":\"Person\",\"@id\":\"https:\\\/\\\/cvinoticias.com\\\/v3\\\/#\\\/schema\\\/person\\\/2db77e3c6bc03c538495d7b2b8be9b66\",\"name\":\"f1000024\",\"image\":{\"@type\":\"ImageObject\",\"inLanguage\":\"es\",\"@id\":\"https:\\\/\\\/secure.gravatar.com\\\/avatar\\\/d4fe7459cfc51ff5129ce1a732bbef5928568b8092d412ef95611616376bbeed?s=96&d=mm&r=g\",\"url\":\"https:\\\/\\\/secure.gravatar.com\\\/avatar\\\/d4fe7459cfc51ff5129ce1a732bbef5928568b8092d412ef95611616376bbeed?s=96&d=mm&r=g\",\"contentUrl\":\"https:\\\/\\\/secure.gravatar.com\\\/avatar\\\/d4fe7459cfc51ff5129ce1a732bbef5928568b8092d412ef95611616376bbeed?s=96&d=mm&r=g\",\"caption\":\"f1000024\"},\"url\":\"https:\\\/\\\/cvinoticias.com\\\/v3\\\/author\\\/f1000024\\\/\"}]}<\/script>\n<!-- \/ Yoast SEO plugin. -->","yoast_head_json":{"title":"Alberto Fern\u00e1ndez se despidi\u00f3 por cadena nacional: \"No logramos superar plenamente la herencia que recibimos\" | CVI NOTICIAS","robots":{"index":"index","follow":"follow","max-snippet":"max-snippet:-1","max-image-preview":"max-image-preview:large","max-video-preview":"max-video-preview:-1"},"canonical":"https:\/\/cvinoticias.com\/v3\/alberto-fernandez-se-despidio-por-cadena-nacional-no-logramos-superar-plenamente-la-herencia-que-recibimos\/","og_locale":"es_ES","og_type":"article","og_title":"Alberto Fern\u00e1ndez se despidi\u00f3 por cadena nacional: \"No logramos superar plenamente la herencia que recibimos\" | CVI NOTICIAS","og_description":"El discurso del funcionario fue un resumen de su gesti\u00f3n \u00e1rea por \u00e1rea. Adem\u00e1s, expres\u00f3 a modo de autocr\u00edtica: \u00abSabemos que no hemos alcanzado los objetivos en el fortalecimiento de ingresos\u00bb Este viernes, a 48 horas de que se produzca la asunci\u00f3n de Javier Milei, Alberto Fern\u00e1ndez se despidi\u00f3 de su cargo como presidente de [&hellip;]","og_url":"https:\/\/cvinoticias.com\/v3\/alberto-fernandez-se-despidio-por-cadena-nacional-no-logramos-superar-plenamente-la-herencia-que-recibimos\/","og_site_name":"CVI NOTICIAS","article_publisher":"https:\/\/www.facebook.com\/cvinoticias","article_published_time":"2023-12-08T22:05:07+00:00","og_image":[{"width":368,"height":207,"url":"https:\/\/cvinoticias.com\/wp-content\/uploads\/2023\/12\/albert_is_over.jpg_529145118.jpg","type":"image\/jpeg"}],"author":"f1000024","twitter_card":"summary_large_image","twitter_misc":{"Escrito por":"f1000024","Tiempo de lectura":"3 minutos"},"schema":{"@context":"https:\/\/schema.org","@graph":[{"@type":"Article","@id":"https:\/\/cvinoticias.com\/v3\/alberto-fernandez-se-despidio-por-cadena-nacional-no-logramos-superar-plenamente-la-herencia-que-recibimos\/#article","isPartOf":{"@id":"https:\/\/cvinoticias.com\/v3\/alberto-fernandez-se-despidio-por-cadena-nacional-no-logramos-superar-plenamente-la-herencia-que-recibimos\/"},"author":{"name":"f1000024","@id":"https:\/\/cvinoticias.com\/v3\/#\/schema\/person\/2db77e3c6bc03c538495d7b2b8be9b66"},"headline":"Alberto Fern\u00e1ndez se despidi\u00f3 por cadena nacional: \u00abNo logramos superar plenamente la herencia que recibimos\u00bb","datePublished":"2023-12-08T22:05:07+00:00","mainEntityOfPage":{"@id":"https:\/\/cvinoticias.com\/v3\/alberto-fernandez-se-despidio-por-cadena-nacional-no-logramos-superar-plenamente-la-herencia-que-recibimos\/"},"wordCount":531,"commentCount":0,"publisher":{"@id":"https:\/\/cvinoticias.com\/v3\/#organization"},"image":{"@id":"https:\/\/cvinoticias.com\/v3\/alberto-fernandez-se-despidio-por-cadena-nacional-no-logramos-superar-plenamente-la-herencia-que-recibimos\/#primaryimage"},"thumbnailUrl":"https:\/\/cvinoticias.com\/wp-content\/uploads\/2023\/12\/albert_is_over.jpg_529145118.jpg","articleSection":["Nacionales"],"inLanguage":"es","potentialAction":[{"@type":"CommentAction","name":"Comment","target":["https:\/\/cvinoticias.com\/v3\/alberto-fernandez-se-despidio-por-cadena-nacional-no-logramos-superar-plenamente-la-herencia-que-recibimos\/#respond"]}]},{"@type":"WebPage","@id":"https:\/\/cvinoticias.com\/v3\/alberto-fernandez-se-despidio-por-cadena-nacional-no-logramos-superar-plenamente-la-herencia-que-recibimos\/","url":"https:\/\/cvinoticias.com\/v3\/alberto-fernandez-se-despidio-por-cadena-nacional-no-logramos-superar-plenamente-la-herencia-que-recibimos\/","name":"Alberto Fern\u00e1ndez se despidi\u00f3 por cadena nacional: \"No logramos superar plenamente la herencia que recibimos\" | CVI NOTICIAS","isPartOf":{"@id":"https:\/\/cvinoticias.com\/v3\/#website"},"primaryImageOfPage":{"@id":"https:\/\/cvinoticias.com\/v3\/alberto-fernandez-se-despidio-por-cadena-nacional-no-logramos-superar-plenamente-la-herencia-que-recibimos\/#primaryimage"},"image":{"@id":"https:\/\/cvinoticias.com\/v3\/alberto-fernandez-se-despidio-por-cadena-nacional-no-logramos-superar-plenamente-la-herencia-que-recibimos\/#primaryimage"},"thumbnailUrl":"https:\/\/cvinoticias.com\/wp-content\/uploads\/2023\/12\/albert_is_over.jpg_529145118.jpg","datePublished":"2023-12-08T22:05:07+00:00","breadcrumb":{"@id":"https:\/\/cvinoticias.com\/v3\/alberto-fernandez-se-despidio-por-cadena-nacional-no-logramos-superar-plenamente-la-herencia-que-recibimos\/#breadcrumb"},"inLanguage":"es","potentialAction":[{"@type":"ReadAction","target":["https:\/\/cvinoticias.com\/v3\/alberto-fernandez-se-despidio-por-cadena-nacional-no-logramos-superar-plenamente-la-herencia-que-recibimos\/"]}]},{"@type":"ImageObject","inLanguage":"es","@id":"https:\/\/cvinoticias.com\/v3\/alberto-fernandez-se-despidio-por-cadena-nacional-no-logramos-superar-plenamente-la-herencia-que-recibimos\/#primaryimage","url":"https:\/\/cvinoticias.com\/wp-content\/uploads\/2023\/12\/albert_is_over.jpg_529145118.jpg","contentUrl":"https:\/\/cvinoticias.com\/wp-content\/uploads\/2023\/12\/albert_is_over.jpg_529145118.jpg","width":368,"height":207},{"@type":"BreadcrumbList","@id":"https:\/\/cvinoticias.com\/v3\/alberto-fernandez-se-despidio-por-cadena-nacional-no-logramos-superar-plenamente-la-herencia-que-recibimos\/#breadcrumb","itemListElement":[{"@type":"ListItem","position":1,"name":"Portada","item":"https:\/\/cvinoticias.com\/v3\/"},{"@type":"ListItem","position":2,"name":"Alberto Fern\u00e1ndez se despidi\u00f3 por cadena nacional: \u00abNo logramos superar plenamente la herencia que recibimos\u00bb"}]},{"@type":"WebSite","@id":"https:\/\/cvinoticias.com\/v3\/#website","url":"https:\/\/cvinoticias.com\/v3\/","name":"CVI NOTICIAS","description":"","publisher":{"@id":"https:\/\/cvinoticias.com\/v3\/#organization"},"alternateName":"CVI","potentialAction":[{"@type":"SearchAction","target":{"@type":"EntryPoint","urlTemplate":"https:\/\/cvinoticias.com\/v3\/?s={search_term_string}"},"query-input":{"@type":"PropertyValueSpecification","valueRequired":true,"valueName":"search_term_string"}}],"inLanguage":"es"},{"@type":"Organization","@id":"https:\/\/cvinoticias.com\/v3\/#organization","name":"CVI NOTICIAS","url":"https:\/\/cvinoticias.com\/v3\/","logo":{"@type":"ImageObject","inLanguage":"es","@id":"https:\/\/cvinoticias.com\/v3\/#\/schema\/logo\/image\/","url":"https:\/\/cvinoticias.com\/wp-content\/uploads\/2023\/04\/cropped-cropped-cropped-cropped-cropped-3-1.png","contentUrl":"https:\/\/cvinoticias.com\/wp-content\/uploads\/2023\/04\/cropped-cropped-cropped-cropped-cropped-3-1.png","width":95,"height":122,"caption":"CVI NOTICIAS"},"image":{"@id":"https:\/\/cvinoticias.com\/v3\/#\/schema\/logo\/image\/"},"sameAs":["https:\/\/www.facebook.com\/cvinoticias","https:\/\/www.instagram.com\/cvinoticias\/","https:\/\/www.youtube.com\/@CVINOTICIAS"]},{"@type":"Person","@id":"https:\/\/cvinoticias.com\/v3\/#\/schema\/person\/2db77e3c6bc03c538495d7b2b8be9b66","name":"f1000024","image":{"@type":"ImageObject","inLanguage":"es","@id":"https:\/\/secure.gravatar.com\/avatar\/d4fe7459cfc51ff5129ce1a732bbef5928568b8092d412ef95611616376bbeed?s=96&d=mm&r=g","url":"https:\/\/secure.gravatar.com\/avatar\/d4fe7459cfc51ff5129ce1a732bbef5928568b8092d412ef95611616376bbeed?s=96&d=mm&r=g","contentUrl":"https:\/\/secure.gravatar.com\/avatar\/d4fe7459cfc51ff5129ce1a732bbef5928568b8092d412ef95611616376bbeed?s=96&d=mm&r=g","caption":"f1000024"},"url":"https:\/\/cvinoticias.com\/v3\/author\/f1000024\/"}]}},"_links":{"self":[{"href":"https:\/\/cvinoticias.com\/v3\/wp-json\/wp\/v2\/posts\/30718","targetHints":{"allow":["GET"]}}],"collection":[{"href":"https:\/\/cvinoticias.com\/v3\/wp-json\/wp\/v2\/posts"}],"about":[{"href":"https:\/\/cvinoticias.com\/v3\/wp-json\/wp\/v2\/types\/post"}],"author":[{"embeddable":true,"href":"https:\/\/cvinoticias.com\/v3\/wp-json\/wp\/v2\/users\/2"}],"replies":[{"embeddable":true,"href":"https:\/\/cvinoticias.com\/v3\/wp-json\/wp\/v2\/comments?post=30718"}],"version-history":[{"count":1,"href":"https:\/\/cvinoticias.com\/v3\/wp-json\/wp\/v2\/posts\/30718\/revisions"}],"predecessor-version":[{"id":30720,"href":"https:\/\/cvinoticias.com\/v3\/wp-json\/wp\/v2\/posts\/30718\/revisions\/30720"}],"wp:featuredmedia":[{"embeddable":true,"href":"https:\/\/cvinoticias.com\/v3\/wp-json\/wp\/v2\/media\/30719"}],"wp:attachment":[{"href":"https:\/\/cvinoticias.com\/v3\/wp-json\/wp\/v2\/media?parent=30718"}],"wp:term":[{"taxonomy":"category","embeddable":true,"href":"https:\/\/cvinoticias.com\/v3\/wp-json\/wp\/v2\/categories?post=30718"},{"taxonomy":"post_tag","embeddable":true,"href":"https:\/\/cvinoticias.com\/v3\/wp-json\/wp\/v2\/tags?post=30718"}],"curies":[{"name":"wp","href":"https:\/\/api.w.org\/{rel}","templated":true}]}}