{"id":30715,"date":"2023-12-08T13:13:48","date_gmt":"2023-12-08T16:13:48","guid":{"rendered":"https:\/\/cvinoticias.com\/v3\/?p=30715"},"modified":"2023-12-08T13:13:48","modified_gmt":"2023-12-08T16:13:48","slug":"murio-ramon-ayala-el-creador-infinito-de-la-musica-del-litoral","status":"publish","type":"post","link":"https:\/\/cvinoticias.com\/v3\/murio-ramon-ayala-el-creador-infinito-de-la-musica-del-litoral\/","title":{"rendered":"Muri\u00f3 Ram\u00f3n Ayala, el creador infinito de la m\u00fasica del litoral"},"content":{"rendered":"\n<p><strong><em>Compositor, int\u00e9rprete, guitarrista, pintor y narrador de historias, el misionero forj\u00f3 una carrera en la que su voz fue portadora de tradiciones y denuncias sociales a trav\u00e9s de canciones como \u201cEl jangadero\u201d, \u00abEl mens\u00fa\u00bb o \u00abEl cosechero\u00bb.<\/em><\/strong><\/p>\n\n\n\n<p>El misionero Ram\u00f3n Ayala, creador original, exuberante y plebeyo, referencia por excelencia de la m\u00fasica litorale\u00f1a y ejemplo de una forma de acercamiento del hecho art\u00edstico inasible para los medios de comunicaci\u00f3n, falleci\u00f3 este jueves a los 96 a\u00f1os en la ciudad de Buenos Aires.<\/p>\n\n\n\n<p>Allegados al artista indicaron a T\u00e9lam que Ayala muri\u00f3 en el Sanatorio G\u00fcemes donde se encontraba internado y en delicado estado desde hace poco m\u00e1s de 10 d\u00edas a causa del agravamiento de un cuadro de neumon\u00eda.<\/p>\n\n\n\n<p>Su nombre real era Ram\u00f3n Gumercindo Cidade y sus oficios m\u00faltiples: compositor, int\u00e9rprete, guitarrista, pintor, narrador de historias; todos ejercidos sin detenerse en la barrera de la exageraci\u00f3n. Su acta de nacimiento est\u00e1 fechada el 10 de marzo de 1927, en Garup\u00e1.<\/p>\n\n\n\n<p>M\u00fasico intuitivo y genial, se atribuye ser el creador de un ritmo, el gualambao, y es el compositor de canciones de envidiable belleza, a la vez portadoras de una voz de denuncia social: \u201cEl jangadero\u201d, \u00abEl mens\u00fa\u00bb, \u00abEl cosechero\u00bb, \u00abCanto al R\u00edo Uruguay\u00bb, entre tantas.<\/p>\n\n\n\n<p>M\u00e1s all\u00e1 de los datos biogr\u00e1ficos duros sobresalen al menos dos m\u00e9ritos: en un ambiente folcl\u00f3rico en el que irrumpieron en un momento Los Chalchaleros, Los Fronterizos, y tantas formaciones copiadas en espejo hasta el hartazgo, Ayala trabaj\u00f3 en otra l\u00ednea, m\u00e1s cuidadosa. As\u00ed como en Salta y Tucum\u00e1n se levantaron Eduardo Fal\u00fa o el D\u00fao Salte\u00f1o, en el litoral, Ayala, forj\u00f3 su propia tradici\u00f3n.<\/p>\n\n\n\n<p>Habr\u00e1 que computarle, adem\u00e1s, que irrumpi\u00f3 en una escena dominada, en el litoral, por la m\u00fasica correntina y all\u00ed tambi\u00e9n se las arregl\u00f3 para construir un camino propio.<\/p>\n\n\n\n<p>Naci\u00f3 en 1927 en el pueblo de Garup\u00e1, a 15 kil\u00f3metros al sureste de Posadas, frente al r\u00edo Paran\u00e1, y en la frontera con Paraguay. Fue el mayor de cinco hermanos.<\/p>\n\n\n\n<p>En la adolescencia, tras la muerte de su padre, se traslad\u00f3 a Buenos Aires, con su madre y se inici\u00f3, de manera intuitiva, en el aprendizaje de la guitarra.<\/p>\n","protected":false},"excerpt":{"rendered":"<p>Compositor, int\u00e9rprete, guitarrista, pintor y narrador de historias, el misionero forj\u00f3 una carrera en la que su voz fue portadora de tradiciones y denuncias sociales a trav\u00e9s de canciones como \u201cEl jangadero\u201d, \u00abEl mens\u00fa\u00bb o \u00abEl cosechero\u00bb. El misionero Ram\u00f3n Ayala, creador original, exuberante y plebeyo, referencia por excelencia de la m\u00fasica litorale\u00f1a y ejemplo [&hellip;]<\/p>\n","protected":false},"author":2,"featured_media":30716,"comment_status":"open","ping_status":"open","sticky":false,"template":"","format":"standard","meta":{"footnotes":""},"categories":[35],"tags":[],"class_list":["post-30715","post","type-post","status-publish","format-standard","has-post-thumbnail","hentry","category-informacion-general"],"yoast_head":"<!-- This site is optimized with the Yoast SEO plugin v27.4 - https:\/\/yoast.com\/product\/yoast-seo-wordpress\/ -->\n<title>Muri\u00f3 Ram\u00f3n Ayala, el creador infinito de la m\u00fasica del litoral | CVI NOTICIAS<\/title>\n<meta name=\"robots\" content=\"index, follow, max-snippet:-1, max-image-preview:large, max-video-preview:-1\" \/>\n<link rel=\"canonical\" href=\"https:\/\/cvinoticias.com\/v3\/murio-ramon-ayala-el-creador-infinito-de-la-musica-del-litoral\/\" \/>\n<meta property=\"og:locale\" content=\"es_ES\" \/>\n<meta property=\"og:type\" content=\"article\" \/>\n<meta property=\"og:title\" content=\"Muri\u00f3 Ram\u00f3n Ayala, el creador infinito de la m\u00fasica del litoral | CVI NOTICIAS\" \/>\n<meta property=\"og:description\" content=\"Compositor, int\u00e9rprete, guitarrista, pintor y narrador de historias, el misionero forj\u00f3 una carrera en la que su voz fue portadora de tradiciones y denuncias sociales a trav\u00e9s de canciones como \u201cEl jangadero\u201d, \u00abEl mens\u00fa\u00bb o \u00abEl cosechero\u00bb. El misionero Ram\u00f3n Ayala, creador original, exuberante y plebeyo, referencia por excelencia de la m\u00fasica litorale\u00f1a y ejemplo [&hellip;]\" \/>\n<meta property=\"og:url\" content=\"https:\/\/cvinoticias.com\/v3\/murio-ramon-ayala-el-creador-infinito-de-la-musica-del-litoral\/\" \/>\n<meta property=\"og:site_name\" content=\"CVI NOTICIAS\" \/>\n<meta property=\"article:publisher\" content=\"https:\/\/www.facebook.com\/cvinoticias\" \/>\n<meta property=\"article:published_time\" content=\"2023-12-08T16:13:48+00:00\" \/>\n<meta property=\"og:image\" content=\"https:\/\/cvinoticias.com\/wp-content\/uploads\/2023\/12\/Ramon-Ayala.jpg\" \/>\n\t<meta property=\"og:image:width\" content=\"1200\" \/>\n\t<meta property=\"og:image:height\" content=\"675\" \/>\n\t<meta property=\"og:image:type\" content=\"image\/jpeg\" \/>\n<meta name=\"author\" content=\"f1000024\" \/>\n<meta name=\"twitter:card\" content=\"summary_large_image\" \/>\n<meta name=\"twitter:label1\" content=\"Escrito por\" \/>\n\t<meta name=\"twitter:data1\" content=\"f1000024\" \/>\n\t<meta name=\"twitter:label2\" content=\"Tiempo de lectura\" \/>\n\t<meta name=\"twitter:data2\" content=\"2 minutos\" \/>\n<script type=\"application\/ld+json\" class=\"yoast-schema-graph\">{\"@context\":\"https:\\\/\\\/schema.org\",\"@graph\":[{\"@type\":\"Article\",\"@id\":\"https:\\\/\\\/cvinoticias.com\\\/v3\\\/murio-ramon-ayala-el-creador-infinito-de-la-musica-del-litoral\\\/#article\",\"isPartOf\":{\"@id\":\"https:\\\/\\\/cvinoticias.com\\\/v3\\\/murio-ramon-ayala-el-creador-infinito-de-la-musica-del-litoral\\\/\"},\"author\":{\"name\":\"f1000024\",\"@id\":\"https:\\\/\\\/cvinoticias.com\\\/v3\\\/#\\\/schema\\\/person\\\/2db77e3c6bc03c538495d7b2b8be9b66\"},\"headline\":\"Muri\u00f3 Ram\u00f3n Ayala, el creador infinito de la m\u00fasica del litoral\",\"datePublished\":\"2023-12-08T16:13:48+00:00\",\"mainEntityOfPage\":{\"@id\":\"https:\\\/\\\/cvinoticias.com\\\/v3\\\/murio-ramon-ayala-el-creador-infinito-de-la-musica-del-litoral\\\/\"},\"wordCount\":400,\"commentCount\":0,\"publisher\":{\"@id\":\"https:\\\/\\\/cvinoticias.com\\\/v3\\\/#organization\"},\"image\":{\"@id\":\"https:\\\/\\\/cvinoticias.com\\\/v3\\\/murio-ramon-ayala-el-creador-infinito-de-la-musica-del-litoral\\\/#primaryimage\"},\"thumbnailUrl\":\"https:\\\/\\\/cvinoticias.com\\\/wp-content\\\/uploads\\\/2023\\\/12\\\/Ramon-Ayala.jpg\",\"articleSection\":[\"Informaci\u00f3n General\"],\"inLanguage\":\"es\",\"potentialAction\":[{\"@type\":\"CommentAction\",\"name\":\"Comment\",\"target\":[\"https:\\\/\\\/cvinoticias.com\\\/v3\\\/murio-ramon-ayala-el-creador-infinito-de-la-musica-del-litoral\\\/#respond\"]}]},{\"@type\":\"WebPage\",\"@id\":\"https:\\\/\\\/cvinoticias.com\\\/v3\\\/murio-ramon-ayala-el-creador-infinito-de-la-musica-del-litoral\\\/\",\"url\":\"https:\\\/\\\/cvinoticias.com\\\/v3\\\/murio-ramon-ayala-el-creador-infinito-de-la-musica-del-litoral\\\/\",\"name\":\"Muri\u00f3 Ram\u00f3n Ayala, el creador infinito de la m\u00fasica del litoral | CVI NOTICIAS\",\"isPartOf\":{\"@id\":\"https:\\\/\\\/cvinoticias.com\\\/v3\\\/#website\"},\"primaryImageOfPage\":{\"@id\":\"https:\\\/\\\/cvinoticias.com\\\/v3\\\/murio-ramon-ayala-el-creador-infinito-de-la-musica-del-litoral\\\/#primaryimage\"},\"image\":{\"@id\":\"https:\\\/\\\/cvinoticias.com\\\/v3\\\/murio-ramon-ayala-el-creador-infinito-de-la-musica-del-litoral\\\/#primaryimage\"},\"thumbnailUrl\":\"https:\\\/\\\/cvinoticias.com\\\/wp-content\\\/uploads\\\/2023\\\/12\\\/Ramon-Ayala.jpg\",\"datePublished\":\"2023-12-08T16:13:48+00:00\",\"breadcrumb\":{\"@id\":\"https:\\\/\\\/cvinoticias.com\\\/v3\\\/murio-ramon-ayala-el-creador-infinito-de-la-musica-del-litoral\\\/#breadcrumb\"},\"inLanguage\":\"es\",\"potentialAction\":[{\"@type\":\"ReadAction\",\"target\":[\"https:\\\/\\\/cvinoticias.com\\\/v3\\\/murio-ramon-ayala-el-creador-infinito-de-la-musica-del-litoral\\\/\"]}]},{\"@type\":\"ImageObject\",\"inLanguage\":\"es\",\"@id\":\"https:\\\/\\\/cvinoticias.com\\\/v3\\\/murio-ramon-ayala-el-creador-infinito-de-la-musica-del-litoral\\\/#primaryimage\",\"url\":\"https:\\\/\\\/cvinoticias.com\\\/wp-content\\\/uploads\\\/2023\\\/12\\\/Ramon-Ayala.jpg\",\"contentUrl\":\"https:\\\/\\\/cvinoticias.com\\\/wp-content\\\/uploads\\\/2023\\\/12\\\/Ramon-Ayala.jpg\",\"width\":1200,\"height\":675},{\"@type\":\"BreadcrumbList\",\"@id\":\"https:\\\/\\\/cvinoticias.com\\\/v3\\\/murio-ramon-ayala-el-creador-infinito-de-la-musica-del-litoral\\\/#breadcrumb\",\"itemListElement\":[{\"@type\":\"ListItem\",\"position\":1,\"name\":\"Portada\",\"item\":\"https:\\\/\\\/cvinoticias.com\\\/v3\\\/\"},{\"@type\":\"ListItem\",\"position\":2,\"name\":\"Muri\u00f3 Ram\u00f3n Ayala, el creador infinito de la m\u00fasica del litoral\"}]},{\"@type\":\"WebSite\",\"@id\":\"https:\\\/\\\/cvinoticias.com\\\/v3\\\/#website\",\"url\":\"https:\\\/\\\/cvinoticias.com\\\/v3\\\/\",\"name\":\"CVI NOTICIAS\",\"description\":\"\",\"publisher\":{\"@id\":\"https:\\\/\\\/cvinoticias.com\\\/v3\\\/#organization\"},\"alternateName\":\"CVI\",\"potentialAction\":[{\"@type\":\"SearchAction\",\"target\":{\"@type\":\"EntryPoint\",\"urlTemplate\":\"https:\\\/\\\/cvinoticias.com\\\/v3\\\/?s={search_term_string}\"},\"query-input\":{\"@type\":\"PropertyValueSpecification\",\"valueRequired\":true,\"valueName\":\"search_term_string\"}}],\"inLanguage\":\"es\"},{\"@type\":\"Organization\",\"@id\":\"https:\\\/\\\/cvinoticias.com\\\/v3\\\/#organization\",\"name\":\"CVI NOTICIAS\",\"url\":\"https:\\\/\\\/cvinoticias.com\\\/v3\\\/\",\"logo\":{\"@type\":\"ImageObject\",\"inLanguage\":\"es\",\"@id\":\"https:\\\/\\\/cvinoticias.com\\\/v3\\\/#\\\/schema\\\/logo\\\/image\\\/\",\"url\":\"https:\\\/\\\/cvinoticias.com\\\/wp-content\\\/uploads\\\/2023\\\/04\\\/cropped-cropped-cropped-cropped-cropped-3-1.png\",\"contentUrl\":\"https:\\\/\\\/cvinoticias.com\\\/wp-content\\\/uploads\\\/2023\\\/04\\\/cropped-cropped-cropped-cropped-cropped-3-1.png\",\"width\":95,\"height\":122,\"caption\":\"CVI NOTICIAS\"},\"image\":{\"@id\":\"https:\\\/\\\/cvinoticias.com\\\/v3\\\/#\\\/schema\\\/logo\\\/image\\\/\"},\"sameAs\":[\"https:\\\/\\\/www.facebook.com\\\/cvinoticias\",\"https:\\\/\\\/www.instagram.com\\\/cvinoticias\\\/\",\"https:\\\/\\\/www.youtube.com\\\/@CVINOTICIAS\"]},{\"@type\":\"Person\",\"@id\":\"https:\\\/\\\/cvinoticias.com\\\/v3\\\/#\\\/schema\\\/person\\\/2db77e3c6bc03c538495d7b2b8be9b66\",\"name\":\"f1000024\",\"image\":{\"@type\":\"ImageObject\",\"inLanguage\":\"es\",\"@id\":\"https:\\\/\\\/secure.gravatar.com\\\/avatar\\\/d4fe7459cfc51ff5129ce1a732bbef5928568b8092d412ef95611616376bbeed?s=96&d=mm&r=g\",\"url\":\"https:\\\/\\\/secure.gravatar.com\\\/avatar\\\/d4fe7459cfc51ff5129ce1a732bbef5928568b8092d412ef95611616376bbeed?s=96&d=mm&r=g\",\"contentUrl\":\"https:\\\/\\\/secure.gravatar.com\\\/avatar\\\/d4fe7459cfc51ff5129ce1a732bbef5928568b8092d412ef95611616376bbeed?s=96&d=mm&r=g\",\"caption\":\"f1000024\"},\"url\":\"https:\\\/\\\/cvinoticias.com\\\/v3\\\/author\\\/f1000024\\\/\"}]}<\/script>\n<!-- \/ Yoast SEO plugin. -->","yoast_head_json":{"title":"Muri\u00f3 Ram\u00f3n Ayala, el creador infinito de la m\u00fasica del litoral | CVI NOTICIAS","robots":{"index":"index","follow":"follow","max-snippet":"max-snippet:-1","max-image-preview":"max-image-preview:large","max-video-preview":"max-video-preview:-1"},"canonical":"https:\/\/cvinoticias.com\/v3\/murio-ramon-ayala-el-creador-infinito-de-la-musica-del-litoral\/","og_locale":"es_ES","og_type":"article","og_title":"Muri\u00f3 Ram\u00f3n Ayala, el creador infinito de la m\u00fasica del litoral | CVI NOTICIAS","og_description":"Compositor, int\u00e9rprete, guitarrista, pintor y narrador de historias, el misionero forj\u00f3 una carrera en la que su voz fue portadora de tradiciones y denuncias sociales a trav\u00e9s de canciones como \u201cEl jangadero\u201d, \u00abEl mens\u00fa\u00bb o \u00abEl cosechero\u00bb. El misionero Ram\u00f3n Ayala, creador original, exuberante y plebeyo, referencia por excelencia de la m\u00fasica litorale\u00f1a y ejemplo [&hellip;]","og_url":"https:\/\/cvinoticias.com\/v3\/murio-ramon-ayala-el-creador-infinito-de-la-musica-del-litoral\/","og_site_name":"CVI NOTICIAS","article_publisher":"https:\/\/www.facebook.com\/cvinoticias","article_published_time":"2023-12-08T16:13:48+00:00","og_image":[{"width":1200,"height":675,"url":"https:\/\/cvinoticias.com\/wp-content\/uploads\/2023\/12\/Ramon-Ayala.jpg","type":"image\/jpeg"}],"author":"f1000024","twitter_card":"summary_large_image","twitter_misc":{"Escrito por":"f1000024","Tiempo de lectura":"2 minutos"},"schema":{"@context":"https:\/\/schema.org","@graph":[{"@type":"Article","@id":"https:\/\/cvinoticias.com\/v3\/murio-ramon-ayala-el-creador-infinito-de-la-musica-del-litoral\/#article","isPartOf":{"@id":"https:\/\/cvinoticias.com\/v3\/murio-ramon-ayala-el-creador-infinito-de-la-musica-del-litoral\/"},"author":{"name":"f1000024","@id":"https:\/\/cvinoticias.com\/v3\/#\/schema\/person\/2db77e3c6bc03c538495d7b2b8be9b66"},"headline":"Muri\u00f3 Ram\u00f3n Ayala, el creador infinito de la m\u00fasica del litoral","datePublished":"2023-12-08T16:13:48+00:00","mainEntityOfPage":{"@id":"https:\/\/cvinoticias.com\/v3\/murio-ramon-ayala-el-creador-infinito-de-la-musica-del-litoral\/"},"wordCount":400,"commentCount":0,"publisher":{"@id":"https:\/\/cvinoticias.com\/v3\/#organization"},"image":{"@id":"https:\/\/cvinoticias.com\/v3\/murio-ramon-ayala-el-creador-infinito-de-la-musica-del-litoral\/#primaryimage"},"thumbnailUrl":"https:\/\/cvinoticias.com\/wp-content\/uploads\/2023\/12\/Ramon-Ayala.jpg","articleSection":["Informaci\u00f3n General"],"inLanguage":"es","potentialAction":[{"@type":"CommentAction","name":"Comment","target":["https:\/\/cvinoticias.com\/v3\/murio-ramon-ayala-el-creador-infinito-de-la-musica-del-litoral\/#respond"]}]},{"@type":"WebPage","@id":"https:\/\/cvinoticias.com\/v3\/murio-ramon-ayala-el-creador-infinito-de-la-musica-del-litoral\/","url":"https:\/\/cvinoticias.com\/v3\/murio-ramon-ayala-el-creador-infinito-de-la-musica-del-litoral\/","name":"Muri\u00f3 Ram\u00f3n Ayala, el creador infinito de la m\u00fasica del litoral | CVI NOTICIAS","isPartOf":{"@id":"https:\/\/cvinoticias.com\/v3\/#website"},"primaryImageOfPage":{"@id":"https:\/\/cvinoticias.com\/v3\/murio-ramon-ayala-el-creador-infinito-de-la-musica-del-litoral\/#primaryimage"},"image":{"@id":"https:\/\/cvinoticias.com\/v3\/murio-ramon-ayala-el-creador-infinito-de-la-musica-del-litoral\/#primaryimage"},"thumbnailUrl":"https:\/\/cvinoticias.com\/wp-content\/uploads\/2023\/12\/Ramon-Ayala.jpg","datePublished":"2023-12-08T16:13:48+00:00","breadcrumb":{"@id":"https:\/\/cvinoticias.com\/v3\/murio-ramon-ayala-el-creador-infinito-de-la-musica-del-litoral\/#breadcrumb"},"inLanguage":"es","potentialAction":[{"@type":"ReadAction","target":["https:\/\/cvinoticias.com\/v3\/murio-ramon-ayala-el-creador-infinito-de-la-musica-del-litoral\/"]}]},{"@type":"ImageObject","inLanguage":"es","@id":"https:\/\/cvinoticias.com\/v3\/murio-ramon-ayala-el-creador-infinito-de-la-musica-del-litoral\/#primaryimage","url":"https:\/\/cvinoticias.com\/wp-content\/uploads\/2023\/12\/Ramon-Ayala.jpg","contentUrl":"https:\/\/cvinoticias.com\/wp-content\/uploads\/2023\/12\/Ramon-Ayala.jpg","width":1200,"height":675},{"@type":"BreadcrumbList","@id":"https:\/\/cvinoticias.com\/v3\/murio-ramon-ayala-el-creador-infinito-de-la-musica-del-litoral\/#breadcrumb","itemListElement":[{"@type":"ListItem","position":1,"name":"Portada","item":"https:\/\/cvinoticias.com\/v3\/"},{"@type":"ListItem","position":2,"name":"Muri\u00f3 Ram\u00f3n Ayala, el creador infinito de la m\u00fasica del litoral"}]},{"@type":"WebSite","@id":"https:\/\/cvinoticias.com\/v3\/#website","url":"https:\/\/cvinoticias.com\/v3\/","name":"CVI NOTICIAS","description":"","publisher":{"@id":"https:\/\/cvinoticias.com\/v3\/#organization"},"alternateName":"CVI","potentialAction":[{"@type":"SearchAction","target":{"@type":"EntryPoint","urlTemplate":"https:\/\/cvinoticias.com\/v3\/?s={search_term_string}"},"query-input":{"@type":"PropertyValueSpecification","valueRequired":true,"valueName":"search_term_string"}}],"inLanguage":"es"},{"@type":"Organization","@id":"https:\/\/cvinoticias.com\/v3\/#organization","name":"CVI NOTICIAS","url":"https:\/\/cvinoticias.com\/v3\/","logo":{"@type":"ImageObject","inLanguage":"es","@id":"https:\/\/cvinoticias.com\/v3\/#\/schema\/logo\/image\/","url":"https:\/\/cvinoticias.com\/wp-content\/uploads\/2023\/04\/cropped-cropped-cropped-cropped-cropped-3-1.png","contentUrl":"https:\/\/cvinoticias.com\/wp-content\/uploads\/2023\/04\/cropped-cropped-cropped-cropped-cropped-3-1.png","width":95,"height":122,"caption":"CVI NOTICIAS"},"image":{"@id":"https:\/\/cvinoticias.com\/v3\/#\/schema\/logo\/image\/"},"sameAs":["https:\/\/www.facebook.com\/cvinoticias","https:\/\/www.instagram.com\/cvinoticias\/","https:\/\/www.youtube.com\/@CVINOTICIAS"]},{"@type":"Person","@id":"https:\/\/cvinoticias.com\/v3\/#\/schema\/person\/2db77e3c6bc03c538495d7b2b8be9b66","name":"f1000024","image":{"@type":"ImageObject","inLanguage":"es","@id":"https:\/\/secure.gravatar.com\/avatar\/d4fe7459cfc51ff5129ce1a732bbef5928568b8092d412ef95611616376bbeed?s=96&d=mm&r=g","url":"https:\/\/secure.gravatar.com\/avatar\/d4fe7459cfc51ff5129ce1a732bbef5928568b8092d412ef95611616376bbeed?s=96&d=mm&r=g","contentUrl":"https:\/\/secure.gravatar.com\/avatar\/d4fe7459cfc51ff5129ce1a732bbef5928568b8092d412ef95611616376bbeed?s=96&d=mm&r=g","caption":"f1000024"},"url":"https:\/\/cvinoticias.com\/v3\/author\/f1000024\/"}]}},"_links":{"self":[{"href":"https:\/\/cvinoticias.com\/v3\/wp-json\/wp\/v2\/posts\/30715","targetHints":{"allow":["GET"]}}],"collection":[{"href":"https:\/\/cvinoticias.com\/v3\/wp-json\/wp\/v2\/posts"}],"about":[{"href":"https:\/\/cvinoticias.com\/v3\/wp-json\/wp\/v2\/types\/post"}],"author":[{"embeddable":true,"href":"https:\/\/cvinoticias.com\/v3\/wp-json\/wp\/v2\/users\/2"}],"replies":[{"embeddable":true,"href":"https:\/\/cvinoticias.com\/v3\/wp-json\/wp\/v2\/comments?post=30715"}],"version-history":[{"count":1,"href":"https:\/\/cvinoticias.com\/v3\/wp-json\/wp\/v2\/posts\/30715\/revisions"}],"predecessor-version":[{"id":30717,"href":"https:\/\/cvinoticias.com\/v3\/wp-json\/wp\/v2\/posts\/30715\/revisions\/30717"}],"wp:featuredmedia":[{"embeddable":true,"href":"https:\/\/cvinoticias.com\/v3\/wp-json\/wp\/v2\/media\/30716"}],"wp:attachment":[{"href":"https:\/\/cvinoticias.com\/v3\/wp-json\/wp\/v2\/media?parent=30715"}],"wp:term":[{"taxonomy":"category","embeddable":true,"href":"https:\/\/cvinoticias.com\/v3\/wp-json\/wp\/v2\/categories?post=30715"},{"taxonomy":"post_tag","embeddable":true,"href":"https:\/\/cvinoticias.com\/v3\/wp-json\/wp\/v2\/tags?post=30715"}],"curies":[{"name":"wp","href":"https:\/\/api.w.org\/{rel}","templated":true}]}}