{"id":30698,"date":"2023-12-08T11:57:54","date_gmt":"2023-12-08T14:57:54","guid":{"rendered":"https:\/\/cvinoticias.com\/v3\/?p=30698"},"modified":"2023-12-08T11:57:54","modified_gmt":"2023-12-08T14:57:54","slug":"hoy-es-el-dia-de-la-virgen-inmaculada-concepcion","status":"publish","type":"post","link":"https:\/\/cvinoticias.com\/v3\/hoy-es-el-dia-de-la-virgen-inmaculada-concepcion\/","title":{"rendered":"Hoy es el D\u00eda de la Virgen Inmaculada Concepci\u00f3n"},"content":{"rendered":"\n<p><strong><em>El 8 de diciembre se conmemora el d\u00eda de la Inmaculada Concepci\u00f3n de la Virgen Mar\u00eda, una celebraci\u00f3n de la comunidad cat\u00f3lica y se declar\u00f3 como feriado nacional ya que es la religi\u00f3n oficial de la Rep\u00fablica Argentina.<\/em><\/strong><\/p>\n\n\n\n<p>Esta festividad de la Inmaculada Concepci\u00f3n que se celebra hoy, es una de las festividades marianas m\u00e1s importantes en la tradici\u00f3n cat\u00f3lica. Durante la celebraci\u00f3n de las velitas, se realizan diversas actividades religiosas, como procesiones, novenas y actos de devoci\u00f3n en honor a la Virgen Mar\u00eda.<\/p>\n\n\n\n<p>La celebraci\u00f3n nace a mediados del siglo XIX y tuvo lugar por primera vez en Espa\u00f1a en el a\u00f1o 1644 como recordatorio de la batalla de Empel. Sin embargo, fue declarado d\u00eda festivo reci\u00e9n en 1854. En aquel a\u00f1o, el Papa P\u00edo IX declar\u00f3 el dogma de la concepci\u00f3n de la Virgen Mar\u00eda, a trav\u00e9s de una carta apost\u00f3lica y formaliz\u00f3 la efem\u00e9ride.<\/p>\n\n\n\n<p><strong>\u00bfQu\u00e9 es la Inmaculada Concepci\u00f3n de Mar\u00eda?<\/strong><\/p>\n\n\n\n<p>La doctrina de la Iglesia sostiene que Mar\u00eda fue liberada del pecado por obra de su Hijo. La Inmaculada Concepci\u00f3n hace referencia a que fue guardada de la mancha del pecado original desde el instante mismo de su concepci\u00f3n.<\/p>\n\n\n\n<p>\u00abEl nacimiento virginal hace alusi\u00f3n a que Jes\u00fas fue concebido y naci\u00f3 no de la carne sino del Esp\u00edritu Santo\u00bb, explican desde el catecismo cat\u00f3lico. Para que Mar\u00eda sea la Madre del Salvador debi\u00f3 ser \u00abdotada por Dios con dones a la medida de una misi\u00f3n tan importante\u00bb.<\/p>\n\n\n\n<p>En el instante de la anunciaci\u00f3n, el \u00e1ngel Gabriel la saluda como \u00abllena de gracia\u00bb. Por ende, para poder llevar a cabo el \u00abasentimiento libre de su fe al anuncio de su vocaci\u00f3n\u00bb era necesario que ella estuviera totalmente conducida por la gracia de Dios.<\/p>\n\n\n\n<p>As\u00ed, a lo largo de los siglos, la Iglesia lleg\u00f3 a comprender que Mar\u00eda, favorecida con la gracia divina, fue liberada del pecado desde el momento mismo de su concepci\u00f3n.<\/p>\n","protected":false},"excerpt":{"rendered":"<p>El 8 de diciembre se conmemora el d\u00eda de la Inmaculada Concepci\u00f3n de la Virgen Mar\u00eda, una celebraci\u00f3n de la comunidad cat\u00f3lica y se declar\u00f3 como feriado nacional ya que es la religi\u00f3n oficial de la Rep\u00fablica Argentina. Esta festividad de la Inmaculada Concepci\u00f3n que se celebra hoy, es una de las festividades marianas m\u00e1s [&hellip;]<\/p>\n","protected":false},"author":2,"featured_media":30699,"comment_status":"open","ping_status":"open","sticky":false,"template":"","format":"standard","meta":{"footnotes":""},"categories":[44],"tags":[],"class_list":["post-30698","post","type-post","status-publish","format-standard","has-post-thumbnail","hentry","category-religion"],"yoast_head":"<!-- This site is optimized with the Yoast SEO plugin v27.4 - https:\/\/yoast.com\/product\/yoast-seo-wordpress\/ -->\n<title>Hoy es el D\u00eda de la Virgen Inmaculada Concepci\u00f3n | CVI NOTICIAS<\/title>\n<meta name=\"robots\" content=\"index, follow, max-snippet:-1, max-image-preview:large, max-video-preview:-1\" \/>\n<link rel=\"canonical\" href=\"https:\/\/cvinoticias.com\/v3\/hoy-es-el-dia-de-la-virgen-inmaculada-concepcion\/\" \/>\n<meta property=\"og:locale\" content=\"es_ES\" \/>\n<meta property=\"og:type\" content=\"article\" \/>\n<meta property=\"og:title\" content=\"Hoy es el D\u00eda de la Virgen Inmaculada Concepci\u00f3n | CVI NOTICIAS\" \/>\n<meta property=\"og:description\" content=\"El 8 de diciembre se conmemora el d\u00eda de la Inmaculada Concepci\u00f3n de la Virgen Mar\u00eda, una celebraci\u00f3n de la comunidad cat\u00f3lica y se declar\u00f3 como feriado nacional ya que es la religi\u00f3n oficial de la Rep\u00fablica Argentina. Esta festividad de la Inmaculada Concepci\u00f3n que se celebra hoy, es una de las festividades marianas m\u00e1s [&hellip;]\" \/>\n<meta property=\"og:url\" content=\"https:\/\/cvinoticias.com\/v3\/hoy-es-el-dia-de-la-virgen-inmaculada-concepcion\/\" \/>\n<meta property=\"og:site_name\" content=\"CVI NOTICIAS\" \/>\n<meta property=\"article:publisher\" content=\"https:\/\/www.facebook.com\/cvinoticias\" \/>\n<meta property=\"article:published_time\" content=\"2023-12-08T14:57:54+00:00\" \/>\n<meta property=\"og:image\" content=\"https:\/\/cvinoticias.com\/wp-content\/uploads\/2023\/12\/FB_IMG_1702041374686.jpg\" \/>\n\t<meta property=\"og:image:width\" content=\"960\" \/>\n\t<meta property=\"og:image:height\" content=\"1280\" \/>\n\t<meta property=\"og:image:type\" content=\"image\/jpeg\" \/>\n<meta name=\"author\" content=\"f1000024\" \/>\n<meta name=\"twitter:card\" content=\"summary_large_image\" \/>\n<meta name=\"twitter:label1\" content=\"Escrito por\" \/>\n\t<meta name=\"twitter:data1\" content=\"f1000024\" \/>\n\t<meta name=\"twitter:label2\" content=\"Tiempo de lectura\" \/>\n\t<meta name=\"twitter:data2\" content=\"2 minutos\" \/>\n<script type=\"application\/ld+json\" class=\"yoast-schema-graph\">{\"@context\":\"https:\\\/\\\/schema.org\",\"@graph\":[{\"@type\":\"Article\",\"@id\":\"https:\\\/\\\/cvinoticias.com\\\/v3\\\/hoy-es-el-dia-de-la-virgen-inmaculada-concepcion\\\/#article\",\"isPartOf\":{\"@id\":\"https:\\\/\\\/cvinoticias.com\\\/v3\\\/hoy-es-el-dia-de-la-virgen-inmaculada-concepcion\\\/\"},\"author\":{\"name\":\"f1000024\",\"@id\":\"https:\\\/\\\/cvinoticias.com\\\/v3\\\/#\\\/schema\\\/person\\\/2db77e3c6bc03c538495d7b2b8be9b66\"},\"headline\":\"Hoy es el D\u00eda de la Virgen Inmaculada Concepci\u00f3n\",\"datePublished\":\"2023-12-08T14:57:54+00:00\",\"mainEntityOfPage\":{\"@id\":\"https:\\\/\\\/cvinoticias.com\\\/v3\\\/hoy-es-el-dia-de-la-virgen-inmaculada-concepcion\\\/\"},\"wordCount\":365,\"commentCount\":0,\"publisher\":{\"@id\":\"https:\\\/\\\/cvinoticias.com\\\/v3\\\/#organization\"},\"image\":{\"@id\":\"https:\\\/\\\/cvinoticias.com\\\/v3\\\/hoy-es-el-dia-de-la-virgen-inmaculada-concepcion\\\/#primaryimage\"},\"thumbnailUrl\":\"https:\\\/\\\/cvinoticias.com\\\/wp-content\\\/uploads\\\/2023\\\/12\\\/FB_IMG_1702041374686.jpg\",\"articleSection\":[\"Religi\u00f3n\"],\"inLanguage\":\"es\",\"potentialAction\":[{\"@type\":\"CommentAction\",\"name\":\"Comment\",\"target\":[\"https:\\\/\\\/cvinoticias.com\\\/v3\\\/hoy-es-el-dia-de-la-virgen-inmaculada-concepcion\\\/#respond\"]}]},{\"@type\":\"WebPage\",\"@id\":\"https:\\\/\\\/cvinoticias.com\\\/v3\\\/hoy-es-el-dia-de-la-virgen-inmaculada-concepcion\\\/\",\"url\":\"https:\\\/\\\/cvinoticias.com\\\/v3\\\/hoy-es-el-dia-de-la-virgen-inmaculada-concepcion\\\/\",\"name\":\"Hoy es el D\u00eda de la Virgen Inmaculada Concepci\u00f3n | CVI NOTICIAS\",\"isPartOf\":{\"@id\":\"https:\\\/\\\/cvinoticias.com\\\/v3\\\/#website\"},\"primaryImageOfPage\":{\"@id\":\"https:\\\/\\\/cvinoticias.com\\\/v3\\\/hoy-es-el-dia-de-la-virgen-inmaculada-concepcion\\\/#primaryimage\"},\"image\":{\"@id\":\"https:\\\/\\\/cvinoticias.com\\\/v3\\\/hoy-es-el-dia-de-la-virgen-inmaculada-concepcion\\\/#primaryimage\"},\"thumbnailUrl\":\"https:\\\/\\\/cvinoticias.com\\\/wp-content\\\/uploads\\\/2023\\\/12\\\/FB_IMG_1702041374686.jpg\",\"datePublished\":\"2023-12-08T14:57:54+00:00\",\"breadcrumb\":{\"@id\":\"https:\\\/\\\/cvinoticias.com\\\/v3\\\/hoy-es-el-dia-de-la-virgen-inmaculada-concepcion\\\/#breadcrumb\"},\"inLanguage\":\"es\",\"potentialAction\":[{\"@type\":\"ReadAction\",\"target\":[\"https:\\\/\\\/cvinoticias.com\\\/v3\\\/hoy-es-el-dia-de-la-virgen-inmaculada-concepcion\\\/\"]}]},{\"@type\":\"ImageObject\",\"inLanguage\":\"es\",\"@id\":\"https:\\\/\\\/cvinoticias.com\\\/v3\\\/hoy-es-el-dia-de-la-virgen-inmaculada-concepcion\\\/#primaryimage\",\"url\":\"https:\\\/\\\/cvinoticias.com\\\/wp-content\\\/uploads\\\/2023\\\/12\\\/FB_IMG_1702041374686.jpg\",\"contentUrl\":\"https:\\\/\\\/cvinoticias.com\\\/wp-content\\\/uploads\\\/2023\\\/12\\\/FB_IMG_1702041374686.jpg\",\"width\":960,\"height\":1280},{\"@type\":\"BreadcrumbList\",\"@id\":\"https:\\\/\\\/cvinoticias.com\\\/v3\\\/hoy-es-el-dia-de-la-virgen-inmaculada-concepcion\\\/#breadcrumb\",\"itemListElement\":[{\"@type\":\"ListItem\",\"position\":1,\"name\":\"Portada\",\"item\":\"https:\\\/\\\/cvinoticias.com\\\/v3\\\/\"},{\"@type\":\"ListItem\",\"position\":2,\"name\":\"Hoy es el D\u00eda de la Virgen Inmaculada Concepci\u00f3n\"}]},{\"@type\":\"WebSite\",\"@id\":\"https:\\\/\\\/cvinoticias.com\\\/v3\\\/#website\",\"url\":\"https:\\\/\\\/cvinoticias.com\\\/v3\\\/\",\"name\":\"CVI NOTICIAS\",\"description\":\"\",\"publisher\":{\"@id\":\"https:\\\/\\\/cvinoticias.com\\\/v3\\\/#organization\"},\"alternateName\":\"CVI\",\"potentialAction\":[{\"@type\":\"SearchAction\",\"target\":{\"@type\":\"EntryPoint\",\"urlTemplate\":\"https:\\\/\\\/cvinoticias.com\\\/v3\\\/?s={search_term_string}\"},\"query-input\":{\"@type\":\"PropertyValueSpecification\",\"valueRequired\":true,\"valueName\":\"search_term_string\"}}],\"inLanguage\":\"es\"},{\"@type\":\"Organization\",\"@id\":\"https:\\\/\\\/cvinoticias.com\\\/v3\\\/#organization\",\"name\":\"CVI NOTICIAS\",\"url\":\"https:\\\/\\\/cvinoticias.com\\\/v3\\\/\",\"logo\":{\"@type\":\"ImageObject\",\"inLanguage\":\"es\",\"@id\":\"https:\\\/\\\/cvinoticias.com\\\/v3\\\/#\\\/schema\\\/logo\\\/image\\\/\",\"url\":\"https:\\\/\\\/cvinoticias.com\\\/wp-content\\\/uploads\\\/2023\\\/04\\\/cropped-cropped-cropped-cropped-cropped-3-1.png\",\"contentUrl\":\"https:\\\/\\\/cvinoticias.com\\\/wp-content\\\/uploads\\\/2023\\\/04\\\/cropped-cropped-cropped-cropped-cropped-3-1.png\",\"width\":95,\"height\":122,\"caption\":\"CVI NOTICIAS\"},\"image\":{\"@id\":\"https:\\\/\\\/cvinoticias.com\\\/v3\\\/#\\\/schema\\\/logo\\\/image\\\/\"},\"sameAs\":[\"https:\\\/\\\/www.facebook.com\\\/cvinoticias\",\"https:\\\/\\\/www.instagram.com\\\/cvinoticias\\\/\",\"https:\\\/\\\/www.youtube.com\\\/@CVINOTICIAS\"]},{\"@type\":\"Person\",\"@id\":\"https:\\\/\\\/cvinoticias.com\\\/v3\\\/#\\\/schema\\\/person\\\/2db77e3c6bc03c538495d7b2b8be9b66\",\"name\":\"f1000024\",\"image\":{\"@type\":\"ImageObject\",\"inLanguage\":\"es\",\"@id\":\"https:\\\/\\\/secure.gravatar.com\\\/avatar\\\/d4fe7459cfc51ff5129ce1a732bbef5928568b8092d412ef95611616376bbeed?s=96&d=mm&r=g\",\"url\":\"https:\\\/\\\/secure.gravatar.com\\\/avatar\\\/d4fe7459cfc51ff5129ce1a732bbef5928568b8092d412ef95611616376bbeed?s=96&d=mm&r=g\",\"contentUrl\":\"https:\\\/\\\/secure.gravatar.com\\\/avatar\\\/d4fe7459cfc51ff5129ce1a732bbef5928568b8092d412ef95611616376bbeed?s=96&d=mm&r=g\",\"caption\":\"f1000024\"},\"url\":\"https:\\\/\\\/cvinoticias.com\\\/v3\\\/author\\\/f1000024\\\/\"}]}<\/script>\n<!-- \/ Yoast SEO plugin. -->","yoast_head_json":{"title":"Hoy es el D\u00eda de la Virgen Inmaculada Concepci\u00f3n | CVI NOTICIAS","robots":{"index":"index","follow":"follow","max-snippet":"max-snippet:-1","max-image-preview":"max-image-preview:large","max-video-preview":"max-video-preview:-1"},"canonical":"https:\/\/cvinoticias.com\/v3\/hoy-es-el-dia-de-la-virgen-inmaculada-concepcion\/","og_locale":"es_ES","og_type":"article","og_title":"Hoy es el D\u00eda de la Virgen Inmaculada Concepci\u00f3n | CVI NOTICIAS","og_description":"El 8 de diciembre se conmemora el d\u00eda de la Inmaculada Concepci\u00f3n de la Virgen Mar\u00eda, una celebraci\u00f3n de la comunidad cat\u00f3lica y se declar\u00f3 como feriado nacional ya que es la religi\u00f3n oficial de la Rep\u00fablica Argentina. Esta festividad de la Inmaculada Concepci\u00f3n que se celebra hoy, es una de las festividades marianas m\u00e1s [&hellip;]","og_url":"https:\/\/cvinoticias.com\/v3\/hoy-es-el-dia-de-la-virgen-inmaculada-concepcion\/","og_site_name":"CVI NOTICIAS","article_publisher":"https:\/\/www.facebook.com\/cvinoticias","article_published_time":"2023-12-08T14:57:54+00:00","og_image":[{"width":960,"height":1280,"url":"https:\/\/cvinoticias.com\/wp-content\/uploads\/2023\/12\/FB_IMG_1702041374686.jpg","type":"image\/jpeg"}],"author":"f1000024","twitter_card":"summary_large_image","twitter_misc":{"Escrito por":"f1000024","Tiempo de lectura":"2 minutos"},"schema":{"@context":"https:\/\/schema.org","@graph":[{"@type":"Article","@id":"https:\/\/cvinoticias.com\/v3\/hoy-es-el-dia-de-la-virgen-inmaculada-concepcion\/#article","isPartOf":{"@id":"https:\/\/cvinoticias.com\/v3\/hoy-es-el-dia-de-la-virgen-inmaculada-concepcion\/"},"author":{"name":"f1000024","@id":"https:\/\/cvinoticias.com\/v3\/#\/schema\/person\/2db77e3c6bc03c538495d7b2b8be9b66"},"headline":"Hoy es el D\u00eda de la Virgen Inmaculada Concepci\u00f3n","datePublished":"2023-12-08T14:57:54+00:00","mainEntityOfPage":{"@id":"https:\/\/cvinoticias.com\/v3\/hoy-es-el-dia-de-la-virgen-inmaculada-concepcion\/"},"wordCount":365,"commentCount":0,"publisher":{"@id":"https:\/\/cvinoticias.com\/v3\/#organization"},"image":{"@id":"https:\/\/cvinoticias.com\/v3\/hoy-es-el-dia-de-la-virgen-inmaculada-concepcion\/#primaryimage"},"thumbnailUrl":"https:\/\/cvinoticias.com\/wp-content\/uploads\/2023\/12\/FB_IMG_1702041374686.jpg","articleSection":["Religi\u00f3n"],"inLanguage":"es","potentialAction":[{"@type":"CommentAction","name":"Comment","target":["https:\/\/cvinoticias.com\/v3\/hoy-es-el-dia-de-la-virgen-inmaculada-concepcion\/#respond"]}]},{"@type":"WebPage","@id":"https:\/\/cvinoticias.com\/v3\/hoy-es-el-dia-de-la-virgen-inmaculada-concepcion\/","url":"https:\/\/cvinoticias.com\/v3\/hoy-es-el-dia-de-la-virgen-inmaculada-concepcion\/","name":"Hoy es el D\u00eda de la Virgen Inmaculada Concepci\u00f3n | CVI NOTICIAS","isPartOf":{"@id":"https:\/\/cvinoticias.com\/v3\/#website"},"primaryImageOfPage":{"@id":"https:\/\/cvinoticias.com\/v3\/hoy-es-el-dia-de-la-virgen-inmaculada-concepcion\/#primaryimage"},"image":{"@id":"https:\/\/cvinoticias.com\/v3\/hoy-es-el-dia-de-la-virgen-inmaculada-concepcion\/#primaryimage"},"thumbnailUrl":"https:\/\/cvinoticias.com\/wp-content\/uploads\/2023\/12\/FB_IMG_1702041374686.jpg","datePublished":"2023-12-08T14:57:54+00:00","breadcrumb":{"@id":"https:\/\/cvinoticias.com\/v3\/hoy-es-el-dia-de-la-virgen-inmaculada-concepcion\/#breadcrumb"},"inLanguage":"es","potentialAction":[{"@type":"ReadAction","target":["https:\/\/cvinoticias.com\/v3\/hoy-es-el-dia-de-la-virgen-inmaculada-concepcion\/"]}]},{"@type":"ImageObject","inLanguage":"es","@id":"https:\/\/cvinoticias.com\/v3\/hoy-es-el-dia-de-la-virgen-inmaculada-concepcion\/#primaryimage","url":"https:\/\/cvinoticias.com\/wp-content\/uploads\/2023\/12\/FB_IMG_1702041374686.jpg","contentUrl":"https:\/\/cvinoticias.com\/wp-content\/uploads\/2023\/12\/FB_IMG_1702041374686.jpg","width":960,"height":1280},{"@type":"BreadcrumbList","@id":"https:\/\/cvinoticias.com\/v3\/hoy-es-el-dia-de-la-virgen-inmaculada-concepcion\/#breadcrumb","itemListElement":[{"@type":"ListItem","position":1,"name":"Portada","item":"https:\/\/cvinoticias.com\/v3\/"},{"@type":"ListItem","position":2,"name":"Hoy es el D\u00eda de la Virgen Inmaculada Concepci\u00f3n"}]},{"@type":"WebSite","@id":"https:\/\/cvinoticias.com\/v3\/#website","url":"https:\/\/cvinoticias.com\/v3\/","name":"CVI NOTICIAS","description":"","publisher":{"@id":"https:\/\/cvinoticias.com\/v3\/#organization"},"alternateName":"CVI","potentialAction":[{"@type":"SearchAction","target":{"@type":"EntryPoint","urlTemplate":"https:\/\/cvinoticias.com\/v3\/?s={search_term_string}"},"query-input":{"@type":"PropertyValueSpecification","valueRequired":true,"valueName":"search_term_string"}}],"inLanguage":"es"},{"@type":"Organization","@id":"https:\/\/cvinoticias.com\/v3\/#organization","name":"CVI NOTICIAS","url":"https:\/\/cvinoticias.com\/v3\/","logo":{"@type":"ImageObject","inLanguage":"es","@id":"https:\/\/cvinoticias.com\/v3\/#\/schema\/logo\/image\/","url":"https:\/\/cvinoticias.com\/wp-content\/uploads\/2023\/04\/cropped-cropped-cropped-cropped-cropped-3-1.png","contentUrl":"https:\/\/cvinoticias.com\/wp-content\/uploads\/2023\/04\/cropped-cropped-cropped-cropped-cropped-3-1.png","width":95,"height":122,"caption":"CVI NOTICIAS"},"image":{"@id":"https:\/\/cvinoticias.com\/v3\/#\/schema\/logo\/image\/"},"sameAs":["https:\/\/www.facebook.com\/cvinoticias","https:\/\/www.instagram.com\/cvinoticias\/","https:\/\/www.youtube.com\/@CVINOTICIAS"]},{"@type":"Person","@id":"https:\/\/cvinoticias.com\/v3\/#\/schema\/person\/2db77e3c6bc03c538495d7b2b8be9b66","name":"f1000024","image":{"@type":"ImageObject","inLanguage":"es","@id":"https:\/\/secure.gravatar.com\/avatar\/d4fe7459cfc51ff5129ce1a732bbef5928568b8092d412ef95611616376bbeed?s=96&d=mm&r=g","url":"https:\/\/secure.gravatar.com\/avatar\/d4fe7459cfc51ff5129ce1a732bbef5928568b8092d412ef95611616376bbeed?s=96&d=mm&r=g","contentUrl":"https:\/\/secure.gravatar.com\/avatar\/d4fe7459cfc51ff5129ce1a732bbef5928568b8092d412ef95611616376bbeed?s=96&d=mm&r=g","caption":"f1000024"},"url":"https:\/\/cvinoticias.com\/v3\/author\/f1000024\/"}]}},"_links":{"self":[{"href":"https:\/\/cvinoticias.com\/v3\/wp-json\/wp\/v2\/posts\/30698","targetHints":{"allow":["GET"]}}],"collection":[{"href":"https:\/\/cvinoticias.com\/v3\/wp-json\/wp\/v2\/posts"}],"about":[{"href":"https:\/\/cvinoticias.com\/v3\/wp-json\/wp\/v2\/types\/post"}],"author":[{"embeddable":true,"href":"https:\/\/cvinoticias.com\/v3\/wp-json\/wp\/v2\/users\/2"}],"replies":[{"embeddable":true,"href":"https:\/\/cvinoticias.com\/v3\/wp-json\/wp\/v2\/comments?post=30698"}],"version-history":[{"count":1,"href":"https:\/\/cvinoticias.com\/v3\/wp-json\/wp\/v2\/posts\/30698\/revisions"}],"predecessor-version":[{"id":30700,"href":"https:\/\/cvinoticias.com\/v3\/wp-json\/wp\/v2\/posts\/30698\/revisions\/30700"}],"wp:featuredmedia":[{"embeddable":true,"href":"https:\/\/cvinoticias.com\/v3\/wp-json\/wp\/v2\/media\/30699"}],"wp:attachment":[{"href":"https:\/\/cvinoticias.com\/v3\/wp-json\/wp\/v2\/media?parent=30698"}],"wp:term":[{"taxonomy":"category","embeddable":true,"href":"https:\/\/cvinoticias.com\/v3\/wp-json\/wp\/v2\/categories?post=30698"},{"taxonomy":"post_tag","embeddable":true,"href":"https:\/\/cvinoticias.com\/v3\/wp-json\/wp\/v2\/tags?post=30698"}],"curies":[{"name":"wp","href":"https:\/\/api.w.org\/{rel}","templated":true}]}}