{"id":30668,"date":"2023-12-07T09:25:10","date_gmt":"2023-12-07T12:25:10","guid":{"rendered":"https:\/\/cvinoticias.com\/v3\/?p=30668"},"modified":"2023-12-07T09:25:10","modified_gmt":"2023-12-07T12:25:10","slug":"misiones-renueva-su-gobierno-passalacqua-y-romero-spinelli-juraran-el-domingo-en-la-sesion-extraordinaria","status":"publish","type":"post","link":"https:\/\/cvinoticias.com\/v3\/misiones-renueva-su-gobierno-passalacqua-y-romero-spinelli-juraran-el-domingo-en-la-sesion-extraordinaria\/","title":{"rendered":"Misiones renueva su gobierno: Passalacqua y Romero Spinelli jurar\u00e1n el domingo en la Sesi\u00f3n Extraordinaria"},"content":{"rendered":"\n<p><strong><em>Se realizar\u00e1 el domingo 10 de diciembre. Hugo Passalacqua y Lucas Romero Spinelli jurar\u00e1n como gobernador y vicegobernador respectivamente. Asumir\u00e1n 20 diputados provinciales.<\/em><\/strong><\/p>\n\n\n\n<p>Bajo el orden y la cordialidad habitual, la C\u00e1mara de Representantes convoc\u00f3 a una sesi\u00f3n especial para la incorporaci\u00f3n de los 20 diputados electos el pasado 7 de mayo. Adem\u00e1s, se realizar\u00e1 la toma de juramento al gobernador y vicegobernador electos, Hugo Passalacqua y Lucas Romero Spinelli, respectivamente. El encuentro se desarrollar\u00e1 este domingo 10 de diciembre a partir de las 9:00h, en el recinto de la Casa del Pueblo.<\/p>\n\n\n\n<p>En este sentido, el presidente del bloque Renovador de diputados, Mart\u00edn Cesino, explic\u00f3 que la semana pasada y esta semana mantendr\u00e1n reuniones con todos los diputados para coordinar la actividad. Al respecto, destac\u00f3 el trabajo que llevan adelante con cada una de las secretar\u00edas legislativas.<\/p>\n\n\n\n<p>En la oportunidad, tambi\u00e9n se tomar\u00e1 juramento a Astrid Baetke como diputada provincial para finalizar el mandato de Sonia Rojas Decut, quien asumir\u00e1 su banca en el Senado de la Naci\u00f3n. Adem\u00e1s, se designar\u00e1 al presidente y a los vicepresidentes I y II de la C\u00e1mara para el periodo legislativa 2024.<\/p>\n\n\n\n<p>En la misma l\u00ednea se elegir\u00e1 y tomar\u00e1 juramento a los secretarios y prosecretarios legislativos, como tambi\u00e9n a las autoridades de las comisiones permanentes y especiales. Asimismo se designar\u00e1n a los miembros de la Comisi\u00f3n Legislativa Permanente y se elegir\u00e1n a los diputados que integrar\u00e1n el Jurado de Enjuiciamiento. Adem\u00e1s, se realizar\u00e1 el sorteo de las Salas Acusadora y Juzgadora y Comisi\u00f3n Investigadora. Por otra parte, se designar\u00e1n a los diputados que integrar\u00e1n el Consejo de la Magistratura.<\/p>\n\n\n\n<p><strong>RESPALDO A LA GESTI\u00d3N MISIONERISTA<\/strong><\/p>\n\n\n\n<p>M\u00e1s adelante, Cesino adelant\u00f3 a Radio Rep\u00fablica que tras el juramento de Hugo Passalacqua y Lucas Romero Spinelli como gobernador y vicegobernador a partir de las 10:30h, \u201cel gobernador electo se dirigir\u00e1 a todos los misioneros en un discurso\u201c. Por este motivo, el legislador destac\u00f3 que a trav\u00e9s de la herramienta del voto, \u201cel pueblo misionero respald\u00f3 la certeza y la seguridad que brinda el Gobierno a trav\u00e9s del Ejecutivo y los legisladores\u201c.<\/p>\n\n\n\n<figure class=\"wp-block-image size-large\"><a href=\"https:\/\/cvinoticias.com\/wp-content\/uploads\/2023\/12\/WhatsApp-Image-2023-12-05-at-16.19.20-1.jpeg\"><img decoding=\"async\" width=\"1024\" height=\"576\" data-src=\"https:\/\/cvinoticias.com\/wp-content\/uploads\/2023\/12\/WhatsApp-Image-2023-12-05-at-16.19.20-1-1024x576.jpeg\" alt=\"\" class=\"wp-image-30669 lazyload\" data-srcset=\"https:\/\/cvinoticias.com\/wp-content\/uploads\/2023\/12\/WhatsApp-Image-2023-12-05-at-16.19.20-1-1024x576.jpeg 1024w, https:\/\/cvinoticias.com\/wp-content\/uploads\/2023\/12\/WhatsApp-Image-2023-12-05-at-16.19.20-1-300x169.jpeg 300w, https:\/\/cvinoticias.com\/wp-content\/uploads\/2023\/12\/WhatsApp-Image-2023-12-05-at-16.19.20-1-768x432.jpeg 768w, https:\/\/cvinoticias.com\/wp-content\/uploads\/2023\/12\/WhatsApp-Image-2023-12-05-at-16.19.20-1.jpeg 1200w\" data-sizes=\"(max-width: 1024px) 100vw, 1024px\" src=\"data:image\/svg+xml;base64,PHN2ZyB3aWR0aD0iMSIgaGVpZ2h0PSIxIiB4bWxucz0iaHR0cDovL3d3dy53My5vcmcvMjAwMC9zdmciPjwvc3ZnPg==\" style=\"--smush-placeholder-width: 1024px; --smush-placeholder-aspect-ratio: 1024\/576;\" \/><\/a><\/figure>\n\n\n\n<p>Cesino resalt\u00f3 que con m\u00e1s del 70% de los votos, \u201cMisiones eligi\u00f3 a sus autoridades en paz y tranquilidad para tener esta conformaci\u00f3n en la legislatura\u201c. Valor\u00f3 el trabajo del Carlos Rovira como presidente de la Legislatura, quien \u201csiempre ha buscado el consenso, el di\u00e1logo y la concordia\u201c.<\/p>\n\n\n\n<p>Adem\u00e1s, destac\u00f3 el gran aporte de la C\u00e1mara de Representantes con la sanci\u00f3n de diversas leyes. \u201cSon necesarias para complementar las pol\u00edticas que desarrolla el ejecutivo provincial\u201c, sostuvo. Tambi\u00e9n, agradeci\u00f3 el aporte de la gente \u201cque acudi\u00f3 a cada uno de los diputados para elaborar las diferentes normativas\u201c.<\/p>\n\n\n\n<p><strong>BLOQUES Y QU\u00d3RUM<\/strong><\/p>\n\n\n\n<p>En otro tramo de la comunicaci\u00f3n, Cesino revel\u00f3 que con 25 diputados, el Frente Renovador de la Concordia continuar\u00e1 como el bloque mayoritario en el recinto. De esta manera, el bloque garantiza el quorum necesario para realizar cada una de las sesiones. Como tambi\u00e9n \u201ctratar todas las leyes que son importantes y necesarias para el pueblo misionero\u201c, asegur\u00f3.<\/p>\n\n\n\n<p>Luego estar\u00e1 el bloque de Juntos por el Cambio conformado por Activar y el PRO. Tambi\u00e9n estar\u00e1n el bloque de la Uni\u00f3n C\u00edvica Radical, el Partido Agrario y Social (PAyS) y el Peronismo para Todos. \u201cTenemos seis bloques que van a estar representados a partir del 10 de diciembre\u201c, afirm\u00f3.<\/p>\n","protected":false},"excerpt":{"rendered":"<p>Se realizar\u00e1 el domingo 10 de diciembre. Hugo Passalacqua y Lucas Romero Spinelli jurar\u00e1n como gobernador y vicegobernador respectivamente. Asumir\u00e1n 20 diputados provinciales. Bajo el orden y la cordialidad habitual, la C\u00e1mara de Representantes convoc\u00f3 a una sesi\u00f3n especial para la incorporaci\u00f3n de los 20 diputados electos el pasado 7 de mayo. Adem\u00e1s, se realizar\u00e1 [&hellip;]<\/p>\n","protected":false},"author":2,"featured_media":30670,"comment_status":"open","ping_status":"open","sticky":false,"template":"","format":"standard","meta":{"footnotes":""},"categories":[43],"tags":[],"class_list":["post-30668","post","type-post","status-publish","format-standard","has-post-thumbnail","hentry","category-provinciales"],"yoast_head":"<!-- This site is optimized with the Yoast SEO plugin v27.4 - https:\/\/yoast.com\/product\/yoast-seo-wordpress\/ -->\n<title>Misiones renueva su gobierno: Passalacqua y Romero Spinelli jurar\u00e1n el domingo en la Sesi\u00f3n Extraordinaria | CVI NOTICIAS<\/title>\n<meta name=\"robots\" content=\"index, follow, max-snippet:-1, max-image-preview:large, max-video-preview:-1\" \/>\n<link rel=\"canonical\" href=\"https:\/\/cvinoticias.com\/v3\/misiones-renueva-su-gobierno-passalacqua-y-romero-spinelli-juraran-el-domingo-en-la-sesion-extraordinaria\/\" \/>\n<meta property=\"og:locale\" content=\"es_ES\" \/>\n<meta property=\"og:type\" content=\"article\" \/>\n<meta property=\"og:title\" content=\"Misiones renueva su gobierno: Passalacqua y Romero Spinelli jurar\u00e1n el domingo en la Sesi\u00f3n Extraordinaria | CVI NOTICIAS\" \/>\n<meta property=\"og:description\" content=\"Se realizar\u00e1 el domingo 10 de diciembre. Hugo Passalacqua y Lucas Romero Spinelli jurar\u00e1n como gobernador y vicegobernador respectivamente. Asumir\u00e1n 20 diputados provinciales. Bajo el orden y la cordialidad habitual, la C\u00e1mara de Representantes convoc\u00f3 a una sesi\u00f3n especial para la incorporaci\u00f3n de los 20 diputados electos el pasado 7 de mayo. Adem\u00e1s, se realizar\u00e1 [&hellip;]\" \/>\n<meta property=\"og:url\" content=\"https:\/\/cvinoticias.com\/v3\/misiones-renueva-su-gobierno-passalacqua-y-romero-spinelli-juraran-el-domingo-en-la-sesion-extraordinaria\/\" \/>\n<meta property=\"og:site_name\" content=\"CVI NOTICIAS\" \/>\n<meta property=\"article:publisher\" content=\"https:\/\/www.facebook.com\/cvinoticias\" \/>\n<meta property=\"article:published_time\" content=\"2023-12-07T12:25:10+00:00\" \/>\n<meta property=\"og:image\" content=\"https:\/\/cvinoticias.com\/wp-content\/uploads\/2023\/12\/WhatsApp-Image-2023-12-05-at-16.56.43.jpeg\" \/>\n\t<meta property=\"og:image:width\" content=\"781\" \/>\n\t<meta property=\"og:image:height\" content=\"549\" \/>\n\t<meta property=\"og:image:type\" content=\"image\/jpeg\" \/>\n<meta name=\"author\" content=\"f1000024\" \/>\n<meta name=\"twitter:card\" content=\"summary_large_image\" \/>\n<meta name=\"twitter:label1\" content=\"Escrito por\" \/>\n\t<meta name=\"twitter:data1\" content=\"f1000024\" \/>\n\t<meta name=\"twitter:label2\" content=\"Tiempo de lectura\" \/>\n\t<meta name=\"twitter:data2\" content=\"3 minutos\" \/>\n<script type=\"application\/ld+json\" class=\"yoast-schema-graph\">{\"@context\":\"https:\\\/\\\/schema.org\",\"@graph\":[{\"@type\":\"Article\",\"@id\":\"https:\\\/\\\/cvinoticias.com\\\/v3\\\/misiones-renueva-su-gobierno-passalacqua-y-romero-spinelli-juraran-el-domingo-en-la-sesion-extraordinaria\\\/#article\",\"isPartOf\":{\"@id\":\"https:\\\/\\\/cvinoticias.com\\\/v3\\\/misiones-renueva-su-gobierno-passalacqua-y-romero-spinelli-juraran-el-domingo-en-la-sesion-extraordinaria\\\/\"},\"author\":{\"name\":\"f1000024\",\"@id\":\"https:\\\/\\\/cvinoticias.com\\\/v3\\\/#\\\/schema\\\/person\\\/2db77e3c6bc03c538495d7b2b8be9b66\"},\"headline\":\"Misiones renueva su gobierno: Passalacqua y Romero Spinelli jurar\u00e1n el domingo en la Sesi\u00f3n Extraordinaria\",\"datePublished\":\"2023-12-07T12:25:10+00:00\",\"mainEntityOfPage\":{\"@id\":\"https:\\\/\\\/cvinoticias.com\\\/v3\\\/misiones-renueva-su-gobierno-passalacqua-y-romero-spinelli-juraran-el-domingo-en-la-sesion-extraordinaria\\\/\"},\"wordCount\":603,\"commentCount\":0,\"publisher\":{\"@id\":\"https:\\\/\\\/cvinoticias.com\\\/v3\\\/#organization\"},\"image\":{\"@id\":\"https:\\\/\\\/cvinoticias.com\\\/v3\\\/misiones-renueva-su-gobierno-passalacqua-y-romero-spinelli-juraran-el-domingo-en-la-sesion-extraordinaria\\\/#primaryimage\"},\"thumbnailUrl\":\"https:\\\/\\\/cvinoticias.com\\\/wp-content\\\/uploads\\\/2023\\\/12\\\/WhatsApp-Image-2023-12-05-at-16.56.43.jpeg\",\"articleSection\":[\"Provinciales\"],\"inLanguage\":\"es\",\"potentialAction\":[{\"@type\":\"CommentAction\",\"name\":\"Comment\",\"target\":[\"https:\\\/\\\/cvinoticias.com\\\/v3\\\/misiones-renueva-su-gobierno-passalacqua-y-romero-spinelli-juraran-el-domingo-en-la-sesion-extraordinaria\\\/#respond\"]}]},{\"@type\":\"WebPage\",\"@id\":\"https:\\\/\\\/cvinoticias.com\\\/v3\\\/misiones-renueva-su-gobierno-passalacqua-y-romero-spinelli-juraran-el-domingo-en-la-sesion-extraordinaria\\\/\",\"url\":\"https:\\\/\\\/cvinoticias.com\\\/v3\\\/misiones-renueva-su-gobierno-passalacqua-y-romero-spinelli-juraran-el-domingo-en-la-sesion-extraordinaria\\\/\",\"name\":\"Misiones renueva su gobierno: Passalacqua y Romero Spinelli jurar\u00e1n el domingo en la Sesi\u00f3n Extraordinaria | CVI NOTICIAS\",\"isPartOf\":{\"@id\":\"https:\\\/\\\/cvinoticias.com\\\/v3\\\/#website\"},\"primaryImageOfPage\":{\"@id\":\"https:\\\/\\\/cvinoticias.com\\\/v3\\\/misiones-renueva-su-gobierno-passalacqua-y-romero-spinelli-juraran-el-domingo-en-la-sesion-extraordinaria\\\/#primaryimage\"},\"image\":{\"@id\":\"https:\\\/\\\/cvinoticias.com\\\/v3\\\/misiones-renueva-su-gobierno-passalacqua-y-romero-spinelli-juraran-el-domingo-en-la-sesion-extraordinaria\\\/#primaryimage\"},\"thumbnailUrl\":\"https:\\\/\\\/cvinoticias.com\\\/wp-content\\\/uploads\\\/2023\\\/12\\\/WhatsApp-Image-2023-12-05-at-16.56.43.jpeg\",\"datePublished\":\"2023-12-07T12:25:10+00:00\",\"breadcrumb\":{\"@id\":\"https:\\\/\\\/cvinoticias.com\\\/v3\\\/misiones-renueva-su-gobierno-passalacqua-y-romero-spinelli-juraran-el-domingo-en-la-sesion-extraordinaria\\\/#breadcrumb\"},\"inLanguage\":\"es\",\"potentialAction\":[{\"@type\":\"ReadAction\",\"target\":[\"https:\\\/\\\/cvinoticias.com\\\/v3\\\/misiones-renueva-su-gobierno-passalacqua-y-romero-spinelli-juraran-el-domingo-en-la-sesion-extraordinaria\\\/\"]}]},{\"@type\":\"ImageObject\",\"inLanguage\":\"es\",\"@id\":\"https:\\\/\\\/cvinoticias.com\\\/v3\\\/misiones-renueva-su-gobierno-passalacqua-y-romero-spinelli-juraran-el-domingo-en-la-sesion-extraordinaria\\\/#primaryimage\",\"url\":\"https:\\\/\\\/cvinoticias.com\\\/wp-content\\\/uploads\\\/2023\\\/12\\\/WhatsApp-Image-2023-12-05-at-16.56.43.jpeg\",\"contentUrl\":\"https:\\\/\\\/cvinoticias.com\\\/wp-content\\\/uploads\\\/2023\\\/12\\\/WhatsApp-Image-2023-12-05-at-16.56.43.jpeg\",\"width\":781,\"height\":549},{\"@type\":\"BreadcrumbList\",\"@id\":\"https:\\\/\\\/cvinoticias.com\\\/v3\\\/misiones-renueva-su-gobierno-passalacqua-y-romero-spinelli-juraran-el-domingo-en-la-sesion-extraordinaria\\\/#breadcrumb\",\"itemListElement\":[{\"@type\":\"ListItem\",\"position\":1,\"name\":\"Portada\",\"item\":\"https:\\\/\\\/cvinoticias.com\\\/v3\\\/\"},{\"@type\":\"ListItem\",\"position\":2,\"name\":\"Misiones renueva su gobierno: Passalacqua y Romero Spinelli jurar\u00e1n el domingo en la Sesi\u00f3n Extraordinaria\"}]},{\"@type\":\"WebSite\",\"@id\":\"https:\\\/\\\/cvinoticias.com\\\/v3\\\/#website\",\"url\":\"https:\\\/\\\/cvinoticias.com\\\/v3\\\/\",\"name\":\"CVI NOTICIAS\",\"description\":\"\",\"publisher\":{\"@id\":\"https:\\\/\\\/cvinoticias.com\\\/v3\\\/#organization\"},\"alternateName\":\"CVI\",\"potentialAction\":[{\"@type\":\"SearchAction\",\"target\":{\"@type\":\"EntryPoint\",\"urlTemplate\":\"https:\\\/\\\/cvinoticias.com\\\/v3\\\/?s={search_term_string}\"},\"query-input\":{\"@type\":\"PropertyValueSpecification\",\"valueRequired\":true,\"valueName\":\"search_term_string\"}}],\"inLanguage\":\"es\"},{\"@type\":\"Organization\",\"@id\":\"https:\\\/\\\/cvinoticias.com\\\/v3\\\/#organization\",\"name\":\"CVI NOTICIAS\",\"url\":\"https:\\\/\\\/cvinoticias.com\\\/v3\\\/\",\"logo\":{\"@type\":\"ImageObject\",\"inLanguage\":\"es\",\"@id\":\"https:\\\/\\\/cvinoticias.com\\\/v3\\\/#\\\/schema\\\/logo\\\/image\\\/\",\"url\":\"https:\\\/\\\/cvinoticias.com\\\/wp-content\\\/uploads\\\/2023\\\/04\\\/cropped-cropped-cropped-cropped-cropped-3-1.png\",\"contentUrl\":\"https:\\\/\\\/cvinoticias.com\\\/wp-content\\\/uploads\\\/2023\\\/04\\\/cropped-cropped-cropped-cropped-cropped-3-1.png\",\"width\":95,\"height\":122,\"caption\":\"CVI NOTICIAS\"},\"image\":{\"@id\":\"https:\\\/\\\/cvinoticias.com\\\/v3\\\/#\\\/schema\\\/logo\\\/image\\\/\"},\"sameAs\":[\"https:\\\/\\\/www.facebook.com\\\/cvinoticias\",\"https:\\\/\\\/www.instagram.com\\\/cvinoticias\\\/\",\"https:\\\/\\\/www.youtube.com\\\/@CVINOTICIAS\"]},{\"@type\":\"Person\",\"@id\":\"https:\\\/\\\/cvinoticias.com\\\/v3\\\/#\\\/schema\\\/person\\\/2db77e3c6bc03c538495d7b2b8be9b66\",\"name\":\"f1000024\",\"image\":{\"@type\":\"ImageObject\",\"inLanguage\":\"es\",\"@id\":\"https:\\\/\\\/secure.gravatar.com\\\/avatar\\\/d4fe7459cfc51ff5129ce1a732bbef5928568b8092d412ef95611616376bbeed?s=96&d=mm&r=g\",\"url\":\"https:\\\/\\\/secure.gravatar.com\\\/avatar\\\/d4fe7459cfc51ff5129ce1a732bbef5928568b8092d412ef95611616376bbeed?s=96&d=mm&r=g\",\"contentUrl\":\"https:\\\/\\\/secure.gravatar.com\\\/avatar\\\/d4fe7459cfc51ff5129ce1a732bbef5928568b8092d412ef95611616376bbeed?s=96&d=mm&r=g\",\"caption\":\"f1000024\"},\"url\":\"https:\\\/\\\/cvinoticias.com\\\/v3\\\/author\\\/f1000024\\\/\"}]}<\/script>\n<!-- \/ Yoast SEO plugin. -->","yoast_head_json":{"title":"Misiones renueva su gobierno: Passalacqua y Romero Spinelli jurar\u00e1n el domingo en la Sesi\u00f3n Extraordinaria | CVI NOTICIAS","robots":{"index":"index","follow":"follow","max-snippet":"max-snippet:-1","max-image-preview":"max-image-preview:large","max-video-preview":"max-video-preview:-1"},"canonical":"https:\/\/cvinoticias.com\/v3\/misiones-renueva-su-gobierno-passalacqua-y-romero-spinelli-juraran-el-domingo-en-la-sesion-extraordinaria\/","og_locale":"es_ES","og_type":"article","og_title":"Misiones renueva su gobierno: Passalacqua y Romero Spinelli jurar\u00e1n el domingo en la Sesi\u00f3n Extraordinaria | CVI NOTICIAS","og_description":"Se realizar\u00e1 el domingo 10 de diciembre. Hugo Passalacqua y Lucas Romero Spinelli jurar\u00e1n como gobernador y vicegobernador respectivamente. Asumir\u00e1n 20 diputados provinciales. Bajo el orden y la cordialidad habitual, la C\u00e1mara de Representantes convoc\u00f3 a una sesi\u00f3n especial para la incorporaci\u00f3n de los 20 diputados electos el pasado 7 de mayo. Adem\u00e1s, se realizar\u00e1 [&hellip;]","og_url":"https:\/\/cvinoticias.com\/v3\/misiones-renueva-su-gobierno-passalacqua-y-romero-spinelli-juraran-el-domingo-en-la-sesion-extraordinaria\/","og_site_name":"CVI NOTICIAS","article_publisher":"https:\/\/www.facebook.com\/cvinoticias","article_published_time":"2023-12-07T12:25:10+00:00","og_image":[{"width":781,"height":549,"url":"https:\/\/cvinoticias.com\/wp-content\/uploads\/2023\/12\/WhatsApp-Image-2023-12-05-at-16.56.43.jpeg","type":"image\/jpeg"}],"author":"f1000024","twitter_card":"summary_large_image","twitter_misc":{"Escrito por":"f1000024","Tiempo de lectura":"3 minutos"},"schema":{"@context":"https:\/\/schema.org","@graph":[{"@type":"Article","@id":"https:\/\/cvinoticias.com\/v3\/misiones-renueva-su-gobierno-passalacqua-y-romero-spinelli-juraran-el-domingo-en-la-sesion-extraordinaria\/#article","isPartOf":{"@id":"https:\/\/cvinoticias.com\/v3\/misiones-renueva-su-gobierno-passalacqua-y-romero-spinelli-juraran-el-domingo-en-la-sesion-extraordinaria\/"},"author":{"name":"f1000024","@id":"https:\/\/cvinoticias.com\/v3\/#\/schema\/person\/2db77e3c6bc03c538495d7b2b8be9b66"},"headline":"Misiones renueva su gobierno: Passalacqua y Romero Spinelli jurar\u00e1n el domingo en la Sesi\u00f3n Extraordinaria","datePublished":"2023-12-07T12:25:10+00:00","mainEntityOfPage":{"@id":"https:\/\/cvinoticias.com\/v3\/misiones-renueva-su-gobierno-passalacqua-y-romero-spinelli-juraran-el-domingo-en-la-sesion-extraordinaria\/"},"wordCount":603,"commentCount":0,"publisher":{"@id":"https:\/\/cvinoticias.com\/v3\/#organization"},"image":{"@id":"https:\/\/cvinoticias.com\/v3\/misiones-renueva-su-gobierno-passalacqua-y-romero-spinelli-juraran-el-domingo-en-la-sesion-extraordinaria\/#primaryimage"},"thumbnailUrl":"https:\/\/cvinoticias.com\/wp-content\/uploads\/2023\/12\/WhatsApp-Image-2023-12-05-at-16.56.43.jpeg","articleSection":["Provinciales"],"inLanguage":"es","potentialAction":[{"@type":"CommentAction","name":"Comment","target":["https:\/\/cvinoticias.com\/v3\/misiones-renueva-su-gobierno-passalacqua-y-romero-spinelli-juraran-el-domingo-en-la-sesion-extraordinaria\/#respond"]}]},{"@type":"WebPage","@id":"https:\/\/cvinoticias.com\/v3\/misiones-renueva-su-gobierno-passalacqua-y-romero-spinelli-juraran-el-domingo-en-la-sesion-extraordinaria\/","url":"https:\/\/cvinoticias.com\/v3\/misiones-renueva-su-gobierno-passalacqua-y-romero-spinelli-juraran-el-domingo-en-la-sesion-extraordinaria\/","name":"Misiones renueva su gobierno: Passalacqua y Romero Spinelli jurar\u00e1n el domingo en la Sesi\u00f3n Extraordinaria | CVI NOTICIAS","isPartOf":{"@id":"https:\/\/cvinoticias.com\/v3\/#website"},"primaryImageOfPage":{"@id":"https:\/\/cvinoticias.com\/v3\/misiones-renueva-su-gobierno-passalacqua-y-romero-spinelli-juraran-el-domingo-en-la-sesion-extraordinaria\/#primaryimage"},"image":{"@id":"https:\/\/cvinoticias.com\/v3\/misiones-renueva-su-gobierno-passalacqua-y-romero-spinelli-juraran-el-domingo-en-la-sesion-extraordinaria\/#primaryimage"},"thumbnailUrl":"https:\/\/cvinoticias.com\/wp-content\/uploads\/2023\/12\/WhatsApp-Image-2023-12-05-at-16.56.43.jpeg","datePublished":"2023-12-07T12:25:10+00:00","breadcrumb":{"@id":"https:\/\/cvinoticias.com\/v3\/misiones-renueva-su-gobierno-passalacqua-y-romero-spinelli-juraran-el-domingo-en-la-sesion-extraordinaria\/#breadcrumb"},"inLanguage":"es","potentialAction":[{"@type":"ReadAction","target":["https:\/\/cvinoticias.com\/v3\/misiones-renueva-su-gobierno-passalacqua-y-romero-spinelli-juraran-el-domingo-en-la-sesion-extraordinaria\/"]}]},{"@type":"ImageObject","inLanguage":"es","@id":"https:\/\/cvinoticias.com\/v3\/misiones-renueva-su-gobierno-passalacqua-y-romero-spinelli-juraran-el-domingo-en-la-sesion-extraordinaria\/#primaryimage","url":"https:\/\/cvinoticias.com\/wp-content\/uploads\/2023\/12\/WhatsApp-Image-2023-12-05-at-16.56.43.jpeg","contentUrl":"https:\/\/cvinoticias.com\/wp-content\/uploads\/2023\/12\/WhatsApp-Image-2023-12-05-at-16.56.43.jpeg","width":781,"height":549},{"@type":"BreadcrumbList","@id":"https:\/\/cvinoticias.com\/v3\/misiones-renueva-su-gobierno-passalacqua-y-romero-spinelli-juraran-el-domingo-en-la-sesion-extraordinaria\/#breadcrumb","itemListElement":[{"@type":"ListItem","position":1,"name":"Portada","item":"https:\/\/cvinoticias.com\/v3\/"},{"@type":"ListItem","position":2,"name":"Misiones renueva su gobierno: Passalacqua y Romero Spinelli jurar\u00e1n el domingo en la Sesi\u00f3n Extraordinaria"}]},{"@type":"WebSite","@id":"https:\/\/cvinoticias.com\/v3\/#website","url":"https:\/\/cvinoticias.com\/v3\/","name":"CVI NOTICIAS","description":"","publisher":{"@id":"https:\/\/cvinoticias.com\/v3\/#organization"},"alternateName":"CVI","potentialAction":[{"@type":"SearchAction","target":{"@type":"EntryPoint","urlTemplate":"https:\/\/cvinoticias.com\/v3\/?s={search_term_string}"},"query-input":{"@type":"PropertyValueSpecification","valueRequired":true,"valueName":"search_term_string"}}],"inLanguage":"es"},{"@type":"Organization","@id":"https:\/\/cvinoticias.com\/v3\/#organization","name":"CVI NOTICIAS","url":"https:\/\/cvinoticias.com\/v3\/","logo":{"@type":"ImageObject","inLanguage":"es","@id":"https:\/\/cvinoticias.com\/v3\/#\/schema\/logo\/image\/","url":"https:\/\/cvinoticias.com\/wp-content\/uploads\/2023\/04\/cropped-cropped-cropped-cropped-cropped-3-1.png","contentUrl":"https:\/\/cvinoticias.com\/wp-content\/uploads\/2023\/04\/cropped-cropped-cropped-cropped-cropped-3-1.png","width":95,"height":122,"caption":"CVI NOTICIAS"},"image":{"@id":"https:\/\/cvinoticias.com\/v3\/#\/schema\/logo\/image\/"},"sameAs":["https:\/\/www.facebook.com\/cvinoticias","https:\/\/www.instagram.com\/cvinoticias\/","https:\/\/www.youtube.com\/@CVINOTICIAS"]},{"@type":"Person","@id":"https:\/\/cvinoticias.com\/v3\/#\/schema\/person\/2db77e3c6bc03c538495d7b2b8be9b66","name":"f1000024","image":{"@type":"ImageObject","inLanguage":"es","@id":"https:\/\/secure.gravatar.com\/avatar\/d4fe7459cfc51ff5129ce1a732bbef5928568b8092d412ef95611616376bbeed?s=96&d=mm&r=g","url":"https:\/\/secure.gravatar.com\/avatar\/d4fe7459cfc51ff5129ce1a732bbef5928568b8092d412ef95611616376bbeed?s=96&d=mm&r=g","contentUrl":"https:\/\/secure.gravatar.com\/avatar\/d4fe7459cfc51ff5129ce1a732bbef5928568b8092d412ef95611616376bbeed?s=96&d=mm&r=g","caption":"f1000024"},"url":"https:\/\/cvinoticias.com\/v3\/author\/f1000024\/"}]}},"_links":{"self":[{"href":"https:\/\/cvinoticias.com\/v3\/wp-json\/wp\/v2\/posts\/30668","targetHints":{"allow":["GET"]}}],"collection":[{"href":"https:\/\/cvinoticias.com\/v3\/wp-json\/wp\/v2\/posts"}],"about":[{"href":"https:\/\/cvinoticias.com\/v3\/wp-json\/wp\/v2\/types\/post"}],"author":[{"embeddable":true,"href":"https:\/\/cvinoticias.com\/v3\/wp-json\/wp\/v2\/users\/2"}],"replies":[{"embeddable":true,"href":"https:\/\/cvinoticias.com\/v3\/wp-json\/wp\/v2\/comments?post=30668"}],"version-history":[{"count":1,"href":"https:\/\/cvinoticias.com\/v3\/wp-json\/wp\/v2\/posts\/30668\/revisions"}],"predecessor-version":[{"id":30671,"href":"https:\/\/cvinoticias.com\/v3\/wp-json\/wp\/v2\/posts\/30668\/revisions\/30671"}],"wp:featuredmedia":[{"embeddable":true,"href":"https:\/\/cvinoticias.com\/v3\/wp-json\/wp\/v2\/media\/30670"}],"wp:attachment":[{"href":"https:\/\/cvinoticias.com\/v3\/wp-json\/wp\/v2\/media?parent=30668"}],"wp:term":[{"taxonomy":"category","embeddable":true,"href":"https:\/\/cvinoticias.com\/v3\/wp-json\/wp\/v2\/categories?post=30668"},{"taxonomy":"post_tag","embeddable":true,"href":"https:\/\/cvinoticias.com\/v3\/wp-json\/wp\/v2\/tags?post=30668"}],"curies":[{"name":"wp","href":"https:\/\/api.w.org\/{rel}","templated":true}]}}