{"id":30665,"date":"2023-12-07T09:06:56","date_gmt":"2023-12-07T12:06:56","guid":{"rendered":"https:\/\/cvinoticias.com\/v3\/?p=30665"},"modified":"2023-12-07T09:06:56","modified_gmt":"2023-12-07T12:06:56","slug":"javier-milei-tendra-una-asuncion-con-particularidades-pero-tambien-con-antiguas-tradiciones","status":"publish","type":"post","link":"https:\/\/cvinoticias.com\/v3\/javier-milei-tendra-una-asuncion-con-particularidades-pero-tambien-con-antiguas-tradiciones\/","title":{"rendered":"Javier Milei tendr\u00e1 una asunci\u00f3n con particularidades, pero tambi\u00e9n con antiguas tradiciones"},"content":{"rendered":"\n<p><strong><em>El presidente electo Javier Milei asumir\u00e1 este domingo con una ceremonia de traspaso de mando y actos protocolares que, en algunos aspectos, se ajustar\u00e1n a las tradiciones, mientras que en otros se observar\u00e1n peculiaridades surgidas de la impronta del futuro mandatario. <\/em><\/strong><\/p>\n\n\n\n<p>Desde hace d\u00edas comenzaron a tejerse hip\u00f3tesis sobre c\u00f3mo se desarrollar\u00edan los momentos fundamentales de la toma de posesi\u00f3n, que van desde la llegada del mandatario electo al Congreso nacional, su jura ante la Asamblea Legislativa y la imposici\u00f3n de los atributos de mando por parte del presidente saliente Alberto Fern\u00e1ndez, hasta la gala que se realizar\u00e1 por la noche en el Teatro Col\u00f3n.<\/p>\n\n\n\n<p>Aunque existen legislaciones que imponen algunas obligaciones, tambi\u00e9n es cierto que los jefes de Estado fueron estableciendo sutiles diferencias. En 2015, por ejemplo, el traspaso entre Cristina Fern\u00e1ndez de Kirchner y Mauricio Macri fue motivo de pol\u00e9mica e idas y vueltas. A cuatro d\u00edas del traspaso de mando, las reuniones para ajustar el itinerario contin\u00faan realiz\u00e1ndose y este mi\u00e9rcoles por la tarde se avanzar\u00e1 en un c\u00f3nclave para definir las cuestiones de seguridad.<\/p>\n\n\n\n<p>Buena parte de la organizaci\u00f3n est\u00e1 en manos de Jorge Faurie, excanciller del gobierno de Cambiemos de Mauricio Macri, un experto en ceremonial y \u00abuna persona puntillosa en extremo\u00bb, seg\u00fan confiaron fuentes del gobierno electo de La Libertad Avanza. Esas mismas fuentes adelantaron este mi\u00e9rcoles varias certezas: Milei jurar\u00e1 al mediod\u00eda del domingo ante la Asamblea Legislativa reunida en el Congreso, recibir\u00e1 en ese mismo recinto los atributos y no pronunciar\u00e1 discurso ante los legisladores, sino que lo har\u00e1 en las escalinatas del edificio, ante lo que espera sea una \u00abmultitud\u00bb de seguidores.<\/p>\n\n\n\n<p>Este martes, Milei convoc\u00f3 a trav\u00e9s de las redes sociales a la ciudadan\u00eda a asistir el domingo a las inmediaciones del Congreso nacional y solicit\u00f3 a la gente que lleve una bandera argentina. Respecto de los atributos, la sastrer\u00eda militar tom\u00f3 hace un par de semanas las medidas para la nueva banda presidencial y en la ma\u00f1ana de este mi\u00e9rcoles el orfebre Juan Carlos Pallarols entreg\u00f3 el bast\u00f3n de mando a la oficina de ceremonial de la Casa de Gobierno.<\/p>\n\n\n\n<p>\u00abCada presidente recibe tres o cuatro bastones, lo que pasa es que el periodismo siempre se olvida\u00bb, respondi\u00f3 en la ma\u00f1ana de este mi\u00e9rcoles Pallarols al ser consultado por los cronistas acreditados sobre la posibilidad de que Milei use uno dise\u00f1ado por otro artesano. El discurso que Milei dir\u00e1 ante los ciudadanos reunidos en la Plaza del Congreso est\u00e1 por estas horas \u00abbajo 7 llaves\u00bb y son muy pocos los que conocen el contenido y cu\u00e1l ser\u00e1 el tono elegido por el presidente electo.<\/p>\n\n\n\n<p>Otra novedad es que se pretende acotar la transmisi\u00f3n televisiva en \u00abcadena\u00bb, limit\u00e1ndola a la jura y al discurso, mientras que el resto de la jornada ser\u00e1 emitida por la TV P\u00fablica para que \u00abla repitan quienes deseen\u00bb. Terminado el cap\u00edtulo del Congreso, Milei se trasladar\u00e1 a la Casa de Gobierno en un auto descapotable a lo largo de la avenida de Mayo y recuperar\u00e1 una tradici\u00f3n que no se repite desde la asunci\u00f3n de Fernando de la R\u00faa.<\/p>\n\n\n\n<p>El \u00abCadillac de Per\u00f3n\u00bb -que se asocia err\u00f3neamente a Eva Per\u00f3n por la pel\u00edcula de Juan Carlos Desanzo- se encuentra en exhibici\u00f3n en el Museo del Bicentenario pero no est\u00e1 operativo y por esa raz\u00f3n Milei no lo utilizar\u00e1, tal como se especul\u00f3 en los \u00faltimos d\u00edas, y viajar\u00e1 en un Valiant 3 gris. As\u00ed conseguir\u00e1 la misma postal que Ra\u00fal Alfons\u00edn, Carlos Menem y De la R\u00faa, viajando a contramano por la avenida de Mayo recibiendo el apoyo de sus seguidores.<\/p>\n\n\n\n<p>El l\u00edder libertario \u00abquiere caminar\u00bb en alg\u00fan tramo pero, por ahora, se impone el criterio de la Casa Militar y de los expertos en seguridad que desalientan esa posibilidad. Milei llegar\u00eda entonces a la Casa Rosada, lugar en el que realizar\u00eda \u00abun gesto, un peque\u00f1o acto formal\u00bb del que a\u00fan no se conocen detalles y luego recibir\u00e1 el saludo de los mandatarios, representantes extranjeros e invitados especiales. Hasta el momento est\u00e1n confirmadas las presencias del Rey de Espa\u00f1a, Felipe VI; y de los presidentes de Chile, Paraguay, Uruguay, Ecuador y Hungr\u00eda. Tambi\u00e9n est\u00e1 confirmado que asistir\u00e1n -en car\u00e1cter de invitados- el exmandatario brasile\u00f1o Jair Bolsonaro -con una importante comitiva- y el l\u00edder del partido espa\u00f1ol VOX, Santiago Abascal.<\/p>\n\n\n\n<p>No asistir\u00e1 el presidente brasile\u00f1o Luis In\u00e1cio Lula da Silva, ni el exjefe de la Casa Blanca, Donald Trump, mientras que se espera la confirmaci\u00f3n del mandatario salvadore\u00f1o Nayib Bukele. No asistir\u00e1 el presidente brasile\u00f1o Lula da Silva, ni el exjefe de la Casa Blanca, Donald Trump, mientras que se espera la confirmaci\u00f3n del mandatario salvadore\u00f1o Nayib Bukele<\/p>\n\n\n\n<p>Tras un cocktail que se realizar\u00e1 en la Casa Rosada, el mandatario se dirigir\u00e1 caminando a la Catedral Metropolitana donde, a las 19, est\u00e1 prevista la realizaci\u00f3n de una \u00abinvocaci\u00f3n religiosa de inicio de la gesti\u00f3n presidencial\u00bb, con la participaci\u00f3n interreligiosa de los representantes de los cultos que se profesan en el pa\u00eds, seg\u00fan informaron a T\u00e9lam fuentes del arzobispado porte\u00f1o.<\/p>\n\n\n\n<p>Luego, el Presidente se dirigir\u00e1 al Teatro Col\u00f3n, lugar en el que se presentar\u00e1 la \u00f3pera Madame Butterfly de Giacomo Puccini. La \u00abgala presidencial\u00bb tiene como antecedentes m\u00e1s cercanos los traspasos presidenciales en 1999 y en 2015. En esa \u00faltima ocasi\u00f3n Mauricio Macri lleg\u00f3 acompa\u00f1ado por su esposa Juliana Awada para presenciar una funci\u00f3n en la que se interpret\u00f3 el Himno Nacional, el preludio al primer acto de la \u00f3pera \u201cParsifal\u201d de Richard Wagner y una parte de \u00abLa danza del trigo\u201d de Alberto Ginastera.<\/p>\n","protected":false},"excerpt":{"rendered":"<p>El presidente electo Javier Milei asumir\u00e1 este domingo con una ceremonia de traspaso de mando y actos protocolares que, en algunos aspectos, se ajustar\u00e1n a las tradiciones, mientras que en otros se observar\u00e1n peculiaridades surgidas de la impronta del futuro mandatario. Desde hace d\u00edas comenzaron a tejerse hip\u00f3tesis sobre c\u00f3mo se desarrollar\u00edan los momentos fundamentales [&hellip;]<\/p>\n","protected":false},"author":2,"featured_media":30666,"comment_status":"open","ping_status":"open","sticky":false,"template":"","format":"standard","meta":{"footnotes":""},"categories":[39],"tags":[],"class_list":["post-30665","post","type-post","status-publish","format-standard","has-post-thumbnail","hentry","category-nacionales"],"yoast_head":"<!-- This site is optimized with the Yoast SEO plugin v27.4 - https:\/\/yoast.com\/product\/yoast-seo-wordpress\/ -->\n<title>Javier Milei tendr\u00e1 una asunci\u00f3n con particularidades, pero tambi\u00e9n con antiguas tradiciones | CVI NOTICIAS<\/title>\n<meta name=\"robots\" content=\"index, follow, max-snippet:-1, max-image-preview:large, max-video-preview:-1\" \/>\n<link rel=\"canonical\" href=\"https:\/\/cvinoticias.com\/v3\/javier-milei-tendra-una-asuncion-con-particularidades-pero-tambien-con-antiguas-tradiciones\/\" \/>\n<meta property=\"og:locale\" content=\"es_ES\" \/>\n<meta property=\"og:type\" content=\"article\" \/>\n<meta property=\"og:title\" content=\"Javier Milei tendr\u00e1 una asunci\u00f3n con particularidades, pero tambi\u00e9n con antiguas tradiciones | CVI NOTICIAS\" \/>\n<meta property=\"og:description\" content=\"El presidente electo Javier Milei asumir\u00e1 este domingo con una ceremonia de traspaso de mando y actos protocolares que, en algunos aspectos, se ajustar\u00e1n a las tradiciones, mientras que en otros se observar\u00e1n peculiaridades surgidas de la impronta del futuro mandatario. Desde hace d\u00edas comenzaron a tejerse hip\u00f3tesis sobre c\u00f3mo se desarrollar\u00edan los momentos fundamentales [&hellip;]\" \/>\n<meta property=\"og:url\" content=\"https:\/\/cvinoticias.com\/v3\/javier-milei-tendra-una-asuncion-con-particularidades-pero-tambien-con-antiguas-tradiciones\/\" \/>\n<meta property=\"og:site_name\" content=\"CVI NOTICIAS\" \/>\n<meta property=\"article:publisher\" content=\"https:\/\/www.facebook.com\/cvinoticias\" \/>\n<meta property=\"article:published_time\" content=\"2023-12-07T12:06:56+00:00\" \/>\n<meta property=\"og:image\" content=\"https:\/\/cvinoticias.com\/wp-content\/uploads\/2023\/12\/6570d56b34622058906506.png\" \/>\n\t<meta property=\"og:image:width\" content=\"888\" \/>\n\t<meta property=\"og:image:height\" content=\"498\" \/>\n\t<meta property=\"og:image:type\" content=\"image\/png\" \/>\n<meta name=\"author\" content=\"f1000024\" \/>\n<meta name=\"twitter:card\" content=\"summary_large_image\" \/>\n<meta name=\"twitter:label1\" content=\"Escrito por\" \/>\n\t<meta name=\"twitter:data1\" content=\"f1000024\" \/>\n\t<meta name=\"twitter:label2\" content=\"Tiempo de lectura\" \/>\n\t<meta name=\"twitter:data2\" content=\"5 minutos\" \/>\n<script type=\"application\/ld+json\" class=\"yoast-schema-graph\">{\"@context\":\"https:\\\/\\\/schema.org\",\"@graph\":[{\"@type\":\"Article\",\"@id\":\"https:\\\/\\\/cvinoticias.com\\\/v3\\\/javier-milei-tendra-una-asuncion-con-particularidades-pero-tambien-con-antiguas-tradiciones\\\/#article\",\"isPartOf\":{\"@id\":\"https:\\\/\\\/cvinoticias.com\\\/v3\\\/javier-milei-tendra-una-asuncion-con-particularidades-pero-tambien-con-antiguas-tradiciones\\\/\"},\"author\":{\"name\":\"f1000024\",\"@id\":\"https:\\\/\\\/cvinoticias.com\\\/v3\\\/#\\\/schema\\\/person\\\/2db77e3c6bc03c538495d7b2b8be9b66\"},\"headline\":\"Javier Milei tendr\u00e1 una asunci\u00f3n con particularidades, pero tambi\u00e9n con antiguas tradiciones\",\"datePublished\":\"2023-12-07T12:06:56+00:00\",\"mainEntityOfPage\":{\"@id\":\"https:\\\/\\\/cvinoticias.com\\\/v3\\\/javier-milei-tendra-una-asuncion-con-particularidades-pero-tambien-con-antiguas-tradiciones\\\/\"},\"wordCount\":1010,\"commentCount\":0,\"publisher\":{\"@id\":\"https:\\\/\\\/cvinoticias.com\\\/v3\\\/#organization\"},\"image\":{\"@id\":\"https:\\\/\\\/cvinoticias.com\\\/v3\\\/javier-milei-tendra-una-asuncion-con-particularidades-pero-tambien-con-antiguas-tradiciones\\\/#primaryimage\"},\"thumbnailUrl\":\"https:\\\/\\\/cvinoticias.com\\\/wp-content\\\/uploads\\\/2023\\\/12\\\/6570d56b34622058906506.png\",\"articleSection\":[\"Nacionales\"],\"inLanguage\":\"es\",\"potentialAction\":[{\"@type\":\"CommentAction\",\"name\":\"Comment\",\"target\":[\"https:\\\/\\\/cvinoticias.com\\\/v3\\\/javier-milei-tendra-una-asuncion-con-particularidades-pero-tambien-con-antiguas-tradiciones\\\/#respond\"]}]},{\"@type\":\"WebPage\",\"@id\":\"https:\\\/\\\/cvinoticias.com\\\/v3\\\/javier-milei-tendra-una-asuncion-con-particularidades-pero-tambien-con-antiguas-tradiciones\\\/\",\"url\":\"https:\\\/\\\/cvinoticias.com\\\/v3\\\/javier-milei-tendra-una-asuncion-con-particularidades-pero-tambien-con-antiguas-tradiciones\\\/\",\"name\":\"Javier Milei tendr\u00e1 una asunci\u00f3n con particularidades, pero tambi\u00e9n con antiguas tradiciones | CVI NOTICIAS\",\"isPartOf\":{\"@id\":\"https:\\\/\\\/cvinoticias.com\\\/v3\\\/#website\"},\"primaryImageOfPage\":{\"@id\":\"https:\\\/\\\/cvinoticias.com\\\/v3\\\/javier-milei-tendra-una-asuncion-con-particularidades-pero-tambien-con-antiguas-tradiciones\\\/#primaryimage\"},\"image\":{\"@id\":\"https:\\\/\\\/cvinoticias.com\\\/v3\\\/javier-milei-tendra-una-asuncion-con-particularidades-pero-tambien-con-antiguas-tradiciones\\\/#primaryimage\"},\"thumbnailUrl\":\"https:\\\/\\\/cvinoticias.com\\\/wp-content\\\/uploads\\\/2023\\\/12\\\/6570d56b34622058906506.png\",\"datePublished\":\"2023-12-07T12:06:56+00:00\",\"breadcrumb\":{\"@id\":\"https:\\\/\\\/cvinoticias.com\\\/v3\\\/javier-milei-tendra-una-asuncion-con-particularidades-pero-tambien-con-antiguas-tradiciones\\\/#breadcrumb\"},\"inLanguage\":\"es\",\"potentialAction\":[{\"@type\":\"ReadAction\",\"target\":[\"https:\\\/\\\/cvinoticias.com\\\/v3\\\/javier-milei-tendra-una-asuncion-con-particularidades-pero-tambien-con-antiguas-tradiciones\\\/\"]}]},{\"@type\":\"ImageObject\",\"inLanguage\":\"es\",\"@id\":\"https:\\\/\\\/cvinoticias.com\\\/v3\\\/javier-milei-tendra-una-asuncion-con-particularidades-pero-tambien-con-antiguas-tradiciones\\\/#primaryimage\",\"url\":\"https:\\\/\\\/cvinoticias.com\\\/wp-content\\\/uploads\\\/2023\\\/12\\\/6570d56b34622058906506.png\",\"contentUrl\":\"https:\\\/\\\/cvinoticias.com\\\/wp-content\\\/uploads\\\/2023\\\/12\\\/6570d56b34622058906506.png\",\"width\":888,\"height\":498},{\"@type\":\"BreadcrumbList\",\"@id\":\"https:\\\/\\\/cvinoticias.com\\\/v3\\\/javier-milei-tendra-una-asuncion-con-particularidades-pero-tambien-con-antiguas-tradiciones\\\/#breadcrumb\",\"itemListElement\":[{\"@type\":\"ListItem\",\"position\":1,\"name\":\"Portada\",\"item\":\"https:\\\/\\\/cvinoticias.com\\\/v3\\\/\"},{\"@type\":\"ListItem\",\"position\":2,\"name\":\"Javier Milei tendr\u00e1 una asunci\u00f3n con particularidades, pero tambi\u00e9n con antiguas tradiciones\"}]},{\"@type\":\"WebSite\",\"@id\":\"https:\\\/\\\/cvinoticias.com\\\/v3\\\/#website\",\"url\":\"https:\\\/\\\/cvinoticias.com\\\/v3\\\/\",\"name\":\"CVI NOTICIAS\",\"description\":\"\",\"publisher\":{\"@id\":\"https:\\\/\\\/cvinoticias.com\\\/v3\\\/#organization\"},\"alternateName\":\"CVI\",\"potentialAction\":[{\"@type\":\"SearchAction\",\"target\":{\"@type\":\"EntryPoint\",\"urlTemplate\":\"https:\\\/\\\/cvinoticias.com\\\/v3\\\/?s={search_term_string}\"},\"query-input\":{\"@type\":\"PropertyValueSpecification\",\"valueRequired\":true,\"valueName\":\"search_term_string\"}}],\"inLanguage\":\"es\"},{\"@type\":\"Organization\",\"@id\":\"https:\\\/\\\/cvinoticias.com\\\/v3\\\/#organization\",\"name\":\"CVI NOTICIAS\",\"url\":\"https:\\\/\\\/cvinoticias.com\\\/v3\\\/\",\"logo\":{\"@type\":\"ImageObject\",\"inLanguage\":\"es\",\"@id\":\"https:\\\/\\\/cvinoticias.com\\\/v3\\\/#\\\/schema\\\/logo\\\/image\\\/\",\"url\":\"https:\\\/\\\/cvinoticias.com\\\/wp-content\\\/uploads\\\/2023\\\/04\\\/cropped-cropped-cropped-cropped-cropped-3-1.png\",\"contentUrl\":\"https:\\\/\\\/cvinoticias.com\\\/wp-content\\\/uploads\\\/2023\\\/04\\\/cropped-cropped-cropped-cropped-cropped-3-1.png\",\"width\":95,\"height\":122,\"caption\":\"CVI NOTICIAS\"},\"image\":{\"@id\":\"https:\\\/\\\/cvinoticias.com\\\/v3\\\/#\\\/schema\\\/logo\\\/image\\\/\"},\"sameAs\":[\"https:\\\/\\\/www.facebook.com\\\/cvinoticias\",\"https:\\\/\\\/www.instagram.com\\\/cvinoticias\\\/\",\"https:\\\/\\\/www.youtube.com\\\/@CVINOTICIAS\"]},{\"@type\":\"Person\",\"@id\":\"https:\\\/\\\/cvinoticias.com\\\/v3\\\/#\\\/schema\\\/person\\\/2db77e3c6bc03c538495d7b2b8be9b66\",\"name\":\"f1000024\",\"image\":{\"@type\":\"ImageObject\",\"inLanguage\":\"es\",\"@id\":\"https:\\\/\\\/secure.gravatar.com\\\/avatar\\\/d4fe7459cfc51ff5129ce1a732bbef5928568b8092d412ef95611616376bbeed?s=96&d=mm&r=g\",\"url\":\"https:\\\/\\\/secure.gravatar.com\\\/avatar\\\/d4fe7459cfc51ff5129ce1a732bbef5928568b8092d412ef95611616376bbeed?s=96&d=mm&r=g\",\"contentUrl\":\"https:\\\/\\\/secure.gravatar.com\\\/avatar\\\/d4fe7459cfc51ff5129ce1a732bbef5928568b8092d412ef95611616376bbeed?s=96&d=mm&r=g\",\"caption\":\"f1000024\"},\"url\":\"https:\\\/\\\/cvinoticias.com\\\/v3\\\/author\\\/f1000024\\\/\"}]}<\/script>\n<!-- \/ Yoast SEO plugin. -->","yoast_head_json":{"title":"Javier Milei tendr\u00e1 una asunci\u00f3n con particularidades, pero tambi\u00e9n con antiguas tradiciones | CVI NOTICIAS","robots":{"index":"index","follow":"follow","max-snippet":"max-snippet:-1","max-image-preview":"max-image-preview:large","max-video-preview":"max-video-preview:-1"},"canonical":"https:\/\/cvinoticias.com\/v3\/javier-milei-tendra-una-asuncion-con-particularidades-pero-tambien-con-antiguas-tradiciones\/","og_locale":"es_ES","og_type":"article","og_title":"Javier Milei tendr\u00e1 una asunci\u00f3n con particularidades, pero tambi\u00e9n con antiguas tradiciones | CVI NOTICIAS","og_description":"El presidente electo Javier Milei asumir\u00e1 este domingo con una ceremonia de traspaso de mando y actos protocolares que, en algunos aspectos, se ajustar\u00e1n a las tradiciones, mientras que en otros se observar\u00e1n peculiaridades surgidas de la impronta del futuro mandatario. Desde hace d\u00edas comenzaron a tejerse hip\u00f3tesis sobre c\u00f3mo se desarrollar\u00edan los momentos fundamentales [&hellip;]","og_url":"https:\/\/cvinoticias.com\/v3\/javier-milei-tendra-una-asuncion-con-particularidades-pero-tambien-con-antiguas-tradiciones\/","og_site_name":"CVI NOTICIAS","article_publisher":"https:\/\/www.facebook.com\/cvinoticias","article_published_time":"2023-12-07T12:06:56+00:00","og_image":[{"width":888,"height":498,"url":"https:\/\/cvinoticias.com\/wp-content\/uploads\/2023\/12\/6570d56b34622058906506.png","type":"image\/png"}],"author":"f1000024","twitter_card":"summary_large_image","twitter_misc":{"Escrito por":"f1000024","Tiempo de lectura":"5 minutos"},"schema":{"@context":"https:\/\/schema.org","@graph":[{"@type":"Article","@id":"https:\/\/cvinoticias.com\/v3\/javier-milei-tendra-una-asuncion-con-particularidades-pero-tambien-con-antiguas-tradiciones\/#article","isPartOf":{"@id":"https:\/\/cvinoticias.com\/v3\/javier-milei-tendra-una-asuncion-con-particularidades-pero-tambien-con-antiguas-tradiciones\/"},"author":{"name":"f1000024","@id":"https:\/\/cvinoticias.com\/v3\/#\/schema\/person\/2db77e3c6bc03c538495d7b2b8be9b66"},"headline":"Javier Milei tendr\u00e1 una asunci\u00f3n con particularidades, pero tambi\u00e9n con antiguas tradiciones","datePublished":"2023-12-07T12:06:56+00:00","mainEntityOfPage":{"@id":"https:\/\/cvinoticias.com\/v3\/javier-milei-tendra-una-asuncion-con-particularidades-pero-tambien-con-antiguas-tradiciones\/"},"wordCount":1010,"commentCount":0,"publisher":{"@id":"https:\/\/cvinoticias.com\/v3\/#organization"},"image":{"@id":"https:\/\/cvinoticias.com\/v3\/javier-milei-tendra-una-asuncion-con-particularidades-pero-tambien-con-antiguas-tradiciones\/#primaryimage"},"thumbnailUrl":"https:\/\/cvinoticias.com\/wp-content\/uploads\/2023\/12\/6570d56b34622058906506.png","articleSection":["Nacionales"],"inLanguage":"es","potentialAction":[{"@type":"CommentAction","name":"Comment","target":["https:\/\/cvinoticias.com\/v3\/javier-milei-tendra-una-asuncion-con-particularidades-pero-tambien-con-antiguas-tradiciones\/#respond"]}]},{"@type":"WebPage","@id":"https:\/\/cvinoticias.com\/v3\/javier-milei-tendra-una-asuncion-con-particularidades-pero-tambien-con-antiguas-tradiciones\/","url":"https:\/\/cvinoticias.com\/v3\/javier-milei-tendra-una-asuncion-con-particularidades-pero-tambien-con-antiguas-tradiciones\/","name":"Javier Milei tendr\u00e1 una asunci\u00f3n con particularidades, pero tambi\u00e9n con antiguas tradiciones | CVI NOTICIAS","isPartOf":{"@id":"https:\/\/cvinoticias.com\/v3\/#website"},"primaryImageOfPage":{"@id":"https:\/\/cvinoticias.com\/v3\/javier-milei-tendra-una-asuncion-con-particularidades-pero-tambien-con-antiguas-tradiciones\/#primaryimage"},"image":{"@id":"https:\/\/cvinoticias.com\/v3\/javier-milei-tendra-una-asuncion-con-particularidades-pero-tambien-con-antiguas-tradiciones\/#primaryimage"},"thumbnailUrl":"https:\/\/cvinoticias.com\/wp-content\/uploads\/2023\/12\/6570d56b34622058906506.png","datePublished":"2023-12-07T12:06:56+00:00","breadcrumb":{"@id":"https:\/\/cvinoticias.com\/v3\/javier-milei-tendra-una-asuncion-con-particularidades-pero-tambien-con-antiguas-tradiciones\/#breadcrumb"},"inLanguage":"es","potentialAction":[{"@type":"ReadAction","target":["https:\/\/cvinoticias.com\/v3\/javier-milei-tendra-una-asuncion-con-particularidades-pero-tambien-con-antiguas-tradiciones\/"]}]},{"@type":"ImageObject","inLanguage":"es","@id":"https:\/\/cvinoticias.com\/v3\/javier-milei-tendra-una-asuncion-con-particularidades-pero-tambien-con-antiguas-tradiciones\/#primaryimage","url":"https:\/\/cvinoticias.com\/wp-content\/uploads\/2023\/12\/6570d56b34622058906506.png","contentUrl":"https:\/\/cvinoticias.com\/wp-content\/uploads\/2023\/12\/6570d56b34622058906506.png","width":888,"height":498},{"@type":"BreadcrumbList","@id":"https:\/\/cvinoticias.com\/v3\/javier-milei-tendra-una-asuncion-con-particularidades-pero-tambien-con-antiguas-tradiciones\/#breadcrumb","itemListElement":[{"@type":"ListItem","position":1,"name":"Portada","item":"https:\/\/cvinoticias.com\/v3\/"},{"@type":"ListItem","position":2,"name":"Javier Milei tendr\u00e1 una asunci\u00f3n con particularidades, pero tambi\u00e9n con antiguas tradiciones"}]},{"@type":"WebSite","@id":"https:\/\/cvinoticias.com\/v3\/#website","url":"https:\/\/cvinoticias.com\/v3\/","name":"CVI NOTICIAS","description":"","publisher":{"@id":"https:\/\/cvinoticias.com\/v3\/#organization"},"alternateName":"CVI","potentialAction":[{"@type":"SearchAction","target":{"@type":"EntryPoint","urlTemplate":"https:\/\/cvinoticias.com\/v3\/?s={search_term_string}"},"query-input":{"@type":"PropertyValueSpecification","valueRequired":true,"valueName":"search_term_string"}}],"inLanguage":"es"},{"@type":"Organization","@id":"https:\/\/cvinoticias.com\/v3\/#organization","name":"CVI NOTICIAS","url":"https:\/\/cvinoticias.com\/v3\/","logo":{"@type":"ImageObject","inLanguage":"es","@id":"https:\/\/cvinoticias.com\/v3\/#\/schema\/logo\/image\/","url":"https:\/\/cvinoticias.com\/wp-content\/uploads\/2023\/04\/cropped-cropped-cropped-cropped-cropped-3-1.png","contentUrl":"https:\/\/cvinoticias.com\/wp-content\/uploads\/2023\/04\/cropped-cropped-cropped-cropped-cropped-3-1.png","width":95,"height":122,"caption":"CVI NOTICIAS"},"image":{"@id":"https:\/\/cvinoticias.com\/v3\/#\/schema\/logo\/image\/"},"sameAs":["https:\/\/www.facebook.com\/cvinoticias","https:\/\/www.instagram.com\/cvinoticias\/","https:\/\/www.youtube.com\/@CVINOTICIAS"]},{"@type":"Person","@id":"https:\/\/cvinoticias.com\/v3\/#\/schema\/person\/2db77e3c6bc03c538495d7b2b8be9b66","name":"f1000024","image":{"@type":"ImageObject","inLanguage":"es","@id":"https:\/\/secure.gravatar.com\/avatar\/d4fe7459cfc51ff5129ce1a732bbef5928568b8092d412ef95611616376bbeed?s=96&d=mm&r=g","url":"https:\/\/secure.gravatar.com\/avatar\/d4fe7459cfc51ff5129ce1a732bbef5928568b8092d412ef95611616376bbeed?s=96&d=mm&r=g","contentUrl":"https:\/\/secure.gravatar.com\/avatar\/d4fe7459cfc51ff5129ce1a732bbef5928568b8092d412ef95611616376bbeed?s=96&d=mm&r=g","caption":"f1000024"},"url":"https:\/\/cvinoticias.com\/v3\/author\/f1000024\/"}]}},"_links":{"self":[{"href":"https:\/\/cvinoticias.com\/v3\/wp-json\/wp\/v2\/posts\/30665","targetHints":{"allow":["GET"]}}],"collection":[{"href":"https:\/\/cvinoticias.com\/v3\/wp-json\/wp\/v2\/posts"}],"about":[{"href":"https:\/\/cvinoticias.com\/v3\/wp-json\/wp\/v2\/types\/post"}],"author":[{"embeddable":true,"href":"https:\/\/cvinoticias.com\/v3\/wp-json\/wp\/v2\/users\/2"}],"replies":[{"embeddable":true,"href":"https:\/\/cvinoticias.com\/v3\/wp-json\/wp\/v2\/comments?post=30665"}],"version-history":[{"count":1,"href":"https:\/\/cvinoticias.com\/v3\/wp-json\/wp\/v2\/posts\/30665\/revisions"}],"predecessor-version":[{"id":30667,"href":"https:\/\/cvinoticias.com\/v3\/wp-json\/wp\/v2\/posts\/30665\/revisions\/30667"}],"wp:featuredmedia":[{"embeddable":true,"href":"https:\/\/cvinoticias.com\/v3\/wp-json\/wp\/v2\/media\/30666"}],"wp:attachment":[{"href":"https:\/\/cvinoticias.com\/v3\/wp-json\/wp\/v2\/media?parent=30665"}],"wp:term":[{"taxonomy":"category","embeddable":true,"href":"https:\/\/cvinoticias.com\/v3\/wp-json\/wp\/v2\/categories?post=30665"},{"taxonomy":"post_tag","embeddable":true,"href":"https:\/\/cvinoticias.com\/v3\/wp-json\/wp\/v2\/tags?post=30665"}],"curies":[{"name":"wp","href":"https:\/\/api.w.org\/{rel}","templated":true}]}}